{"id":28337,"date":"2017-04-20T16:05:18","date_gmt":"2017-04-20T19:05:18","guid":{"rendered":"http:\/\/cooltivarte.com\/portal\/?p=28337"},"modified":"2017-05-27T16:00:02","modified_gmt":"2017-05-27T19:00:02","slug":"entrevista-a-diego-astrada-voz-y-guitarra-en-oneill","status":"publish","type":"post","link":"https:\/\/cooltivarte.com\/portal\/entrevista-a-diego-astrada-voz-y-guitarra-en-oneill\/","title":{"rendered":"Entrevista a  Diego Astrada. Voz y Guitarra en O&#8217;Neill"},"content":{"rendered":"<p><span style=\"color: #333333;\"><span style=\"font-family: Georgia, serif;\"><span style=\"font-size: large;\">No hace m\u00e1s de un mes que conozco a <strong>Diego Astrada<\/strong>, lo conozco por esas &#8220;vueltas raras de la vida&#8221;. Un d\u00eda hablando de metal y\u00a0<\/span><\/span><\/span><span style=\"color: #333333;\"><span style=\"font-family: Georgia, serif;\"><span style=\"font-size: large;\">sonidos extremos me entero que tiene 2 bandas y el se entera que escribo en una revista donde &#8220;ohhhh&#8221; su \u00faltimo trabajo &#8220;<strong><span style=\"color: #333333;\"><span style=\"font-family: Georgia, serif;\"><span style=\"font-size: large;\"><b><a href=\"https:\/\/oneilluruguay.bandcamp.com\/\" target=\"_blank\" rel=\"noopener noreferrer\">Baja Fidelidad a Todo<\/a><\/b><\/span><\/span><\/span><\/strong><\/span><\/span><\/span><strong><span style=\"color: #333333;\"><span style=\"font-family: Georgia, serif;\"><span style=\"font-size: large;\"><b>\u00a0&#8221;\u00a0<\/b><\/span><\/span><\/span><\/strong><span style=\"color: #333333;\"><span style=\"font-family: Georgia, serif;\"><span style=\"font-size: large;\">fue nombrado unos de los\u00a0\u00a0discos del a\u00f1o, no solo en\u00a0<\/span><\/span><\/span><strong><span style=\"color: #333333;\"><span style=\"font-family: Georgia, serif;\"><span style=\"font-size: large;\"><b>Cooltivarte<\/b><\/span><\/span><\/span><\/strong><span style=\"color: #333333;\"><span style=\"font-family: Georgia, serif;\"><span style=\"font-size: large;\">\u00a0sino en varios medios. <\/span><\/span><\/span><\/p>\n<p><span style=\"color: #333333;\"><span style=\"font-family: Georgia, serif;\"><span style=\"font-size: large;\">Aprovechando esos momentos de ocio naci\u00f3 esta entrevista:<\/span><\/span><\/span><\/p>\n<p>&nbsp;<\/p>\n<p><strong><span style=\"color: #333333;\"><span style=\"font-family: Georgia, serif;\"><span style=\"font-size: large;\"><b>Hola Diego, gracias por tu tiempo para Cooltivarte, como lleva lo que paso del a\u00f1o la banda?\u00a0<\/b><\/span><\/span><\/span><\/strong><\/p>\n<p><span style=\"color: #333333;\"><span style=\"font-family: Georgia, serif;\"><span style=\"font-size: large;\">Gracias Jos\u00e9 por colgarte. Nos lleva ensayando y esas manos. Lo que una banda hace digamos, o deber\u00eda.<\/span><\/span><\/span><\/p>\n<p><strong><span style=\"color: #333333;\"><span style=\"font-family: Georgia, serif;\"><span style=\"font-size: large;\"><b>Contanos como empieza la historia de\u00a0O&#8217;Neill\u00a0y quienes son los integrantes de la banda<\/b><\/span><\/span><\/span><\/strong><\/p>\n<p><span style=\"color: #333333;\"><span style=\"font-family: Georgia, serif;\"><span style=\"font-size: large;\">La formaci\u00f3n\u00a0vario mucho con el tiempo, empec\u00e9\u00a0digamos yo solo grabando un disco en mi cuarto. Despu\u00e9s\u00a0se sum\u00f3 el Toro y ah\u00ed\u00a0fuimos bata, viola y voz. Salimos a tocar en vivo. Con el tiempo invitamos a Dar\u00edo, el actual bajista a integrarse, fuimos un tri\u00f3 por un buen rato. El a\u00f1o pasado entraron Mena y Pipo (viola y voz) a la banda, y llegamos a ser cinco. Se fueron Pipo y el batero de anta\u00f1o, y ahora somos cuatro con la entrada de Pablito que se encarga de las bater\u00edas. Osea que la historia empez\u00f3\u00a0en la soledad de un cuarto y termin\u00f3 con cuatro personas en una sala actualmente. Muto abundante digamos.\u00a0<\/span><\/span><\/span><\/p>\n<p><strong><span style=\"color: #333333;\"><span style=\"font-family: Georgia, serif;\"><span style=\"font-size: large;\"><b>\u00bfQue diferencias a grandes rasgos hay entre aquel Ep &#8220;Momento Fracaso&#8221; al disco (<a href=\"https:\/\/cooltivarte.com\/portal\/los-discos-uruguayos-del-2016\/\">disco del a\u00f1o<\/a>\u00a0para varios medios\u00a0incluidos\u00a0Cooltivarte) &#8221;\u00a0<a href=\"https:\/\/oneilluruguay.bandcamp.com\/\" target=\"_blank\" rel=\"noopener noreferrer\">Baja Fidelidad a Todo<\/a>&#8220;?.<\/b><\/span><\/span><\/span><\/strong><\/p>\n<p><span style=\"color: #333333;\"><span style=\"font-family: Georgia, serif;\"><span style=\"font-size: large;\">La diferencia es inmensa. Ese ep lo hice de nuevo yo solo con equipos ultra precarios, y en una noche. Casero. El baja, se grab\u00f3 en un estudio (Yacar\u00e9), con un productor, con una banda, durante m\u00e1s o menos un a\u00f1o. Llevo todo un laburo con <strong><a href=\"https:\/\/cooltivarte.com\/portal\/?s=Fabrizio+Rossi\">Fabrizio Rossi<\/a><\/strong>, que fue el que lo laburo, de dialogar y entender para donde quer\u00edamos\u00a0que sonara, mates, cogollos y otras cosas. El siempre dijo y dice que quer\u00eda &#8220;dejarnos chetos&#8221;, y as\u00ed\u00a0medio que fue en cuanto sonido. Igual medio que hay cosas que le fue imposible chetear.<\/span><\/span><\/span><\/p>\n<p><strong><b><span style=\"font-family: Georgia, serif; font-size: large;\">Ser disco del a\u00f1o para varios medios, que les aport\u00f3? En otro medio sin duda ser disco del a\u00f1o trae de la mano al menos m\u00e1s\u00a0ventas y m\u00e1s\u00a0inter\u00e9s por promotores de mover a la banda, algo me dice que ac\u00e1\u00a0como mucho un pedazo m\u00e1s\u00a0grande en el estofado de los domingos por parte de tu madre o tu abuela.<\/span><\/b><\/strong><\/p>\n<p><span style=\"color: #333333;\"><span style=\"font-family: Georgia, serif;\"><span style=\"font-size: large;\">No tengo ni idea. No se muy bien qu\u00e9 significan esas cosas o producen f\u00e1cticamente, salvo que a alguien se le ocurri\u00f3\u00a0meternos en una lista ranking porque le gusto yo que s\u00e9, lo que escucho ah\u00ed. Lo que m\u00e1s me cuelga es leer como describen a la banda o la m\u00fasica\u00a0que hacemos, digamos, el c\u00f3mo lo baja o le llega al que se tomo el trabajo de hacer la lista. Entiendo que con todo esto de las redes sociales est\u00e9n medio de moda este tipo de selecciones y que a las bandas les brillen los ojitos cuando aparecen en ellas, y la gente le da me gusta y giladas. Es le\u00f1a para la fogata egoc\u00e9ntrica del artista digamos. Promotores, vender y dem\u00e1s\u00a0cosas que parecer\u00edan ser inherentes a esto, est\u00e1n\u00a0elevad\u00edsimos de nuestro universo autista musical. Mi vieja en su vida hizo un estofado creo.\u00a0<\/span><\/span><\/span><\/p>\n<p><strong><b><span style=\"font-family: Georgia, serif; font-size: large;\">\u00bfHay un establishment identificado en la\u00a0<\/span><span style=\"line-height: 27px;\">m\u00fasica<\/span><span style=\"font-family: Georgia, serif; font-size: large;\">\u00a0uruguaya?. M\u00e1s\u00a0all\u00e1\u00a0que hay una leve niebla, \u00bfustedes como m\u00fasicos\u00a0lo\u00a0tienen identificado?<\/span><\/b><\/strong><\/p>\n<p><span style=\"color: #333333;\"><span style=\"font-family: Georgia, serif;\"><span style=\"font-size: large;\">Cuando era m\u00e1s pendejo quiz\u00e1s si, me hac\u00eda una divisi\u00f3n en la cabeza de lo &#8220;mainstream&#8221; y lo &#8220;under&#8221;. Con el tiempo de tocar y como esto es muy chico, entiendo que no todo es blanco y negro, y hay fen\u00f3menos como las bandas que entienden que el &#8220;under&#8221; es una plataforma trampol\u00edn hacia una panacea mainstream, y transcurren miserablemente, o personas que se sienten semidioses porque tocan en el teatro de verano y despu\u00e9s \u00a0bajan a la rambla a tomar mate como un simple mortal. La verdad me chupa todo un huevo eso a esta altura. Me concentro en meter una nota al lado de la otra o en enchufar los pedales bien entre ellos. Los pibes no se que opinan sobre todo esto del mainstream, establishment o como se le diga, porque tampoco debatimos sobre esas cosas.<\/span><\/span><\/span><\/p>\n<p><strong><b><span style=\"font-family: Georgia, serif; font-size: large;\">En tu caso tenes otro proyecto, un grupo m\u00e1s que proyecto totalmente punk que se llama &#8221; Jes\u00fas\u00a0Negro y los Putos&#8221;, los otros integrantes de O&#8217;neill tiene proyectos paralelos y c\u00f3mo\u00a0los van compaginando?<\/span><\/b><\/strong><\/p>\n<p><span style=\"color: #333333;\"><span style=\"font-family: Georgia, serif;\"><span style=\"font-size: large;\">Lo m\u00e1s dif\u00edcil es encontrar tiempos para ensayar, porque todos tenemos m\u00e1s de un proyecto banda coso. laburo, etc\u00e9teras. Pero a su vez compartimos entre nosotros varios, entonces es como que estamos todo el tiempo vi\u00e9ndonos y compartiendo, haciendo amistad. Se nos va la plata en sala, birra y alquiler.<\/span><\/span><\/span><\/p>\n<p><strong><span style=\"color: #333333;\"><span style=\"font-family: Georgia, serif;\"><span style=\"font-size: large;\"><b>&#8220;10 canciones para irse de ac\u00e1&#8221; me parece un disco sublime en todo sentido. \u00bfEn que se basaron para componerlo y como fue el tema de las colaboraciones en el mismo?<\/b><\/span><\/span><\/span><\/strong><\/p>\n<p><span style=\"color: #333333;\"><span style=\"font-family: Georgia, serif;\"><span style=\"font-size: large;\">Me base en que estaba solo y al pedo en mi casa (seguro de paro por un incendio), ten\u00eda una computadora, un micr\u00f3fono\u00a0que compre en tienda inglesa, algunos instrumentos chacales, y un par de canciones medio armadas. Colabor\u00f3 todo el que andaba en la vuelta mutando. Que bueno que te guste el disco.<\/span><\/span><\/span><\/p>\n<p><strong><b><span style=\"font-family: Georgia, serif; font-size: large;\">\u00bfCon qu\u00e9\u00a0bandas se pueden sentir identificados musicalmente dentro y fuera de fronteras?<\/span><\/b><\/strong><\/p>\n<p><span style=\"color: #333333;\"><span style=\"font-family: Georgia, serif;\"><span style=\"font-size: large;\">Con cualquier banda que toque medio desprolijo y con coraz\u00f3n. Hay miles y seguir\u00e1\u00a0habiendo porque sino deber\u00edamos\u00a0desaparecer como especie ya mismo. Quiz\u00e1s\u00a0deber\u00edamos.<\/span><\/span><\/span><\/p>\n<p><strong><b><span style=\"font-family: Georgia, serif; font-size: large;\">Y con qu\u00e9\u00a0bandas te identificas en la actitud de las mismas, te puede gustar por ejemplo c\u00f3mo\u00a0llevan su carrera U2 pero no gustarte nada su m\u00fasica\u00a0( es mi caso)<\/span><\/b><\/strong><\/p>\n<p><span style=\"color: #333333;\"><span style=\"font-family: Georgia, serif;\"><span style=\"font-size: large;\">De chico me escuche todos los discos de U2. Mi preferido es el &#8220;Achtung Baby&#8221;. Me emociona mucho el camino que recorren bandas con las que por suerte compartimos tablas y vida. Son muchas pero voy a nombrar dos, que se llaman &#8220;<strong>Comunismo Internacional<\/strong>&#8221; y &#8220;<a href=\"https:\/\/cooltivarte.com\/portal\/?s=La+Foca\"><strong>La Foca<\/strong><\/a>&#8220;. Casi siempre en mi caso, la actitud y lo que transmiten est\u00e1 ligada a lo que me interesa musicalmente, no se separan. Las bandas que me gustan musicalmente actualmente, el modo en c\u00f3mo se manejan, me parece ideal tambi\u00e9n. O m\u00e1s simple, si un tipo me parece un pancho seguramente haga porquer\u00edas\u00a0con sus acordes. Hay excepciones claro. yo que s\u00e9.<\/span><\/span><\/span><\/p>\n<p><strong><span style=\"color: #333333;\"><span style=\"font-family: Georgia, serif;\"><span style=\"font-size: large;\"><b>\u00bfSienten que las bandas con\u00a0O&#8217;Neill\u00a0\u00a0no tienen la prensa que se merecen? Sin duda son unas de las bandas a tener en cuentas para el futuro inmediato pero no hay un conocimiento a nivel &#8220;popular&#8221; de la banda<\/b><\/span><\/span><\/span><\/strong><\/p>\n<p><span style=\"color: #333333;\"><span style=\"font-family: Georgia, serif;\"><span style=\"font-size: large;\">No es algo que pensemos o cosas\u00a0as\u00ed. El tema de la prensa y esas cosas. De verdad, parece una cosa imposible de concebir, pero es\u00a0cierto. Me quitan el sue\u00f1o otras cosas. No creo que esto de la m\u00fasica\u00a0tenga que ser una movida de merecimientos, premios etc\u00e9teras. No la transcurro de esa manera. Creo que hay una cantidad de medios alternativos y no oficiales, siempre hubo, fanzines, blogs, radios comunitarias, en este momento, que se interesan por bandas independientes y est\u00e1 bien eso. Esta entrevista que nos haces vos, por ejemplo. Tambi\u00e9n\u00a0algunos medios m\u00e1s &#8220;masivos&#8221; incipientemente a nivel local, le hacen una nota o algo a alguna banda que no sea <strong><a href=\"https:\/\/cooltivarte.com\/portal\/?s=NTVG\">NTVG<\/a><\/strong>. Por lo menos con las bandas que compartimos, tocamos no estamos en esa sinton\u00eda\u00a0de la queja, de la falta, del &#8220;hay que pegarla&#8221;. Hacemos esto porque o nos gusta en demas\u00eda, o lo necesitamos para existir. No hay tiempo para lloriquear.<\/span><\/span><\/span><\/p>\n<p><strong><b><span style=\"font-family: Georgia, serif; font-size: large;\">\u00bfEst\u00e1n\u00a0presentando a\u00fan\u00a0el disco &#8220;Baja fidelidad a Todo&#8221;, hay planes de tocar dentro de poco?<\/span><\/b><\/strong><\/p>\n<p><span style=\"color: #333333;\"><span style=\"font-family: Georgia, serif;\"><span style=\"font-size: large;\">Lo vamos a despedir. Seguramente\u00a0con una banda amiga que va a presentar el suyo. Estamos medio podridos de tocar esos temas igual. Ya era. Creo que tenemos una fecha en Julio en <strong>Amarcord<\/strong>.<\/span><\/span><\/span><\/p>\n<p><strong><span style=\"color: #333333;\"><span style=\"font-family: Georgia, serif;\"><span style=\"font-size: large;\"><b>\u00bfPlanes de salir a presentarlo fuera de fronteras?<\/b><\/span><\/span><\/span><\/strong><\/p>\n<p><span style=\"color: #333333;\"><span style=\"font-family: Georgia, serif;\"><span style=\"font-size: large;\">Nones.<\/span><\/span><\/span><\/p>\n<p><strong><b><span style=\"font-family: Georgia, serif; font-size: large;\">\u00bfC\u00f3mo\u00a0le\u00a0explicar\u00edas\u00a0la\u00a0<\/span><a style=\"color: #333333; font-family: Georgia, serif; font-size: large;\" href=\"https:\/\/www.youtube.com\/watch?v=Hx_rLGkGBB4\" target=\"_blank\" rel=\"noopener noreferrer\">m\u00fasica<\/a><span style=\"font-family: Georgia, serif; font-size: large;\">\u00a0de\u00a0O&#8217;Neill\u00a0a alguien que no los conoce?<\/span><\/b><\/strong><\/p>\n<p><span style=\"color: #333333;\"><span style=\"font-family: Georgia, serif;\"><span style=\"font-size: large;\">Es un\u00a0pop desprolijo, medio noisero. Canciones que no llegan a los dos minutos a veces, distorsi\u00f3n, un poco de bardo, es medio eso.<\/span><\/span><\/span><\/p>\n<p><strong><span style=\"color: #333333;\"><span style=\"font-family: Georgia, serif;\"><span style=\"font-size: large;\"><b>Diego mil gracias por tu tiempo y si quieres agregar algo m\u00e1s&#8230;<\/b><\/span><\/span><\/span><\/strong><\/p>\n<p><span style=\"color: #333333;\"><span style=\"font-family: Georgia, serif;\"><span style=\"font-size: large;\">Que te damos las gracias por la nota Jos\u00e9, aguante el metal.<\/span><\/span><\/span><\/p>\n<p><span style=\"font-family: Georgia, serif;\"><span style=\"font-size: large;\"><br \/>\n<\/span><\/span><\/p>\n<div><\/div>\n<div style=\"text-align: center;\"><\/div>\n","protected":false},"excerpt":{"rendered":"<p>No hace m\u00e1s de un mes que conozco a Diego Astrada, lo conozco por esas &#8220;vueltas raras de la vida&#8221;. Un d\u00eda hablando de metal y\u00a0sonidos extremos me entero que tiene 2 bandas y el se entera que escribo en una revista donde &#8220;ohhhh&#8221; su \u00faltimo trabajo &#8220;Baja Fidelidad a Todo\u00a0&#8221;\u00a0fue nombrado unos de los\u00a0\u00a0discos [&hellip;]<\/p>\n","protected":false},"author":77,"featured_media":28358,"comment_status":"closed","ping_status":"closed","sticky":false,"template":"","format":"video","meta":{"om_disable_all_campaigns":false,"ngg_post_thumbnail":0,"jnews-multi-image_gallery":[],"jnews_single_post":[],"jnews_primary_category":[],"jnews_social_meta":[],"jnews_override_counter":[],"footnotes":""},"categories":[59],"tags":[322,71],"class_list":["post-28337","post","type-post","status-publish","format-video","has-post-thumbnail","hentry","category-musicos","tag-musica-uruguaya","tag-rock-uruguayo","post_format-post-format-video"],"yoast_head":"<!-- This site is optimized with the Yoast SEO plugin v27.5 - https:\/\/yoast.com\/product\/yoast-seo-wordpress\/ -->\n<title>Entrevista a Diego Astrada. Voz y Guitarra en O&#039;Neill - Cooltivarte Portal<\/title>\n<meta name=\"description\" content=\"COOLTIVARTE.COM es un portal digital colaborativo de actualizaci\u00f3n permanente dedicado a difundir el acontecer art\u00edstico y cultural, entrevista artistas, gestores y productores de las diferentes disciplinas del arte, y publicando art\u00edculos de reflexi\u00f3n de producci\u00f3n propia sobre los elementos culturales.\" \/>\n<meta name=\"robots\" content=\"index, follow, max-snippet:-1, max-image-preview:large, max-video-preview:-1\" \/>\n<link rel=\"canonical\" href=\"https:\/\/cooltivarte.com\/portal\/entrevista-a-diego-astrada-voz-y-guitarra-en-oneill\/\" \/>\n<meta property=\"og:locale\" content=\"es_ES\" \/>\n<meta property=\"og:type\" content=\"article\" \/>\n<meta property=\"og:title\" content=\"Entrevista a Diego Astrada. Voz y Guitarra en O&#039;Neill - Cooltivarte Portal\" \/>\n<meta property=\"og:description\" content=\"COOLTIVARTE.COM es un portal digital colaborativo de actualizaci\u00f3n permanente dedicado a difundir el acontecer art\u00edstico y cultural, entrevista artistas, gestores y productores de las diferentes disciplinas del arte, y publicando art\u00edculos de reflexi\u00f3n de producci\u00f3n propia sobre los elementos culturales.\" \/>\n<meta property=\"og:url\" content=\"https:\/\/cooltivarte.com\/portal\/entrevista-a-diego-astrada-voz-y-guitarra-en-oneill\/\" \/>\n<meta property=\"og:site_name\" content=\"Cooltivarte Portal\" \/>\n<meta property=\"article:publisher\" content=\"https:\/\/www.facebook.com\/cooltivartecom\/\" \/>\n<meta property=\"article:author\" content=\"https:\/\/www.facebook.com\/Kiss69?hc_location=ufi\" \/>\n<meta property=\"article:published_time\" content=\"2017-04-20T19:05:18+00:00\" \/>\n<meta property=\"article:modified_time\" content=\"2017-05-27T19:00:02+00:00\" \/>\n<meta property=\"og:image\" content=\"https:\/\/cooltivarte.com\/portal\/wp-content\/uploads\/2017\/04\/hqdefault-43.jpg\" \/>\n\t<meta property=\"og:image:width\" content=\"480\" \/>\n\t<meta property=\"og:image:height\" content=\"360\" \/>\n\t<meta property=\"og:image:type\" content=\"image\/jpeg\" \/>\n<meta name=\"author\" content=\"Jos\u00e9 Ottati\" \/>\n<meta name=\"twitter:card\" content=\"summary_large_image\" \/>\n<meta name=\"twitter:creator\" content=\"@https:\/\/x.com\/bcnrockcity\" \/>\n<meta name=\"twitter:site\" content=\"@obolocultural\" \/>\n<meta name=\"twitter:label1\" content=\"Escrito por\" \/>\n\t<meta name=\"twitter:data1\" content=\"Jos\u00e9 Ottati\" \/>\n\t<meta name=\"twitter:label2\" content=\"Tiempo de lectura\" \/>\n\t<meta name=\"twitter:data2\" content=\"7 minutos\" \/>\n<!-- \/ Yoast SEO plugin. -->","yoast_head_json":{"title":"Entrevista a Diego Astrada. Voz y Guitarra en O'Neill - Cooltivarte Portal","description":"COOLTIVARTE.COM es un portal digital colaborativo de actualizaci\u00f3n permanente dedicado a difundir el acontecer art\u00edstico y cultural, entrevista artistas, gestores y productores de las diferentes disciplinas del arte, y publicando art\u00edculos de reflexi\u00f3n de producci\u00f3n propia sobre los elementos culturales.","robots":{"index":"index","follow":"follow","max-snippet":"max-snippet:-1","max-image-preview":"max-image-preview:large","max-video-preview":"max-video-preview:-1"},"canonical":"https:\/\/cooltivarte.com\/portal\/entrevista-a-diego-astrada-voz-y-guitarra-en-oneill\/","og_locale":"es_ES","og_type":"article","og_title":"Entrevista a Diego Astrada. Voz y Guitarra en O'Neill - Cooltivarte Portal","og_description":"COOLTIVARTE.COM es un portal digital colaborativo de actualizaci\u00f3n permanente dedicado a difundir el acontecer art\u00edstico y cultural, entrevista artistas, gestores y productores de las diferentes disciplinas del arte, y publicando art\u00edculos de reflexi\u00f3n de producci\u00f3n propia sobre los elementos culturales.","og_url":"https:\/\/cooltivarte.com\/portal\/entrevista-a-diego-astrada-voz-y-guitarra-en-oneill\/","og_site_name":"Cooltivarte Portal","article_publisher":"https:\/\/www.facebook.com\/cooltivartecom\/","article_author":"https:\/\/www.facebook.com\/Kiss69?hc_location=ufi","article_published_time":"2017-04-20T19:05:18+00:00","article_modified_time":"2017-05-27T19:00:02+00:00","og_image":[{"width":480,"height":360,"url":"https:\/\/cooltivarte.com\/portal\/wp-content\/uploads\/2017\/04\/hqdefault-43.jpg","type":"image\/jpeg"}],"author":"Jos\u00e9 Ottati","twitter_card":"summary_large_image","twitter_creator":"@https:\/\/x.com\/bcnrockcity","twitter_site":"@obolocultural","twitter_misc":{"Escrito por":"Jos\u00e9 Ottati","Tiempo de lectura":"7 minutos"},"schema":{"@context":"https:\/\/schema.org","@graph":[{"@type":"NewsArticle","@id":"https:\/\/cooltivarte.com\/portal\/entrevista-a-diego-astrada-voz-y-guitarra-en-oneill\/#article","isPartOf":{"@id":"https:\/\/cooltivarte.com\/portal\/entrevista-a-diego-astrada-voz-y-guitarra-en-oneill\/"},"author":{"name":"Jos\u00e9 Ottati","@id":"https:\/\/cooltivarte.com\/portal\/#\/schema\/person\/c180eb78c32551ec2676a951dbe165fb"},"headline":"Entrevista a Diego Astrada. Voz y Guitarra en O&#8217;Neill","datePublished":"2017-04-20T19:05:18+00:00","dateModified":"2017-05-27T19:00:02+00:00","mainEntityOfPage":{"@id":"https:\/\/cooltivarte.com\/portal\/entrevista-a-diego-astrada-voz-y-guitarra-en-oneill\/"},"wordCount":1483,"publisher":{"@id":"https:\/\/cooltivarte.com\/portal\/#organization"},"image":{"@id":"https:\/\/cooltivarte.com\/portal\/entrevista-a-diego-astrada-voz-y-guitarra-en-oneill\/#primaryimage"},"thumbnailUrl":"https:\/\/cooltivarte.com\/portal\/wp-content\/uploads\/2017\/04\/hqdefault-43.jpg","keywords":["M\u00fasica Uruguaya","Rock Uruguayo"],"articleSection":["M\u00fasica"],"inLanguage":"es-AR"},{"@type":"WebPage","@id":"https:\/\/cooltivarte.com\/portal\/entrevista-a-diego-astrada-voz-y-guitarra-en-oneill\/","url":"https:\/\/cooltivarte.com\/portal\/entrevista-a-diego-astrada-voz-y-guitarra-en-oneill\/","name":"Entrevista a Diego Astrada. Voz y Guitarra en O'Neill - Cooltivarte Portal","isPartOf":{"@id":"https:\/\/cooltivarte.com\/portal\/#website"},"primaryImageOfPage":{"@id":"https:\/\/cooltivarte.com\/portal\/entrevista-a-diego-astrada-voz-y-guitarra-en-oneill\/#primaryimage"},"image":{"@id":"https:\/\/cooltivarte.com\/portal\/entrevista-a-diego-astrada-voz-y-guitarra-en-oneill\/#primaryimage"},"thumbnailUrl":"https:\/\/cooltivarte.com\/portal\/wp-content\/uploads\/2017\/04\/hqdefault-43.jpg","datePublished":"2017-04-20T19:05:18+00:00","dateModified":"2017-05-27T19:00:02+00:00","description":"COOLTIVARTE.COM es un portal digital colaborativo de actualizaci\u00f3n permanente dedicado a difundir el acontecer art\u00edstico y cultural, entrevista artistas, gestores y productores de las diferentes disciplinas del arte, y publicando art\u00edculos de reflexi\u00f3n de producci\u00f3n propia sobre los elementos culturales.","breadcrumb":{"@id":"https:\/\/cooltivarte.com\/portal\/entrevista-a-diego-astrada-voz-y-guitarra-en-oneill\/#breadcrumb"},"inLanguage":"es-AR","potentialAction":[{"@type":"ReadAction","target":["https:\/\/cooltivarte.com\/portal\/entrevista-a-diego-astrada-voz-y-guitarra-en-oneill\/"]}]},{"@type":"ImageObject","inLanguage":"es-AR","@id":"https:\/\/cooltivarte.com\/portal\/entrevista-a-diego-astrada-voz-y-guitarra-en-oneill\/#primaryimage","url":"https:\/\/cooltivarte.com\/portal\/wp-content\/uploads\/2017\/04\/hqdefault-43.jpg","contentUrl":"https:\/\/cooltivarte.com\/portal\/wp-content\/uploads\/2017\/04\/hqdefault-43.jpg","width":480,"height":360,"caption":"O'Neill"},{"@type":"BreadcrumbList","@id":"https:\/\/cooltivarte.com\/portal\/entrevista-a-diego-astrada-voz-y-guitarra-en-oneill\/#breadcrumb","itemListElement":[{"@type":"ListItem","position":1,"name":"Portada","item":"https:\/\/cooltivarte.com\/portal\/"},{"@type":"ListItem","position":2,"name":"Entrevista a Diego Astrada. Voz y Guitarra en O&#8217;Neill"}]},{"@type":"WebSite","@id":"https:\/\/cooltivarte.com\/portal\/#website","url":"https:\/\/cooltivarte.com\/portal\/","name":"Cooltivarte Portal","description":"Arte, cultura y turismo para el mundo ...","publisher":{"@id":"https:\/\/cooltivarte.com\/portal\/#organization"},"potentialAction":[{"@type":"SearchAction","target":{"@type":"EntryPoint","urlTemplate":"https:\/\/cooltivarte.com\/portal\/?s={search_term_string}"},"query-input":{"@type":"PropertyValueSpecification","valueRequired":true,"valueName":"search_term_string"}}],"inLanguage":"es-AR"},{"@type":"Organization","@id":"https:\/\/cooltivarte.com\/portal\/#organization","name":"cooltivarte","url":"https:\/\/cooltivarte.com\/portal\/","logo":{"@type":"ImageObject","inLanguage":"es-AR","@id":"https:\/\/cooltivarte.com\/portal\/#\/schema\/logo\/image\/","url":"https:\/\/cooltivarte.com\/portal\/wp-content\/uploads\/2020\/04\/logo-cooltivarte-v2.png","contentUrl":"https:\/\/cooltivarte.com\/portal\/wp-content\/uploads\/2020\/04\/logo-cooltivarte-v2.png","width":851,"height":243,"caption":"cooltivarte"},"image":{"@id":"https:\/\/cooltivarte.com\/portal\/#\/schema\/logo\/image\/"},"sameAs":["https:\/\/www.facebook.com\/cooltivartecom\/","https:\/\/x.com\/obolocultural","https:\/\/www.instagram.com\/_cooltivarte_\/","https:\/\/www.linkedin.com\/company\/-bolocultural?reportsuccess=8zaNG1HwhPbAR9iQhZ5rfGeqz_vQFftHun0ZWU0Wy9vNemRJ8vtcKdJvzQfW8XagyOJSKg0XvfJ1dp","https:\/\/www.pinterest.com\/cooltivarte\/","https:\/\/cooltivarte.tumblr.com\/","https:\/\/www.tiktok.com\/@cooltivarte","https:\/\/www.youtube.com\/@PrensaCooltivarte"]},{"@type":"Person","@id":"https:\/\/cooltivarte.com\/portal\/#\/schema\/person\/c180eb78c32551ec2676a951dbe165fb","name":"Jos\u00e9 Ottati","image":{"@type":"ImageObject","inLanguage":"es-AR","@id":"https:\/\/cooltivarte.com\/portal\/wp-content\/uploads\/2014\/05\/ad516503a11cd5ca435acc9bb6523536.png","url":"https:\/\/cooltivarte.com\/portal\/wp-content\/uploads\/2014\/05\/ad516503a11cd5ca435acc9bb6523536.png","contentUrl":"https:\/\/cooltivarte.com\/portal\/wp-content\/uploads\/2014\/05\/ad516503a11cd5ca435acc9bb6523536.png","caption":"Jos\u00e9 Ottati"},"description":"Jos\u00e9 Ottati. Todo empezo cuando vi la pelicula KISS Contra Los Fantasmas Del Parque siendo un ni\u00f1o y la pasi\u00f3n por la m\u00fasica contin\u00faa creciendo.","sameAs":["https:\/\/uy.linkedin.com\/in\/jose-ottati-59b8b48\/es","https:\/\/www.facebook.com\/Kiss69?hc_location=ufi","https:\/\/www.instagram.com\/_cooltivarte_\/","https:\/\/www.linkedin.com\/company\/-bolocultural","https:\/\/www.pinterest.com\/cooltivarte","https:\/\/x.com\/https:\/\/x.com\/bcnrockcity","https:\/\/www.youtube.com\/@PrensaCooltivarte","https:\/\/www.tumblr.com\/blog\/cooltivarte"],"url":"https:\/\/cooltivarte.com\/portal\/author\/jose-ottati\/"}]}},"_links":{"self":[{"href":"https:\/\/cooltivarte.com\/portal\/wp-json\/wp\/v2\/posts\/28337","targetHints":{"allow":["GET"]}}],"collection":[{"href":"https:\/\/cooltivarte.com\/portal\/wp-json\/wp\/v2\/posts"}],"about":[{"href":"https:\/\/cooltivarte.com\/portal\/wp-json\/wp\/v2\/types\/post"}],"author":[{"embeddable":true,"href":"https:\/\/cooltivarte.com\/portal\/wp-json\/wp\/v2\/users\/77"}],"replies":[{"embeddable":true,"href":"https:\/\/cooltivarte.com\/portal\/wp-json\/wp\/v2\/comments?post=28337"}],"version-history":[{"count":15,"href":"https:\/\/cooltivarte.com\/portal\/wp-json\/wp\/v2\/posts\/28337\/revisions"}],"predecessor-version":[{"id":28365,"href":"https:\/\/cooltivarte.com\/portal\/wp-json\/wp\/v2\/posts\/28337\/revisions\/28365"}],"wp:featuredmedia":[{"embeddable":true,"href":"https:\/\/cooltivarte.com\/portal\/wp-json\/wp\/v2\/media\/28358"}],"wp:attachment":[{"href":"https:\/\/cooltivarte.com\/portal\/wp-json\/wp\/v2\/media?parent=28337"}],"wp:term":[{"taxonomy":"category","embeddable":true,"href":"https:\/\/cooltivarte.com\/portal\/wp-json\/wp\/v2\/categories?post=28337"},{"taxonomy":"post_tag","embeddable":true,"href":"https:\/\/cooltivarte.com\/portal\/wp-json\/wp\/v2\/tags?post=28337"}],"curies":[{"name":"wp","href":"https:\/\/api.w.org\/{rel}","templated":true}]}}