{"id":27710,"date":"2017-03-29T11:04:08","date_gmt":"2017-03-29T14:04:08","guid":{"rendered":"http:\/\/cooltivarte.com\/portal\/?p=27710"},"modified":"2024-05-17T11:31:08","modified_gmt":"2024-05-17T14:31:08","slug":"entrevista-fernando-foglino","status":"publish","type":"post","link":"https:\/\/cooltivarte.com\/portal\/entrevista-fernando-foglino\/","title":{"rendered":"Entrevista \/ Fernando Foglino"},"content":{"rendered":"<p><iframe title=\"YouTube video player\" src=\"https:\/\/www.youtube.com\/embed\/o2AklEDRhFk?si=tnXIN2E04kuEAEeP\" width=\"100%\" height=\"515\" frameborder=\"0\" allowfullscreen=\"allowfullscreen\"><span style=\"display: inline-block; width: 0px; overflow: hidden; line-height: 0;\" data-mce-type=\"bookmark\" class=\"mce_SELRES_start\">\ufeff<\/span><\/iframe><\/p>\n<p>&nbsp;<\/p>\n<p><a href=\"https:\/\/cooltivarte.com\/portal\/?s=Fernando+Foglino\" target=\"_blank\" rel=\"noopener\"><strong>Fernando Foglino<\/strong><\/a> nos habla de sus trabajos como artista visual. Entrevista durante su participaci\u00f3n en la muestra colectiva &#8220;<strong><a href=\"https:\/\/cooltivarte.com\/portal\/?s=S%C3%B3lido-L%C3%ADquido-Gaseoso\">S\u00f3lido-L\u00edquido-Gaseoso<\/a><\/strong>&#8221; Fuente: <a href=\"http:\/\/subte.montevideo.gub.uy\/\" target=\"_blank\" rel=\"noopener\">subte.montevideo.gub.uy<\/a><\/p>\n<p>&nbsp;<\/p>\n<p><a href=\"https:\/\/cooltivarte.com\/portal\/?s=Fernando+Foglino\"><strong>Fernando Foglino<\/strong><\/a><br \/>\nb. 1976, Uruguay<br \/>\nVive y trabaja en Montevideo<\/p>\n<p>Poeta y artista visual. Formado en la <strong>Facultad de Arquitectura UDELAR<\/strong> entre los a\u00f1os 1994 y 2006.<\/p>\n<p>En el 2004 publica el libro de poemas <strong>Kate 500 Km <\/strong>(Artefato). En 2007 aparece <strong>Vodka<\/strong> (Premio Casa de los escritores). En 2009 es premiado con una beca a Berl\u00edn (Alemania) por sus <strong>Clipoemas<\/strong>, pieza audiovisual en el marco del <strong>53 <a href=\"https:\/\/cooltivarte.com\/portal\/?s=Premio+Nacional+de+Artes+Visuales\">Premio Nacional de Artes Visuales<\/a><\/strong>.<\/p>\n<p>En 2011 obtiene el segundo premio en el <strong>Grand Prix Paul Cezanne<\/strong> residiendo en Paris durante los meses de abril-mayo del 2012. Se desempe\u00f1a como jurado del premio nacional de literatura \u201c<strong>Juan Carlos Onetti<\/strong>\u201d edici\u00f3n 2012. En 2013 publica <strong>La m\u00e1quina del movimiento cont\u00ednuo<\/strong>, narrativa (ed. Estuario) y en 2014 <strong>Link<\/strong>, poes\u00eda (Una temporada en Isla Negra, Chile).<\/p>\n<p>En 2015 junto a <strong>Valentina Cardellino<\/strong> exponen la obra <strong><a href=\"https:\/\/cooltivarte.com\/portal\/festival-de-arte-latinoamericano-y-contemporaneo\/\">Relaciones Bilaterales<\/a><\/strong> (Premio Intemperie, Museo Figari) en Montevideo y Beijing, realizando una residencia art\u00edstica durante los meses de abril-mayo de 2016 en la localidad de Hunan al sur de China.<\/p>\n<p>En 2016 obtiene el <strong>Premio Mercosur de Artes Visuales<\/strong>. Desde 2008 realiza exposiciones individuales y colectivas en diferentes museos del pa\u00eds y el exterior. Sus obras forman parte de colecciones p\u00fablicas y privadas.<\/p>\n<p>Texto: <a href=\"http:\/\/www.foglino.me\/about\/\" target=\"_blank\" rel=\"noopener\">foglino.me<\/a><\/p>\n<p>&nbsp;<\/p>\n<p>&nbsp;<\/p>\n<p>&nbsp;<\/p>\n<p>&nbsp;<\/p>\n<p>&nbsp;<\/p>\n","protected":false},"excerpt":{"rendered":"<p>Fernando Foglino<br \/>\nb. 1976, Uruguay<br \/>\nVive y trabaja en Montevideo<\/p>\n<p>Poeta y artista visual. Formado en la Facultad de Arquitectura UDELAR entre los a\u00f1os 1994 y 2006.<\/p>\n<p>En el 2004 publica el libro de poemas Kate 500 Km (Artefato). En 2007 aparece Vodka (Premio Casa de los escritores). En 2009 es premiado con una beca a Berl\u00edn (Alemania) por sus Clipoemas, pieza audiovisual en el marco del 53 Premio Nacional de Artes Visuales.<\/p>\n<p>En 2011 obtiene el segundo premio en el Grand Prix Paul Cezanne residiendo en Paris durante los meses de abril-mayo del 2012. Se desempe\u00f1a como jurado del premio nacional de literatura \u201cJuan Carlos Onetti\u201d edici\u00f3n 2012. En 2013 publica La m\u00e1quina del movimiento cont\u00ednuo, narrativa (ed. Estuario) y en 2014 Link, poes\u00eda (Una temporada en Isla Negra, Chile).<\/p>\n<p>En 2015 junto a Valentina Cardellino exponen la obra Relaciones Bilaterales (Premio Intemperie, Museo Figari) en Montevideo y Beijing, realizando una residencia art\u00edstica durante los meses de abril-mayo de 2016 en la localidad de Hunan al sur de China.<\/p>\n<p>En 2016 obtiene el Premio Mercosur de Artes Visuales. Desde 2008 realiza exposiciones individuales y colectivas en diferentes museos del pa\u00eds y el exterior. Sus obras forman parte de colecciones p\u00fablicas y privadas.<\/p>\n","protected":false},"author":8,"featured_media":27712,"comment_status":"closed","ping_status":"closed","sticky":false,"template":"","format":"standard","meta":{"om_disable_all_campaigns":false,"ngg_post_thumbnail":0,"jnews-multi-image_gallery":[],"jnews_single_post":{"subtitle":"","format":"standard","video":"","gallery":"","source_name":"","source_url":"","via_name":"","via_url":"","override_template":"0","override":[{"template":"4","single_blog_custom":"","parallax":"1","fullscreen":"0","layout":"right-sidebar","sidebar":"default-sidebar","second_sidebar":"default-sidebar","sticky_sidebar":"1","share_position":"bottom","share_float_style":"share-monocrhome","show_share_counter":"1","show_view_counter":"1","show_featured":"1","show_post_meta":"1","show_post_author":"1","show_post_author_image":"1","show_post_date":"1","post_date_format":"default","post_date_format_custom":"Y\/m\/d","show_post_category":"1","show_post_reading_time":"0","post_reading_time_wpm":"300","show_zoom_button":"0","zoom_button_out_step":"2","zoom_button_in_step":"3","show_post_tag":"1","show_prev_next_post":"1","show_popup_post":"1","number_popup_post":"1","show_author_box":"1","show_post_related":"0","show_inline_post_related":"0"}],"override_image_size":"0","image_override":[{"single_post_thumbnail_size":"no-crop","single_post_gallery_size":"crop-500"}],"trending_post":"0","trending_post_position":"meta","trending_post_label":"Trending","sponsored_post":"0","sponsored_post_label":"Sponsored by","sponsored_post_name":"","sponsored_post_url":"","sponsored_post_logo_enable":"0","sponsored_post_logo":"","sponsored_post_desc":"","disable_ad":"0"},"jnews_primary_category":{"id":"","hide":""},"jnews_social_meta":{"fb_title":"","fb_description":"","fb_image":"","twitter_title":"","twitter_description":"","twitter_image":""},"jnews_override_counter":{"override_view_counter":"0","view_counter_number":"0","override_share_counter":"0","share_counter_number":"0","override_like_counter":"0","like_counter_number":"0","override_dislike_counter":"0","dislike_counter_number":"0"},"footnotes":""},"categories":[52],"tags":[1103,1367],"class_list":["post-27710","post","type-post","status-publish","format-standard","has-post-thumbnail","hentry","category-artista","tag-centro-de-exposiciones-subte","tag-fernando-foglino"],"yoast_head":"<!-- This site is optimized with the Yoast SEO plugin v27.5 - https:\/\/yoast.com\/product\/yoast-seo-wordpress\/ -->\n<title>Entrevista \/ Fernando Foglino - Cooltivarte Portal<\/title>\n<meta name=\"description\" content=\"Fernando Foglino nos habla de sus trabajos como artista visual. Entrevista durante su participaci\u00f3n en la muestra colectiva &quot;S\u00f3lido-L\u00edquido-Gaseoso&quot; Fuente: subte.montevideo.gub.uy\" \/>\n<meta name=\"robots\" content=\"index, follow, max-snippet:-1, max-image-preview:large, max-video-preview:-1\" \/>\n<link rel=\"canonical\" href=\"https:\/\/cooltivarte.com\/portal\/entrevista-fernando-foglino\/\" \/>\n<meta property=\"og:locale\" content=\"es_ES\" \/>\n<meta property=\"og:type\" content=\"article\" \/>\n<meta property=\"og:title\" content=\"Entrevista \/ Fernando Foglino - Cooltivarte Portal\" \/>\n<meta property=\"og:description\" content=\"Fernando Foglino nos habla de sus trabajos como artista visual. Entrevista durante su participaci\u00f3n en la muestra colectiva &quot;S\u00f3lido-L\u00edquido-Gaseoso&quot; Fuente: subte.montevideo.gub.uy\" \/>\n<meta property=\"og:url\" content=\"https:\/\/cooltivarte.com\/portal\/entrevista-fernando-foglino\/\" \/>\n<meta property=\"og:site_name\" content=\"Cooltivarte Portal\" \/>\n<meta property=\"article:publisher\" content=\"https:\/\/www.facebook.com\/cooltivartecom\/\" \/>\n<meta property=\"article:author\" content=\"https:\/\/www.facebook.com\/cooltivartecom\" \/>\n<meta property=\"article:published_time\" content=\"2017-03-29T14:04:08+00:00\" \/>\n<meta property=\"article:modified_time\" content=\"2024-05-17T14:31:08+00:00\" \/>\n<meta property=\"og:image\" content=\"https:\/\/cooltivarte.com\/portal\/wp-content\/uploads\/2017\/03\/hqdefault-38.jpg\" \/>\n\t<meta property=\"og:image:width\" content=\"480\" \/>\n\t<meta property=\"og:image:height\" content=\"360\" \/>\n\t<meta property=\"og:image:type\" content=\"image\/jpeg\" \/>\n<meta name=\"author\" content=\"Cooltivarte\" \/>\n<meta name=\"twitter:card\" content=\"summary_large_image\" \/>\n<meta name=\"twitter:creator\" content=\"@https:\/\/x.com\/obolocultural\" \/>\n<meta name=\"twitter:site\" content=\"@obolocultural\" \/>\n<meta name=\"twitter:label1\" content=\"Escrito por\" \/>\n\t<meta name=\"twitter:data1\" content=\"Cooltivarte\" \/>\n\t<meta name=\"twitter:label2\" content=\"Tiempo de lectura\" \/>\n\t<meta name=\"twitter:data2\" content=\"2 minutos\" \/>\n<!-- \/ Yoast SEO plugin. -->","yoast_head_json":{"title":"Entrevista \/ Fernando Foglino - Cooltivarte Portal","description":"Fernando Foglino nos habla de sus trabajos como artista visual. Entrevista durante su participaci\u00f3n en la muestra colectiva \"S\u00f3lido-L\u00edquido-Gaseoso\" Fuente: subte.montevideo.gub.uy","robots":{"index":"index","follow":"follow","max-snippet":"max-snippet:-1","max-image-preview":"max-image-preview:large","max-video-preview":"max-video-preview:-1"},"canonical":"https:\/\/cooltivarte.com\/portal\/entrevista-fernando-foglino\/","og_locale":"es_ES","og_type":"article","og_title":"Entrevista \/ Fernando Foglino - Cooltivarte Portal","og_description":"Fernando Foglino nos habla de sus trabajos como artista visual. Entrevista durante su participaci\u00f3n en la muestra colectiva \"S\u00f3lido-L\u00edquido-Gaseoso\" Fuente: subte.montevideo.gub.uy","og_url":"https:\/\/cooltivarte.com\/portal\/entrevista-fernando-foglino\/","og_site_name":"Cooltivarte Portal","article_publisher":"https:\/\/www.facebook.com\/cooltivartecom\/","article_author":"https:\/\/www.facebook.com\/cooltivartecom","article_published_time":"2017-03-29T14:04:08+00:00","article_modified_time":"2024-05-17T14:31:08+00:00","og_image":[{"width":480,"height":360,"url":"https:\/\/cooltivarte.com\/portal\/wp-content\/uploads\/2017\/03\/hqdefault-38.jpg","type":"image\/jpeg"}],"author":"Cooltivarte","twitter_card":"summary_large_image","twitter_creator":"@https:\/\/x.com\/obolocultural","twitter_site":"@obolocultural","twitter_misc":{"Escrito por":"Cooltivarte","Tiempo de lectura":"2 minutos"},"schema":{"@context":"https:\/\/schema.org","@graph":[{"@type":"NewsArticle","@id":"https:\/\/cooltivarte.com\/portal\/entrevista-fernando-foglino\/#article","isPartOf":{"@id":"https:\/\/cooltivarte.com\/portal\/entrevista-fernando-foglino\/"},"author":{"name":"Cooltivarte","@id":"https:\/\/cooltivarte.com\/portal\/#\/schema\/person\/ec2a4f4e71b740d0c559c0ab9a157e19"},"headline":"Entrevista \/ Fernando Foglino","datePublished":"2017-03-29T14:04:08+00:00","dateModified":"2024-05-17T14:31:08+00:00","mainEntityOfPage":{"@id":"https:\/\/cooltivarte.com\/portal\/entrevista-fernando-foglino\/"},"wordCount":236,"publisher":{"@id":"https:\/\/cooltivarte.com\/portal\/#organization"},"image":{"@id":"https:\/\/cooltivarte.com\/portal\/entrevista-fernando-foglino\/#primaryimage"},"thumbnailUrl":"https:\/\/cooltivarte.com\/portal\/wp-content\/uploads\/2017\/03\/hqdefault-38.jpg","keywords":["Centro de Exposiciones SUBTE","Fernando Foglino"],"articleSection":["Arte"],"inLanguage":"es-AR"},{"@type":"WebPage","@id":"https:\/\/cooltivarte.com\/portal\/entrevista-fernando-foglino\/","url":"https:\/\/cooltivarte.com\/portal\/entrevista-fernando-foglino\/","name":"Entrevista \/ Fernando Foglino - Cooltivarte Portal","isPartOf":{"@id":"https:\/\/cooltivarte.com\/portal\/#website"},"primaryImageOfPage":{"@id":"https:\/\/cooltivarte.com\/portal\/entrevista-fernando-foglino\/#primaryimage"},"image":{"@id":"https:\/\/cooltivarte.com\/portal\/entrevista-fernando-foglino\/#primaryimage"},"thumbnailUrl":"https:\/\/cooltivarte.com\/portal\/wp-content\/uploads\/2017\/03\/hqdefault-38.jpg","datePublished":"2017-03-29T14:04:08+00:00","dateModified":"2024-05-17T14:31:08+00:00","description":"Fernando Foglino nos habla de sus trabajos como artista visual. Entrevista durante su participaci\u00f3n en la muestra colectiva \"S\u00f3lido-L\u00edquido-Gaseoso\" Fuente: subte.montevideo.gub.uy","breadcrumb":{"@id":"https:\/\/cooltivarte.com\/portal\/entrevista-fernando-foglino\/#breadcrumb"},"inLanguage":"es-AR","potentialAction":[{"@type":"ReadAction","target":["https:\/\/cooltivarte.com\/portal\/entrevista-fernando-foglino\/"]}]},{"@type":"ImageObject","inLanguage":"es-AR","@id":"https:\/\/cooltivarte.com\/portal\/entrevista-fernando-foglino\/#primaryimage","url":"https:\/\/cooltivarte.com\/portal\/wp-content\/uploads\/2017\/03\/hqdefault-38.jpg","contentUrl":"https:\/\/cooltivarte.com\/portal\/wp-content\/uploads\/2017\/03\/hqdefault-38.jpg","width":480,"height":360,"caption":"Fernando Foglino"},{"@type":"BreadcrumbList","@id":"https:\/\/cooltivarte.com\/portal\/entrevista-fernando-foglino\/#breadcrumb","itemListElement":[{"@type":"ListItem","position":1,"name":"Portada","item":"https:\/\/cooltivarte.com\/portal\/"},{"@type":"ListItem","position":2,"name":"Entrevista \/ Fernando Foglino"}]},{"@type":"WebSite","@id":"https:\/\/cooltivarte.com\/portal\/#website","url":"https:\/\/cooltivarte.com\/portal\/","name":"Cooltivarte Portal","description":"Arte, cultura y turismo para el mundo ...","publisher":{"@id":"https:\/\/cooltivarte.com\/portal\/#organization"},"potentialAction":[{"@type":"SearchAction","target":{"@type":"EntryPoint","urlTemplate":"https:\/\/cooltivarte.com\/portal\/?s={search_term_string}"},"query-input":{"@type":"PropertyValueSpecification","valueRequired":true,"valueName":"search_term_string"}}],"inLanguage":"es-AR"},{"@type":"Organization","@id":"https:\/\/cooltivarte.com\/portal\/#organization","name":"cooltivarte","url":"https:\/\/cooltivarte.com\/portal\/","logo":{"@type":"ImageObject","inLanguage":"es-AR","@id":"https:\/\/cooltivarte.com\/portal\/#\/schema\/logo\/image\/","url":"https:\/\/cooltivarte.com\/portal\/wp-content\/uploads\/2020\/04\/logo-cooltivarte-v2.png","contentUrl":"https:\/\/cooltivarte.com\/portal\/wp-content\/uploads\/2020\/04\/logo-cooltivarte-v2.png","width":851,"height":243,"caption":"cooltivarte"},"image":{"@id":"https:\/\/cooltivarte.com\/portal\/#\/schema\/logo\/image\/"},"sameAs":["https:\/\/www.facebook.com\/cooltivartecom\/","https:\/\/x.com\/obolocultural","https:\/\/www.instagram.com\/_cooltivarte_\/","https:\/\/www.linkedin.com\/company\/-bolocultural?reportsuccess=8zaNG1HwhPbAR9iQhZ5rfGeqz_vQFftHun0ZWU0Wy9vNemRJ8vtcKdJvzQfW8XagyOJSKg0XvfJ1dp","https:\/\/www.pinterest.com\/cooltivarte\/","https:\/\/cooltivarte.tumblr.com\/","https:\/\/www.tiktok.com\/@cooltivarte","https:\/\/www.youtube.com\/@PrensaCooltivarte"]},{"@type":"Person","@id":"https:\/\/cooltivarte.com\/portal\/#\/schema\/person\/ec2a4f4e71b740d0c559c0ab9a157e19","name":"Cooltivarte","image":{"@type":"ImageObject","inLanguage":"es-AR","@id":"https:\/\/cooltivarte.com\/portal\/wp-content\/uploads\/2014\/05\/logo-cooltivarte-120x120.jpg","url":"https:\/\/cooltivarte.com\/portal\/wp-content\/uploads\/2014\/05\/logo-cooltivarte-120x120.jpg","contentUrl":"https:\/\/cooltivarte.com\/portal\/wp-content\/uploads\/2014\/05\/logo-cooltivarte-120x120.jpg","caption":"Cooltivarte"},"description":"Somos COOLTIVARTE.COM. Un portal digital dedicado a difundir el acontecer art\u00edstico y cultural del Uruguay. Estamos en la vuelta desde el a\u00f1o 2003, y como evoluci\u00f3n del bolet\u00edn Obolo Cultural, nos encontramos abocados a apoyar a los artistas nacionales brind\u00e1ndoles un espacio de difusi\u00f3n. Creemos en la idea de utilizar la potencialidad que hoy d\u00eda nos otorga la web, para que la cultura uruguaya y sus creadores dispongan de una din\u00e1mica ventana, que los ponga en contacto entre s\u00ed y con el mundo. Somos COOLTIVARTE.COM y pretendemos configurarnos como un portal din\u00e1mico, entretenido y atento a los nuevos emprendimientos, que busque siempre la interacci\u00f3n con los artistas.","sameAs":["http:\/\/www.cooltivarte.com","https:\/\/www.facebook.com\/cooltivartecom","https:\/\/www.instagram.com\/_cooltivarte_\/","https:\/\/www.linkedin.com\/company\/-bolocultural","https:\/\/www.pinterest.com\/cooltivarte\/","https:\/\/x.com\/https:\/\/x.com\/obolocultural","https:\/\/www.youtube.com\/@PrensaCooltivarte","https:\/\/www.tumblr.com\/blog\/cooltivarte"],"url":"https:\/\/cooltivarte.com\/portal\/author\/cooltivarte\/"}]}},"_links":{"self":[{"href":"https:\/\/cooltivarte.com\/portal\/wp-json\/wp\/v2\/posts\/27710","targetHints":{"allow":["GET"]}}],"collection":[{"href":"https:\/\/cooltivarte.com\/portal\/wp-json\/wp\/v2\/posts"}],"about":[{"href":"https:\/\/cooltivarte.com\/portal\/wp-json\/wp\/v2\/types\/post"}],"author":[{"embeddable":true,"href":"https:\/\/cooltivarte.com\/portal\/wp-json\/wp\/v2\/users\/8"}],"replies":[{"embeddable":true,"href":"https:\/\/cooltivarte.com\/portal\/wp-json\/wp\/v2\/comments?post=27710"}],"version-history":[{"count":7,"href":"https:\/\/cooltivarte.com\/portal\/wp-json\/wp\/v2\/posts\/27710\/revisions"}],"predecessor-version":[{"id":102277,"href":"https:\/\/cooltivarte.com\/portal\/wp-json\/wp\/v2\/posts\/27710\/revisions\/102277"}],"wp:featuredmedia":[{"embeddable":true,"href":"https:\/\/cooltivarte.com\/portal\/wp-json\/wp\/v2\/media\/27712"}],"wp:attachment":[{"href":"https:\/\/cooltivarte.com\/portal\/wp-json\/wp\/v2\/media?parent=27710"}],"wp:term":[{"taxonomy":"category","embeddable":true,"href":"https:\/\/cooltivarte.com\/portal\/wp-json\/wp\/v2\/categories?post=27710"},{"taxonomy":"post_tag","embeddable":true,"href":"https:\/\/cooltivarte.com\/portal\/wp-json\/wp\/v2\/tags?post=27710"}],"curies":[{"name":"wp","href":"https:\/\/api.w.org\/{rel}","templated":true}]}}