{"id":27472,"date":"2017-03-19T20:01:15","date_gmt":"2017-03-19T23:01:15","guid":{"rendered":"http:\/\/cooltivarte.com\/portal\/?p=27472"},"modified":"2017-05-27T16:05:56","modified_gmt":"2017-05-27T19:05:56","slug":"aquello-fernando-sicco-en-centro-cultural-de-espana","status":"publish","type":"post","link":"https:\/\/cooltivarte.com\/portal\/aquello-fernando-sicco-en-centro-cultural-de-espana\/","title":{"rendered":"Aquello &#8211; Fernando Sicco en Centro Cultural de Espa\u00f1a"},"content":{"rendered":"<p><strong>-Has dicho que hac\u00eda ya unos a\u00f1os no mostrabas obra dado que estabas dedicado a la gesti\u00f3n del <a href=\"http:\/\/www.eac.gub.uy\/\" target=\"_blank\">EAC<\/a>, \u00bfqu\u00e9 cre\u00e9s que hizo que ahora, en este momento, decidieras hacer esta exposici\u00f3n y qu\u00e9 cre\u00e9s que cambi\u00f3 en vos en estos a\u00f1os?<\/strong><\/p>\n<p>La decisi\u00f3n de exponer la tom\u00e9 hace un par de a\u00f1os. Primero hubo un intento de integrar una pieza a una exposici\u00f3n colectiva que luego no se concret\u00f3. Y luego vino la decisi\u00f3n de pedir sala para una instancia individual. Las obras se vienen gestando a lo largo de estos a\u00f1os, no es f\u00e1cil precisar desde cu\u00e1ndo. <em>Inversi\u00f3n<\/em> o <em>El vientre del escarabajo<\/em> fue la primera en estar lista, las otras finalizaron como procesos en los dos \u00faltimos a\u00f1os, aunque la gestaci\u00f3n seguro se inici\u00f3 bastante antes. Soy lento en general cuando se trata de producir arte, postergo las acciones, a veces pienso quiz\u00e1 demasiado. El otro plano, el institucional y de gesti\u00f3n, tiene mucho peso por la dedicaci\u00f3n que le he dado desde 2009, y el gesto de volver a exponer es tambi\u00e9n un modo de \u201csacudirme\u201d un poco la instituci\u00f3n y alivianar la carga para reabrir otras puertas haciendo lugar a mi propio deseo. Creo que estas obras retoman algunos intereses que ya estaban en mi producci\u00f3n anterior y agregan riesgos nuevos. Digamos que la fotograf\u00eda y el video eran mi zona de confort, y que al trabajo objetual o volum\u00e9trico hab\u00eda hecho una aproximaci\u00f3n m\u00e1s t\u00edmida, aunque en cuanto a la administraci\u00f3n del espacio y las instalaciones siempre me sent\u00ed muy c\u00f3modo. Tambi\u00e9n en estos a\u00f1os he alentado a tantos artistas a tomar esos riesgos con el respaldo desde lo institucional, que seguramente yo mismo sum\u00e9 confianza, sin dudas.<\/p>\n<p>Habr\u00eda que ser muy r\u00edgido para estar desde su creaci\u00f3n al frente de un espacio de arte como el <strong><a href=\"http:\/\/www.eac.gub.uy\/\" target=\"_blank\">EAC<\/a><\/strong>, durante ocho a\u00f1os, y no sentirse modificado de varias maneras. Quiz\u00e1 algo de la habilitaci\u00f3n que propici\u00e9 para otros tambi\u00e9n termin\u00f3 habilit\u00e1ndome m\u00e1s a m\u00ed mismo, a pesar que dentro de una l\u00ednea de pensamiento -bastante extendida y prejuiciosa- gesti\u00f3n y producci\u00f3n de obra no parecen compatibles.<\/p>\n<p>&nbsp;<\/p>\n<p><strong>-\u00bfC\u00f3mo se fue gestando Aquello?, \u00bfqu\u00e9 aparece primero: la idea, el significante con que eleg\u00eds agrupar lo que mostr\u00e1s, todo junto? Contanos algo de la intimidad de ese proceso.<\/strong><\/p>\n<p>Las piezas que componen esta exposici\u00f3n surgieron todas con independencia entre s\u00ed, ninguna trajo a la otra como causa. Es al pensar en la necesidad de exponer que surge la pregunta por el denominador com\u00fan, casi a modo de interpretaci\u00f3n, de mirada curatorial. Inversi\u00f3n o El vientre del escarabajo, surgi\u00f3 de la experiencia dom\u00e9stica del uso del quita pelusas y mi reticencia a desechar esos residuos que empec\u00e9 a ver como bellos. Luego vino el proceso reflexivo que me lleva a plantear la obra como operaci\u00f3n conceptual.<\/p>\n<p><em>La bomba<\/em> y <em>Opacidad<\/em> surgen de la acumulaci\u00f3n de documentos de indagaciones m\u00e9dicas, en el primer caso con el sonido de un ecocardiograma que me fascin\u00f3 la primera vez que lo escuch\u00e9, y en el otro con im\u00e1genes a las que busqu\u00e9 dar densidad biogr\u00e1fica. <em>Escala 1:55<\/em> la empec\u00e9 a pensar poco antes de cumplir cincuenta a\u00f1os (tengo 55, ya ves que soy lento), y <em>Chances<\/em> es la m\u00e1s nueva: el a\u00f1o pasado en Londres compr\u00e9 los doscientos dados diminutos en una tienda de dise\u00f1o, y curiosamente la cajera me pregunt\u00f3 qu\u00e9 iba a hacer con ellos; mi respuesta fue \u201cMaybe a piece of art\u2026?\u201d (Quiz\u00e1s una obra de arte?). En este caso estuvo primero el material y luego se dispar\u00f3 el proceso, que termin\u00f3 en tres instancias de rodaje y posproducci\u00f3n, para llegar al producto final, que tiene un dispositivo f\u00edsico y espacial de exhibici\u00f3n bien espec\u00edfico.<\/p>\n<p>&nbsp;<\/p>\n<p><strong>-En el cat\u00e1logo habl\u00e1s de la abundancia de obras e informaci\u00f3n en arte y del efecto de agobio que esto puede tener en vos como artista y alent\u00e1s la esperanza de \u201dalguna idea que alumbre con la ilusi\u00f3n de ser nueva\u201d, \u00bfen qu\u00e9 sentido entend\u00e9s lo nuevo hoy?<\/strong><\/p>\n<p>Bueno, creo que la frase que recort\u00e1s contiene al menos una respuesta, no? Entiendo lo nuevo como ilusi\u00f3n. En el doble sentido de ilusorio y alentador. Hay algo de esp\u00edritu de la \u00e9poca, quiz\u00e1, en la que me toc\u00f3 vivir, en esa especie de saturaci\u00f3n y desencanto posmoderno, mezcla de aburrimiento y falta de confianza en la noci\u00f3n de progreso. Pero tambi\u00e9n espec\u00edficamente, en mi caso, porque no tengo un tipo de pensamiento ni una actitud propicia para la acumulaci\u00f3n de informaci\u00f3n; siento que fui muy te\u00f3rico hasta los treinta y pico y despu\u00e9s me hart\u00e9. En el campo del arte el tema de la novedad es complejo, primero porque los criterios dependen de la difusi\u00f3n de las obras y autores, de su ingreso o no en el \u201cmainstream\u201d, y de una actitud bastante extendida e inhibitoria tambi\u00e9n a la hora de apreciar obras, que es la de decir \u201cesto ya lo hizo fulano en tal fecha\u2026\u201d Hay que encontrar un equilibrio entre el conocimiento del campo y la posibilidad de mantener cierta inocencia, de producir con frescura y en conexi\u00f3n con el propio deseo. Si se es honesto con los procesos propios, y se est\u00e1 abierto a la experiencia, el resultado tiene la chance de ser bueno. Los sabelotodo en arte son insoportables, yo necesito descubrir cosas por m\u00ed mismo.<\/p>\n<p>&nbsp;<\/p>\n<p><strong>-\u00bfA qu\u00e9 desnudez dir\u00edas que te refer\u00eds en Nunca suficientemente desnudos- texto que se lee en una de las piezas de la exposici\u00f3n- y en qu\u00e9 sentido la desnudez ser\u00eda algo a aspirar, si es que lo entend\u00e9s as\u00ed?<\/strong><\/p>\n<p>En <em>Opacidad<\/em>, que es el t\u00edtulo de esa pieza, aludo no a la desnudez como aspiraci\u00f3n sino como imposibilidad. Usando placas de resonancia magn\u00e9tica o radiogr\u00e1ficas mezcladas con otras dise\u00f1adas por m\u00ed, con contenidos tales como los pasajes con los que vinieron mi padre y mis abuelos desde Italia en 1951 o la caldera de uso cotidiano en mi casa, busco mostrar c\u00f3mo lo real escapa siempre a la indagatoria. Las herramientas de tecnolog\u00eda m\u00e9dica exploran y develan algo a trav\u00e9s de una interpretaci\u00f3n de datos, pero tambi\u00e9n velan; la gen\u00e9tica se hunde en la historia relatada que tiene un aspecto documental y otro perdido para siempre; la vida cotidiana incluye objetos que pueden decir mucho de nosotros mismos y adquirir vuelos simb\u00f3licos o imaginarios pero tambi\u00e9n son banales. En ese sentido es que la completa desnudez aparece como imposibilidad: al mismo tiempo que siempre estamos en evidencia, nunca atrapamos del todo lo real desde la perspectiva de la existencia humana.<\/p>\n<p>&nbsp;<\/p>\n<p><strong>-\u00bfPens\u00e1s que habr\u00eda un lugar para hablar de lo autoficcional, la ficci\u00f3n biogr\u00e1fica subjetiva, personal en esta muestra? Si es as\u00ed \u00bfqu\u00e9 tensiones encontr\u00e1s entre ese plano de la experiencia- en tanto adem\u00e1s ven\u00eds del campo del psicoan\u00e1lisis- y el campo de la experiencia colectiva, com\u00fan?<\/strong><\/p>\n<p>Exponer es un acto de comunicaci\u00f3n, siempre. Partir de lo autorreferencial es un camino v\u00e1lido, como puede serlo tambi\u00e9n partir de una investigaci\u00f3n de campo. Mis trabajos se vinculan a b\u00fasquedas que tienen que ver con la experiencia, con la existencia, y as\u00ed como en su momento busqu\u00e9 respuestas o nuevas preguntas en el psicoan\u00e1lisis tambi\u00e9n lo hago en el arte. Me refiero a que no parto de una formaci\u00f3n est\u00e9tica en particular, ni me gu\u00edan intereses formales como prioridad, pero tampoco busco trasmitir contenidos como algo directo, obvio, o como transcripci\u00f3n panfletaria de una teor\u00eda. Las b\u00fasquedas que estaban presentes en los montajes con fotograf\u00eda anal\u00f3gica que hac\u00eda a fines de los a\u00f1os ochenta en el laboratorio est\u00e1n hoy cuando, como en el caso de <em>Escala 1:55<\/em>, me asocio con otros para lograr un producto que mezcla aspectos perform\u00e1ticos, conceptuales y de tecnolog\u00eda digital aplicada. Esta obra es muchas cosas al mismo tiempo: un autorretrato imposible, pero veraz, que contiene la paradoja que se\u00f1alo en el texto, de una familiaridad sujeta al tiempo y ajena al tiempo a la misma vez; un posible desorden en la genealog\u00eda y una tensi\u00f3n all\u00ed donde todos somos narrados por otros. Pero tambi\u00e9n hay amor, amor por m\u00ed mismo y por la vida, hay placer y diversi\u00f3n. Creo que los mayores logros en arte se producen cuando una obra es polis\u00e9mica, cuando tiene capas, cuando dispara sentidos posibles en varias direcciones, y existe como tal cuando a la vez se constituye en una experiencia para otros que no son su propio autor.<br \/>\n-El mi\u00e9rcoles 29 de marzo a partir de las 18 horas <a href=\"https:\/\/cooltivarte.com\/portal\/?s=Fernando+Sicco\"><strong>Fernando Sicco<\/strong><\/a> estar\u00e1 en el <strong><a href=\"http:\/\/www.cce.org.uy\/aquello-muestra-individual-de-fernando-sicco\/\" target=\"_blank\">CCE<\/a><\/strong> para acompa\u00f1ar la visita de los que deseen recorrer la exposici\u00f3n y conversar sobre las obras.<\/p>\n<p>Desde el 14 de marzo hasta el 3 de mayo de 2017<\/p>\n<p>&nbsp;<\/p>\n<p><a href=\"https:\/\/cooltivarte.com\/portal\/?s=Fernando+Sicco\"><strong>Fernando Sicco<\/strong><\/a> (Montevideo, 1961), es psic\u00f3logo y se form\u00f3 en psicoan\u00e1lisis, fotograf\u00eda, video, expresi\u00f3n corporal e improvisaci\u00f3n. Actu\u00f3 como docente y consejero en el \u00e1mbito universitario de la transici\u00f3n democr\u00e1tica, y como gestor cultural principalmente en el \u00e1mbito de las artes esc\u00e9nicas a nivel local e iberoamericano. Dirige el <strong><a href=\"http:\/\/www.eac.gub.uy\/\" target=\"_blank\">EAC<\/a><\/strong> \/ <strong>Espacio de Arte Contempor\u00e1neo<\/strong> del Ministerio de Educaci\u00f3n y Cultura desde su creaci\u00f3n. <strong>AQUELLO<\/strong> es su sexta exposici\u00f3n individual desde la primera en 1991, y ha participado de catorce instancias colectivas en nuestro pa\u00eds, Argentina y Espa\u00f1a. Biograf\u00eda: <strong><a href=\"http:\/\/www.cce.org.uy\/aquello-muestra-individual-de-fernando-sicco\/\" target=\"_blank\">CCE<\/a><\/strong><\/p>\n<p>&nbsp;<\/p>\n<p>Imagen portada: Cat\u00e1logo <strong>Aquello &#8211; Fernando Sicco<\/strong><\/p>\n","protected":false},"excerpt":{"rendered":"<p>-Has dicho que hac\u00eda ya unos a\u00f1os no mostrabas obra dado que estabas dedicado a la gesti\u00f3n del EAC, \u00bfqu\u00e9 cre\u00e9s que hizo que ahora, en este momento, decidieras hacer esta exposici\u00f3n y qu\u00e9 cre\u00e9s que cambi\u00f3 en vos en estos a\u00f1os? La decisi\u00f3n de exponer la tom\u00e9 hace un par de a\u00f1os. Primero hubo [&hellip;]<\/p>\n","protected":false},"author":57,"featured_media":27474,"comment_status":"closed","ping_status":"closed","sticky":false,"template":"","format":"standard","meta":{"om_disable_all_campaigns":false,"ngg_post_thumbnail":0,"jnews-multi-image_gallery":[],"jnews_single_post":[],"jnews_primary_category":[],"jnews_social_meta":[],"jnews_override_counter":[],"footnotes":""},"categories":[4288],"tags":[84,408,142,413,373],"class_list":["post-27472","post","type-post","status-publish","format-standard","has-post-thumbnail","hentry","category-contemporaneo","tag-arte","tag-artes-visuales","tag-artista-visual","tag-bellas-artes","tag-exposicion"],"yoast_head":"<!-- This site is optimized with the Yoast SEO plugin v27.5 - https:\/\/yoast.com\/product\/yoast-seo-wordpress\/ -->\n<title>Aquello - Fernando Sicco en Centro Cultural de Espa\u00f1a - Cooltivarte Portal<\/title>\n<meta name=\"description\" content=\"COOLTIVARTE.COM es un portal digital colaborativo de actualizaci\u00f3n permanente dedicado a difundir el acontecer art\u00edstico y cultural, entrevista artistas, gestores y productores de las diferentes disciplinas del arte, y publicando art\u00edculos de reflexi\u00f3n de producci\u00f3n propia sobre los elementos culturales.\" \/>\n<meta name=\"robots\" content=\"index, follow, max-snippet:-1, max-image-preview:large, max-video-preview:-1\" \/>\n<link rel=\"canonical\" href=\"https:\/\/cooltivarte.com\/portal\/aquello-fernando-sicco-en-centro-cultural-de-espana\/\" \/>\n<meta property=\"og:locale\" content=\"es_ES\" \/>\n<meta property=\"og:type\" content=\"article\" \/>\n<meta property=\"og:title\" content=\"Aquello - Fernando Sicco en Centro Cultural de Espa\u00f1a - Cooltivarte Portal\" \/>\n<meta property=\"og:description\" content=\"COOLTIVARTE.COM es un portal digital colaborativo de actualizaci\u00f3n permanente dedicado a difundir el acontecer art\u00edstico y cultural, entrevista artistas, gestores y productores de las diferentes disciplinas del arte, y publicando art\u00edculos de reflexi\u00f3n de producci\u00f3n propia sobre los elementos culturales.\" \/>\n<meta property=\"og:url\" content=\"https:\/\/cooltivarte.com\/portal\/aquello-fernando-sicco-en-centro-cultural-de-espana\/\" \/>\n<meta property=\"og:site_name\" content=\"Cooltivarte Portal\" \/>\n<meta property=\"article:publisher\" content=\"https:\/\/www.facebook.com\/cooltivartecom\/\" \/>\n<meta property=\"article:author\" content=\"https:\/\/www.facebook.com\/fernando.barrios.986\" \/>\n<meta property=\"article:published_time\" content=\"2017-03-19T23:01:15+00:00\" \/>\n<meta property=\"article:modified_time\" content=\"2017-05-27T19:05:56+00:00\" \/>\n<meta property=\"og:image\" content=\"https:\/\/cooltivarte.com\/portal\/wp-content\/uploads\/2017\/03\/Aquello-Fernando-Sicco.jpg\" \/>\n\t<meta property=\"og:image:width\" content=\"750\" \/>\n\t<meta property=\"og:image:height\" content=\"375\" \/>\n\t<meta property=\"og:image:type\" content=\"image\/jpeg\" \/>\n<meta name=\"author\" content=\"Fernando Barrios\" \/>\n<meta name=\"twitter:card\" content=\"summary_large_image\" \/>\n<meta name=\"twitter:creator\" content=\"@https:\/\/x.com\/obolocultural\" \/>\n<meta name=\"twitter:site\" content=\"@obolocultural\" \/>\n<meta name=\"twitter:label1\" content=\"Escrito por\" \/>\n\t<meta name=\"twitter:data1\" content=\"Fernando Barrios\" \/>\n\t<meta name=\"twitter:label2\" content=\"Tiempo de lectura\" \/>\n\t<meta name=\"twitter:data2\" content=\"8 minutos\" \/>\n<!-- \/ Yoast SEO plugin. -->","yoast_head_json":{"title":"Aquello - Fernando Sicco en Centro Cultural de Espa\u00f1a - Cooltivarte Portal","description":"COOLTIVARTE.COM es un portal digital colaborativo de actualizaci\u00f3n permanente dedicado a difundir el acontecer art\u00edstico y cultural, entrevista artistas, gestores y productores de las diferentes disciplinas del arte, y publicando art\u00edculos de reflexi\u00f3n de producci\u00f3n propia sobre los elementos culturales.","robots":{"index":"index","follow":"follow","max-snippet":"max-snippet:-1","max-image-preview":"max-image-preview:large","max-video-preview":"max-video-preview:-1"},"canonical":"https:\/\/cooltivarte.com\/portal\/aquello-fernando-sicco-en-centro-cultural-de-espana\/","og_locale":"es_ES","og_type":"article","og_title":"Aquello - Fernando Sicco en Centro Cultural de Espa\u00f1a - Cooltivarte Portal","og_description":"COOLTIVARTE.COM es un portal digital colaborativo de actualizaci\u00f3n permanente dedicado a difundir el acontecer art\u00edstico y cultural, entrevista artistas, gestores y productores de las diferentes disciplinas del arte, y publicando art\u00edculos de reflexi\u00f3n de producci\u00f3n propia sobre los elementos culturales.","og_url":"https:\/\/cooltivarte.com\/portal\/aquello-fernando-sicco-en-centro-cultural-de-espana\/","og_site_name":"Cooltivarte Portal","article_publisher":"https:\/\/www.facebook.com\/cooltivartecom\/","article_author":"https:\/\/www.facebook.com\/fernando.barrios.986","article_published_time":"2017-03-19T23:01:15+00:00","article_modified_time":"2017-05-27T19:05:56+00:00","og_image":[{"width":750,"height":375,"url":"https:\/\/cooltivarte.com\/portal\/wp-content\/uploads\/2017\/03\/Aquello-Fernando-Sicco.jpg","type":"image\/jpeg"}],"author":"Fernando Barrios","twitter_card":"summary_large_image","twitter_creator":"@https:\/\/x.com\/obolocultural","twitter_site":"@obolocultural","twitter_misc":{"Escrito por":"Fernando Barrios","Tiempo de lectura":"8 minutos"},"schema":{"@context":"https:\/\/schema.org","@graph":[{"@type":"NewsArticle","@id":"https:\/\/cooltivarte.com\/portal\/aquello-fernando-sicco-en-centro-cultural-de-espana\/#article","isPartOf":{"@id":"https:\/\/cooltivarte.com\/portal\/aquello-fernando-sicco-en-centro-cultural-de-espana\/"},"author":{"name":"Fernando Barrios","@id":"https:\/\/cooltivarte.com\/portal\/#\/schema\/person\/068ab547228802a68bb770d57ec2e063"},"headline":"Aquello &#8211; Fernando Sicco en Centro Cultural de Espa\u00f1a","datePublished":"2017-03-19T23:01:15+00:00","dateModified":"2017-05-27T19:05:56+00:00","mainEntityOfPage":{"@id":"https:\/\/cooltivarte.com\/portal\/aquello-fernando-sicco-en-centro-cultural-de-espana\/"},"wordCount":1695,"publisher":{"@id":"https:\/\/cooltivarte.com\/portal\/#organization"},"image":{"@id":"https:\/\/cooltivarte.com\/portal\/aquello-fernando-sicco-en-centro-cultural-de-espana\/#primaryimage"},"thumbnailUrl":"https:\/\/cooltivarte.com\/portal\/wp-content\/uploads\/2017\/03\/Aquello-Fernando-Sicco.jpg","keywords":["Arte","Artes Visuales","Artista Visual","Bellas Artes","Exposici\u00f3n"],"articleSection":["Campo Contempor\u00e1neo"],"inLanguage":"es-AR"},{"@type":"WebPage","@id":"https:\/\/cooltivarte.com\/portal\/aquello-fernando-sicco-en-centro-cultural-de-espana\/","url":"https:\/\/cooltivarte.com\/portal\/aquello-fernando-sicco-en-centro-cultural-de-espana\/","name":"Aquello - Fernando Sicco en Centro Cultural de Espa\u00f1a - Cooltivarte Portal","isPartOf":{"@id":"https:\/\/cooltivarte.com\/portal\/#website"},"primaryImageOfPage":{"@id":"https:\/\/cooltivarte.com\/portal\/aquello-fernando-sicco-en-centro-cultural-de-espana\/#primaryimage"},"image":{"@id":"https:\/\/cooltivarte.com\/portal\/aquello-fernando-sicco-en-centro-cultural-de-espana\/#primaryimage"},"thumbnailUrl":"https:\/\/cooltivarte.com\/portal\/wp-content\/uploads\/2017\/03\/Aquello-Fernando-Sicco.jpg","datePublished":"2017-03-19T23:01:15+00:00","dateModified":"2017-05-27T19:05:56+00:00","description":"COOLTIVARTE.COM es un portal digital colaborativo de actualizaci\u00f3n permanente dedicado a difundir el acontecer art\u00edstico y cultural, entrevista artistas, gestores y productores de las diferentes disciplinas del arte, y publicando art\u00edculos de reflexi\u00f3n de producci\u00f3n propia sobre los elementos culturales.","breadcrumb":{"@id":"https:\/\/cooltivarte.com\/portal\/aquello-fernando-sicco-en-centro-cultural-de-espana\/#breadcrumb"},"inLanguage":"es-AR","potentialAction":[{"@type":"ReadAction","target":["https:\/\/cooltivarte.com\/portal\/aquello-fernando-sicco-en-centro-cultural-de-espana\/"]}]},{"@type":"ImageObject","inLanguage":"es-AR","@id":"https:\/\/cooltivarte.com\/portal\/aquello-fernando-sicco-en-centro-cultural-de-espana\/#primaryimage","url":"https:\/\/cooltivarte.com\/portal\/wp-content\/uploads\/2017\/03\/Aquello-Fernando-Sicco.jpg","contentUrl":"https:\/\/cooltivarte.com\/portal\/wp-content\/uploads\/2017\/03\/Aquello-Fernando-Sicco.jpg","width":750,"height":375,"caption":"Fernando Sicco - Aquello"},{"@type":"BreadcrumbList","@id":"https:\/\/cooltivarte.com\/portal\/aquello-fernando-sicco-en-centro-cultural-de-espana\/#breadcrumb","itemListElement":[{"@type":"ListItem","position":1,"name":"Portada","item":"https:\/\/cooltivarte.com\/portal\/"},{"@type":"ListItem","position":2,"name":"Aquello &#8211; Fernando Sicco en Centro Cultural de Espa\u00f1a"}]},{"@type":"WebSite","@id":"https:\/\/cooltivarte.com\/portal\/#website","url":"https:\/\/cooltivarte.com\/portal\/","name":"Cooltivarte Portal","description":"Arte, cultura y turismo para el mundo ...","publisher":{"@id":"https:\/\/cooltivarte.com\/portal\/#organization"},"potentialAction":[{"@type":"SearchAction","target":{"@type":"EntryPoint","urlTemplate":"https:\/\/cooltivarte.com\/portal\/?s={search_term_string}"},"query-input":{"@type":"PropertyValueSpecification","valueRequired":true,"valueName":"search_term_string"}}],"inLanguage":"es-AR"},{"@type":"Organization","@id":"https:\/\/cooltivarte.com\/portal\/#organization","name":"cooltivarte","url":"https:\/\/cooltivarte.com\/portal\/","logo":{"@type":"ImageObject","inLanguage":"es-AR","@id":"https:\/\/cooltivarte.com\/portal\/#\/schema\/logo\/image\/","url":"https:\/\/cooltivarte.com\/portal\/wp-content\/uploads\/2020\/04\/logo-cooltivarte-v2.png","contentUrl":"https:\/\/cooltivarte.com\/portal\/wp-content\/uploads\/2020\/04\/logo-cooltivarte-v2.png","width":851,"height":243,"caption":"cooltivarte"},"image":{"@id":"https:\/\/cooltivarte.com\/portal\/#\/schema\/logo\/image\/"},"sameAs":["https:\/\/www.facebook.com\/cooltivartecom\/","https:\/\/x.com\/obolocultural","https:\/\/www.instagram.com\/_cooltivarte_\/","https:\/\/www.linkedin.com\/company\/-bolocultural?reportsuccess=8zaNG1HwhPbAR9iQhZ5rfGeqz_vQFftHun0ZWU0Wy9vNemRJ8vtcKdJvzQfW8XagyOJSKg0XvfJ1dp","https:\/\/www.pinterest.com\/cooltivarte\/","https:\/\/cooltivarte.tumblr.com\/","https:\/\/www.tiktok.com\/@cooltivarte","https:\/\/www.youtube.com\/@PrensaCooltivarte"]},{"@type":"Person","@id":"https:\/\/cooltivarte.com\/portal\/#\/schema\/person\/068ab547228802a68bb770d57ec2e063","name":"Fernando Barrios","image":{"@type":"ImageObject","inLanguage":"es-AR","@id":"https:\/\/cooltivarte.com\/portal\/wp-content\/uploads\/2015\/04\/fernando-barrios-120x120.jpg","url":"https:\/\/cooltivarte.com\/portal\/wp-content\/uploads\/2015\/04\/fernando-barrios-120x120.jpg","contentUrl":"https:\/\/cooltivarte.com\/portal\/wp-content\/uploads\/2015\/04\/fernando-barrios-120x120.jpg","caption":"Fernando Barrios"},"description":"Fernando Barrios Boibo: Integra el Programa de formaci\u00f3n permanente y curadur\u00eda del fac (fundaci\u00f3n de arte contempor\u00e1neo) y el staff editorial de la revista HUGO. Realiza cr\u00edtica literaria en revista Relaciones y de arte contempor\u00e1neo en Cooltivarte. Poeta y narrador. Ha publicado: en prosa El s\u00f3tano y otros cuentos, Desaforismos, ap\u00f3crifos y otras herej\u00edas, en poes\u00eda Parto de gallina, Desamorados o del tiempo perdido, Tri(i)log\u00eda y V\u00f3rtice textual: caja\u00adjuego con textos. Practica el psicoan\u00e1lisis; miembro de la ecole lacanienne de psychanalyse","sameAs":["https:\/\/www.facebook.com\/fernando.barrios.986","https:\/\/www.instagram.com\/_cooltivarte_\/","https:\/\/www.linkedin.com\/company\/-bolocultural","https:\/\/www.pinterest.com\/cooltivarte","https:\/\/x.com\/https:\/\/x.com\/obolocultural","https:\/\/www.youtube.com\/@PrensaCooltivarte","https:\/\/www.tumblr.com\/blog\/cooltivarte"],"url":"https:\/\/cooltivarte.com\/portal\/author\/fernando-barrios\/"}]}},"_links":{"self":[{"href":"https:\/\/cooltivarte.com\/portal\/wp-json\/wp\/v2\/posts\/27472","targetHints":{"allow":["GET"]}}],"collection":[{"href":"https:\/\/cooltivarte.com\/portal\/wp-json\/wp\/v2\/posts"}],"about":[{"href":"https:\/\/cooltivarte.com\/portal\/wp-json\/wp\/v2\/types\/post"}],"author":[{"embeddable":true,"href":"https:\/\/cooltivarte.com\/portal\/wp-json\/wp\/v2\/users\/57"}],"replies":[{"embeddable":true,"href":"https:\/\/cooltivarte.com\/portal\/wp-json\/wp\/v2\/comments?post=27472"}],"version-history":[{"count":5,"href":"https:\/\/cooltivarte.com\/portal\/wp-json\/wp\/v2\/posts\/27472\/revisions"}],"predecessor-version":[{"id":27499,"href":"https:\/\/cooltivarte.com\/portal\/wp-json\/wp\/v2\/posts\/27472\/revisions\/27499"}],"wp:featuredmedia":[{"embeddable":true,"href":"https:\/\/cooltivarte.com\/portal\/wp-json\/wp\/v2\/media\/27474"}],"wp:attachment":[{"href":"https:\/\/cooltivarte.com\/portal\/wp-json\/wp\/v2\/media?parent=27472"}],"wp:term":[{"taxonomy":"category","embeddable":true,"href":"https:\/\/cooltivarte.com\/portal\/wp-json\/wp\/v2\/categories?post=27472"},{"taxonomy":"post_tag","embeddable":true,"href":"https:\/\/cooltivarte.com\/portal\/wp-json\/wp\/v2\/tags?post=27472"}],"curies":[{"name":"wp","href":"https:\/\/api.w.org\/{rel}","templated":true}]}}