{"id":26940,"date":"2017-01-18T03:59:38","date_gmt":"2017-01-18T03:59:38","guid":{"rendered":"http:\/\/cooltivarte.com\/portal\/?p=26940"},"modified":"2019-05-13T10:57:48","modified_gmt":"2019-05-13T13:57:48","slug":"highlights-festival-boutique-fundacion-pablo-atchugarry","status":"publish","type":"post","link":"https:\/\/cooltivarte.com\/portal\/highlights-festival-boutique-fundacion-pablo-atchugarry\/","title":{"rendered":"Highlights Festival Boutique Fundacion Pablo Atchugarry"},"content":{"rendered":"<p><strong><a href=\"https:\/\/www.facebook.com\/highlightsfest\/\" target=\"_blank\" rel=\"noopener\">Highlights<\/a><\/strong> es el primer festival boutique&nbsp;de Punta del Este. Un evento donde la m\u00fasica,&nbsp;el arte y la gastronom\u00eda, se combinan para&nbsp;vivir m\u00faltiples experiencias en un solo lugar,&nbsp;orientado 100% a la familia.<\/p>\n<p>M\u00fasica en vivo, djs, gastronom\u00eda a cargo de los&nbsp;m\u00e1s reconocidos Chefs, instalaciones de arte&nbsp;y actividades para toda la familia son algunas&nbsp;de las tantas experiencias que podr\u00e1n vivir&nbsp;los consumidores en este nuevo universo de&nbsp;festivales.<\/p>\n<p><strong><a href=\"https:\/\/www.facebook.com\/highlightsfest\/\" target=\"_blank\" rel=\"noopener\">Highlights<\/a><\/strong> re\u00fane los artistas m\u00e1s destacados&nbsp;del momento, proponiendo contenidos frescos&nbsp;en un espacio conectado con la naturaleza en&nbsp;plena temporada de verano.<\/p>\n<p><strong><a href=\"https:\/\/cooltivarte.com\/portal\/?s=Juana+Molina\">Juana Molina<\/a>, <a href=\"https:\/\/cooltivarte.com\/portal\/?s=Jorge+Drexler\">Jorge Drexler<\/a>, PONCHO, Villa Diamante, Silver City, DeWalta, Fosky, Janina, Gonzalo Solimano, Joaqu\u00edn Plada, Manglus, Agustin Adba, Silver City, Charec, Gulp, Soledad Rodriguez Zubieta, IBIZA PAREO y KOBRA KEI<\/strong>, entre otros.<\/p>\n<p>&nbsp;<\/p>\n<p>Texto:&nbsp;<strong><a href=\"https:\/\/www.facebook.com\/highlightsfest\/\" target=\"_blank\" rel=\"noopener\">Highlights<\/a><\/strong><\/p>\n<p>&nbsp;<\/p>\n<p><strong>Highlights Festival Boutique<\/strong> &#8211; <a href=\"https:\/\/www.facebook.com\/FundacionPabloAtchugarry\/?fref=ts\" target=\"_blank\" rel=\"noopener\"><strong>Fundaci\u00f3n Pablo Atchugarry<\/strong><\/a> &#8211; Enero 2017<\/p>\n<p>&nbsp;<\/p>\n<h3><a href=\"https:\/\/www.facebook.com\/pg\/cooltivartecom\/photos\/?tab=album&amp;album_id=1236906736356237\" target=\"_blank\" rel=\"noopener\">Ver fotogaler\u00eda<\/a><\/h3>\n<p>&nbsp;<\/p>\n<p><iframe style=\"border: none; overflow: hidden;\" src=\"https:\/\/www.facebook.com\/plugins\/post.php?href=https%3A%2F%2Fwww.facebook.com%2Fmedia%2Fset%2F%3Fset%3Da.1236906736356237%26type%3D3&amp;width=500\" scrolling=\"no\" width=\"500\" height=\"709\" frameborder=\"0\"><\/iframe><\/p>\n<p>&nbsp;<\/p>\n<p>&nbsp;<\/p>\n<p>&nbsp;<\/p>\n<p>&nbsp;<\/p>\n","protected":false},"excerpt":{"rendered":"<p>Highlights es el primer festival boutique&nbsp;de Punta del Este. Un evento donde la m\u00fasica,&nbsp;el arte y la gastronom\u00eda, se combinan para&nbsp;vivir m\u00faltiples experiencias en un solo lugar,&nbsp;orientado 100% a la familia. M\u00fasica en vivo, djs, gastronom\u00eda a cargo de los&nbsp;m\u00e1s reconocidos Chefs, instalaciones de arte&nbsp;y actividades para toda la familia son algunas&nbsp;de las tantas experiencias [&hellip;]<\/p>\n","protected":false},"author":72,"featured_media":26941,"comment_status":"closed","ping_status":"closed","sticky":false,"template":"","format":"standard","meta":{"om_disable_all_campaigns":false,"ngg_post_thumbnail":0,"jnews-multi-image_gallery":[],"jnews_single_post":[],"jnews_primary_category":[],"jnews_social_meta":[],"jnews_override_counter":[],"footnotes":""},"categories":[50],"tags":[],"class_list":["post-26940","post","type-post","status-publish","format-standard","has-post-thumbnail","hentry","category-coberturas"],"yoast_head":"<!-- This site is optimized with the Yoast SEO plugin v27.4 - https:\/\/yoast.com\/product\/yoast-seo-wordpress\/ -->\n<title>Highlights Festival Boutique Fundacion Pablo Atchugarry - Cooltivarte Portal<\/title>\n<meta name=\"description\" content=\"COOLTIVARTE.COM es un portal digital colaborativo de actualizaci\u00f3n permanente dedicado a difundir el acontecer art\u00edstico y cultural, entrevista artistas, gestores y productores de las diferentes disciplinas del arte, y publicando art\u00edculos de reflexi\u00f3n de producci\u00f3n propia sobre los elementos culturales.\" \/>\n<meta name=\"robots\" content=\"index, follow, max-snippet:-1, max-image-preview:large, max-video-preview:-1\" \/>\n<link rel=\"canonical\" href=\"https:\/\/cooltivarte.com\/portal\/highlights-festival-boutique-fundacion-pablo-atchugarry\/\" \/>\n<meta property=\"og:locale\" content=\"es_ES\" \/>\n<meta property=\"og:type\" content=\"article\" \/>\n<meta property=\"og:title\" content=\"Highlights Festival Boutique Fundacion Pablo Atchugarry - Cooltivarte Portal\" \/>\n<meta property=\"og:description\" content=\"COOLTIVARTE.COM es un portal digital colaborativo de actualizaci\u00f3n permanente dedicado a difundir el acontecer art\u00edstico y cultural, entrevista artistas, gestores y productores de las diferentes disciplinas del arte, y publicando art\u00edculos de reflexi\u00f3n de producci\u00f3n propia sobre los elementos culturales.\" \/>\n<meta property=\"og:url\" content=\"https:\/\/cooltivarte.com\/portal\/highlights-festival-boutique-fundacion-pablo-atchugarry\/\" \/>\n<meta property=\"og:site_name\" content=\"Cooltivarte Portal\" \/>\n<meta property=\"article:publisher\" content=\"https:\/\/www.facebook.com\/cooltivartecom\/\" \/>\n<meta property=\"article:author\" content=\"https:\/\/www.facebook.com\/photobookuruguay\" \/>\n<meta property=\"article:published_time\" content=\"2017-01-18T03:59:38+00:00\" \/>\n<meta property=\"article:modified_time\" content=\"2019-05-13T13:57:48+00:00\" \/>\n<meta property=\"og:image\" content=\"https:\/\/cooltivarte.com\/portal\/wp-content\/uploads\/2017\/01\/Highlights-Festival-Boutique-Fundaci\u00f3n-Pablo-Atchugarry-Enero-2017-Foto-Mart\u00edn-Pereira.jpg\" \/>\n\t<meta property=\"og:image:width\" content=\"1200\" \/>\n\t<meta property=\"og:image:height\" content=\"800\" \/>\n\t<meta property=\"og:image:type\" content=\"image\/jpeg\" \/>\n<meta name=\"author\" content=\"Martin Pereira\" \/>\n<meta name=\"twitter:card\" content=\"summary_large_image\" \/>\n<meta name=\"twitter:creator\" content=\"@https:\/\/x.com\/Photobookuy\" \/>\n<meta name=\"twitter:site\" content=\"@obolocultural\" \/>\n<meta name=\"twitter:label1\" content=\"Escrito por\" \/>\n\t<meta name=\"twitter:data1\" content=\"Martin Pereira\" \/>\n\t<meta name=\"twitter:label2\" content=\"Tiempo de lectura\" \/>\n\t<meta name=\"twitter:data2\" content=\"1 minuto\" \/>\n<!-- \/ Yoast SEO plugin. -->","yoast_head_json":{"title":"Highlights Festival Boutique Fundacion Pablo Atchugarry - Cooltivarte Portal","description":"COOLTIVARTE.COM es un portal digital colaborativo de actualizaci\u00f3n permanente dedicado a difundir el acontecer art\u00edstico y cultural, entrevista artistas, gestores y productores de las diferentes disciplinas del arte, y publicando art\u00edculos de reflexi\u00f3n de producci\u00f3n propia sobre los elementos culturales.","robots":{"index":"index","follow":"follow","max-snippet":"max-snippet:-1","max-image-preview":"max-image-preview:large","max-video-preview":"max-video-preview:-1"},"canonical":"https:\/\/cooltivarte.com\/portal\/highlights-festival-boutique-fundacion-pablo-atchugarry\/","og_locale":"es_ES","og_type":"article","og_title":"Highlights Festival Boutique Fundacion Pablo Atchugarry - Cooltivarte Portal","og_description":"COOLTIVARTE.COM es un portal digital colaborativo de actualizaci\u00f3n permanente dedicado a difundir el acontecer art\u00edstico y cultural, entrevista artistas, gestores y productores de las diferentes disciplinas del arte, y publicando art\u00edculos de reflexi\u00f3n de producci\u00f3n propia sobre los elementos culturales.","og_url":"https:\/\/cooltivarte.com\/portal\/highlights-festival-boutique-fundacion-pablo-atchugarry\/","og_site_name":"Cooltivarte Portal","article_publisher":"https:\/\/www.facebook.com\/cooltivartecom\/","article_author":"https:\/\/www.facebook.com\/photobookuruguay","article_published_time":"2017-01-18T03:59:38+00:00","article_modified_time":"2019-05-13T13:57:48+00:00","og_image":[{"width":1200,"height":800,"url":"https:\/\/cooltivarte.com\/portal\/wp-content\/uploads\/2017\/01\/Highlights-Festival-Boutique-Fundaci\u00f3n-Pablo-Atchugarry-Enero-2017-Foto-Mart\u00edn-Pereira.jpg","type":"image\/jpeg"}],"author":"Martin Pereira","twitter_card":"summary_large_image","twitter_creator":"@https:\/\/x.com\/Photobookuy","twitter_site":"@obolocultural","twitter_misc":{"Escrito por":"Martin Pereira","Tiempo de lectura":"1 minuto"},"schema":{"@context":"https:\/\/schema.org","@graph":[{"@type":"NewsArticle","@id":"https:\/\/cooltivarte.com\/portal\/highlights-festival-boutique-fundacion-pablo-atchugarry\/#article","isPartOf":{"@id":"https:\/\/cooltivarte.com\/portal\/highlights-festival-boutique-fundacion-pablo-atchugarry\/"},"author":{"name":"Martin Pereira","@id":"https:\/\/cooltivarte.com\/portal\/#\/schema\/person\/b2e4c065e3904d17917cfdfd0e18ce0c"},"headline":"Highlights Festival Boutique Fundacion Pablo Atchugarry","datePublished":"2017-01-18T03:59:38+00:00","dateModified":"2019-05-13T13:57:48+00:00","mainEntityOfPage":{"@id":"https:\/\/cooltivarte.com\/portal\/highlights-festival-boutique-fundacion-pablo-atchugarry\/"},"wordCount":180,"publisher":{"@id":"https:\/\/cooltivarte.com\/portal\/#organization"},"image":{"@id":"https:\/\/cooltivarte.com\/portal\/highlights-festival-boutique-fundacion-pablo-atchugarry\/#primaryimage"},"thumbnailUrl":"https:\/\/cooltivarte.com\/portal\/wp-content\/uploads\/2017\/01\/Highlights-Festival-Boutique-Fundaci\u00f3n-Pablo-Atchugarry-Enero-2017-Foto-Mart\u00edn-Pereira.jpg","articleSection":["Coberturas"],"inLanguage":"es-AR"},{"@type":"WebPage","@id":"https:\/\/cooltivarte.com\/portal\/highlights-festival-boutique-fundacion-pablo-atchugarry\/","url":"https:\/\/cooltivarte.com\/portal\/highlights-festival-boutique-fundacion-pablo-atchugarry\/","name":"Highlights Festival Boutique Fundacion Pablo Atchugarry - Cooltivarte Portal","isPartOf":{"@id":"https:\/\/cooltivarte.com\/portal\/#website"},"primaryImageOfPage":{"@id":"https:\/\/cooltivarte.com\/portal\/highlights-festival-boutique-fundacion-pablo-atchugarry\/#primaryimage"},"image":{"@id":"https:\/\/cooltivarte.com\/portal\/highlights-festival-boutique-fundacion-pablo-atchugarry\/#primaryimage"},"thumbnailUrl":"https:\/\/cooltivarte.com\/portal\/wp-content\/uploads\/2017\/01\/Highlights-Festival-Boutique-Fundaci\u00f3n-Pablo-Atchugarry-Enero-2017-Foto-Mart\u00edn-Pereira.jpg","datePublished":"2017-01-18T03:59:38+00:00","dateModified":"2019-05-13T13:57:48+00:00","description":"COOLTIVARTE.COM es un portal digital colaborativo de actualizaci\u00f3n permanente dedicado a difundir el acontecer art\u00edstico y cultural, entrevista artistas, gestores y productores de las diferentes disciplinas del arte, y publicando art\u00edculos de reflexi\u00f3n de producci\u00f3n propia sobre los elementos culturales.","breadcrumb":{"@id":"https:\/\/cooltivarte.com\/portal\/highlights-festival-boutique-fundacion-pablo-atchugarry\/#breadcrumb"},"inLanguage":"es-AR","potentialAction":[{"@type":"ReadAction","target":["https:\/\/cooltivarte.com\/portal\/highlights-festival-boutique-fundacion-pablo-atchugarry\/"]}]},{"@type":"ImageObject","inLanguage":"es-AR","@id":"https:\/\/cooltivarte.com\/portal\/highlights-festival-boutique-fundacion-pablo-atchugarry\/#primaryimage","url":"https:\/\/cooltivarte.com\/portal\/wp-content\/uploads\/2017\/01\/Highlights-Festival-Boutique-Fundaci\u00f3n-Pablo-Atchugarry-Enero-2017-Foto-Mart\u00edn-Pereira.jpg","contentUrl":"https:\/\/cooltivarte.com\/portal\/wp-content\/uploads\/2017\/01\/Highlights-Festival-Boutique-Fundaci\u00f3n-Pablo-Atchugarry-Enero-2017-Foto-Mart\u00edn-Pereira.jpg","width":1200,"height":800,"caption":"Highlights Festival Boutique - Fundaci\u00f3n Pablo Atchugarry - Enero 2017 - Foto \u00a9 Mart\u00edn Pereira"},{"@type":"BreadcrumbList","@id":"https:\/\/cooltivarte.com\/portal\/highlights-festival-boutique-fundacion-pablo-atchugarry\/#breadcrumb","itemListElement":[{"@type":"ListItem","position":1,"name":"Portada","item":"https:\/\/cooltivarte.com\/portal\/"},{"@type":"ListItem","position":2,"name":"Highlights Festival Boutique Fundacion Pablo Atchugarry"}]},{"@type":"WebSite","@id":"https:\/\/cooltivarte.com\/portal\/#website","url":"https:\/\/cooltivarte.com\/portal\/","name":"Cooltivarte Portal","description":"Arte, cultura y turismo para el mundo ...","publisher":{"@id":"https:\/\/cooltivarte.com\/portal\/#organization"},"potentialAction":[{"@type":"SearchAction","target":{"@type":"EntryPoint","urlTemplate":"https:\/\/cooltivarte.com\/portal\/?s={search_term_string}"},"query-input":{"@type":"PropertyValueSpecification","valueRequired":true,"valueName":"search_term_string"}}],"inLanguage":"es-AR"},{"@type":"Organization","@id":"https:\/\/cooltivarte.com\/portal\/#organization","name":"cooltivarte","url":"https:\/\/cooltivarte.com\/portal\/","logo":{"@type":"ImageObject","inLanguage":"es-AR","@id":"https:\/\/cooltivarte.com\/portal\/#\/schema\/logo\/image\/","url":"https:\/\/cooltivarte.com\/portal\/wp-content\/uploads\/2020\/04\/logo-cooltivarte-v2.png","contentUrl":"https:\/\/cooltivarte.com\/portal\/wp-content\/uploads\/2020\/04\/logo-cooltivarte-v2.png","width":851,"height":243,"caption":"cooltivarte"},"image":{"@id":"https:\/\/cooltivarte.com\/portal\/#\/schema\/logo\/image\/"},"sameAs":["https:\/\/www.facebook.com\/cooltivartecom\/","https:\/\/x.com\/obolocultural","https:\/\/www.instagram.com\/_cooltivarte_\/","https:\/\/www.linkedin.com\/company\/-bolocultural?reportsuccess=8zaNG1HwhPbAR9iQhZ5rfGeqz_vQFftHun0ZWU0Wy9vNemRJ8vtcKdJvzQfW8XagyOJSKg0XvfJ1dp","https:\/\/www.pinterest.com\/cooltivarte\/","https:\/\/cooltivarte.tumblr.com\/","https:\/\/www.tiktok.com\/@cooltivarte","https:\/\/www.youtube.com\/@PrensaCooltivarte"]},{"@type":"Person","@id":"https:\/\/cooltivarte.com\/portal\/#\/schema\/person\/b2e4c065e3904d17917cfdfd0e18ce0c","name":"Martin Pereira","image":{"@type":"ImageObject","inLanguage":"es-AR","@id":"https:\/\/cooltivarte.com\/portal\/wp-content\/uploads\/2015\/09\/Martin-Pereira.jpg","url":"https:\/\/cooltivarte.com\/portal\/wp-content\/uploads\/2015\/09\/Martin-Pereira.jpg","contentUrl":"https:\/\/cooltivarte.com\/portal\/wp-content\/uploads\/2015\/09\/Martin-Pereira.jpg","caption":"Martin Pereira"},"description":"Nace en los setentas en una c\u00e1rcel como muchos amigos. Con el peso de la dictadura, padres presos celdas peque\u00f1as con ausencia de sol Algo parecido a una caja negra Capas por ah\u00ed, luego de muchos a\u00f1os de trabajar con sonido y Backline en escenarios de todo el pa\u00eds, la fotograf\u00eda surge como algo l\u00f3gico consejos de amigos, internet y luego el gran Taller Aquelarre con Lilian Castro, Annabella Balduvino y Adrian Marquis ayudan a su formaci\u00f3n. Hoy hace unos cuantos a\u00f1os que se dedica a la doble tarea de sonido Backline fotograf\u00eda. Trabaja con fotograf\u00eda en su estudio. Realizo muestras fotogr\u00e1ficas en Montevideo e interior del pa\u00eds. Sus Fotograf\u00eda se publican en medios nacionales e internacionales. Habiendo trabajado en la mayor\u00eda de shows internacionales y con casi la totalidad de m\u00fasicos nacionales hoy lleva consigo un mill\u00f3n de im\u00e1genes para compartir. EL estar en ambos lados del escenario tal vez es parte de su mirada. Actualmente dirige La Zapada empresa que fund\u00f3 hace m\u00e1s de 20 a\u00f1os. Funciona como una escuela de sonido, estudio de grabaci\u00f3n, Backline y Salas de ensayo. Y comienza a trabajar con proyectos audiovisuales con bandas nacionales. A podido trabajar con todos sus \u00eddolos menos Sting, pero ya ya se va a dar. Se incorpora a cooltivarte en 2015.","sameAs":["http:\/\/ims.com.uy\/","https:\/\/www.facebook.com\/photobookuruguay","https:\/\/www.instagram.com\/_cooltivarte_\/","https:\/\/www.linkedin.com\/company\/-bolocultural","https:\/\/www.pinterest.com\/cooltivarte","https:\/\/x.com\/https:\/\/x.com\/Photobookuy","https:\/\/www.youtube.com\/@PrensaCooltivarte","https:\/\/www.tumblr.com\/blog\/cooltivarte"],"url":"https:\/\/cooltivarte.com\/portal\/author\/martin-pereira\/"}]}},"_links":{"self":[{"href":"https:\/\/cooltivarte.com\/portal\/wp-json\/wp\/v2\/posts\/26940","targetHints":{"allow":["GET"]}}],"collection":[{"href":"https:\/\/cooltivarte.com\/portal\/wp-json\/wp\/v2\/posts"}],"about":[{"href":"https:\/\/cooltivarte.com\/portal\/wp-json\/wp\/v2\/types\/post"}],"author":[{"embeddable":true,"href":"https:\/\/cooltivarte.com\/portal\/wp-json\/wp\/v2\/users\/72"}],"replies":[{"embeddable":true,"href":"https:\/\/cooltivarte.com\/portal\/wp-json\/wp\/v2\/comments?post=26940"}],"version-history":[{"count":4,"href":"https:\/\/cooltivarte.com\/portal\/wp-json\/wp\/v2\/posts\/26940\/revisions"}],"predecessor-version":[{"id":48336,"href":"https:\/\/cooltivarte.com\/portal\/wp-json\/wp\/v2\/posts\/26940\/revisions\/48336"}],"wp:featuredmedia":[{"embeddable":true,"href":"https:\/\/cooltivarte.com\/portal\/wp-json\/wp\/v2\/media\/26941"}],"wp:attachment":[{"href":"https:\/\/cooltivarte.com\/portal\/wp-json\/wp\/v2\/media?parent=26940"}],"wp:term":[{"taxonomy":"category","embeddable":true,"href":"https:\/\/cooltivarte.com\/portal\/wp-json\/wp\/v2\/categories?post=26940"},{"taxonomy":"post_tag","embeddable":true,"href":"https:\/\/cooltivarte.com\/portal\/wp-json\/wp\/v2\/tags?post=26940"}],"curies":[{"name":"wp","href":"https:\/\/api.w.org\/{rel}","templated":true}]}}