{"id":26935,"date":"2017-01-18T03:21:19","date_gmt":"2017-01-18T03:21:19","guid":{"rendered":"http:\/\/cooltivarte.com\/portal\/?p=26935"},"modified":"2019-05-02T22:54:19","modified_gmt":"2019-05-03T01:54:19","slug":"21o-festival-internacional-de-jazz-de-punta-del-este","status":"publish","type":"post","link":"https:\/\/cooltivarte.com\/portal\/21o-festival-internacional-de-jazz-de-punta-del-este\/","title":{"rendered":"21\u00ba Festival Internacional de Jazz de Punta del Este"},"content":{"rendered":"<h2>Quien ama la m\u00fasica ama la vida<\/h2>\n<p>Todav\u00eda con los ecos de la emoci\u00f3n causada por el brillante festival n\u00famero veinte, tengo la satisfacci\u00f3n de comunicar a todos los seguidores y amigos del <a href=\"http:\/\/Festival Internacional de Jazz de Punta del Este\"><strong>Festival Internacional de Jazz de Punta del Este<\/strong><\/a>, que la edici\u00f3n 21\u00b0 ya est\u00e1 confirmada para realizarse desde el mi\u00e9rcoles 4 al domingo 8 de enero de 2017, contando como siempre, con la presencia del gran <a href=\"https:\/\/cooltivarte.com\/portal\/?s=Paquito\"><strong>Paquito D\u2019 Rivera<\/strong><\/a>.<\/p>\n<p>Luego de veinte festivales y de treinta y un a\u00f1os trabajando sin descanso para el turismo rural y cultural, a uno lo llena de alegr\u00eda constatar que aquella pionera apuesta por organizar un festival de jazz internacional en un tambo de producci\u00f3n lechera haya incidido en incrementar el inter\u00e9s por este g\u00e9nero musical, tanto en Uruguay como en la regi\u00f3n. Tambi\u00e9n nos enorgullece que este Festival reciba una notable atenci\u00f3n en medios de prensa internacionales, y sea considerado entre los festivales de primera l\u00ednea en el mundo, dentro de aquellos \u2014cada vez m\u00e1s escasos\u2014 que se mantienen fieles a la calidad y a la tradici\u00f3n del jazz puro.<\/p>\n<p>Para terminar, quisiera confesarle a los muchos mel\u00f3manos y seguidores del <a href=\"http:\/\/Festival Internacional de Jazz de Punta del Este\">Festival Internacional de Jazz de Punta del Este<\/a>, que sin importar lo dif\u00edciles que puedan ser las circunstancias, mi decisi\u00f3n es continuar con el Festival. Seguramente porque mantengo el mismo entusiasmo y la misma convicci\u00f3n que tuve desde el primer momento por esta propuesta cultural de la que obtuve como contrapartida el privilegio de hacerla. El esfuerzo ha valido y seguir\u00e1 valiendo la pena.<\/p>\n<p><strong>Francisco Yobino<\/strong><br \/>\nCreador, Productor y Director General<\/p>\n<p>Texto:&nbsp;<a href=\"http:\/\/www.festival.com.uy\/#\" target=\"_blank\" rel=\"noopener\">festival.com.uy<\/a><\/p>\n<p>&nbsp;<\/p>\n<p><a href=\"http:\/\/Festival Internacional de Jazz de Punta del Este\"><strong>21\u00ba Festival Internacional de Jazz de Punta del Este<\/strong><\/a><\/p>\n<p>&nbsp;<\/p>\n<h3><a href=\"https:\/\/www.facebook.com\/pg\/cooltivartecom\/photos\/?tab=album&amp;album_id=1239566879423556\" target=\"_blank\" rel=\"noopener\">Ver \u00e1lbum completo en nuestra fanpage de facebook<\/a><\/h3>\n<p>&nbsp;<\/p>\n<p>https:\/\/www.facebook.com\/media\/set\/?set=a.1239566879423556&amp;amp;amp;amp;amp;<\/p>\n<p>&nbsp;<\/p>\n<h4><a href=\"https:\/\/www.facebook.com\/pg\/cooltivartecom\/photos\/?tab=album&amp;album_id=1239566879423556\" target=\"_blank\" rel=\"noopener\">Ver \u00e1lbum completo en nuestra fanpage de facebook<\/a><\/h4>\n<p>&nbsp;<\/p>\n<p>&nbsp;<\/p>\n","protected":false},"excerpt":{"rendered":"<p>Quien ama la m\u00fasica ama la vida Todav\u00eda con los ecos de la emoci\u00f3n causada por el brillante festival n\u00famero veinte, tengo la satisfacci\u00f3n de comunicar a todos los seguidores y amigos del Festival Internacional de Jazz de Punta del Este, que la edici\u00f3n 21\u00b0 ya est\u00e1 confirmada para realizarse desde el mi\u00e9rcoles 4 al [&hellip;]<\/p>\n","protected":false},"author":41,"featured_media":26936,"comment_status":"closed","ping_status":"closed","sticky":false,"template":"","format":"standard","meta":{"om_disable_all_campaigns":false,"ngg_post_thumbnail":0,"jnews-multi-image_gallery":[],"jnews_single_post":[],"jnews_primary_category":[],"jnews_social_meta":[],"jnews_override_counter":[],"footnotes":""},"categories":[50],"tags":[4021,1752,1753,1194],"class_list":["post-26935","post","type-post","status-publish","format-standard","has-post-thumbnail","hentry","category-coberturas","tag-festival-internacional-de-jazz","tag-francisco-yobino","tag-paquito-d-rivera","tag-punta-del-este"],"yoast_head":"<!-- This site is optimized with the Yoast SEO plugin v27.4 - https:\/\/yoast.com\/product\/yoast-seo-wordpress\/ -->\n<title>21\u00ba Festival Internacional de Jazz de Punta del Este - Cooltivarte Portal<\/title>\n<meta name=\"description\" content=\"COOLTIVARTE.COM es un portal digital colaborativo de actualizaci\u00f3n permanente dedicado a difundir el acontecer art\u00edstico y cultural, entrevista artistas, gestores y productores de las diferentes disciplinas del arte, y publicando art\u00edculos de reflexi\u00f3n de producci\u00f3n propia sobre los elementos culturales.\" \/>\n<meta name=\"robots\" content=\"index, follow, max-snippet:-1, max-image-preview:large, max-video-preview:-1\" \/>\n<link rel=\"canonical\" href=\"https:\/\/cooltivarte.com\/portal\/21o-festival-internacional-de-jazz-de-punta-del-este\/\" \/>\n<meta property=\"og:locale\" content=\"es_ES\" \/>\n<meta property=\"og:type\" content=\"article\" \/>\n<meta property=\"og:title\" content=\"21\u00ba Festival Internacional de Jazz de Punta del Este - Cooltivarte Portal\" \/>\n<meta property=\"og:description\" content=\"COOLTIVARTE.COM es un portal digital colaborativo de actualizaci\u00f3n permanente dedicado a difundir el acontecer art\u00edstico y cultural, entrevista artistas, gestores y productores de las diferentes disciplinas del arte, y publicando art\u00edculos de reflexi\u00f3n de producci\u00f3n propia sobre los elementos culturales.\" \/>\n<meta property=\"og:url\" content=\"https:\/\/cooltivarte.com\/portal\/21o-festival-internacional-de-jazz-de-punta-del-este\/\" \/>\n<meta property=\"og:site_name\" content=\"Cooltivarte Portal\" \/>\n<meta property=\"article:publisher\" content=\"https:\/\/www.facebook.com\/cooltivartecom\/\" \/>\n<meta property=\"article:author\" content=\"https:\/\/www.facebook.com\/servando.valero?fref=ts\" \/>\n<meta property=\"article:published_time\" content=\"2017-01-18T03:21:19+00:00\" \/>\n<meta property=\"article:modified_time\" content=\"2019-05-03T01:54:19+00:00\" \/>\n<meta property=\"og:image\" content=\"https:\/\/cooltivarte.com\/portal\/wp-content\/uploads\/2017\/01\/festival-de-jazz-de-punta-del-este-enero-2017-foto-servando-valero.jpg\" \/>\n\t<meta property=\"og:image:width\" content=\"800\" \/>\n\t<meta property=\"og:image:height\" content=\"539\" \/>\n\t<meta property=\"og:image:type\" content=\"image\/jpeg\" \/>\n<meta name=\"author\" content=\"Servando Valero\" \/>\n<meta name=\"twitter:card\" content=\"summary_large_image\" \/>\n<meta name=\"twitter:creator\" content=\"@https:\/\/x.com\/obolocultural\" \/>\n<meta name=\"twitter:site\" content=\"@obolocultural\" \/>\n<meta name=\"twitter:label1\" content=\"Escrito por\" \/>\n\t<meta name=\"twitter:data1\" content=\"Servando Valero\" \/>\n\t<meta name=\"twitter:label2\" content=\"Tiempo de lectura\" \/>\n\t<meta name=\"twitter:data2\" content=\"2 minutos\" \/>\n<!-- \/ Yoast SEO plugin. -->","yoast_head_json":{"title":"21\u00ba Festival Internacional de Jazz de Punta del Este - Cooltivarte Portal","description":"COOLTIVARTE.COM es un portal digital colaborativo de actualizaci\u00f3n permanente dedicado a difundir el acontecer art\u00edstico y cultural, entrevista artistas, gestores y productores de las diferentes disciplinas del arte, y publicando art\u00edculos de reflexi\u00f3n de producci\u00f3n propia sobre los elementos culturales.","robots":{"index":"index","follow":"follow","max-snippet":"max-snippet:-1","max-image-preview":"max-image-preview:large","max-video-preview":"max-video-preview:-1"},"canonical":"https:\/\/cooltivarte.com\/portal\/21o-festival-internacional-de-jazz-de-punta-del-este\/","og_locale":"es_ES","og_type":"article","og_title":"21\u00ba Festival Internacional de Jazz de Punta del Este - Cooltivarte Portal","og_description":"COOLTIVARTE.COM es un portal digital colaborativo de actualizaci\u00f3n permanente dedicado a difundir el acontecer art\u00edstico y cultural, entrevista artistas, gestores y productores de las diferentes disciplinas del arte, y publicando art\u00edculos de reflexi\u00f3n de producci\u00f3n propia sobre los elementos culturales.","og_url":"https:\/\/cooltivarte.com\/portal\/21o-festival-internacional-de-jazz-de-punta-del-este\/","og_site_name":"Cooltivarte Portal","article_publisher":"https:\/\/www.facebook.com\/cooltivartecom\/","article_author":"https:\/\/www.facebook.com\/servando.valero?fref=ts","article_published_time":"2017-01-18T03:21:19+00:00","article_modified_time":"2019-05-03T01:54:19+00:00","og_image":[{"width":800,"height":539,"url":"https:\/\/cooltivarte.com\/portal\/wp-content\/uploads\/2017\/01\/festival-de-jazz-de-punta-del-este-enero-2017-foto-servando-valero.jpg","type":"image\/jpeg"}],"author":"Servando Valero","twitter_card":"summary_large_image","twitter_creator":"@https:\/\/x.com\/obolocultural","twitter_site":"@obolocultural","twitter_misc":{"Escrito por":"Servando Valero","Tiempo de lectura":"2 minutos"},"schema":{"@context":"https:\/\/schema.org","@graph":[{"@type":"NewsArticle","@id":"https:\/\/cooltivarte.com\/portal\/21o-festival-internacional-de-jazz-de-punta-del-este\/#article","isPartOf":{"@id":"https:\/\/cooltivarte.com\/portal\/21o-festival-internacional-de-jazz-de-punta-del-este\/"},"author":{"name":"Servando Valero","@id":"https:\/\/cooltivarte.com\/portal\/#\/schema\/person\/a9c901ded8b890fe72d6c94e6e144121"},"headline":"21\u00ba Festival Internacional de Jazz de Punta del Este","datePublished":"2017-01-18T03:21:19+00:00","dateModified":"2019-05-03T01:54:19+00:00","mainEntityOfPage":{"@id":"https:\/\/cooltivarte.com\/portal\/21o-festival-internacional-de-jazz-de-punta-del-este\/"},"wordCount":337,"publisher":{"@id":"https:\/\/cooltivarte.com\/portal\/#organization"},"image":{"@id":"https:\/\/cooltivarte.com\/portal\/21o-festival-internacional-de-jazz-de-punta-del-este\/#primaryimage"},"thumbnailUrl":"https:\/\/cooltivarte.com\/portal\/wp-content\/uploads\/2017\/01\/festival-de-jazz-de-punta-del-este-enero-2017-foto-servando-valero.jpg","keywords":["Festival Internacional de Jazz","Francisco Yobino","Paquito D' Rivera","Punta del Este"],"articleSection":["Coberturas"],"inLanguage":"es-AR"},{"@type":"WebPage","@id":"https:\/\/cooltivarte.com\/portal\/21o-festival-internacional-de-jazz-de-punta-del-este\/","url":"https:\/\/cooltivarte.com\/portal\/21o-festival-internacional-de-jazz-de-punta-del-este\/","name":"21\u00ba Festival Internacional de Jazz de Punta del Este - Cooltivarte Portal","isPartOf":{"@id":"https:\/\/cooltivarte.com\/portal\/#website"},"primaryImageOfPage":{"@id":"https:\/\/cooltivarte.com\/portal\/21o-festival-internacional-de-jazz-de-punta-del-este\/#primaryimage"},"image":{"@id":"https:\/\/cooltivarte.com\/portal\/21o-festival-internacional-de-jazz-de-punta-del-este\/#primaryimage"},"thumbnailUrl":"https:\/\/cooltivarte.com\/portal\/wp-content\/uploads\/2017\/01\/festival-de-jazz-de-punta-del-este-enero-2017-foto-servando-valero.jpg","datePublished":"2017-01-18T03:21:19+00:00","dateModified":"2019-05-03T01:54:19+00:00","description":"COOLTIVARTE.COM es un portal digital colaborativo de actualizaci\u00f3n permanente dedicado a difundir el acontecer art\u00edstico y cultural, entrevista artistas, gestores y productores de las diferentes disciplinas del arte, y publicando art\u00edculos de reflexi\u00f3n de producci\u00f3n propia sobre los elementos culturales.","breadcrumb":{"@id":"https:\/\/cooltivarte.com\/portal\/21o-festival-internacional-de-jazz-de-punta-del-este\/#breadcrumb"},"inLanguage":"es-AR","potentialAction":[{"@type":"ReadAction","target":["https:\/\/cooltivarte.com\/portal\/21o-festival-internacional-de-jazz-de-punta-del-este\/"]}]},{"@type":"ImageObject","inLanguage":"es-AR","@id":"https:\/\/cooltivarte.com\/portal\/21o-festival-internacional-de-jazz-de-punta-del-este\/#primaryimage","url":"https:\/\/cooltivarte.com\/portal\/wp-content\/uploads\/2017\/01\/festival-de-jazz-de-punta-del-este-enero-2017-foto-servando-valero.jpg","contentUrl":"https:\/\/cooltivarte.com\/portal\/wp-content\/uploads\/2017\/01\/festival-de-jazz-de-punta-del-este-enero-2017-foto-servando-valero.jpg","width":800,"height":539,"caption":"festival de jazz de punta del este enero 2017 foto servando valero"},{"@type":"BreadcrumbList","@id":"https:\/\/cooltivarte.com\/portal\/21o-festival-internacional-de-jazz-de-punta-del-este\/#breadcrumb","itemListElement":[{"@type":"ListItem","position":1,"name":"Portada","item":"https:\/\/cooltivarte.com\/portal\/"},{"@type":"ListItem","position":2,"name":"21\u00ba Festival Internacional de Jazz de Punta del Este"}]},{"@type":"WebSite","@id":"https:\/\/cooltivarte.com\/portal\/#website","url":"https:\/\/cooltivarte.com\/portal\/","name":"Cooltivarte Portal","description":"Arte, cultura y turismo para el mundo ...","publisher":{"@id":"https:\/\/cooltivarte.com\/portal\/#organization"},"potentialAction":[{"@type":"SearchAction","target":{"@type":"EntryPoint","urlTemplate":"https:\/\/cooltivarte.com\/portal\/?s={search_term_string}"},"query-input":{"@type":"PropertyValueSpecification","valueRequired":true,"valueName":"search_term_string"}}],"inLanguage":"es-AR"},{"@type":"Organization","@id":"https:\/\/cooltivarte.com\/portal\/#organization","name":"cooltivarte","url":"https:\/\/cooltivarte.com\/portal\/","logo":{"@type":"ImageObject","inLanguage":"es-AR","@id":"https:\/\/cooltivarte.com\/portal\/#\/schema\/logo\/image\/","url":"https:\/\/cooltivarte.com\/portal\/wp-content\/uploads\/2020\/04\/logo-cooltivarte-v2.png","contentUrl":"https:\/\/cooltivarte.com\/portal\/wp-content\/uploads\/2020\/04\/logo-cooltivarte-v2.png","width":851,"height":243,"caption":"cooltivarte"},"image":{"@id":"https:\/\/cooltivarte.com\/portal\/#\/schema\/logo\/image\/"},"sameAs":["https:\/\/www.facebook.com\/cooltivartecom\/","https:\/\/x.com\/obolocultural","https:\/\/www.instagram.com\/_cooltivarte_\/","https:\/\/www.linkedin.com\/company\/-bolocultural?reportsuccess=8zaNG1HwhPbAR9iQhZ5rfGeqz_vQFftHun0ZWU0Wy9vNemRJ8vtcKdJvzQfW8XagyOJSKg0XvfJ1dp","https:\/\/www.pinterest.com\/cooltivarte\/","https:\/\/cooltivarte.tumblr.com\/","https:\/\/www.tiktok.com\/@cooltivarte","https:\/\/www.youtube.com\/@PrensaCooltivarte"]},{"@type":"Person","@id":"https:\/\/cooltivarte.com\/portal\/#\/schema\/person\/a9c901ded8b890fe72d6c94e6e144121","name":"Servando Valero","image":{"@type":"ImageObject","inLanguage":"es-AR","@id":"https:\/\/cooltivarte.com\/portal\/wp-content\/uploads\/2015\/01\/servando-valero-120x120.jpg","url":"https:\/\/cooltivarte.com\/portal\/wp-content\/uploads\/2015\/01\/servando-valero-120x120.jpg","contentUrl":"https:\/\/cooltivarte.com\/portal\/wp-content\/uploads\/2015\/01\/servando-valero-120x120.jpg","caption":"Servando Valero"},"description":"Nacido en 1979 Servando Valero ha trabajado en Maldonado en el diario Estediario y en la revista cultural Iscariote. Tambi\u00e9n colabor\u00f3 en el semanario Brecha de Montevideo. En el a\u00f1o 2000 realiz\u00f3 el curso b\u00e1sico de Fotograf\u00eda en el Foto Club Uruguayo (FCU) y en 2004 concurri\u00f3 al Taller de Fotorreportaje con el Prof. Daniel Caselli. En 2005 realiza una exposici\u00f3n individual en Casa de la Cultura de Maldonado. En 2007 participa de la exposici\u00f3n colectiva en el Museo Mazzoni (Maldonado). En 2008 tambi\u00e9n es part\u00edcipe de una exposici\u00f3n mixta junto al artista pl\u00e1stico Dar\u00edo Parissi en el XIII\u00ba Festival Internacional de Jazz de Punta del Este. En 2009 y 2010 expuso individualmente en el Museo Mazzoni de Maldonado.","sameAs":["http:\/\/uy.linkedin.com\/pub\/servando-valero\/50\/b19\/74","https:\/\/www.facebook.com\/servando.valero?fref=ts","https:\/\/www.instagram.com\/_cooltivarte_\/","https:\/\/www.linkedin.com\/company\/-bolocultural","https:\/\/www.pinterest.com\/cooltivarte","https:\/\/x.com\/https:\/\/x.com\/obolocultural","https:\/\/www.youtube.com\/channel\/UCnWqVnH5F8gszscFI0Fy1RA","https:\/\/www.tumblr.com\/blog\/cooltivarte"],"url":"https:\/\/cooltivarte.com\/portal\/author\/servando\/"}]}},"_links":{"self":[{"href":"https:\/\/cooltivarte.com\/portal\/wp-json\/wp\/v2\/posts\/26935","targetHints":{"allow":["GET"]}}],"collection":[{"href":"https:\/\/cooltivarte.com\/portal\/wp-json\/wp\/v2\/posts"}],"about":[{"href":"https:\/\/cooltivarte.com\/portal\/wp-json\/wp\/v2\/types\/post"}],"author":[{"embeddable":true,"href":"https:\/\/cooltivarte.com\/portal\/wp-json\/wp\/v2\/users\/41"}],"replies":[{"embeddable":true,"href":"https:\/\/cooltivarte.com\/portal\/wp-json\/wp\/v2\/comments?post=26935"}],"version-history":[{"count":4,"href":"https:\/\/cooltivarte.com\/portal\/wp-json\/wp\/v2\/posts\/26935\/revisions"}],"predecessor-version":[{"id":48136,"href":"https:\/\/cooltivarte.com\/portal\/wp-json\/wp\/v2\/posts\/26935\/revisions\/48136"}],"wp:featuredmedia":[{"embeddable":true,"href":"https:\/\/cooltivarte.com\/portal\/wp-json\/wp\/v2\/media\/26936"}],"wp:attachment":[{"href":"https:\/\/cooltivarte.com\/portal\/wp-json\/wp\/v2\/media?parent=26935"}],"wp:term":[{"taxonomy":"category","embeddable":true,"href":"https:\/\/cooltivarte.com\/portal\/wp-json\/wp\/v2\/categories?post=26935"},{"taxonomy":"post_tag","embeddable":true,"href":"https:\/\/cooltivarte.com\/portal\/wp-json\/wp\/v2\/tags?post=26935"}],"curies":[{"name":"wp","href":"https:\/\/api.w.org\/{rel}","templated":true}]}}