{"id":26894,"date":"2017-01-11T14:28:16","date_gmt":"2017-01-11T14:28:16","guid":{"rendered":"http:\/\/cooltivarte.com\/portal\/?p=26894"},"modified":"2021-09-20T19:56:13","modified_gmt":"2021-09-20T22:56:13","slug":"merli-la-pasion-y-el-desafio-de-pensar","status":"publish","type":"post","link":"https:\/\/cooltivarte.com\/portal\/merli-la-pasion-y-el-desafio-de-pensar\/","title":{"rendered":"\u201cMerl\u00ed\u201d, la pasi\u00f3n y el desaf\u00edo de pensar"},"content":{"rendered":"<figure id=\"attachment_26895\" aria-describedby=\"caption-attachment-26895\" style=\"width: 600px\" class=\"wp-caption aligncenter\"><img fetchpriority=\"high\" decoding=\"async\" class=\"wp-image-26895\" title=\"Serie catalana \u201cMerl\u00ed\u201d, creada por H\u00e9ctor Lozano, que trata Merl\u00ed Bergeron (interpretado por Francesc Orella), Foto: http:\/\/revistayoung.cat\/\" src=\"https:\/\/cooltivarte.com\/portal\/wp-content\/uploads\/2017\/01\/Merli-que-ha-TV3-mes_1481261871_25673120_1233x823-1-300x200.jpg\" alt=\"Serie catalana \u201cMerl\u00ed\u201d, creada por H\u00e9ctor Lozano, que trata Merl\u00ed Bergeron (interpretado por Francesc Orella), Foto: http:\/\/revistayoung.cat\/\" width=\"600\" height=\"400\" srcset=\"https:\/\/cooltivarte.com\/portal\/wp-content\/uploads\/2017\/01\/Merli-que-ha-TV3-mes_1481261871_25673120_1233x823-1-300x200.jpg 300w, https:\/\/cooltivarte.com\/portal\/wp-content\/uploads\/2017\/01\/Merli-que-ha-TV3-mes_1481261871_25673120_1233x823-1-1024x683.jpg 1024w, https:\/\/cooltivarte.com\/portal\/wp-content\/uploads\/2017\/01\/Merli-que-ha-TV3-mes_1481261871_25673120_1233x823-1-768x513.jpg 768w, https:\/\/cooltivarte.com\/portal\/wp-content\/uploads\/2017\/01\/Merli-que-ha-TV3-mes_1481261871_25673120_1233x823-1.jpg 1233w\" sizes=\"(max-width: 600px) 100vw, 600px\" \/><figcaption id=\"caption-attachment-26895\" class=\"wp-caption-text\">Serie catalana \u201cMerl\u00ed\u201d, creada por H\u00e9ctor Lozano, que trata Merl\u00ed Bergeron (interpretado por Francesc Orella), Foto: http:\/\/revistayoung.cat\/<\/figcaption><\/figure>\n<p>Para empezar le toca el turno a la serie catalana \u201c<a href=\"https:\/\/cooltivarte.com\/portal\/?s=Merl\u00ed\" target=\"_blank\" rel=\"noopener\"><strong>Merl\u00ed<\/strong><\/a>\u201d, creada por <strong>H\u00e9ctor Lozano<\/strong>, que trata <strong>Merl\u00ed Bergeron<\/strong> (interpretado por <strong>Francesc Orella<\/strong>), un profesor de filosof\u00eda de secundaria, que desaf\u00eda a sus alumnos a pensar mediante m\u00e9todos poco ortodoxos, lo que arma un importante revuelo entre los alumnos, pero tambi\u00e9n entre sus&nbsp; familias y los dem\u00e1s profesores.<\/p>\n<p>Ya lo estar\u00e1n pensando. S\u00ed, \u201cMerl\u00ed\u201d nos remite necesariamente a la \u201c<strong>Sociedad de los Poetas Muertos<\/strong>\u201d,donde un brillante<strong> Robin Williams<\/strong> interpreta a un profesor de literatura que inspira el cambio en la forma de ver y vivir la vida de sus alumnos.<\/p>\n<p>Merl\u00ed, es un cincuent\u00f3n divorciado que ingresa como profesor suplente a la clase, vive en casa de su madre (una actriz sin pelos en la lengua) , y tiene un hijo, Bruno (David Solans), con el que no tiene una relaci\u00f3n fluida, pero que tendr\u00e1 que vivir con \u00e9l y al mismo tiempo ser su alumno.<\/p>\n<p>Cada cap\u00edtulo de la serie, tiene por t\u00edtulo el nombre de un fil\u00f3sofo o de una escuela de pensamiento, que ser\u00e1 propuesta en clase, para que la trama del episodio deambule m\u00e1s o menos por los carriles de esa forma de ver el mundo.<\/p>\n<p>No es una serie que profundice en el pensamiento filos\u00f3fico de tal o cual pensador. Que quede claro. Pero van pasando Hume, Nietszche, Plat\u00f3n, los esc\u00e9pticos, &nbsp;Foucault, Arist\u00f3teles o S\u00f3crates, relacionando con los problemas individuales de&nbsp; los protagonistas.<\/p>\n<p>\u201cMerl\u00ed\u201d no es (ni creo que lo pretenda ser) una serie compleja ni que esconda argumentos sumamente rebuscados. Muestra una posible historia de una clase de j\u00f3venes con sus dudas, ingenuidades y descubrimientos, revolucionados por la llegada de un profesor con un estilo que los sorprende.<\/p>\n<p>El profesor Merl\u00ed es seductor, pasional, insoportable, contradictorio, ir\u00f3nico, manipulador, creativo, desafiante, y por todo eso genera un amor\u2013odio, que da a la serie una intriga necesaria, basada en la lo inesperado de las reacciones del&nbsp;docente.<\/p>\n<p>\u201cMerl\u00ed\u201d es din\u00e1mica, directa y quiz\u00e1 sea esa simpleza uno de sus puntos fuertes. Luego ser\u00e1 cada espectador quien tendr\u00e1 que hacer por fuera sus propias consideraciones, sus relaciones y la intertextualidad seg\u00fan el esfuerzo y la voluntad que le ponga.<\/p>\n<p>Igualmente la serie reivindica la importancia de la filosof\u00eda, como cuestionadora y cr\u00edtica, en un sistema educativo que no atrae a los j\u00f3venes y que valora el puntaje, la practicidad y la competencia.<\/p>\n<p>Merl\u00ed intenta que no se pierda la capacidad de reflexi\u00f3n, con m\u00e9todos que desaf\u00edan la estructura de las instituciones educativas, logra que sus alumnos se comprometan con la filosof\u00eda, pero sobre todo con la realidad, con sus vidas, sus decisiones y su contexto.<\/p>\n<p>Ense\u00f1ar las reglas y tambi\u00e9n ense\u00f1ar a criticarlas, reflexionar cuando es preciso seguirlas o romperlas, y sobre todo dudar, siempre.<\/p>\n<p>Si curioseamos un poco, podemos encontrar que atr\u00e1s de una aparente liviandad de situaciones cotidianas, est\u00e1 la tensi\u00f3n entre ciencias \u201cduras\u201d y la filosof\u00eda, entre lo cient\u00edficamente comprobable y la reflexi\u00f3n,&nbsp; entre \u201clo que sirve para la vida\u201d (capitalista-consumista)\u201d y el \u201cviru-viru\u201d que menospreciaba Mujica. En fin, esa tensi\u00f3n de siempre, que en varios art\u00edculos el profesor (de filosof\u00eda) <strong><a href=\"la%20tensi\u00f3n%20Vaz%20ferreira%20\u2013%20Grompone\" target=\"_blank\" rel=\"noopener\">Pablo Romero ha sabido explicarnos<\/a><\/strong> en este portal, en su militante reclamo para que no se bombardeen los espacios de las ciencias sociales en la educaci\u00f3n.<\/p>\n<p>Y m\u00e1s all\u00e1 de reflexiones filos\u00f3ficas, de modelos de educaci\u00f3n y roles de los profesores, \u201cMerl\u00ed\u201d es un muy buen contenido televisivo. Es \u00e1gil, entretiene, nos compromete con los personajes y con sus avatares, transcurre din\u00e1micamente y nos deja con ganas de m\u00e1s.<\/p>\n<p>En fin, la invitaci\u00f3n est\u00e1 hecha. \u201cMerl\u00ed\u201d est\u00e1 en Netflix, con su primera temporada, o tambi\u00e9n pueden buscarla en otras plataformas que quien escribe ignora y as\u00ed mirar la segunda temporada. B\u00fasquenla, no se arrepentir\u00e1n.<\/p>\n<p>&nbsp;<\/p>\n<p>&nbsp;<\/p>\n<p>&nbsp;<\/p>\n<p style=\"text-align: center;\"><strong>Merl\u00ed <\/strong><\/p>\n<p style=\"text-align: center;\"><strong>A\u00f1o: 2015<\/strong><\/p>\n<p style=\"text-align: center;\"><strong>Duraci\u00f3n: 50 minutos c\/cap\u00edtulo<\/strong><\/p>\n<p style=\"text-align: center;\"><strong>Pa\u00eds: Espa\u00f1a<\/strong><\/p>\n<p style=\"text-align: center;\"><strong>Producida y emitida por la cadena catalana TV3 (creada y producida por la productora Veranda TV (Grupo God\u00f3 y Boomerang TV)).<\/strong><\/p>\n<p style=\"text-align: center;\"><strong>Director: H\u00e9ctor Lozano (Creador), Eduard Cort\u00e9s, Menna Fit\u00e9<\/strong><\/p>\n<p style=\"text-align: center;\"><strong>Gui\u00f3n: H\u00e9ctor Lozano, Merc\u00e8 S\u00e0rrias, Laia Aguilar<\/strong><\/p>\n<p style=\"text-align: center;\"><strong>M\u00fasica: Xavi Capellas<\/strong><\/p>\n<p style=\"text-align: center;\"><strong>Fotograf\u00eda: Joan Benet<\/strong><\/p>\n<p style=\"text-align: center;\"><strong>Reparto: Francesc Orella, Pere Ponce, Pau Dur\u00e0, Mar del Hoyo, David Solans, Carlos Cuevas, Elisabet Casanovas, Anna M. Barbany, Marta Marco<\/strong><\/p>\n<p style=\"text-align: center;\">Productora: Nova Veranda<\/p>\n<p style=\"text-align: center;\">Web oficial<\/p>\n<p style=\"text-align: center;\"><a href=\"http:\/\/www.ccma.cat\/tv3\/merli\/\" target=\"_blank\" rel=\"noopener\">http:\/\/www.ccma.cat\/tv3\/merli\/<\/a><\/p>\n<p>&nbsp;<\/p>\n<p>Tambi\u00e9n pueden consultar en nuestro portal:<\/p>\n<p><a href=\"https:\/\/cooltivarte.com\/portal\/vaz-ferreira-y-grompone-o-el-divorcio-del-sistema-educativo\/\" target=\"_blank\" rel=\"noopener\">La tensi\u00f3n Vaz ferreira \u2013 Grompone<\/a><\/p>\n<p><a href=\"https:\/\/cooltivarte.com\/portal\/profe-puta-e-inclusion-educativa\/\" target=\"_blank\" rel=\"noopener\">Profe puta e inclusi\u00f3n educativa<\/a><\/p>\n<p><a href=\"https:\/\/cooltivarte.com\/portal\/la-educacion-como-espacio-de-resistencia-y-transformacion\/\" target=\"_blank\" rel=\"noopener\">La educaci\u00f3n como espacio de resistencia y transformaci\u00f3n<\/a><\/p>\n<p>&nbsp;<\/p>\n","protected":false},"excerpt":{"rendered":"<p>Para empezar le toca el turno a la serie catalana \u201cMerl\u00ed\u201d, creada por H\u00e9ctor Lozano, que trata Merl\u00ed Bergeron (interpretado por Francesc Orella), un profesor de filosof\u00eda de secundaria, que desaf\u00eda a sus alumnos a pensar mediante m\u00e9todos poco ortodoxos, lo que arma un importante revuelo entre los alumnos, pero tambi\u00e9n entre sus&nbsp; familias y [&hellip;]<\/p>\n","protected":false},"author":10,"featured_media":26895,"comment_status":"closed","ping_status":"closed","sticky":false,"template":"","format":"standard","meta":{"om_disable_all_campaigns":false,"ngg_post_thumbnail":0,"jnews-multi-image_gallery":[],"jnews_single_post":{"subtitle":"","format":"standard","video":"","gallery":"","source_name":"","source_url":"","via_name":"","via_url":"","override_template":"0","override":[{"template":"1","single_blog_custom":"","parallax":"1","fullscreen":"1","layout":"right-sidebar","sidebar":"default-sidebar","second_sidebar":"default-sidebar","sticky_sidebar":"1","share_position":"top","share_float_style":"share-monocrhome","show_share_counter":"1","show_view_counter":"1","show_featured":"1","show_post_meta":"1","show_post_author":"1","show_post_author_image":"1","show_post_date":"1","post_date_format":"default","post_date_format_custom":"Y\/m\/d","show_post_category":"1","show_post_reading_time":"0","post_reading_time_wpm":"300","show_zoom_button":"0","zoom_button_out_step":"2","zoom_button_in_step":"3","show_post_tag":"1","show_prev_next_post":"1","show_popup_post":"1","number_popup_post":"1","show_author_box":"0","show_post_related":"0","show_inline_post_related":"0"}],"override_image_size":"0","image_override":[{"single_post_thumbnail_size":"crop-500","single_post_gallery_size":"crop-500"}],"trending_post":"0","trending_post_position":"meta","trending_post_label":"Trending","sponsored_post":"0","sponsored_post_label":"Sponsored by","sponsored_post_name":"","sponsored_post_url":"","sponsored_post_logo_enable":"0","sponsored_post_logo":"","sponsored_post_desc":""},"jnews_primary_category":{"id":""},"jnews_social_meta":{"fb_title":"","fb_description":"","fb_image":"","twitter_title":"","twitter_description":"","twitter_image":""},"jnews_override_counter":{"override_view_counter":"0","view_counter_number":"0","override_share_counter":"0","share_counter_number":"0","override_like_counter":"0","like_counter_number":"0","override_dislike_counter":"0","dislike_counter_number":"0"},"footnotes":""},"categories":[72],"tags":[968,6159,6157,6156,6158,6160],"class_list":["post-26894","post","type-post","status-publish","format-standard","has-post-thumbnail","hentry","category-cine","tag-filosofia","tag-francesc-orella","tag-hector-lozano","tag-merli","tag-merli-bergeron","tag-serie-catalana"],"yoast_head":"<!-- This site is optimized with the Yoast SEO plugin v27.5 - https:\/\/yoast.com\/product\/yoast-seo-wordpress\/ -->\n<title>\u201cMerl\u00ed\u201d, la pasi\u00f3n y el desaf\u00edo de pensar - Cooltivarte Portal<\/title>\n<meta name=\"description\" content=\"COOLTIVARTE.COM es un portal digital colaborativo de actualizaci\u00f3n permanente dedicado a difundir el acontecer art\u00edstico y cultural, entrevista artistas, gestores y productores de las diferentes disciplinas del arte, y publicando art\u00edculos de reflexi\u00f3n de producci\u00f3n propia sobre los elementos culturales.\" \/>\n<meta name=\"robots\" content=\"index, follow, max-snippet:-1, max-image-preview:large, max-video-preview:-1\" \/>\n<link rel=\"canonical\" href=\"https:\/\/cooltivarte.com\/portal\/merli-la-pasion-y-el-desafio-de-pensar\/\" \/>\n<meta property=\"og:locale\" content=\"es_ES\" \/>\n<meta property=\"og:type\" content=\"article\" \/>\n<meta property=\"og:title\" content=\"\u201cMerl\u00ed\u201d, la pasi\u00f3n y el desaf\u00edo de pensar - Cooltivarte Portal\" \/>\n<meta property=\"og:description\" content=\"COOLTIVARTE.COM es un portal digital colaborativo de actualizaci\u00f3n permanente dedicado a difundir el acontecer art\u00edstico y cultural, entrevista artistas, gestores y productores de las diferentes disciplinas del arte, y publicando art\u00edculos de reflexi\u00f3n de producci\u00f3n propia sobre los elementos culturales.\" \/>\n<meta property=\"og:url\" content=\"https:\/\/cooltivarte.com\/portal\/merli-la-pasion-y-el-desafio-de-pensar\/\" \/>\n<meta property=\"og:site_name\" content=\"Cooltivarte Portal\" \/>\n<meta property=\"article:publisher\" content=\"https:\/\/www.facebook.com\/cooltivartecom\/\" \/>\n<meta property=\"article:author\" content=\"https:\/\/www.facebook.com\/mauricio.conde.1420\" \/>\n<meta property=\"article:published_time\" content=\"2017-01-11T14:28:16+00:00\" \/>\n<meta property=\"article:modified_time\" content=\"2021-09-20T22:56:13+00:00\" \/>\n<meta property=\"og:image\" content=\"https:\/\/cooltivarte.com\/portal\/wp-content\/uploads\/2017\/01\/Merli-que-ha-TV3-mes_1481261871_25673120_1233x823-1.jpg\" \/>\n\t<meta property=\"og:image:width\" content=\"1233\" \/>\n\t<meta property=\"og:image:height\" content=\"823\" \/>\n\t<meta property=\"og:image:type\" content=\"image\/jpeg\" \/>\n<meta name=\"author\" content=\"Mauricio Conde\" \/>\n<meta name=\"twitter:card\" content=\"summary_large_image\" \/>\n<meta name=\"twitter:creator\" content=\"@https:\/\/x.com\/obolocultural\" \/>\n<meta name=\"twitter:site\" content=\"@obolocultural\" \/>\n<meta name=\"twitter:label1\" content=\"Escrito por\" \/>\n\t<meta name=\"twitter:data1\" content=\"Mauricio Conde\" \/>\n\t<meta name=\"twitter:label2\" content=\"Tiempo de lectura\" \/>\n\t<meta name=\"twitter:data2\" content=\"4 minutos\" \/>\n<!-- \/ Yoast SEO plugin. -->","yoast_head_json":{"title":"\u201cMerl\u00ed\u201d, la pasi\u00f3n y el desaf\u00edo de pensar - Cooltivarte Portal","description":"COOLTIVARTE.COM es un portal digital colaborativo de actualizaci\u00f3n permanente dedicado a difundir el acontecer art\u00edstico y cultural, entrevista artistas, gestores y productores de las diferentes disciplinas del arte, y publicando art\u00edculos de reflexi\u00f3n de producci\u00f3n propia sobre los elementos culturales.","robots":{"index":"index","follow":"follow","max-snippet":"max-snippet:-1","max-image-preview":"max-image-preview:large","max-video-preview":"max-video-preview:-1"},"canonical":"https:\/\/cooltivarte.com\/portal\/merli-la-pasion-y-el-desafio-de-pensar\/","og_locale":"es_ES","og_type":"article","og_title":"\u201cMerl\u00ed\u201d, la pasi\u00f3n y el desaf\u00edo de pensar - Cooltivarte Portal","og_description":"COOLTIVARTE.COM es un portal digital colaborativo de actualizaci\u00f3n permanente dedicado a difundir el acontecer art\u00edstico y cultural, entrevista artistas, gestores y productores de las diferentes disciplinas del arte, y publicando art\u00edculos de reflexi\u00f3n de producci\u00f3n propia sobre los elementos culturales.","og_url":"https:\/\/cooltivarte.com\/portal\/merli-la-pasion-y-el-desafio-de-pensar\/","og_site_name":"Cooltivarte Portal","article_publisher":"https:\/\/www.facebook.com\/cooltivartecom\/","article_author":"https:\/\/www.facebook.com\/mauricio.conde.1420","article_published_time":"2017-01-11T14:28:16+00:00","article_modified_time":"2021-09-20T22:56:13+00:00","og_image":[{"width":1233,"height":823,"url":"https:\/\/cooltivarte.com\/portal\/wp-content\/uploads\/2017\/01\/Merli-que-ha-TV3-mes_1481261871_25673120_1233x823-1.jpg","type":"image\/jpeg"}],"author":"Mauricio Conde","twitter_card":"summary_large_image","twitter_creator":"@https:\/\/x.com\/obolocultural","twitter_site":"@obolocultural","twitter_misc":{"Escrito por":"Mauricio Conde","Tiempo de lectura":"4 minutos"},"schema":{"@context":"https:\/\/schema.org","@graph":[{"@type":"NewsArticle","@id":"https:\/\/cooltivarte.com\/portal\/merli-la-pasion-y-el-desafio-de-pensar\/#article","isPartOf":{"@id":"https:\/\/cooltivarte.com\/portal\/merli-la-pasion-y-el-desafio-de-pensar\/"},"author":{"name":"Mauricio Conde","@id":"https:\/\/cooltivarte.com\/portal\/#\/schema\/person\/dc149811efaf4777782d9d88fec544be"},"headline":"\u201cMerl\u00ed\u201d, la pasi\u00f3n y el desaf\u00edo de pensar","datePublished":"2017-01-11T14:28:16+00:00","dateModified":"2021-09-20T22:56:13+00:00","mainEntityOfPage":{"@id":"https:\/\/cooltivarte.com\/portal\/merli-la-pasion-y-el-desafio-de-pensar\/"},"wordCount":842,"publisher":{"@id":"https:\/\/cooltivarte.com\/portal\/#organization"},"image":{"@id":"https:\/\/cooltivarte.com\/portal\/merli-la-pasion-y-el-desafio-de-pensar\/#primaryimage"},"thumbnailUrl":"https:\/\/cooltivarte.com\/portal\/wp-content\/uploads\/2017\/01\/Merli-que-ha-TV3-mes_1481261871_25673120_1233x823-1.jpg","keywords":["Filosof\u00eda","Francesc Orella","H\u00e9ctor Lozano","Merl\u00ed","Merl\u00ed Bergeron","serie catalana"],"articleSection":["Cine y TV"],"inLanguage":"es-AR"},{"@type":"WebPage","@id":"https:\/\/cooltivarte.com\/portal\/merli-la-pasion-y-el-desafio-de-pensar\/","url":"https:\/\/cooltivarte.com\/portal\/merli-la-pasion-y-el-desafio-de-pensar\/","name":"\u201cMerl\u00ed\u201d, la pasi\u00f3n y el desaf\u00edo de pensar - Cooltivarte Portal","isPartOf":{"@id":"https:\/\/cooltivarte.com\/portal\/#website"},"primaryImageOfPage":{"@id":"https:\/\/cooltivarte.com\/portal\/merli-la-pasion-y-el-desafio-de-pensar\/#primaryimage"},"image":{"@id":"https:\/\/cooltivarte.com\/portal\/merli-la-pasion-y-el-desafio-de-pensar\/#primaryimage"},"thumbnailUrl":"https:\/\/cooltivarte.com\/portal\/wp-content\/uploads\/2017\/01\/Merli-que-ha-TV3-mes_1481261871_25673120_1233x823-1.jpg","datePublished":"2017-01-11T14:28:16+00:00","dateModified":"2021-09-20T22:56:13+00:00","description":"COOLTIVARTE.COM es un portal digital colaborativo de actualizaci\u00f3n permanente dedicado a difundir el acontecer art\u00edstico y cultural, entrevista artistas, gestores y productores de las diferentes disciplinas del arte, y publicando art\u00edculos de reflexi\u00f3n de producci\u00f3n propia sobre los elementos culturales.","breadcrumb":{"@id":"https:\/\/cooltivarte.com\/portal\/merli-la-pasion-y-el-desafio-de-pensar\/#breadcrumb"},"inLanguage":"es-AR","potentialAction":[{"@type":"ReadAction","target":["https:\/\/cooltivarte.com\/portal\/merli-la-pasion-y-el-desafio-de-pensar\/"]}]},{"@type":"ImageObject","inLanguage":"es-AR","@id":"https:\/\/cooltivarte.com\/portal\/merli-la-pasion-y-el-desafio-de-pensar\/#primaryimage","url":"https:\/\/cooltivarte.com\/portal\/wp-content\/uploads\/2017\/01\/Merli-que-ha-TV3-mes_1481261871_25673120_1233x823-1.jpg","contentUrl":"https:\/\/cooltivarte.com\/portal\/wp-content\/uploads\/2017\/01\/Merli-que-ha-TV3-mes_1481261871_25673120_1233x823-1.jpg","width":1233,"height":823,"caption":"erie catalana \u201cMerl\u00ed\u201d, creada por H\u00e9ctor Lozano, que trata Merl\u00ed Bergeron (interpretado por Francesc Orella), Foto: http:\/\/revistayoung.cat\/"},{"@type":"BreadcrumbList","@id":"https:\/\/cooltivarte.com\/portal\/merli-la-pasion-y-el-desafio-de-pensar\/#breadcrumb","itemListElement":[{"@type":"ListItem","position":1,"name":"Portada","item":"https:\/\/cooltivarte.com\/portal\/"},{"@type":"ListItem","position":2,"name":"\u201cMerl\u00ed\u201d, la pasi\u00f3n y el desaf\u00edo de pensar"}]},{"@type":"WebSite","@id":"https:\/\/cooltivarte.com\/portal\/#website","url":"https:\/\/cooltivarte.com\/portal\/","name":"Cooltivarte Portal","description":"Arte, cultura y turismo para el mundo ...","publisher":{"@id":"https:\/\/cooltivarte.com\/portal\/#organization"},"potentialAction":[{"@type":"SearchAction","target":{"@type":"EntryPoint","urlTemplate":"https:\/\/cooltivarte.com\/portal\/?s={search_term_string}"},"query-input":{"@type":"PropertyValueSpecification","valueRequired":true,"valueName":"search_term_string"}}],"inLanguage":"es-AR"},{"@type":"Organization","@id":"https:\/\/cooltivarte.com\/portal\/#organization","name":"cooltivarte","url":"https:\/\/cooltivarte.com\/portal\/","logo":{"@type":"ImageObject","inLanguage":"es-AR","@id":"https:\/\/cooltivarte.com\/portal\/#\/schema\/logo\/image\/","url":"https:\/\/cooltivarte.com\/portal\/wp-content\/uploads\/2020\/04\/logo-cooltivarte-v2.png","contentUrl":"https:\/\/cooltivarte.com\/portal\/wp-content\/uploads\/2020\/04\/logo-cooltivarte-v2.png","width":851,"height":243,"caption":"cooltivarte"},"image":{"@id":"https:\/\/cooltivarte.com\/portal\/#\/schema\/logo\/image\/"},"sameAs":["https:\/\/www.facebook.com\/cooltivartecom\/","https:\/\/x.com\/obolocultural","https:\/\/www.instagram.com\/_cooltivarte_\/","https:\/\/www.linkedin.com\/company\/-bolocultural?reportsuccess=8zaNG1HwhPbAR9iQhZ5rfGeqz_vQFftHun0ZWU0Wy9vNemRJ8vtcKdJvzQfW8XagyOJSKg0XvfJ1dp","https:\/\/www.pinterest.com\/cooltivarte\/","https:\/\/cooltivarte.tumblr.com\/","https:\/\/www.tiktok.com\/@cooltivarte","https:\/\/www.youtube.com\/@PrensaCooltivarte"]},{"@type":"Person","@id":"https:\/\/cooltivarte.com\/portal\/#\/schema\/person\/dc149811efaf4777782d9d88fec544be","name":"Mauricio Conde","image":{"@type":"ImageObject","inLanguage":"es-AR","@id":"https:\/\/cooltivarte.com\/portal\/wp-content\/uploads\/2015\/03\/fotomconde-120x120.jpg","url":"https:\/\/cooltivarte.com\/portal\/wp-content\/uploads\/2015\/03\/fotomconde-120x120.jpg","contentUrl":"https:\/\/cooltivarte.com\/portal\/wp-content\/uploads\/2015\/03\/fotomconde-120x120.jpg","caption":"Mauricio Conde"},"description":"Naci\u00f3 en San Jos\u00e9 el 23 de mayo de 1983. En 2010 conoci\u00f3 a Federico Meneses, impulsor de \u00f3bolo cultural y m\u00e1s tarde de cooltivarte.com, y se incorpor\u00f3 como co-director y editor responsable de ese medio digital. En COOLTIVARTE tambi\u00e9n redacta y dise\u00f1a art\u00edculos, entrevistas e informaci\u00f3n sobre el quehacer art\u00edstico y cultural existente en el pa\u00eds. Siempre curioso por seguir aprendiendo elementos vinculados a la cultura, el arte y la educaci\u00f3n.","sameAs":["https:\/\/www.cooltivarte.com","https:\/\/www.facebook.com\/mauricio.conde.1420","https:\/\/www.instagram.com\/_cooltivarte_\/","https:\/\/www.linkedin.com\/company\/-bolocultural","https:\/\/www.pinterest.com\/cooltivarte","https:\/\/x.com\/https:\/\/x.com\/obolocultural","https:\/\/www.youtube.com\/@PrensaCooltivarte","https:\/\/www.tumblr.com\/blog\/cooltivarte"],"url":"https:\/\/cooltivarte.com\/portal\/author\/mauricio\/"}]}},"_links":{"self":[{"href":"https:\/\/cooltivarte.com\/portal\/wp-json\/wp\/v2\/posts\/26894","targetHints":{"allow":["GET"]}}],"collection":[{"href":"https:\/\/cooltivarte.com\/portal\/wp-json\/wp\/v2\/posts"}],"about":[{"href":"https:\/\/cooltivarte.com\/portal\/wp-json\/wp\/v2\/types\/post"}],"author":[{"embeddable":true,"href":"https:\/\/cooltivarte.com\/portal\/wp-json\/wp\/v2\/users\/10"}],"replies":[{"embeddable":true,"href":"https:\/\/cooltivarte.com\/portal\/wp-json\/wp\/v2\/comments?post=26894"}],"version-history":[{"count":13,"href":"https:\/\/cooltivarte.com\/portal\/wp-json\/wp\/v2\/posts\/26894\/revisions"}],"predecessor-version":[{"id":74127,"href":"https:\/\/cooltivarte.com\/portal\/wp-json\/wp\/v2\/posts\/26894\/revisions\/74127"}],"wp:featuredmedia":[{"embeddable":true,"href":"https:\/\/cooltivarte.com\/portal\/wp-json\/wp\/v2\/media\/26895"}],"wp:attachment":[{"href":"https:\/\/cooltivarte.com\/portal\/wp-json\/wp\/v2\/media?parent=26894"}],"wp:term":[{"taxonomy":"category","embeddable":true,"href":"https:\/\/cooltivarte.com\/portal\/wp-json\/wp\/v2\/categories?post=26894"},{"taxonomy":"post_tag","embeddable":true,"href":"https:\/\/cooltivarte.com\/portal\/wp-json\/wp\/v2\/tags?post=26894"}],"curies":[{"name":"wp","href":"https:\/\/api.w.org\/{rel}","templated":true}]}}