{"id":26398,"date":"2016-12-15T13:59:16","date_gmt":"2016-12-15T13:59:16","guid":{"rendered":"http:\/\/cooltivarte.com\/portal\/?p=26398"},"modified":"2016-12-15T23:44:47","modified_gmt":"2016-12-15T23:44:47","slug":"requiem-aeternam-entrevista-a-jose-romero","status":"publish","type":"post","link":"https:\/\/cooltivarte.com\/portal\/requiem-aeternam-entrevista-a-jose-romero\/","title":{"rendered":"Requiem Aeternam. Entrevista a Jos\u00e9 Romero"},"content":{"rendered":"<p style=\"text-align: justify;\">Luego de shows (Tacuaremb\u00f3 y Concordia) <a href=\"https:\/\/www.facebook.com\/requiemaeternam\" target=\"_blank\">Requiem Aeternam<\/a>\u00a0descargaran su propuesta de Metal Filos\u00f3fico, ma\u00f1ana viernes sobre las 22 en\u00a0<a href=\"https:\/\/www.facebook.com\/events\/242062685949277\/?ti=cl\" target=\"_blank\">Amarcord<\/a>\u00a0.<\/p>\n<p style=\"text-align: justify;\">Metal intenso,directo y ejecutado con la experiencia ganada desde 1995 cuando empezaron su historia. Con m\u00fasicos que han pasado por bandas de la trayectoria e importancia para la escena internacional como Amon Amarth, Opeth, Scarpoint e Inner Sanctum, aprovechamos y charlamos con Jos\u00e9 Romero.<\/p>\n<p style=\"text-align: justify;\"><strong class=\"gmail_msg\">-Para comenzar&#8230;muchas gracias por la entrevista!!! \u00bfQu\u00e9 balance hacen de este a\u00f1o?<\/strong><br class=\"gmail_msg\" \/><br class=\"gmail_msg\" \/>-Con esta gira de 2016 estamos cerrando los shows asociados a la promoci\u00f3n de los discos &#8220;Eternal&#8221; (EP, 1995\/2013) y &#8220;Emergent&#8221; (LP\/DVD, 2013), giras que nos llevaron a tocar en Chile, Brasil, Argentina y Uruguay. El balance es muy positivo, pues esto ha servido para posicionar m\u00e1s profundamente la banda en los pa\u00edses del cono sur, y al mismo tiempo cerrar m\u00e1s de dos d\u00e9cadas de trabajo por donde han pasado 5 discos y 5 formaciones de Requiem Aeternam desde nuestros or\u00edgenes en 1995.<br class=\"gmail_msg\" \/><br class=\"gmail_msg\" \/><\/p>\n<p style=\"text-align: justify;\"><strong class=\"gmail_msg\">-Y el balance de estos 20 a\u00f1os&#8230;\u00bfc\u00f3mo empieza el camino de la banda?<\/strong><br class=\"gmail_msg\" \/><br class=\"gmail_msg\" \/>Quiz\u00e1 el aporte m\u00e1s trascendente de la banda en estas dos d\u00e9cadas est\u00e1 en la transici\u00f3n que tuvimos de haber nacido como una banda de black \/ death metal mel\u00f3dico con influencias del canto popular rioplatense y la m\u00fasica cl\u00e1sica, pasando por momentos thrash, doom y progresivo, a crear un nuevo g\u00e9nero art\u00edstico: metal filos\u00f3fico.<\/p>\n<p style=\"text-align: justify;\"><br class=\"gmail_msg\" \/><span class=\"gmail_msg\">&#8211;<\/span><strong class=\"gmail_msg\">\u00bfNadie es profeta en su tierra? o los caminos de la vida los han llevado a tener un historial cada uno de ustedes como m\u00ednimo impresionante<\/strong><br class=\"gmail_msg\" \/><br class=\"gmail_msg\" \/>-Ha perdurado por mas de dos d\u00e9cadas m\u00e1s all\u00e1 de las dificultades y prejuicios. Esto se ha convertido en una caracter\u00edstica asociable a la banda en cierta manera. A pesar de haber estado contra la corriente la mayor\u00eda del tiempo, todav\u00eda seguimos sonando, y en cada disco m\u00e1s profesionalmente.<\/p>\n<p style=\"text-align: justify;\"><strong class=\"gmail_msg\">-\u00bfQu\u00e9 tal estos dos \u00faltimos shows? (Tacuaremb\u00f3 y Concordia)<\/strong><br class=\"gmail_msg\" \/><br class=\"gmail_msg\" \/>-Buenos shows. En Concordia, tocamos ante un p\u00fablico muy nuevo, en una ciudad no tan acostumbrada al metal. Mas salieron fans de RA de la nada y fue gratificante.<br class=\"gmail_msg\" \/>El show de Tacuaremb\u00f3 fue sin dudas nuestro mejor show en el interior de Uruguay. Los tacuaremboenses nos ven como precursores y nos ven como locales, como amigos de la ciudad.<br class=\"gmail_msg\" \/><br class=\"gmail_msg\" \/><\/p>\n<p style=\"text-align: justify;\"><strong class=\"gmail_msg\">-En unos d\u00edas los veremos en Montevideo \u00bfQu\u00e9 se van a encontrar los fans y los que los vean por primera vez?<\/strong><br class=\"gmail_msg\" \/><br class=\"gmail_msg\" \/>-En Montevideo los fans se van a encontrar con un recorrido por la discograf\u00eda de la banda, en donde vamos a tocar algunos temas que nunca tocamos en vivo, lo cual va a complacer tanto a aquellos que ya nos vieron como a los que nos ver\u00e1n por primera vez. Tambi\u00e9n vamos a versionar un cl\u00e1sico de Gardel &#8211; Le Pera.<br class=\"gmail_msg\" \/><br class=\"gmail_msg\" \/><\/p>\n<p style=\"text-align: justify;\"><span class=\"gmail_msg\">&#8211;<\/span><strong class=\"gmail_msg\">Volviendo a las ra\u00edces de la banda,\u00a0<\/strong><strong class=\"gmail_msg\">si lo piensas detenidamente unir filosof\u00eda y metal no es una mala idea pero la idea fue de ustedes \u00bfC\u00f3mo hace la misma?<\/strong><br class=\"gmail_msg\" \/><br class=\"gmail_msg\" \/>-En el pasado ya han habido bandas que han usado temas filos\u00f3ficos en sus letras. Pero nosotros hemos llevado la filosof\u00eda a otro nivel. Esto es, Requiem Aeternam ha sido el pionero en combinar existencialmente las dos disciplinas, al punto que son una y la misma. La filosof\u00eda se nutre de la m\u00fasica y la m\u00fasica de la filosof\u00eda. A pesar de que ya &#8220;Eternally Dying&#8221; y &#8220;Philosopher&#8221; ten\u00edan letras filos\u00f3ficas, es el disco &#8220;Destiny &#8211; Man&#8221; que se convierte en el primer \u00e1lbum de metal filos\u00f3fico en la historia.<br class=\"gmail_msg\" \/><br class=\"gmail_msg\" \/><strong class=\"gmail_msg\">-A la hora de componer.\u00bfEn qu\u00e9 basan las letras?<\/strong><br class=\"gmail_msg\" \/><br class=\"gmail_msg\" \/>-Por consiguiente, las letras de la banda son filos\u00f3ficas. Lo ven\u00edan ya siendo desde el primer tema que compusimos.<br class=\"gmail_msg\" \/><br class=\"gmail_msg\" \/><\/p>\n<p style=\"text-align: justify;\"><strong class=\"gmail_msg\">-\u00bfC\u00f3mo est\u00e1 la situaci\u00f3n del Black Metal tanto en Uruguay como a nivel internacional?<\/strong><br class=\"gmail_msg\" \/><br class=\"gmail_msg\" \/>-En el caso de RA, creo que es un error considerar a la banda como Black Metal puro, pues esto implica letras ocultistas. En la \u00e9poca de la formaci\u00f3n con Mart\u00edn L\u00f3pez, Mart\u00edn M\u00e9ndez, Pablo Magallanes y yo, ese estilo fuertemente influenci\u00f3 la banda. Pero se ha ido desvaneciendo, pues nunca me sent\u00ed identificado con el mismo. Lo mismo con la cultura n\u00f3rdica. Yo soy uruguayo, y valoro m\u00e1s al gaucho que al vikingo.<br class=\"gmail_msg\" \/>La verdad es que estoy bastante desinformado de la situaci\u00f3n tanto nacional como internacional del black metal.<br class=\"gmail_msg\" \/><br class=\"gmail_msg\" \/><strong class=\"gmail_msg\">-En el 90% de los casos la asociaci\u00f3n de Black Metal + Noruega + Iglesia + Fuego es casi imposible de obviar. A varios a\u00f1os de aquellos acontecimientos como parte de la movida a nivel musical \u00bfC\u00f3mo se sintieron con los mismos?<\/strong><br class=\"gmail_msg\" \/><br class=\"gmail_msg\" \/>-Como te dec\u00eda en la pregunta anterior, los miembros primeros fueron muy arraigados a la movida inicial del black metal, aunque m\u00e1s hacia la movida sueca (pues L\u00f3pez es nacido en Suecia). A mi solo me interes\u00f3 la m\u00fasica, a la cual considero brillante, directa y sincera.<\/p>\n<p style=\"text-align: justify;\"><strong class=\"gmail_msg\">-A nivel de imagen,la banda nunca pens\u00f3 en la parte de maquillajes (creo que s\u00f3lo una vez) y dem\u00e1s aderezos o \u00bfcreen que la m\u00fasica es la mejor carta de presentaci\u00f3n?<\/strong><br class=\"gmail_msg\" \/><br class=\"gmail_msg\" \/>-El EP &#8220;Eternal&#8221;, el cual rescata el esp\u00edritu de 1995, nos muestra tanto pintados como sin pintura. Estuvo bueno ese inicio m\u00e1s teatral. Ahora salimos al escenario con una puesta en escena m\u00e1s simple, aunque seria y respetuosa.<\/p>\n<p style=\"text-align: justify;\"><strong class=\"gmail_msg\">-Volviendo a\u00f1os atr\u00e1s \u00bfQu\u00e9 recuerdos tienes de la grabaci\u00f3n de &#8220;Infamy&#8221;? Gran video que lleg\u00f3 a tener su espacio en Mtv.<\/strong><br class=\"gmail_msg\" \/><br class=\"gmail_msg\" \/>-&#8220;Infamy&#8221; es un corte que resume las influencias primeras de la banda: Black &#8211; Death &#8211; Mel\u00f3dico &#8211; Thrash &#8211; M\u00fasica Cl\u00e1sica &#8211; Milonga. La grabamos en pocos minutos, pues ensay\u00e1bamos mucho en esa \u00e9poca. Un tema que se convirti\u00f3 en cl\u00e1sico de la banda sin haberlo intentado.<br class=\"gmail_msg\" \/>Hicimos el video en Canal 4, con la direcci\u00f3n de Daniel Umpierrez, una persona de gran gusto est\u00e9tico.<br class=\"gmail_msg\" \/>Y, sin planificarlo, se meti\u00f3 en medios como MTV Latina y Brasil, siendo una banda nueva. Como que algo m\u00e1gico siempre ha estado asociado a ese tema, por esto lo tocamos al final de nuestros shows.<br class=\"gmail_msg\" \/><br class=\"gmail_msg\" \/><strong class=\"gmail_msg\">-5 discos en los cuales se ve la progresi\u00f3n de la banda. \u00bfEl mejor logrado o el que quiz\u00e1s sea hasta el momento (opini\u00f3n personal) el que refleja lo que la banda ser\u00eda Destiny-Man?<\/strong><br class=\"gmail_msg\" \/><br class=\"gmail_msg\" \/>-Creo que sos el primer periodista que piensa como yo. Sin dudas, &#8220;Destiny-Man&#8221; es el momento m\u00e1s alto de la banda desde el punto de vista art\u00edstico y cient\u00edfico. Mas, por otro lado, cada uno de los 5 discos cumple un rol esencial en nuestra historia.<br class=\"gmail_msg\" \/><br class=\"gmail_msg\" \/><strong class=\"gmail_msg\">-\u00bfPara cu\u00e1ndo un nuevo disco o hay ideas de plasmar en una grabaci\u00f3n la potencia de la banda en vivo?<\/strong><br class=\"gmail_msg\" \/><br class=\"gmail_msg\" \/>-Esta gira culmina un periodo de m\u00e1s de dos d\u00e9cadas. A partir de 2017 empezar\u00e9 a componer el sexto \u00e1lbum de la banda. No podr\u00eda estimar para cuando saldr\u00e1, pues tengo mucha ambici\u00f3n para lograr lo mejor de la banda. Por otro lado, quiero que dicho disco sea acompa\u00f1ado por much\u00edsimos shows, algo que no pas\u00f3 en el pasado. Por lo cual, estimo, ser\u00eda el momento de materializar un \u00e1lbum en vivo. Ojal\u00e1!<br class=\"gmail_msg\" \/><br class=\"gmail_msg\" \/><strong class=\"gmail_msg\">-Mil gracias por el tiempo y si quieren aprovechar para invitar a los lectores a ver un buen concierto de Black Metal&#8230;<\/strong><br class=\"gmail_msg\" \/><br class=\"gmail_msg\" \/>-Mil gracias a ti por la entrevista, mas aclaro que Requiem Aeternam no solo abraza a los fans del black metal, pues incluye tambi\u00e9n a aquellas mentes abiertas a entender nuestra propuesta m\u00e1s personal y \u00fanica: Philosophical Metal!<\/p>\n","protected":false},"excerpt":{"rendered":"<p>Luego de shows (Tacuaremb\u00f3 y Concordia) Requiem Aeternam\u00a0descargaran su propuesta de Metal Filos\u00f3fico, ma\u00f1ana viernes sobre las 22 en\u00a0Amarcord\u00a0. Metal intenso,directo y ejecutado con la experiencia ganada desde 1995 cuando empezaron su historia. Con m\u00fasicos que han pasado por bandas de la trayectoria e importancia para la escena internacional como Amon Amarth, Opeth, Scarpoint e [&hellip;]<\/p>\n","protected":false},"author":77,"featured_media":26403,"comment_status":"closed","ping_status":"closed","sticky":false,"template":"","format":"video","meta":{"om_disable_all_campaigns":false,"ngg_post_thumbnail":0,"jnews-multi-image_gallery":[],"jnews_single_post":[],"jnews_primary_category":[],"jnews_social_meta":[],"jnews_override_counter":[],"footnotes":""},"categories":[3394,59],"tags":[],"class_list":["post-26398","post","type-post","status-publish","format-video","has-post-thumbnail","hentry","category-eventos","category-musicos","post_format-post-format-video"],"yoast_head":"<!-- This site is optimized with the Yoast SEO plugin v27.5 - https:\/\/yoast.com\/product\/yoast-seo-wordpress\/ -->\n<title>Requiem Aeternam. Entrevista a Jos\u00e9 Romero - Cooltivarte Portal<\/title>\n<meta name=\"description\" content=\"COOLTIVARTE.COM es un portal digital colaborativo de actualizaci\u00f3n permanente dedicado a difundir el acontecer art\u00edstico y cultural, entrevista artistas, gestores y productores de las diferentes disciplinas del arte, y publicando art\u00edculos de reflexi\u00f3n de producci\u00f3n propia sobre los elementos culturales.\" \/>\n<meta name=\"robots\" content=\"index, follow, max-snippet:-1, max-image-preview:large, max-video-preview:-1\" \/>\n<link rel=\"canonical\" href=\"https:\/\/cooltivarte.com\/portal\/requiem-aeternam-entrevista-a-jose-romero\/\" \/>\n<meta property=\"og:locale\" content=\"es_ES\" \/>\n<meta property=\"og:type\" content=\"article\" \/>\n<meta property=\"og:title\" content=\"Requiem Aeternam. Entrevista a Jos\u00e9 Romero - Cooltivarte Portal\" \/>\n<meta property=\"og:description\" content=\"COOLTIVARTE.COM es un portal digital colaborativo de actualizaci\u00f3n permanente dedicado a difundir el acontecer art\u00edstico y cultural, entrevista artistas, gestores y productores de las diferentes disciplinas del arte, y publicando art\u00edculos de reflexi\u00f3n de producci\u00f3n propia sobre los elementos culturales.\" \/>\n<meta property=\"og:url\" content=\"https:\/\/cooltivarte.com\/portal\/requiem-aeternam-entrevista-a-jose-romero\/\" \/>\n<meta property=\"og:site_name\" content=\"Cooltivarte Portal\" \/>\n<meta property=\"article:publisher\" content=\"https:\/\/www.facebook.com\/cooltivartecom\/\" \/>\n<meta property=\"article:author\" content=\"https:\/\/www.facebook.com\/Kiss69?hc_location=ufi\" \/>\n<meta property=\"article:published_time\" content=\"2016-12-15T13:59:16+00:00\" \/>\n<meta property=\"article:modified_time\" content=\"2016-12-15T23:44:47+00:00\" \/>\n<meta property=\"og:image\" content=\"https:\/\/cooltivarte.com\/portal\/wp-content\/uploads\/2016\/12\/hqdefault-28.jpg\" \/>\n\t<meta property=\"og:image:width\" content=\"480\" \/>\n\t<meta property=\"og:image:height\" content=\"360\" \/>\n\t<meta property=\"og:image:type\" content=\"image\/jpeg\" \/>\n<meta name=\"author\" content=\"Jos\u00e9 Ottati\" \/>\n<meta name=\"twitter:card\" content=\"summary_large_image\" \/>\n<meta name=\"twitter:creator\" content=\"@https:\/\/x.com\/bcnrockcity\" \/>\n<meta name=\"twitter:site\" content=\"@obolocultural\" \/>\n<meta name=\"twitter:label1\" content=\"Escrito por\" \/>\n\t<meta name=\"twitter:data1\" content=\"Jos\u00e9 Ottati\" \/>\n\t<meta name=\"twitter:label2\" content=\"Tiempo de lectura\" \/>\n\t<meta name=\"twitter:data2\" content=\"7 minutos\" \/>\n<!-- \/ Yoast SEO plugin. -->","yoast_head_json":{"title":"Requiem Aeternam. Entrevista a Jos\u00e9 Romero - Cooltivarte Portal","description":"COOLTIVARTE.COM es un portal digital colaborativo de actualizaci\u00f3n permanente dedicado a difundir el acontecer art\u00edstico y cultural, entrevista artistas, gestores y productores de las diferentes disciplinas del arte, y publicando art\u00edculos de reflexi\u00f3n de producci\u00f3n propia sobre los elementos culturales.","robots":{"index":"index","follow":"follow","max-snippet":"max-snippet:-1","max-image-preview":"max-image-preview:large","max-video-preview":"max-video-preview:-1"},"canonical":"https:\/\/cooltivarte.com\/portal\/requiem-aeternam-entrevista-a-jose-romero\/","og_locale":"es_ES","og_type":"article","og_title":"Requiem Aeternam. Entrevista a Jos\u00e9 Romero - Cooltivarte Portal","og_description":"COOLTIVARTE.COM es un portal digital colaborativo de actualizaci\u00f3n permanente dedicado a difundir el acontecer art\u00edstico y cultural, entrevista artistas, gestores y productores de las diferentes disciplinas del arte, y publicando art\u00edculos de reflexi\u00f3n de producci\u00f3n propia sobre los elementos culturales.","og_url":"https:\/\/cooltivarte.com\/portal\/requiem-aeternam-entrevista-a-jose-romero\/","og_site_name":"Cooltivarte Portal","article_publisher":"https:\/\/www.facebook.com\/cooltivartecom\/","article_author":"https:\/\/www.facebook.com\/Kiss69?hc_location=ufi","article_published_time":"2016-12-15T13:59:16+00:00","article_modified_time":"2016-12-15T23:44:47+00:00","og_image":[{"width":480,"height":360,"url":"https:\/\/cooltivarte.com\/portal\/wp-content\/uploads\/2016\/12\/hqdefault-28.jpg","type":"image\/jpeg"}],"author":"Jos\u00e9 Ottati","twitter_card":"summary_large_image","twitter_creator":"@https:\/\/x.com\/bcnrockcity","twitter_site":"@obolocultural","twitter_misc":{"Escrito por":"Jos\u00e9 Ottati","Tiempo de lectura":"7 minutos"},"schema":{"@context":"https:\/\/schema.org","@graph":[{"@type":"NewsArticle","@id":"https:\/\/cooltivarte.com\/portal\/requiem-aeternam-entrevista-a-jose-romero\/#article","isPartOf":{"@id":"https:\/\/cooltivarte.com\/portal\/requiem-aeternam-entrevista-a-jose-romero\/"},"author":{"name":"Jos\u00e9 Ottati","@id":"https:\/\/cooltivarte.com\/portal\/#\/schema\/person\/c180eb78c32551ec2676a951dbe165fb"},"headline":"Requiem Aeternam. Entrevista a Jos\u00e9 Romero","datePublished":"2016-12-15T13:59:16+00:00","dateModified":"2016-12-15T23:44:47+00:00","mainEntityOfPage":{"@id":"https:\/\/cooltivarte.com\/portal\/requiem-aeternam-entrevista-a-jose-romero\/"},"wordCount":1324,"publisher":{"@id":"https:\/\/cooltivarte.com\/portal\/#organization"},"image":{"@id":"https:\/\/cooltivarte.com\/portal\/requiem-aeternam-entrevista-a-jose-romero\/#primaryimage"},"thumbnailUrl":"https:\/\/cooltivarte.com\/portal\/wp-content\/uploads\/2016\/12\/hqdefault-28.jpg","articleSection":["Eventos","M\u00fasica"],"inLanguage":"es-AR"},{"@type":"WebPage","@id":"https:\/\/cooltivarte.com\/portal\/requiem-aeternam-entrevista-a-jose-romero\/","url":"https:\/\/cooltivarte.com\/portal\/requiem-aeternam-entrevista-a-jose-romero\/","name":"Requiem Aeternam. Entrevista a Jos\u00e9 Romero - Cooltivarte Portal","isPartOf":{"@id":"https:\/\/cooltivarte.com\/portal\/#website"},"primaryImageOfPage":{"@id":"https:\/\/cooltivarte.com\/portal\/requiem-aeternam-entrevista-a-jose-romero\/#primaryimage"},"image":{"@id":"https:\/\/cooltivarte.com\/portal\/requiem-aeternam-entrevista-a-jose-romero\/#primaryimage"},"thumbnailUrl":"https:\/\/cooltivarte.com\/portal\/wp-content\/uploads\/2016\/12\/hqdefault-28.jpg","datePublished":"2016-12-15T13:59:16+00:00","dateModified":"2016-12-15T23:44:47+00:00","description":"COOLTIVARTE.COM es un portal digital colaborativo de actualizaci\u00f3n permanente dedicado a difundir el acontecer art\u00edstico y cultural, entrevista artistas, gestores y productores de las diferentes disciplinas del arte, y publicando art\u00edculos de reflexi\u00f3n de producci\u00f3n propia sobre los elementos culturales.","breadcrumb":{"@id":"https:\/\/cooltivarte.com\/portal\/requiem-aeternam-entrevista-a-jose-romero\/#breadcrumb"},"inLanguage":"es-AR","potentialAction":[{"@type":"ReadAction","target":["https:\/\/cooltivarte.com\/portal\/requiem-aeternam-entrevista-a-jose-romero\/"]}]},{"@type":"ImageObject","inLanguage":"es-AR","@id":"https:\/\/cooltivarte.com\/portal\/requiem-aeternam-entrevista-a-jose-romero\/#primaryimage","url":"https:\/\/cooltivarte.com\/portal\/wp-content\/uploads\/2016\/12\/hqdefault-28.jpg","contentUrl":"https:\/\/cooltivarte.com\/portal\/wp-content\/uploads\/2016\/12\/hqdefault-28.jpg","width":480,"height":360,"caption":"Requiem Aeternam"},{"@type":"BreadcrumbList","@id":"https:\/\/cooltivarte.com\/portal\/requiem-aeternam-entrevista-a-jose-romero\/#breadcrumb","itemListElement":[{"@type":"ListItem","position":1,"name":"Portada","item":"https:\/\/cooltivarte.com\/portal\/"},{"@type":"ListItem","position":2,"name":"Requiem Aeternam. Entrevista a Jos\u00e9 Romero"}]},{"@type":"WebSite","@id":"https:\/\/cooltivarte.com\/portal\/#website","url":"https:\/\/cooltivarte.com\/portal\/","name":"Cooltivarte Portal","description":"Arte, cultura y turismo para el mundo ...","publisher":{"@id":"https:\/\/cooltivarte.com\/portal\/#organization"},"potentialAction":[{"@type":"SearchAction","target":{"@type":"EntryPoint","urlTemplate":"https:\/\/cooltivarte.com\/portal\/?s={search_term_string}"},"query-input":{"@type":"PropertyValueSpecification","valueRequired":true,"valueName":"search_term_string"}}],"inLanguage":"es-AR"},{"@type":"Organization","@id":"https:\/\/cooltivarte.com\/portal\/#organization","name":"cooltivarte","url":"https:\/\/cooltivarte.com\/portal\/","logo":{"@type":"ImageObject","inLanguage":"es-AR","@id":"https:\/\/cooltivarte.com\/portal\/#\/schema\/logo\/image\/","url":"https:\/\/cooltivarte.com\/portal\/wp-content\/uploads\/2020\/04\/logo-cooltivarte-v2.png","contentUrl":"https:\/\/cooltivarte.com\/portal\/wp-content\/uploads\/2020\/04\/logo-cooltivarte-v2.png","width":851,"height":243,"caption":"cooltivarte"},"image":{"@id":"https:\/\/cooltivarte.com\/portal\/#\/schema\/logo\/image\/"},"sameAs":["https:\/\/www.facebook.com\/cooltivartecom\/","https:\/\/x.com\/obolocultural","https:\/\/www.instagram.com\/_cooltivarte_\/","https:\/\/www.linkedin.com\/company\/-bolocultural?reportsuccess=8zaNG1HwhPbAR9iQhZ5rfGeqz_vQFftHun0ZWU0Wy9vNemRJ8vtcKdJvzQfW8XagyOJSKg0XvfJ1dp","https:\/\/www.pinterest.com\/cooltivarte\/","https:\/\/cooltivarte.tumblr.com\/","https:\/\/www.tiktok.com\/@cooltivarte","https:\/\/www.youtube.com\/@PrensaCooltivarte"]},{"@type":"Person","@id":"https:\/\/cooltivarte.com\/portal\/#\/schema\/person\/c180eb78c32551ec2676a951dbe165fb","name":"Jos\u00e9 Ottati","image":{"@type":"ImageObject","inLanguage":"es-AR","@id":"https:\/\/cooltivarte.com\/portal\/wp-content\/uploads\/2014\/05\/ad516503a11cd5ca435acc9bb6523536.png","url":"https:\/\/cooltivarte.com\/portal\/wp-content\/uploads\/2014\/05\/ad516503a11cd5ca435acc9bb6523536.png","contentUrl":"https:\/\/cooltivarte.com\/portal\/wp-content\/uploads\/2014\/05\/ad516503a11cd5ca435acc9bb6523536.png","caption":"Jos\u00e9 Ottati"},"description":"Jos\u00e9 Ottati. Todo empezo cuando vi la pelicula KISS Contra Los Fantasmas Del Parque siendo un ni\u00f1o y la pasi\u00f3n por la m\u00fasica contin\u00faa creciendo.","sameAs":["https:\/\/uy.linkedin.com\/in\/jose-ottati-59b8b48\/es","https:\/\/www.facebook.com\/Kiss69?hc_location=ufi","https:\/\/www.instagram.com\/_cooltivarte_\/","https:\/\/www.linkedin.com\/company\/-bolocultural","https:\/\/www.pinterest.com\/cooltivarte","https:\/\/x.com\/https:\/\/x.com\/bcnrockcity","https:\/\/www.youtube.com\/@PrensaCooltivarte","https:\/\/www.tumblr.com\/blog\/cooltivarte"],"url":"https:\/\/cooltivarte.com\/portal\/author\/jose-ottati\/"}]}},"_links":{"self":[{"href":"https:\/\/cooltivarte.com\/portal\/wp-json\/wp\/v2\/posts\/26398","targetHints":{"allow":["GET"]}}],"collection":[{"href":"https:\/\/cooltivarte.com\/portal\/wp-json\/wp\/v2\/posts"}],"about":[{"href":"https:\/\/cooltivarte.com\/portal\/wp-json\/wp\/v2\/types\/post"}],"author":[{"embeddable":true,"href":"https:\/\/cooltivarte.com\/portal\/wp-json\/wp\/v2\/users\/77"}],"replies":[{"embeddable":true,"href":"https:\/\/cooltivarte.com\/portal\/wp-json\/wp\/v2\/comments?post=26398"}],"version-history":[{"count":7,"href":"https:\/\/cooltivarte.com\/portal\/wp-json\/wp\/v2\/posts\/26398\/revisions"}],"predecessor-version":[{"id":26427,"href":"https:\/\/cooltivarte.com\/portal\/wp-json\/wp\/v2\/posts\/26398\/revisions\/26427"}],"wp:featuredmedia":[{"embeddable":true,"href":"https:\/\/cooltivarte.com\/portal\/wp-json\/wp\/v2\/media\/26403"}],"wp:attachment":[{"href":"https:\/\/cooltivarte.com\/portal\/wp-json\/wp\/v2\/media?parent=26398"}],"wp:term":[{"taxonomy":"category","embeddable":true,"href":"https:\/\/cooltivarte.com\/portal\/wp-json\/wp\/v2\/categories?post=26398"},{"taxonomy":"post_tag","embeddable":true,"href":"https:\/\/cooltivarte.com\/portal\/wp-json\/wp\/v2\/tags?post=26398"}],"curies":[{"name":"wp","href":"https:\/\/api.w.org\/{rel}","templated":true}]}}