{"id":25946,"date":"2016-11-29T02:43:49","date_gmt":"2016-11-29T02:43:49","guid":{"rendered":"http:\/\/cooltivarte.com\/portal\/?p=25946"},"modified":"2016-11-29T02:59:13","modified_gmt":"2016-11-29T02:59:13","slug":"final-de-una-emocion-que-anora-alejandro-balbis-en-el-solis","status":"publish","type":"post","link":"https:\/\/cooltivarte.com\/portal\/final-de-una-emocion-que-anora-alejandro-balbis-en-el-solis\/","title":{"rendered":"\u201cFinal de una emoci\u00f3n que a\u00f1ora\u201d Alejandro Balbis en el Sol\u00eds"},"content":{"rendered":"<p style=\"text-align: justify;\">\u201c<em>Ese sue\u00f1o que aqu\u00ed estoy cumpliendo\u2026<\/em>\u201d<\/p>\n<p style=\"text-align: justify;\">Con estas palabras comenzaba lo que ser\u00eda una ecl\u00e9ctica y maravillosa noche en el gran Sol\u00eds\u2026.<\/p>\n<p style=\"text-align: justify;\">Tel\u00f3n bajo, guitarra y voz flotando en el aire\u2026 el principio.<br \/>\nCuando al fin las grandes cortinas rojas se abrieron y se vieron las tablas y los instrumentos, ah\u00ed estaba, solo \u00e9l, y arrancaba \u201cCanci\u00f3n con vos\u201d<br \/>\nEn ese momento todos pensamos que hab\u00eda sido la elegida solamente a modo de homenaje al t\u00edtulo con el que nos hab\u00eda convocado, aunque poco a poco ir\u00edamos descubriendo de qu\u00e9 se trataba en lo m\u00e1s profundo de su significado.<\/p>\n<p style=\"text-align: justify;\">\u201c<em>&#8230;hoy vamos a construir un concepto\u2026 una canci\u00f3n al lado de otra, una especie de cuadro\u2026<\/em>\u201d<br \/>\nY as\u00ed\u2026.fue<\/p>\n<p style=\"text-align: justify;\">Una tras otras las canciones y los invitados nos remontaban a viejas despedidas carnavaleras, personajes y grabados de la memoria colectiva\u2026<\/p>\n<p style=\"text-align: justify;\">\u201c<em>Qu\u00e9 hermosa que han puesto la noche\u2026<\/em>\u201d esboz\u00f3 un Balbis visiblemente emocionado y expectante de agasajar al hermoso Teatro y a todas esas gentes que lo siguen donde sea que est\u00e9.<\/p>\n<p style=\"text-align: justify;\">Para el arranque de aquello que se ven\u00eda, le toc\u00f3 el turno a <a href=\"https:\/\/cooltivarte.com\/portal\/?s=Dami%C3%A1n+Salina\">Dami\u00e1n Salina<\/a>, con parte de su banda, Daniel Pazos (guitarra), Dami\u00e1n Peraza (guitarra el\u00e9ctrica) y \u201c<em>Lo que espero de t\u00ed<\/em>\u201d&#8230;.<\/p>\n<p style=\"text-align: justify;\">Y se iban sucediendo as\u00ed canciones, instrumentos y m\u00fasicos&#8230; hasta que volaron unas curiosas palabras \u201c<em>para los que tenemos m\u00e1s pasado que futuro\u2026<\/em>\u201d y aparecieron ellos:<br \/>\nPrimero, y solito en el escenario, el turno de Lucas Bueno (15) de Murga La Zafada del Carnaval de las promesas, premio 2016 en la categor\u00eda Labor destacada en Murgas, al que seguidamente acompa\u00f1aron Manuel C\u00e1ceres (10) y Mat\u00edas Molina (8) tambi\u00e9n de La Zafada \u2026. conmovedores e histri\u00f3nicos, como haci\u00e9ndose cargo de tanta belleza. Canciones y movimientos que sacudieron hermosamente la estructura de lo que ven\u00edamos preparados a encontrar.<\/p>\n<p style=\"text-align: justify;\">Ah\u00ed mismo se les uni\u00f3 el grand\u00edsimo Gustavo Montemurro, y aquello ya avizoraba ser fiesta.<\/p>\n<p style=\"text-align: justify;\">\u201c<em>&#8230;se va entendiendo el concepto?&#8230;<\/em>\u201d y si, a esa altura ya est\u00e1bamos todos explicados a pura sorpresa.<br \/>\n\u201c<em>afecto, cari\u00f1o, profunda admiraci\u00f3n\u2026<\/em>\u201d y aparec\u00eda <a href=\"https:\/\/cooltivarte.com\/portal\/?s=El+Alem%C3%A1n\">El Alem\u00e1n<\/a> y volv\u00edamos a cantar y conmovernos.<\/p>\n<p style=\"text-align: justify;\">Dar\u00edo Prieto, Iv\u00e1n Garrone, Paco Guzm\u00e1n, Rodrigo Galv\u00e1n\u2026 todos entraban y se esfumaban de escena de acuerdo a lo que Balbis dibujaba\u2026 siempre de pie\u2026 a puro coraz\u00f3n.<\/p>\n<p style=\"text-align: justify;\">Y ah\u00ed nom\u00e1s, <a href=\"https:\/\/cooltivarte.com\/portal\/?s=Emiliano+y+el+Zurdo\">Emiliano y el Zurdo<\/a>, tremendos constructores de conceptos.<\/p>\n<p style=\"text-align: justify;\"><a href=\"https:\/\/cooltivarte.com\/portal\/?s=Larbanois+%26+Carrero\">Mario Carrero y Eduardo Larbanois<\/a> \u2026 \u201c<em>porque puedo llorar&#8230; porque puedo re\u00edr<\/em>\u201d<\/p>\n<p style=\"text-align: justify;\">Un terremoto de emociones y recuerdos que probablemente hayan tenido que ver con el sacud\u00f3n de tierra del que mucha gente habl\u00f3 esa noche, aunque el epicentro fue en la calle Buenos Aires\u2026 y pudimos entenderlo solo quienes est\u00e1bamos ah\u00ed.<\/p>\n<p style=\"text-align: justify;\">Casi 3 horas el encuentro, nos sacamos el gusto de escuchar al Balbis solo con su guitarra, al Balbis con la fuerza de sus m\u00fasicos, al Balbis profundamente carnavalero, al Balbis &#8211; Spinetta, al Balbis del Gran Pez, al nost\u00e1lgico, al nochero viejo, al amigo, al orgulloso laburante de la canci\u00f3n nuestra&#8230;<\/p>\n<p style=\"text-align: justify;\">Se sac\u00f3 las ganas de viajar por los a\u00f1os y los amigos, vaya privilegio.<\/p>\n<p style=\"text-align: justify;\">Y como si no hubiera sido bastante, luego del tel\u00f3n bajo y las luces de la sala ya encendidas, la troup entera, esa que viaj\u00f3 de ida y vuelta durante el espect\u00e1culo, nos regal\u00f3 la despedida de Asaltantes con Patente (1961)\u2026 a capella, voz fuerte y clara, coraz\u00f3n y extremada alegr\u00eda.<\/p>\n<p style=\"text-align: justify;\">Para emoci\u00f3n, hubo que estar<br \/>\nPara sonre\u00edr, alcanza solamente<br \/>\ncon imaginarlo\u2026<\/p>\n<p style=\"text-align: justify;\">Imagen portada: Alejandro Balbis en Teatro Sol\u00eds &#8211; 24 de noviembre 2016 &#8211; Foto \u00a9 Magdalena Bonifacino<\/p>\n<p>[fbalbum url=https:\/\/www.facebook.com\/media\/set\/?set=a.1199092890137622.1073743003.163210523725869&amp;type=1&amp;l=57b51f39e5]<\/p>\n<p>&nbsp;<\/p>\n<p>&nbsp;<\/p>\n<p>&nbsp;<\/p>\n<p>&nbsp;<\/p>\n","protected":false},"excerpt":{"rendered":"<p>\u201cEse sue\u00f1o que aqu\u00ed estoy cumpliendo\u2026\u201d Con estas palabras comenzaba lo que ser\u00eda una ecl\u00e9ctica y maravillosa noche en el gran Sol\u00eds\u2026. Tel\u00f3n bajo, guitarra y voz flotando en el aire\u2026 el principio. Cuando al fin las grandes cortinas rojas se abrieron y se vieron las tablas y los instrumentos, ah\u00ed estaba, solo \u00e9l, y [&hellip;]<\/p>\n","protected":false},"author":90,"featured_media":25948,"comment_status":"closed","ping_status":"closed","sticky":false,"template":"","format":"standard","meta":{"om_disable_all_campaigns":false,"ngg_post_thumbnail":0,"jnews-multi-image_gallery":[],"jnews_single_post":[],"jnews_primary_category":[],"jnews_social_meta":[],"jnews_override_counter":[],"footnotes":""},"categories":[50],"tags":[],"class_list":["post-25946","post","type-post","status-publish","format-standard","has-post-thumbnail","hentry","category-coberturas"],"yoast_head":"<!-- This site is optimized with the Yoast SEO plugin v27.5 - https:\/\/yoast.com\/product\/yoast-seo-wordpress\/ -->\n<title>\u201cFinal de una emoci\u00f3n que a\u00f1ora\u201d Alejandro Balbis en el Sol\u00eds - Cooltivarte Portal<\/title>\n<meta name=\"description\" content=\"COOLTIVARTE.COM es un portal digital colaborativo de actualizaci\u00f3n permanente dedicado a difundir el acontecer art\u00edstico y cultural, entrevista artistas, gestores y productores de las diferentes disciplinas del arte, y publicando art\u00edculos de reflexi\u00f3n de producci\u00f3n propia sobre los elementos culturales.\" \/>\n<meta name=\"robots\" content=\"index, follow, max-snippet:-1, max-image-preview:large, max-video-preview:-1\" \/>\n<link rel=\"canonical\" href=\"https:\/\/cooltivarte.com\/portal\/final-de-una-emocion-que-anora-alejandro-balbis-en-el-solis\/\" \/>\n<meta property=\"og:locale\" content=\"es_ES\" \/>\n<meta property=\"og:type\" content=\"article\" \/>\n<meta property=\"og:title\" content=\"\u201cFinal de una emoci\u00f3n que a\u00f1ora\u201d Alejandro Balbis en el Sol\u00eds - Cooltivarte Portal\" \/>\n<meta property=\"og:description\" content=\"COOLTIVARTE.COM es un portal digital colaborativo de actualizaci\u00f3n permanente dedicado a difundir el acontecer art\u00edstico y cultural, entrevista artistas, gestores y productores de las diferentes disciplinas del arte, y publicando art\u00edculos de reflexi\u00f3n de producci\u00f3n propia sobre los elementos culturales.\" \/>\n<meta property=\"og:url\" content=\"https:\/\/cooltivarte.com\/portal\/final-de-una-emocion-que-anora-alejandro-balbis-en-el-solis\/\" \/>\n<meta property=\"og:site_name\" content=\"Cooltivarte Portal\" \/>\n<meta property=\"article:publisher\" content=\"https:\/\/www.facebook.com\/cooltivartecom\/\" \/>\n<meta property=\"article:author\" content=\"https:\/\/www.facebook.com\/profile.php?id=1493451235&amp;fref=ts\" \/>\n<meta property=\"article:published_time\" content=\"2016-11-29T02:43:49+00:00\" \/>\n<meta property=\"article:modified_time\" content=\"2016-11-29T02:59:13+00:00\" \/>\n<meta property=\"og:image\" content=\"https:\/\/cooltivarte.com\/portal\/wp-content\/uploads\/2016\/11\/Alejandro-Balbis-en-Teatro-Sol\u00eds-24-de-noviembre-2016-Foto-Magdalena-Bonifacino-.jpg\" \/>\n\t<meta property=\"og:image:width\" content=\"1200\" \/>\n\t<meta property=\"og:image:height\" content=\"900\" \/>\n\t<meta property=\"og:image:type\" content=\"image\/jpeg\" \/>\n<meta name=\"author\" content=\"Ana Aguirrezabal\" \/>\n<meta name=\"twitter:card\" content=\"summary_large_image\" \/>\n<meta name=\"twitter:creator\" content=\"@https:\/\/x.com\/obolocultural\" \/>\n<meta name=\"twitter:site\" content=\"@obolocultural\" \/>\n<meta name=\"twitter:label1\" content=\"Escrito por\" \/>\n\t<meta name=\"twitter:data1\" content=\"Ana Aguirrezabal\" \/>\n\t<meta name=\"twitter:label2\" content=\"Tiempo de lectura\" \/>\n\t<meta name=\"twitter:data2\" content=\"3 minutos\" \/>\n<!-- \/ Yoast SEO plugin. -->","yoast_head_json":{"title":"\u201cFinal de una emoci\u00f3n que a\u00f1ora\u201d Alejandro Balbis en el Sol\u00eds - Cooltivarte Portal","description":"COOLTIVARTE.COM es un portal digital colaborativo de actualizaci\u00f3n permanente dedicado a difundir el acontecer art\u00edstico y cultural, entrevista artistas, gestores y productores de las diferentes disciplinas del arte, y publicando art\u00edculos de reflexi\u00f3n de producci\u00f3n propia sobre los elementos culturales.","robots":{"index":"index","follow":"follow","max-snippet":"max-snippet:-1","max-image-preview":"max-image-preview:large","max-video-preview":"max-video-preview:-1"},"canonical":"https:\/\/cooltivarte.com\/portal\/final-de-una-emocion-que-anora-alejandro-balbis-en-el-solis\/","og_locale":"es_ES","og_type":"article","og_title":"\u201cFinal de una emoci\u00f3n que a\u00f1ora\u201d Alejandro Balbis en el Sol\u00eds - Cooltivarte Portal","og_description":"COOLTIVARTE.COM es un portal digital colaborativo de actualizaci\u00f3n permanente dedicado a difundir el acontecer art\u00edstico y cultural, entrevista artistas, gestores y productores de las diferentes disciplinas del arte, y publicando art\u00edculos de reflexi\u00f3n de producci\u00f3n propia sobre los elementos culturales.","og_url":"https:\/\/cooltivarte.com\/portal\/final-de-una-emocion-que-anora-alejandro-balbis-en-el-solis\/","og_site_name":"Cooltivarte Portal","article_publisher":"https:\/\/www.facebook.com\/cooltivartecom\/","article_author":"https:\/\/www.facebook.com\/profile.php?id=1493451235&fref=ts","article_published_time":"2016-11-29T02:43:49+00:00","article_modified_time":"2016-11-29T02:59:13+00:00","og_image":[{"width":1200,"height":900,"url":"https:\/\/cooltivarte.com\/portal\/wp-content\/uploads\/2016\/11\/Alejandro-Balbis-en-Teatro-Sol\u00eds-24-de-noviembre-2016-Foto-Magdalena-Bonifacino-.jpg","type":"image\/jpeg"}],"author":"Ana Aguirrezabal","twitter_card":"summary_large_image","twitter_creator":"@https:\/\/x.com\/obolocultural","twitter_site":"@obolocultural","twitter_misc":{"Escrito por":"Ana Aguirrezabal","Tiempo de lectura":"3 minutos"},"schema":{"@context":"https:\/\/schema.org","@graph":[{"@type":"NewsArticle","@id":"https:\/\/cooltivarte.com\/portal\/final-de-una-emocion-que-anora-alejandro-balbis-en-el-solis\/#article","isPartOf":{"@id":"https:\/\/cooltivarte.com\/portal\/final-de-una-emocion-que-anora-alejandro-balbis-en-el-solis\/"},"author":{"name":"Ana Aguirrezabal","@id":"https:\/\/cooltivarte.com\/portal\/#\/schema\/person\/6dac061cb386fb1b95d0ca61f86b4544"},"headline":"\u201cFinal de una emoci\u00f3n que a\u00f1ora\u201d Alejandro Balbis en el Sol\u00eds","datePublished":"2016-11-29T02:43:49+00:00","dateModified":"2016-11-29T02:59:13+00:00","mainEntityOfPage":{"@id":"https:\/\/cooltivarte.com\/portal\/final-de-una-emocion-que-anora-alejandro-balbis-en-el-solis\/"},"wordCount":658,"publisher":{"@id":"https:\/\/cooltivarte.com\/portal\/#organization"},"image":{"@id":"https:\/\/cooltivarte.com\/portal\/final-de-una-emocion-que-anora-alejandro-balbis-en-el-solis\/#primaryimage"},"thumbnailUrl":"https:\/\/cooltivarte.com\/portal\/wp-content\/uploads\/2016\/11\/Alejandro-Balbis-en-Teatro-Sol\u00eds-24-de-noviembre-2016-Foto-Magdalena-Bonifacino-.jpg","articleSection":["Coberturas"],"inLanguage":"es-AR"},{"@type":"WebPage","@id":"https:\/\/cooltivarte.com\/portal\/final-de-una-emocion-que-anora-alejandro-balbis-en-el-solis\/","url":"https:\/\/cooltivarte.com\/portal\/final-de-una-emocion-que-anora-alejandro-balbis-en-el-solis\/","name":"\u201cFinal de una emoci\u00f3n que a\u00f1ora\u201d Alejandro Balbis en el Sol\u00eds - Cooltivarte Portal","isPartOf":{"@id":"https:\/\/cooltivarte.com\/portal\/#website"},"primaryImageOfPage":{"@id":"https:\/\/cooltivarte.com\/portal\/final-de-una-emocion-que-anora-alejandro-balbis-en-el-solis\/#primaryimage"},"image":{"@id":"https:\/\/cooltivarte.com\/portal\/final-de-una-emocion-que-anora-alejandro-balbis-en-el-solis\/#primaryimage"},"thumbnailUrl":"https:\/\/cooltivarte.com\/portal\/wp-content\/uploads\/2016\/11\/Alejandro-Balbis-en-Teatro-Sol\u00eds-24-de-noviembre-2016-Foto-Magdalena-Bonifacino-.jpg","datePublished":"2016-11-29T02:43:49+00:00","dateModified":"2016-11-29T02:59:13+00:00","description":"COOLTIVARTE.COM es un portal digital colaborativo de actualizaci\u00f3n permanente dedicado a difundir el acontecer art\u00edstico y cultural, entrevista artistas, gestores y productores de las diferentes disciplinas del arte, y publicando art\u00edculos de reflexi\u00f3n de producci\u00f3n propia sobre los elementos culturales.","breadcrumb":{"@id":"https:\/\/cooltivarte.com\/portal\/final-de-una-emocion-que-anora-alejandro-balbis-en-el-solis\/#breadcrumb"},"inLanguage":"es-AR","potentialAction":[{"@type":"ReadAction","target":["https:\/\/cooltivarte.com\/portal\/final-de-una-emocion-que-anora-alejandro-balbis-en-el-solis\/"]}]},{"@type":"ImageObject","inLanguage":"es-AR","@id":"https:\/\/cooltivarte.com\/portal\/final-de-una-emocion-que-anora-alejandro-balbis-en-el-solis\/#primaryimage","url":"https:\/\/cooltivarte.com\/portal\/wp-content\/uploads\/2016\/11\/Alejandro-Balbis-en-Teatro-Sol\u00eds-24-de-noviembre-2016-Foto-Magdalena-Bonifacino-.jpg","contentUrl":"https:\/\/cooltivarte.com\/portal\/wp-content\/uploads\/2016\/11\/Alejandro-Balbis-en-Teatro-Sol\u00eds-24-de-noviembre-2016-Foto-Magdalena-Bonifacino-.jpg","width":1200,"height":900,"caption":"Alejandro Balbis en Teatro Sol\u00eds - 24 de noviembre 2016 - Foto \u00a9 Magdalena Bonifacino"},{"@type":"BreadcrumbList","@id":"https:\/\/cooltivarte.com\/portal\/final-de-una-emocion-que-anora-alejandro-balbis-en-el-solis\/#breadcrumb","itemListElement":[{"@type":"ListItem","position":1,"name":"Portada","item":"https:\/\/cooltivarte.com\/portal\/"},{"@type":"ListItem","position":2,"name":"\u201cFinal de una emoci\u00f3n que a\u00f1ora\u201d Alejandro Balbis en el Sol\u00eds"}]},{"@type":"WebSite","@id":"https:\/\/cooltivarte.com\/portal\/#website","url":"https:\/\/cooltivarte.com\/portal\/","name":"Cooltivarte Portal","description":"Arte, cultura y turismo para el mundo ...","publisher":{"@id":"https:\/\/cooltivarte.com\/portal\/#organization"},"potentialAction":[{"@type":"SearchAction","target":{"@type":"EntryPoint","urlTemplate":"https:\/\/cooltivarte.com\/portal\/?s={search_term_string}"},"query-input":{"@type":"PropertyValueSpecification","valueRequired":true,"valueName":"search_term_string"}}],"inLanguage":"es-AR"},{"@type":"Organization","@id":"https:\/\/cooltivarte.com\/portal\/#organization","name":"cooltivarte","url":"https:\/\/cooltivarte.com\/portal\/","logo":{"@type":"ImageObject","inLanguage":"es-AR","@id":"https:\/\/cooltivarte.com\/portal\/#\/schema\/logo\/image\/","url":"https:\/\/cooltivarte.com\/portal\/wp-content\/uploads\/2020\/04\/logo-cooltivarte-v2.png","contentUrl":"https:\/\/cooltivarte.com\/portal\/wp-content\/uploads\/2020\/04\/logo-cooltivarte-v2.png","width":851,"height":243,"caption":"cooltivarte"},"image":{"@id":"https:\/\/cooltivarte.com\/portal\/#\/schema\/logo\/image\/"},"sameAs":["https:\/\/www.facebook.com\/cooltivartecom\/","https:\/\/x.com\/obolocultural","https:\/\/www.instagram.com\/_cooltivarte_\/","https:\/\/www.linkedin.com\/company\/-bolocultural?reportsuccess=8zaNG1HwhPbAR9iQhZ5rfGeqz_vQFftHun0ZWU0Wy9vNemRJ8vtcKdJvzQfW8XagyOJSKg0XvfJ1dp","https:\/\/www.pinterest.com\/cooltivarte\/","https:\/\/cooltivarte.tumblr.com\/","https:\/\/www.tiktok.com\/@cooltivarte","https:\/\/www.youtube.com\/@PrensaCooltivarte"]},{"@type":"Person","@id":"https:\/\/cooltivarte.com\/portal\/#\/schema\/person\/6dac061cb386fb1b95d0ca61f86b4544","name":"Ana Aguirrezabal","image":{"@type":"ImageObject","inLanguage":"es-AR","@id":"https:\/\/cooltivarte.com\/portal\/wp-content\/uploads\/2016\/07\/ana-aguirrezabal-120x120.jpg","url":"https:\/\/cooltivarte.com\/portal\/wp-content\/uploads\/2016\/07\/ana-aguirrezabal-120x120.jpg","contentUrl":"https:\/\/cooltivarte.com\/portal\/wp-content\/uploads\/2016\/07\/ana-aguirrezabal-120x120.jpg","caption":"Ana Aguirrezabal"},"description":"Nace en 1974 en la ciudad de San Jos\u00e9 de mayo Incursiona en el dibujo y la pl\u00e1stica desde chiquita, como cualquier ni\u00f1o... Bendecida desde siempre con peque\u00f1os golpes de suerte, gran estudiadora de la vida. En sus a\u00f1os mozos anda entre la Arquitectura y las Bellas Artes.... danzarina Profesional en escuchar con todas las orejas, fan del llanto que lava y de la risa que la lleva hasta \u00e9l\u2026 Muchas veces cree que de tener alas\u2026. pero no es el caso. Vive con una compa\u00f1era que hace de cualquier sitio su lugar en el mundo, y siente una profunda nostalgia por el verano, incluso en pleno enero, porque sabe que termina\u2026 Su color preferido es el blanco, hablar\u00eda todo el d\u00eda en franc\u00e9s, viajar\u00eda sin cesar y volver\u00eda. Se olvida a veces de pagar las cuentas y generalmente siente que el mundo no es para ella\u2026 Nunca trabaj\u00f3 en lo que le gusta... porque a\u00fan no sabe exactamente d\u00f3nde buscar. Le gusta todo lo que se arrime a lo sensible, y dice que es por eso que anda por ac\u00e1... Se incorpora a cooltivarte en 2016","sameAs":["https:\/\/www.facebook.com\/profile.php?id=1493451235&fref=ts","https:\/\/www.instagram.com\/_cooltivarte_\/","https:\/\/www.linkedin.com\/company\/-bolocultural","https:\/\/www.pinterest.com\/cooltivarte","https:\/\/x.com\/https:\/\/x.com\/obolocultural","https:\/\/www.youtube.com\/@PrensaCooltivarte","https:\/\/www.tumblr.com\/blog\/cooltivarte"],"url":"https:\/\/cooltivarte.com\/portal\/author\/ana-aguirrezabal\/"}]}},"_links":{"self":[{"href":"https:\/\/cooltivarte.com\/portal\/wp-json\/wp\/v2\/posts\/25946","targetHints":{"allow":["GET"]}}],"collection":[{"href":"https:\/\/cooltivarte.com\/portal\/wp-json\/wp\/v2\/posts"}],"about":[{"href":"https:\/\/cooltivarte.com\/portal\/wp-json\/wp\/v2\/types\/post"}],"author":[{"embeddable":true,"href":"https:\/\/cooltivarte.com\/portal\/wp-json\/wp\/v2\/users\/90"}],"replies":[{"embeddable":true,"href":"https:\/\/cooltivarte.com\/portal\/wp-json\/wp\/v2\/comments?post=25946"}],"version-history":[{"count":5,"href":"https:\/\/cooltivarte.com\/portal\/wp-json\/wp\/v2\/posts\/25946\/revisions"}],"predecessor-version":[{"id":25952,"href":"https:\/\/cooltivarte.com\/portal\/wp-json\/wp\/v2\/posts\/25946\/revisions\/25952"}],"wp:featuredmedia":[{"embeddable":true,"href":"https:\/\/cooltivarte.com\/portal\/wp-json\/wp\/v2\/media\/25948"}],"wp:attachment":[{"href":"https:\/\/cooltivarte.com\/portal\/wp-json\/wp\/v2\/media?parent=25946"}],"wp:term":[{"taxonomy":"category","embeddable":true,"href":"https:\/\/cooltivarte.com\/portal\/wp-json\/wp\/v2\/categories?post=25946"},{"taxonomy":"post_tag","embeddable":true,"href":"https:\/\/cooltivarte.com\/portal\/wp-json\/wp\/v2\/tags?post=25946"}],"curies":[{"name":"wp","href":"https:\/\/api.w.org\/{rel}","templated":true}]}}