{"id":25906,"date":"2016-11-26T23:40:57","date_gmt":"2016-11-26T23:40:57","guid":{"rendered":"http:\/\/cooltivarte.com\/portal\/?p=25906"},"modified":"2024-06-02T14:58:00","modified_gmt":"2024-06-02T17:58:00","slug":"cuarteto-de-nos-habla-tu-espejo","status":"publish","type":"post","link":"https:\/\/cooltivarte.com\/portal\/cuarteto-de-nos-habla-tu-espejo\/","title":{"rendered":"Cuarteto de Nos &#8220;Habla tu espejo&#8221;"},"content":{"rendered":"<figure id=\"attachment_25907\" aria-describedby=\"caption-attachment-25907\" style=\"width: 960px\" class=\"wp-caption aligncenter\"><img fetchpriority=\"high\" decoding=\"async\" class=\"wp-image-25907 size-full\" title=\"Cuarteto de Nos - Habla tu espejo auditorio del sodre - noviembre 2016 - foto martin pereira\" src=\"https:\/\/cooltivarte.com\/portal\/wp-content\/uploads\/2016\/11\/Cuarteto-de-Nos-Habla-tu-espejo-auditorio-del-sodre-noviembre-2016-foto-martin-pereira.jpg\" alt=\"Cuarteto de Nos - Habla tu espejo auditorio del sodre - noviembre 2016 - foto martin pereira\" width=\"960\" height=\"640\" srcset=\"https:\/\/cooltivarte.com\/portal\/wp-content\/uploads\/2016\/11\/Cuarteto-de-Nos-Habla-tu-espejo-auditorio-del-sodre-noviembre-2016-foto-martin-pereira.jpg 960w, https:\/\/cooltivarte.com\/portal\/wp-content\/uploads\/2016\/11\/Cuarteto-de-Nos-Habla-tu-espejo-auditorio-del-sodre-noviembre-2016-foto-martin-pereira-300x200.jpg 300w, https:\/\/cooltivarte.com\/portal\/wp-content\/uploads\/2016\/11\/Cuarteto-de-Nos-Habla-tu-espejo-auditorio-del-sodre-noviembre-2016-foto-martin-pereira-768x512.jpg 768w\" sizes=\"(max-width: 960px) 100vw, 960px\" \/><figcaption id=\"caption-attachment-25907\" class=\"wp-caption-text\">Cuarteto de Nos &#8211; Habla tu espejo auditorio del sodre &#8211; noviembre 2016 &#8211; foto martin pereira<\/figcaption><\/figure>\n<p>&nbsp;<\/p>\n<p><a href=\"https:\/\/cooltivarte.com\/portal\/?s=CUARTETO+DE+NOS\" target=\"_blank\" rel=\"noopener\"><strong>CUARTETO DE NOS<\/strong><\/a><\/p>\n<p><strong>Cierra el a\u00f1o celebrando <\/strong><br \/>\n<strong>PASADO, PRESENTE Y FUTURO<\/strong><\/p>\n<p>Shows del lunes 21 y martes 22 de noviembre 2016 en el <strong>AUDITORIO NACIONAL DEL SODRE<\/strong>.<br \/>\nTendr\u00e1n motivos varios de celebraci\u00f3n y una puesta en escena muy particular.<\/p>\n<p>Cierran la gira <a href=\"https:\/\/cooltivarte.com\/portal\/?s=HABLA+TU+ESPEJO\" target=\"_blank\" rel=\"noopener\"><strong>HABLA TU ESPEJO<\/strong><\/a><br \/>\nFestejan 10 a\u00f1os de su disco <a href=\"https:\/\/cooltivarte.com\/portal\/?s=RARO\" target=\"_blank\" rel=\"noopener\"><strong>RARO<\/strong><\/a><br \/>\nPresentan un adelanto de su nuevo disco, que saldr\u00e1 para los primeros meses del 2017.<\/p>\n<p>&nbsp;<br \/>\n&nbsp;<\/p>\n<h3>&nbsp;<a href=\"https:\/\/www.facebook.com\/media\/set\/?set=a.1196392603740984&amp;type=3\" target=\"_blank\" rel=\"noopener\">Ir a la fotogaler\u00eda<\/a><\/h3>\n<p><iframe style=\"border: none; overflow: hidden;\" src=\"https:\/\/www.facebook.com\/plugins\/post.php?href=https%3A%2F%2Fwww.facebook.com%2Fmedia%2Fset%2F%3Fset%3Da.1196392603740984%26type%3D3&amp;width=100%\" width=\"100%\" height=\"669\" frameborder=\"0\" scrolling=\"no\"><\/iframe><br \/>\n&nbsp;<br \/>\n&nbsp;<\/p>\n","protected":false},"excerpt":{"rendered":"<p>CUARTETO DE NOS<\/p>\n<p>Cierra el a\u00f1o celebrando<br \/>\nPASADO, PRESENTE Y FUTURO<\/p>\n<p>Shows del lunes 21 y martes 22 de noviembre 2016 en el AUDITORIO NACIONAL DEL SODRE.<br \/>\nTendr\u00e1n motivos varios de celebraci\u00f3n y una puesta en escena muy particular.<\/p>\n<p>Cierran la gira HABLA TU ESPEJO<br \/>\nFestejan 10 a\u00f1os de su disco RARO<br \/>\nPresentan un adelanto de su nuevo disco, que saldr\u00e1 para los primeros meses del 2017.<\/p>\n<p>\u00a0<\/p>\n","protected":false},"author":72,"featured_media":25907,"comment_status":"closed","ping_status":"closed","sticky":false,"template":"","format":"standard","meta":{"om_disable_all_campaigns":false,"ngg_post_thumbnail":0,"jnews-multi-image_gallery":[],"jnews_single_post":{"subtitle":"AUDITORIO NACIONAL DEL SODRE","format":"standard","video":"","gallery":"","source_name":"","source_url":"","via_name":"","via_url":"","override_template":"0","override":[{"template":"4","single_blog_custom":"","parallax":"1","fullscreen":"0","layout":"right-sidebar","sidebar":"default-sidebar","second_sidebar":"default-sidebar","sticky_sidebar":"1","share_position":"bottom","share_float_style":"share-monocrhome","show_share_counter":"1","show_view_counter":"1","show_featured":"1","show_post_meta":"1","show_post_author":"1","show_post_author_image":"1","show_post_date":"1","post_date_format":"default","post_date_format_custom":"Y\/m\/d","show_post_category":"1","show_post_reading_time":"0","post_reading_time_wpm":"300","show_zoom_button":"0","zoom_button_out_step":"2","zoom_button_in_step":"3","show_post_tag":"1","show_prev_next_post":"1","show_popup_post":"1","number_popup_post":"1","show_author_box":"1","show_post_related":"0","show_inline_post_related":"0"}],"override_image_size":"0","image_override":[{"single_post_thumbnail_size":"no-crop","single_post_gallery_size":"crop-500"}],"trending_post":"0","trending_post_position":"meta","trending_post_label":"Trending","sponsored_post":"0","sponsored_post_label":"Sponsored by","sponsored_post_name":"","sponsored_post_url":"","sponsored_post_logo_enable":"0","sponsored_post_logo":"","sponsored_post_desc":"","disable_ad":"0"},"jnews_primary_category":{"id":"","hide":""},"jnews_social_meta":{"fb_title":"","fb_description":"","fb_image":"","twitter_title":"","twitter_description":"","twitter_image":""},"jnews_override_counter":{"override_view_counter":"0","view_counter_number":"0","override_share_counter":"0","share_counter_number":"0","override_like_counter":"0","like_counter_number":"0","override_dislike_counter":"0","dislike_counter_number":"0"},"footnotes":""},"categories":[50],"tags":[1025,99,494,495],"class_list":["post-25906","post","type-post","status-publish","format-standard","has-post-thumbnail","hentry","category-coberturas","tag-auditorio-nacional-del-sodre","tag-cuarteto-de-nos","tag-habla-tu-espejo","tag-raro"],"yoast_head":"<!-- This site is optimized with the Yoast SEO plugin v27.5 - https:\/\/yoast.com\/product\/yoast-seo-wordpress\/ -->\n<title>Cuarteto de Nos &quot;Habla tu espejo&quot; - Cooltivarte Portal<\/title>\n<meta name=\"description\" content=\"CUARTETO DE NOS Cierra el a\u00f1o celebrando PASADO, PRESENTE Y FUTURO Cierran la gira HABLA TU ESPEJO\" \/>\n<meta name=\"robots\" content=\"index, follow, max-snippet:-1, max-image-preview:large, max-video-preview:-1\" \/>\n<link rel=\"canonical\" href=\"https:\/\/cooltivarte.com\/portal\/cuarteto-de-nos-habla-tu-espejo\/\" \/>\n<meta property=\"og:locale\" content=\"es_ES\" \/>\n<meta property=\"og:type\" content=\"article\" \/>\n<meta property=\"og:title\" content=\"Cuarteto de Nos &quot;Habla tu espejo&quot; - Cooltivarte Portal\" \/>\n<meta property=\"og:description\" content=\"CUARTETO DE NOS Cierra el a\u00f1o celebrando PASADO, PRESENTE Y FUTURO Cierran la gira HABLA TU ESPEJO\" \/>\n<meta property=\"og:url\" content=\"https:\/\/cooltivarte.com\/portal\/cuarteto-de-nos-habla-tu-espejo\/\" \/>\n<meta property=\"og:site_name\" content=\"Cooltivarte Portal\" \/>\n<meta property=\"article:publisher\" content=\"https:\/\/www.facebook.com\/cooltivartecom\/\" \/>\n<meta property=\"article:author\" content=\"https:\/\/www.facebook.com\/photobookuruguay\" \/>\n<meta property=\"article:published_time\" content=\"2016-11-26T23:40:57+00:00\" \/>\n<meta property=\"article:modified_time\" content=\"2024-06-02T17:58:00+00:00\" \/>\n<meta property=\"og:image\" content=\"https:\/\/cooltivarte.com\/portal\/wp-content\/uploads\/2016\/11\/Cuarteto-de-Nos-Habla-tu-espejo-auditorio-del-sodre-noviembre-2016-foto-martin-pereira.jpg\" \/>\n\t<meta property=\"og:image:width\" content=\"960\" \/>\n\t<meta property=\"og:image:height\" content=\"640\" \/>\n\t<meta property=\"og:image:type\" content=\"image\/jpeg\" \/>\n<meta name=\"author\" content=\"Martin Pereira\" \/>\n<meta name=\"twitter:card\" content=\"summary_large_image\" \/>\n<meta name=\"twitter:creator\" content=\"@https:\/\/x.com\/Photobookuy\" \/>\n<meta name=\"twitter:site\" content=\"@obolocultural\" \/>\n<meta name=\"twitter:label1\" content=\"Escrito por\" \/>\n\t<meta name=\"twitter:data1\" content=\"Martin Pereira\" \/>\n\t<meta name=\"twitter:label2\" content=\"Tiempo de lectura\" \/>\n\t<meta name=\"twitter:data2\" content=\"1 minuto\" \/>\n<!-- \/ Yoast SEO plugin. -->","yoast_head_json":{"title":"Cuarteto de Nos \"Habla tu espejo\" - Cooltivarte Portal","description":"CUARTETO DE NOS Cierra el a\u00f1o celebrando PASADO, PRESENTE Y FUTURO Cierran la gira HABLA TU ESPEJO","robots":{"index":"index","follow":"follow","max-snippet":"max-snippet:-1","max-image-preview":"max-image-preview:large","max-video-preview":"max-video-preview:-1"},"canonical":"https:\/\/cooltivarte.com\/portal\/cuarteto-de-nos-habla-tu-espejo\/","og_locale":"es_ES","og_type":"article","og_title":"Cuarteto de Nos \"Habla tu espejo\" - Cooltivarte Portal","og_description":"CUARTETO DE NOS Cierra el a\u00f1o celebrando PASADO, PRESENTE Y FUTURO Cierran la gira HABLA TU ESPEJO","og_url":"https:\/\/cooltivarte.com\/portal\/cuarteto-de-nos-habla-tu-espejo\/","og_site_name":"Cooltivarte Portal","article_publisher":"https:\/\/www.facebook.com\/cooltivartecom\/","article_author":"https:\/\/www.facebook.com\/photobookuruguay","article_published_time":"2016-11-26T23:40:57+00:00","article_modified_time":"2024-06-02T17:58:00+00:00","og_image":[{"width":960,"height":640,"url":"https:\/\/cooltivarte.com\/portal\/wp-content\/uploads\/2016\/11\/Cuarteto-de-Nos-Habla-tu-espejo-auditorio-del-sodre-noviembre-2016-foto-martin-pereira.jpg","type":"image\/jpeg"}],"author":"Martin Pereira","twitter_card":"summary_large_image","twitter_creator":"@https:\/\/x.com\/Photobookuy","twitter_site":"@obolocultural","twitter_misc":{"Escrito por":"Martin Pereira","Tiempo de lectura":"1 minuto"},"schema":{"@context":"https:\/\/schema.org","@graph":[{"@type":"NewsArticle","@id":"https:\/\/cooltivarte.com\/portal\/cuarteto-de-nos-habla-tu-espejo\/#article","isPartOf":{"@id":"https:\/\/cooltivarte.com\/portal\/cuarteto-de-nos-habla-tu-espejo\/"},"author":{"name":"Martin Pereira","@id":"https:\/\/cooltivarte.com\/portal\/#\/schema\/person\/b2e4c065e3904d17917cfdfd0e18ce0c"},"headline":"Cuarteto de Nos &#8220;Habla tu espejo&#8221;","datePublished":"2016-11-26T23:40:57+00:00","dateModified":"2024-06-02T17:58:00+00:00","mainEntityOfPage":{"@id":"https:\/\/cooltivarte.com\/portal\/cuarteto-de-nos-habla-tu-espejo\/"},"wordCount":106,"publisher":{"@id":"https:\/\/cooltivarte.com\/portal\/#organization"},"image":{"@id":"https:\/\/cooltivarte.com\/portal\/cuarteto-de-nos-habla-tu-espejo\/#primaryimage"},"thumbnailUrl":"https:\/\/cooltivarte.com\/portal\/wp-content\/uploads\/2016\/11\/Cuarteto-de-Nos-Habla-tu-espejo-auditorio-del-sodre-noviembre-2016-foto-martin-pereira.jpg","keywords":["Auditorio Nacional del SODRE","Cuarteto de Nos","Habla tu espejo","Raro"],"articleSection":["Coberturas"],"inLanguage":"es-AR"},{"@type":"WebPage","@id":"https:\/\/cooltivarte.com\/portal\/cuarteto-de-nos-habla-tu-espejo\/","url":"https:\/\/cooltivarte.com\/portal\/cuarteto-de-nos-habla-tu-espejo\/","name":"Cuarteto de Nos \"Habla tu espejo\" - Cooltivarte Portal","isPartOf":{"@id":"https:\/\/cooltivarte.com\/portal\/#website"},"primaryImageOfPage":{"@id":"https:\/\/cooltivarte.com\/portal\/cuarteto-de-nos-habla-tu-espejo\/#primaryimage"},"image":{"@id":"https:\/\/cooltivarte.com\/portal\/cuarteto-de-nos-habla-tu-espejo\/#primaryimage"},"thumbnailUrl":"https:\/\/cooltivarte.com\/portal\/wp-content\/uploads\/2016\/11\/Cuarteto-de-Nos-Habla-tu-espejo-auditorio-del-sodre-noviembre-2016-foto-martin-pereira.jpg","datePublished":"2016-11-26T23:40:57+00:00","dateModified":"2024-06-02T17:58:00+00:00","description":"CUARTETO DE NOS Cierra el a\u00f1o celebrando PASADO, PRESENTE Y FUTURO Cierran la gira HABLA TU ESPEJO","breadcrumb":{"@id":"https:\/\/cooltivarte.com\/portal\/cuarteto-de-nos-habla-tu-espejo\/#breadcrumb"},"inLanguage":"es-AR","potentialAction":[{"@type":"ReadAction","target":["https:\/\/cooltivarte.com\/portal\/cuarteto-de-nos-habla-tu-espejo\/"]}]},{"@type":"ImageObject","inLanguage":"es-AR","@id":"https:\/\/cooltivarte.com\/portal\/cuarteto-de-nos-habla-tu-espejo\/#primaryimage","url":"https:\/\/cooltivarte.com\/portal\/wp-content\/uploads\/2016\/11\/Cuarteto-de-Nos-Habla-tu-espejo-auditorio-del-sodre-noviembre-2016-foto-martin-pereira.jpg","contentUrl":"https:\/\/cooltivarte.com\/portal\/wp-content\/uploads\/2016\/11\/Cuarteto-de-Nos-Habla-tu-espejo-auditorio-del-sodre-noviembre-2016-foto-martin-pereira.jpg","width":960,"height":640,"caption":"Cuarteto de Nos - Habla tu espejo auditorio del sodre - noviembre 2016 - foto martin pereira"},{"@type":"BreadcrumbList","@id":"https:\/\/cooltivarte.com\/portal\/cuarteto-de-nos-habla-tu-espejo\/#breadcrumb","itemListElement":[{"@type":"ListItem","position":1,"name":"Portada","item":"https:\/\/cooltivarte.com\/portal\/"},{"@type":"ListItem","position":2,"name":"Cuarteto de Nos \u00abHabla tu espejo\u00bb"}]},{"@type":"WebSite","@id":"https:\/\/cooltivarte.com\/portal\/#website","url":"https:\/\/cooltivarte.com\/portal\/","name":"Cooltivarte Portal","description":"Arte, cultura y turismo para el mundo ...","publisher":{"@id":"https:\/\/cooltivarte.com\/portal\/#organization"},"potentialAction":[{"@type":"SearchAction","target":{"@type":"EntryPoint","urlTemplate":"https:\/\/cooltivarte.com\/portal\/?s={search_term_string}"},"query-input":{"@type":"PropertyValueSpecification","valueRequired":true,"valueName":"search_term_string"}}],"inLanguage":"es-AR"},{"@type":"Organization","@id":"https:\/\/cooltivarte.com\/portal\/#organization","name":"cooltivarte","url":"https:\/\/cooltivarte.com\/portal\/","logo":{"@type":"ImageObject","inLanguage":"es-AR","@id":"https:\/\/cooltivarte.com\/portal\/#\/schema\/logo\/image\/","url":"https:\/\/cooltivarte.com\/portal\/wp-content\/uploads\/2020\/04\/logo-cooltivarte-v2.png","contentUrl":"https:\/\/cooltivarte.com\/portal\/wp-content\/uploads\/2020\/04\/logo-cooltivarte-v2.png","width":851,"height":243,"caption":"cooltivarte"},"image":{"@id":"https:\/\/cooltivarte.com\/portal\/#\/schema\/logo\/image\/"},"sameAs":["https:\/\/www.facebook.com\/cooltivartecom\/","https:\/\/x.com\/obolocultural","https:\/\/www.instagram.com\/_cooltivarte_\/","https:\/\/www.linkedin.com\/company\/-bolocultural?reportsuccess=8zaNG1HwhPbAR9iQhZ5rfGeqz_vQFftHun0ZWU0Wy9vNemRJ8vtcKdJvzQfW8XagyOJSKg0XvfJ1dp","https:\/\/www.pinterest.com\/cooltivarte\/","https:\/\/cooltivarte.tumblr.com\/","https:\/\/www.tiktok.com\/@cooltivarte","https:\/\/www.youtube.com\/@PrensaCooltivarte"]},{"@type":"Person","@id":"https:\/\/cooltivarte.com\/portal\/#\/schema\/person\/b2e4c065e3904d17917cfdfd0e18ce0c","name":"Martin Pereira","image":{"@type":"ImageObject","inLanguage":"es-AR","@id":"https:\/\/cooltivarte.com\/portal\/wp-content\/uploads\/2015\/09\/Martin-Pereira.jpg","url":"https:\/\/cooltivarte.com\/portal\/wp-content\/uploads\/2015\/09\/Martin-Pereira.jpg","contentUrl":"https:\/\/cooltivarte.com\/portal\/wp-content\/uploads\/2015\/09\/Martin-Pereira.jpg","caption":"Martin Pereira"},"description":"Nace en los setentas en una c\u00e1rcel como muchos amigos. Con el peso de la dictadura, padres presos celdas peque\u00f1as con ausencia de sol Algo parecido a una caja negra Capas por ah\u00ed, luego de muchos a\u00f1os de trabajar con sonido y Backline en escenarios de todo el pa\u00eds, la fotograf\u00eda surge como algo l\u00f3gico consejos de amigos, internet y luego el gran Taller Aquelarre con Lilian Castro, Annabella Balduvino y Adrian Marquis ayudan a su formaci\u00f3n. Hoy hace unos cuantos a\u00f1os que se dedica a la doble tarea de sonido Backline fotograf\u00eda. Trabaja con fotograf\u00eda en su estudio. Realizo muestras fotogr\u00e1ficas en Montevideo e interior del pa\u00eds. Sus Fotograf\u00eda se publican en medios nacionales e internacionales. Habiendo trabajado en la mayor\u00eda de shows internacionales y con casi la totalidad de m\u00fasicos nacionales hoy lleva consigo un mill\u00f3n de im\u00e1genes para compartir. EL estar en ambos lados del escenario tal vez es parte de su mirada. Actualmente dirige La Zapada empresa que fund\u00f3 hace m\u00e1s de 20 a\u00f1os. Funciona como una escuela de sonido, estudio de grabaci\u00f3n, Backline y Salas de ensayo. Y comienza a trabajar con proyectos audiovisuales con bandas nacionales. A podido trabajar con todos sus \u00eddolos menos Sting, pero ya ya se va a dar. Se incorpora a cooltivarte en 2015.","sameAs":["http:\/\/ims.com.uy\/","https:\/\/www.facebook.com\/photobookuruguay","https:\/\/www.instagram.com\/_cooltivarte_\/","https:\/\/www.linkedin.com\/company\/-bolocultural","https:\/\/www.pinterest.com\/cooltivarte","https:\/\/x.com\/https:\/\/x.com\/Photobookuy","https:\/\/www.youtube.com\/@PrensaCooltivarte","https:\/\/www.tumblr.com\/blog\/cooltivarte"],"url":"https:\/\/cooltivarte.com\/portal\/author\/martin-pereira\/"}]}},"_links":{"self":[{"href":"https:\/\/cooltivarte.com\/portal\/wp-json\/wp\/v2\/posts\/25906","targetHints":{"allow":["GET"]}}],"collection":[{"href":"https:\/\/cooltivarte.com\/portal\/wp-json\/wp\/v2\/posts"}],"about":[{"href":"https:\/\/cooltivarte.com\/portal\/wp-json\/wp\/v2\/types\/post"}],"author":[{"embeddable":true,"href":"https:\/\/cooltivarte.com\/portal\/wp-json\/wp\/v2\/users\/72"}],"replies":[{"embeddable":true,"href":"https:\/\/cooltivarte.com\/portal\/wp-json\/wp\/v2\/comments?post=25906"}],"version-history":[{"count":7,"href":"https:\/\/cooltivarte.com\/portal\/wp-json\/wp\/v2\/posts\/25906\/revisions"}],"predecessor-version":[{"id":103231,"href":"https:\/\/cooltivarte.com\/portal\/wp-json\/wp\/v2\/posts\/25906\/revisions\/103231"}],"wp:featuredmedia":[{"embeddable":true,"href":"https:\/\/cooltivarte.com\/portal\/wp-json\/wp\/v2\/media\/25907"}],"wp:attachment":[{"href":"https:\/\/cooltivarte.com\/portal\/wp-json\/wp\/v2\/media?parent=25906"}],"wp:term":[{"taxonomy":"category","embeddable":true,"href":"https:\/\/cooltivarte.com\/portal\/wp-json\/wp\/v2\/categories?post=25906"},{"taxonomy":"post_tag","embeddable":true,"href":"https:\/\/cooltivarte.com\/portal\/wp-json\/wp\/v2\/tags?post=25906"}],"curies":[{"name":"wp","href":"https:\/\/api.w.org\/{rel}","templated":true}]}}