{"id":25775,"date":"2016-11-22T13:03:27","date_gmt":"2016-11-22T13:03:27","guid":{"rendered":"http:\/\/cooltivarte.com\/portal\/?p=25775"},"modified":"2024-04-29T07:45:47","modified_gmt":"2024-04-29T10:45:47","slug":"la-vela-puerca-festejo-sus-20-anos-en-el-velodromo-municipal","status":"publish","type":"post","link":"https:\/\/cooltivarte.com\/portal\/la-vela-puerca-festejo-sus-20-anos-en-el-velodromo-municipal\/","title":{"rendered":"La Vela Puerca festej\u00f3 sus 20 a\u00f1os en el Vel\u00f3dromo Municipal"},"content":{"rendered":"<figure id=\"attachment_25780\" aria-describedby=\"caption-attachment-25780\" style=\"width: 1024px\" class=\"wp-caption aligncenter\"><img fetchpriority=\"high\" decoding=\"async\" class=\"wp-image-25780 size-full\" title=\"La Vela Puerca festeja sus 20 a\u00f1os en el Vel\u00f3dromo Municipal, Montevideo - 19 de junio 2016 - Fotos \u00a9 Jero Lopez\" src=\"https:\/\/cooltivarte.com\/portal\/wp-content\/uploads\/2016\/11\/La-Vela-Puerca-festeja-sus-20-a\u00f1os-en-el-Vel\u00f3dromo-Municipal-Montevideo-19-de-junio-2016-Fotos-Jero-Lopez.jpg\" alt=\"La Vela Puerca festeja sus 20 a\u00f1os en el Vel\u00f3dromo Municipal, Montevideo - 19 de junio 2016 - Fotos \u00a9 Jero Lopez\" width=\"1024\" height=\"683\" srcset=\"https:\/\/cooltivarte.com\/portal\/wp-content\/uploads\/2016\/11\/La-Vela-Puerca-festeja-sus-20-a\u00f1os-en-el-Vel\u00f3dromo-Municipal-Montevideo-19-de-junio-2016-Fotos-Jero-Lopez.jpg 1024w, https:\/\/cooltivarte.com\/portal\/wp-content\/uploads\/2016\/11\/La-Vela-Puerca-festeja-sus-20-a\u00f1os-en-el-Vel\u00f3dromo-Municipal-Montevideo-19-de-junio-2016-Fotos-Jero-Lopez-300x200.jpg 300w, https:\/\/cooltivarte.com\/portal\/wp-content\/uploads\/2016\/11\/La-Vela-Puerca-festeja-sus-20-a\u00f1os-en-el-Vel\u00f3dromo-Municipal-Montevideo-19-de-junio-2016-Fotos-Jero-Lopez-768x512.jpg 768w\" sizes=\"(max-width: 1024px) 100vw, 1024px\" \/><figcaption id=\"caption-attachment-25780\" class=\"wp-caption-text\">La Vela Puerca festeja sus 20 a\u00f1os en el Vel\u00f3dromo Municipal, Montevideo &#8211; 19 de junio 2016 &#8211; Fotos \u00a9 Jero Lopez<\/figcaption><\/figure>\n<p>&nbsp;<\/p>\n<p style=\"text-align: justify;\">El pasado 19 de noviembre 2016 <a href=\"https:\/\/cooltivarte.com\/portal\/?s=La+Vela+Puerca\"><strong>La Vela Puerca<\/strong><\/a>, una de las bandas uruguayas m\u00e1s reconocidas del R\u00edo de la Plata, festej\u00f3 sus 20 a\u00f1os de trayectoria, cumplidos en diciembre del 2015. La gira comenz\u00f3 en agosto en Espa\u00f1a y, en Montevideo, con entradas agotadas, la banda festej\u00f3 a lo grande como ya es costumbre, rodeada de fan\u00e1ticos y seguidores que han acompa\u00f1ado \u201c<em>una historia sin principio ni fin<\/em>\u201d.<\/p>\n<p style=\"text-align: justify;\">Entre los puestos de merchandising oficial de la banda, se encontraba la venta de la <strong><a href=\"https:\/\/cooltivarte.com\/portal\/festejar-para-sobrevivir-gira-la-vela-puerca-20-anos-y-lanzamiento-cerveza-puerca\/\" target=\"_blank\" rel=\"noopener\">Cerveza Puerca<\/a><\/strong> recientemente lanzada al mercado. Una cerveza artesanal del estilo American Pale Ale realizada por Cervecer\u00eda Antares (Mar del Plata, Argentina) y Cabesas Bier (Tacuaremb\u00f3, Uruguay) de edici\u00f3n exclusiva por los 20 a\u00f1os de la banda.<\/p>\n<p style=\"text-align: justify;\">El show, pactado para iniciar a las 21:00, comenz\u00f3 una hora despu\u00e9s lo que provoc\u00f3 una inquietante ansiedad en el p\u00fablico. Predominaban las remeras de la banda en variedad de modelos y colores, que se camuflaban entre banderas de Pe\u00f1arol, Uruguay y Argentina.<\/p>\n<p style=\"text-align: justify;\">La baja de luces y un silencio repentino, dio lugar al comienzo del festejo con un material audiovisual que nos remontaba a los comienzos de la banda con escenas de archivo, otras de distintos recitales en Uruguay y dem\u00e1s&nbsp;pa\u00edses, despertando un fuerte sentimiento de melancol\u00eda por parte del p\u00fablico presente, asumiendo que dos d\u00e9cadas se hab\u00edan cumplido desde aquel 24 de diciembre de 1995.<\/p>\n<p style=\"text-align: justify;\">Con la canci\u00f3n <em>Sin avisar<\/em> del \u00faltimo disco <em>\u00c9rase<\/em> (2014) comenz\u00f3 el gran festejo, provocando que el p\u00fablico explotara en saltos y aplausos para recibir a la banda cumplea\u00f1era.<\/p>\n<p style=\"text-align: justify;\">Fue en segundo lugar <em>Soldado de plomo<\/em> y continuaron con canciones de este disco como <em>Buenas mascotas, La calle adicci\u00f3n<\/em> y <em>Ves<\/em>, ya que nos hab\u00edan adelantado en diferentes entrevistas que el show iba a evocar a los comienzos desde el presente.<\/p>\n<p style=\"text-align: justify;\">As\u00ed dieron lugar a canciones de <em>Piel y hueso<\/em> (2011) como: <em>Sobre la sien, &nbsp;La teor\u00eda y Polidoro<\/em>, entre otras.<\/p>\n<p style=\"text-align: justify;\">La canci\u00f3n <em>Para no verme m\u00e1s<\/em> (<em>El Impulso<\/em>, 2007), la interpretaron junto a invitados que la representaban con lenguaje de se\u00f1as para los no oyentes. <strong><a href=\"https:\/\/cooltivarte.com\/portal\/?s=Pedro+Dalton\">Pedro Dalton<\/a><\/strong> (cantante de <strong><a href=\"https:\/\/cooltivarte.com\/portal\/?s=Buenos+Muchachos\">Buenos Muchachos<\/a><\/strong>) fue uno de los invitados especiales que interpret\u00f3 <em>Colabore<\/em>.<\/p>\n<p style=\"text-align: justify;\">El disco <em>A Contraluz<\/em> (2004) fue presentado por <a href=\"https:\/\/cooltivarte.com\/portal\/?s=Sebasti%C3%A1n+Teysera\"><strong>Sebasti\u00e1n \u201cEnano\u201d Teysera<\/strong><\/a> como un disco destacado por la banda, el cual abri\u00f3 muchas puertas y al que le tienen un cari\u00f1o especial.<\/p>\n<p style=\"text-align: justify;\">El tema <em>Llenos de Magia<\/em> lo cantaron junto a otros de los invitados de esa noche, <strong><a href=\"https:\/\/cooltivarte.com\/portal\/?s=Juan+Casanova\">Juan Casanova<\/a><\/strong> (integrante de <strong><a href=\"https:\/\/cooltivarte.com\/portal\/?s=Los+Traidores\">Los Traidores<\/a><\/strong>), al que se sumaron <strong><a href=\"https:\/\/cooltivarte.com\/portal\/?s=Ernesto+Tab%C3%A1rez\">Ernesto Tab\u00e1rez<\/a><\/strong> (<strong><a href=\"https:\/\/cooltivarte.com\/portal\/?s=Et%C3%A9+%26+Los+Problems\">Et\u00e9 &amp; Los Problems<\/a><\/strong>) que acompa\u00f1\u00f3 en <strong>Va a escampar<\/strong> y <strong><a href=\"https:\/\/cooltivarte.com\/portal\/?s=Emiliano+Brancciari\">Emiliano Brancciari<\/a><\/strong> (<strong><a href=\"https:\/\/cooltivarte.com\/portal\/?s=No+Te+Va+Gustar\">No Te Va Gustar<\/a><\/strong>) en <em>Zafar<\/em>, donde el Vel\u00f3dromo se colm\u00f3 de pantallas de celulares para registrar ese d\u00fao en escena.<\/p>\n<p style=\"text-align: justify;\">Para dar comienzo al disco <em>De Bichos y Flores<\/em> (2001), invitaron a los guitarristas <strong>Eduardo \u201cToto\u201d M\u00e9ndez, Carlos Morales, Carlos M\u00e9ndez<\/strong> a los que acompa\u00f1\u00f3 <strong>Rafael Di Bello<\/strong> (guitarrista de la banda). Este cuarteto interpret\u00f3 el tema <em>La canci\u00f3n quiere<\/em> de <a href=\"https:\/\/cooltivarte.com\/portal\/?s=Alfredo+Zitarrosa\"><strong>Alfredo Zitarrosa<\/strong><\/a>, seguida por <em>De no olvidar<\/em> y <em>A lo verde<\/em>.<\/p>\n<p style=\"text-align: justify;\">En <em>El hurac\u00e1n<\/em>, el invitado fue <a href=\"https:\/\/cooltivarte.com\/portal\/?s=Mat%C3%ADas+Rada\"><strong>Mat\u00edas Rada<\/strong><\/a> que se luci\u00f3 con la guitarra, y en <em>Burbujas<\/em>, <strong><a href=\"https:\/\/cooltivarte.com\/portal\/?s=Pablo+Silvera\">Pablo Silvera<\/a><\/strong> (cantante de <strong><a href=\"https:\/\/cooltivarte.com\/portal\/?s=Once+Tiros\">Once Tiros<\/a><\/strong>) al quien el p\u00fablico le regal\u00f3 su canci\u00f3n <em>Maldici\u00f3n<\/em>.&nbsp; Luego, <strong>Andr\u00e9s &#8220;McGregor&#8221; Bentancourt<\/strong>&nbsp;toc\u00f3 la gaita en la canci\u00f3n <em>Por la ciudad<\/em>.<\/p>\n<p style=\"text-align: justify;\">Mientras la banda pausaba unos minutos, una cuerda de tambores se destac\u00f3 entreteniendo al p\u00fablico que ya estaba cansado de cantar y agitarse unas dos horas intensas, y as\u00ed abrieron paso al \u00faltimo disco del show, primero de la banda: <em>Deskarado<\/em> (1998-1999) con el tema <em>Paren hoy<\/em>.<\/p>\n<p style=\"text-align: justify;\">Y como todo cumplea\u00f1os merece su canci\u00f3n, las aproximadamente 16.000 personas cantaron el Feliz Cumplea\u00f1os a la banda, generando uno de los momentos m\u00e1s emocionantes.<\/p>\n<p style=\"text-align: justify;\">Continuaron con otros temas infaltables como <em>Madre resistencia<\/em>, <em>Vuelan palos<\/em>, <em>Alta magia<\/em> y uno de los temas m\u00e1s populares: <em>Mi semilla<\/em>.<\/p>\n<p style=\"text-align: justify;\">La figura de <strong>Lucas De Azevedo<\/strong>, ex miembro de la banda, se volvi\u00f3 retrospectiva para tocar <em>Madre resistencia<\/em> y <em>Alta magia<\/em>. En este \u00faltimo tema, la aparici\u00f3n de una puerca voladora emanando papelitos brillantes fue sorprendente y a la vez simp\u00e1tica.<\/p>\n<p style=\"text-align: justify;\">Al finalizar <em>Deskarado<\/em> le siguieron algunos cl\u00e1sicos como <em>Haci\u00e9ndose Pasar Por Luz<\/em>, <em>El viejo<\/em>, <em>El profeta<\/em> y, para despedirse luego de tres horas de brindar un show complet\u00edsimo, dejando todo en el gran escenario, finalizaron con el tema <em>Jos\u00e9 Sab\u00eda<\/em>, donde el p\u00fablico ebullicion\u00f3 en gritos, aplausos, saltos de cari\u00f1o hacia la banda, sabiendo que de esta manera se desped\u00edan.<\/p>\n<p style=\"text-align: justify;\">Pasaron 20 a\u00f1os de <a href=\"https:\/\/cooltivarte.com\/portal\/?s=La+Vela+Puerca\" target=\"_blank\" rel=\"noopener\"><strong>La Vela Puerca<\/strong><\/a>, una banda que le queda mucho m\u00e1s por vivir y sobre todo, &nbsp;\u201c<em>Festejar para sobrevivir<\/em>\u201d.<\/p>\n<p style=\"text-align: justify;\">Imagen portada: <span id=\"fbPhotoSnowliftCaption\" class=\"fbPhotosPhotoCaption\" tabindex=\"0\" data-ft=\"{&quot;tn&quot;:&quot;K&quot;}\"><span class=\"hasCaption\">La Vela Puerca festeja sus 20 a\u00f1os en el Vel\u00f3dromo Municipal, Montevideo &#8211; 19 de junio 2016 &#8211; Fotos \u00a9 <a id=\"js_dtg\" href=\"https:\/\/www.facebook.com\/JeroLopezFotografia\/\" target=\"_blank\" rel=\"noopener\" data-hovercard=\"\/ajax\/hovercard\/page.php?id=1742435836028260&amp;extragetparams=%7B%22directed_target_id%22%3A0%7D\">Jero Lopez<\/a><\/span><\/span><\/p>\n<p>&nbsp;<br \/>\n&nbsp;<br \/>\n&nbsp;<\/p>\n<h3>&nbsp;<a href=\"https:\/\/www.facebook.com\/media\/set\/?set=a.1192188774161367&amp;type=3\" target=\"_blank\" rel=\"noopener\">Ir a la fotogaler\u00eda<\/a><\/h3>\n<p><iframe style=\"border: none; overflow: hidden;\" src=\"https:\/\/www.facebook.com\/plugins\/post.php?href=https%3A%2F%2Fwww.facebook.com%2Fmedia%2Fset%2F%3Fset%3Da.1192188774161367%26type%3D3&amp;width=100%\" width=\"100%\" height=\"669\" frameborder=\"0\" scrolling=\"no\"><\/iframe><br \/>\n&nbsp;<br \/>\n&nbsp;<\/p>\n","protected":false},"excerpt":{"rendered":"<p>El pasado 19 de noviembre 2016 La Vela Puerca, una de las bandas uruguayas m\u00e1s reconocidas del R\u00edo de la Plata, festej\u00f3 sus 20 a\u00f1os de trayectoria, cumplidos en diciembre del 2015. La gira comenz\u00f3 en agosto en Espa\u00f1a y, en Montevideo, con entradas agotadas, la banda festej\u00f3 a lo grande como ya es costumbre, rodeada de fan\u00e1ticos y seguidores que han acompa\u00f1ado \u201cuna historia sin principio ni fin\u201d.<\/p>\n<p>Entre los puestos de merchandising oficial de la banda, se encontraba la venta de la Cerveza Puerca recientemente lanzada al mercado. Una cerveza artesanal del estilo American Pale Ale realizada por Cervecer\u00eda Antares (Mar del Plata, Argentina) y Cabesas Bier (Tacuaremb\u00f3, Uruguay) de edici\u00f3n exclusiva por los 20 a\u00f1os de la banda.<\/p>\n","protected":false},"author":86,"featured_media":25780,"comment_status":"closed","ping_status":"closed","sticky":false,"template":"","format":"standard","meta":{"om_disable_all_campaigns":false,"ngg_post_thumbnail":0,"jnews-multi-image_gallery":[],"jnews_single_post":{"subtitle":"","format":"standard","video":"","gallery":"","source_name":"","source_url":"","via_name":"","via_url":"","override_template":"0","override":[{"template":"1","single_blog_custom":"","parallax":"1","fullscreen":"1","layout":"right-sidebar","sidebar":"default-sidebar","second_sidebar":"default-sidebar","sticky_sidebar":"1","share_position":"top","share_float_style":"share-monocrhome","show_share_counter":"1","show_view_counter":"1","show_featured":"1","show_post_meta":"1","show_post_author":"1","show_post_author_image":"1","show_post_date":"1","post_date_format":"default","post_date_format_custom":"Y\/m\/d","show_post_category":"1","show_post_reading_time":"0","post_reading_time_wpm":"300","show_zoom_button":"0","zoom_button_out_step":"2","zoom_button_in_step":"3","show_post_tag":"1","show_prev_next_post":"1","show_popup_post":"1","number_popup_post":"1","show_author_box":"0","show_post_related":"0","show_inline_post_related":"0"}],"override_image_size":"0","image_override":[{"single_post_thumbnail_size":"crop-500","single_post_gallery_size":"crop-500"}],"trending_post":"0","trending_post_position":"meta","trending_post_label":"Trending","sponsored_post":"0","sponsored_post_label":"Sponsored by","sponsored_post_name":"","sponsored_post_url":"","sponsored_post_logo_enable":"0","sponsored_post_logo":"","sponsored_post_desc":"","disable_ad":"0"},"jnews_primary_category":{"id":"","hide":""},"jnews_social_meta":{"fb_title":"","fb_description":"","fb_image":"","twitter_title":"","twitter_description":"","twitter_image":""},"jnews_override_counter":{"override_view_counter":"0","view_counter_number":"0","override_share_counter":"0","share_counter_number":"0","override_like_counter":"0","like_counter_number":"0","override_dislike_counter":"0","dislike_counter_number":"0"},"footnotes":""},"categories":[50],"tags":[8266,8264,4078,8910,498,272,3772,188,17469],"class_list":["post-25775","post","type-post","status-publish","format-standard","has-post-thumbnail","hentry","category-coberturas","tag-cabesas-bier","tag-cerveza-puerca","tag-emiliano-brancciari","tag-ernesto-tabarez","tag-juan-casanova","tag-la-vela-puerca","tag-pablo-silvera","tag-pedro-dalton","tag-sebastian-enano-teysera"],"yoast_head":"<!-- This site is optimized with the Yoast SEO plugin v27.5 - https:\/\/yoast.com\/product\/yoast-seo-wordpress\/ -->\n<title>La Vela Puerca festej\u00f3 sus 20 a\u00f1os en el Vel\u00f3dromo Municipal - Cooltivarte Portal<\/title>\n<meta name=\"description\" content=\"El disco A Contraluz (2004) fue presentado por Sebasti\u00e1n \u201cEnano\u201d Teysera como un disco destacado por la banda, el cual abri\u00f3 muchas puertas y al que le tienen un cari\u00f1o especial.\" \/>\n<meta name=\"robots\" content=\"index, follow, max-snippet:-1, max-image-preview:large, max-video-preview:-1\" \/>\n<link rel=\"canonical\" href=\"https:\/\/cooltivarte.com\/portal\/la-vela-puerca-festejo-sus-20-anos-en-el-velodromo-municipal\/\" \/>\n<meta property=\"og:locale\" content=\"es_ES\" \/>\n<meta property=\"og:type\" content=\"article\" \/>\n<meta property=\"og:title\" content=\"La Vela Puerca festeja sus 20 a\u00f1os en el Vel\u00f3dromo Municipal, Montevideo - 19 de junio 2016\" \/>\n<meta property=\"og:description\" content=\"El disco A Contraluz (2004) fue presentado por Sebasti\u00e1n \u201cEnano\u201d Teysera como un disco destacado por la banda, el cual abri\u00f3 muchas puertas y al que le tienen un cari\u00f1o especial.\" \/>\n<meta property=\"og:url\" content=\"https:\/\/cooltivarte.com\/portal\/la-vela-puerca-festejo-sus-20-anos-en-el-velodromo-municipal\/\" \/>\n<meta property=\"og:site_name\" content=\"Cooltivarte Portal\" \/>\n<meta property=\"article:publisher\" content=\"https:\/\/www.facebook.com\/cooltivartecom\/\" \/>\n<meta property=\"article:author\" content=\"https:\/\/www.facebook.com\/valeferrer05?fref=ts\" \/>\n<meta property=\"article:published_time\" content=\"2016-11-22T13:03:27+00:00\" \/>\n<meta property=\"article:modified_time\" content=\"2024-04-29T10:45:47+00:00\" \/>\n<meta property=\"og:image\" content=\"https:\/\/cooltivarte.com\/portal\/wp-content\/uploads\/2016\/11\/La-Vela-Puerca-festeja-sus-20-a\u00f1os-en-el-Vel\u00f3dromo-Municipal-Montevideo-19-de-junio-2016-Fotos-Jero-Lopez.jpg\" \/>\n\t<meta property=\"og:image:width\" content=\"1024\" \/>\n\t<meta property=\"og:image:height\" content=\"683\" \/>\n\t<meta property=\"og:image:type\" content=\"image\/jpeg\" \/>\n<meta name=\"author\" content=\"Valentina Ferrer\" \/>\n<meta name=\"twitter:card\" content=\"summary_large_image\" \/>\n<meta name=\"twitter:title\" content=\"La Vela Puerca festeja sus 20 a\u00f1os en el Vel\u00f3dromo Municipal, Montevideo - 19 de junio 2016\" \/>\n<meta name=\"twitter:description\" content=\"El disco A Contraluz (2004) fue presentado por Sebasti\u00e1n \u201cEnano\u201d Teysera como un disco destacado por la banda, el cual abri\u00f3 muchas puertas y al que le tienen un cari\u00f1o especial.\" \/>\n<meta name=\"twitter:image\" content=\"https:\/\/cooltivarte.com\/portal\/wp-content\/uploads\/2016\/11\/La-Vela-Puerca-festeja-sus-20-a\u00f1os-en-el-Vel\u00f3dromo-Municipal-Montevideo-19-de-junio-2016-Fotos-Jero-Lopez.jpg\" \/>\n<meta name=\"twitter:creator\" content=\"@https:\/\/x.com\/obolocultural\" \/>\n<meta name=\"twitter:site\" content=\"@obolocultural\" \/>\n<meta name=\"twitter:label1\" content=\"Escrito por\" \/>\n\t<meta name=\"twitter:data1\" content=\"Valentina Ferrer\" \/>\n\t<meta name=\"twitter:label2\" content=\"Tiempo de lectura\" \/>\n\t<meta name=\"twitter:data2\" content=\"5 minutos\" \/>\n<!-- \/ Yoast SEO plugin. -->","yoast_head_json":{"title":"La Vela Puerca festej\u00f3 sus 20 a\u00f1os en el Vel\u00f3dromo Municipal - Cooltivarte Portal","description":"El disco A Contraluz (2004) fue presentado por Sebasti\u00e1n \u201cEnano\u201d Teysera como un disco destacado por la banda, el cual abri\u00f3 muchas puertas y al que le tienen un cari\u00f1o especial.","robots":{"index":"index","follow":"follow","max-snippet":"max-snippet:-1","max-image-preview":"max-image-preview:large","max-video-preview":"max-video-preview:-1"},"canonical":"https:\/\/cooltivarte.com\/portal\/la-vela-puerca-festejo-sus-20-anos-en-el-velodromo-municipal\/","og_locale":"es_ES","og_type":"article","og_title":"La Vela Puerca festeja sus 20 a\u00f1os en el Vel\u00f3dromo Municipal, Montevideo - 19 de junio 2016","og_description":"El disco A Contraluz (2004) fue presentado por Sebasti\u00e1n \u201cEnano\u201d Teysera como un disco destacado por la banda, el cual abri\u00f3 muchas puertas y al que le tienen un cari\u00f1o especial.","og_url":"https:\/\/cooltivarte.com\/portal\/la-vela-puerca-festejo-sus-20-anos-en-el-velodromo-municipal\/","og_site_name":"Cooltivarte Portal","article_publisher":"https:\/\/www.facebook.com\/cooltivartecom\/","article_author":"https:\/\/www.facebook.com\/valeferrer05?fref=ts","article_published_time":"2016-11-22T13:03:27+00:00","article_modified_time":"2024-04-29T10:45:47+00:00","og_image":[{"width":1024,"height":683,"url":"https:\/\/cooltivarte.com\/portal\/wp-content\/uploads\/2016\/11\/La-Vela-Puerca-festeja-sus-20-a\u00f1os-en-el-Vel\u00f3dromo-Municipal-Montevideo-19-de-junio-2016-Fotos-Jero-Lopez.jpg","type":"image\/jpeg"}],"author":"Valentina Ferrer","twitter_card":"summary_large_image","twitter_title":"La Vela Puerca festeja sus 20 a\u00f1os en el Vel\u00f3dromo Municipal, Montevideo - 19 de junio 2016","twitter_description":"El disco A Contraluz (2004) fue presentado por Sebasti\u00e1n \u201cEnano\u201d Teysera como un disco destacado por la banda, el cual abri\u00f3 muchas puertas y al que le tienen un cari\u00f1o especial.","twitter_image":"https:\/\/cooltivarte.com\/portal\/wp-content\/uploads\/2016\/11\/La-Vela-Puerca-festeja-sus-20-a\u00f1os-en-el-Vel\u00f3dromo-Municipal-Montevideo-19-de-junio-2016-Fotos-Jero-Lopez.jpg","twitter_creator":"@https:\/\/x.com\/obolocultural","twitter_site":"@obolocultural","twitter_misc":{"Escrito por":"Valentina Ferrer","Tiempo de lectura":"5 minutos"},"schema":{"@context":"https:\/\/schema.org","@graph":[{"@type":"NewsArticle","@id":"https:\/\/cooltivarte.com\/portal\/la-vela-puerca-festejo-sus-20-anos-en-el-velodromo-municipal\/#article","isPartOf":{"@id":"https:\/\/cooltivarte.com\/portal\/la-vela-puerca-festejo-sus-20-anos-en-el-velodromo-municipal\/"},"author":{"name":"Valentina Ferrer","@id":"https:\/\/cooltivarte.com\/portal\/#\/schema\/person\/a868e0918a98ac1da22c06a6e5708e55"},"headline":"La Vela Puerca festej\u00f3 sus 20 a\u00f1os en el Vel\u00f3dromo Municipal","datePublished":"2016-11-22T13:03:27+00:00","dateModified":"2024-04-29T10:45:47+00:00","mainEntityOfPage":{"@id":"https:\/\/cooltivarte.com\/portal\/la-vela-puerca-festejo-sus-20-anos-en-el-velodromo-municipal\/"},"wordCount":888,"publisher":{"@id":"https:\/\/cooltivarte.com\/portal\/#organization"},"image":{"@id":"https:\/\/cooltivarte.com\/portal\/la-vela-puerca-festejo-sus-20-anos-en-el-velodromo-municipal\/#primaryimage"},"thumbnailUrl":"https:\/\/cooltivarte.com\/portal\/wp-content\/uploads\/2016\/11\/La-Vela-Puerca-festeja-sus-20-a\u00f1os-en-el-Vel\u00f3dromo-Municipal-Montevideo-19-de-junio-2016-Fotos-Jero-Lopez.jpg","keywords":["Cabesas Bier","Cerveza Puerca","Emiliano Brancciari","Ernesto Tab\u00e1rez","Juan Casanova","La Vela Puerca","Pablo Silvera","Pedro Dalton","Sebasti\u00e1n Enano Teysera"],"articleSection":["Coberturas"],"inLanguage":"es-AR"},{"@type":"WebPage","@id":"https:\/\/cooltivarte.com\/portal\/la-vela-puerca-festejo-sus-20-anos-en-el-velodromo-municipal\/","url":"https:\/\/cooltivarte.com\/portal\/la-vela-puerca-festejo-sus-20-anos-en-el-velodromo-municipal\/","name":"La Vela Puerca festej\u00f3 sus 20 a\u00f1os en el Vel\u00f3dromo Municipal - Cooltivarte Portal","isPartOf":{"@id":"https:\/\/cooltivarte.com\/portal\/#website"},"primaryImageOfPage":{"@id":"https:\/\/cooltivarte.com\/portal\/la-vela-puerca-festejo-sus-20-anos-en-el-velodromo-municipal\/#primaryimage"},"image":{"@id":"https:\/\/cooltivarte.com\/portal\/la-vela-puerca-festejo-sus-20-anos-en-el-velodromo-municipal\/#primaryimage"},"thumbnailUrl":"https:\/\/cooltivarte.com\/portal\/wp-content\/uploads\/2016\/11\/La-Vela-Puerca-festeja-sus-20-a\u00f1os-en-el-Vel\u00f3dromo-Municipal-Montevideo-19-de-junio-2016-Fotos-Jero-Lopez.jpg","datePublished":"2016-11-22T13:03:27+00:00","dateModified":"2024-04-29T10:45:47+00:00","description":"El disco A Contraluz (2004) fue presentado por Sebasti\u00e1n \u201cEnano\u201d Teysera como un disco destacado por la banda, el cual abri\u00f3 muchas puertas y al que le tienen un cari\u00f1o especial.","breadcrumb":{"@id":"https:\/\/cooltivarte.com\/portal\/la-vela-puerca-festejo-sus-20-anos-en-el-velodromo-municipal\/#breadcrumb"},"inLanguage":"es-AR","potentialAction":[{"@type":"ReadAction","target":["https:\/\/cooltivarte.com\/portal\/la-vela-puerca-festejo-sus-20-anos-en-el-velodromo-municipal\/"]}]},{"@type":"ImageObject","inLanguage":"es-AR","@id":"https:\/\/cooltivarte.com\/portal\/la-vela-puerca-festejo-sus-20-anos-en-el-velodromo-municipal\/#primaryimage","url":"https:\/\/cooltivarte.com\/portal\/wp-content\/uploads\/2016\/11\/La-Vela-Puerca-festeja-sus-20-a\u00f1os-en-el-Vel\u00f3dromo-Municipal-Montevideo-19-de-junio-2016-Fotos-Jero-Lopez.jpg","contentUrl":"https:\/\/cooltivarte.com\/portal\/wp-content\/uploads\/2016\/11\/La-Vela-Puerca-festeja-sus-20-a\u00f1os-en-el-Vel\u00f3dromo-Municipal-Montevideo-19-de-junio-2016-Fotos-Jero-Lopez.jpg","width":1024,"height":683,"caption":"La Vela Puerca festeja sus 20 a\u00f1os en el Vel\u00f3dromo Municipal, Montevideo - 19 de junio 2016 - Fotos \u00a9 Jero Lopez"},{"@type":"BreadcrumbList","@id":"https:\/\/cooltivarte.com\/portal\/la-vela-puerca-festejo-sus-20-anos-en-el-velodromo-municipal\/#breadcrumb","itemListElement":[{"@type":"ListItem","position":1,"name":"Portada","item":"https:\/\/cooltivarte.com\/portal\/"},{"@type":"ListItem","position":2,"name":"La Vela Puerca festej\u00f3 sus 20 a\u00f1os en el Vel\u00f3dromo Municipal"}]},{"@type":"WebSite","@id":"https:\/\/cooltivarte.com\/portal\/#website","url":"https:\/\/cooltivarte.com\/portal\/","name":"Cooltivarte Portal","description":"Arte, cultura y turismo para el mundo ...","publisher":{"@id":"https:\/\/cooltivarte.com\/portal\/#organization"},"potentialAction":[{"@type":"SearchAction","target":{"@type":"EntryPoint","urlTemplate":"https:\/\/cooltivarte.com\/portal\/?s={search_term_string}"},"query-input":{"@type":"PropertyValueSpecification","valueRequired":true,"valueName":"search_term_string"}}],"inLanguage":"es-AR"},{"@type":"Organization","@id":"https:\/\/cooltivarte.com\/portal\/#organization","name":"cooltivarte","url":"https:\/\/cooltivarte.com\/portal\/","logo":{"@type":"ImageObject","inLanguage":"es-AR","@id":"https:\/\/cooltivarte.com\/portal\/#\/schema\/logo\/image\/","url":"https:\/\/cooltivarte.com\/portal\/wp-content\/uploads\/2020\/04\/logo-cooltivarte-v2.png","contentUrl":"https:\/\/cooltivarte.com\/portal\/wp-content\/uploads\/2020\/04\/logo-cooltivarte-v2.png","width":851,"height":243,"caption":"cooltivarte"},"image":{"@id":"https:\/\/cooltivarte.com\/portal\/#\/schema\/logo\/image\/"},"sameAs":["https:\/\/www.facebook.com\/cooltivartecom\/","https:\/\/x.com\/obolocultural","https:\/\/www.instagram.com\/_cooltivarte_\/","https:\/\/www.linkedin.com\/company\/-bolocultural?reportsuccess=8zaNG1HwhPbAR9iQhZ5rfGeqz_vQFftHun0ZWU0Wy9vNemRJ8vtcKdJvzQfW8XagyOJSKg0XvfJ1dp","https:\/\/www.pinterest.com\/cooltivarte\/","https:\/\/cooltivarte.tumblr.com\/","https:\/\/www.tiktok.com\/@cooltivarte","https:\/\/www.youtube.com\/@PrensaCooltivarte"]},{"@type":"Person","@id":"https:\/\/cooltivarte.com\/portal\/#\/schema\/person\/a868e0918a98ac1da22c06a6e5708e55","name":"Valentina Ferrer","image":{"@type":"ImageObject","inLanguage":"es-AR","@id":"https:\/\/cooltivarte.com\/portal\/wp-content\/uploads\/2016\/05\/valentina-ferrer.jpg","url":"https:\/\/cooltivarte.com\/portal\/wp-content\/uploads\/2016\/05\/valentina-ferrer.jpg","contentUrl":"https:\/\/cooltivarte.com\/portal\/wp-content\/uploads\/2016\/05\/valentina-ferrer.jpg","caption":"Valentina Ferrer"},"description":"Nac\u00ed en Montevideo el 5 de diciembre de 1984. Actualmente estudio en la Facultad de Informaci\u00f3n y Comunicaci\u00f3n en la UdelaR desde el 2015, habiendo encontrado en la Comunicaci\u00f3n algo que realmente me nace como persona, ya que me gusta interactuar con el otro, expresarme cualquiera sea el medio. Incorporaci\u00f3n en Cooltivarte desde 2015.","sameAs":["https:\/\/www.facebook.com\/valeferrer05?fref=ts","https:\/\/www.instagram.com\/_cooltivarte_\/","https:\/\/www.linkedin.com\/company\/-bolocultural","https:\/\/www.pinterest.com\/cooltivarte","https:\/\/x.com\/https:\/\/x.com\/obolocultural","https:\/\/www.youtube.com\/@PrensaCooltivarte","https:\/\/www.tumblr.com\/blog\/cooltivarte"],"url":"https:\/\/cooltivarte.com\/portal\/author\/valentina-ferrer\/"}]}},"_links":{"self":[{"href":"https:\/\/cooltivarte.com\/portal\/wp-json\/wp\/v2\/posts\/25775","targetHints":{"allow":["GET"]}}],"collection":[{"href":"https:\/\/cooltivarte.com\/portal\/wp-json\/wp\/v2\/posts"}],"about":[{"href":"https:\/\/cooltivarte.com\/portal\/wp-json\/wp\/v2\/types\/post"}],"author":[{"embeddable":true,"href":"https:\/\/cooltivarte.com\/portal\/wp-json\/wp\/v2\/users\/86"}],"replies":[{"embeddable":true,"href":"https:\/\/cooltivarte.com\/portal\/wp-json\/wp\/v2\/comments?post=25775"}],"version-history":[{"count":7,"href":"https:\/\/cooltivarte.com\/portal\/wp-json\/wp\/v2\/posts\/25775\/revisions"}],"predecessor-version":[{"id":101126,"href":"https:\/\/cooltivarte.com\/portal\/wp-json\/wp\/v2\/posts\/25775\/revisions\/101126"}],"wp:featuredmedia":[{"embeddable":true,"href":"https:\/\/cooltivarte.com\/portal\/wp-json\/wp\/v2\/media\/25780"}],"wp:attachment":[{"href":"https:\/\/cooltivarte.com\/portal\/wp-json\/wp\/v2\/media?parent=25775"}],"wp:term":[{"taxonomy":"category","embeddable":true,"href":"https:\/\/cooltivarte.com\/portal\/wp-json\/wp\/v2\/categories?post=25775"},{"taxonomy":"post_tag","embeddable":true,"href":"https:\/\/cooltivarte.com\/portal\/wp-json\/wp\/v2\/tags?post=25775"}],"curies":[{"name":"wp","href":"https:\/\/api.w.org\/{rel}","templated":true}]}}