{"id":25498,"date":"2016-11-11T02:45:40","date_gmt":"2016-11-11T02:45:40","guid":{"rendered":"http:\/\/cooltivarte.com\/portal\/?p=25498"},"modified":"2025-03-23T15:15:17","modified_gmt":"2025-03-23T18:15:17","slug":"fotorreportaje-a-gabriel-peveroni","status":"publish","type":"post","link":"https:\/\/cooltivarte.com\/portal\/fotorreportaje-a-gabriel-peveroni\/","title":{"rendered":"Fotorreportaje a Gabriel Peveroni"},"content":{"rendered":"<figure id=\"attachment_25499\" aria-describedby=\"caption-attachment-25499\" style=\"width: 960px\" class=\"wp-caption aligncenter\"><img fetchpriority=\"high\" decoding=\"async\" class=\"wp-image-25499 size-full\" title=\"fotorreportaje-a-gabriel-peveroni\" src=\"https:\/\/cooltivarte.com\/portal\/wp-content\/uploads\/2016\/11\/Fotorreportaje-a-Gabriel-Peveroni.jpg\" alt=\"fotorreportaje-a-gabriel-peveroni\" width=\"960\" height=\"636\" srcset=\"https:\/\/cooltivarte.com\/portal\/wp-content\/uploads\/2016\/11\/Fotorreportaje-a-Gabriel-Peveroni.jpg 960w, https:\/\/cooltivarte.com\/portal\/wp-content\/uploads\/2016\/11\/Fotorreportaje-a-Gabriel-Peveroni-300x199.jpg 300w, https:\/\/cooltivarte.com\/portal\/wp-content\/uploads\/2016\/11\/Fotorreportaje-a-Gabriel-Peveroni-768x509.jpg 768w\" sizes=\"(max-width: 960px) 100vw, 960px\" \/><figcaption id=\"caption-attachment-25499\" class=\"wp-caption-text\">Fotorreportaje a Gabriel Peveroni by Paola Scagliotti<\/figcaption><\/figure>\n<p>&nbsp;<\/p>\n<p><b>11 Nov 2016<\/b><\/p>\n<p style=\"text-align: justify;\">Escribo, escribo y escribo. A veces pienso que es una adicci\u00f3n. Lo es. Y como toda adicci\u00f3n, tiene&nbsp;sus etapas, sus momentos, sus heridas, y tambi\u00e9n sus cicatrices.<\/p>\n<p style=\"text-align: justify;\">Escribir es vomitar. Eso lo escribi\u00f3 Rodrigo Fres\u00e1n, que por su condici\u00f3n de escritor sabe muy&nbsp;bien a qu\u00e9 se refiere. El problema, seg\u00fan Fres\u00e1n, ocurre cuando el novato se asoma a ese primer&nbsp;v\u00f3mito, lo contempla y le encuentra una instant\u00e1nea belleza. Encuentra un espejo. Encuentra&nbsp;respuestas. Cuando sucede eso, no hay marcha atr\u00e1s. Ah\u00ed mismo nace el escritor, que puede tomar&nbsp;mil caminos, mil bifurcaciones en esos mil caminos, pero siempre ser\u00e1 un escritor, lo que equivale&nbsp;a ser un adicto, un escapista, un traductor, un insatisfecho, un discapacitado, un onanista, un&nbsp;plagiador, un obsesivo, un provocador, un fantasma, un solitario, un perdedor, un megal\u00f3mano, un&nbsp;idiota.<\/p>\n<p style=\"text-align: justify;\">Llevo m\u00e1s de treinta a\u00f1os d\u00e1ndole vuelta a las palabras y sus sonidos.<br \/>\nEmpec\u00e9 en la habitaci\u00f3n de adolescente, la puerta cerrada, la m\u00fasica al palo, con una vieja&nbsp;m\u00e1quina de escribir. El primer poemario se llam\u00f3 RUIDO DE M\u00c1QUINAS.<br \/>\nEscrib\u00ed, escrib\u00ed y escrib\u00ed.<br \/>\nEl viejo Medina Vidal me dijo, a\u00f1os despu\u00e9s, cuando ya hab\u00eda perfeccionado cierto estilo y&nbsp;publicado un par de libros: &#8220;tus versos muy tienen buena t\u00e9cnica, pero si no provocan emoci\u00f3n en&nbsp;el otro, el lector, si no hacen re\u00edr o llorar, m\u00e1s vale que no escribas m\u00e1s&#8221;. Me dijo tambi\u00e9n que si&nbsp;ten\u00eda que elegir, se quedaba con aquellos primeros versos, los de RUIDO DE M\u00c1QUINAS.<\/p>\n<p style=\"text-align: justify;\">Trat\u00e9 de escapar de la tentaci\u00f3n de ordenar las palabras.<br \/>\nHac\u00edan ruido.<br \/>\nMucho ruido.<br \/>\nPor eso empec\u00e9 a escribir cada vez menos.<br \/>\nEmpec\u00e9 a borrar, a quitar, a eliminar.<br \/>\nMe qued\u00e9 con la p\u00e1gina en blanco.<br \/>\nMe qued\u00e9 sin poes\u00eda.<br \/>\n(O exactamente lo contrario)<\/p>\n<p style=\"text-align: justify;\">Dej\u00e9 de intentar explicar lo evidente.<br \/>\nSe hab\u00eda ca\u00eddo el muro de Berl\u00edn y tantas otras cosas.<\/p>\n<p style=\"text-align: justify;\">Me escap\u00e9 de la poes\u00eda, o lo intent\u00e9, aunque segu\u00ed leyendo a dos o tres poetas que me pegaban muy&nbsp;fuerte: Perlongher, el Negro Pereira, Parrilla. Y tantos otros. Much\u00edsimas lecturas, cada vez m\u00e1s&nbsp;narrativas, y con la certeza de que el autor estaba apenas oculto atr\u00e1s del muro de palabras.<br \/>\nBukowski, Easton Ellis, Fuguet. Las pel\u00edculas de Godard. Tant\u00edsimas lecturas que empezaron a&nbsp;revolverse y a fermentar otra cosa, otros ritmos, otras experiencias.<\/p>\n<p style=\"text-align: justify;\">Dirig\u00ed una obra de teatro que se llam\u00f3 <a href=\"https:\/\/uk.pinterest.com\/pin\/527413806335807290\/\" target=\"_blank\" rel=\"noopener\"><strong>CERVEZAS Y NAVAJAS<\/strong><\/a>. Las palabras se volvieron carne,&nbsp;noche, vida, dolor, risas, alcohol. Me dediqu\u00e9 a vivir, a tener problemas, a no tener tiempo, a otras&nbsp;adicciones que luego tambi\u00e9n abandon\u00e9, menos la de la lectura, que me sigue acompa\u00f1ando hasta&nbsp;ahora.<\/p>\n<p style=\"text-align: justify;\">Hice lo que pude para escapar. Pero volv\u00ed a escribir. La poes\u00eda se volvi\u00f3 teatro, tambi\u00e9n novela, y&nbsp;centenares de art\u00edculos y columnas y guiones que me ayudaron a la aventura de atravesar tres&nbsp;d\u00e9cadas trabajando de la escritura. No es poco.<\/p>\n<p style=\"text-align: justify;\">Sub\u00ed a la torre m\u00e1s alta de la ciudad, acompa\u00f1ado de Mar\u00eda y un grupo de actores. Hicimos&nbsp;<a href=\"http:\/\/groenlandia.montevideo.com.uy\/\" target=\"_blank\" rel=\"noopener\"><strong>GROENLANDIA<\/strong><\/a>, que despu\u00e9s viaj\u00f3 a Nueva York, a Madrid, Santiago de Chile. Hasta que lleg\u00f3&nbsp;otro maestro, Alberto Restuccia, para recordarme en <a href=\"http:\/\/elgimnasiodealberto.blogspot.com.uy\/\" target=\"_blank\" rel=\"noopener\"><strong>EL GIMNASIO<\/strong><\/a> que los textos teatrales, o los&nbsp;libros de poes\u00eda, que a veces son la misma cosa, hay que cambiarlos, mutarlos, incluso olvidarlos.<\/p>\n<p style=\"text-align: justify;\">Y ahora, cuando ya pas\u00e9 la mitad de la vida, y no est\u00e1 Medina Vidal y recuerdo su cita de Bernard&nbsp;Shaw, de la dolorosa y hermosa verdad de que la juventud es eso que desperdician los cuerpos&nbsp;j\u00f3venes, siento la ausencia de muchos maestros y maestras que no est\u00e1n y siento que las palabras,&nbsp;en exceso, aturden, pero siento tambi\u00e9n que las palabras se vuelven m\u00e1s luminosas y que esta vez&nbsp;empezaron a salir, escupidas, vomitadas, miles y miles de palabras que construyeron <a href=\"http:\/\/www.mnav.gub.uy\/cms.php?id=peveroni\" target=\"_blank\" rel=\"noopener\"><strong>LOS OJOS&nbsp;DE UNA CIUDAD CHINA<\/strong><\/a>,<br \/>\nun punto de inflexi\u00f3n,&nbsp;un divertimento,<br \/>\nuna novela que me reinventa,<br \/>\nque me hace re\u00edr y llorar,<br \/>\nque me vuelve a colocar como la primera vez,<br \/>\nen la habitaci\u00f3n de adolescente deseoso de contar y experimentar el mundo.<\/p>\n<p><a href=\"http:\/\/peveroni.blogspot.com.uy\/\" target=\"_blank\" rel=\"noopener\"><strong>Gabriel Peveroni<\/strong><\/a><\/p>\n<p>&nbsp;<\/p>\n<p>&nbsp;<\/p>\nngg_shortcode_0_placeholder\n<p style=\"text-align: right;\">(aeropuerto de sao paulo, 04.11.10)<\/p>\n<p style=\"text-align: justify;\">el corredor se hace cada vez m\u00e1s largo si se piensa en la \u00faltima puerta atravesada y se sabe que luego viene OTRA Y OTRA Y AS\u00cd SUCESIVAMENTE hasta que acaban las puertas o bien se atraviesa una \u00faltima puerta si es que puede concebirse el transcurso del tiempo en relaci\u00f3n a puertas y corredores, corredores largos y cada vez m\u00e1s estrechos&#8230;&#8230;&#8230;&#8230;el corredor se hace cada vez m\u00e1s soportable si los que circulan lo hacen de la manera correcta si los que circulan llegan a un destino m\u00e1s o menos previsible si los que circulan lo hacen a una velocidad estable y no se detienen m\u00e1s que lo necesario<\/p>\n<p style=\"text-align: center;\">y,<br \/>\nsobre todo,<\/p>\n<p style=\"text-align: justify;\">si no escupen en los pisos lustrados si no vomitan en los pisos espejados que terminan en puertas de acceso, con scanner, PUERTAS DE ACCESO O DE NO ACCESO, puertas de acceso o de no acceso, si no escupen en los pisos lustrados si no vomitan en los pisos espejados que terminan en puertas de acceso, con scanner, puertas de acceso o de no acceso, puertas de acceso o de no acceso, si no escupen en los pisos lustrados si no vomitan en los pisos espejados que terminan en puertas de acceso, con scanner, puertas de acceso o de no acceso, puertas de acceso o de no acceso<\/p>\n<p>LA M\u00daSICA FUNCIONAL DEL AEROPUERTO establece la exacta distancia<br \/>\nentre lo que est\u00e1 afuera<br \/>\ny lo que est\u00e1 adentro:<br \/>\nesta idea es una idea sonora.<br \/>\nuna distorsi\u00f3n.<br \/>\nun cambio en el pensamiento.<br \/>\nun zumbido constante y perplejo.<br \/>\nel viento de una noche<br \/>\ny a la ma\u00f1ana trozar los troncos ca\u00eddos.<br \/>\nlas olas de un atardecer de verano<br \/>\ny a la ma\u00f1ana un poco de miedo,<br \/>\nun poco nada m\u00e1s,<br \/>\nmiedo a que la fiesta haya terminado bien<\/p>\n<p>RECUERDOS, MEMORIAS, PLIEGUES que se hab\u00edan olvidado y asoman en el corredor, en la neutralidad de esa mirada que recuerda a alguien que se vuelve invisible&#8230;&#8230;&#8230;&#8230;&#8230;&#8230;&#8230;&#8230;&#8230;&#8230;&#8230;.. y la imagen se esfuma en blanco y negro y el rumor de las olas y la aspereza del viento<br \/>\nhay que trozar el \u00e1rbol ca\u00eddo<br \/>\ncortar sus ramas,<br \/>\ndejarlas secar,<br \/>\nel invierno siempre llega despu\u00e9s de las olas<br \/>\ny el v\u00e9rtigo de sucesivas fiestas<\/p>\n<p>&nbsp;<\/p>\n<p><a href=\"http:\/\/peveroni.blogspot.com.uy\/\" target=\"_blank\" rel=\"noopener\">G.P.<\/a><\/p>\n<p>&nbsp;<\/p>\n<p>&nbsp;<\/p>\n<p>&nbsp;<\/p>\n","protected":false},"excerpt":{"rendered":"<p>Escribo, escribo y escribo. A veces pienso que es una adicci\u00f3n. Lo es. Y como toda adicci\u00f3n, tiene\u00a0sus etapas, sus momentos, sus heridas, y tambi\u00e9n sus cicatrices.<\/p>\n<p>Escribir es vomitar. Eso lo escribi\u00f3 Rodrigo Fres\u00e1n, que por su condici\u00f3n de escritor sabe muy\u00a0bien a qu\u00e9 se refiere. El problema, seg\u00fan Fres\u00e1n, ocurre cuando el novato se asoma a ese primer\u00a0v\u00f3mito, lo contempla y le encuentra una instant\u00e1nea belleza. Encuentra un espejo. Encuentra\u00a0respuestas. Cuando sucede eso, no hay marcha atr\u00e1s. Ah\u00ed mismo nace el escritor, que puede tomar\u00a0mil caminos, mil bifurcaciones en esos mil caminos, pero siempre ser\u00e1 un escritor, lo que equivale\u00a0a ser un adicto, un escapista, un traductor, un insatisfecho, un discapacitado, un onanista, un\u00a0plagiador, un obsesivo, un provocador, un fantasma, un solitario, un perdedor, un megal\u00f3mano, un\u00a0idiota.<\/p>\n","protected":false},"author":60,"featured_media":25499,"comment_status":"closed","ping_status":"closed","sticky":false,"template":"","format":"standard","meta":{"om_disable_all_campaigns":false,"ngg_post_thumbnail":0,"jnews-multi-image_gallery":[],"jnews_single_post":{"subtitle":"11 Nov 2016","format":"standard","video":"","gallery":"","source_name":"","source_url":"","via_name":"","via_url":"","override_template":"0","override":[{"template":"1","single_blog_custom":"","parallax":"1","fullscreen":"1","layout":"right-sidebar","sidebar":"default-sidebar","second_sidebar":"default-sidebar","sticky_sidebar":"1","share_position":"top","share_float_style":"share-monocrhome","show_share_counter":"1","show_view_counter":"1","show_featured":"1","show_post_meta":"1","show_post_author":"1","show_post_author_image":"1","show_post_date":"1","post_date_format":"default","post_date_format_custom":"Y\/m\/d","show_post_category":"1","show_post_reading_time":"0","post_reading_time_wpm":"300","show_zoom_button":"0","zoom_button_out_step":"2","zoom_button_in_step":"3","show_post_tag":"1","show_prev_next_post":"1","show_popup_post":"1","number_popup_post":"1","show_author_box":"0","show_post_related":"0","show_inline_post_related":"0","post_calculate_word_method":"str_word_count"}],"override_image_size":"0","image_override":[{"single_post_thumbnail_size":"crop-500","single_post_gallery_size":"crop-500"}],"trending_post":"0","trending_post_position":"meta","trending_post_label":"Trending","sponsored_post":"0","sponsored_post_label":"Sponsored by","sponsored_post_name":"","sponsored_post_url":"","sponsored_post_logo_enable":"0","sponsored_post_logo":"","sponsored_post_desc":"","disable_ad":"0"},"jnews_primary_category":{"id":""},"jnews_social_meta":{"fb_title":"","fb_description":"","fb_image":"","twitter_title":"","twitter_description":"","twitter_image":""},"jnews_override_counter":{"override_view_counter":"0","view_counter_number":"0","override_share_counter":"0","share_counter_number":"0","override_like_counter":"0","like_counter_number":"0","override_dislike_counter":"0","dislike_counter_number":"0"},"footnotes":""},"categories":[3688],"tags":[4007,1213],"class_list":["post-25498","post","type-post","status-publish","format-standard","has-post-thumbnail","hentry","category-fotopoetas","tag-fotorreportaje","tag-gabriel-peveroni"],"yoast_head":"<!-- This site is optimized with the Yoast SEO plugin v27.5 - https:\/\/yoast.com\/product\/yoast-seo-wordpress\/ -->\n<title>Fotorreportaje a Gabriel Peveroni - Cooltivarte Portal<\/title>\n<meta name=\"description\" content=\"Escribo, escribo y escribo. A veces pienso que es una adicci\u00f3n. Lo es. Y como toda adicci\u00f3n, tiene\u00a0sus etapas, sus momentos, sus heridas, y tambi\u00e9n sus cicatrices.\" \/>\n<meta name=\"robots\" content=\"index, follow, max-snippet:-1, max-image-preview:large, max-video-preview:-1\" \/>\n<link rel=\"canonical\" href=\"https:\/\/cooltivarte.com\/portal\/fotorreportaje-a-gabriel-peveroni\/\" \/>\n<meta property=\"og:locale\" content=\"es_ES\" \/>\n<meta property=\"og:type\" content=\"article\" \/>\n<meta property=\"og:title\" content=\"Fotorreportaje a Gabriel Peveroni - Cooltivarte Portal\" \/>\n<meta property=\"og:description\" content=\"Escribo, escribo y escribo. A veces pienso que es una adicci\u00f3n. Lo es. Y como toda adicci\u00f3n, tiene\u00a0sus etapas, sus momentos, sus heridas, y tambi\u00e9n sus cicatrices.\" \/>\n<meta property=\"og:url\" content=\"https:\/\/cooltivarte.com\/portal\/fotorreportaje-a-gabriel-peveroni\/\" \/>\n<meta property=\"og:site_name\" content=\"Cooltivarte Portal\" \/>\n<meta property=\"article:publisher\" content=\"https:\/\/www.facebook.com\/cooltivartecom\/\" \/>\n<meta property=\"article:author\" content=\"https:\/\/www.facebook.com\/paolasca\" \/>\n<meta property=\"article:published_time\" content=\"2016-11-11T02:45:40+00:00\" \/>\n<meta property=\"article:modified_time\" content=\"2025-03-23T18:15:17+00:00\" \/>\n<meta property=\"og:image\" content=\"https:\/\/cooltivarte.com\/portal\/wp-content\/uploads\/2016\/11\/Fotorreportaje-a-Gabriel-Peveroni.jpg\" \/>\n\t<meta property=\"og:image:width\" content=\"960\" \/>\n\t<meta property=\"og:image:height\" content=\"636\" \/>\n\t<meta property=\"og:image:type\" content=\"image\/jpeg\" \/>\n<meta name=\"author\" content=\"Paola Scagliotti\" \/>\n<meta name=\"twitter:card\" content=\"summary_large_image\" \/>\n<meta name=\"twitter:creator\" content=\"@https:\/\/x.com\/obolocultural\" \/>\n<meta name=\"twitter:site\" content=\"@obolocultural\" \/>\n<meta name=\"twitter:label1\" content=\"Escrito por\" \/>\n\t<meta name=\"twitter:data1\" content=\"Paola Scagliotti\" \/>\n\t<meta name=\"twitter:label2\" content=\"Tiempo de lectura\" \/>\n\t<meta name=\"twitter:data2\" content=\"6 minutos\" \/>\n<!-- \/ Yoast SEO plugin. -->","yoast_head_json":{"title":"Fotorreportaje a Gabriel Peveroni - Cooltivarte Portal","description":"Escribo, escribo y escribo. A veces pienso que es una adicci\u00f3n. Lo es. Y como toda adicci\u00f3n, tiene\u00a0sus etapas, sus momentos, sus heridas, y tambi\u00e9n sus cicatrices.","robots":{"index":"index","follow":"follow","max-snippet":"max-snippet:-1","max-image-preview":"max-image-preview:large","max-video-preview":"max-video-preview:-1"},"canonical":"https:\/\/cooltivarte.com\/portal\/fotorreportaje-a-gabriel-peveroni\/","og_locale":"es_ES","og_type":"article","og_title":"Fotorreportaje a Gabriel Peveroni - Cooltivarte Portal","og_description":"Escribo, escribo y escribo. A veces pienso que es una adicci\u00f3n. Lo es. Y como toda adicci\u00f3n, tiene\u00a0sus etapas, sus momentos, sus heridas, y tambi\u00e9n sus cicatrices.","og_url":"https:\/\/cooltivarte.com\/portal\/fotorreportaje-a-gabriel-peveroni\/","og_site_name":"Cooltivarte Portal","article_publisher":"https:\/\/www.facebook.com\/cooltivartecom\/","article_author":"https:\/\/www.facebook.com\/paolasca","article_published_time":"2016-11-11T02:45:40+00:00","article_modified_time":"2025-03-23T18:15:17+00:00","og_image":[{"width":960,"height":636,"url":"https:\/\/cooltivarte.com\/portal\/wp-content\/uploads\/2016\/11\/Fotorreportaje-a-Gabriel-Peveroni.jpg","type":"image\/jpeg"}],"author":"Paola Scagliotti","twitter_card":"summary_large_image","twitter_creator":"@https:\/\/x.com\/obolocultural","twitter_site":"@obolocultural","twitter_misc":{"Escrito por":"Paola Scagliotti","Tiempo de lectura":"6 minutos"},"schema":{"@context":"https:\/\/schema.org","@graph":[{"@type":"NewsArticle","@id":"https:\/\/cooltivarte.com\/portal\/fotorreportaje-a-gabriel-peveroni\/#article","isPartOf":{"@id":"https:\/\/cooltivarte.com\/portal\/fotorreportaje-a-gabriel-peveroni\/"},"author":{"name":"Paola Scagliotti","@id":"https:\/\/cooltivarte.com\/portal\/#\/schema\/person\/ddaecac21a91a49b0342429c2d282189"},"headline":"Fotorreportaje a Gabriel Peveroni","datePublished":"2016-11-11T02:45:40+00:00","dateModified":"2025-03-23T18:15:17+00:00","mainEntityOfPage":{"@id":"https:\/\/cooltivarte.com\/portal\/fotorreportaje-a-gabriel-peveroni\/"},"wordCount":1183,"publisher":{"@id":"https:\/\/cooltivarte.com\/portal\/#organization"},"image":{"@id":"https:\/\/cooltivarte.com\/portal\/fotorreportaje-a-gabriel-peveroni\/#primaryimage"},"thumbnailUrl":"https:\/\/cooltivarte.com\/portal\/wp-content\/uploads\/2016\/11\/Fotorreportaje-a-Gabriel-Peveroni.jpg","keywords":["Fotorreportaje","GABRIEL PEVERONI"],"articleSection":["FotoPoetas"],"inLanguage":"es-AR"},{"@type":"WebPage","@id":"https:\/\/cooltivarte.com\/portal\/fotorreportaje-a-gabriel-peveroni\/","url":"https:\/\/cooltivarte.com\/portal\/fotorreportaje-a-gabriel-peveroni\/","name":"Fotorreportaje a Gabriel Peveroni - Cooltivarte Portal","isPartOf":{"@id":"https:\/\/cooltivarte.com\/portal\/#website"},"primaryImageOfPage":{"@id":"https:\/\/cooltivarte.com\/portal\/fotorreportaje-a-gabriel-peveroni\/#primaryimage"},"image":{"@id":"https:\/\/cooltivarte.com\/portal\/fotorreportaje-a-gabriel-peveroni\/#primaryimage"},"thumbnailUrl":"https:\/\/cooltivarte.com\/portal\/wp-content\/uploads\/2016\/11\/Fotorreportaje-a-Gabriel-Peveroni.jpg","datePublished":"2016-11-11T02:45:40+00:00","dateModified":"2025-03-23T18:15:17+00:00","description":"Escribo, escribo y escribo. A veces pienso que es una adicci\u00f3n. Lo es. Y como toda adicci\u00f3n, tiene\u00a0sus etapas, sus momentos, sus heridas, y tambi\u00e9n sus cicatrices.","breadcrumb":{"@id":"https:\/\/cooltivarte.com\/portal\/fotorreportaje-a-gabriel-peveroni\/#breadcrumb"},"inLanguage":"es-AR","potentialAction":[{"@type":"ReadAction","target":["https:\/\/cooltivarte.com\/portal\/fotorreportaje-a-gabriel-peveroni\/"]}]},{"@type":"ImageObject","inLanguage":"es-AR","@id":"https:\/\/cooltivarte.com\/portal\/fotorreportaje-a-gabriel-peveroni\/#primaryimage","url":"https:\/\/cooltivarte.com\/portal\/wp-content\/uploads\/2016\/11\/Fotorreportaje-a-Gabriel-Peveroni.jpg","contentUrl":"https:\/\/cooltivarte.com\/portal\/wp-content\/uploads\/2016\/11\/Fotorreportaje-a-Gabriel-Peveroni.jpg","width":960,"height":636,"caption":"fotorreportaje-a-gabriel-peveroni"},{"@type":"BreadcrumbList","@id":"https:\/\/cooltivarte.com\/portal\/fotorreportaje-a-gabriel-peveroni\/#breadcrumb","itemListElement":[{"@type":"ListItem","position":1,"name":"Portada","item":"https:\/\/cooltivarte.com\/portal\/"},{"@type":"ListItem","position":2,"name":"Fotorreportaje a Gabriel Peveroni"}]},{"@type":"WebSite","@id":"https:\/\/cooltivarte.com\/portal\/#website","url":"https:\/\/cooltivarte.com\/portal\/","name":"Cooltivarte Portal","description":"Arte, cultura y turismo para el mundo ...","publisher":{"@id":"https:\/\/cooltivarte.com\/portal\/#organization"},"potentialAction":[{"@type":"SearchAction","target":{"@type":"EntryPoint","urlTemplate":"https:\/\/cooltivarte.com\/portal\/?s={search_term_string}"},"query-input":{"@type":"PropertyValueSpecification","valueRequired":true,"valueName":"search_term_string"}}],"inLanguage":"es-AR"},{"@type":"Organization","@id":"https:\/\/cooltivarte.com\/portal\/#organization","name":"cooltivarte","url":"https:\/\/cooltivarte.com\/portal\/","logo":{"@type":"ImageObject","inLanguage":"es-AR","@id":"https:\/\/cooltivarte.com\/portal\/#\/schema\/logo\/image\/","url":"https:\/\/cooltivarte.com\/portal\/wp-content\/uploads\/2020\/04\/logo-cooltivarte-v2.png","contentUrl":"https:\/\/cooltivarte.com\/portal\/wp-content\/uploads\/2020\/04\/logo-cooltivarte-v2.png","width":851,"height":243,"caption":"cooltivarte"},"image":{"@id":"https:\/\/cooltivarte.com\/portal\/#\/schema\/logo\/image\/"},"sameAs":["https:\/\/www.facebook.com\/cooltivartecom\/","https:\/\/x.com\/obolocultural","https:\/\/www.instagram.com\/_cooltivarte_\/","https:\/\/www.linkedin.com\/company\/-bolocultural?reportsuccess=8zaNG1HwhPbAR9iQhZ5rfGeqz_vQFftHun0ZWU0Wy9vNemRJ8vtcKdJvzQfW8XagyOJSKg0XvfJ1dp","https:\/\/www.pinterest.com\/cooltivarte\/","https:\/\/cooltivarte.tumblr.com\/","https:\/\/www.tiktok.com\/@cooltivarte","https:\/\/www.youtube.com\/@PrensaCooltivarte"]},{"@type":"Person","@id":"https:\/\/cooltivarte.com\/portal\/#\/schema\/person\/ddaecac21a91a49b0342429c2d282189","name":"Paola Scagliotti","image":{"@type":"ImageObject","inLanguage":"es-AR","@id":"https:\/\/cooltivarte.com\/portal\/wp-content\/uploads\/2016\/01\/Paola-Scagliotti.jpg","url":"https:\/\/cooltivarte.com\/portal\/wp-content\/uploads\/2016\/01\/Paola-Scagliotti.jpg","contentUrl":"https:\/\/cooltivarte.com\/portal\/wp-content\/uploads\/2016\/01\/Paola-Scagliotti.jpg","caption":"Paola Scagliotti"},"description":"Soy fot\u00f3grafa y Licenciada en Ciencias de la Comunicaci\u00f3n. Llevo adelante desde hace varios a\u00f1os el registro de la movida po\u00e9tica uruguaya, sus actores y sus ciclos. Formo parte de los proyectos Poes\u00edas Perform\u00e1ticas y En el Camino de los Perros, tambi\u00e9n colaboro con otros proyectos culturales c\u00f3mo ser Mundial Po\u00e9tico y Slam MVD. Muchas de mis fotograf\u00edas acompa\u00f1an antolog\u00edas po\u00e9ticas, libros de poes\u00eda y art\u00edculos en medios de prensa c\u00f3mo Brecha, El Pa\u00eds Cultural, El Observador, La Diaria, entre otros. En 2016 realic\u00e9 mi primera exposici\u00f3n fotogr\u00e1fica \u201cRetratos Po\u00e9ticos\u201d y en 2018 present\u00e9 \u201cRetratos Po\u00e9ticos II\u201d en el Museo del Gaucho y la Moneda. Parte de esta muestra form\u00f3 parte de la 3a Bienal Internacional de Poes\u00eda de San Jos\u00e9. Tambi\u00e9n tuve el placer de exponer mi tercera muestra fotogr\u00e1fica \u201cEn el Camino de los Perros\u201d en IMPO y en la Fundaci\u00f3n Nancy Bacelo. Desde 2015 colaboro en el portal \u201ccooltivarte\u201d realizando la cobertura de diferentes eventos culturales y llevando adelante una secci\u00f3n de fotorreportajes a poetas uruguayos llamado \u201cFotopoetas\u201d.","sameAs":["https:\/\/www.facebook.com\/paolasca","https:\/\/www.instagram.com\/pao.scag\/","https:\/\/www.linkedin.com\/company\/-bolocultural\/","https:\/\/www.pinterest.com\/cooltivarte\/","https:\/\/x.com\/https:\/\/x.com\/obolocultural","https:\/\/www.youtube.com\/@PrensaCooltivarte","https:\/\/cooltivarte.tumblr.com\/"],"url":"https:\/\/cooltivarte.com\/portal\/author\/paola-scagliotti\/"}]}},"_links":{"self":[{"href":"https:\/\/cooltivarte.com\/portal\/wp-json\/wp\/v2\/posts\/25498","targetHints":{"allow":["GET"]}}],"collection":[{"href":"https:\/\/cooltivarte.com\/portal\/wp-json\/wp\/v2\/posts"}],"about":[{"href":"https:\/\/cooltivarte.com\/portal\/wp-json\/wp\/v2\/types\/post"}],"author":[{"embeddable":true,"href":"https:\/\/cooltivarte.com\/portal\/wp-json\/wp\/v2\/users\/60"}],"replies":[{"embeddable":true,"href":"https:\/\/cooltivarte.com\/portal\/wp-json\/wp\/v2\/comments?post=25498"}],"version-history":[{"count":7,"href":"https:\/\/cooltivarte.com\/portal\/wp-json\/wp\/v2\/posts\/25498\/revisions"}],"predecessor-version":[{"id":111643,"href":"https:\/\/cooltivarte.com\/portal\/wp-json\/wp\/v2\/posts\/25498\/revisions\/111643"}],"wp:featuredmedia":[{"embeddable":true,"href":"https:\/\/cooltivarte.com\/portal\/wp-json\/wp\/v2\/media\/25499"}],"wp:attachment":[{"href":"https:\/\/cooltivarte.com\/portal\/wp-json\/wp\/v2\/media?parent=25498"}],"wp:term":[{"taxonomy":"category","embeddable":true,"href":"https:\/\/cooltivarte.com\/portal\/wp-json\/wp\/v2\/categories?post=25498"},{"taxonomy":"post_tag","embeddable":true,"href":"https:\/\/cooltivarte.com\/portal\/wp-json\/wp\/v2\/tags?post=25498"}],"curies":[{"name":"wp","href":"https:\/\/api.w.org\/{rel}","templated":true}]}}