{"id":25289,"date":"2016-10-19T01:36:36","date_gmt":"2016-10-19T01:36:36","guid":{"rendered":"http:\/\/cooltivarte.com\/portal\/?p=25289"},"modified":"2016-10-29T01:48:07","modified_gmt":"2016-10-29T01:48:07","slug":"antel-fest-2016-carmelo","status":"publish","type":"post","link":"https:\/\/cooltivarte.com\/portal\/antel-fest-2016-carmelo\/","title":{"rendered":"Antel Fest 2016 Carmelo"},"content":{"rendered":"<h2>antelfest \/ Carmelo\u201916<\/h2>\n<h3>15 y 16 de octubre de 2016<\/h3>\n<p><strong>Buitres<\/strong><br \/>\n<strong>Trotsky<\/strong><br \/>\n<strong>Once Tiros<\/strong><br \/>\n<strong>M\u00f3nica Navarro<\/strong><br \/>\n<strong>Tribu dy Rasta<\/strong><br \/>\n<strong>Carlos Pilar L\u00f3pez<\/strong><br \/>\n<strong>D\u00fao Compa\u00f1eros<\/strong><\/p>\n<p>&nbsp;<\/p>\n<p><strong>Rada<\/strong><br \/>\n<strong>El S\u00faper Hobby<\/strong><br \/>\n<strong>Mart\u00edn Segovia<\/strong><br \/>\n<strong>Spuntone &amp; Mendaro<\/strong><br \/>\n<strong>Larbanois &amp; Carrero<\/strong><br \/>\n<strong>Emiliano y El Zurdo<\/strong><br \/>\n<strong>Ruperto Rocanroll<\/strong><\/p>\n<p>&nbsp;<\/p>\n<p>Ver \u00e1lbum completo en nuestro <a href=\"https:\/\/www.facebook.com\/media\/set\/?set=a.1157750437605201.1073742960.163210523725869&amp;type=1&amp;l=c2ff3b9585\" target=\"_blank\">Facebook<\/a><\/p>\n<p>&nbsp;<\/p>\n<p>&nbsp;<\/p>\n<p>&nbsp;<\/p>\n<p>[fbalbum url=https:\/\/www.facebook.com\/media\/set\/?set=a.1157750437605201.1073742960.163210523725869&amp;type=1&amp;l=c2ff3b9585]<\/p>\n<p>&nbsp;<\/p>\n<p>&nbsp;<\/p>\n<p>&nbsp;<\/p>\n","protected":false},"excerpt":{"rendered":"<p>antelfest \/ Carmelo\u201916 15 y 16 de octubre de 2016 Buitres Trotsky Once Tiros M\u00f3nica Navarro Tribu dy Rasta Carlos Pilar L\u00f3pez D\u00fao Compa\u00f1eros &nbsp; Rada El S\u00faper Hobby Mart\u00edn Segovia Spuntone &amp; Mendaro Larbanois &amp; Carrero Emiliano y El Zurdo Ruperto Rocanroll &nbsp; Ver \u00e1lbum completo en nuestro Facebook &nbsp; &nbsp; &nbsp; [fbalbum url=https:\/\/www.facebook.com\/media\/set\/?set=a.1157750437605201.1073742960.163210523725869&amp;type=1&amp;l=c2ff3b9585] [&hellip;]<\/p>\n","protected":false},"author":72,"featured_media":25290,"comment_status":"closed","ping_status":"closed","sticky":false,"template":"","format":"standard","meta":{"om_disable_all_campaigns":false,"ngg_post_thumbnail":0,"jnews-multi-image_gallery":[],"jnews_single_post":[],"jnews_primary_category":[],"jnews_social_meta":[],"jnews_override_counter":[],"footnotes":""},"categories":[50],"tags":[],"class_list":["post-25289","post","type-post","status-publish","format-standard","has-post-thumbnail","hentry","category-coberturas"],"yoast_head":"<!-- This site is optimized with the Yoast SEO plugin v27.5 - https:\/\/yoast.com\/product\/yoast-seo-wordpress\/ -->\n<title>Antel Fest 2016 Carmelo - Cooltivarte Portal<\/title>\n<meta name=\"description\" content=\"COOLTIVARTE.COM es un portal digital colaborativo de actualizaci\u00f3n permanente dedicado a difundir el acontecer art\u00edstico y cultural, entrevista artistas, gestores y productores de las diferentes disciplinas del arte, y publicando art\u00edculos de reflexi\u00f3n de producci\u00f3n propia sobre los elementos culturales.\" \/>\n<meta name=\"robots\" content=\"index, follow, max-snippet:-1, max-image-preview:large, max-video-preview:-1\" \/>\n<link rel=\"canonical\" href=\"https:\/\/cooltivarte.com\/portal\/antel-fest-2016-carmelo\/\" \/>\n<meta property=\"og:locale\" content=\"es_ES\" \/>\n<meta property=\"og:type\" content=\"article\" \/>\n<meta property=\"og:title\" content=\"Antel Fest 2016 Carmelo - Cooltivarte Portal\" \/>\n<meta property=\"og:description\" content=\"COOLTIVARTE.COM es un portal digital colaborativo de actualizaci\u00f3n permanente dedicado a difundir el acontecer art\u00edstico y cultural, entrevista artistas, gestores y productores de las diferentes disciplinas del arte, y publicando art\u00edculos de reflexi\u00f3n de producci\u00f3n propia sobre los elementos culturales.\" \/>\n<meta property=\"og:url\" content=\"https:\/\/cooltivarte.com\/portal\/antel-fest-2016-carmelo\/\" \/>\n<meta property=\"og:site_name\" content=\"Cooltivarte Portal\" \/>\n<meta property=\"article:publisher\" content=\"https:\/\/www.facebook.com\/cooltivartecom\/\" \/>\n<meta property=\"article:author\" content=\"https:\/\/www.facebook.com\/photobookuruguay\" \/>\n<meta property=\"article:published_time\" content=\"2016-10-19T01:36:36+00:00\" \/>\n<meta property=\"article:modified_time\" content=\"2016-10-29T01:48:07+00:00\" \/>\n<meta property=\"og:image\" content=\"https:\/\/cooltivarte.com\/portal\/wp-content\/uploads\/2016\/10\/Antel-Fest-2016-Carmelo-octubre-foto-martin-pereira.jpg\" \/>\n\t<meta property=\"og:image:width\" content=\"1024\" \/>\n\t<meta property=\"og:image:height\" content=\"684\" \/>\n\t<meta property=\"og:image:type\" content=\"image\/jpeg\" \/>\n<meta name=\"author\" content=\"Martin Pereira\" \/>\n<meta name=\"twitter:card\" content=\"summary_large_image\" \/>\n<meta name=\"twitter:creator\" content=\"@https:\/\/x.com\/Photobookuy\" \/>\n<meta name=\"twitter:site\" content=\"@obolocultural\" \/>\n<meta name=\"twitter:label1\" content=\"Escrito por\" \/>\n\t<meta name=\"twitter:data1\" content=\"Martin Pereira\" \/>\n<!-- \/ Yoast SEO plugin. -->","yoast_head_json":{"title":"Antel Fest 2016 Carmelo - Cooltivarte Portal","description":"COOLTIVARTE.COM es un portal digital colaborativo de actualizaci\u00f3n permanente dedicado a difundir el acontecer art\u00edstico y cultural, entrevista artistas, gestores y productores de las diferentes disciplinas del arte, y publicando art\u00edculos de reflexi\u00f3n de producci\u00f3n propia sobre los elementos culturales.","robots":{"index":"index","follow":"follow","max-snippet":"max-snippet:-1","max-image-preview":"max-image-preview:large","max-video-preview":"max-video-preview:-1"},"canonical":"https:\/\/cooltivarte.com\/portal\/antel-fest-2016-carmelo\/","og_locale":"es_ES","og_type":"article","og_title":"Antel Fest 2016 Carmelo - Cooltivarte Portal","og_description":"COOLTIVARTE.COM es un portal digital colaborativo de actualizaci\u00f3n permanente dedicado a difundir el acontecer art\u00edstico y cultural, entrevista artistas, gestores y productores de las diferentes disciplinas del arte, y publicando art\u00edculos de reflexi\u00f3n de producci\u00f3n propia sobre los elementos culturales.","og_url":"https:\/\/cooltivarte.com\/portal\/antel-fest-2016-carmelo\/","og_site_name":"Cooltivarte Portal","article_publisher":"https:\/\/www.facebook.com\/cooltivartecom\/","article_author":"https:\/\/www.facebook.com\/photobookuruguay","article_published_time":"2016-10-19T01:36:36+00:00","article_modified_time":"2016-10-29T01:48:07+00:00","og_image":[{"width":1024,"height":684,"url":"https:\/\/cooltivarte.com\/portal\/wp-content\/uploads\/2016\/10\/Antel-Fest-2016-Carmelo-octubre-foto-martin-pereira.jpg","type":"image\/jpeg"}],"author":"Martin Pereira","twitter_card":"summary_large_image","twitter_creator":"@https:\/\/x.com\/Photobookuy","twitter_site":"@obolocultural","twitter_misc":{"Escrito por":"Martin Pereira"},"schema":{"@context":"https:\/\/schema.org","@graph":[{"@type":"NewsArticle","@id":"https:\/\/cooltivarte.com\/portal\/antel-fest-2016-carmelo\/#article","isPartOf":{"@id":"https:\/\/cooltivarte.com\/portal\/antel-fest-2016-carmelo\/"},"author":{"name":"Martin Pereira","@id":"https:\/\/cooltivarte.com\/portal\/#\/schema\/person\/b2e4c065e3904d17917cfdfd0e18ce0c"},"headline":"Antel Fest 2016 Carmelo","datePublished":"2016-10-19T01:36:36+00:00","dateModified":"2016-10-29T01:48:07+00:00","mainEntityOfPage":{"@id":"https:\/\/cooltivarte.com\/portal\/antel-fest-2016-carmelo\/"},"wordCount":78,"publisher":{"@id":"https:\/\/cooltivarte.com\/portal\/#organization"},"image":{"@id":"https:\/\/cooltivarte.com\/portal\/antel-fest-2016-carmelo\/#primaryimage"},"thumbnailUrl":"https:\/\/cooltivarte.com\/portal\/wp-content\/uploads\/2016\/10\/Antel-Fest-2016-Carmelo-octubre-foto-martin-pereira.jpg","articleSection":["Coberturas"],"inLanguage":"es-AR"},{"@type":"WebPage","@id":"https:\/\/cooltivarte.com\/portal\/antel-fest-2016-carmelo\/","url":"https:\/\/cooltivarte.com\/portal\/antel-fest-2016-carmelo\/","name":"Antel Fest 2016 Carmelo - Cooltivarte Portal","isPartOf":{"@id":"https:\/\/cooltivarte.com\/portal\/#website"},"primaryImageOfPage":{"@id":"https:\/\/cooltivarte.com\/portal\/antel-fest-2016-carmelo\/#primaryimage"},"image":{"@id":"https:\/\/cooltivarte.com\/portal\/antel-fest-2016-carmelo\/#primaryimage"},"thumbnailUrl":"https:\/\/cooltivarte.com\/portal\/wp-content\/uploads\/2016\/10\/Antel-Fest-2016-Carmelo-octubre-foto-martin-pereira.jpg","datePublished":"2016-10-19T01:36:36+00:00","dateModified":"2016-10-29T01:48:07+00:00","description":"COOLTIVARTE.COM es un portal digital colaborativo de actualizaci\u00f3n permanente dedicado a difundir el acontecer art\u00edstico y cultural, entrevista artistas, gestores y productores de las diferentes disciplinas del arte, y publicando art\u00edculos de reflexi\u00f3n de producci\u00f3n propia sobre los elementos culturales.","breadcrumb":{"@id":"https:\/\/cooltivarte.com\/portal\/antel-fest-2016-carmelo\/#breadcrumb"},"inLanguage":"es-AR","potentialAction":[{"@type":"ReadAction","target":["https:\/\/cooltivarte.com\/portal\/antel-fest-2016-carmelo\/"]}]},{"@type":"ImageObject","inLanguage":"es-AR","@id":"https:\/\/cooltivarte.com\/portal\/antel-fest-2016-carmelo\/#primaryimage","url":"https:\/\/cooltivarte.com\/portal\/wp-content\/uploads\/2016\/10\/Antel-Fest-2016-Carmelo-octubre-foto-martin-pereira.jpg","contentUrl":"https:\/\/cooltivarte.com\/portal\/wp-content\/uploads\/2016\/10\/Antel-Fest-2016-Carmelo-octubre-foto-martin-pereira.jpg","width":1024,"height":684,"caption":"antel-fest-2016-carmelo-octubre-foto-martin-pereira"},{"@type":"BreadcrumbList","@id":"https:\/\/cooltivarte.com\/portal\/antel-fest-2016-carmelo\/#breadcrumb","itemListElement":[{"@type":"ListItem","position":1,"name":"Portada","item":"https:\/\/cooltivarte.com\/portal\/"},{"@type":"ListItem","position":2,"name":"Antel Fest 2016 Carmelo"}]},{"@type":"WebSite","@id":"https:\/\/cooltivarte.com\/portal\/#website","url":"https:\/\/cooltivarte.com\/portal\/","name":"Cooltivarte Portal","description":"Arte, cultura y turismo para el mundo ...","publisher":{"@id":"https:\/\/cooltivarte.com\/portal\/#organization"},"potentialAction":[{"@type":"SearchAction","target":{"@type":"EntryPoint","urlTemplate":"https:\/\/cooltivarte.com\/portal\/?s={search_term_string}"},"query-input":{"@type":"PropertyValueSpecification","valueRequired":true,"valueName":"search_term_string"}}],"inLanguage":"es-AR"},{"@type":"Organization","@id":"https:\/\/cooltivarte.com\/portal\/#organization","name":"cooltivarte","url":"https:\/\/cooltivarte.com\/portal\/","logo":{"@type":"ImageObject","inLanguage":"es-AR","@id":"https:\/\/cooltivarte.com\/portal\/#\/schema\/logo\/image\/","url":"https:\/\/cooltivarte.com\/portal\/wp-content\/uploads\/2020\/04\/logo-cooltivarte-v2.png","contentUrl":"https:\/\/cooltivarte.com\/portal\/wp-content\/uploads\/2020\/04\/logo-cooltivarte-v2.png","width":851,"height":243,"caption":"cooltivarte"},"image":{"@id":"https:\/\/cooltivarte.com\/portal\/#\/schema\/logo\/image\/"},"sameAs":["https:\/\/www.facebook.com\/cooltivartecom\/","https:\/\/x.com\/obolocultural","https:\/\/www.instagram.com\/_cooltivarte_\/","https:\/\/www.linkedin.com\/company\/-bolocultural?reportsuccess=8zaNG1HwhPbAR9iQhZ5rfGeqz_vQFftHun0ZWU0Wy9vNemRJ8vtcKdJvzQfW8XagyOJSKg0XvfJ1dp","https:\/\/www.pinterest.com\/cooltivarte\/","https:\/\/cooltivarte.tumblr.com\/","https:\/\/www.tiktok.com\/@cooltivarte","https:\/\/www.youtube.com\/@PrensaCooltivarte"]},{"@type":"Person","@id":"https:\/\/cooltivarte.com\/portal\/#\/schema\/person\/b2e4c065e3904d17917cfdfd0e18ce0c","name":"Martin Pereira","image":{"@type":"ImageObject","inLanguage":"es-AR","@id":"https:\/\/cooltivarte.com\/portal\/wp-content\/uploads\/2015\/09\/Martin-Pereira.jpg","url":"https:\/\/cooltivarte.com\/portal\/wp-content\/uploads\/2015\/09\/Martin-Pereira.jpg","contentUrl":"https:\/\/cooltivarte.com\/portal\/wp-content\/uploads\/2015\/09\/Martin-Pereira.jpg","caption":"Martin Pereira"},"description":"Nace en los setentas en una c\u00e1rcel como muchos amigos. Con el peso de la dictadura, padres presos celdas peque\u00f1as con ausencia de sol Algo parecido a una caja negra Capas por ah\u00ed, luego de muchos a\u00f1os de trabajar con sonido y Backline en escenarios de todo el pa\u00eds, la fotograf\u00eda surge como algo l\u00f3gico consejos de amigos, internet y luego el gran Taller Aquelarre con Lilian Castro, Annabella Balduvino y Adrian Marquis ayudan a su formaci\u00f3n. Hoy hace unos cuantos a\u00f1os que se dedica a la doble tarea de sonido Backline fotograf\u00eda. Trabaja con fotograf\u00eda en su estudio. Realizo muestras fotogr\u00e1ficas en Montevideo e interior del pa\u00eds. Sus Fotograf\u00eda se publican en medios nacionales e internacionales. Habiendo trabajado en la mayor\u00eda de shows internacionales y con casi la totalidad de m\u00fasicos nacionales hoy lleva consigo un mill\u00f3n de im\u00e1genes para compartir. EL estar en ambos lados del escenario tal vez es parte de su mirada. Actualmente dirige La Zapada empresa que fund\u00f3 hace m\u00e1s de 20 a\u00f1os. Funciona como una escuela de sonido, estudio de grabaci\u00f3n, Backline y Salas de ensayo. Y comienza a trabajar con proyectos audiovisuales con bandas nacionales. A podido trabajar con todos sus \u00eddolos menos Sting, pero ya ya se va a dar. Se incorpora a cooltivarte en 2015.","sameAs":["http:\/\/ims.com.uy\/","https:\/\/www.facebook.com\/photobookuruguay","https:\/\/www.instagram.com\/_cooltivarte_\/","https:\/\/www.linkedin.com\/company\/-bolocultural","https:\/\/www.pinterest.com\/cooltivarte","https:\/\/x.com\/https:\/\/x.com\/Photobookuy","https:\/\/www.youtube.com\/@PrensaCooltivarte","https:\/\/www.tumblr.com\/blog\/cooltivarte"],"url":"https:\/\/cooltivarte.com\/portal\/author\/martin-pereira\/"}]}},"_links":{"self":[{"href":"https:\/\/cooltivarte.com\/portal\/wp-json\/wp\/v2\/posts\/25289","targetHints":{"allow":["GET"]}}],"collection":[{"href":"https:\/\/cooltivarte.com\/portal\/wp-json\/wp\/v2\/posts"}],"about":[{"href":"https:\/\/cooltivarte.com\/portal\/wp-json\/wp\/v2\/types\/post"}],"author":[{"embeddable":true,"href":"https:\/\/cooltivarte.com\/portal\/wp-json\/wp\/v2\/users\/72"}],"replies":[{"embeddable":true,"href":"https:\/\/cooltivarte.com\/portal\/wp-json\/wp\/v2\/comments?post=25289"}],"version-history":[{"count":3,"href":"https:\/\/cooltivarte.com\/portal\/wp-json\/wp\/v2\/posts\/25289\/revisions"}],"predecessor-version":[{"id":25293,"href":"https:\/\/cooltivarte.com\/portal\/wp-json\/wp\/v2\/posts\/25289\/revisions\/25293"}],"wp:featuredmedia":[{"embeddable":true,"href":"https:\/\/cooltivarte.com\/portal\/wp-json\/wp\/v2\/media\/25290"}],"wp:attachment":[{"href":"https:\/\/cooltivarte.com\/portal\/wp-json\/wp\/v2\/media?parent=25289"}],"wp:term":[{"taxonomy":"category","embeddable":true,"href":"https:\/\/cooltivarte.com\/portal\/wp-json\/wp\/v2\/categories?post=25289"},{"taxonomy":"post_tag","embeddable":true,"href":"https:\/\/cooltivarte.com\/portal\/wp-json\/wp\/v2\/tags?post=25289"}],"curies":[{"name":"wp","href":"https:\/\/api.w.org\/{rel}","templated":true}]}}