{"id":25004,"date":"2016-10-17T04:05:58","date_gmt":"2016-10-17T04:05:58","guid":{"rendered":"http:\/\/cooltivarte.com\/portal\/?p=25004"},"modified":"2018-04-22T02:01:19","modified_gmt":"2018-04-22T05:01:19","slug":"entrevista-federico-righi","status":"publish","type":"post","link":"https:\/\/cooltivarte.com\/portal\/entrevista-federico-righi\/","title":{"rendered":"Notas graves y dulces. Entrevista a Federico Righi"},"content":{"rendered":"<p style=\"text-align: justify;\"><em>El m\u00f3vil que genera las entrevistas es muy variado. En este caso la entrevista fue disparada por una sospecha personal de que detr\u00e1s de esas notas en el bajo hab\u00eda un ser humano que ten\u00eda cosas interesantes para decir. Hoy me alegro de haber tenido esa intuici\u00f3n y comparto con ustedes una entrevista que puede resultarles un poco larga pero que sospecho que coincidir\u00e1n conmigo en que recortarla m\u00e1s ser\u00eda un crimen.<\/em><\/p>\n<p style=\"text-align: justify;\"><strong>\u00bfEn qu\u00e9 proyectos and\u00e1s hoy?<\/strong><\/p>\n<p style=\"text-align: justify;\">Hoy el principal proyecto que tenemos es con <strong><a href=\"https:\/\/cooltivarte.com\/portal\/?s=Sara+Sabah\">Sara Sabah<\/a><\/strong>, con quien armamos un d\u00fao. Ah\u00ed yo toco el bajo y un poco la guitarra. Esto surgi\u00f3 porque con Sara hace tiempo que queremos armar un disco de m\u00fasica sefarad\u00ed. Hace un par de a\u00f1os que Sara empez\u00f3 a incorporar en su repertorio alguna canci\u00f3n sefarad\u00ed y estamos viendo la posibilidad de ir a grabar un disco con unos productores en Israel.<\/p>\n<p style=\"text-align: justify;\"><strong>\u00bfQu\u00e9 caracter\u00edsticas tiene la m\u00fasica sefarad\u00ed?<\/strong><\/p>\n<p style=\"text-align: justify;\">Es una m\u00fasica que tiene m\u00faltiples or\u00edgenes. En cuanto a los instrumentos, siempre hay la\u00fad, flautas y diferentes instrumentos de cuerda. Hay un grupo que es muy famoso en Europa y en Estados Unidos, que se llama Yemen Blues. Escuchalo porque est\u00e1 buen\u00edsimo. Est\u00e1 formado por m\u00fasicos de Israel de diferentes or\u00edgenes (jud\u00edos, palestinos, sirios), tambi\u00e9n m\u00fasicos de Nueva York y ah\u00ed toca un m\u00fasico uruguayo, que se fue all\u00e1 a estudiar de joven y era muy amigo de Sarita de chicos. \u00c9l nos conect\u00f3 con esta gente, que son unos cracks. Tenemos que juntar el dinero y resolver la fecha de viaje. Ya tenemos los pasajes y la estad\u00eda, porque nos quedamos en un kibbutz. Y los m\u00fasicos sesionistas que van a tocar ya est\u00e1n. Nos queda juntar para el estudio. Vamos a estar unos 20 d\u00edas.<\/p>\n<p style=\"text-align: justify;\"><strong>\u00bfHacen ensayos previos a distancia?<\/strong><\/p>\n<p style=\"text-align: justify;\">Lo que hicimos fue que yo le grab\u00e9 a Sarita todas las melod\u00edas. Porque en realidad el origen de esta m\u00fasica era solamente cantada. Por ej., hay temas del a\u00f1o 1200 o 1300. Entonces, cuando mir\u00e1s la partitura, es solamente melod\u00eda; no hay armon\u00eda. Hay pila de temas de los que tocamos a los que le armo yo la armon\u00eda. Trato de que suene al estilo, pero estoy en un 10% de saber algo de lo que es. Igual hace tiempo que estoy escuchando mucha m\u00fasica de esa, me compr\u00e9 un la\u00fad, y un m\u00e9todo de la\u00fad, y estoy metiendo.<\/p>\n<p style=\"text-align: justify;\">Este es uno de mis proyectos principales. Como compusimos muchos temas juntos, lo siento como m\u00edo tambi\u00e9n.<\/p>\n<p style=\"text-align: justify;\">El fin de semana pasado debutamos como d\u00fao. Fuimos a tocar a Piri\u00e1polis. Pero invitamos a <strong><a href=\"https:\/\/cooltivarte.com\/portal\/?s=Nelson+Cedrez\">Nelson Cedrez<\/a><\/strong>, a que tocara tres o cuatro temas, y al hijo que tocara la guitarra en dos temas. Porque imaginate, un concierto de voz y bajo durante veinte temas es dif\u00edcil, \u00bfno?<\/p>\n<p style=\"text-align: justify;\"><strong>\u00bfCu\u00e1l es el rol del bajo cuando es el instrumento \u00fanico acompa\u00f1ando a una voz?<\/strong><\/p>\n<p style=\"text-align: justify;\">Y bueno, en realidad yo trato de ser un poco m\u00e1s guitarr\u00edstico por momentos. En otros tambi\u00e9n busco acompa\u00f1ar la melod\u00eda, y por otro lado tocar como si fuera m\u00e1s percutivo.<\/p>\n<p style=\"text-align: justify;\"><strong>\u00bfQu\u00e9 dir\u00edas que es lo que te une a vos con el bajo, en cuanto al sonido?<\/strong><\/p>\n<p style=\"text-align: justify;\">Bueno, no s\u00e9 c\u00f3mo explicarlo bien. El grave como que lo sent\u00eds ac\u00e1 en la panza. Es como una sensaci\u00f3n f\u00edsica. Cuando toco este instrumento [el bajo ac\u00fastico] me gusta como por otro lado: los graves son dulces y me gusta el tocar en s\u00ed, con los dedos, c\u00f3mo se siente el instrumento, el sonido en general, todo. Pero cuando toc\u00e1s en una banda grande, con un equipo grande y te par\u00e1s y toc\u00e1s, eso te genera una cosa que es incre\u00edble. \u00a1Te pega de una manera!<\/p>\n<p style=\"text-align: justify;\"><strong>\u00bfImporta m\u00e1s la sensaci\u00f3n en el cuerpo que el sonido en s\u00ed?<\/strong><\/p>\n<p style=\"text-align: justify;\">No, es una combinaci\u00f3n de las dos cosas. Cuando te gusta el sonido, eso se potencia. Cuando el sonido no es bueno, te desmotiva. Me ha pasado en pila de discos en los que grab\u00e9, que yo dej\u00e9 un sonido pronto para que nadie lo toque y de repente escucho el disco\u00a0y me encuentro con que no es el sonido que yo quer\u00eda.<\/p>\n<p style=\"text-align: justify;\"><strong>\u00bfTen\u00e9s alg\u00fan disco de composiciones tuyas?<\/strong><\/p>\n<p style=\"text-align: justify;\">S\u00ed, disco personal, m\u00edo, tengo uno, que se llama &#8220;El Fondito&#8221;. Lo sac\u00f3 Perro Andaluz en 2010. Fue justo cuando me jod\u00ed de la columna. El disco sali\u00f3 como en diciembre y yo en enero qued\u00e9 duro como una tabla y ah\u00ed fue que me operaron. Y, en realidad, la \u00fanica vez que toqu\u00e9 los temas del disco, d\u00e1ndoles m\u00e1s importancia, fue en la Sala Zitarrosa, que el sello Perro Andaluz hizo un toque de varios, y ah\u00ed toqu\u00e9 yo con mi grupo, toc\u00f3 <strong><a href=\"https:\/\/cooltivarte.com\/portal\/?s=Urbano+Moraes\">Urbano<\/a><\/strong> y el <strong><a href=\"https:\/\/cooltivarte.com\/portal\/?s=Juan+Pablo+Chapital\">Chapa<\/a><\/strong>. Esa fue la \u00fanica vez como presentaci\u00f3n. Otras veces toqu\u00e9 temas de ese disco pero no con el grupo que yo quer\u00eda tocar (<strong><a href=\"https:\/\/cooltivarte.com\/portal\/?s=Mart%C3%ADn+Ibarburu\">Mart\u00edn<\/a><\/strong> en la bater\u00eda, Trasante en la percusi\u00f3n, Mauro P\u00e9rez en el piano y<strong> <a href=\"https:\/\/cooltivarte.com\/portal\/?s=Benji+Barreiro\">Benji Barreiro<\/a> e<\/strong>n el saxo). Pero el disco lo grab\u00e9 con Mart\u00edn, Trasante y Benji, todos los pianos, rhodes y sintes que est\u00e1n en el disco los grab\u00f3 <strong><a href=\"https:\/\/cooltivarte.com\/portal\/?s=Nacho+Labrada\">Nacho Labrada<\/a><\/strong>. De invitados tocaron <strong><a href=\"https:\/\/cooltivarte.com\/portal\/?s=Nico+Ibarburu\">Nico Ibarburu<\/a><\/strong>, Magnone en un tema y el Lobo con sus hijos.<\/p>\n<p style=\"text-align: justify;\"><strong>\u00bfCompon\u00e9s mucho?<\/strong><\/p>\n<p style=\"text-align: justify;\">Compongo bastante pero en este momento no estoy componiendo tanto solo. Estoy componiendo mucho con Sarita. Con ella componemos sin parar. A ella se le ocurre una idea, una melod\u00eda, y\u00a0yo al toque se la armonizo, o ella tiene una letra y yo le pongo la melod\u00eda. Nos complementamos pila. Hace poco yo ten\u00eda una m\u00fasica y no lograba ponerle letra y ella en nada le escribi\u00f3 la letra.<\/p>\n<p style=\"text-align: justify;\">Y ahora tengo temas como para otro disco pero que es muy diferente al otro. &#8220;El Fondito&#8221; fue como m\u00e1s el\u00e9ctrico y muy variado. Ahora me inclino m\u00e1s por algo m\u00e1s folcl\u00f3rico. Tengo una vidala, un par de zambas, alg\u00fan tema con un aire de chacarera. Mi idea es armar un grupo que sea percusi\u00f3n, no bater\u00eda, bajo ac\u00fastico, un viento y acorde\u00f3n, o algo de eso.<\/p>\n<p style=\"text-align: justify;\">Estoy m\u00e1s colgado con cantantes latinoamericanas. Susana Baca, por ejemplo, me arranca la cabeza. Los ritmos peruanos, el Per\u00fa negro. Hace tiempo que vengo estudiando todo eso. Tambi\u00e9n me gustan pila los cantos ind\u00edgenas. Que en realidad hay muchos folcloristas argentinos que lo hacen. Inclusive Aznar canta unos temas que son tipo\u2026 una baguala, una cosa as\u00ed&#8230; incre\u00edble.<\/p>\n<p style=\"text-align: justify;\"><strong>\u00bfSe siente una mayor pertenencia con esa m\u00fasica?<\/strong><\/p>\n<p style=\"text-align: justify;\">S\u00ed, totalmente.<\/p>\n<p style=\"text-align: justify;\">Bueno, una m\u00fasica que en un momento me lleg\u00f3 pila, de la cual aprend\u00ed mucho, fue el Gospel. Porque una vez fui a la casa de <strong><a href=\"https:\/\/cooltivarte.com\/portal\/?s=Francisco+Fattoruso\">Francisco<\/a><\/strong> [Fattoruso], cuando viv\u00eda all\u00e1 en Atlanta, y fui a unos lugares que me mataron. O sea, todos cantaban como Stevie Wonder. Pero todos. Capaz que te parece que soy muy exagerado pero te lo juro. Ah\u00ed le hice un cambio a Francisco en un boliche. Era un tr\u00edo: un baterista, un bajo y teclado. Y tocaban toda m\u00fasica onda R &amp; B: temas de Beyonc\u00e9, Stevie Wonder, etc.<\/p>\n<p style=\"text-align: justify;\"><strong>\u00bfC\u00f3mo hacen para tocar sin ensayo?<\/strong><\/p>\n<p style=\"text-align: justify;\">Mir\u00e1, haber tocado jazz con pila de gente salada&#8230; Uno de mis maestros en ese sentido fue Jos\u00e9 Reinoso. Porque \u00e9l hab\u00eda ido a estudiar a Berklee y antes de irse armaba unas jams. Eddy Porchile tambi\u00e9n. Y, obviamente, Nico y Mart\u00edn [Ibarburu] y <strong><a href=\"https:\/\/cooltivarte.com\/portal\/?s=Montemurro\">Montemurro<\/a><\/strong>. En esa \u00e9poca tambi\u00e9n tocaba con Mariana y Osvaldo y <strong><a href=\"https:\/\/cooltivarte.com\/portal\/?s=Osvaldo+Fattoruso\">Osvaldo<\/a><\/strong> fue uno de los tipos que m\u00e1s me influy\u00f3 musicalmente, pero no solamente por la bater\u00eda. Por todo. Me suger\u00eda formas de poder tocar. Pero nunca me impuso nada. Cosas conceptuales, de notas, todo. \u00c9l agarraba el bajo y me dec\u00eda, &#8220;a ver&#8221;&#8230; y se pon\u00eda a tocar. Sobre todo tumbado de candombe. Me acuerdo que yo en esa \u00e9poca estaba como enfermo con Pastorius y tocaba millones de notas, al pedo. Entonces Osvaldo un d\u00eda me acuerdo que me dio un cassette y me dijo: &#8220;Escuchate esto&#8221;. Y era Anthony Jackson. \u00a1Cuando escuch\u00e9 esos graves que tocaba con el bajo de 6 cuerdas! Ahora se convirti\u00f3 en mi bajista preferido. Osvaldo me iba dando cassettes y me suger\u00eda. Y despu\u00e9s tocar con \u00e9l, obviamente.<\/p>\n<p style=\"text-align: justify;\">Pero en cuanto a tocar sin ensayo, cuando toc\u00e1s standards de jazz te das cuenta de que hay muchas cosas arm\u00f3nicas que se repiten. Si te sab\u00e9s la melod\u00eda y la armon\u00eda y est\u00e1s tocando con gente que ya sab\u00e9s que no ten\u00e9s que explicarle nada, lo \u00fanico que ten\u00e9s que hacer es empezar a tocar. Me ha pasado con Mart\u00edn y con Nico, y con <a href=\"https:\/\/cooltivarte.com\/portal\/?s=Gast%C3%B3n+Ackermann\"><strong>Gast\u00f3n Ackermann<\/strong><\/a>, de ir a tocar al interior y en el viaje armar el repertorio. Lo que s\u00ed, si quer\u00e9s hacer algo s\u00faper arreglado y hacer un final perfecto, ah\u00ed o escrib\u00eds o ensay\u00e1s.<\/p>\n<p style=\"text-align: justify;\"><strong>\u00bfC\u00f3mo escuch\u00e1s cuando est\u00e1s tocando?<\/strong><\/p>\n<p style=\"text-align: justify;\">Bueno. Yo toco a un volumen muy bajo. Antes tocaba mucho m\u00e1s fuerte pero me pasaba mucho m\u00e1s que escuchaba lo que yo tocaba que lo que tocaban los dem\u00e1s. Ahora hay un cierto volumen m\u00e1s all\u00e1 del cual no me gusta tocar pero no porque no me guste el volumen en s\u00ed, sino porque no escucho a los dem\u00e1s que est\u00e1n tocando conmigo. Entonces eso no me llama. Necesito escuchar yo como si estuviera escuchando un disco: qu\u00e9 est\u00e1 tocando el baterista, el tecladista, etc. Sobre todo si est\u00e1s tocando esta m\u00fasica que en realidad es interacci\u00f3n permanente, obviamente ten\u00e9s que tocar en funci\u00f3n a lo que pasa alrededor. Si no escucho qu\u00e9 acorde meti\u00f3 el guitarrista, o no escucho la melod\u00eda, es como que en realidad est\u00e1s escuchando parcialmente la m\u00fasica que est\u00e1s tocando.<\/p>\n<p style=\"text-align: justify;\"><strong>\u00bfY c\u00f3mo escuch\u00e1s al bajo cuando est\u00e1s escuchando a todos los instrumentos? \u00bfLes pon\u00e9s el foco a todos los instrumentos a la vez?<\/strong><\/p>\n<p style=\"text-align: justify;\">Es como que vas monitoreando por momentos. Es como que escuch\u00e1s un todo y de repente est\u00e1s escuchando un poco m\u00e1s lo que vos est\u00e1s tocando. O de repente el baterista hizo un fill y te llam\u00f3 la atenci\u00f3n ese fill y ah\u00ed co-cre\u00e1s con \u00e9l. Te pongo un ejemplo: la banda de <strong><a href=\"https:\/\/cooltivarte.com\/portal\/?s=Fernando+Cabrera\">Fernando Cabrera<\/a><\/strong>. Es como si fuera un quinteto de jazz pero acompa\u00f1ando a un cantante. Ese es como el concepto. Porque nunca tocamos igual. Mismo ahora que hicimos tres fechas en Bluzz Live, en los tres toques hicimos el mismo repertorio y las tres veces sali\u00f3 totalmente diferente. Porque en realidad lo que hacemos es seguir a la voz de Cabrera. Lo principal es que se escuche perfecta la letra que \u00e9l canta y hay que amoldarse al volumen. Esa es la consigna. Si yo no escucho a Cabrera, es como que no estoy tocando con \u00e9l. Yo siento eso. Y siempre nos basamos en si \u00e9l levanta, etc. Hay mucha interacci\u00f3n en ese grupo. Con <strong><a href=\"https:\/\/cooltivarte.com\/portal\/?s=Ricardo+G%C3%B3mez\">Ricardo G\u00f3mez<\/a><\/strong> tocamos con Cabrera desde el 97, as\u00ed que imaginate. El a\u00f1o que viene vamos a festejar los 20 a\u00f1os. Ya le dijimos a Cabrera: nosotros vamos a armar un concierto y vamos a elegir los temas. (Risas)<\/p>\n<p style=\"text-align: justify;\">Para m\u00ed Cabrera fue otra persona que me cambi\u00f3 la manera de tocar el bajo. Porque por ejemplo me hizo escuchar otro tipo de m\u00fasica. \u00c9l nunca me dijo toc\u00e1 as\u00ed o as\u00e1. Pero me daba pautas, como: &#8220;ac\u00e1 tendr\u00edas que tocar menos notas&#8221;, o &#8220;m\u00e1s mel\u00f3dico&#8221;. Y ah\u00ed empec\u00e9 a escuchar a McCartney, que es de los mejores bajistas&#8230; tocando canciones es una cosa incre\u00edble. Porque me da la impresi\u00f3n de que piensa el bajo desde otro lugar. No como un bajista. El bajo ya es como una melod\u00eda.<\/p>\n<p style=\"text-align: justify;\">Con Cabrera durante un tiempo largo tocamos a tr\u00edo, bien despojado. Cabrera me dec\u00eda: &#8220;Olvidate que est\u00e1s tocando el bajo. Imaginate que est\u00e1s tocando un cello, o un oboe, y entonces salite del rol del bajo&#8221;. Entonces ah\u00ed empec\u00e9 a buscar tocar de otra manera, pero que no fuera que estuviera haciendo un solo, sino que estuviera tocando una melod\u00eda que fuera con lo que \u00e9l estaba cantando y lo que estaba tocando la guitarra. O simplemente dos notas, un ostinato, suponete. Creo que empec\u00e9 a sentir que entend\u00eda c\u00f3mo tocar con Cabrera por el 2004, 2005.<\/p>\n<p style=\"text-align: justify;\"><strong>\u00bfY toc\u00e1s con R\u00faben Rada?<\/strong><\/p>\n<p style=\"text-align: justify;\">Ahora no estoy tocando porque \u00e9l est\u00e1 tocando mucho afuera y yo no estoy viajando. Toqu\u00e9 por \u00faltima vez con \u00e9l cuando hizo el espect\u00e1culo \u201cTango, Milonga y Candombe\u201d. Cuando yo ten\u00eda m\u00e1s o menos 8 a\u00f1os, me regalaron un cassette de los Beatles y uno de Rada, que era lo que escuchaba sin parar. Era un disco que se llama &#8220;La cosa se pone negra&#8221;, que es en vivo, en Obras Sanitarias, en el a\u00f1o 82, creo. Ah\u00ed <a href=\"https:\/\/cooltivarte.com\/portal\/?s=Ruben+Rada\"><strong>Rada<\/strong><\/a> ten\u00eda una banda que era asesina. Tocaba Osvaldo, Ricardo Nol\u00e9, Leu la guitarra, Urbano el bajo y hab\u00eda vientos tambi\u00e9n. No me acuerdo si hab\u00eda coristas tambi\u00e9n. Cuando empec\u00e9 a tocar, saqu\u00e9 ese disco. Me lo sab\u00eda de memoria&#8230; hasta el solo de Osvaldo me sab\u00eda de memoria. Y con el correr del tiempo si me preguntabas con qui\u00e9n quer\u00eda tocar ac\u00e1 en Uruguay, era con Rada.<\/p>\n<p style=\"text-align: justify;\"><strong>\u00bfC\u00f3mo empezaste a tocar con \u00e9l?<\/strong><\/p>\n<p style=\"text-align: justify;\">Bueno, yo ya lo conoc\u00eda de antes de empezar a tocar. Cuando los mellizos y Montemurro armaron Pepe Gonz\u00e1lez, en el segundo disco que grabamos, Rada hab\u00eda venido de M\u00e9xico y fue y particip\u00f3. Y \u00e9l justo hab\u00eda armado Botijas Band, donde tocaban Andr\u00e9s Ibarburu el bajo, Mart\u00edn y Nico, y Montemurro. Y yo los iba a ver. Entonces ah\u00ed ya ten\u00eda una relaci\u00f3n con \u00e9l&#8230; hac\u00edamos asados y cosas as\u00ed. Despu\u00e9s cuando ac\u00e1 en Malv\u00edn empezamos a tocar los tambores, la primera vez salimos los melli, el Nego, mi viejo, y tres o cuatro m\u00e1s del barrio y se iba juntando gente. Y ah\u00ed ven\u00eda Rada tambi\u00e9n a tocar. Entonces ya lo conoc\u00eda. Andr\u00e9s Ibarburu estaba tocando con Rada y fue cuando lo llam\u00f3 Jaime Roos para tocar que se fue de la banda de Rada y ah\u00ed me llam\u00f3 a m\u00ed para tocar.<\/p>\n<p style=\"text-align: justify;\"><strong>\u00bfC\u00f3mo es tocar con Rada?<\/strong><\/p>\n<p style=\"text-align: justify;\">Es lo m\u00e1s divertido del planeta. Con \u00e9l toco desde el 99. Rada es muy divertido. Todo el tiempo est\u00e1 rompiendo las bolas, sin parar. Aparte siento que con la banda somos s\u00faper unidos. Llegamos a ser 13 y nos llev\u00e1bamos s\u00faper bien todos.<\/p>\n<p style=\"text-align: justify;\"><strong>\u00bfMe contar\u00edas algo del toque con Hiram Bullock?<\/strong><\/p>\n<p style=\"text-align: justify;\">Rada hab\u00eda arreglado con \u00e9l para que viniera a tocar ac\u00e1. Ah\u00ed me llam\u00f3 y yo no lo pod\u00eda creer. Con Mart\u00edn, adem\u00e1s. Hicieron un concierto juntos, que se llamaba Black y Black. Tocamos primero con Hiram Bullock en el Teatro de Verano y luego toc\u00f3 Rada. Eso debe haber sido en el a\u00f1o 96, 97, una cosa as\u00ed. Nos mand\u00f3 un disco para que nos aprendi\u00e9ramos y una cosa que estuvo buena, que me sorprendi\u00f3, fue que el disco que me dieron era un tr\u00edo en vivo, as\u00ed como iba a tocar ac\u00e1. Y tocaba un bajista que es un sesionista y bajista de Nueva York, salado, que se llama Will Lee. Estaba bueno el disco. A parte a m\u00ed me gustaba Hiram Bullock de antes, entonces me saqu\u00e9 todas las l\u00edneas de bajo que estaban en el disco. Todo lo que hab\u00eda tocado este tipo. Llegamos al ensayo\u2026 imaginate, hab\u00eda pila de gente. Y el loco cay\u00f3 como una hora y media tarde. Con Mart\u00edn est\u00e1bamos esperando re-nerviosos, pasando arreglos. Y el loco lleg\u00f3 a mil por hora, agarr\u00f3 la guitarra y lo primero que nos dijo fue: &#8220;\u00bfEscucharon el disco? Bueno, olv\u00eddense de todo lo que toc\u00f3 el bajista y el baterista en el disco, ahora vamos a tocar nosotros, porque eso ya pas\u00f3&#8221;. Pah. Yo no sab\u00eda si era un alivio o no, porque ya me hab\u00eda aprendido todo. Y en realidad estuvo bueno porque el loco dijo: &#8220;Eso fue un toque que grabamos en vivo y ta, ya est\u00e1. Olv\u00eddense. La m\u00fasica ahora la van a hacer ustedes dos conmigo&#8221;.<\/p>\n<p style=\"text-align: justify;\"><strong>Est\u00e1 bueno, eso, \u00bfno? Porque cada acto musical es un acto de creaci\u00f3n.<\/strong><\/p>\n<p style=\"text-align: justify;\">S\u00ed, pero tambi\u00e9n depende de con qui\u00e9n toques. Hay m\u00fasica en la que toc\u00e1s todos los shows lo mismo.<\/p>\n<p style=\"text-align: justify;\"><strong>\u00bfC\u00f3mo se vive eso?<\/strong><\/p>\n<p style=\"text-align: justify;\">Ah, yo me aburro. Por eso hay gente con la que prefiero no tocar. Yo soy m\u00e1s de improvisar. No de zarparme, pero me gusta mucho m\u00e1s lo que pase en el momento, que haya una variante. Con Rada pod\u00e9s hacer eso. Porque \u00e9l se aburre tambi\u00e9n. \u00bfTocar todas las veces lo mismo? No, no&#8230; Ta, si ten\u00e9s que tocar en un grupo porque la l\u00ednea de bajo es as\u00ed, obviamente se toca. Pero a lo que voy es que te rompan las pelotas por una notita que metiste diferente, que en vez de tocar un mi tocaste un sol, que igual estaba bien con la armon\u00eda y te dicen: &#8220;ah, no, no, ten\u00e9s que tocar el mi porque si no, me muero&#8221;. No va conmigo eso. Pero puedo tocar dos horas un groove, o una l\u00ednea de bajo que sea solamente la t\u00f3nica, todo bien, y me enrosco en esa.<\/p>\n<p style=\"text-align: justify;\"><strong>\u00bfQu\u00e9 pasa cuando est\u00e1s tocando una nota?<\/strong><\/p>\n<p style=\"text-align: justify;\">Y es una cosa como medio m\u00e1ntrica. Con Cabrera me pasa de tocar tres notas y me recontra gozo, pero me gozo por todo lo que pasa alrededor, no por esa nota que toco.<\/p>\n<p style=\"text-align: justify;\"><strong>Con algunos m\u00fasicos yo siento que son canales de algo que viene de arriba y que me termina llegando a m\u00ed. Cuando est\u00e1s tocando en circunstancias en que te sent\u00eds especialmente c\u00f3modo, \u00bfsent\u00eds eso tambi\u00e9n?<\/strong><\/p>\n<p style=\"text-align: justify;\">S\u00ed, claro, ni qu\u00e9 hablar. Por ejemplo, me ha pasado de ponerme a llorar. S\u00ed, claro, tocando con Cabrera hay dos o tres temas que los toca y pah, loco, a m\u00ed por lo menos me moviliza. Y me doy cuenta que de repente cierro los ojos y estoy en otro lugar, no estoy ah\u00ed. Y cuando abro los ojos y veo que hay gente, pah. El otro d\u00eda con Cabrera me pas\u00f3 eso. Estuve casi todo el show como colgado, con los ojos cerrados. A m\u00ed me pasa que con los ojos cerrados escucho mejor. El otro d\u00eda fue pah, incre\u00edble. Me pasaba eso, que terminaba el tema y abr\u00eda los ojos y &#8220;ah, mierda, hay gente&#8221; [risas]. Me pasa con Cabrera y me ha pasado tocando con otros, claro.<\/p>\n<p style=\"text-align: justify;\"><strong>\u00bfY el p\u00fablico influye?<\/strong><\/p>\n<p style=\"text-align: justify;\">S\u00ed, sobre todo si es un p\u00fablico que se est\u00e1 copando. Eso te vibra a favor.<\/p>\n<p style=\"text-align: justify;\">Y tambi\u00e9n influye c\u00f3mo te lleves con quienes est\u00e9s tocando. Porque al final yo creo que somos seres humanos que nos transmitimos de coraz\u00f3n a coraz\u00f3n, siempre. Me ha pasado de tocar con gente que no conoc\u00eda, por primera vez, y fa, una vibraci\u00f3n incre\u00edble. Y me ha pasado de tocar con m\u00fasicos ultra consagrados y no me movieron un pelo. Pero ya desde el momento en que el tipo entr\u00f3 en el ensayo sent\u00ed como algo raro. Yo respeto pila la trayectoria de cada uno, pero eso no es determinante para m\u00ed en el momento de elegir a alguien para tocar. Prefiero elegir a alguien que se adecue a la situaci\u00f3n para tocar, pero si tengo que elegir, elijo m\u00e1s por el coraz\u00f3n que por las aptitudes musicales.<\/p>\n<p style=\"text-align: justify;\">Con el que me pas\u00f3 as\u00ed, que hace a\u00f1os tocamos, es con el Negro Aguirre, un m\u00fasico de Paran\u00e1, compositor, arreglador y folclorista pero moderno. Pah, con \u00e9l ya cuando entr\u00f3. \u00cdbamos a tocar una versi\u00f3n de \u201cZamba por vos\u201d, arreglada por \u00e9l y un arreglo complicado pero divino. Y otros temas de \u00e9l. Era con Nico Ibarburu, Mart\u00edn, el Chancho Peyrou. Era un proyecto que se llamaba Zamba por vos. \u00c9l vino de invitado. Y Dino. \u00bfVes? Otro que no lo conoc\u00eda y pah, un ser impresionante. Terminamos tocando \u201cMilonga de Pelo Largo\u201d, todos copados. Cuando se puso con la viola en el escenario a tocar ese tema, pah, era incre\u00edble. Entonces eso tambi\u00e9n es como transmisi\u00f3n de algo. Hay veces que me parece que me sensibilizo demasiado y como que es contraproducente. Con otro que me pas\u00f3 de estar as\u00ed, mano a mano, toda una noche as\u00ed, tocando fue con Rub\u00e9n Ju\u00e1rez, el bandoneonista. Est\u00e1bamos de gira con Rada en C\u00f3rdoba. Pah, ese tipo empez\u00f3 a tocar y fue as\u00ed como instant\u00e1neo. Me acuerdo que me alej\u00e9 porque me puse a llorar a mares. Ven\u00eda Anita Prada y me dec\u00eda, \u00bfpero qu\u00e9 te pasa? Vo, no pod\u00eda parar de llorar. Hay mucha gente as\u00ed. Creo que Hugo [Fattoruso] tambi\u00e9n es un tipo as\u00ed. Que ya cuando prueba el piano, pah loco. No s\u00e9, es como raro. Hay gente que tiene eso.<\/p>\n<p style=\"text-align: justify;\"><strong>No quisiera despedirme sin preguntarte cu\u00e1nto hace que est\u00e1s dando clases<\/strong><\/p>\n<p style=\"text-align: justify;\">Desde que ten\u00eda veinte a\u00f1os.<\/p>\n<p style=\"text-align: justify;\"><strong>\u00bfEn qu\u00e9 consisten los talleres que est\u00e1s ofreciendo?<\/strong><\/p>\n<p style=\"text-align: justify;\">El objetivo en s\u00ed es poder explorar el instrumento desde otro lado. O sea, tocar lo que tengas que tocar como bajista pero poder tambi\u00e9n tocar acordes, o de repente tocar melod\u00edas, y poder entender arm\u00f3nicamente ciertas cosas. Porque los bajistas no estudiamos armon\u00eda. Porque en realidad nosotros tocamos notas. S\u00ed tocamos notas que van con una armon\u00eda pero no siempre todos los bajistas saben que pueden tocar tal nota y que tal otra no va porque no va con el acorde. Entonces la idea es explorar eso y tambi\u00e9n estimular la composici\u00f3n. El a\u00f1o pasado lo hice y me acuerdo que se anot\u00f3 una chiquilina que me dijo &#8220;mir\u00e1 que yo no s\u00e9 nada, me compr\u00e9 un bajo y estoy tocando 3 notas&#8221;. Yo le dije &#8220;bueno, vos ven\u00ed y prob\u00e1&#8221;. Y vino, le gustaba la m\u00fasica como de los 70, entonces sab\u00eda una l\u00ednea de una canci\u00f3n y en base a lo que ella sab\u00eda fuimos armando lo que tocaban los dem\u00e1s. Y empezamos a ver qu\u00e9 otras cosas se pod\u00eda hacer en ese estilo, como imitando una frase de otro instrumento, las articulaciones&#8230; tocar de determinada manera: m\u00e1s ligado, menos, m\u00e1s fuerte, muy suave, frasear algo r\u00edtmicamente&#8230; depende del estilo, pero por ejemplo que lo puedas amacar un poco aunque haya un tiempo. Y obviamente se iban rotando y esta gurisa que empez\u00f3 tocando eso, se entr\u00f3 a copar y a estudiar y estudiar y en tipo cuatro clases estaba adelante, incre\u00edble. Es como explorar el instrumento desde otro lado y poder tocar cosas diferentes.<\/p>\n<p style=\"text-align: justify;\"><strong>\u00bfC\u00f3mo est\u00e1n estructurados los cursos?<\/strong><\/p>\n<p style=\"text-align: justify;\">Depende un poco de lo que sepan y quieran pero hay algunas cosas que las incluyo seguro: tocar un candombe,\u00a0 aprender a tumbar, lo m\u00ednimo, y a tocar r\u00edtmicamente otras cosas, como si fuera una viola. Agarramos dos o tres temas que son conocidos, los analizamos arm\u00f3nicamente. Tambi\u00e9n algo de m\u00fasica brasilera. Y tambi\u00e9n algunos ritmos en tres, que pueden ser ritmos folcl\u00f3ricos, como la chacarera, un chamam\u00e9, una zamba, un land\u00f3, una marinera, un joropo, muchos ritmos que pueden ser en 3\/4 o en 6\/8. Y tambi\u00e9n funk y slap, y todas esas cosas que les gustan a la mayor\u00eda de los m\u00fasicos.<\/p>\n<p style=\"text-align: justify;\">En realidad quiero poder llegar a armar ensambles con otros instrumentos: que haya por ejemplo bater\u00eda, guitarra, teclado, vientos y viol\u00edn.<\/p>\n<p style=\"text-align: justify;\"><strong>\u00bfC\u00f3mo te pueden contactar los interesados?<\/strong><\/p>\n<p style=\"text-align: justify;\">Por Facebook o por el celular 099-353012.<\/p>\n<p style=\"text-align: justify;\"><strong>\u00bfTe gusta ense\u00f1ar?<\/strong><\/p>\n<p style=\"text-align: justify;\">S\u00ed, me gusta. Tambi\u00e9n hice carrera docente en Educaci\u00f3n F\u00edsica. Nunca lo termin\u00e9 pero igual ejerc\u00ed. Me doy cuenta que utilizo muchos de aquellos conceptos did\u00e1cticos, de pedagog\u00eda, progresi\u00f3n, etc. en las clases de bajo. La verdad que me gusta.<\/p>\n<p style=\"text-align: justify;\"><em>Lo que ser\u00eda media hora de entrevista fue una charla much\u00edsimo m\u00e1s larga, en la cual conoc\u00ed a un ser humano muy agradable, abierto y simp\u00e1tico que demostr\u00f3 ser un apasionado por la m\u00fasica y por el bajo y tener una paciencia infinita para explicarme todo tipo de cuestiones que tuve el atrevimiento de preguntar, varias de las cuales he resuelto no incluir aqu\u00ed, en parte por no extender m\u00e1s esta lectura y en parte por no hacer p\u00fablico mi nivel de ignorancia en algunas cuestiones relativas al instrumento bajo. Siento un agradecimiento profundo y una gran alegr\u00eda por todo lo intercambiado en esta conversaci\u00f3n.<\/em><\/p>\n<p style=\"text-align: justify;\"><em>Foto de portada y otras: facilitadas por Federico Righi.<br \/>\n<\/em><\/p>\n<p>&nbsp;<\/p>\n","protected":false},"excerpt":{"rendered":"<p>El m\u00f3vil que genera las entrevistas es muy variado. En este caso la entrevista fue disparada por una sospecha personal de que detr\u00e1s de esas notas en el bajo hab\u00eda un ser humano que ten\u00eda cosas interesantes para decir. Hoy me alegro de haber tenido esa intuici\u00f3n y comparto con ustedes una entrevista que puede [&hellip;]<\/p>\n","protected":false},"author":53,"featured_media":25020,"comment_status":"closed","ping_status":"closed","sticky":false,"template":"","format":"gallery","meta":{"om_disable_all_campaigns":false,"ngg_post_thumbnail":0,"jnews-multi-image_gallery":[],"jnews_single_post":[],"jnews_primary_category":[],"jnews_social_meta":[],"jnews_override_counter":[],"footnotes":""},"categories":[59],"tags":[4463,100],"class_list":["post-25004","post","type-post","status-publish","format-gallery","has-post-thumbnail","hentry","category-musicos","tag-federico-righi","tag-musica","post_format-post-format-gallery"],"yoast_head":"<!-- This site is optimized with the Yoast SEO plugin v27.5 - https:\/\/yoast.com\/product\/yoast-seo-wordpress\/ -->\n<title>Notas graves y dulces. Entrevista a Federico Righi - Cooltivarte Portal<\/title>\n<meta name=\"description\" content=\"COOLTIVARTE.COM es un portal digital colaborativo de actualizaci\u00f3n permanente dedicado a difundir el acontecer art\u00edstico y cultural, entrevista artistas, gestores y productores de las diferentes disciplinas del arte, y publicando art\u00edculos de reflexi\u00f3n de producci\u00f3n propia sobre los elementos culturales.\" \/>\n<meta name=\"robots\" content=\"index, follow, max-snippet:-1, max-image-preview:large, max-video-preview:-1\" \/>\n<link rel=\"canonical\" href=\"https:\/\/cooltivarte.com\/portal\/entrevista-federico-righi\/\" \/>\n<meta property=\"og:locale\" content=\"es_ES\" \/>\n<meta property=\"og:type\" content=\"article\" \/>\n<meta property=\"og:title\" content=\"Notas graves y dulces. Entrevista a Federico Righi - Cooltivarte Portal\" \/>\n<meta property=\"og:description\" content=\"COOLTIVARTE.COM es un portal digital colaborativo de actualizaci\u00f3n permanente dedicado a difundir el acontecer art\u00edstico y cultural, entrevista artistas, gestores y productores de las diferentes disciplinas del arte, y publicando art\u00edculos de reflexi\u00f3n de producci\u00f3n propia sobre los elementos culturales.\" \/>\n<meta property=\"og:url\" content=\"https:\/\/cooltivarte.com\/portal\/entrevista-federico-righi\/\" \/>\n<meta property=\"og:site_name\" content=\"Cooltivarte Portal\" \/>\n<meta property=\"article:publisher\" content=\"https:\/\/www.facebook.com\/cooltivartecom\/\" \/>\n<meta property=\"article:author\" content=\"https:\/\/www.facebook.com\/luna.llena.568294\" \/>\n<meta property=\"article:published_time\" content=\"2016-10-17T04:05:58+00:00\" \/>\n<meta property=\"article:modified_time\" content=\"2018-04-22T05:01:19+00:00\" \/>\n<meta property=\"og:image\" content=\"https:\/\/cooltivarte.com\/portal\/wp-content\/uploads\/2016\/10\/Fede-Righi-Foto-sitio-Mastodonte-Fb-1.jpg\" \/>\n\t<meta property=\"og:image:width\" content=\"960\" \/>\n\t<meta property=\"og:image:height\" content=\"640\" \/>\n\t<meta property=\"og:image:type\" content=\"image\/jpeg\" \/>\n<meta name=\"author\" content=\"Patricia Schiavone\" \/>\n<meta name=\"twitter:card\" content=\"summary_large_image\" \/>\n<meta name=\"twitter:creator\" content=\"@https:\/\/x.com\/obolocultural\" \/>\n<meta name=\"twitter:site\" content=\"@obolocultural\" \/>\n<meta name=\"twitter:label1\" content=\"Escrito por\" \/>\n\t<meta name=\"twitter:data1\" content=\"Patricia Schiavone\" \/>\n\t<meta name=\"twitter:label2\" content=\"Tiempo de lectura\" \/>\n\t<meta name=\"twitter:data2\" content=\"22 minutos\" \/>\n<!-- \/ Yoast SEO plugin. -->","yoast_head_json":{"title":"Notas graves y dulces. Entrevista a Federico Righi - Cooltivarte Portal","description":"COOLTIVARTE.COM es un portal digital colaborativo de actualizaci\u00f3n permanente dedicado a difundir el acontecer art\u00edstico y cultural, entrevista artistas, gestores y productores de las diferentes disciplinas del arte, y publicando art\u00edculos de reflexi\u00f3n de producci\u00f3n propia sobre los elementos culturales.","robots":{"index":"index","follow":"follow","max-snippet":"max-snippet:-1","max-image-preview":"max-image-preview:large","max-video-preview":"max-video-preview:-1"},"canonical":"https:\/\/cooltivarte.com\/portal\/entrevista-federico-righi\/","og_locale":"es_ES","og_type":"article","og_title":"Notas graves y dulces. Entrevista a Federico Righi - Cooltivarte Portal","og_description":"COOLTIVARTE.COM es un portal digital colaborativo de actualizaci\u00f3n permanente dedicado a difundir el acontecer art\u00edstico y cultural, entrevista artistas, gestores y productores de las diferentes disciplinas del arte, y publicando art\u00edculos de reflexi\u00f3n de producci\u00f3n propia sobre los elementos culturales.","og_url":"https:\/\/cooltivarte.com\/portal\/entrevista-federico-righi\/","og_site_name":"Cooltivarte Portal","article_publisher":"https:\/\/www.facebook.com\/cooltivartecom\/","article_author":"https:\/\/www.facebook.com\/luna.llena.568294","article_published_time":"2016-10-17T04:05:58+00:00","article_modified_time":"2018-04-22T05:01:19+00:00","og_image":[{"width":960,"height":640,"url":"https:\/\/cooltivarte.com\/portal\/wp-content\/uploads\/2016\/10\/Fede-Righi-Foto-sitio-Mastodonte-Fb-1.jpg","type":"image\/jpeg"}],"author":"Patricia Schiavone","twitter_card":"summary_large_image","twitter_creator":"@https:\/\/x.com\/obolocultural","twitter_site":"@obolocultural","twitter_misc":{"Escrito por":"Patricia Schiavone","Tiempo de lectura":"22 minutos"},"schema":{"@context":"https:\/\/schema.org","@graph":[{"@type":"NewsArticle","@id":"https:\/\/cooltivarte.com\/portal\/entrevista-federico-righi\/#article","isPartOf":{"@id":"https:\/\/cooltivarte.com\/portal\/entrevista-federico-righi\/"},"author":{"name":"Patricia Schiavone","@id":"https:\/\/cooltivarte.com\/portal\/#\/schema\/person\/564b71fe2867b0e25bd5608c1a6695b8"},"headline":"Notas graves y dulces. Entrevista a Federico Righi","datePublished":"2016-10-17T04:05:58+00:00","dateModified":"2018-04-22T05:01:19+00:00","mainEntityOfPage":{"@id":"https:\/\/cooltivarte.com\/portal\/entrevista-federico-righi\/"},"wordCount":4338,"publisher":{"@id":"https:\/\/cooltivarte.com\/portal\/#organization"},"image":{"@id":"https:\/\/cooltivarte.com\/portal\/entrevista-federico-righi\/#primaryimage"},"thumbnailUrl":"https:\/\/cooltivarte.com\/portal\/wp-content\/uploads\/2016\/10\/Fede-Righi-Foto-sitio-Mastodonte-Fb-1.jpg","keywords":["Federico Righi","M\u00fasica"],"articleSection":["M\u00fasica"],"inLanguage":"es-AR"},{"@type":"WebPage","@id":"https:\/\/cooltivarte.com\/portal\/entrevista-federico-righi\/","url":"https:\/\/cooltivarte.com\/portal\/entrevista-federico-righi\/","name":"Notas graves y dulces. Entrevista a Federico Righi - Cooltivarte Portal","isPartOf":{"@id":"https:\/\/cooltivarte.com\/portal\/#website"},"primaryImageOfPage":{"@id":"https:\/\/cooltivarte.com\/portal\/entrevista-federico-righi\/#primaryimage"},"image":{"@id":"https:\/\/cooltivarte.com\/portal\/entrevista-federico-righi\/#primaryimage"},"thumbnailUrl":"https:\/\/cooltivarte.com\/portal\/wp-content\/uploads\/2016\/10\/Fede-Righi-Foto-sitio-Mastodonte-Fb-1.jpg","datePublished":"2016-10-17T04:05:58+00:00","dateModified":"2018-04-22T05:01:19+00:00","description":"COOLTIVARTE.COM es un portal digital colaborativo de actualizaci\u00f3n permanente dedicado a difundir el acontecer art\u00edstico y cultural, entrevista artistas, gestores y productores de las diferentes disciplinas del arte, y publicando art\u00edculos de reflexi\u00f3n de producci\u00f3n propia sobre los elementos culturales.","breadcrumb":{"@id":"https:\/\/cooltivarte.com\/portal\/entrevista-federico-righi\/#breadcrumb"},"inLanguage":"es-AR","potentialAction":[{"@type":"ReadAction","target":["https:\/\/cooltivarte.com\/portal\/entrevista-federico-righi\/"]}]},{"@type":"ImageObject","inLanguage":"es-AR","@id":"https:\/\/cooltivarte.com\/portal\/entrevista-federico-righi\/#primaryimage","url":"https:\/\/cooltivarte.com\/portal\/wp-content\/uploads\/2016\/10\/Fede-Righi-Foto-sitio-Mastodonte-Fb-1.jpg","contentUrl":"https:\/\/cooltivarte.com\/portal\/wp-content\/uploads\/2016\/10\/Fede-Righi-Foto-sitio-Mastodonte-Fb-1.jpg","width":960,"height":640,"caption":"entrevista-fede-righi-17-octubre-2016"},{"@type":"BreadcrumbList","@id":"https:\/\/cooltivarte.com\/portal\/entrevista-federico-righi\/#breadcrumb","itemListElement":[{"@type":"ListItem","position":1,"name":"Portada","item":"https:\/\/cooltivarte.com\/portal\/"},{"@type":"ListItem","position":2,"name":"Notas graves y dulces. Entrevista a Federico Righi"}]},{"@type":"WebSite","@id":"https:\/\/cooltivarte.com\/portal\/#website","url":"https:\/\/cooltivarte.com\/portal\/","name":"Cooltivarte Portal","description":"Arte, cultura y turismo para el mundo ...","publisher":{"@id":"https:\/\/cooltivarte.com\/portal\/#organization"},"potentialAction":[{"@type":"SearchAction","target":{"@type":"EntryPoint","urlTemplate":"https:\/\/cooltivarte.com\/portal\/?s={search_term_string}"},"query-input":{"@type":"PropertyValueSpecification","valueRequired":true,"valueName":"search_term_string"}}],"inLanguage":"es-AR"},{"@type":"Organization","@id":"https:\/\/cooltivarte.com\/portal\/#organization","name":"cooltivarte","url":"https:\/\/cooltivarte.com\/portal\/","logo":{"@type":"ImageObject","inLanguage":"es-AR","@id":"https:\/\/cooltivarte.com\/portal\/#\/schema\/logo\/image\/","url":"https:\/\/cooltivarte.com\/portal\/wp-content\/uploads\/2020\/04\/logo-cooltivarte-v2.png","contentUrl":"https:\/\/cooltivarte.com\/portal\/wp-content\/uploads\/2020\/04\/logo-cooltivarte-v2.png","width":851,"height":243,"caption":"cooltivarte"},"image":{"@id":"https:\/\/cooltivarte.com\/portal\/#\/schema\/logo\/image\/"},"sameAs":["https:\/\/www.facebook.com\/cooltivartecom\/","https:\/\/x.com\/obolocultural","https:\/\/www.instagram.com\/_cooltivarte_\/","https:\/\/www.linkedin.com\/company\/-bolocultural?reportsuccess=8zaNG1HwhPbAR9iQhZ5rfGeqz_vQFftHun0ZWU0Wy9vNemRJ8vtcKdJvzQfW8XagyOJSKg0XvfJ1dp","https:\/\/www.pinterest.com\/cooltivarte\/","https:\/\/cooltivarte.tumblr.com\/","https:\/\/www.tiktok.com\/@cooltivarte","https:\/\/www.youtube.com\/@PrensaCooltivarte"]},{"@type":"Person","@id":"https:\/\/cooltivarte.com\/portal\/#\/schema\/person\/564b71fe2867b0e25bd5608c1a6695b8","name":"Patricia Schiavone","image":{"@type":"ImageObject","inLanguage":"es-AR","@id":"https:\/\/cooltivarte.com\/portal\/wp-content\/uploads\/2019\/05\/1-120x120.jpg","url":"https:\/\/cooltivarte.com\/portal\/wp-content\/uploads\/2019\/05\/1-120x120.jpg","contentUrl":"https:\/\/cooltivarte.com\/portal\/wp-content\/uploads\/2019\/05\/1-120x120.jpg","caption":"Patricia Schiavone"},"description":"Patricia Schiavone es Coach Personal, Practicante e Instructora de Reiki y amante de la m\u00fasica. Su p\u00e1gina de facebook: @sersentiryhacer y su sitio web:","sameAs":["https:\/\/atresillado.wordpress.com\/","https:\/\/www.facebook.com\/luna.llena.568294","https:\/\/www.instagram.com\/_cooltivarte_\/","https:\/\/www.linkedin.com\/company\/-bolocultural","https:\/\/www.pinterest.com\/cooltivarte","https:\/\/x.com\/https:\/\/x.com\/obolocultural","https:\/\/www.youtube.com\/@PrensaCooltivarte","https:\/\/www.tumblr.com\/blog\/cooltivarte"],"url":"https:\/\/cooltivarte.com\/portal\/author\/patricia-schiavone\/"}]}},"_links":{"self":[{"href":"https:\/\/cooltivarte.com\/portal\/wp-json\/wp\/v2\/posts\/25004","targetHints":{"allow":["GET"]}}],"collection":[{"href":"https:\/\/cooltivarte.com\/portal\/wp-json\/wp\/v2\/posts"}],"about":[{"href":"https:\/\/cooltivarte.com\/portal\/wp-json\/wp\/v2\/types\/post"}],"author":[{"embeddable":true,"href":"https:\/\/cooltivarte.com\/portal\/wp-json\/wp\/v2\/users\/53"}],"replies":[{"embeddable":true,"href":"https:\/\/cooltivarte.com\/portal\/wp-json\/wp\/v2\/comments?post=25004"}],"version-history":[{"count":12,"href":"https:\/\/cooltivarte.com\/portal\/wp-json\/wp\/v2\/posts\/25004\/revisions"}],"predecessor-version":[{"id":39252,"href":"https:\/\/cooltivarte.com\/portal\/wp-json\/wp\/v2\/posts\/25004\/revisions\/39252"}],"wp:featuredmedia":[{"embeddable":true,"href":"https:\/\/cooltivarte.com\/portal\/wp-json\/wp\/v2\/media\/25020"}],"wp:attachment":[{"href":"https:\/\/cooltivarte.com\/portal\/wp-json\/wp\/v2\/media?parent=25004"}],"wp:term":[{"taxonomy":"category","embeddable":true,"href":"https:\/\/cooltivarte.com\/portal\/wp-json\/wp\/v2\/categories?post=25004"},{"taxonomy":"post_tag","embeddable":true,"href":"https:\/\/cooltivarte.com\/portal\/wp-json\/wp\/v2\/tags?post=25004"}],"curies":[{"name":"wp","href":"https:\/\/api.w.org\/{rel}","templated":true}]}}