{"id":24537,"date":"2016-09-24T02:15:00","date_gmt":"2016-09-24T02:15:00","guid":{"rendered":"http:\/\/cooltivarte.com\/portal\/?p=24537"},"modified":"2024-05-18T11:47:05","modified_gmt":"2024-05-18T14:47:05","slug":"realidad-virtual-y-aumentada-en-monumentos-de-uruguay","status":"publish","type":"post","link":"https:\/\/cooltivarte.com\/portal\/realidad-virtual-y-aumentada-en-monumentos-de-uruguay\/","title":{"rendered":"REALIDAD VIRTUAL Y AUMENTADA EN MONUMENTOS DE URUGUAY"},"content":{"rendered":"<figure id=\"attachment_24539\" aria-describedby=\"caption-attachment-24539\" style=\"width: 1024px\" class=\"wp-caption aligncenter\"><img fetchpriority=\"high\" decoding=\"async\" class=\"wp-image-24539 size-large\" title=\"REALIDAD VIRTUAL Y AUMENTADA EN MONUMENTOS DE URUGUAY Por Fernando Foglino - Espacio de Arte Contempor\u00e1neo - 23 de setiembre de 2016 - Foto \u00a9 Federico Meneses\" src=\"https:\/\/cooltivarte.com\/portal\/wp-content\/uploads\/2016\/09\/REALIDAD-VIRTUAL-Y-AUMENTADA-EN-MONUMENTOS-DE-URUGUAY-Fernando-Foglino-EAC-23-de-setiembre-2016-foto-federico-meneses-1024x684.jpg\" alt=\"REALIDAD VIRTUAL Y AUMENTADA EN MONUMENTOS DE URUGUAY Por Fernando Foglino - Espacio de Arte Contempor\u00e1neo - 23 de setiembre de 2016 - Foto \u00a9 Federico Meneses\" width=\"1024\" height=\"684\" srcset=\"https:\/\/cooltivarte.com\/portal\/wp-content\/uploads\/2016\/09\/REALIDAD-VIRTUAL-Y-AUMENTADA-EN-MONUMENTOS-DE-URUGUAY-Fernando-Foglino-EAC-23-de-setiembre-2016-foto-federico-meneses-1024x684.jpg 1024w, https:\/\/cooltivarte.com\/portal\/wp-content\/uploads\/2016\/09\/REALIDAD-VIRTUAL-Y-AUMENTADA-EN-MONUMENTOS-DE-URUGUAY-Fernando-Foglino-EAC-23-de-setiembre-2016-foto-federico-meneses-300x200.jpg 300w, https:\/\/cooltivarte.com\/portal\/wp-content\/uploads\/2016\/09\/REALIDAD-VIRTUAL-Y-AUMENTADA-EN-MONUMENTOS-DE-URUGUAY-Fernando-Foglino-EAC-23-de-setiembre-2016-foto-federico-meneses-768x513.jpg 768w, https:\/\/cooltivarte.com\/portal\/wp-content\/uploads\/2016\/09\/REALIDAD-VIRTUAL-Y-AUMENTADA-EN-MONUMENTOS-DE-URUGUAY-Fernando-Foglino-EAC-23-de-setiembre-2016-foto-federico-meneses.jpg 1200w\" sizes=\"(max-width: 1024px) 100vw, 1024px\" \/><figcaption id=\"caption-attachment-24539\" class=\"wp-caption-text\">REALIDAD VIRTUAL Y AUMENTADA EN MONUMENTOS DE URUGUAY Por Fernando Foglino &#8211; Espacio de Arte Contempor\u00e1neo &#8211; 23 de setiembre de 2016 &#8211; Foto \u00a9 Federico Meneses<\/figcaption><\/figure>\n<h2>&nbsp;<\/h2>\n<h2 style=\"text-align: justify;\"><strong>Por <a href=\"https:\/\/cooltivarte.com\/portal\/?s=Fernando+Foglino\">Fernando Foglino<\/a> (Uy) <\/strong><br \/>\n<strong>Viernes 23 de setiembre de 2016<br \/>\n<a href=\"http:\/\/www.eac.gub.uy\/\" target=\"_blank\" rel=\"noopener noreferrer\">Espacio de Arte Contempor\u00e1neo<\/a><\/strong><\/h2>\n<p>&nbsp;<\/p>\n<p style=\"text-align: justify;\">Actividad en el marco del <strong>D\u00eda del futuro<\/strong> de La Diaria.<\/p>\n<p><strong>Tema:<\/strong> El trabajo y su representaci\u00f3n en los <strong>monumentos de Montevideo<\/strong>. Bajo el eje propuesto por <strong><a href=\"https:\/\/ladiaria.com.uy\/\" target=\"_blank\" rel=\"noopener noreferrer\">La Diaria<\/a><\/strong>, el <strong>trabajo del futuro<\/strong>, el <strong>artista uruguayo<\/strong><a href=\"https:\/\/cooltivarte.com\/portal\/?s=Fernando+Foglino\" target=\"_blank\" rel=\"noopener\"><strong> Fernando Foglino<\/strong><\/a> y el <strong>arquitecto<\/strong> <strong>Rodrigo Melazzi<\/strong> proponen reflexionar en una charla abierta e interactiva en torno a su nuevo proyecto <strong>Archivo Nacional del Patrimonio 3D<\/strong>.<\/p>\n<p style=\"text-align: justify;\">Es un proyecto <strong>declarado de inter\u00e9s nacional y cultural por el Ministerio de Educaci\u00f3n y Cultura<\/strong>, <strong>Presidencia de la Rep\u00fablica y la Intendencia de Montevideo<\/strong>.<\/p>\n<p style=\"text-align: justify;\">Plantea para Uruguay, ser el <strong>primer pa\u00eds en digitalizar sus estatuas y monumentos<\/strong> mediante el escaneo tridimensional, generando un acervo digital de incalculable <strong>valor patrimonial, cultural y educativo<\/strong>, que ser\u00e1 cedido al uso p\u00fablico con el prop\u00f3sito de conservar y difundir la representaci\u00f3n art\u00edstica de los hechos y personajes m\u00e1s relevantes de nuestra historia.<\/p>\n<p style=\"text-align: justify;\">Texto: <a href=\"https:\/\/www.facebook.com\/events\/1585815655058736\/\" target=\"_blank\" rel=\"noopener noreferrer\">Evento<\/a><\/p>\n<p>&nbsp;<br \/>\n&nbsp;<\/p>\n<h3>&nbsp;<a href=\"https:\/\/www.facebook.com\/media\/set\/?set=a.1134954073218171&amp;type=3\" target=\"_blank\" rel=\"noopener\">Ir a la fotogaler\u00eda<\/a><\/h3>\n<p><iframe style=\"border: none; overflow: hidden;\" src=\"https:\/\/www.facebook.com\/plugins\/post.php?href=https%3A%2F%2Fwww.facebook.com%2Fmedia%2Fset%2F%3Fset%3Da.1134954073218171%26type%3D3&amp;width=100%\" width=\"100%\" height=\"669\" frameborder=\"0\" scrolling=\"no\"><\/iframe><br \/>\n&nbsp;<br \/>\n&nbsp;<\/p>\n","protected":false},"excerpt":{"rendered":"<p>Por Fernando Foglino (Uy)<br \/>\nViernes 23 de setiembre de 2016<br \/>\nEspacio de Arte Contempor\u00e1neo<\/p>\n<p>Actividad en el marco del D\u00eda del futuro de La Diaria.<\/p>\n<p>Tema: El trabajo y su representaci\u00f3n en los monumentos de Montevideo. Bajo el eje propuesto por La Diaria, el trabajo del futuro, el artista uruguayo Fernando Foglino y el arquitecto Rodrigo Melazzi proponen reflexionar en una charla abierta e interactiva en torno a su nuevo proyecto Archivo Nacional del Patrimonio 3D.<\/p>\n<p>Es un proyecto declarado de inter\u00e9s nacional y cultural por el Ministerio de Educaci\u00f3n y Cultura, Presidencia de la Rep\u00fablica y la Intendencia de Montevideo.<\/p>\n<p>Plantea para Uruguay, ser el primer pa\u00eds en digitalizar sus estatuas y monumentos mediante el escaneo tridimensional, generando un acervo digital de incalculable valor patrimonial, cultural y educativo, que ser\u00e1 cedido al uso p\u00fablico con el prop\u00f3sito de conservar y difundir la representaci\u00f3n art\u00edstica de los hechos y personajes m\u00e1s relevantes de nuestra historia.<\/p>\n","protected":false},"author":2,"featured_media":24539,"comment_status":"closed","ping_status":"closed","sticky":false,"template":"","format":"standard","meta":{"om_disable_all_campaigns":false,"ngg_post_thumbnail":0,"jnews-multi-image_gallery":[],"jnews_single_post":{"subtitle":"Fernando Foglino - D\u00eda del futuro de La Diaria - Espacio de Arte Contempor\u00e1neo - Viernes 23 de setiembre de 2016","format":"standard","video":"","gallery":"","source_name":"","source_url":"","via_name":"","via_url":"","override_template":"0","override":[{"template":"4","single_blog_custom":"","parallax":"1","fullscreen":"0","layout":"right-sidebar","sidebar":"default-sidebar","second_sidebar":"default-sidebar","sticky_sidebar":"1","share_position":"bottom","share_float_style":"share-monocrhome","show_share_counter":"1","show_view_counter":"1","show_featured":"1","show_post_meta":"1","show_post_author":"1","show_post_author_image":"1","show_post_date":"1","post_date_format":"default","post_date_format_custom":"Y\/m\/d","show_post_category":"1","show_post_reading_time":"0","post_reading_time_wpm":"300","show_zoom_button":"0","zoom_button_out_step":"2","zoom_button_in_step":"3","show_post_tag":"1","show_prev_next_post":"1","show_popup_post":"1","number_popup_post":"1","show_author_box":"1","show_post_related":"0","show_inline_post_related":"0"}],"override_image_size":"0","image_override":[{"single_post_thumbnail_size":"no-crop","single_post_gallery_size":"crop-500"}],"trending_post":"0","trending_post_position":"meta","trending_post_label":"Trending","sponsored_post":"0","sponsored_post_label":"Sponsored by","sponsored_post_name":"","sponsored_post_url":"","sponsored_post_logo_enable":"0","sponsored_post_logo":"","sponsored_post_desc":"","disable_ad":"0"},"jnews_primary_category":{"id":"","hide":""},"jnews_social_meta":{"fb_title":"","fb_description":"","fb_image":"","twitter_title":"","twitter_description":"","twitter_image":""},"jnews_override_counter":{"override_view_counter":"0","view_counter_number":"0","override_share_counter":"0","share_counter_number":"0","override_like_counter":"0","like_counter_number":"0","override_dislike_counter":"0","dislike_counter_number":"0"},"footnotes":""},"categories":[4573],"tags":[20903,1367,9725,4571,4570,20902],"class_list":["post-24537","post","type-post","status-publish","format-standard","has-post-thumbnail","hentry","category-cobertura-sensible","tag-archivo-nacional-del-patrimonio-3d","tag-fernando-foglino","tag-monumentos-de-montevideo","tag-realidad-aumentada","tag-realidad-virtual","tag-rodrigo-melazzi"],"yoast_head":"<!-- This site is optimized with the Yoast SEO plugin v27.5 - https:\/\/yoast.com\/product\/yoast-seo-wordpress\/ -->\n<title>REALIDAD VIRTUAL Y AUMENTADA EN MONUMENTOS DE URUGUAY - Cooltivarte Portal<\/title>\n<meta name=\"description\" content=\"El trabajo y su representaci\u00f3n en los monumentos de Montevideo. Bajo el eje propuesto por La Diaria, el trabajo del futuro, el artista uruguayo Fernando Foglino y el arquitecto Rodrigo Melazzi proponen reflexionar en una charla abierta e interactiva en torno a su nuevo proyecto Archivo Nacional del Patrimonio 3D.\" \/>\n<meta name=\"robots\" content=\"index, follow, max-snippet:-1, max-image-preview:large, max-video-preview:-1\" \/>\n<link rel=\"canonical\" href=\"https:\/\/cooltivarte.com\/portal\/realidad-virtual-y-aumentada-en-monumentos-de-uruguay\/\" \/>\n<meta property=\"og:locale\" content=\"es_ES\" \/>\n<meta property=\"og:type\" content=\"article\" \/>\n<meta property=\"og:title\" content=\"REALIDAD VIRTUAL Y AUMENTADA EN MONUMENTOS DE URUGUAY - Cooltivarte Portal\" \/>\n<meta property=\"og:description\" content=\"El trabajo y su representaci\u00f3n en los monumentos de Montevideo. Bajo el eje propuesto por La Diaria, el trabajo del futuro, el artista uruguayo Fernando Foglino y el arquitecto Rodrigo Melazzi proponen reflexionar en una charla abierta e interactiva en torno a su nuevo proyecto Archivo Nacional del Patrimonio 3D.\" \/>\n<meta property=\"og:url\" content=\"https:\/\/cooltivarte.com\/portal\/realidad-virtual-y-aumentada-en-monumentos-de-uruguay\/\" \/>\n<meta property=\"og:site_name\" content=\"Cooltivarte Portal\" \/>\n<meta property=\"article:publisher\" content=\"https:\/\/www.facebook.com\/cooltivartecom\/\" \/>\n<meta property=\"article:author\" content=\"https:\/\/www.facebook.com\/cooltivartecom\" \/>\n<meta property=\"article:published_time\" content=\"2016-09-24T02:15:00+00:00\" \/>\n<meta property=\"article:modified_time\" content=\"2024-05-18T14:47:05+00:00\" \/>\n<meta property=\"og:image\" content=\"https:\/\/cooltivarte.com\/portal\/wp-content\/uploads\/2016\/09\/REALIDAD-VIRTUAL-Y-AUMENTADA-EN-MONUMENTOS-DE-URUGUAY-Fernando-Foglino-EAC-23-de-setiembre-2016-foto-federico-meneses.jpg\" \/>\n\t<meta property=\"og:image:width\" content=\"1200\" \/>\n\t<meta property=\"og:image:height\" content=\"801\" \/>\n\t<meta property=\"og:image:type\" content=\"image\/jpeg\" \/>\n<meta name=\"author\" content=\"Federico Meneses\" \/>\n<meta name=\"twitter:card\" content=\"summary_large_image\" \/>\n<meta name=\"twitter:creator\" content=\"@https:\/\/x.com\/obolocultural\" \/>\n<meta name=\"twitter:site\" content=\"@obolocultural\" \/>\n<meta name=\"twitter:label1\" content=\"Escrito por\" \/>\n\t<meta name=\"twitter:data1\" content=\"Federico Meneses\" \/>\n\t<meta name=\"twitter:label2\" content=\"Tiempo de lectura\" \/>\n\t<meta name=\"twitter:data2\" content=\"2 minutos\" \/>\n<!-- \/ Yoast SEO plugin. -->","yoast_head_json":{"title":"REALIDAD VIRTUAL Y AUMENTADA EN MONUMENTOS DE URUGUAY - Cooltivarte Portal","description":"El trabajo y su representaci\u00f3n en los monumentos de Montevideo. Bajo el eje propuesto por La Diaria, el trabajo del futuro, el artista uruguayo Fernando Foglino y el arquitecto Rodrigo Melazzi proponen reflexionar en una charla abierta e interactiva en torno a su nuevo proyecto Archivo Nacional del Patrimonio 3D.","robots":{"index":"index","follow":"follow","max-snippet":"max-snippet:-1","max-image-preview":"max-image-preview:large","max-video-preview":"max-video-preview:-1"},"canonical":"https:\/\/cooltivarte.com\/portal\/realidad-virtual-y-aumentada-en-monumentos-de-uruguay\/","og_locale":"es_ES","og_type":"article","og_title":"REALIDAD VIRTUAL Y AUMENTADA EN MONUMENTOS DE URUGUAY - Cooltivarte Portal","og_description":"El trabajo y su representaci\u00f3n en los monumentos de Montevideo. Bajo el eje propuesto por La Diaria, el trabajo del futuro, el artista uruguayo Fernando Foglino y el arquitecto Rodrigo Melazzi proponen reflexionar en una charla abierta e interactiva en torno a su nuevo proyecto Archivo Nacional del Patrimonio 3D.","og_url":"https:\/\/cooltivarte.com\/portal\/realidad-virtual-y-aumentada-en-monumentos-de-uruguay\/","og_site_name":"Cooltivarte Portal","article_publisher":"https:\/\/www.facebook.com\/cooltivartecom\/","article_author":"https:\/\/www.facebook.com\/cooltivartecom","article_published_time":"2016-09-24T02:15:00+00:00","article_modified_time":"2024-05-18T14:47:05+00:00","og_image":[{"width":1200,"height":801,"url":"https:\/\/cooltivarte.com\/portal\/wp-content\/uploads\/2016\/09\/REALIDAD-VIRTUAL-Y-AUMENTADA-EN-MONUMENTOS-DE-URUGUAY-Fernando-Foglino-EAC-23-de-setiembre-2016-foto-federico-meneses.jpg","type":"image\/jpeg"}],"author":"Federico Meneses","twitter_card":"summary_large_image","twitter_creator":"@https:\/\/x.com\/obolocultural","twitter_site":"@obolocultural","twitter_misc":{"Escrito por":"Federico Meneses","Tiempo de lectura":"2 minutos"},"schema":{"@context":"https:\/\/schema.org","@graph":[{"@type":"NewsArticle","@id":"https:\/\/cooltivarte.com\/portal\/realidad-virtual-y-aumentada-en-monumentos-de-uruguay\/#article","isPartOf":{"@id":"https:\/\/cooltivarte.com\/portal\/realidad-virtual-y-aumentada-en-monumentos-de-uruguay\/"},"author":{"name":"Federico Meneses","@id":"https:\/\/cooltivarte.com\/portal\/#\/schema\/person\/595d82e8e62fb72a20bd97959bd7d18f"},"headline":"REALIDAD VIRTUAL Y AUMENTADA EN MONUMENTOS DE URUGUAY","datePublished":"2016-09-24T02:15:00+00:00","dateModified":"2024-05-18T14:47:05+00:00","mainEntityOfPage":{"@id":"https:\/\/cooltivarte.com\/portal\/realidad-virtual-y-aumentada-en-monumentos-de-uruguay\/"},"wordCount":219,"publisher":{"@id":"https:\/\/cooltivarte.com\/portal\/#organization"},"image":{"@id":"https:\/\/cooltivarte.com\/portal\/realidad-virtual-y-aumentada-en-monumentos-de-uruguay\/#primaryimage"},"thumbnailUrl":"https:\/\/cooltivarte.com\/portal\/wp-content\/uploads\/2016\/09\/REALIDAD-VIRTUAL-Y-AUMENTADA-EN-MONUMENTOS-DE-URUGUAY-Fernando-Foglino-EAC-23-de-setiembre-2016-foto-federico-meneses.jpg","keywords":["Archivo Nacional del Patrimonio 3D","Fernando Foglino","monumentos de Montevideo","REALIDAD AUMENTADA","REALIDAD VIRTUAL","Rodrigo Melazzi"],"articleSection":["Muestra Sensible"],"inLanguage":"es-AR"},{"@type":"WebPage","@id":"https:\/\/cooltivarte.com\/portal\/realidad-virtual-y-aumentada-en-monumentos-de-uruguay\/","url":"https:\/\/cooltivarte.com\/portal\/realidad-virtual-y-aumentada-en-monumentos-de-uruguay\/","name":"REALIDAD VIRTUAL Y AUMENTADA EN MONUMENTOS DE URUGUAY - Cooltivarte Portal","isPartOf":{"@id":"https:\/\/cooltivarte.com\/portal\/#website"},"primaryImageOfPage":{"@id":"https:\/\/cooltivarte.com\/portal\/realidad-virtual-y-aumentada-en-monumentos-de-uruguay\/#primaryimage"},"image":{"@id":"https:\/\/cooltivarte.com\/portal\/realidad-virtual-y-aumentada-en-monumentos-de-uruguay\/#primaryimage"},"thumbnailUrl":"https:\/\/cooltivarte.com\/portal\/wp-content\/uploads\/2016\/09\/REALIDAD-VIRTUAL-Y-AUMENTADA-EN-MONUMENTOS-DE-URUGUAY-Fernando-Foglino-EAC-23-de-setiembre-2016-foto-federico-meneses.jpg","datePublished":"2016-09-24T02:15:00+00:00","dateModified":"2024-05-18T14:47:05+00:00","description":"El trabajo y su representaci\u00f3n en los monumentos de Montevideo. Bajo el eje propuesto por La Diaria, el trabajo del futuro, el artista uruguayo Fernando Foglino y el arquitecto Rodrigo Melazzi proponen reflexionar en una charla abierta e interactiva en torno a su nuevo proyecto Archivo Nacional del Patrimonio 3D.","breadcrumb":{"@id":"https:\/\/cooltivarte.com\/portal\/realidad-virtual-y-aumentada-en-monumentos-de-uruguay\/#breadcrumb"},"inLanguage":"es-AR","potentialAction":[{"@type":"ReadAction","target":["https:\/\/cooltivarte.com\/portal\/realidad-virtual-y-aumentada-en-monumentos-de-uruguay\/"]}]},{"@type":"ImageObject","inLanguage":"es-AR","@id":"https:\/\/cooltivarte.com\/portal\/realidad-virtual-y-aumentada-en-monumentos-de-uruguay\/#primaryimage","url":"https:\/\/cooltivarte.com\/portal\/wp-content\/uploads\/2016\/09\/REALIDAD-VIRTUAL-Y-AUMENTADA-EN-MONUMENTOS-DE-URUGUAY-Fernando-Foglino-EAC-23-de-setiembre-2016-foto-federico-meneses.jpg","contentUrl":"https:\/\/cooltivarte.com\/portal\/wp-content\/uploads\/2016\/09\/REALIDAD-VIRTUAL-Y-AUMENTADA-EN-MONUMENTOS-DE-URUGUAY-Fernando-Foglino-EAC-23-de-setiembre-2016-foto-federico-meneses.jpg","width":1200,"height":801,"caption":"REALIDAD VIRTUAL Y AUMENTADA EN MONUMENTOS DE URUGUAY Por Fernando Foglino - Espacio de Arte Contempor\u00e1neo - 23 de setiembre de 2016 - Foto \u00a9 Federico Meneses"},{"@type":"BreadcrumbList","@id":"https:\/\/cooltivarte.com\/portal\/realidad-virtual-y-aumentada-en-monumentos-de-uruguay\/#breadcrumb","itemListElement":[{"@type":"ListItem","position":1,"name":"Portada","item":"https:\/\/cooltivarte.com\/portal\/"},{"@type":"ListItem","position":2,"name":"REALIDAD VIRTUAL Y AUMENTADA EN MONUMENTOS DE URUGUAY"}]},{"@type":"WebSite","@id":"https:\/\/cooltivarte.com\/portal\/#website","url":"https:\/\/cooltivarte.com\/portal\/","name":"Cooltivarte Portal","description":"Arte, cultura y turismo para el mundo ...","publisher":{"@id":"https:\/\/cooltivarte.com\/portal\/#organization"},"potentialAction":[{"@type":"SearchAction","target":{"@type":"EntryPoint","urlTemplate":"https:\/\/cooltivarte.com\/portal\/?s={search_term_string}"},"query-input":{"@type":"PropertyValueSpecification","valueRequired":true,"valueName":"search_term_string"}}],"inLanguage":"es-AR"},{"@type":"Organization","@id":"https:\/\/cooltivarte.com\/portal\/#organization","name":"cooltivarte","url":"https:\/\/cooltivarte.com\/portal\/","logo":{"@type":"ImageObject","inLanguage":"es-AR","@id":"https:\/\/cooltivarte.com\/portal\/#\/schema\/logo\/image\/","url":"https:\/\/cooltivarte.com\/portal\/wp-content\/uploads\/2020\/04\/logo-cooltivarte-v2.png","contentUrl":"https:\/\/cooltivarte.com\/portal\/wp-content\/uploads\/2020\/04\/logo-cooltivarte-v2.png","width":851,"height":243,"caption":"cooltivarte"},"image":{"@id":"https:\/\/cooltivarte.com\/portal\/#\/schema\/logo\/image\/"},"sameAs":["https:\/\/www.facebook.com\/cooltivartecom\/","https:\/\/x.com\/obolocultural","https:\/\/www.instagram.com\/_cooltivarte_\/","https:\/\/www.linkedin.com\/company\/-bolocultural?reportsuccess=8zaNG1HwhPbAR9iQhZ5rfGeqz_vQFftHun0ZWU0Wy9vNemRJ8vtcKdJvzQfW8XagyOJSKg0XvfJ1dp","https:\/\/www.pinterest.com\/cooltivarte\/","https:\/\/cooltivarte.tumblr.com\/","https:\/\/www.tiktok.com\/@cooltivarte","https:\/\/www.youtube.com\/@PrensaCooltivarte"]},{"@type":"Person","@id":"https:\/\/cooltivarte.com\/portal\/#\/schema\/person\/595d82e8e62fb72a20bd97959bd7d18f","name":"Federico Meneses","image":{"@type":"ImageObject","inLanguage":"es-AR","@id":"https:\/\/cooltivarte.com\/portal\/wp-content\/uploads\/2019\/08\/FEDERICO-120x120.jpg","url":"https:\/\/cooltivarte.com\/portal\/wp-content\/uploads\/2019\/08\/FEDERICO-120x120.jpg","contentUrl":"https:\/\/cooltivarte.com\/portal\/wp-content\/uploads\/2019\/08\/FEDERICO-120x120.jpg","caption":"Federico Meneses"},"description":"Por el 2003 surge la idea de armar un bolet\u00edn electr\u00f3nico \"\u00f3bolo cultural\" para difundir eventos que poco se sab\u00edan. Con el surgimiento de las redes sociales el bolet\u00edn deja de tener su efecto y nace www.cooltivarte.com A fines del 2010 invito asociarse como co-director a Mauricio Conde, junto a todos los amigos colaboradores que se sumaron a la idea de aportar un granito de arena a nuestra cultura potenciando los eventos y dando m\u00e1s valor al conocer a los artistas mediante entrevistas, art\u00edculos de opini\u00f3n, an\u00e1lisis, reflexi\u00f3n y cr\u00edtica. Cooltivarte est\u00e1 presente en el medio local comunicando las noticias, cr\u00edticas, opiniones y entrevistas, tratando de generar un valor cultural conociendo de cerca a los protagonistas, generando una conciencia colectiva y sensibilidad para este r\u00e1pido diario vivir.","sameAs":["https:\/\/www.cooltivarte.com","https:\/\/www.facebook.com\/cooltivartecom","https:\/\/www.instagram.com\/_cooltivarte_\/","https:\/\/www.linkedin.com\/in\/federicomeneses\/","https:\/\/www.pinterest.com\/cooltivarte\/","https:\/\/x.com\/https:\/\/x.com\/obolocultural","https:\/\/www.youtube.com\/@PrensaCooltivarte","https:\/\/www.tumblr.com\/blog\/cooltivarte"],"url":"https:\/\/cooltivarte.com\/portal\/author\/federico\/"}]}},"_links":{"self":[{"href":"https:\/\/cooltivarte.com\/portal\/wp-json\/wp\/v2\/posts\/24537","targetHints":{"allow":["GET"]}}],"collection":[{"href":"https:\/\/cooltivarte.com\/portal\/wp-json\/wp\/v2\/posts"}],"about":[{"href":"https:\/\/cooltivarte.com\/portal\/wp-json\/wp\/v2\/types\/post"}],"author":[{"embeddable":true,"href":"https:\/\/cooltivarte.com\/portal\/wp-json\/wp\/v2\/users\/2"}],"replies":[{"embeddable":true,"href":"https:\/\/cooltivarte.com\/portal\/wp-json\/wp\/v2\/comments?post=24537"}],"version-history":[{"count":10,"href":"https:\/\/cooltivarte.com\/portal\/wp-json\/wp\/v2\/posts\/24537\/revisions"}],"predecessor-version":[{"id":102336,"href":"https:\/\/cooltivarte.com\/portal\/wp-json\/wp\/v2\/posts\/24537\/revisions\/102336"}],"wp:featuredmedia":[{"embeddable":true,"href":"https:\/\/cooltivarte.com\/portal\/wp-json\/wp\/v2\/media\/24539"}],"wp:attachment":[{"href":"https:\/\/cooltivarte.com\/portal\/wp-json\/wp\/v2\/media?parent=24537"}],"wp:term":[{"taxonomy":"category","embeddable":true,"href":"https:\/\/cooltivarte.com\/portal\/wp-json\/wp\/v2\/categories?post=24537"},{"taxonomy":"post_tag","embeddable":true,"href":"https:\/\/cooltivarte.com\/portal\/wp-json\/wp\/v2\/tags?post=24537"}],"curies":[{"name":"wp","href":"https:\/\/api.w.org\/{rel}","templated":true}]}}