{"id":24283,"date":"2016-09-14T14:06:11","date_gmt":"2016-09-14T14:06:11","guid":{"rendered":"http:\/\/cooltivarte.com\/portal\/?p=24283"},"modified":"2024-06-02T16:38:01","modified_gmt":"2024-06-02T19:38:01","slug":"fernando-cabrera-sold-out-bluzz-live","status":"publish","type":"post","link":"https:\/\/cooltivarte.com\/portal\/fernando-cabrera-sold-out-bluzz-live\/","title":{"rendered":"Fernando Cabrera (SOLD OUT) BLUZZ LIVE"},"content":{"rendered":"<figure id=\"attachment_24289\" aria-describedby=\"caption-attachment-24289\" style=\"width: 1181px\" class=\"wp-caption alignnone\"><img fetchpriority=\"high\" decoding=\"async\" class=\"wp-image-24289 size-full\" src=\"https:\/\/cooltivarte.com\/portal\/wp-content\/uploads\/2016\/09\/fernando-cabrera-setiembre2016-bluzz-live-foto-lucia-coppola.jpg\" alt=\"fernando-cabrera-setiembre2016-bluzz-live-foto-lucia-coppola\" width=\"1181\" height=\"787\" srcset=\"https:\/\/cooltivarte.com\/portal\/wp-content\/uploads\/2016\/09\/fernando-cabrera-setiembre2016-bluzz-live-foto-lucia-coppola.jpg 1181w, https:\/\/cooltivarte.com\/portal\/wp-content\/uploads\/2016\/09\/fernando-cabrera-setiembre2016-bluzz-live-foto-lucia-coppola-300x200.jpg 300w, https:\/\/cooltivarte.com\/portal\/wp-content\/uploads\/2016\/09\/fernando-cabrera-setiembre2016-bluzz-live-foto-lucia-coppola-1024x682.jpg 1024w, https:\/\/cooltivarte.com\/portal\/wp-content\/uploads\/2016\/09\/fernando-cabrera-setiembre2016-bluzz-live-foto-lucia-coppola-768x512.jpg 768w\" sizes=\"(max-width: 1181px) 100vw, 1181px\" \/><figcaption id=\"caption-attachment-24289\" class=\"wp-caption-text\">Fernando Cabrera x Cuatro &#8211; 8 de agosto 2016 &#8211; Bluzz live &#8211; Foto \u00a9 Luc\u00eda C\u00f3ppola<\/figcaption><\/figure>\n<p>&nbsp;<\/p>\n<p><strong>#FernandoCabrera<\/strong> se presenta en formato el\u00e9ctrico y con banda&#8230; \u00a1Y qu\u00e9 banda!<\/p>\n<p><strong><a href=\"https:\/\/cooltivarte.com\/portal\/?s=Fernando+Cabrera\" target=\"_blank\" rel=\"noopener\">Fernando Cabrera<\/a><\/strong> es un artista \u00fanico, icono de la cultura y de la identidad del R\u00edo de la Plata con una trayectoria de m\u00e1s de treinta a\u00f1os, premios en festivales internacionales, una producci\u00f3n de mas de diez discos propios y otros tantos en calidad de productor y de arreglador.<\/p>\n<p>S\u00e9 parte de un ciclo sin precedentes, todos los jueves de septiembre son en <strong><a href=\"https:\/\/cooltivarte.com\/portal\/?s=Bluzz+Live\">Bluzz Live<\/a> Montevideo<\/strong>.<\/p>\n<p>&nbsp;<\/p>\n<p><strong><span class=\"fbPhotoCaptionText\"><a href=\"https:\/\/cooltivarte.com\/portal\/?s=Fernando+Cabrera\">Fernando Cabrera<\/a> y su banda, <a href=\"https:\/\/cooltivarte.com\/portal\/?s=Federico+Righi\">Federico Righi<\/a> (bajo), <a href=\"https:\/\/cooltivarte.com\/portal\/?s=Juan+Pablo+Chapital\">Juan Pablo Chapital<\/a> (guitarra), <a href=\"https:\/\/cooltivarte.com\/portal\/?s=Hernan+Klang\">Hernan Klang<\/a> (teclados) y <a href=\"https:\/\/cooltivarte.com\/portal\/?s=Ricardo+G%C3%B3mez\">Ricardo G\u00f3mez<\/a> (bater\u00eda) <\/span><\/strong><\/p>\n<p>&nbsp;<\/p>\n<p>Texto: <a href=\"https:\/\/www.facebook.com\/events\/106926446422681\/\" target=\"_blank\" rel=\"noopener\">Evento<\/a><\/p>\n<p>&nbsp;<\/p>\n<h3>&nbsp;<a href=\"https:\/\/www.facebook.com\/media\/set\/?set=a.1127354003978178&amp;type=3\" target=\"_blank\" rel=\"noopener\">Ir a la fotogaler\u00eda<\/a><\/h3>\n<p><iframe style=\"border: none; overflow: hidden;\" src=\"https:\/\/www.facebook.com\/plugins\/post.php?href=https%3A%2F%2Fwww.facebook.com%2Fmedia%2Fset%2F%3Fset%3Da.1127354003978178%26type%3D3&amp;width=100%\" width=\"100%\" height=\"669\" frameborder=\"0\" scrolling=\"no\"><\/iframe><br \/>\n&nbsp;<br \/>\n&nbsp;<\/p>\n","protected":false},"excerpt":{"rendered":"<p>#FernandoCabrera se presenta en formato el\u00e9ctrico y con banda&#8230; \u00a1Y qu\u00e9 banda!<\/p>\n<p>Fernando Cabrera es un artista \u00fanico, icono de la cultura y de la identidad del R\u00edo de la Plata con una trayectoria de m\u00e1s de treinta a\u00f1os, premios en festivales internacionales, una producci\u00f3n de mas de diez discos propios y otros tantos en calidad de productor y de arreglador.<\/p>\n<p>S\u00e9 parte de un ciclo sin precedentes, todos los jueves de septiembre son en Bluzz Live Montevideo.<\/p>\n","protected":false},"author":92,"featured_media":24289,"comment_status":"closed","ping_status":"closed","sticky":false,"template":"","format":"standard","meta":{"om_disable_all_campaigns":false,"ngg_post_thumbnail":0,"jnews-multi-image_gallery":[],"jnews_single_post":{"subtitle":"","format":"standard","video":"","gallery":"","source_name":"","source_url":"","via_name":"","via_url":"","override_template":"0","override":[{"template":"4","single_blog_custom":"","parallax":"1","fullscreen":"0","layout":"right-sidebar","sidebar":"default-sidebar","second_sidebar":"default-sidebar","sticky_sidebar":"1","share_position":"bottom","share_float_style":"share-monocrhome","show_share_counter":"1","show_view_counter":"1","show_featured":"1","show_post_meta":"1","show_post_author":"1","show_post_author_image":"1","show_post_date":"1","post_date_format":"default","post_date_format_custom":"Y\/m\/d","show_post_category":"1","show_post_reading_time":"0","post_reading_time_wpm":"300","show_zoom_button":"0","zoom_button_out_step":"2","zoom_button_in_step":"3","show_post_tag":"1","show_prev_next_post":"1","show_popup_post":"1","number_popup_post":"1","show_author_box":"1","show_post_related":"0","show_inline_post_related":"0"}],"override_image_size":"0","image_override":[{"single_post_thumbnail_size":"no-crop","single_post_gallery_size":"crop-500"}],"trending_post":"0","trending_post_position":"meta","trending_post_label":"Trending","sponsored_post":"0","sponsored_post_label":"Sponsored by","sponsored_post_name":"","sponsored_post_url":"","sponsored_post_logo_enable":"0","sponsored_post_logo":"","sponsored_post_desc":"","disable_ad":"0"},"jnews_primary_category":{"id":"","hide":""},"jnews_social_meta":{"fb_title":"","fb_description":"","fb_image":"","twitter_title":"","twitter_description":"","twitter_image":""},"jnews_override_counter":{"override_view_counter":"0","view_counter_number":"0","override_share_counter":"0","share_counter_number":"0","override_like_counter":"0","like_counter_number":"0","override_dislike_counter":"0","dislike_counter_number":"0"},"footnotes":""},"categories":[50],"tags":[128,4463,89,10484,266,10485],"class_list":["post-24283","post","type-post","status-publish","format-standard","has-post-thumbnail","hentry","category-coberturas","tag-bluzz-live","tag-federico-righi","tag-fernando-cabrera","tag-hernan-klang","tag-juan-pablo-chapital","tag-ricardo-gomez"],"yoast_head":"<!-- This site is optimized with the Yoast SEO plugin v27.5 - https:\/\/yoast.com\/product\/yoast-seo-wordpress\/ -->\n<title>Fernando Cabrera (SOLD OUT) BLUZZ LIVE - Cooltivarte Portal<\/title>\n<meta name=\"description\" content=\"Fernando Cabrera x Cuatro - Durante cuatro jueves de setiembre Fernando Cabrera y su banda, Federico Righi (bajo), Juan Pablo Chapital (guitarra), Hernan Klang (teclados) y Ricardo G\u00f3mez (bater\u00eda) 8 de agosto - Bluzz live - Foto \u00a9 Luc\u00eda C\u00f3ppola\" \/>\n<meta name=\"robots\" content=\"index, follow, max-snippet:-1, max-image-preview:large, max-video-preview:-1\" \/>\n<link rel=\"canonical\" href=\"https:\/\/cooltivarte.com\/portal\/fernando-cabrera-sold-out-bluzz-live\/\" \/>\n<meta property=\"og:locale\" content=\"es_ES\" \/>\n<meta property=\"og:type\" content=\"article\" \/>\n<meta property=\"og:title\" content=\"Fernando Cabrera (SOLD OUT) BLUZZ LIVE - Cooltivarte Portal\" \/>\n<meta property=\"og:description\" content=\"Fernando Cabrera x Cuatro - Durante cuatro jueves de setiembre Fernando Cabrera y su banda, Federico Righi (bajo), Juan Pablo Chapital (guitarra), Hernan Klang (teclados) y Ricardo G\u00f3mez (bater\u00eda) 8 de agosto - Bluzz live - Foto \u00a9 Luc\u00eda C\u00f3ppola\" \/>\n<meta property=\"og:url\" content=\"https:\/\/cooltivarte.com\/portal\/fernando-cabrera-sold-out-bluzz-live\/\" \/>\n<meta property=\"og:site_name\" content=\"Cooltivarte Portal\" \/>\n<meta property=\"article:publisher\" content=\"https:\/\/www.facebook.com\/cooltivartecom\/\" \/>\n<meta property=\"article:author\" content=\"https:\/\/www.facebook.com\/coppolaluciacoppola?fref=ts\" \/>\n<meta property=\"article:published_time\" content=\"2016-09-14T14:06:11+00:00\" \/>\n<meta property=\"article:modified_time\" content=\"2024-06-02T19:38:01+00:00\" \/>\n<meta property=\"og:image\" content=\"https:\/\/cooltivarte.com\/portal\/wp-content\/uploads\/2016\/09\/fernando-cabrera-setiembre2016-bluzz-live-foto-lucia-coppola.jpg\" \/>\n\t<meta property=\"og:image:width\" content=\"1181\" \/>\n\t<meta property=\"og:image:height\" content=\"787\" \/>\n\t<meta property=\"og:image:type\" content=\"image\/jpeg\" \/>\n<meta name=\"author\" content=\"Luc\u00eda C\u00f3ppola\" \/>\n<meta name=\"twitter:card\" content=\"summary_large_image\" \/>\n<meta name=\"twitter:creator\" content=\"@https:\/\/x.com\/obolocultural\" \/>\n<meta name=\"twitter:site\" content=\"@obolocultural\" \/>\n<meta name=\"twitter:label1\" content=\"Escrito por\" \/>\n\t<meta name=\"twitter:data1\" content=\"Luc\u00eda C\u00f3ppola\" \/>\n\t<meta name=\"twitter:label2\" content=\"Tiempo de lectura\" \/>\n\t<meta name=\"twitter:data2\" content=\"1 minuto\" \/>\n<!-- \/ Yoast SEO plugin. -->","yoast_head_json":{"title":"Fernando Cabrera (SOLD OUT) BLUZZ LIVE - Cooltivarte Portal","description":"Fernando Cabrera x Cuatro - Durante cuatro jueves de setiembre Fernando Cabrera y su banda, Federico Righi (bajo), Juan Pablo Chapital (guitarra), Hernan Klang (teclados) y Ricardo G\u00f3mez (bater\u00eda) 8 de agosto - Bluzz live - Foto \u00a9 Luc\u00eda C\u00f3ppola","robots":{"index":"index","follow":"follow","max-snippet":"max-snippet:-1","max-image-preview":"max-image-preview:large","max-video-preview":"max-video-preview:-1"},"canonical":"https:\/\/cooltivarte.com\/portal\/fernando-cabrera-sold-out-bluzz-live\/","og_locale":"es_ES","og_type":"article","og_title":"Fernando Cabrera (SOLD OUT) BLUZZ LIVE - Cooltivarte Portal","og_description":"Fernando Cabrera x Cuatro - Durante cuatro jueves de setiembre Fernando Cabrera y su banda, Federico Righi (bajo), Juan Pablo Chapital (guitarra), Hernan Klang (teclados) y Ricardo G\u00f3mez (bater\u00eda) 8 de agosto - Bluzz live - Foto \u00a9 Luc\u00eda C\u00f3ppola","og_url":"https:\/\/cooltivarte.com\/portal\/fernando-cabrera-sold-out-bluzz-live\/","og_site_name":"Cooltivarte Portal","article_publisher":"https:\/\/www.facebook.com\/cooltivartecom\/","article_author":"https:\/\/www.facebook.com\/coppolaluciacoppola?fref=ts","article_published_time":"2016-09-14T14:06:11+00:00","article_modified_time":"2024-06-02T19:38:01+00:00","og_image":[{"width":1181,"height":787,"url":"https:\/\/cooltivarte.com\/portal\/wp-content\/uploads\/2016\/09\/fernando-cabrera-setiembre2016-bluzz-live-foto-lucia-coppola.jpg","type":"image\/jpeg"}],"author":"Luc\u00eda C\u00f3ppola","twitter_card":"summary_large_image","twitter_creator":"@https:\/\/x.com\/obolocultural","twitter_site":"@obolocultural","twitter_misc":{"Escrito por":"Luc\u00eda C\u00f3ppola","Tiempo de lectura":"1 minuto"},"schema":{"@context":"https:\/\/schema.org","@graph":[{"@type":"NewsArticle","@id":"https:\/\/cooltivarte.com\/portal\/fernando-cabrera-sold-out-bluzz-live\/#article","isPartOf":{"@id":"https:\/\/cooltivarte.com\/portal\/fernando-cabrera-sold-out-bluzz-live\/"},"author":{"name":"Luc\u00eda C\u00f3ppola","@id":"https:\/\/cooltivarte.com\/portal\/#\/schema\/person\/419106e869c1500a18f888f0337f58fe"},"headline":"Fernando Cabrera (SOLD OUT) BLUZZ LIVE","datePublished":"2016-09-14T14:06:11+00:00","dateModified":"2024-06-02T19:38:01+00:00","mainEntityOfPage":{"@id":"https:\/\/cooltivarte.com\/portal\/fernando-cabrera-sold-out-bluzz-live\/"},"wordCount":147,"publisher":{"@id":"https:\/\/cooltivarte.com\/portal\/#organization"},"image":{"@id":"https:\/\/cooltivarte.com\/portal\/fernando-cabrera-sold-out-bluzz-live\/#primaryimage"},"thumbnailUrl":"https:\/\/cooltivarte.com\/portal\/wp-content\/uploads\/2016\/09\/fernando-cabrera-setiembre2016-bluzz-live-foto-lucia-coppola.jpg","keywords":["Bluzz Live","Federico Righi","Fernando Cabrera","Hernan Klang","Juan Pablo Chapital","Ricardo G\u00f3mez"],"articleSection":["Coberturas"],"inLanguage":"es-AR"},{"@type":"WebPage","@id":"https:\/\/cooltivarte.com\/portal\/fernando-cabrera-sold-out-bluzz-live\/","url":"https:\/\/cooltivarte.com\/portal\/fernando-cabrera-sold-out-bluzz-live\/","name":"Fernando Cabrera (SOLD OUT) BLUZZ LIVE - Cooltivarte Portal","isPartOf":{"@id":"https:\/\/cooltivarte.com\/portal\/#website"},"primaryImageOfPage":{"@id":"https:\/\/cooltivarte.com\/portal\/fernando-cabrera-sold-out-bluzz-live\/#primaryimage"},"image":{"@id":"https:\/\/cooltivarte.com\/portal\/fernando-cabrera-sold-out-bluzz-live\/#primaryimage"},"thumbnailUrl":"https:\/\/cooltivarte.com\/portal\/wp-content\/uploads\/2016\/09\/fernando-cabrera-setiembre2016-bluzz-live-foto-lucia-coppola.jpg","datePublished":"2016-09-14T14:06:11+00:00","dateModified":"2024-06-02T19:38:01+00:00","description":"Fernando Cabrera x Cuatro - Durante cuatro jueves de setiembre Fernando Cabrera y su banda, Federico Righi (bajo), Juan Pablo Chapital (guitarra), Hernan Klang (teclados) y Ricardo G\u00f3mez (bater\u00eda) 8 de agosto - Bluzz live - Foto \u00a9 Luc\u00eda C\u00f3ppola","breadcrumb":{"@id":"https:\/\/cooltivarte.com\/portal\/fernando-cabrera-sold-out-bluzz-live\/#breadcrumb"},"inLanguage":"es-AR","potentialAction":[{"@type":"ReadAction","target":["https:\/\/cooltivarte.com\/portal\/fernando-cabrera-sold-out-bluzz-live\/"]}]},{"@type":"ImageObject","inLanguage":"es-AR","@id":"https:\/\/cooltivarte.com\/portal\/fernando-cabrera-sold-out-bluzz-live\/#primaryimage","url":"https:\/\/cooltivarte.com\/portal\/wp-content\/uploads\/2016\/09\/fernando-cabrera-setiembre2016-bluzz-live-foto-lucia-coppola.jpg","contentUrl":"https:\/\/cooltivarte.com\/portal\/wp-content\/uploads\/2016\/09\/fernando-cabrera-setiembre2016-bluzz-live-foto-lucia-coppola.jpg","width":1181,"height":787,"caption":"fernando-cabrera-setiembre2016-bluzz-live-foto-lucia-coppola"},{"@type":"BreadcrumbList","@id":"https:\/\/cooltivarte.com\/portal\/fernando-cabrera-sold-out-bluzz-live\/#breadcrumb","itemListElement":[{"@type":"ListItem","position":1,"name":"Portada","item":"https:\/\/cooltivarte.com\/portal\/"},{"@type":"ListItem","position":2,"name":"Fernando Cabrera (SOLD OUT) BLUZZ LIVE"}]},{"@type":"WebSite","@id":"https:\/\/cooltivarte.com\/portal\/#website","url":"https:\/\/cooltivarte.com\/portal\/","name":"Cooltivarte Portal","description":"Arte, cultura y turismo para el mundo ...","publisher":{"@id":"https:\/\/cooltivarte.com\/portal\/#organization"},"potentialAction":[{"@type":"SearchAction","target":{"@type":"EntryPoint","urlTemplate":"https:\/\/cooltivarte.com\/portal\/?s={search_term_string}"},"query-input":{"@type":"PropertyValueSpecification","valueRequired":true,"valueName":"search_term_string"}}],"inLanguage":"es-AR"},{"@type":"Organization","@id":"https:\/\/cooltivarte.com\/portal\/#organization","name":"cooltivarte","url":"https:\/\/cooltivarte.com\/portal\/","logo":{"@type":"ImageObject","inLanguage":"es-AR","@id":"https:\/\/cooltivarte.com\/portal\/#\/schema\/logo\/image\/","url":"https:\/\/cooltivarte.com\/portal\/wp-content\/uploads\/2020\/04\/logo-cooltivarte-v2.png","contentUrl":"https:\/\/cooltivarte.com\/portal\/wp-content\/uploads\/2020\/04\/logo-cooltivarte-v2.png","width":851,"height":243,"caption":"cooltivarte"},"image":{"@id":"https:\/\/cooltivarte.com\/portal\/#\/schema\/logo\/image\/"},"sameAs":["https:\/\/www.facebook.com\/cooltivartecom\/","https:\/\/x.com\/obolocultural","https:\/\/www.instagram.com\/_cooltivarte_\/","https:\/\/www.linkedin.com\/company\/-bolocultural?reportsuccess=8zaNG1HwhPbAR9iQhZ5rfGeqz_vQFftHun0ZWU0Wy9vNemRJ8vtcKdJvzQfW8XagyOJSKg0XvfJ1dp","https:\/\/www.pinterest.com\/cooltivarte\/","https:\/\/cooltivarte.tumblr.com\/","https:\/\/www.tiktok.com\/@cooltivarte","https:\/\/www.youtube.com\/@PrensaCooltivarte"]},{"@type":"Person","@id":"https:\/\/cooltivarte.com\/portal\/#\/schema\/person\/419106e869c1500a18f888f0337f58fe","name":"Luc\u00eda C\u00f3ppola","image":{"@type":"ImageObject","inLanguage":"es-AR","@id":"https:\/\/cooltivarte.com\/portal\/wp-content\/uploads\/2016\/09\/lucia-coppola-120x120.jpg","url":"https:\/\/cooltivarte.com\/portal\/wp-content\/uploads\/2016\/09\/lucia-coppola-120x120.jpg","contentUrl":"https:\/\/cooltivarte.com\/portal\/wp-content\/uploads\/2016\/09\/lucia-coppola-120x120.jpg","caption":"Luc\u00eda C\u00f3ppola"},"description":"Nac\u00ed en Fray Bentos en abril del 91, fui de la primer generaci\u00f3n del bachillerato art\u00edstico, fui feliz, viaj\u00e9 a la gran ciudad, me mud\u00e9, gan\u00e9 el t\u00edtulo de dise\u00f1adora gr\u00e1fica; aprend\u00ed a verme y a mirar, fui a varias escuelas, conoc\u00ed distintos profesores que me fueron conectando ojos-cabeza-coraz\u00f3n, encontr\u00e9 mi segundo hogar, Aquelarre. Formo parte del Colectivo Oriental que multiplica la felicidad y las fotos. Expuse en Museo Torres Garc\u00eda, Museo del Gaucho, Punto de encuentro del Mec, galer\u00edas de arte en Montevideo y el interior, en galer\u00eda a Cielo abierto del Prado y en la calle, con la gente que mira a los ojos y une fuerzas para seguir creciendo. Me incorporo a cooltivarte en 2016.","sameAs":["https:\/\/www.facebook.com\/coppolaluciacoppola?fref=ts","https:\/\/www.instagram.com\/_cooltivarte_\/","https:\/\/www.linkedin.com\/company\/-bolocultural","https:\/\/www.pinterest.com\/cooltivarte","https:\/\/x.com\/https:\/\/x.com\/obolocultural","https:\/\/www.youtube.com\/@PrensaCooltivarte","https:\/\/www.tumblr.com\/blog\/cooltivarte"],"url":"https:\/\/cooltivarte.com\/portal\/author\/lucia-coppola\/"}]}},"_links":{"self":[{"href":"https:\/\/cooltivarte.com\/portal\/wp-json\/wp\/v2\/posts\/24283","targetHints":{"allow":["GET"]}}],"collection":[{"href":"https:\/\/cooltivarte.com\/portal\/wp-json\/wp\/v2\/posts"}],"about":[{"href":"https:\/\/cooltivarte.com\/portal\/wp-json\/wp\/v2\/types\/post"}],"author":[{"embeddable":true,"href":"https:\/\/cooltivarte.com\/portal\/wp-json\/wp\/v2\/users\/92"}],"replies":[{"embeddable":true,"href":"https:\/\/cooltivarte.com\/portal\/wp-json\/wp\/v2\/comments?post=24283"}],"version-history":[{"count":8,"href":"https:\/\/cooltivarte.com\/portal\/wp-json\/wp\/v2\/posts\/24283\/revisions"}],"predecessor-version":[{"id":103285,"href":"https:\/\/cooltivarte.com\/portal\/wp-json\/wp\/v2\/posts\/24283\/revisions\/103285"}],"wp:featuredmedia":[{"embeddable":true,"href":"https:\/\/cooltivarte.com\/portal\/wp-json\/wp\/v2\/media\/24289"}],"wp:attachment":[{"href":"https:\/\/cooltivarte.com\/portal\/wp-json\/wp\/v2\/media?parent=24283"}],"wp:term":[{"taxonomy":"category","embeddable":true,"href":"https:\/\/cooltivarte.com\/portal\/wp-json\/wp\/v2\/categories?post=24283"},{"taxonomy":"post_tag","embeddable":true,"href":"https:\/\/cooltivarte.com\/portal\/wp-json\/wp\/v2\/tags?post=24283"}],"curies":[{"name":"wp","href":"https:\/\/api.w.org\/{rel}","templated":true}]}}