{"id":23834,"date":"2016-08-26T13:36:11","date_gmt":"2016-08-26T13:36:11","guid":{"rendered":"http:\/\/cooltivarte.com\/portal\/?p=23834"},"modified":"2019-08-01T18:05:46","modified_gmt":"2019-08-01T21:05:46","slug":"la-leyenda-del-capitan-trueno","status":"publish","type":"post","link":"https:\/\/cooltivarte.com\/portal\/la-leyenda-del-capitan-trueno\/","title":{"rendered":"La Leyenda del Capitan Trueno"},"content":{"rendered":"<p class=\" wp-image-23835\">El Grupo de Teatro Invisible presenta &#8220;<a href=\"https:\/\/www.facebook.com\/claudiodavid.velaburgos\/videos\/1341479325880635\/?pnref=story\" target=\"_blank\" rel=\"noopener\"><strong>La Leyenda del Capit\u00e1n Trueno<\/strong><\/a>&#8221; ( obra original escrita y dirigida por Mortimer, quiz\u00e1s muchos los conozcan por sus shows en Bar de Pizzas) durante todos los<strong> s\u00e1bados de los meses de setiembre y octubre a las 21 horas<\/strong> en el&nbsp;<a href=\"https:\/\/www.facebook.com\/espacioculturalbovedas\/\" target=\"_blank\" rel=\"noopener\"><strong>Espacio Cultural Las B\u00f3vedas<\/strong><\/a> (Rambla 25 de Agosto 575)<\/p>\n<p style=\"text-align: justify;\">El Capit\u00e1n Trueno es un superh\u00e9roe jubilado que comparte su habitaci\u00f3n en el geri\u00e1trico con el que fuera su archienemigo de la juventud: La Alima\u00f1a.<\/p>\n<p style=\"text-align: justify;\">Esta obra trata entre varios temas el estado policial, el paralelismo entre la \u00e9poca de la dictadura y la situaci\u00f3n actual.A nivel humano temas como el ocaso de la vida,el asumir la culpa de los errores que hemos hecho a trav\u00e9s de nuestra vida.<\/p>\n<p style=\"text-align: justify;\">Por mas informaci\u00f3n; <a href=\"https:\/\/www.facebook.com\/events\/1411860838830091\/\" target=\"_blank\" rel=\"noopener\">Evento Facebook<\/a><\/p>\n<p style=\"text-align: justify;\">El elenco esta formado por:<\/p>\n<p style=\"text-align: justify;\"><strong>Ruben Santiago, Claudio Vela, Gabriela Brun, M\u00f3rtimer<\/strong><\/p>\n<p style=\"text-align: justify;\"><span class=\"text_exposed_show\">DISE\u00d1O DE VESTUARIO Y ESCENOGRAF\u00cdA:<br \/>\n<strong>Marina Sosa<\/strong><\/span><\/p>\n<p style=\"text-align: justify;\">M\u00daSICA ORIGINAL:<br \/>\n<strong>Claudio Vela,&nbsp;M\u00f3rtimer<\/strong>.<\/p>\n<p style=\"text-align: justify;\">LOCALIDADES:<br \/>\n$ 200<br \/>\nSocio espectacular 2&#215;1<\/p>\n<p>&nbsp;<\/p>\n<p><script async=\"\" src=\"\/\/pagead2.googlesyndication.com\/pagead\/js\/adsbygoogle.js\"><\/script><br \/>\n<script>\n  (adsbygoogle = window.adsbygoogle || []).push({\n    google_ad_client: \"ca-pub-1258162831753121\",\n    enable_page_level_ads: true\n  });\n<\/script><\/p>\n<p>&nbsp;<\/p>\n","protected":false},"excerpt":{"rendered":"<p>El Grupo de Teatro Invisible presenta &#8220;La Leyenda del Capit\u00e1n Trueno&#8221; ( obra original escrita y dirigida por Mortimer, quiz\u00e1s muchos los conozcan por sus shows en Bar de Pizzas) durante todos los s\u00e1bados de los meses de setiembre y octubre a las 21 horas en el&nbsp;Espacio Cultural Las B\u00f3vedas (Rambla 25 de Agosto 575) [&hellip;]<\/p>\n","protected":false},"author":77,"featured_media":23841,"comment_status":"closed","ping_status":"closed","sticky":false,"template":"","format":"standard","meta":{"om_disable_all_campaigns":false,"ngg_post_thumbnail":0,"jnews-multi-image_gallery":[],"jnews_single_post":[],"jnews_primary_category":[],"jnews_social_meta":[],"jnews_override_counter":[],"footnotes":""},"categories":[3394],"tags":[4530],"class_list":["post-23834","post","type-post","status-publish","format-standard","has-post-thumbnail","hentry","category-eventos","tag-espacio-cultural-las-bovedas"],"yoast_head":"<!-- This site is optimized with the Yoast SEO plugin v27.5 - https:\/\/yoast.com\/product\/yoast-seo-wordpress\/ -->\n<title>La Leyenda del Capitan Trueno - Cooltivarte Portal<\/title>\n<meta name=\"description\" content=\"COOLTIVARTE.COM es un portal digital colaborativo de actualizaci\u00f3n permanente dedicado a difundir el acontecer art\u00edstico y cultural, entrevista artistas, gestores y productores de las diferentes disciplinas del arte, y publicando art\u00edculos de reflexi\u00f3n de producci\u00f3n propia sobre los elementos culturales.\" \/>\n<meta name=\"robots\" content=\"index, follow, max-snippet:-1, max-image-preview:large, max-video-preview:-1\" \/>\n<link rel=\"canonical\" href=\"https:\/\/cooltivarte.com\/portal\/la-leyenda-del-capitan-trueno\/\" \/>\n<meta property=\"og:locale\" content=\"es_ES\" \/>\n<meta property=\"og:type\" content=\"article\" \/>\n<meta property=\"og:title\" content=\"La Leyenda del Capitan Trueno - Cooltivarte Portal\" \/>\n<meta property=\"og:description\" content=\"COOLTIVARTE.COM es un portal digital colaborativo de actualizaci\u00f3n permanente dedicado a difundir el acontecer art\u00edstico y cultural, entrevista artistas, gestores y productores de las diferentes disciplinas del arte, y publicando art\u00edculos de reflexi\u00f3n de producci\u00f3n propia sobre los elementos culturales.\" \/>\n<meta property=\"og:url\" content=\"https:\/\/cooltivarte.com\/portal\/la-leyenda-del-capitan-trueno\/\" \/>\n<meta property=\"og:site_name\" content=\"Cooltivarte Portal\" \/>\n<meta property=\"article:publisher\" content=\"https:\/\/www.facebook.com\/cooltivartecom\/\" \/>\n<meta property=\"article:author\" content=\"https:\/\/www.facebook.com\/Kiss69?hc_location=ufi\" \/>\n<meta property=\"article:published_time\" content=\"2016-08-26T13:36:11+00:00\" \/>\n<meta property=\"article:modified_time\" content=\"2019-08-01T21:05:46+00:00\" \/>\n<meta property=\"og:image\" content=\"https:\/\/cooltivarte.com\/portal\/wp-content\/uploads\/2016\/08\/La-leyenda-del-Capit\u00e1n-Trueno.jpg\" \/>\n\t<meta property=\"og:image:width\" content=\"960\" \/>\n\t<meta property=\"og:image:height\" content=\"386\" \/>\n\t<meta property=\"og:image:type\" content=\"image\/jpeg\" \/>\n<meta name=\"author\" content=\"Jos\u00e9 Ottati\" \/>\n<meta name=\"twitter:card\" content=\"summary_large_image\" \/>\n<meta name=\"twitter:creator\" content=\"@https:\/\/x.com\/bcnrockcity\" \/>\n<meta name=\"twitter:site\" content=\"@obolocultural\" \/>\n<meta name=\"twitter:label1\" content=\"Escrito por\" \/>\n\t<meta name=\"twitter:data1\" content=\"Jos\u00e9 Ottati\" \/>\n\t<meta name=\"twitter:label2\" content=\"Tiempo de lectura\" \/>\n\t<meta name=\"twitter:data2\" content=\"1 minuto\" \/>\n<!-- \/ Yoast SEO plugin. -->","yoast_head_json":{"title":"La Leyenda del Capitan Trueno - Cooltivarte Portal","description":"COOLTIVARTE.COM es un portal digital colaborativo de actualizaci\u00f3n permanente dedicado a difundir el acontecer art\u00edstico y cultural, entrevista artistas, gestores y productores de las diferentes disciplinas del arte, y publicando art\u00edculos de reflexi\u00f3n de producci\u00f3n propia sobre los elementos culturales.","robots":{"index":"index","follow":"follow","max-snippet":"max-snippet:-1","max-image-preview":"max-image-preview:large","max-video-preview":"max-video-preview:-1"},"canonical":"https:\/\/cooltivarte.com\/portal\/la-leyenda-del-capitan-trueno\/","og_locale":"es_ES","og_type":"article","og_title":"La Leyenda del Capitan Trueno - Cooltivarte Portal","og_description":"COOLTIVARTE.COM es un portal digital colaborativo de actualizaci\u00f3n permanente dedicado a difundir el acontecer art\u00edstico y cultural, entrevista artistas, gestores y productores de las diferentes disciplinas del arte, y publicando art\u00edculos de reflexi\u00f3n de producci\u00f3n propia sobre los elementos culturales.","og_url":"https:\/\/cooltivarte.com\/portal\/la-leyenda-del-capitan-trueno\/","og_site_name":"Cooltivarte Portal","article_publisher":"https:\/\/www.facebook.com\/cooltivartecom\/","article_author":"https:\/\/www.facebook.com\/Kiss69?hc_location=ufi","article_published_time":"2016-08-26T13:36:11+00:00","article_modified_time":"2019-08-01T21:05:46+00:00","og_image":[{"width":960,"height":386,"url":"https:\/\/cooltivarte.com\/portal\/wp-content\/uploads\/2016\/08\/La-leyenda-del-Capit\u00e1n-Trueno.jpg","type":"image\/jpeg"}],"author":"Jos\u00e9 Ottati","twitter_card":"summary_large_image","twitter_creator":"@https:\/\/x.com\/bcnrockcity","twitter_site":"@obolocultural","twitter_misc":{"Escrito por":"Jos\u00e9 Ottati","Tiempo de lectura":"1 minuto"},"schema":{"@context":"https:\/\/schema.org","@graph":[{"@type":"NewsArticle","@id":"https:\/\/cooltivarte.com\/portal\/la-leyenda-del-capitan-trueno\/#article","isPartOf":{"@id":"https:\/\/cooltivarte.com\/portal\/la-leyenda-del-capitan-trueno\/"},"author":{"name":"Jos\u00e9 Ottati","@id":"https:\/\/cooltivarte.com\/portal\/#\/schema\/person\/c180eb78c32551ec2676a951dbe165fb"},"headline":"La Leyenda del Capitan Trueno","datePublished":"2016-08-26T13:36:11+00:00","dateModified":"2019-08-01T21:05:46+00:00","mainEntityOfPage":{"@id":"https:\/\/cooltivarte.com\/portal\/la-leyenda-del-capitan-trueno\/"},"wordCount":182,"publisher":{"@id":"https:\/\/cooltivarte.com\/portal\/#organization"},"image":{"@id":"https:\/\/cooltivarte.com\/portal\/la-leyenda-del-capitan-trueno\/#primaryimage"},"thumbnailUrl":"https:\/\/cooltivarte.com\/portal\/wp-content\/uploads\/2016\/08\/La-leyenda-del-Capit\u00e1n-Trueno.jpg","keywords":["Espacio Cultural Las B\u00f3vedas"],"articleSection":["Eventos"],"inLanguage":"es-AR"},{"@type":"WebPage","@id":"https:\/\/cooltivarte.com\/portal\/la-leyenda-del-capitan-trueno\/","url":"https:\/\/cooltivarte.com\/portal\/la-leyenda-del-capitan-trueno\/","name":"La Leyenda del Capitan Trueno - Cooltivarte Portal","isPartOf":{"@id":"https:\/\/cooltivarte.com\/portal\/#website"},"primaryImageOfPage":{"@id":"https:\/\/cooltivarte.com\/portal\/la-leyenda-del-capitan-trueno\/#primaryimage"},"image":{"@id":"https:\/\/cooltivarte.com\/portal\/la-leyenda-del-capitan-trueno\/#primaryimage"},"thumbnailUrl":"https:\/\/cooltivarte.com\/portal\/wp-content\/uploads\/2016\/08\/La-leyenda-del-Capit\u00e1n-Trueno.jpg","datePublished":"2016-08-26T13:36:11+00:00","dateModified":"2019-08-01T21:05:46+00:00","description":"COOLTIVARTE.COM es un portal digital colaborativo de actualizaci\u00f3n permanente dedicado a difundir el acontecer art\u00edstico y cultural, entrevista artistas, gestores y productores de las diferentes disciplinas del arte, y publicando art\u00edculos de reflexi\u00f3n de producci\u00f3n propia sobre los elementos culturales.","breadcrumb":{"@id":"https:\/\/cooltivarte.com\/portal\/la-leyenda-del-capitan-trueno\/#breadcrumb"},"inLanguage":"es-AR","potentialAction":[{"@type":"ReadAction","target":["https:\/\/cooltivarte.com\/portal\/la-leyenda-del-capitan-trueno\/"]}]},{"@type":"ImageObject","inLanguage":"es-AR","@id":"https:\/\/cooltivarte.com\/portal\/la-leyenda-del-capitan-trueno\/#primaryimage","url":"https:\/\/cooltivarte.com\/portal\/wp-content\/uploads\/2016\/08\/La-leyenda-del-Capit\u00e1n-Trueno.jpg","contentUrl":"https:\/\/cooltivarte.com\/portal\/wp-content\/uploads\/2016\/08\/La-leyenda-del-Capit\u00e1n-Trueno.jpg","width":960,"height":386,"caption":"La-leyenda-del-Capit\u00e1n-Trueno"},{"@type":"BreadcrumbList","@id":"https:\/\/cooltivarte.com\/portal\/la-leyenda-del-capitan-trueno\/#breadcrumb","itemListElement":[{"@type":"ListItem","position":1,"name":"Portada","item":"https:\/\/cooltivarte.com\/portal\/"},{"@type":"ListItem","position":2,"name":"La Leyenda del Capitan Trueno"}]},{"@type":"WebSite","@id":"https:\/\/cooltivarte.com\/portal\/#website","url":"https:\/\/cooltivarte.com\/portal\/","name":"Cooltivarte Portal","description":"Arte, cultura y turismo para el mundo ...","publisher":{"@id":"https:\/\/cooltivarte.com\/portal\/#organization"},"potentialAction":[{"@type":"SearchAction","target":{"@type":"EntryPoint","urlTemplate":"https:\/\/cooltivarte.com\/portal\/?s={search_term_string}"},"query-input":{"@type":"PropertyValueSpecification","valueRequired":true,"valueName":"search_term_string"}}],"inLanguage":"es-AR"},{"@type":"Organization","@id":"https:\/\/cooltivarte.com\/portal\/#organization","name":"cooltivarte","url":"https:\/\/cooltivarte.com\/portal\/","logo":{"@type":"ImageObject","inLanguage":"es-AR","@id":"https:\/\/cooltivarte.com\/portal\/#\/schema\/logo\/image\/","url":"https:\/\/cooltivarte.com\/portal\/wp-content\/uploads\/2020\/04\/logo-cooltivarte-v2.png","contentUrl":"https:\/\/cooltivarte.com\/portal\/wp-content\/uploads\/2020\/04\/logo-cooltivarte-v2.png","width":851,"height":243,"caption":"cooltivarte"},"image":{"@id":"https:\/\/cooltivarte.com\/portal\/#\/schema\/logo\/image\/"},"sameAs":["https:\/\/www.facebook.com\/cooltivartecom\/","https:\/\/x.com\/obolocultural","https:\/\/www.instagram.com\/_cooltivarte_\/","https:\/\/www.linkedin.com\/company\/-bolocultural?reportsuccess=8zaNG1HwhPbAR9iQhZ5rfGeqz_vQFftHun0ZWU0Wy9vNemRJ8vtcKdJvzQfW8XagyOJSKg0XvfJ1dp","https:\/\/www.pinterest.com\/cooltivarte\/","https:\/\/cooltivarte.tumblr.com\/","https:\/\/www.tiktok.com\/@cooltivarte","https:\/\/www.youtube.com\/@PrensaCooltivarte"]},{"@type":"Person","@id":"https:\/\/cooltivarte.com\/portal\/#\/schema\/person\/c180eb78c32551ec2676a951dbe165fb","name":"Jos\u00e9 Ottati","image":{"@type":"ImageObject","inLanguage":"es-AR","@id":"https:\/\/cooltivarte.com\/portal\/wp-content\/uploads\/2014\/05\/ad516503a11cd5ca435acc9bb6523536.png","url":"https:\/\/cooltivarte.com\/portal\/wp-content\/uploads\/2014\/05\/ad516503a11cd5ca435acc9bb6523536.png","contentUrl":"https:\/\/cooltivarte.com\/portal\/wp-content\/uploads\/2014\/05\/ad516503a11cd5ca435acc9bb6523536.png","caption":"Jos\u00e9 Ottati"},"description":"Jos\u00e9 Ottati. Todo empezo cuando vi la pelicula KISS Contra Los Fantasmas Del Parque siendo un ni\u00f1o y la pasi\u00f3n por la m\u00fasica contin\u00faa creciendo.","sameAs":["https:\/\/uy.linkedin.com\/in\/jose-ottati-59b8b48\/es","https:\/\/www.facebook.com\/Kiss69?hc_location=ufi","https:\/\/www.instagram.com\/_cooltivarte_\/","https:\/\/www.linkedin.com\/company\/-bolocultural","https:\/\/www.pinterest.com\/cooltivarte","https:\/\/x.com\/https:\/\/x.com\/bcnrockcity","https:\/\/www.youtube.com\/@PrensaCooltivarte","https:\/\/www.tumblr.com\/blog\/cooltivarte"],"url":"https:\/\/cooltivarte.com\/portal\/author\/jose-ottati\/"}]}},"_links":{"self":[{"href":"https:\/\/cooltivarte.com\/portal\/wp-json\/wp\/v2\/posts\/23834","targetHints":{"allow":["GET"]}}],"collection":[{"href":"https:\/\/cooltivarte.com\/portal\/wp-json\/wp\/v2\/posts"}],"about":[{"href":"https:\/\/cooltivarte.com\/portal\/wp-json\/wp\/v2\/types\/post"}],"author":[{"embeddable":true,"href":"https:\/\/cooltivarte.com\/portal\/wp-json\/wp\/v2\/users\/77"}],"replies":[{"embeddable":true,"href":"https:\/\/cooltivarte.com\/portal\/wp-json\/wp\/v2\/comments?post=23834"}],"version-history":[{"count":6,"href":"https:\/\/cooltivarte.com\/portal\/wp-json\/wp\/v2\/posts\/23834\/revisions"}],"predecessor-version":[{"id":51678,"href":"https:\/\/cooltivarte.com\/portal\/wp-json\/wp\/v2\/posts\/23834\/revisions\/51678"}],"wp:featuredmedia":[{"embeddable":true,"href":"https:\/\/cooltivarte.com\/portal\/wp-json\/wp\/v2\/media\/23841"}],"wp:attachment":[{"href":"https:\/\/cooltivarte.com\/portal\/wp-json\/wp\/v2\/media?parent=23834"}],"wp:term":[{"taxonomy":"category","embeddable":true,"href":"https:\/\/cooltivarte.com\/portal\/wp-json\/wp\/v2\/categories?post=23834"},{"taxonomy":"post_tag","embeddable":true,"href":"https:\/\/cooltivarte.com\/portal\/wp-json\/wp\/v2\/tags?post=23834"}],"curies":[{"name":"wp","href":"https:\/\/api.w.org\/{rel}","templated":true}]}}