{"id":23151,"date":"2016-07-22T21:38:51","date_gmt":"2016-07-22T21:38:51","guid":{"rendered":"http:\/\/cooltivarte.com\/portal\/?p=23151"},"modified":"2019-05-06T01:44:46","modified_gmt":"2019-05-06T04:44:46","slug":"primera-edicion-mvd-sound-city","status":"publish","type":"post","link":"https:\/\/cooltivarte.com\/portal\/primera-edicion-mvd-sound-city\/","title":{"rendered":"Primera edici\u00f3n del festival MVD Sound City"},"content":{"rendered":"<h2 id=\"code\" class=\"brush: text; plain-text\" style=\"text-align: justify\">El domingo pasado en v\u00edspera de feriado, se llev\u00f3 a cabo un nuevo festival sobre m\u00fasica que engloba distintos artistas, g\u00e9neros, toques en vivo y otras actividades complementarias dadas en forma simult\u00e1nea en el <a href=\"https:\/\/www.facebook.com\/AuditorioSodre\/?surface=rese\" target=\"_blank\" rel=\"noopener\">Auditorio Nacional del Sodre,<\/a> Dra Adela Reta.<\/h2>\n<p style=\"text-align: justify\">A sala llena y entre las voces de todos los presentes se terminaba de aprontar el escenario de la sala Hugo Balzo para recibir a E.T &amp; Los Problems. No hay m\u00fasica de fondo y la gente empieza muy de a poco a hacer silencio para dar inicio a la segunda banda que se presenta en este espacio, luego vendr\u00e1 Hermanos L\u00e1ser, Hablan Por La Espalda y para el cierre del escenario se presentar\u00e1n AFC+Dos Tres Cinco, lo m\u00e1s destacado del rap local disparando sus rimas de siempre.<\/p>\n<p style=\"text-align: justify\">Subiendo la escalera principal del audiotorio, en la sala Fabini ya estaban sonando Los Prolijos junto a Alberto Mandrake Wolf para una versi\u00f3n de su tema &#8220;Ellos Dos&#8221;, luego continuaron desfilando los invitados, Federico Lima para la versi\u00f3n de un gran tema de Loop Lascano &#8220;<strong><a href=\"https:\/\/www.youtube.com\/watch?v=x-0pSJ-Z2C4\" target=\"_blank\" rel=\"noopener\">Gris<\/a><\/strong>&#8220;, en plan country-jazz as\u00ed como puede ser la manera de versionar &#8220;<strong><a href=\"https:\/\/www.youtube.com\/watch?v=fn40B9ugcrs\" target=\"_blank\" rel=\"noopener\">Creep<\/a><\/strong>&#8221; de Radiohead por Richard Cheese. Sigui\u00f3 un homenaje a &#8220;El Pibe de los Astilleros&#8221;, divertido, una coreograf\u00eda de palmas domingueras que se aplauden por inercia y terminan en otra &#8220;Carretera Perdida&#8221;, cover de Buitres junto a\u00a0Gabriel Peluffo.<\/p>\n<p style=\"text-align: justify\">&#8220;<strong>Hablar y Leer de M\u00fasica<\/strong>&#8221; fue el \u00e1mbito destinado para una conferencia \u201cM\u00fasica en la era digital\u201d de Carlos Tar\u00e1n y tres presentaciones de libros de Casa editorial HUM que esta noche se disputan un nuevo grafitti a &#8220;Mejor libro sobre m\u00fasica uruguaya&#8221; en la Sala Zitarrosa. Las mismas fueron de: <a href=\"https:\/\/www.facebook.com\/quieropure\/?fref=ts\" target=\"_blank\" rel=\"noopener\"><strong><em>Quiero Pur\u00e9 <\/em><\/strong><\/a>de Leo Lagos, <a href=\"https:\/\/www.facebook.com\/111discosuruguayos\/?fref=ts\" target=\"_blank\" rel=\"noopener\"><strong><em>111 Discos<\/em>\u00a0<em>Uruguayos <\/em><\/strong><\/a>de Andr\u00e9s Torr\u00f3n y <a href=\"https:\/\/www.facebook.com\/librohple\/?fref=ts\" target=\"_blank\" rel=\"noopener\"><strong><em>Paracetamol 500<\/em><\/strong><\/a>\u00a0de\u00a0Ferm\u00edn Solana, libro que ya alcanz\u00f3 su segunda edici\u00f3n.<\/p>\n<p style=\"text-align: justify\">Pasadas las 20 hs, la gente sale algo desorientada de la sala Balzo y el comentario de una chica se escucha claro: &#8220;Prefiero ver a Hablan que a Onda Vaga toda la vida.&#8221;, decisiones ineludibles que se toman en festivales donde todo se produce al mismo tiempo, como si fuera una mini fiesta de la X en la comodidad de un auditorio.<br \/>\nHablan Por La Espalda se hizo presente en el escenario de la sala antes mencionada derramando desde el comienzo su mejor <strong><a href=\"https:\/\/federicorequena.blogspot.com.uy\/2015_05_01_archive.html\" target=\"_blank\" rel=\"noopener\"><em>Sangre\u00a0<\/em><\/a><\/strong>(disco 2015), colando temas de <em>Macumba\u00a0<\/em>(2009) y cerrando con el debido calor del &#8220;Himno del Incendio&#8221; otro festejo por sus 20 a\u00f1os como banda.<\/p>\n<p style=\"text-align: justify\">Simult\u00e1neamente segu\u00edan los shows en el escenario &#8220;Tanqueray&#8221; dado a los solistas: Alberto Mandrake Wolf, Se\u00f1or Fara\u00f3n, Sebast\u00edan Casaf\u00faa, Alfonsina, Franny Glass y Garo.<\/p>\n<p style=\"text-align: justify\">La hora del cierre se despegaba en la grilla y quedaba en las mejores manos de Buenos Muchachos. Muy pocas butacas vac\u00edas, varias personas llegando tarde, la sala Fabini rebalsa y todos siguen atentos la selecci\u00f3n de canciones de la banda elegida para el final de esta primera edici\u00f3n de MVD Sound City.<\/p>\n<p style=\"text-align: justify\"><strong>Bonus track:<\/strong> As\u00ed lo vivi\u00f3 Federico &#8220;Dinamita&#8221; Pereda (mini entrevista)<\/p>\n<!--[if lt IE 9]><script>document.createElement('audio');<\/script><![endif]-->\n<audio class=\"wp-audio-shortcode\" id=\"audio-23151-1\" preload=\"metadata\" style=\"width: 100%;\" controls=\"controls\"><source type=\"audio\/mpeg\" src=\"https:\/\/cooltivarte.com\/portal\/wp-content\/uploads\/2016\/07\/mini-entrevista-FDP-mvdsoundcity2016.mp3?_=1\" \/><a href=\"https:\/\/cooltivarte.com\/portal\/wp-content\/uploads\/2016\/07\/mini-entrevista-FDP-mvdsoundcity2016.mp3\">https:\/\/cooltivarte.com\/portal\/wp-content\/uploads\/2016\/07\/mini-entrevista-FDP-mvdsoundcity2016.mp3<\/a><\/audio>\n<p>&nbsp;<\/p>\n<p>Foto de portada: MVD Sound City &#8211; Auditorio Nacional del Sodre &#8211;\u00a0Foto\u00a0\u00a9 Paola Scagliotti 17\/07\/2016<\/p>\n<p>&nbsp;<\/p>\n<p>&nbsp;<\/p>\n","protected":false},"excerpt":{"rendered":"<p>El domingo pasado en v\u00edspera de feriado, se llev\u00f3 a cabo un nuevo festival sobre m\u00fasica que engloba distintos artistas, g\u00e9neros, toques en vivo y otras actividades complementarias dadas en forma simult\u00e1nea en el Auditorio Nacional del Sodre, Dra Adela Reta. A sala llena y entre las voces de todos los presentes se terminaba de [&hellip;]<\/p>\n","protected":false},"author":81,"featured_media":23187,"comment_status":"closed","ping_status":"closed","sticky":false,"template":"","format":"standard","meta":{"om_disable_all_campaigns":false,"ngg_post_thumbnail":0,"jnews-multi-image_gallery":[],"jnews_single_post":[],"jnews_primary_category":[],"jnews_social_meta":[],"jnews_override_counter":[],"footnotes":""},"categories":[50],"tags":[1327,899,4399,4498,164,4325,527,97,906,3540,1204,388,4496,1879,4497,2396],"class_list":["post-23151","post","type-post","status-publish","format-standard","has-post-thumbnail","hentry","category-coberturas","tag-alfonsina","tag-andres-torron","tag-auditorio-nacional-del-sodre-adela-reta","tag-e-t-y-los-problems","tag-federico-lima","tag-fermin-solana","tag-franny-glass","tag-gabriel-peluffo","tag-hablan-por-la-espalda","tag-leo-lagos","tag-los-prolijos","tag-musica-nacional","tag-mvd-sound-city","tag-onda-vaga","tag-sebastian-casafua","tag-senor-faraon"],"yoast_head":"<!-- This site is optimized with the Yoast SEO plugin v27.5 - https:\/\/yoast.com\/product\/yoast-seo-wordpress\/ -->\n<title>Primera edici\u00f3n del festival MVD Sound City - Cooltivarte Portal<\/title>\n<meta name=\"description\" content=\"COOLTIVARTE.COM es un portal digital colaborativo de actualizaci\u00f3n permanente dedicado a difundir el acontecer art\u00edstico y cultural, entrevista artistas, gestores y productores de las diferentes disciplinas del arte, y publicando art\u00edculos de reflexi\u00f3n de producci\u00f3n propia sobre los elementos culturales.\" \/>\n<meta name=\"robots\" content=\"index, follow, max-snippet:-1, max-image-preview:large, max-video-preview:-1\" \/>\n<link rel=\"canonical\" href=\"https:\/\/cooltivarte.com\/portal\/primera-edicion-mvd-sound-city\/\" \/>\n<meta property=\"og:locale\" content=\"es_ES\" \/>\n<meta property=\"og:type\" content=\"article\" \/>\n<meta property=\"og:title\" content=\"Primera edici\u00f3n del festival MVD Sound City - Cooltivarte Portal\" \/>\n<meta property=\"og:description\" content=\"COOLTIVARTE.COM es un portal digital colaborativo de actualizaci\u00f3n permanente dedicado a difundir el acontecer art\u00edstico y cultural, entrevista artistas, gestores y productores de las diferentes disciplinas del arte, y publicando art\u00edculos de reflexi\u00f3n de producci\u00f3n propia sobre los elementos culturales.\" \/>\n<meta property=\"og:url\" content=\"https:\/\/cooltivarte.com\/portal\/primera-edicion-mvd-sound-city\/\" \/>\n<meta property=\"og:site_name\" content=\"Cooltivarte Portal\" \/>\n<meta property=\"article:publisher\" content=\"https:\/\/www.facebook.com\/cooltivartecom\/\" \/>\n<meta property=\"article:published_time\" content=\"2016-07-22T21:38:51+00:00\" \/>\n<meta property=\"article:modified_time\" content=\"2019-05-06T04:44:46+00:00\" \/>\n<meta property=\"og:image\" content=\"https:\/\/cooltivarte.com\/portal\/wp-content\/uploads\/2016\/07\/MVD-Sound-City-17-de-Julio-2016-Auditorio-Nacional-del-Sodre-Fotos-Paola-Scagliotti.jpg\" \/>\n\t<meta property=\"og:image:width\" content=\"960\" \/>\n\t<meta property=\"og:image:height\" content=\"636\" \/>\n\t<meta property=\"og:image:type\" content=\"image\/jpeg\" \/>\n<meta name=\"author\" content=\"Federico Requena Mux\u00ed\" \/>\n<meta name=\"twitter:card\" content=\"summary_large_image\" \/>\n<meta name=\"twitter:creator\" content=\"@obolocultural\" \/>\n<meta name=\"twitter:site\" content=\"@obolocultural\" \/>\n<meta name=\"twitter:label1\" content=\"Escrito por\" \/>\n\t<meta name=\"twitter:data1\" content=\"Federico Requena Mux\u00ed\" \/>\n\t<meta name=\"twitter:label2\" content=\"Tiempo de lectura\" \/>\n\t<meta name=\"twitter:data2\" content=\"3 minutos\" \/>\n<!-- \/ Yoast SEO plugin. -->","yoast_head_json":{"title":"Primera edici\u00f3n del festival MVD Sound City - Cooltivarte Portal","description":"COOLTIVARTE.COM es un portal digital colaborativo de actualizaci\u00f3n permanente dedicado a difundir el acontecer art\u00edstico y cultural, entrevista artistas, gestores y productores de las diferentes disciplinas del arte, y publicando art\u00edculos de reflexi\u00f3n de producci\u00f3n propia sobre los elementos culturales.","robots":{"index":"index","follow":"follow","max-snippet":"max-snippet:-1","max-image-preview":"max-image-preview:large","max-video-preview":"max-video-preview:-1"},"canonical":"https:\/\/cooltivarte.com\/portal\/primera-edicion-mvd-sound-city\/","og_locale":"es_ES","og_type":"article","og_title":"Primera edici\u00f3n del festival MVD Sound City - Cooltivarte Portal","og_description":"COOLTIVARTE.COM es un portal digital colaborativo de actualizaci\u00f3n permanente dedicado a difundir el acontecer art\u00edstico y cultural, entrevista artistas, gestores y productores de las diferentes disciplinas del arte, y publicando art\u00edculos de reflexi\u00f3n de producci\u00f3n propia sobre los elementos culturales.","og_url":"https:\/\/cooltivarte.com\/portal\/primera-edicion-mvd-sound-city\/","og_site_name":"Cooltivarte Portal","article_publisher":"https:\/\/www.facebook.com\/cooltivartecom\/","article_published_time":"2016-07-22T21:38:51+00:00","article_modified_time":"2019-05-06T04:44:46+00:00","og_image":[{"width":960,"height":636,"url":"https:\/\/cooltivarte.com\/portal\/wp-content\/uploads\/2016\/07\/MVD-Sound-City-17-de-Julio-2016-Auditorio-Nacional-del-Sodre-Fotos-Paola-Scagliotti.jpg","type":"image\/jpeg"}],"author":"Federico Requena Mux\u00ed","twitter_card":"summary_large_image","twitter_creator":"@obolocultural","twitter_site":"@obolocultural","twitter_misc":{"Escrito por":"Federico Requena Mux\u00ed","Tiempo de lectura":"3 minutos"},"schema":{"@context":"https:\/\/schema.org","@graph":[{"@type":"NewsArticle","@id":"https:\/\/cooltivarte.com\/portal\/primera-edicion-mvd-sound-city\/#article","isPartOf":{"@id":"https:\/\/cooltivarte.com\/portal\/primera-edicion-mvd-sound-city\/"},"author":{"name":"Federico Requena Mux\u00ed","@id":"https:\/\/cooltivarte.com\/portal\/#\/schema\/person\/bb908a1f5d1ef3fc8654d3efbbf5104b"},"headline":"Primera edici\u00f3n del festival MVD Sound City","datePublished":"2016-07-22T21:38:51+00:00","dateModified":"2019-05-06T04:44:46+00:00","mainEntityOfPage":{"@id":"https:\/\/cooltivarte.com\/portal\/primera-edicion-mvd-sound-city\/"},"wordCount":560,"publisher":{"@id":"https:\/\/cooltivarte.com\/portal\/#organization"},"image":{"@id":"https:\/\/cooltivarte.com\/portal\/primera-edicion-mvd-sound-city\/#primaryimage"},"thumbnailUrl":"https:\/\/cooltivarte.com\/portal\/wp-content\/uploads\/2016\/07\/MVD-Sound-City-17-de-Julio-2016-Auditorio-Nacional-del-Sodre-Fotos-Paola-Scagliotti.jpg","keywords":["Alfonsina","Andr\u00e9s Torr\u00f3n","Auditorio Nacional Del Sodre Adela Reta","E.T Y Los Problems","Federico Lima","Ferm\u00edn Solana","Franny Glass","Gabriel Peluffo","Hablan Por la Espalda","leo lagos","Los Prolijos","M\u00fasica Nacional","MVD Sound City","onda vaga","Sebasti\u00e1n Casaf\u00faa","SE\u00d1OR FARA\u00d3N"],"articleSection":["Coberturas"],"inLanguage":"es-AR"},{"@type":"WebPage","@id":"https:\/\/cooltivarte.com\/portal\/primera-edicion-mvd-sound-city\/","url":"https:\/\/cooltivarte.com\/portal\/primera-edicion-mvd-sound-city\/","name":"Primera edici\u00f3n del festival MVD Sound City - Cooltivarte Portal","isPartOf":{"@id":"https:\/\/cooltivarte.com\/portal\/#website"},"primaryImageOfPage":{"@id":"https:\/\/cooltivarte.com\/portal\/primera-edicion-mvd-sound-city\/#primaryimage"},"image":{"@id":"https:\/\/cooltivarte.com\/portal\/primera-edicion-mvd-sound-city\/#primaryimage"},"thumbnailUrl":"https:\/\/cooltivarte.com\/portal\/wp-content\/uploads\/2016\/07\/MVD-Sound-City-17-de-Julio-2016-Auditorio-Nacional-del-Sodre-Fotos-Paola-Scagliotti.jpg","datePublished":"2016-07-22T21:38:51+00:00","dateModified":"2019-05-06T04:44:46+00:00","description":"COOLTIVARTE.COM es un portal digital colaborativo de actualizaci\u00f3n permanente dedicado a difundir el acontecer art\u00edstico y cultural, entrevista artistas, gestores y productores de las diferentes disciplinas del arte, y publicando art\u00edculos de reflexi\u00f3n de producci\u00f3n propia sobre los elementos culturales.","breadcrumb":{"@id":"https:\/\/cooltivarte.com\/portal\/primera-edicion-mvd-sound-city\/#breadcrumb"},"inLanguage":"es-AR","potentialAction":[{"@type":"ReadAction","target":["https:\/\/cooltivarte.com\/portal\/primera-edicion-mvd-sound-city\/"]}]},{"@type":"ImageObject","inLanguage":"es-AR","@id":"https:\/\/cooltivarte.com\/portal\/primera-edicion-mvd-sound-city\/#primaryimage","url":"https:\/\/cooltivarte.com\/portal\/wp-content\/uploads\/2016\/07\/MVD-Sound-City-17-de-Julio-2016-Auditorio-Nacional-del-Sodre-Fotos-Paola-Scagliotti.jpg","contentUrl":"https:\/\/cooltivarte.com\/portal\/wp-content\/uploads\/2016\/07\/MVD-Sound-City-17-de-Julio-2016-Auditorio-Nacional-del-Sodre-Fotos-Paola-Scagliotti.jpg","width":960,"height":636,"caption":"MVD Sound City - Auditorio Nacional del Sodre - Foto \u00a9 Paola Scagliotti"},{"@type":"BreadcrumbList","@id":"https:\/\/cooltivarte.com\/portal\/primera-edicion-mvd-sound-city\/#breadcrumb","itemListElement":[{"@type":"ListItem","position":1,"name":"Portada","item":"https:\/\/cooltivarte.com\/portal\/"},{"@type":"ListItem","position":2,"name":"Primera edici\u00f3n del festival MVD Sound City"}]},{"@type":"WebSite","@id":"https:\/\/cooltivarte.com\/portal\/#website","url":"https:\/\/cooltivarte.com\/portal\/","name":"Cooltivarte Portal","description":"Arte, cultura y turismo para el mundo ...","publisher":{"@id":"https:\/\/cooltivarte.com\/portal\/#organization"},"potentialAction":[{"@type":"SearchAction","target":{"@type":"EntryPoint","urlTemplate":"https:\/\/cooltivarte.com\/portal\/?s={search_term_string}"},"query-input":{"@type":"PropertyValueSpecification","valueRequired":true,"valueName":"search_term_string"}}],"inLanguage":"es-AR"},{"@type":"Organization","@id":"https:\/\/cooltivarte.com\/portal\/#organization","name":"cooltivarte","url":"https:\/\/cooltivarte.com\/portal\/","logo":{"@type":"ImageObject","inLanguage":"es-AR","@id":"https:\/\/cooltivarte.com\/portal\/#\/schema\/logo\/image\/","url":"https:\/\/cooltivarte.com\/portal\/wp-content\/uploads\/2020\/04\/logo-cooltivarte-v2.png","contentUrl":"https:\/\/cooltivarte.com\/portal\/wp-content\/uploads\/2020\/04\/logo-cooltivarte-v2.png","width":851,"height":243,"caption":"cooltivarte"},"image":{"@id":"https:\/\/cooltivarte.com\/portal\/#\/schema\/logo\/image\/"},"sameAs":["https:\/\/www.facebook.com\/cooltivartecom\/","https:\/\/x.com\/obolocultural","https:\/\/www.instagram.com\/_cooltivarte_\/","https:\/\/www.linkedin.com\/company\/-bolocultural?reportsuccess=8zaNG1HwhPbAR9iQhZ5rfGeqz_vQFftHun0ZWU0Wy9vNemRJ8vtcKdJvzQfW8XagyOJSKg0XvfJ1dp","https:\/\/www.pinterest.com\/cooltivarte\/","https:\/\/cooltivarte.tumblr.com\/","https:\/\/www.tiktok.com\/@cooltivarte","https:\/\/www.youtube.com\/@PrensaCooltivarte"]},{"@type":"Person","@id":"https:\/\/cooltivarte.com\/portal\/#\/schema\/person\/bb908a1f5d1ef3fc8654d3efbbf5104b","name":"Federico Requena Mux\u00ed","image":{"@type":"ImageObject","inLanguage":"es-AR","@id":"https:\/\/cooltivarte.com\/portal\/wp-content\/uploads\/2025\/06\/20221211_233826-1-120x120.jpg","url":"https:\/\/cooltivarte.com\/portal\/wp-content\/uploads\/2025\/06\/20221211_233826-1-120x120.jpg","contentUrl":"https:\/\/cooltivarte.com\/portal\/wp-content\/uploads\/2025\/06\/20221211_233826-1-120x120.jpg","caption":"Federico Requena Mux\u00ed"},"description":"Lic. en comunicaci\u00f3n y redactor de contenidos independiente desde 2007, ha escrito para diferentes medios de comunicaci\u00f3n escrita y online como Pimba!, Revista Elemento, espectador.com, Cassette Blog, LaRed21 y Revista Moog.","sameAs":["http:\/\/linktr.ee\/federicorequena","https:\/\/www.instagram.com\/fede_requena_","https:\/\/www.linkedin.com\/in\/federicorequena\/"],"url":"https:\/\/cooltivarte.com\/portal\/author\/federico-requena\/"}]}},"_links":{"self":[{"href":"https:\/\/cooltivarte.com\/portal\/wp-json\/wp\/v2\/posts\/23151","targetHints":{"allow":["GET"]}}],"collection":[{"href":"https:\/\/cooltivarte.com\/portal\/wp-json\/wp\/v2\/posts"}],"about":[{"href":"https:\/\/cooltivarte.com\/portal\/wp-json\/wp\/v2\/types\/post"}],"author":[{"embeddable":true,"href":"https:\/\/cooltivarte.com\/portal\/wp-json\/wp\/v2\/users\/81"}],"replies":[{"embeddable":true,"href":"https:\/\/cooltivarte.com\/portal\/wp-json\/wp\/v2\/comments?post=23151"}],"version-history":[{"count":27,"href":"https:\/\/cooltivarte.com\/portal\/wp-json\/wp\/v2\/posts\/23151\/revisions"}],"predecessor-version":[{"id":48213,"href":"https:\/\/cooltivarte.com\/portal\/wp-json\/wp\/v2\/posts\/23151\/revisions\/48213"}],"wp:featuredmedia":[{"embeddable":true,"href":"https:\/\/cooltivarte.com\/portal\/wp-json\/wp\/v2\/media\/23187"}],"wp:attachment":[{"href":"https:\/\/cooltivarte.com\/portal\/wp-json\/wp\/v2\/media?parent=23151"}],"wp:term":[{"taxonomy":"category","embeddable":true,"href":"https:\/\/cooltivarte.com\/portal\/wp-json\/wp\/v2\/categories?post=23151"},{"taxonomy":"post_tag","embeddable":true,"href":"https:\/\/cooltivarte.com\/portal\/wp-json\/wp\/v2\/tags?post=23151"}],"curies":[{"name":"wp","href":"https:\/\/api.w.org\/{rel}","templated":true}]}}