{"id":23080,"date":"2016-07-19T23:35:06","date_gmt":"2016-07-19T23:35:06","guid":{"rendered":"http:\/\/cooltivarte.com\/portal\/?p=23080"},"modified":"2019-08-01T18:04:32","modified_gmt":"2019-08-01T21:04:32","slug":"sonora-ciclo-internacional-de-compositoras","status":"publish","type":"post","link":"https:\/\/cooltivarte.com\/portal\/sonora-ciclo-internacional-de-compositoras\/","title":{"rendered":"SONORA &#8211; Ciclo Internacional de Compositoras"},"content":{"rendered":"<h2 style=\"text-align: justify;\">SONORA<br \/>\nCiclo Internacional de Compositoras<br \/>\nBRASIL &#8211; PORTUGAL &#8211; IRLANDA &#8211; ARGENTINA &#8211; ESPA\u00d1A<\/h2>\n<p style=\"text-align: justify;\">El proyecto &#8220;Sonora &#8211; Ciclo Internacional de Compositoras&#8221; tiene como objetivo visibilizar, promover y legitimar la presencia de la mujer compositora en el panorama musical contempor\u00e1neo. Son muchas las compositoras que cantan, tocan y arreglan sus propias canciones que todav\u00eda no tienen un reconocimiento consecuente en el medio art\u00edstico, quedando clara la falta de representatividad.<\/p>\n<p style=\"text-align: justify;\">La idea del proyecto surgi\u00f3 de la hashtag #mulherescriando (mujeres creando), una movida donde mujeres compartieron videos en la internet con performances de sus proprias composiciones. Esta fue una iniciativa de la m\u00fasica Deh Mussulini para romper con el imaginario de que existen pocas mujeres componiendo y creando. Con la gran repercusi\u00f3n del movimiento, la compositora Larissa Baq tuviera la idea de hacer un festival de compositoras que hoy llamamos \u201cSonora &#8211; Ciclo Internacional de Compositoras\u201d.<\/p>\n<p style=\"text-align: justify;\">Ser\u00e1n muchos d\u00edas efervescentes de shows: un verdadero espect\u00e1culo de la creaci\u00f3n femenina que suceder\u00e1 en muchas ciudades Brasile\u00f1as y tambi\u00e9n en otros pa\u00edses (Portugal &#8211; Lisboa, Ilha de S\u00e3o Miguel \/ Irlanda &#8211; Dubl\u00edn \/ Argentina &#8211; Buenos Aires \/ Espa\u00f1a &#8211; Barcelona) en Julio de 2016.<\/p>\n<p style=\"text-align: justify;\">La desigualdad en la presencia de las mujeres en la m\u00fasica sustenta mitos de la discapacidad de las mujeres como instrumentistas, directoras, arreglistas y compositoras y termina por desalentar a otras mujeres a definir la m\u00fasica como un trabajo u oficio posible.<\/p>\n<p style=\"text-align: justify;\">El proyecto busca romper con estos c\u00edrculos viciosos de las mujeres siempre reconocidas como int\u00e9rpretes, as\u00ed estimular el fortalecimiento a nivel individual de cada compositora a trav\u00e9s de la comunidad en un proceso mutuo de la creaci\u00f3n y la difusi\u00f3n de su trabajo a trav\u00e9s de espect\u00e1culos. El ciclo se encarga de reunir compositoras con diversos intereses, personalidades y g\u00e9neros musicales.<\/p>\n<p style=\"text-align: justify;\">Promover y difundir la producci\u00f3n musical de calidad hecha por mujeres a trav\u00e9s de &#8220;Sonora &#8211; Ciclo Internacional de Compositoras&#8221; con aproximadamente 120 espect\u00e1culos en Brasil, Argentina, Portugal, Irlanda y Espa\u00f1a.<\/p>\n<h3 style=\"text-align: justify;\"><strong>Lugar: Contraluz Art Hostel. Juan D. Jackson 865<\/strong><br \/>\n<strong>Fechas: Jueves 21, viernes 22 y s\u00e1bado 23 de julio.<\/strong><br \/>\n<strong>Hora de inicio: 21 hrs.<\/strong><br \/>\n<strong>hora de finalizaci\u00f3n: 23.30 &#8211; 00.00 hrs.<\/strong><\/h3>\n<p>&nbsp;<\/p>\n<h4 style=\"text-align: justify;\"><strong>Jueves 21\/07<\/strong><br \/>\n<strong><a href=\"https:\/\/cooltivarte.com\/portal\/?s=Paula+de+alba\">Paula de alba<\/a><\/strong><br \/>\n<strong> Gabriela Duy\u00f3s<\/strong><br \/>\n<strong> <a href=\"https:\/\/cooltivarte.com\/portal\/?s=Florencia+Nu%C3%B1ez\">Florencia Nu\u00f1ez<\/a><\/strong><\/h4>\n<h4 style=\"text-align: justify;\"><strong>viernes 22\/07<\/strong><br \/>\n<strong>Luana Mendez<\/strong><br \/>\n<strong> <a href=\"https:\/\/cooltivarte.com\/portal\/?s=Mar%C3%ADa+Nohel\">Mar\u00eda Nohel<\/a><\/strong><br \/>\n<strong> <a href=\"https:\/\/cooltivarte.com\/portal\/?s=Carmen+P%C3%AD\">Carmen Pi<\/a><\/strong><\/h4>\n<h4 style=\"text-align: justify;\"><strong>S\u00e1bado 23\/07<\/strong><br \/>\n<strong>Ruda 1312<\/strong><br \/>\n<strong> MC VIKI (S.A.K \/U.R.U.)<\/strong><br \/>\n<strong> Sofi Casanova y Sofi Cor<\/strong><\/h4>\n<p style=\"text-align: justify;\"><a href=\"https:\/\/www.facebook.com\/sonora.compositoras\/\" target=\"_blank\" rel=\"noopener\">facebook.com\/sonora.compositoras\/<\/a><br \/>\n<a href=\"https:\/\/www.facebook.com\/Sonora-Hispana-1726917484213808\/\" target=\"_blank\" rel=\"noopener\">facebook.com\/Sonora-Hispana<\/a><\/p>\n<p style=\"text-align: justify;\"><a href=\"https:\/\/www.facebook.com\/events\/920934571367807\/\" target=\"_blank\" rel=\"noopener\">Evento Montevideo<\/a><\/p>\n<p>&nbsp;<\/p>\n<p><script async=\"\" src=\"\/\/pagead2.googlesyndication.com\/pagead\/js\/adsbygoogle.js\"><\/script><br \/>\n<script>\n  (adsbygoogle = window.adsbygoogle || []).push({\n    google_ad_client: \"ca-pub-1258162831753121\",\n    enable_page_level_ads: true\n  });\n<\/script><\/p>\n<p>&nbsp;<\/p>\n","protected":false},"excerpt":{"rendered":"<p>SONORA Ciclo Internacional de Compositoras BRASIL &#8211; PORTUGAL &#8211; IRLANDA &#8211; ARGENTINA &#8211; ESPA\u00d1A El proyecto &#8220;Sonora &#8211; Ciclo Internacional de Compositoras&#8221; tiene como objetivo visibilizar, promover y legitimar la presencia de la mujer compositora en el panorama musical contempor\u00e1neo. Son muchas las compositoras que cantan, tocan y arreglan sus propias canciones que todav\u00eda no [&hellip;]<\/p>\n","protected":false},"author":8,"featured_media":23081,"comment_status":"closed","ping_status":"closed","sticky":false,"template":"","format":"standard","meta":{"om_disable_all_campaigns":false,"ngg_post_thumbnail":0,"jnews-multi-image_gallery":[],"jnews_single_post":[],"jnews_primary_category":[],"jnews_social_meta":[],"jnews_override_counter":[],"footnotes":""},"categories":[3394],"tags":[],"class_list":["post-23080","post","type-post","status-publish","format-standard","has-post-thumbnail","hentry","category-eventos"],"yoast_head":"<!-- This site is optimized with the Yoast SEO plugin v27.4 - https:\/\/yoast.com\/product\/yoast-seo-wordpress\/ -->\n<title>SONORA - Ciclo Internacional de Compositoras - Cooltivarte Portal<\/title>\n<meta name=\"description\" content=\"COOLTIVARTE.COM es un portal digital colaborativo de actualizaci\u00f3n permanente dedicado a difundir el acontecer art\u00edstico y cultural, entrevista artistas, gestores y productores de las diferentes disciplinas del arte, y publicando art\u00edculos de reflexi\u00f3n de producci\u00f3n propia sobre los elementos culturales.\" \/>\n<meta name=\"robots\" content=\"index, follow, max-snippet:-1, max-image-preview:large, max-video-preview:-1\" \/>\n<link rel=\"canonical\" href=\"https:\/\/cooltivarte.com\/portal\/sonora-ciclo-internacional-de-compositoras\/\" \/>\n<meta property=\"og:locale\" content=\"es_ES\" \/>\n<meta property=\"og:type\" content=\"article\" \/>\n<meta property=\"og:title\" content=\"SONORA - Ciclo Internacional de Compositoras - Cooltivarte Portal\" \/>\n<meta property=\"og:description\" content=\"COOLTIVARTE.COM es un portal digital colaborativo de actualizaci\u00f3n permanente dedicado a difundir el acontecer art\u00edstico y cultural, entrevista artistas, gestores y productores de las diferentes disciplinas del arte, y publicando art\u00edculos de reflexi\u00f3n de producci\u00f3n propia sobre los elementos culturales.\" \/>\n<meta property=\"og:url\" content=\"https:\/\/cooltivarte.com\/portal\/sonora-ciclo-internacional-de-compositoras\/\" \/>\n<meta property=\"og:site_name\" content=\"Cooltivarte Portal\" \/>\n<meta property=\"article:publisher\" content=\"https:\/\/www.facebook.com\/cooltivartecom\/\" \/>\n<meta property=\"article:author\" content=\"https:\/\/www.facebook.com\/cooltivartecom\" \/>\n<meta property=\"article:published_time\" content=\"2016-07-19T23:35:06+00:00\" \/>\n<meta property=\"article:modified_time\" content=\"2019-08-01T21:04:32+00:00\" \/>\n<meta property=\"og:image\" content=\"https:\/\/cooltivarte.com\/portal\/wp-content\/uploads\/2016\/07\/SONORA-.jpg\" \/>\n\t<meta property=\"og:image:width\" content=\"1000\" \/>\n\t<meta property=\"og:image:height\" content=\"370\" \/>\n\t<meta property=\"og:image:type\" content=\"image\/jpeg\" \/>\n<meta name=\"author\" content=\"Cooltivarte\" \/>\n<meta name=\"twitter:card\" content=\"summary_large_image\" \/>\n<meta name=\"twitter:creator\" content=\"@https:\/\/x.com\/obolocultural\" \/>\n<meta name=\"twitter:site\" content=\"@obolocultural\" \/>\n<meta name=\"twitter:label1\" content=\"Escrito por\" \/>\n\t<meta name=\"twitter:data1\" content=\"Cooltivarte\" \/>\n\t<meta name=\"twitter:label2\" content=\"Tiempo de lectura\" \/>\n\t<meta name=\"twitter:data2\" content=\"2 minutos\" \/>\n<!-- \/ Yoast SEO plugin. -->","yoast_head_json":{"title":"SONORA - Ciclo Internacional de Compositoras - Cooltivarte Portal","description":"COOLTIVARTE.COM es un portal digital colaborativo de actualizaci\u00f3n permanente dedicado a difundir el acontecer art\u00edstico y cultural, entrevista artistas, gestores y productores de las diferentes disciplinas del arte, y publicando art\u00edculos de reflexi\u00f3n de producci\u00f3n propia sobre los elementos culturales.","robots":{"index":"index","follow":"follow","max-snippet":"max-snippet:-1","max-image-preview":"max-image-preview:large","max-video-preview":"max-video-preview:-1"},"canonical":"https:\/\/cooltivarte.com\/portal\/sonora-ciclo-internacional-de-compositoras\/","og_locale":"es_ES","og_type":"article","og_title":"SONORA - Ciclo Internacional de Compositoras - Cooltivarte Portal","og_description":"COOLTIVARTE.COM es un portal digital colaborativo de actualizaci\u00f3n permanente dedicado a difundir el acontecer art\u00edstico y cultural, entrevista artistas, gestores y productores de las diferentes disciplinas del arte, y publicando art\u00edculos de reflexi\u00f3n de producci\u00f3n propia sobre los elementos culturales.","og_url":"https:\/\/cooltivarte.com\/portal\/sonora-ciclo-internacional-de-compositoras\/","og_site_name":"Cooltivarte Portal","article_publisher":"https:\/\/www.facebook.com\/cooltivartecom\/","article_author":"https:\/\/www.facebook.com\/cooltivartecom","article_published_time":"2016-07-19T23:35:06+00:00","article_modified_time":"2019-08-01T21:04:32+00:00","og_image":[{"width":1000,"height":370,"url":"https:\/\/cooltivarte.com\/portal\/wp-content\/uploads\/2016\/07\/SONORA-.jpg","type":"image\/jpeg"}],"author":"Cooltivarte","twitter_card":"summary_large_image","twitter_creator":"@https:\/\/x.com\/obolocultural","twitter_site":"@obolocultural","twitter_misc":{"Escrito por":"Cooltivarte","Tiempo de lectura":"2 minutos"},"schema":{"@context":"https:\/\/schema.org","@graph":[{"@type":"NewsArticle","@id":"https:\/\/cooltivarte.com\/portal\/sonora-ciclo-internacional-de-compositoras\/#article","isPartOf":{"@id":"https:\/\/cooltivarte.com\/portal\/sonora-ciclo-internacional-de-compositoras\/"},"author":{"name":"Cooltivarte","@id":"https:\/\/cooltivarte.com\/portal\/#\/schema\/person\/ec2a4f4e71b740d0c559c0ab9a157e19"},"headline":"SONORA &#8211; Ciclo Internacional de Compositoras","datePublished":"2016-07-19T23:35:06+00:00","dateModified":"2019-08-01T21:04:32+00:00","mainEntityOfPage":{"@id":"https:\/\/cooltivarte.com\/portal\/sonora-ciclo-internacional-de-compositoras\/"},"wordCount":429,"publisher":{"@id":"https:\/\/cooltivarte.com\/portal\/#organization"},"image":{"@id":"https:\/\/cooltivarte.com\/portal\/sonora-ciclo-internacional-de-compositoras\/#primaryimage"},"thumbnailUrl":"https:\/\/cooltivarte.com\/portal\/wp-content\/uploads\/2016\/07\/SONORA-.jpg","articleSection":["Eventos"],"inLanguage":"es-AR"},{"@type":"WebPage","@id":"https:\/\/cooltivarte.com\/portal\/sonora-ciclo-internacional-de-compositoras\/","url":"https:\/\/cooltivarte.com\/portal\/sonora-ciclo-internacional-de-compositoras\/","name":"SONORA - Ciclo Internacional de Compositoras - Cooltivarte Portal","isPartOf":{"@id":"https:\/\/cooltivarte.com\/portal\/#website"},"primaryImageOfPage":{"@id":"https:\/\/cooltivarte.com\/portal\/sonora-ciclo-internacional-de-compositoras\/#primaryimage"},"image":{"@id":"https:\/\/cooltivarte.com\/portal\/sonora-ciclo-internacional-de-compositoras\/#primaryimage"},"thumbnailUrl":"https:\/\/cooltivarte.com\/portal\/wp-content\/uploads\/2016\/07\/SONORA-.jpg","datePublished":"2016-07-19T23:35:06+00:00","dateModified":"2019-08-01T21:04:32+00:00","description":"COOLTIVARTE.COM es un portal digital colaborativo de actualizaci\u00f3n permanente dedicado a difundir el acontecer art\u00edstico y cultural, entrevista artistas, gestores y productores de las diferentes disciplinas del arte, y publicando art\u00edculos de reflexi\u00f3n de producci\u00f3n propia sobre los elementos culturales.","breadcrumb":{"@id":"https:\/\/cooltivarte.com\/portal\/sonora-ciclo-internacional-de-compositoras\/#breadcrumb"},"inLanguage":"es-AR","potentialAction":[{"@type":"ReadAction","target":["https:\/\/cooltivarte.com\/portal\/sonora-ciclo-internacional-de-compositoras\/"]}]},{"@type":"ImageObject","inLanguage":"es-AR","@id":"https:\/\/cooltivarte.com\/portal\/sonora-ciclo-internacional-de-compositoras\/#primaryimage","url":"https:\/\/cooltivarte.com\/portal\/wp-content\/uploads\/2016\/07\/SONORA-.jpg","contentUrl":"https:\/\/cooltivarte.com\/portal\/wp-content\/uploads\/2016\/07\/SONORA-.jpg","width":1000,"height":370,"caption":"SONORA - Ciclo Internacional de Compositoras"},{"@type":"BreadcrumbList","@id":"https:\/\/cooltivarte.com\/portal\/sonora-ciclo-internacional-de-compositoras\/#breadcrumb","itemListElement":[{"@type":"ListItem","position":1,"name":"Portada","item":"https:\/\/cooltivarte.com\/portal\/"},{"@type":"ListItem","position":2,"name":"SONORA &#8211; Ciclo Internacional de Compositoras"}]},{"@type":"WebSite","@id":"https:\/\/cooltivarte.com\/portal\/#website","url":"https:\/\/cooltivarte.com\/portal\/","name":"Cooltivarte Portal","description":"Arte, cultura y turismo para el mundo ...","publisher":{"@id":"https:\/\/cooltivarte.com\/portal\/#organization"},"potentialAction":[{"@type":"SearchAction","target":{"@type":"EntryPoint","urlTemplate":"https:\/\/cooltivarte.com\/portal\/?s={search_term_string}"},"query-input":{"@type":"PropertyValueSpecification","valueRequired":true,"valueName":"search_term_string"}}],"inLanguage":"es-AR"},{"@type":"Organization","@id":"https:\/\/cooltivarte.com\/portal\/#organization","name":"cooltivarte","url":"https:\/\/cooltivarte.com\/portal\/","logo":{"@type":"ImageObject","inLanguage":"es-AR","@id":"https:\/\/cooltivarte.com\/portal\/#\/schema\/logo\/image\/","url":"https:\/\/cooltivarte.com\/portal\/wp-content\/uploads\/2020\/04\/logo-cooltivarte-v2.png","contentUrl":"https:\/\/cooltivarte.com\/portal\/wp-content\/uploads\/2020\/04\/logo-cooltivarte-v2.png","width":851,"height":243,"caption":"cooltivarte"},"image":{"@id":"https:\/\/cooltivarte.com\/portal\/#\/schema\/logo\/image\/"},"sameAs":["https:\/\/www.facebook.com\/cooltivartecom\/","https:\/\/x.com\/obolocultural","https:\/\/www.instagram.com\/_cooltivarte_\/","https:\/\/www.linkedin.com\/company\/-bolocultural?reportsuccess=8zaNG1HwhPbAR9iQhZ5rfGeqz_vQFftHun0ZWU0Wy9vNemRJ8vtcKdJvzQfW8XagyOJSKg0XvfJ1dp","https:\/\/www.pinterest.com\/cooltivarte\/","https:\/\/cooltivarte.tumblr.com\/","https:\/\/www.tiktok.com\/@cooltivarte","https:\/\/www.youtube.com\/@PrensaCooltivarte"]},{"@type":"Person","@id":"https:\/\/cooltivarte.com\/portal\/#\/schema\/person\/ec2a4f4e71b740d0c559c0ab9a157e19","name":"Cooltivarte","image":{"@type":"ImageObject","inLanguage":"es-AR","@id":"https:\/\/cooltivarte.com\/portal\/wp-content\/uploads\/2014\/05\/logo-cooltivarte-120x120.jpg","url":"https:\/\/cooltivarte.com\/portal\/wp-content\/uploads\/2014\/05\/logo-cooltivarte-120x120.jpg","contentUrl":"https:\/\/cooltivarte.com\/portal\/wp-content\/uploads\/2014\/05\/logo-cooltivarte-120x120.jpg","caption":"Cooltivarte"},"description":"Somos COOLTIVARTE.COM. Un portal digital dedicado a difundir el acontecer art\u00edstico y cultural del Uruguay. Estamos en la vuelta desde el a\u00f1o 2003, y como evoluci\u00f3n del bolet\u00edn Obolo Cultural, nos encontramos abocados a apoyar a los artistas nacionales brind\u00e1ndoles un espacio de difusi\u00f3n. Creemos en la idea de utilizar la potencialidad que hoy d\u00eda nos otorga la web, para que la cultura uruguaya y sus creadores dispongan de una din\u00e1mica ventana, que los ponga en contacto entre s\u00ed y con el mundo. Somos COOLTIVARTE.COM y pretendemos configurarnos como un portal din\u00e1mico, entretenido y atento a los nuevos emprendimientos, que busque siempre la interacci\u00f3n con los artistas.","sameAs":["http:\/\/www.cooltivarte.com","https:\/\/www.facebook.com\/cooltivartecom","https:\/\/www.instagram.com\/_cooltivarte_\/","https:\/\/www.linkedin.com\/company\/-bolocultural","https:\/\/www.pinterest.com\/cooltivarte\/","https:\/\/x.com\/https:\/\/x.com\/obolocultural","https:\/\/www.youtube.com\/@PrensaCooltivarte","https:\/\/www.tumblr.com\/blog\/cooltivarte"],"url":"https:\/\/cooltivarte.com\/portal\/author\/cooltivarte\/"}]}},"_links":{"self":[{"href":"https:\/\/cooltivarte.com\/portal\/wp-json\/wp\/v2\/posts\/23080","targetHints":{"allow":["GET"]}}],"collection":[{"href":"https:\/\/cooltivarte.com\/portal\/wp-json\/wp\/v2\/posts"}],"about":[{"href":"https:\/\/cooltivarte.com\/portal\/wp-json\/wp\/v2\/types\/post"}],"author":[{"embeddable":true,"href":"https:\/\/cooltivarte.com\/portal\/wp-json\/wp\/v2\/users\/8"}],"replies":[{"embeddable":true,"href":"https:\/\/cooltivarte.com\/portal\/wp-json\/wp\/v2\/comments?post=23080"}],"version-history":[{"count":8,"href":"https:\/\/cooltivarte.com\/portal\/wp-json\/wp\/v2\/posts\/23080\/revisions"}],"predecessor-version":[{"id":51663,"href":"https:\/\/cooltivarte.com\/portal\/wp-json\/wp\/v2\/posts\/23080\/revisions\/51663"}],"wp:featuredmedia":[{"embeddable":true,"href":"https:\/\/cooltivarte.com\/portal\/wp-json\/wp\/v2\/media\/23081"}],"wp:attachment":[{"href":"https:\/\/cooltivarte.com\/portal\/wp-json\/wp\/v2\/media?parent=23080"}],"wp:term":[{"taxonomy":"category","embeddable":true,"href":"https:\/\/cooltivarte.com\/portal\/wp-json\/wp\/v2\/categories?post=23080"},{"taxonomy":"post_tag","embeddable":true,"href":"https:\/\/cooltivarte.com\/portal\/wp-json\/wp\/v2\/tags?post=23080"}],"curies":[{"name":"wp","href":"https:\/\/api.w.org\/{rel}","templated":true}]}}