{"id":22756,"date":"2016-07-05T05:42:39","date_gmt":"2016-07-05T05:42:39","guid":{"rendered":"http:\/\/cooltivarte.com\/portal\/?p=22756"},"modified":"2016-08-11T02:12:41","modified_gmt":"2016-08-11T02:12:41","slug":"candombe-world-tematika","status":"publish","type":"post","link":"https:\/\/cooltivarte.com\/portal\/candombe-world-tematika\/","title":{"rendered":"Candombe World Tem\u00e1tika: Entrevista a Hugo Fattoruso con Quinteto Barrio Sur"},"content":{"rendered":"<p style=\"text-align: justify;\"><em>La esquina de Isla de Flores y Cuareim tiene un efecto transportador inmediato. Al llegar a ese lugar, donde el aire que se respira est\u00e1 en clave de candombe, las c\u00e9lulas se alborotan de uruguayez. En la puerta de la Asociaci\u00f3n C 1080 me preguntan con simpat\u00eda: &#8220;\u00bfVen\u00eds para la entrevista con Hugo Fattoruso?&#8221; y me animan a entrar sin ceremonia. Ingreso a ese templo candombero con el coraz\u00f3n en la mano. Alrededor de una mesa est\u00e1n los integrantes del Quinteto Barrio Sur hojeando recortes de diarios y cancioneros hist\u00f3ricos. Una r\u00e1pida mirada despierta todo tipo de sensaciones, mientras descubro tambores en cantidades a la izquierda, en frente vestuario carnavalero en un perchero y paredes tapizadas de fotos que evocan sonidos de mano en lonja, de madera, de palo y toda una construcci\u00f3n enorme, en varios sentidos, de v\u00ednculos humanos y sonoros.<\/em><\/p>\n<p style=\"text-align: justify;\"><em><strong><a href=\"https:\/\/cooltivarte.com\/portal\/?s=Albana+Barrocas\">Albana Barrocas<\/a><\/strong> me recibe con su sonrisa caracter\u00edstica y su calidez de siempre y me presenta a\u00a0Math\u00edas Silva, Guillermo D\u00edaz Silva y Wellington Silva. Saludo a <strong><a href=\"https:\/\/cooltivarte.com\/portal\/?s=Hugo+Fattoruso\">Hugo Fattoruso<\/a><\/strong>, con esa mezcla inevitable de admiraci\u00f3n y agradecimiento, y me dispongo a conocer m\u00e1s sobre la propuesta llamada &#8220;Quinteto Barrio Sur&#8221;. Afuera comienza a llover y yo lo interpreto como una se\u00f1al de arropamiento, de protecci\u00f3n de la naturaleza.<\/em><\/p>\n<p style=\"text-align: justify;\"><strong>\u00bfC\u00f3mo nace este Quinteto Barrio Sur?<\/strong><\/p>\n<p style=\"text-align: justify;\">Math\u00edas: Hugo y Albana nos componen las melod\u00edas para nuestro espect\u00e1culo de la comparsa C 1080, entonces Barrio Sur naci\u00f3 en ese intercambio, en esas l\u00edneas de tambores que les envi\u00e1bamos nosotros y las canciones m\u00e1gicas que nos devolv\u00edan ellos. As\u00ed empezamos a trabajar en conjunto. A finales del a\u00f1o pasado Hugo nos propuso formar este grupo y nosotros encantados.<\/p>\n<p style=\"text-align: justify;\"><strong>\u00bfLas canciones que van a tocar ahora est\u00e1n compuestas por los cinco?<\/strong><\/p>\n<p style=\"text-align: justify;\">Albana: Hay de todo.<\/p>\n<p style=\"text-align: justify;\">Hugo: Tambi\u00e9n tocamos temas de otros autores y de otros compositores que versionamos, en diferentes ritmos. Y s\u00ed, composiciones nuestras.<\/p>\n<p style=\"text-align: justify;\"><strong>\u00bfPor qu\u00e9 &#8220;Candombe World Tem\u00e1tika&#8221;?<\/strong><\/p>\n<p style=\"text-align: justify;\">Hugo: Bueno, es candombe world porque si bien hay candombes m\u00e1s para el lado tradicional, como hacemos una versi\u00f3n de alg\u00fan tema de Pedro Ferreira, y algunas composiciones con ese tipo de formato, hay temas que tienen otro andar. No es todo un candombe atr\u00e1s de otro. Hay otros ritmos. Obviamente la m\u00e1quina aqu\u00ed, la locomotora, son ellos tres y ella que es percusionista. Ese ritmo es lo que comanda el espect\u00e1culo nuestro. Despu\u00e9s hay temas que son instrumentales y hay temas que son con letras. Las letras cuentan una historia determinada, puede ser una historia de amor, una historia del barrio, una situaci\u00f3n como si fuera una pinturita, as\u00ed, las esquinas, los tambores, en fin&#8230; pero hay letras de amor tambi\u00e9n.<\/p>\n<p style=\"text-align: justify;\"><em>Hugo dice esto \u00faltimo, mira a Albana y se r\u00ede con una risa\u00a0de adolescente enamorado. Con picard\u00eda, le pregunto:<\/em><\/p>\n<p style=\"text-align: justify;\"><strong>\u00bfHechas por qui\u00e9n las letras de amor?<\/strong><\/p>\n<p style=\"text-align: justify;\">Hugo: Por la pasi\u00f3n humana. La pasi\u00f3n humana genera letras de amor, s\u00ed.<\/p>\n<p style=\"text-align: justify;\"><strong>\u00bfQu\u00e9 es lo nuevo que tienen ustedes para decir en el \u00e1mbito del candombe? \u00bfQu\u00e9 sienten que hacen distinto a los dem\u00e1s?<\/strong><\/p>\n<p style=\"text-align: justify;\">Hugo: Es una buena pregunta. Yo dir\u00eda que es la manifestaci\u00f3n del entusiasmo permanente. Porque no es ni antiguo ni nuevo. No hay nada nuevo pero a la misma vez, es fresco. Es lo que sale de estos cinco m\u00fasicos.<\/p>\n<p style=\"text-align: justify;\">Math\u00edas: Por el lado nuestro es mostrar todo lo que durante a\u00f1os venimos tocando nosotros tres y ahora tenemos esta oportunidad de mostrarnos en otra parte del mundo de la m\u00fasica. Siempre estuvimos en la parte de Carnaval pero ahora es entrar al otro \u00e1mbito y queremos mostrar todo lo que sabemos.<\/p>\n<p style=\"text-align: justify;\">Albana: Es la mezcla de los cinco, donde cada uno pone lo suyo, y esa mezcla se podr\u00eda decir que es lo nuevo.<\/p>\n<p style=\"text-align: justify;\">Math\u00edas: Nosotros venimos de una historia de grandes tocadores, nuestros t\u00edos, nuestros abuelos, y cada uno en su momento le puso su impronta al candombe. Tambi\u00e9n nuestras inquietudes nos hacen proponer cosas nuevas. Algunos est\u00e1n de acuerdo con esas cosas nuevas y otros no, pero bueno, queremos mostrarlo.<\/p>\n<p style=\"text-align: justify;\"><strong>\u00bfCu\u00e1ntos a\u00f1os tienen ustedes?<\/strong><\/p>\n<p style=\"text-align: justify;\">Nosotros estamos por los 27, 30 y 33.<\/p>\n<p style=\"text-align: justify;\"><strong>\u00bfY desde qu\u00e9 edad tocan?<\/strong><\/p>\n<p style=\"text-align: justify;\">Math\u00edas: La primera llamada a los cinco a\u00f1os. Y a partir de ah\u00ed vamos ininterrumpidos. Como quien dice, nacimos adentro de un tambor. Esta es nuestra vida, as\u00ed, rodeados de tambores. Nuestros hijos ahora tambi\u00e9n est\u00e1n en esto, nuestras hijas chicas ya subieron al teatro en las entregas de premios y ya est\u00e1n bailando.<\/p>\n<p style=\"text-align: justify;\"><strong>\u00bfQu\u00e9 es lo que sent\u00eds que est\u00e1s haciendo diferente con respecto a los tambores? <\/strong><\/p>\n<p style=\"text-align: justify;\">Math\u00edas: Quiz\u00e1s lo que nosotros buscamos es mostrar que el tamborilero puede dar un pasito m\u00e1s. Tenemos toda la historia pero podemos llevarlo un poquito m\u00e1s. Fusionarlo con otros ritmos. Quiz\u00e1s cuando hacemos una muestra de tambores buscar una puesta en escena, que el tamborilero tambi\u00e9n se preocupe por presentar un show. Con esta explosi\u00f3n que se le est\u00e1 dando al candombe ahora est\u00e1 bueno mostrar eso. Y a partir de ah\u00ed marcar un camino donde el tamborilero sea un poco m\u00e1s completo. Capaz que nos siguen, capaz que no.<\/p>\n<p style=\"text-align: justify;\"><strong>\u00bfY qu\u00e9 tambores toca cada uno?<\/strong><\/p>\n<p style=\"text-align: justify;\">Math\u00edas: Los tres tocamos los tres, pero cada uno se especializa en uno. A m\u00ed me gusta m\u00e1s el Piano. Yo creo que tambi\u00e9n va por el car\u00e1cter. A m\u00ed me gusta planificar todo, entonces creo que el Piano es el que va con eso. Guille es el m\u00e1s serio, el m\u00e1s derechito, entonces \u00e9l va con el Chico. Y despu\u00e9s est\u00e1 el talentoso, el irreverente, Wellington (risas)&#8230; creo que cada uno se refleja en el tambor que toca.<\/p>\n<p style=\"text-align: justify;\">Wellington: S\u00ed, b\u00e1sicamente yo creo que los tambores nos representan. Justo en la pregunta anterior de qu\u00e9 le podemos dar nosotros es justamente lo que somos nosotros. M\u00e1s organizador, m\u00e1s tranquilo, un poco m\u00e1s inquieto&#8230; es por ah\u00ed.<\/p>\n<p style=\"text-align: justify;\"><strong>\u00bfD\u00f3nde han tocado ya?<\/strong><\/p>\n<p style=\"text-align: justify;\">Albana: Hubo toques en Buenos Aires. Despu\u00e9s cuando hicimos los toques en las plazas de <a href=\"https:\/\/cooltivarte.com\/portal\/ha-duo-hugo-fattoruso-y-albana-barrocas-musica-en-la-ciudad\/\">HA D\u00fao<\/a>, la mitad del show era HA D\u00fao y la otra mitad era Barrio Sur. Ahora en mayo, que se hizo el homenaje a Osvaldo en R\u00edo Negro, tocamos tambi\u00e9n. Y ahora la idea es invitar a la gente a la Sala Camacu\u00e1 el 6 de agosto. Las entradas se van a vender por Tickantel.<\/p>\n<p style=\"text-align: justify;\">Hugo: Despu\u00e9s del 6 de agosto, que como dijo Albana vamos a tocar en la Sala Camacu\u00e1, Barrio Sur est\u00e1 invitado a tocar en un homenaje que est\u00e1n organizando a Beto Satragni, en el Politeama de Canelones. El homenaje va a ser durante varias noches, va a haber varios m\u00fasicos tocando y nosotros vamos a tocar el s\u00e1bado 27 de agosto.<\/p>\n<p style=\"text-align: justify;\">El 18 y 19 de agosto vamos a grabar nuestro primer disco para Montevideo Music Group y para el a\u00f1o que viene tambi\u00e9n hay proyectos, pero bueno, lo concreto en realidad es esto que te contamos, estos dos toques y la grabaci\u00f3n de nuestro primer disco como grupo. En eso estamos.<\/p>\n<p style=\"text-align: justify;\">Math\u00edas: Nosotros estamos muy agradecidos con Hugo y Albana por esta oportunidad. Nosotros ten\u00edamos muchas ganas de participar con nuestros tambores en un proyecto musical de este tipo, pudiendo llevarla a una sala, y nunca hab\u00edamos tenido la oportunidad.<\/p>\n<p style=\"text-align: justify;\">Guillermo: Y para nosotros es un honor tocar con m\u00fasicos de primera l\u00ednea como son Hugo y Albana. El poder acompa\u00f1arlos es un honor muy grande por su calidad como m\u00fasico y por la qu\u00edmica muy especial que generamos, como cont\u00f3 Math\u00edas, con el trabajo que hicimos juntos en carnaval. Para nosotros que Hugo nos haya invitado a participar de un proyecto como este, siendo reconocido como es en todo el mundo, es un honor.<\/p>\n<p style=\"text-align: justify;\"><strong>\u00bfQu\u00e9 les pasa a ustedes cuando toca Hugo?<\/strong><\/p>\n<p style=\"text-align: justify;\">Wellington: Abrimos las orejas. Se aprende todos los d\u00edas, a cada rato, en cualquier momento, siempre se est\u00e1 aprendiendo. Esto yo tambi\u00e9n lo tomo como un aprendizaje. Es de los m\u00fasicos m\u00e1s grandes que conozco con paciencia, que no es f\u00e1cil de encontrar. De repente hay alguna cosita que todav\u00eda nos cuesta y \u00e9l tiene esa paciencia con nosotros, que es s\u00faper importante. Y cuando toca, escuchamos para aprender lo m\u00e1ximo que se pueda, para crecer como tamborilero y percusionista.<\/p>\n<p style=\"text-align: justify;\"><strong>\u00bfY qu\u00e9 tal Albana?<\/strong><\/p>\n<p style=\"text-align: justify;\">Math\u00edas: Fa, nosotros la descubrimos, la verdad. Porque al principio era la se\u00f1ora de Hugo, despu\u00e9s era Albana, y despu\u00e9s pas\u00f3 a ser la muchacha que toca todo.<\/p>\n<p style=\"text-align: justify;\">Wellington: \u00a1Y toca todo junto!<\/p>\n<p style=\"text-align: justify;\">Math\u00edas: \u00a1Y canta! En la versi\u00f3n de La Casa de al Lado nos sorprendi\u00f3&#8230; y a toda la gente de la comparsa que ya la conoc\u00eda le pasa lo mismo. \u00a1No pueden creer c\u00f3mo hace todo eso! Porque ella ven\u00eda a la comparsa pero de repente la empezamos a descubrir y&#8230; fue incre\u00edble.<\/p>\n<p style=\"text-align: justify;\">Wellington: Y la rapidez mental&#8230; porque de repente est\u00e1 tocando y \u00a1te comenta algo!<\/p>\n<p style=\"text-align: justify;\"><em>Risas generales. Yo le digo que me asombra su velocidad al tocar. Albana dice que se pone colorada. Las palabras de unos y otros se agolpan hablando de las diferentes influencias y de c\u00f3mo Barrio Sur tiene justamente una impronta diferente porque tiene las influencias tan variadas de unos y otros.<\/em><\/p>\n<p style=\"text-align: justify;\"><strong>\u00bfC\u00f3mo es tu participaci\u00f3n en Barrio Sur?<\/strong><\/p>\n<p style=\"text-align: justify;\">Albana: Depende. En algunos temas en que los protagonistas absolutos son los tambores, no toco. En un par de temas toco la bater\u00eda y en otros hago percusiones o voces.<\/p>\n<p style=\"text-align: justify;\"><strong>\u00bfQu\u00e9 significa para ti, Hugo, tocar con los Silva?<\/strong><\/p>\n<p style=\"text-align: justify;\">Hugo: Mir\u00e1, tocar con ellos es un privilegio. Yo he tocado con muchos m\u00fasicos, en muchos lados, pero tocar con una gente que tenga la musicalidad como la que tienen ellos, la disciplina y el rendimiento real es asombroso. Yo soy muy fan de ellos. Porque hay gente que va a las grandes universidades y estudian esto y aquello y hacen unos malabares incre\u00edbles, pero la universidad de esta gente est\u00e1 en la sangre, o en esta esquina, o en esta calle, o desde los abuelos de ellos. As\u00ed que eso a m\u00ed ya me deja de boca abierta, perplejo y lleno de honra y de respeto, porque estoy tocando con algo que no se puede ni planificar, ni aprender, ni pasar. Es una condici\u00f3n natural, la cual me deja as\u00ed de boca abierta y con esta felicidad. Es la verdad. Se tocan todo. Impresionante. Un baterista que vaya a una gran universidad jam\u00e1s podr\u00e1 inmiscuirse con este lenguaje. Podr\u00e1 merodear pero conversar\u2026 ac\u00e1 se conversa. Yo voy en coche, no hago nada. Hago unos acordes con el piano y aquella m\u00e1quina est\u00e1 funcionando ya sab\u00e9s c\u00f3mo. As\u00ed que es un honor y una alegr\u00eda muy grande.<\/p>\n<p style=\"text-align: justify;\">Adem\u00e1s ya hace tiempo que trabajamos juntos. Hace 5 a\u00f1os que cuando llega carnaval me dan una tarea de todas las tareas que tiene la gente que trabaja para 1080, la tarea m\u00eda es armar una melod\u00eda con letras que me dan letristas, y con pistas que me dan ellos de c\u00f3mo ser\u00eda este tema, cu\u00e1l es la velocidad, cu\u00e1l es la duraci\u00f3n, si este es un Afro, si este es un Milong\u00f3n, si este es un Candombe r\u00e1pido, un Candombe picante. As\u00ed que aparte de todo, otra alegr\u00eda, que estoy ac\u00e1. En los \u00faltimos a\u00f1os anduvo tan bien que llevaron primer premio. El trabajo es un trabajo descomunal de mucha gente. Estoy muy contento de ser parte de eso tambi\u00e9n. Estoy muy contento. Y tener este quinteto nos permite mostrar, de la manera que lo hacemos, lo que nos gusta.<\/p>\n<p style=\"text-align: justify;\"><em>Afuera ya par\u00f3 de llover. Les agradezco y los invito a dar por terminada la entrevista, afirmando que si es demasiado larga, pocos lectores llegan al final. Hugo me responde: <\/em>\u201cEn una \u00e9poca, si compon\u00edas un tema que duraba m\u00e1s de tres minutos, te hac\u00edan cortarlo. Tres minutos y medio ya era demasiado largo. Pero en un momento aparecieron discos con unos temas buen\u00edsimos, que duraban cinco, siete, diez minutos. Depende del arte que t\u00fa le pongas a lo que hagas\u201d<em>. <\/em><\/p>\n<p style=\"text-align: justify;\"><em>\u00a0Asent\u00ed agradecida. Hugo acababa de implantar en m\u00ed una semillita de desaf\u00edo nuevo. Me desped\u00ed, sal\u00ed, di un vistazo m\u00e1s a esa esquina y plaza m\u00e1gicas, y me fui caminando lentamente por la calle Cuareim pensando en lo afortunada que soy de ser uruguaya y de tener la posibilidad de conversar con estos seres tan especiales que son los m\u00fasicos y de verlos tocar en vivo en proyectos tan diversos e interesantes. Espero que algunos lectores hayan llegado leyendo hasta por ac\u00e1 y que con algunos de ustedes nos crucemos en la Sala Camacu\u00e1. Una notita final: La sala tiene un tama\u00f1o perfecto para ver esta propuesta, ya que no es muy grande y tiene una ac\u00fastica muy buena. Por esto mismo, les recomiendo asegurarse las entradas con anticipaci\u00f3n.<\/em><\/p>\n<p style=\"text-align: justify;\"><em>\u00a0<\/em><\/p>\n<p style=\"text-align: justify;\"><a href=\"https:\/\/cooltivarte.com\/portal\/wp-content\/uploads\/2016\/07\/Foto-1-99.jpg\"><img fetchpriority=\"high\" decoding=\"async\" class=\"wp-image-22758 size-full aligncenter\" src=\"https:\/\/cooltivarte.com\/portal\/wp-content\/uploads\/2016\/07\/Foto-1-99.jpg\" alt=\"Foto Barrio Sur -\" width=\"634\" height=\"475\" srcset=\"https:\/\/cooltivarte.com\/portal\/wp-content\/uploads\/2016\/07\/Foto-1-99.jpg 634w, https:\/\/cooltivarte.com\/portal\/wp-content\/uploads\/2016\/07\/Foto-1-99-300x225.jpg 300w\" sizes=\"(max-width: 634px) 100vw, 634px\" \/><\/a><\/p>\n<p style=\"text-align: justify;\">El<strong> Quinteto Barrio Sur <\/strong>est\u00e1 formado por:<\/p>\n<p style=\"text-align: justify;\"><strong><em>Hugo Fattoruso<\/em><\/strong><\/p>\n<p style=\"text-align: justify;\"><strong><em>Albana Barrocas<\/em><\/strong><\/p>\n<p style=\"text-align: justify;\"><strong><em>Math\u00edas Silva<\/em><\/strong><\/p>\n<p style=\"text-align: justify;\"><strong><em>Wellington Silva<\/em><\/strong><\/p>\n<p style=\"text-align: justify;\"><strong><em>Guillermo D\u00edaz Silva<\/em><\/strong><\/p>\n<p style=\"text-align: justify;\">Foto de portada: <span style=\"color: #000000;\">Sebasti\u00e1n Bednarik<\/span><\/p>\n<p style=\"text-align: justify;\">Foto en el cuerpo de la nota: Robert Urgoite<\/p>\n<p style=\"text-align: justify;\"><em>\u00a0<\/em><\/p>\n","protected":false},"excerpt":{"rendered":"<p>La esquina de Isla de Flores y Cuareim tiene un efecto transportador inmediato. Al llegar a ese lugar, donde el aire que se respira est\u00e1 en clave de candombe, las c\u00e9lulas se alborotan de uruguayez. En la puerta de la Asociaci\u00f3n C 1080 me preguntan con simpat\u00eda: &#8220;\u00bfVen\u00eds para la entrevista con Hugo Fattoruso?&#8221; y [&hellip;]<\/p>\n","protected":false},"author":53,"featured_media":22757,"comment_status":"closed","ping_status":"closed","sticky":false,"template":"","format":"standard","meta":{"om_disable_all_campaigns":false,"ngg_post_thumbnail":0,"jnews-multi-image_gallery":[],"jnews_single_post":[],"jnews_primary_category":[],"jnews_social_meta":[],"jnews_override_counter":[],"footnotes":""},"categories":[59],"tags":[4299,4466,204,4465,4464,4467],"class_list":["post-22756","post","type-post","status-publish","format-standard","has-post-thumbnail","hentry","category-musicos","tag-albana-barrocas","tag-guillermo-diaz-silva","tag-hugo-fattoruso","tag-mathias-silva","tag-quinteto-barrio-sur","tag-wellington-silva"],"yoast_head":"<!-- This site is optimized with the Yoast SEO plugin v27.5 - https:\/\/yoast.com\/product\/yoast-seo-wordpress\/ -->\n<title>Candombe World Tem\u00e1tika: Entrevista a Hugo Fattoruso con Quinteto Barrio Sur - Cooltivarte Portal<\/title>\n<meta name=\"description\" content=\"COOLTIVARTE.COM es un portal digital colaborativo de actualizaci\u00f3n permanente dedicado a difundir el acontecer art\u00edstico y cultural, entrevista artistas, gestores y productores de las diferentes disciplinas del arte, y publicando art\u00edculos de reflexi\u00f3n de producci\u00f3n propia sobre los elementos culturales.\" \/>\n<meta name=\"robots\" content=\"index, follow, max-snippet:-1, max-image-preview:large, max-video-preview:-1\" \/>\n<link rel=\"canonical\" href=\"https:\/\/cooltivarte.com\/portal\/candombe-world-tematika\/\" \/>\n<meta property=\"og:locale\" content=\"es_ES\" \/>\n<meta property=\"og:type\" content=\"article\" \/>\n<meta property=\"og:title\" content=\"Candombe World Tem\u00e1tika: Entrevista a Hugo Fattoruso con Quinteto Barrio Sur - Cooltivarte Portal\" \/>\n<meta property=\"og:description\" content=\"COOLTIVARTE.COM es un portal digital colaborativo de actualizaci\u00f3n permanente dedicado a difundir el acontecer art\u00edstico y cultural, entrevista artistas, gestores y productores de las diferentes disciplinas del arte, y publicando art\u00edculos de reflexi\u00f3n de producci\u00f3n propia sobre los elementos culturales.\" \/>\n<meta property=\"og:url\" content=\"https:\/\/cooltivarte.com\/portal\/candombe-world-tematika\/\" \/>\n<meta property=\"og:site_name\" content=\"Cooltivarte Portal\" \/>\n<meta property=\"article:publisher\" content=\"https:\/\/www.facebook.com\/cooltivartecom\/\" \/>\n<meta property=\"article:author\" content=\"https:\/\/www.facebook.com\/luna.llena.568294\" \/>\n<meta property=\"article:published_time\" content=\"2016-07-05T05:42:39+00:00\" \/>\n<meta property=\"article:modified_time\" content=\"2016-08-11T02:12:41+00:00\" \/>\n<meta property=\"og:image\" content=\"https:\/\/cooltivarte.com\/portal\/wp-content\/uploads\/2016\/07\/Foto-tocando-98.jpg\" \/>\n\t<meta property=\"og:image:width\" content=\"1254\" \/>\n\t<meta property=\"og:image:height\" content=\"696\" \/>\n\t<meta property=\"og:image:type\" content=\"image\/jpeg\" \/>\n<meta name=\"author\" content=\"Patricia Schiavone\" \/>\n<meta name=\"twitter:card\" content=\"summary_large_image\" \/>\n<meta name=\"twitter:creator\" content=\"@https:\/\/x.com\/obolocultural\" \/>\n<meta name=\"twitter:site\" content=\"@obolocultural\" \/>\n<meta name=\"twitter:label1\" content=\"Escrito por\" \/>\n\t<meta name=\"twitter:data1\" content=\"Patricia Schiavone\" \/>\n\t<meta name=\"twitter:label2\" content=\"Tiempo de lectura\" \/>\n\t<meta name=\"twitter:data2\" content=\"11 minutos\" \/>\n<!-- \/ Yoast SEO plugin. -->","yoast_head_json":{"title":"Candombe World Tem\u00e1tika: Entrevista a Hugo Fattoruso con Quinteto Barrio Sur - Cooltivarte Portal","description":"COOLTIVARTE.COM es un portal digital colaborativo de actualizaci\u00f3n permanente dedicado a difundir el acontecer art\u00edstico y cultural, entrevista artistas, gestores y productores de las diferentes disciplinas del arte, y publicando art\u00edculos de reflexi\u00f3n de producci\u00f3n propia sobre los elementos culturales.","robots":{"index":"index","follow":"follow","max-snippet":"max-snippet:-1","max-image-preview":"max-image-preview:large","max-video-preview":"max-video-preview:-1"},"canonical":"https:\/\/cooltivarte.com\/portal\/candombe-world-tematika\/","og_locale":"es_ES","og_type":"article","og_title":"Candombe World Tem\u00e1tika: Entrevista a Hugo Fattoruso con Quinteto Barrio Sur - Cooltivarte Portal","og_description":"COOLTIVARTE.COM es un portal digital colaborativo de actualizaci\u00f3n permanente dedicado a difundir el acontecer art\u00edstico y cultural, entrevista artistas, gestores y productores de las diferentes disciplinas del arte, y publicando art\u00edculos de reflexi\u00f3n de producci\u00f3n propia sobre los elementos culturales.","og_url":"https:\/\/cooltivarte.com\/portal\/candombe-world-tematika\/","og_site_name":"Cooltivarte Portal","article_publisher":"https:\/\/www.facebook.com\/cooltivartecom\/","article_author":"https:\/\/www.facebook.com\/luna.llena.568294","article_published_time":"2016-07-05T05:42:39+00:00","article_modified_time":"2016-08-11T02:12:41+00:00","og_image":[{"width":1254,"height":696,"url":"https:\/\/cooltivarte.com\/portal\/wp-content\/uploads\/2016\/07\/Foto-tocando-98.jpg","type":"image\/jpeg"}],"author":"Patricia Schiavone","twitter_card":"summary_large_image","twitter_creator":"@https:\/\/x.com\/obolocultural","twitter_site":"@obolocultural","twitter_misc":{"Escrito por":"Patricia Schiavone","Tiempo de lectura":"11 minutos"},"schema":{"@context":"https:\/\/schema.org","@graph":[{"@type":"NewsArticle","@id":"https:\/\/cooltivarte.com\/portal\/candombe-world-tematika\/#article","isPartOf":{"@id":"https:\/\/cooltivarte.com\/portal\/candombe-world-tematika\/"},"author":{"name":"Patricia Schiavone","@id":"https:\/\/cooltivarte.com\/portal\/#\/schema\/person\/564b71fe2867b0e25bd5608c1a6695b8"},"headline":"Candombe World Tem\u00e1tika: Entrevista a Hugo Fattoruso con Quinteto Barrio Sur","datePublished":"2016-07-05T05:42:39+00:00","dateModified":"2016-08-11T02:12:41+00:00","mainEntityOfPage":{"@id":"https:\/\/cooltivarte.com\/portal\/candombe-world-tematika\/"},"wordCount":2295,"publisher":{"@id":"https:\/\/cooltivarte.com\/portal\/#organization"},"image":{"@id":"https:\/\/cooltivarte.com\/portal\/candombe-world-tematika\/#primaryimage"},"thumbnailUrl":"https:\/\/cooltivarte.com\/portal\/wp-content\/uploads\/2016\/07\/Foto-tocando-98.jpg","keywords":["Albana Barrocas","Guillermo D\u00edaz Silva","Hugo Fattoruso","Math\u00edas Silva","Quinteto Barrio Sur","Wellington Silva"],"articleSection":["M\u00fasica"],"inLanguage":"es-AR"},{"@type":"WebPage","@id":"https:\/\/cooltivarte.com\/portal\/candombe-world-tematika\/","url":"https:\/\/cooltivarte.com\/portal\/candombe-world-tematika\/","name":"Candombe World Tem\u00e1tika: Entrevista a Hugo Fattoruso con Quinteto Barrio Sur - Cooltivarte Portal","isPartOf":{"@id":"https:\/\/cooltivarte.com\/portal\/#website"},"primaryImageOfPage":{"@id":"https:\/\/cooltivarte.com\/portal\/candombe-world-tematika\/#primaryimage"},"image":{"@id":"https:\/\/cooltivarte.com\/portal\/candombe-world-tematika\/#primaryimage"},"thumbnailUrl":"https:\/\/cooltivarte.com\/portal\/wp-content\/uploads\/2016\/07\/Foto-tocando-98.jpg","datePublished":"2016-07-05T05:42:39+00:00","dateModified":"2016-08-11T02:12:41+00:00","description":"COOLTIVARTE.COM es un portal digital colaborativo de actualizaci\u00f3n permanente dedicado a difundir el acontecer art\u00edstico y cultural, entrevista artistas, gestores y productores de las diferentes disciplinas del arte, y publicando art\u00edculos de reflexi\u00f3n de producci\u00f3n propia sobre los elementos culturales.","breadcrumb":{"@id":"https:\/\/cooltivarte.com\/portal\/candombe-world-tematika\/#breadcrumb"},"inLanguage":"es-AR","potentialAction":[{"@type":"ReadAction","target":["https:\/\/cooltivarte.com\/portal\/candombe-world-tematika\/"]}]},{"@type":"ImageObject","inLanguage":"es-AR","@id":"https:\/\/cooltivarte.com\/portal\/candombe-world-tematika\/#primaryimage","url":"https:\/\/cooltivarte.com\/portal\/wp-content\/uploads\/2016\/07\/Foto-tocando-98.jpg","contentUrl":"https:\/\/cooltivarte.com\/portal\/wp-content\/uploads\/2016\/07\/Foto-tocando-98.jpg","width":1254,"height":696,"caption":"Foto de portada: Sebasti\u00e1n Bednarik"},{"@type":"BreadcrumbList","@id":"https:\/\/cooltivarte.com\/portal\/candombe-world-tematika\/#breadcrumb","itemListElement":[{"@type":"ListItem","position":1,"name":"Portada","item":"https:\/\/cooltivarte.com\/portal\/"},{"@type":"ListItem","position":2,"name":"Candombe World Tem\u00e1tika: Entrevista a Hugo Fattoruso con Quinteto Barrio Sur"}]},{"@type":"WebSite","@id":"https:\/\/cooltivarte.com\/portal\/#website","url":"https:\/\/cooltivarte.com\/portal\/","name":"Cooltivarte Portal","description":"Arte, cultura y turismo para el mundo ...","publisher":{"@id":"https:\/\/cooltivarte.com\/portal\/#organization"},"potentialAction":[{"@type":"SearchAction","target":{"@type":"EntryPoint","urlTemplate":"https:\/\/cooltivarte.com\/portal\/?s={search_term_string}"},"query-input":{"@type":"PropertyValueSpecification","valueRequired":true,"valueName":"search_term_string"}}],"inLanguage":"es-AR"},{"@type":"Organization","@id":"https:\/\/cooltivarte.com\/portal\/#organization","name":"cooltivarte","url":"https:\/\/cooltivarte.com\/portal\/","logo":{"@type":"ImageObject","inLanguage":"es-AR","@id":"https:\/\/cooltivarte.com\/portal\/#\/schema\/logo\/image\/","url":"https:\/\/cooltivarte.com\/portal\/wp-content\/uploads\/2020\/04\/logo-cooltivarte-v2.png","contentUrl":"https:\/\/cooltivarte.com\/portal\/wp-content\/uploads\/2020\/04\/logo-cooltivarte-v2.png","width":851,"height":243,"caption":"cooltivarte"},"image":{"@id":"https:\/\/cooltivarte.com\/portal\/#\/schema\/logo\/image\/"},"sameAs":["https:\/\/www.facebook.com\/cooltivartecom\/","https:\/\/x.com\/obolocultural","https:\/\/www.instagram.com\/_cooltivarte_\/","https:\/\/www.linkedin.com\/company\/-bolocultural?reportsuccess=8zaNG1HwhPbAR9iQhZ5rfGeqz_vQFftHun0ZWU0Wy9vNemRJ8vtcKdJvzQfW8XagyOJSKg0XvfJ1dp","https:\/\/www.pinterest.com\/cooltivarte\/","https:\/\/cooltivarte.tumblr.com\/","https:\/\/www.tiktok.com\/@cooltivarte","https:\/\/www.youtube.com\/@PrensaCooltivarte"]},{"@type":"Person","@id":"https:\/\/cooltivarte.com\/portal\/#\/schema\/person\/564b71fe2867b0e25bd5608c1a6695b8","name":"Patricia Schiavone","image":{"@type":"ImageObject","inLanguage":"es-AR","@id":"https:\/\/cooltivarte.com\/portal\/wp-content\/uploads\/2019\/05\/1-120x120.jpg","url":"https:\/\/cooltivarte.com\/portal\/wp-content\/uploads\/2019\/05\/1-120x120.jpg","contentUrl":"https:\/\/cooltivarte.com\/portal\/wp-content\/uploads\/2019\/05\/1-120x120.jpg","caption":"Patricia Schiavone"},"description":"Patricia Schiavone es Coach Personal, Practicante e Instructora de Reiki y amante de la m\u00fasica. Su p\u00e1gina de facebook: @sersentiryhacer y su sitio web:","sameAs":["https:\/\/atresillado.wordpress.com\/","https:\/\/www.facebook.com\/luna.llena.568294","https:\/\/www.instagram.com\/_cooltivarte_\/","https:\/\/www.linkedin.com\/company\/-bolocultural","https:\/\/www.pinterest.com\/cooltivarte","https:\/\/x.com\/https:\/\/x.com\/obolocultural","https:\/\/www.youtube.com\/@PrensaCooltivarte","https:\/\/www.tumblr.com\/blog\/cooltivarte"],"url":"https:\/\/cooltivarte.com\/portal\/author\/patricia-schiavone\/"}]}},"_links":{"self":[{"href":"https:\/\/cooltivarte.com\/portal\/wp-json\/wp\/v2\/posts\/22756","targetHints":{"allow":["GET"]}}],"collection":[{"href":"https:\/\/cooltivarte.com\/portal\/wp-json\/wp\/v2\/posts"}],"about":[{"href":"https:\/\/cooltivarte.com\/portal\/wp-json\/wp\/v2\/types\/post"}],"author":[{"embeddable":true,"href":"https:\/\/cooltivarte.com\/portal\/wp-json\/wp\/v2\/users\/53"}],"replies":[{"embeddable":true,"href":"https:\/\/cooltivarte.com\/portal\/wp-json\/wp\/v2\/comments?post=22756"}],"version-history":[{"count":6,"href":"https:\/\/cooltivarte.com\/portal\/wp-json\/wp\/v2\/posts\/22756\/revisions"}],"predecessor-version":[{"id":22764,"href":"https:\/\/cooltivarte.com\/portal\/wp-json\/wp\/v2\/posts\/22756\/revisions\/22764"}],"wp:featuredmedia":[{"embeddable":true,"href":"https:\/\/cooltivarte.com\/portal\/wp-json\/wp\/v2\/media\/22757"}],"wp:attachment":[{"href":"https:\/\/cooltivarte.com\/portal\/wp-json\/wp\/v2\/media?parent=22756"}],"wp:term":[{"taxonomy":"category","embeddable":true,"href":"https:\/\/cooltivarte.com\/portal\/wp-json\/wp\/v2\/categories?post=22756"},{"taxonomy":"post_tag","embeddable":true,"href":"https:\/\/cooltivarte.com\/portal\/wp-json\/wp\/v2\/tags?post=22756"}],"curies":[{"name":"wp","href":"https:\/\/api.w.org\/{rel}","templated":true}]}}