{"id":22298,"date":"2016-06-17T14:18:47","date_gmt":"2016-06-17T14:18:47","guid":{"rendered":"http:\/\/cooltivarte.com\/portal\/?p=22298"},"modified":"2016-08-11T14:17:49","modified_gmt":"2016-08-11T14:17:49","slug":"exercise-book-de-alberto-lastreto","status":"publish","type":"post","link":"https:\/\/cooltivarte.com\/portal\/exercise-book-de-alberto-lastreto\/","title":{"rendered":"\u201cExercise Book\u201d de Alberto Lastreto"},"content":{"rendered":"<p style=\"text-align: justify;\"><strong>Muestra de <a href=\"https:\/\/cooltivarte.com\/portal\/?s=Alberto+Lastreto\">Alberto Lastreto<\/a> en <a href=\"http:\/\/www.soa.com.uy\/exposicion\/1015\" target=\"_blank\">Galer\u00eda SOA<\/a> en espacio Intermezzo, con curadur\u00eda de Gimena Pin.<\/strong><\/p>\n<p style=\"text-align: justify;\">Como dicen sus organizadoras: se trata de un \u201c<em>espacio alterno que suena entre las exposiciones temporales del a\u00f1o. Con este espacio buscamos la gesti\u00f3n y reflexi\u00f3n como un punto de encuentro para din\u00e1micas propuestas por el arte uruguayo contempor\u00e1neo. Espacial y conceptualmente Intermezzo toma posici\u00f3n respecto a las demandas del arte contempor\u00e1neo haciendo foco en propuestas site specific que tomen la galer\u00eda como desaf\u00edo y a partir de all\u00ed generen un di\u00e1logo<\/em>\u201d<\/p>\n<p style=\"text-align: justify;\">\u00ad-<strong>\u00bfC\u00f3mo surge la idea de esta muestra y c\u00f3mo fu\u00e9 su proceso creativo?<\/strong><\/p>\n<p style=\"text-align: justify;\">En los \u00faltimos diez a\u00f1os, es decir desde mi vuelta al pa\u00eds, he venido trabajando videos. La t\u00e9cnica que uso es la animaci\u00f3n en \u201c<em>stop motion<\/em>\u201d. Esto implica manipular digitalmente una y cada una de las im\u00e1genes que conforman las secuencias del video. Es un trabajo largo y tedioso, frente a la pantalla de la computadora. Es el deseo de ver y o\u00edr la obra terminada lo que me sostiene y empuja a seguir.<\/p>\n<p style=\"text-align: justify;\">Comprobar si la idea que dio inicio al proyecto, se concret\u00f3 bien. Y que los cambios inevitables, que fueron sucediendo en el transcurso de la creaci\u00f3n, acompa\u00f1an la idea si la enriquecen o no. \u00bfHabr\u00e1 que modificar algo ?, o \u00bfhay que dejarla as\u00ed como se termin\u00f3 ?, etc.<\/p>\n<p style=\"text-align: justify;\">En \u201c<em>Exercise Book<\/em>\u201d, el imperativo de hacer un video fue lo primero que sucedi\u00f3. Los tres cuadernos, me llamaron la atenci\u00f3n en una tienda de antig\u00fcedades en Trist\u00e1n Narvaja manejada por una amiga, Mercedes Bustelo. No pude comprarlos en ese momento, pero ella me los trae, como regalo de cumplea\u00f1os, meses m\u00e1s tarde.<\/p>\n<p style=\"text-align: justify;\">Apenas los tuve, las ideas de que hacer y c\u00f3mo hacer fluyeron como una inundaci\u00f3n.<\/p>\n<p style=\"text-align: justify;\">No estaba claro a\u00fan \u00e9l por qu\u00e9 hacer.<\/p>\n<p style=\"text-align: justify;\">Esto suceder\u00e1 en la medida que voy desarrollando las manipulaciones digitales que modifican las im\u00e1genes. Aparecen peque\u00f1as tentativas de narraciones, sin comienzo ni fin. Cierta necesidad de crear sentido, de salvar la acumulaci\u00f3n de im\u00e1genes con el lenguaje. La b\u00fasqueda del concepto que mantenga la unidad de la obra.<\/p>\n<p style=\"text-align: justify;\">La trayectoria por las p\u00e1ginas de los cuadernos y la aparici\u00f3n de las narrativas, termin\u00f3 conformando algo similar a una \u201c<em>road movie<\/em>\u201d.<\/p>\n<p style=\"text-align: justify;\">Es all\u00ed cuando paro y reveo lo hecho y trato de entender, aparecen las preocupaciones y temas que he venido trabajando desde mi vuelta al pa\u00eds. La brecha que encuentro entre mi recuerdo del Uruguay, en d\u00f3nde crec\u00ed y la realidad del pa\u00eds en el cual me encuentro ahora, es lo que alimenta mi obra. Est\u00e1 presente en todos mis videos, inclusive en aquellos que parecen tocar otros temas y no la realidad del Uruguay de hoy. Si bien esto sucede a\u00fan cuando no soy consciente de ello, es cuando los reveo que se vuelve evidente.<\/p>\n<p style=\"text-align: justify;\">Claro, el resultado es una obra digital, im\u00e1genes que se proyectan o ven a trav\u00e9s de pantallas, etc. No algo que puedo tocar y modificar con un l\u00e1piz, tinta o pincel.<\/p>\n<p style=\"text-align: justify;\"><strong>\u2013 Dibujos, pliegues, bordados y dem\u00e1s intervenciones parecen dar cuenta de un trabajo de filigrana que inviste y deconstruye a la vez \u00bfque lugar dir\u00edas que tiene tiene lo artesanal en tu obra?<\/strong><\/p>\n<p style=\"text-align: justify;\">Quiz\u00e1s el haber trabajado sobre estas p\u00e1ginas de manera digital, me abri\u00f3 el apetito por trabajarlas como objetos. El deseo de devolverlas al mundo real, fuera de lo digital. El desaf\u00edo esta, en el proceso, preservar el esmero y preciosismo este trabajo escolar. Y dar cr\u00e9dito a la autora de los mismos, Ana Mar\u00eda Citterio.<\/p>\n<p style=\"text-align: justify;\">Y as\u00ed comienza el proceso de escanear e inventar copias de los cuadernos, abiertos, en determinadas p\u00e1ginas. El intento de un \u201c<em>trompe l&#8217;oeil<\/em>\u201d, que obviamente falla y nos deja rebotando entre un \u201c<em>s\u00ed<\/em>\u201d y un \u201c<em>no<\/em>\u201d. Es este vaiv\u00e9n, que hace temblar la realidad de lo que veo, es en estas p\u00e1ginas elegidas y manipuladas, en d\u00f3nde trato que aparezca la pregunta e inclusive la poes\u00eda. Busca facilitar el camino a la pregunta que trata abrir puertas de cuestionamiento sobre la realidad de hoy.<\/p>\n<p style=\"text-align: justify;\"><strong>\u2013 Desde la curadur\u00eda se habla de la irreverencia de un ni\u00f1o que interviene la herencia vareliana, \u00bfqu\u00e9 hay del artista en ese ni\u00f1o?<\/strong><\/p>\n<p style=\"text-align: justify;\">Quiz\u00e1s en esta manipulaci\u00f3n y creaci\u00f3n de objetos, que crecen desde las p\u00e1ginas, est\u00e1 el recuerdo de mi primer a\u00f1o en la escuela Jos\u00e9 Pedro Varela. Por las tardes ten\u00edamos talleres donde dibuj\u00e1bamos, recort\u00e1bamos y pint\u00e1bamos. Tambi\u00e9n est\u00e1 el recuerdo de la regla de la maestra, que me prohib\u00eda dibujar con la mano izquierda.<\/p>\n<p style=\"text-align: justify;\">Yo soy zurdo, pero gracias a ella escribo con la derecha y dibujo con la izquierda&#8230; no me miraba cuando dibujaba.<\/p>\n<p style=\"text-align: justify;\">Esta serie de doce im\u00e1genes son el resultado de la elecci\u00f3n consciente de lo que las p\u00e1ginas y temas, en estos cuadernos, que despiertan algo en mi. Las intervenciones pretenden involucrar al que mira, de tal manera, que cada uno formule su pregunta, que cuestione la realidad. La obra ser\u00eda como un fulgor que dirige la atenci\u00f3n. Pero no un fulgor que dicta una idea. Sino que abre y ayude en el camino a pensar sobre un imaginario nacional.<\/p>\n<p style=\"text-align: justify;\"><strong>\u2013 La idea de lo micropl\u00edtico dando cuenta de los avatares macropol\u00edticos, \u00bfde qu\u00e9 modo resuena en ti, particularmente desde la idea de pa\u00eds ? \u00bfQu\u00e9 lugar crees que tiene la subjetividad en la construcci\u00f3n de un imaginario nacional?<\/strong><\/p>\n<p style=\"text-align: justify;\">S\u00ed, creo en la posibilidad de un imaginario nacional, haciendo \u00e9nfasis en la palabra posibilidad. Quiero decir, que me da terror ver el imaginario nacional como un bloque que todos aprobamos y conformamos al un\u00edsono. All\u00ed, la posibilidad est\u00e1 muerta. Prefiero pensarlo como la problematizaci\u00f3n presentada por las subjetividades y que por un momento, ocupa el lugar de ese imaginario nacional, por un instante. Y por un momento es aceptada y apoyada por las otras subjetividades.<\/p>\n<p style=\"text-align: justify;\">Pero no logra ocupar este espacio permanentemente y por lo tanto permite el juego democr\u00e1tico de cuestionar, modificar y ser sustituida conllevando con ello le evoluci\u00f3n de este imaginario.<\/p>\n<p style=\"text-align: justify;\">Y quiz\u00e1s esa sea la funci\u00f3n que espero cumpla mi obra. Apoyar a esas voces y subjetividades, para hablar y problematizar la realidad, en aras de un bien com\u00fan.<\/p>\n<p>&nbsp;<\/p>\n","protected":false},"excerpt":{"rendered":"<p>Muestra de Alberto Lastreto en Galer\u00eda SOA en espacio Intermezzo, con curadur\u00eda de Gimena Pin. Como dicen sus organizadoras: se trata de un \u201cespacio alterno que suena entre las exposiciones temporales del a\u00f1o. Con este espacio buscamos la gesti\u00f3n y reflexi\u00f3n como un punto de encuentro para din\u00e1micas propuestas por el arte uruguayo contempor\u00e1neo. Espacial [&hellip;]<\/p>\n","protected":false},"author":57,"featured_media":22299,"comment_status":"closed","ping_status":"closed","sticky":false,"template":"","format":"standard","meta":{"om_disable_all_campaigns":false,"ngg_post_thumbnail":0,"jnews-multi-image_gallery":[],"jnews_single_post":[],"jnews_primary_category":[],"jnews_social_meta":[],"jnews_override_counter":[],"footnotes":""},"categories":[4288],"tags":[84,408,142,413,81,373],"class_list":["post-22298","post","type-post","status-publish","format-standard","has-post-thumbnail","hentry","category-contemporaneo","tag-arte","tag-artes-visuales","tag-artista-visual","tag-bellas-artes","tag-cultura","tag-exposicion"],"yoast_head":"<!-- This site is optimized with the Yoast SEO plugin v27.5 - https:\/\/yoast.com\/product\/yoast-seo-wordpress\/ -->\n<title>\u201cExercise Book\u201d de Alberto Lastreto - Cooltivarte Portal<\/title>\n<meta name=\"description\" content=\"COOLTIVARTE.COM es un portal digital colaborativo de actualizaci\u00f3n permanente dedicado a difundir el acontecer art\u00edstico y cultural, entrevista artistas, gestores y productores de las diferentes disciplinas del arte, y publicando art\u00edculos de reflexi\u00f3n de producci\u00f3n propia sobre los elementos culturales.\" \/>\n<meta name=\"robots\" content=\"index, follow, max-snippet:-1, max-image-preview:large, max-video-preview:-1\" \/>\n<link rel=\"canonical\" href=\"https:\/\/cooltivarte.com\/portal\/exercise-book-de-alberto-lastreto\/\" \/>\n<meta property=\"og:locale\" content=\"es_ES\" \/>\n<meta property=\"og:type\" content=\"article\" \/>\n<meta property=\"og:title\" content=\"\u201cExercise Book\u201d de Alberto Lastreto - Cooltivarte Portal\" \/>\n<meta property=\"og:description\" content=\"COOLTIVARTE.COM es un portal digital colaborativo de actualizaci\u00f3n permanente dedicado a difundir el acontecer art\u00edstico y cultural, entrevista artistas, gestores y productores de las diferentes disciplinas del arte, y publicando art\u00edculos de reflexi\u00f3n de producci\u00f3n propia sobre los elementos culturales.\" \/>\n<meta property=\"og:url\" content=\"https:\/\/cooltivarte.com\/portal\/exercise-book-de-alberto-lastreto\/\" \/>\n<meta property=\"og:site_name\" content=\"Cooltivarte Portal\" \/>\n<meta property=\"article:publisher\" content=\"https:\/\/www.facebook.com\/cooltivartecom\/\" \/>\n<meta property=\"article:author\" content=\"https:\/\/www.facebook.com\/fernando.barrios.986\" \/>\n<meta property=\"article:published_time\" content=\"2016-06-17T14:18:47+00:00\" \/>\n<meta property=\"article:modified_time\" content=\"2016-08-11T14:17:49+00:00\" \/>\n<meta property=\"og:image\" content=\"https:\/\/cooltivarte.com\/portal\/wp-content\/uploads\/2016\/06\/Alberto-Lastreto.jpg\" \/>\n\t<meta property=\"og:image:width\" content=\"796\" \/>\n\t<meta property=\"og:image:height\" content=\"397\" \/>\n\t<meta property=\"og:image:type\" content=\"image\/jpeg\" \/>\n<meta name=\"author\" content=\"Fernando Barrios\" \/>\n<meta name=\"twitter:card\" content=\"summary_large_image\" \/>\n<meta name=\"twitter:creator\" content=\"@https:\/\/x.com\/obolocultural\" \/>\n<meta name=\"twitter:site\" content=\"@obolocultural\" \/>\n<meta name=\"twitter:label1\" content=\"Escrito por\" \/>\n\t<meta name=\"twitter:data1\" content=\"Fernando Barrios\" \/>\n\t<meta name=\"twitter:label2\" content=\"Tiempo de lectura\" \/>\n\t<meta name=\"twitter:data2\" content=\"6 minutos\" \/>\n<!-- \/ Yoast SEO plugin. -->","yoast_head_json":{"title":"\u201cExercise Book\u201d de Alberto Lastreto - Cooltivarte Portal","description":"COOLTIVARTE.COM es un portal digital colaborativo de actualizaci\u00f3n permanente dedicado a difundir el acontecer art\u00edstico y cultural, entrevista artistas, gestores y productores de las diferentes disciplinas del arte, y publicando art\u00edculos de reflexi\u00f3n de producci\u00f3n propia sobre los elementos culturales.","robots":{"index":"index","follow":"follow","max-snippet":"max-snippet:-1","max-image-preview":"max-image-preview:large","max-video-preview":"max-video-preview:-1"},"canonical":"https:\/\/cooltivarte.com\/portal\/exercise-book-de-alberto-lastreto\/","og_locale":"es_ES","og_type":"article","og_title":"\u201cExercise Book\u201d de Alberto Lastreto - Cooltivarte Portal","og_description":"COOLTIVARTE.COM es un portal digital colaborativo de actualizaci\u00f3n permanente dedicado a difundir el acontecer art\u00edstico y cultural, entrevista artistas, gestores y productores de las diferentes disciplinas del arte, y publicando art\u00edculos de reflexi\u00f3n de producci\u00f3n propia sobre los elementos culturales.","og_url":"https:\/\/cooltivarte.com\/portal\/exercise-book-de-alberto-lastreto\/","og_site_name":"Cooltivarte Portal","article_publisher":"https:\/\/www.facebook.com\/cooltivartecom\/","article_author":"https:\/\/www.facebook.com\/fernando.barrios.986","article_published_time":"2016-06-17T14:18:47+00:00","article_modified_time":"2016-08-11T14:17:49+00:00","og_image":[{"width":796,"height":397,"url":"https:\/\/cooltivarte.com\/portal\/wp-content\/uploads\/2016\/06\/Alberto-Lastreto.jpg","type":"image\/jpeg"}],"author":"Fernando Barrios","twitter_card":"summary_large_image","twitter_creator":"@https:\/\/x.com\/obolocultural","twitter_site":"@obolocultural","twitter_misc":{"Escrito por":"Fernando Barrios","Tiempo de lectura":"6 minutos"},"schema":{"@context":"https:\/\/schema.org","@graph":[{"@type":"NewsArticle","@id":"https:\/\/cooltivarte.com\/portal\/exercise-book-de-alberto-lastreto\/#article","isPartOf":{"@id":"https:\/\/cooltivarte.com\/portal\/exercise-book-de-alberto-lastreto\/"},"author":{"name":"Fernando Barrios","@id":"https:\/\/cooltivarte.com\/portal\/#\/schema\/person\/068ab547228802a68bb770d57ec2e063"},"headline":"\u201cExercise Book\u201d de Alberto Lastreto","datePublished":"2016-06-17T14:18:47+00:00","dateModified":"2016-08-11T14:17:49+00:00","mainEntityOfPage":{"@id":"https:\/\/cooltivarte.com\/portal\/exercise-book-de-alberto-lastreto\/"},"wordCount":1108,"publisher":{"@id":"https:\/\/cooltivarte.com\/portal\/#organization"},"image":{"@id":"https:\/\/cooltivarte.com\/portal\/exercise-book-de-alberto-lastreto\/#primaryimage"},"thumbnailUrl":"https:\/\/cooltivarte.com\/portal\/wp-content\/uploads\/2016\/06\/Alberto-Lastreto.jpg","keywords":["Arte","Artes Visuales","Artista Visual","Bellas Artes","Cultura","Exposici\u00f3n"],"articleSection":["Campo Contempor\u00e1neo"],"inLanguage":"es-AR"},{"@type":"WebPage","@id":"https:\/\/cooltivarte.com\/portal\/exercise-book-de-alberto-lastreto\/","url":"https:\/\/cooltivarte.com\/portal\/exercise-book-de-alberto-lastreto\/","name":"\u201cExercise Book\u201d de Alberto Lastreto - Cooltivarte Portal","isPartOf":{"@id":"https:\/\/cooltivarte.com\/portal\/#website"},"primaryImageOfPage":{"@id":"https:\/\/cooltivarte.com\/portal\/exercise-book-de-alberto-lastreto\/#primaryimage"},"image":{"@id":"https:\/\/cooltivarte.com\/portal\/exercise-book-de-alberto-lastreto\/#primaryimage"},"thumbnailUrl":"https:\/\/cooltivarte.com\/portal\/wp-content\/uploads\/2016\/06\/Alberto-Lastreto.jpg","datePublished":"2016-06-17T14:18:47+00:00","dateModified":"2016-08-11T14:17:49+00:00","description":"COOLTIVARTE.COM es un portal digital colaborativo de actualizaci\u00f3n permanente dedicado a difundir el acontecer art\u00edstico y cultural, entrevista artistas, gestores y productores de las diferentes disciplinas del arte, y publicando art\u00edculos de reflexi\u00f3n de producci\u00f3n propia sobre los elementos culturales.","breadcrumb":{"@id":"https:\/\/cooltivarte.com\/portal\/exercise-book-de-alberto-lastreto\/#breadcrumb"},"inLanguage":"es-AR","potentialAction":[{"@type":"ReadAction","target":["https:\/\/cooltivarte.com\/portal\/exercise-book-de-alberto-lastreto\/"]}]},{"@type":"ImageObject","inLanguage":"es-AR","@id":"https:\/\/cooltivarte.com\/portal\/exercise-book-de-alberto-lastreto\/#primaryimage","url":"https:\/\/cooltivarte.com\/portal\/wp-content\/uploads\/2016\/06\/Alberto-Lastreto.jpg","contentUrl":"https:\/\/cooltivarte.com\/portal\/wp-content\/uploads\/2016\/06\/Alberto-Lastreto.jpg","width":796,"height":397,"caption":"Alberto Lastreto"},{"@type":"BreadcrumbList","@id":"https:\/\/cooltivarte.com\/portal\/exercise-book-de-alberto-lastreto\/#breadcrumb","itemListElement":[{"@type":"ListItem","position":1,"name":"Portada","item":"https:\/\/cooltivarte.com\/portal\/"},{"@type":"ListItem","position":2,"name":"\u201cExercise Book\u201d de Alberto Lastreto"}]},{"@type":"WebSite","@id":"https:\/\/cooltivarte.com\/portal\/#website","url":"https:\/\/cooltivarte.com\/portal\/","name":"Cooltivarte Portal","description":"Arte, cultura y turismo para el mundo ...","publisher":{"@id":"https:\/\/cooltivarte.com\/portal\/#organization"},"potentialAction":[{"@type":"SearchAction","target":{"@type":"EntryPoint","urlTemplate":"https:\/\/cooltivarte.com\/portal\/?s={search_term_string}"},"query-input":{"@type":"PropertyValueSpecification","valueRequired":true,"valueName":"search_term_string"}}],"inLanguage":"es-AR"},{"@type":"Organization","@id":"https:\/\/cooltivarte.com\/portal\/#organization","name":"cooltivarte","url":"https:\/\/cooltivarte.com\/portal\/","logo":{"@type":"ImageObject","inLanguage":"es-AR","@id":"https:\/\/cooltivarte.com\/portal\/#\/schema\/logo\/image\/","url":"https:\/\/cooltivarte.com\/portal\/wp-content\/uploads\/2020\/04\/logo-cooltivarte-v2.png","contentUrl":"https:\/\/cooltivarte.com\/portal\/wp-content\/uploads\/2020\/04\/logo-cooltivarte-v2.png","width":851,"height":243,"caption":"cooltivarte"},"image":{"@id":"https:\/\/cooltivarte.com\/portal\/#\/schema\/logo\/image\/"},"sameAs":["https:\/\/www.facebook.com\/cooltivartecom\/","https:\/\/x.com\/obolocultural","https:\/\/www.instagram.com\/_cooltivarte_\/","https:\/\/www.linkedin.com\/company\/-bolocultural?reportsuccess=8zaNG1HwhPbAR9iQhZ5rfGeqz_vQFftHun0ZWU0Wy9vNemRJ8vtcKdJvzQfW8XagyOJSKg0XvfJ1dp","https:\/\/www.pinterest.com\/cooltivarte\/","https:\/\/cooltivarte.tumblr.com\/","https:\/\/www.tiktok.com\/@cooltivarte","https:\/\/www.youtube.com\/@PrensaCooltivarte"]},{"@type":"Person","@id":"https:\/\/cooltivarte.com\/portal\/#\/schema\/person\/068ab547228802a68bb770d57ec2e063","name":"Fernando Barrios","image":{"@type":"ImageObject","inLanguage":"es-AR","@id":"https:\/\/cooltivarte.com\/portal\/wp-content\/uploads\/2015\/04\/fernando-barrios-120x120.jpg","url":"https:\/\/cooltivarte.com\/portal\/wp-content\/uploads\/2015\/04\/fernando-barrios-120x120.jpg","contentUrl":"https:\/\/cooltivarte.com\/portal\/wp-content\/uploads\/2015\/04\/fernando-barrios-120x120.jpg","caption":"Fernando Barrios"},"description":"Fernando Barrios Boibo: Integra el Programa de formaci\u00f3n permanente y curadur\u00eda del fac (fundaci\u00f3n de arte contempor\u00e1neo) y el staff editorial de la revista HUGO. Realiza cr\u00edtica literaria en revista Relaciones y de arte contempor\u00e1neo en Cooltivarte. Poeta y narrador. Ha publicado: en prosa El s\u00f3tano y otros cuentos, Desaforismos, ap\u00f3crifos y otras herej\u00edas, en poes\u00eda Parto de gallina, Desamorados o del tiempo perdido, Tri(i)log\u00eda y V\u00f3rtice textual: caja\u00adjuego con textos. Practica el psicoan\u00e1lisis; miembro de la ecole lacanienne de psychanalyse","sameAs":["https:\/\/www.facebook.com\/fernando.barrios.986","https:\/\/www.instagram.com\/_cooltivarte_\/","https:\/\/www.linkedin.com\/company\/-bolocultural","https:\/\/www.pinterest.com\/cooltivarte","https:\/\/x.com\/https:\/\/x.com\/obolocultural","https:\/\/www.youtube.com\/@PrensaCooltivarte","https:\/\/www.tumblr.com\/blog\/cooltivarte"],"url":"https:\/\/cooltivarte.com\/portal\/author\/fernando-barrios\/"}]}},"_links":{"self":[{"href":"https:\/\/cooltivarte.com\/portal\/wp-json\/wp\/v2\/posts\/22298","targetHints":{"allow":["GET"]}}],"collection":[{"href":"https:\/\/cooltivarte.com\/portal\/wp-json\/wp\/v2\/posts"}],"about":[{"href":"https:\/\/cooltivarte.com\/portal\/wp-json\/wp\/v2\/types\/post"}],"author":[{"embeddable":true,"href":"https:\/\/cooltivarte.com\/portal\/wp-json\/wp\/v2\/users\/57"}],"replies":[{"embeddable":true,"href":"https:\/\/cooltivarte.com\/portal\/wp-json\/wp\/v2\/comments?post=22298"}],"version-history":[{"count":7,"href":"https:\/\/cooltivarte.com\/portal\/wp-json\/wp\/v2\/posts\/22298\/revisions"}],"predecessor-version":[{"id":22306,"href":"https:\/\/cooltivarte.com\/portal\/wp-json\/wp\/v2\/posts\/22298\/revisions\/22306"}],"wp:featuredmedia":[{"embeddable":true,"href":"https:\/\/cooltivarte.com\/portal\/wp-json\/wp\/v2\/media\/22299"}],"wp:attachment":[{"href":"https:\/\/cooltivarte.com\/portal\/wp-json\/wp\/v2\/media?parent=22298"}],"wp:term":[{"taxonomy":"category","embeddable":true,"href":"https:\/\/cooltivarte.com\/portal\/wp-json\/wp\/v2\/categories?post=22298"},{"taxonomy":"post_tag","embeddable":true,"href":"https:\/\/cooltivarte.com\/portal\/wp-json\/wp\/v2\/tags?post=22298"}],"curies":[{"name":"wp","href":"https:\/\/api.w.org\/{rel}","templated":true}]}}