{"id":21889,"date":"2016-05-31T02:26:02","date_gmt":"2016-05-31T02:26:02","guid":{"rendered":"http:\/\/cooltivarte.com\/portal\/?p=21889"},"modified":"2024-03-02T14:26:52","modified_gmt":"2024-03-02T17:26:52","slug":"fotorreportaje-a-melisa-machado","status":"publish","type":"post","link":"https:\/\/cooltivarte.com\/portal\/fotorreportaje-a-melisa-machado\/","title":{"rendered":"Fotorreportaje a Melisa Machado"},"content":{"rendered":"<figure id=\"attachment_21890\" aria-describedby=\"caption-attachment-21890\" style=\"width: 960px\" class=\"wp-caption aligncenter\"><img fetchpriority=\"high\" decoding=\"async\" class=\"wp-image-21890 size-full\" title=\"melisa machado - fotorreportaje - mayo 2016 - foto paola scagliotti\" src=\"https:\/\/cooltivarte.com\/portal\/wp-content\/uploads\/2016\/05\/melisa-machado-fotorreportaje-mayo2016-foto-paola-scagliotti.jpg\" alt=\"melisa machado - fotorreportaje - mayo 2016 - foto paola scagliotti\" width=\"960\" height=\"636\" srcset=\"https:\/\/cooltivarte.com\/portal\/wp-content\/uploads\/2016\/05\/melisa-machado-fotorreportaje-mayo2016-foto-paola-scagliotti.jpg 960w, https:\/\/cooltivarte.com\/portal\/wp-content\/uploads\/2016\/05\/melisa-machado-fotorreportaje-mayo2016-foto-paola-scagliotti-300x199.jpg 300w, https:\/\/cooltivarte.com\/portal\/wp-content\/uploads\/2016\/05\/melisa-machado-fotorreportaje-mayo2016-foto-paola-scagliotti-768x509.jpg 768w\" sizes=\"(max-width: 960px) 100vw, 960px\" \/><figcaption id=\"caption-attachment-21890\" class=\"wp-caption-text\">melisa machado &#8211; fotorreportaje &#8211; mayo 2016 &#8211; foto paola scagliotti<\/figcaption><\/figure>\n<p>&nbsp;<\/p>\n<p><b>31 May 2016<\/b><\/p>\n<p style=\"text-align: justify;\">Dicen que soy otra. Dicen que soy una que ama al hermano \u00ady a la hermana\u00ad, que los espera en&nbsp;cuclillas hilando versos. Como las indias, como las japonesas. Ser\u00e1 porque soy shiatsuka, porque&nbsp;se me ha dado por bailar sobre las palabras as\u00ed como bailo sobre los cuerpos de mis hermanos&nbsp;todos, del coraz\u00f3n y del esp\u00edritu. Dicen tambi\u00e9n que converso o convers\u00e9 una vez con Paul Celan y&nbsp;Antonio, el Gamoneda. Nac\u00ed en Durazno y soy poeta, es verdad, soy poeta sin saberlo ni creerlo&nbsp;pero sabi\u00e9ndolo, con el sabor del sapere, desde que soy chiquita, desde que me acuerdo. Mam\u00e1&nbsp;hab\u00eda comprado esos libros que ven\u00edan como encajonados en una enciclopedia y yo iba y los le\u00eda&nbsp;con voracidad y placer, y hac\u00eda copy\u00adpaste, sin computadora ni disco duro, ni celulares ni nada.<\/p>\n<p style=\"text-align: justify;\">Solo papelitos y hojas y cuadernos. Y la silla de la abuela dada vuelta para que me hiciera de&nbsp;escritorio. Un gato ac\u00e1 y un gato all\u00e1. Como ahora. Como siempre. Porque la verdad se hace canto&nbsp;y palabra, sobre los seres y las cosas. Para el bien com\u00fan y sus maneras. Y las vocales caen como&nbsp;frutas jugosas de los dedos y se hacen agua en la lengua de la boca. Y todos celebramos la poes\u00eda&nbsp;incandescente como carb\u00f3n alzado hasta los labios. Fui y soy m\u00e1s all\u00e1 de este cuerpo, de esta edad&nbsp;y de este nombre. &#8220;Melisa&#8221;, dijo mi madre. Y as\u00ed me llamo. Como la planta c\u00edtrica o la abeja que&nbsp;hace miel. Y sale de ah\u00ed el agua buena, y de la otra tambi\u00e9n, porque eso somos: carozo que anida&nbsp;bajo una forma humana y vive un tiempo finito donde se nos da por estampar palabras para el&nbsp;dolor y el goce, de unos pocos o de unos cuantos, o para la absoluta indiferencia de otros que ni&nbsp;ojean \u00adni hojean\u00ad aquello que llamamos poes\u00eda. Y est\u00e1 bien as\u00ed. Porque despu\u00e9s de todo, qu\u00e9 somos&nbsp;los poetas? Locos sin remedio, amapolas del olvido y la memoria. Animales o aves deslizados&nbsp;sobre ramas y follajes, en busca del viento que dice las palabras que existen desde siempre, dichas&nbsp;ahora, quiz\u00e1s, bajo otra forma. Como escribe Paul, el Celan: &#8220;Yo soy m\u00e1s liviano (a): canto ante&nbsp;extra\u00f1os&#8221;. Para el mayor bien de todos los implicados. Sube ahora, lector, la palabra hasta los&nbsp;labios, abre la boca, muerde y traga, el delicado bocado que encuentres \u00ado no\u00ad en estos versos.<\/p>\n<p>&nbsp;<br \/>\n&nbsp;<\/p>\n<p>ngg_shortcode_0_placeholder&nbsp;<br \/>\n&nbsp;<\/p>\n<p style=\"text-align: justify;\">I. El lujo de la carne<\/p>\n<p style=\"text-align: justify;\">viste la untuosa escama de la noche.<\/p>\n<p style=\"text-align: justify;\">Llevo la edad en cada hueso,<\/p>\n<p style=\"text-align: justify;\">en cada cart\u00edlago inmenso.<\/p>\n<p style=\"text-align: justify;\">Umbr\u00eda y afilada,<\/p>\n<p style=\"text-align: justify;\">toco el vientre de dios.<\/p>\n<p style=\"text-align: justify;\">Asciendo,<\/p>\n<p style=\"text-align: justify;\">profunda y oscura como el agua.<\/p>\n<p>&nbsp;<br \/>\n&nbsp;<\/p>\n<p style=\"text-align: justify;\">II.Viajo sangre abajo,<\/p>\n<p style=\"text-align: justify;\">joven y anciana como el pa\u00eds de los duraznos.<\/p>\n<p style=\"text-align: justify;\">Siete veces nombr\u00e9 la puerta<\/p>\n<p style=\"text-align: justify;\">y ella se abri\u00f3 y qued\u00f3 abierta.<\/p>\n<p style=\"text-align: justify;\">Anud\u00e9 el coraz\u00f3n,<\/p>\n<p style=\"text-align: justify;\">el propio y el de los extra\u00f1os.<\/p>\n<p style=\"text-align: justify;\">Dije negro, rojo, blanco.<\/p>\n<p style=\"text-align: justify;\">Hasta beber los delicados brotes de la lluvia.<\/p>\n<p style=\"text-align: justify;\">M.M<\/p>\n<p>&nbsp;<\/p>\n","protected":false},"excerpt":{"rendered":"<p>Dicen que soy otra. Dicen que soy una que ama al hermano \u00ady a la hermana\u00ad, que los espera en\u00a0cuclillas hilando versos. Como las indias, como las japonesas. Ser\u00e1 porque soy shiatsuka, porque\u00a0se me ha dado por bailar sobre las palabras as\u00ed como bailo sobre los cuerpos de mis hermanos\u00a0todos, del coraz\u00f3n y del esp\u00edritu. Dicen tambi\u00e9n que converso o convers\u00e9 una vez con Paul Celan y\u00a0Antonio, el Gamoneda. Nac\u00ed en Durazno y soy poeta, es verdad, soy poeta sin saberlo ni creerlo\u00a0pero sabi\u00e9ndolo, con el sabor del sapere, desde que soy chiquita, desde que me acuerdo. Mam\u00e1\u00a0hab\u00eda comprado esos libros que ven\u00edan como encajonados en una enciclopedia y yo iba y los le\u00eda\u00a0con voracidad y placer, y hac\u00eda copy\u00adpaste, sin computadora ni disco duro, ni celulares ni nada.<\/p>\n","protected":false},"author":60,"featured_media":21890,"comment_status":"closed","ping_status":"closed","sticky":false,"template":"","format":"standard","meta":{"om_disable_all_campaigns":false,"ngg_post_thumbnail":0,"jnews-multi-image_gallery":[],"jnews_single_post":{"subtitle":"","format":"standard","video":"","gallery":"","source_name":"","source_url":"","via_name":"","via_url":"","override_template":"0","override":[{"template":"1","single_blog_custom":"","parallax":"1","fullscreen":"1","layout":"right-sidebar","sidebar":"default-sidebar","second_sidebar":"default-sidebar","sticky_sidebar":"1","share_position":"top","share_float_style":"share-monocrhome","show_share_counter":"1","show_view_counter":"1","show_featured":"1","show_post_meta":"1","show_post_author":"1","show_post_author_image":"1","show_post_date":"1","post_date_format":"default","post_date_format_custom":"Y\/m\/d","show_post_category":"1","show_post_reading_time":"0","post_reading_time_wpm":"300","show_zoom_button":"0","zoom_button_out_step":"2","zoom_button_in_step":"3","show_post_tag":"1","show_prev_next_post":"1","show_popup_post":"1","number_popup_post":"1","show_author_box":"0","show_post_related":"0","show_inline_post_related":"0"}],"override_image_size":"0","image_override":[{"single_post_thumbnail_size":"crop-500","single_post_gallery_size":"crop-500"}],"trending_post":"0","trending_post_position":"meta","trending_post_label":"Trending","sponsored_post":"0","sponsored_post_label":"Sponsored by","sponsored_post_name":"","sponsored_post_url":"","sponsored_post_logo_enable":"0","sponsored_post_logo":"","sponsored_post_desc":"","disable_ad":"0"},"jnews_primary_category":{"id":"","hide":""},"jnews_social_meta":{"fb_title":"","fb_description":"","fb_image":"","twitter_title":"","twitter_description":"","twitter_image":""},"jnews_override_counter":{"override_view_counter":"0","view_counter_number":"0","override_share_counter":"0","share_counter_number":"0","override_like_counter":"0","like_counter_number":"0","override_dislike_counter":"0","dislike_counter_number":"0"},"footnotes":""},"categories":[3688],"tags":[331,102,342,364,4425,197],"class_list":["post-21889","post","type-post","status-publish","format-standard","has-post-thumbnail","hentry","category-fotopoetas","tag-foto","tag-fotografia","tag-libro","tag-literatura","tag-melisa-machado","tag-poesia-2"],"yoast_head":"<!-- This site is optimized with the Yoast SEO plugin v27.5 - https:\/\/yoast.com\/product\/yoast-seo-wordpress\/ -->\n<title>Fotorreportaje a Melisa Machado - Cooltivarte Portal<\/title>\n<meta name=\"description\" content=\"Nac\u00ed en Durazno y soy poeta, es verdad, soy poeta sin saberlo ni creerlo\u00a0pero sabi\u00e9ndolo, con el sabor del sapere, desde que soy chiquita, desde que me acuerdo. Mam\u00e1\u00a0hab\u00eda comprado esos libros que ven\u00edan como encajonados en una enciclopedia y yo iba y los le\u00eda\u00a0con voracidad y placer, y hac\u00eda copy\u00adpaste, sin computadora ni disco duro, ni celulares ni nada.\" \/>\n<meta name=\"robots\" content=\"index, follow, max-snippet:-1, max-image-preview:large, max-video-preview:-1\" \/>\n<link rel=\"canonical\" href=\"https:\/\/cooltivarte.com\/portal\/fotorreportaje-a-melisa-machado\/\" \/>\n<meta property=\"og:locale\" content=\"es_ES\" \/>\n<meta property=\"og:type\" content=\"article\" \/>\n<meta property=\"og:title\" content=\"Fotorreportaje a Melisa Machado - Cooltivarte Portal\" \/>\n<meta property=\"og:description\" content=\"Nac\u00ed en Durazno y soy poeta, es verdad, soy poeta sin saberlo ni creerlo\u00a0pero sabi\u00e9ndolo, con el sabor del sapere, desde que soy chiquita, desde que me acuerdo. Mam\u00e1\u00a0hab\u00eda comprado esos libros que ven\u00edan como encajonados en una enciclopedia y yo iba y los le\u00eda\u00a0con voracidad y placer, y hac\u00eda copy\u00adpaste, sin computadora ni disco duro, ni celulares ni nada.\" \/>\n<meta property=\"og:url\" content=\"https:\/\/cooltivarte.com\/portal\/fotorreportaje-a-melisa-machado\/\" \/>\n<meta property=\"og:site_name\" content=\"Cooltivarte Portal\" \/>\n<meta property=\"article:publisher\" content=\"https:\/\/www.facebook.com\/cooltivartecom\/\" \/>\n<meta property=\"article:author\" content=\"https:\/\/www.facebook.com\/paolasca\" \/>\n<meta property=\"article:published_time\" content=\"2016-05-31T02:26:02+00:00\" \/>\n<meta property=\"article:modified_time\" content=\"2024-03-02T17:26:52+00:00\" \/>\n<meta property=\"og:image\" content=\"https:\/\/cooltivarte.com\/portal\/wp-content\/uploads\/2016\/05\/melisa-machado-fotorreportaje-mayo2016-foto-paola-scagliotti.jpg\" \/>\n\t<meta property=\"og:image:width\" content=\"960\" \/>\n\t<meta property=\"og:image:height\" content=\"636\" \/>\n\t<meta property=\"og:image:type\" content=\"image\/jpeg\" \/>\n<meta name=\"author\" content=\"Paola Scagliotti\" \/>\n<meta name=\"twitter:card\" content=\"summary_large_image\" \/>\n<meta name=\"twitter:creator\" content=\"@https:\/\/x.com\/obolocultural\" \/>\n<meta name=\"twitter:site\" content=\"@obolocultural\" \/>\n<meta name=\"twitter:label1\" content=\"Escrito por\" \/>\n\t<meta name=\"twitter:data1\" content=\"Paola Scagliotti\" \/>\n\t<meta name=\"twitter:label2\" content=\"Tiempo de lectura\" \/>\n\t<meta name=\"twitter:data2\" content=\"3 minutos\" \/>\n<!-- \/ Yoast SEO plugin. -->","yoast_head_json":{"title":"Fotorreportaje a Melisa Machado - Cooltivarte Portal","description":"Nac\u00ed en Durazno y soy poeta, es verdad, soy poeta sin saberlo ni creerlo\u00a0pero sabi\u00e9ndolo, con el sabor del sapere, desde que soy chiquita, desde que me acuerdo. Mam\u00e1\u00a0hab\u00eda comprado esos libros que ven\u00edan como encajonados en una enciclopedia y yo iba y los le\u00eda\u00a0con voracidad y placer, y hac\u00eda copy\u00adpaste, sin computadora ni disco duro, ni celulares ni nada.","robots":{"index":"index","follow":"follow","max-snippet":"max-snippet:-1","max-image-preview":"max-image-preview:large","max-video-preview":"max-video-preview:-1"},"canonical":"https:\/\/cooltivarte.com\/portal\/fotorreportaje-a-melisa-machado\/","og_locale":"es_ES","og_type":"article","og_title":"Fotorreportaje a Melisa Machado - Cooltivarte Portal","og_description":"Nac\u00ed en Durazno y soy poeta, es verdad, soy poeta sin saberlo ni creerlo\u00a0pero sabi\u00e9ndolo, con el sabor del sapere, desde que soy chiquita, desde que me acuerdo. Mam\u00e1\u00a0hab\u00eda comprado esos libros que ven\u00edan como encajonados en una enciclopedia y yo iba y los le\u00eda\u00a0con voracidad y placer, y hac\u00eda copy\u00adpaste, sin computadora ni disco duro, ni celulares ni nada.","og_url":"https:\/\/cooltivarte.com\/portal\/fotorreportaje-a-melisa-machado\/","og_site_name":"Cooltivarte Portal","article_publisher":"https:\/\/www.facebook.com\/cooltivartecom\/","article_author":"https:\/\/www.facebook.com\/paolasca","article_published_time":"2016-05-31T02:26:02+00:00","article_modified_time":"2024-03-02T17:26:52+00:00","og_image":[{"width":960,"height":636,"url":"https:\/\/cooltivarte.com\/portal\/wp-content\/uploads\/2016\/05\/melisa-machado-fotorreportaje-mayo2016-foto-paola-scagliotti.jpg","type":"image\/jpeg"}],"author":"Paola Scagliotti","twitter_card":"summary_large_image","twitter_creator":"@https:\/\/x.com\/obolocultural","twitter_site":"@obolocultural","twitter_misc":{"Escrito por":"Paola Scagliotti","Tiempo de lectura":"3 minutos"},"schema":{"@context":"https:\/\/schema.org","@graph":[{"@type":"NewsArticle","@id":"https:\/\/cooltivarte.com\/portal\/fotorreportaje-a-melisa-machado\/#article","isPartOf":{"@id":"https:\/\/cooltivarte.com\/portal\/fotorreportaje-a-melisa-machado\/"},"author":{"name":"Paola Scagliotti","@id":"https:\/\/cooltivarte.com\/portal\/#\/schema\/person\/ddaecac21a91a49b0342429c2d282189"},"headline":"Fotorreportaje a Melisa Machado","datePublished":"2016-05-31T02:26:02+00:00","dateModified":"2024-03-02T17:26:52+00:00","mainEntityOfPage":{"@id":"https:\/\/cooltivarte.com\/portal\/fotorreportaje-a-melisa-machado\/"},"wordCount":578,"publisher":{"@id":"https:\/\/cooltivarte.com\/portal\/#organization"},"image":{"@id":"https:\/\/cooltivarte.com\/portal\/fotorreportaje-a-melisa-machado\/#primaryimage"},"thumbnailUrl":"https:\/\/cooltivarte.com\/portal\/wp-content\/uploads\/2016\/05\/melisa-machado-fotorreportaje-mayo2016-foto-paola-scagliotti.jpg","keywords":["Foto","Fotograf\u00eda","Libro","Literatura","Melisa Machado","Poes\u00eda"],"articleSection":["FotoPoetas"],"inLanguage":"es-AR"},{"@type":"WebPage","@id":"https:\/\/cooltivarte.com\/portal\/fotorreportaje-a-melisa-machado\/","url":"https:\/\/cooltivarte.com\/portal\/fotorreportaje-a-melisa-machado\/","name":"Fotorreportaje a Melisa Machado - Cooltivarte Portal","isPartOf":{"@id":"https:\/\/cooltivarte.com\/portal\/#website"},"primaryImageOfPage":{"@id":"https:\/\/cooltivarte.com\/portal\/fotorreportaje-a-melisa-machado\/#primaryimage"},"image":{"@id":"https:\/\/cooltivarte.com\/portal\/fotorreportaje-a-melisa-machado\/#primaryimage"},"thumbnailUrl":"https:\/\/cooltivarte.com\/portal\/wp-content\/uploads\/2016\/05\/melisa-machado-fotorreportaje-mayo2016-foto-paola-scagliotti.jpg","datePublished":"2016-05-31T02:26:02+00:00","dateModified":"2024-03-02T17:26:52+00:00","description":"Nac\u00ed en Durazno y soy poeta, es verdad, soy poeta sin saberlo ni creerlo\u00a0pero sabi\u00e9ndolo, con el sabor del sapere, desde que soy chiquita, desde que me acuerdo. Mam\u00e1\u00a0hab\u00eda comprado esos libros que ven\u00edan como encajonados en una enciclopedia y yo iba y los le\u00eda\u00a0con voracidad y placer, y hac\u00eda copy\u00adpaste, sin computadora ni disco duro, ni celulares ni nada.","breadcrumb":{"@id":"https:\/\/cooltivarte.com\/portal\/fotorreportaje-a-melisa-machado\/#breadcrumb"},"inLanguage":"es-AR","potentialAction":[{"@type":"ReadAction","target":["https:\/\/cooltivarte.com\/portal\/fotorreportaje-a-melisa-machado\/"]}]},{"@type":"ImageObject","inLanguage":"es-AR","@id":"https:\/\/cooltivarte.com\/portal\/fotorreportaje-a-melisa-machado\/#primaryimage","url":"https:\/\/cooltivarte.com\/portal\/wp-content\/uploads\/2016\/05\/melisa-machado-fotorreportaje-mayo2016-foto-paola-scagliotti.jpg","contentUrl":"https:\/\/cooltivarte.com\/portal\/wp-content\/uploads\/2016\/05\/melisa-machado-fotorreportaje-mayo2016-foto-paola-scagliotti.jpg","width":960,"height":636,"caption":"melisa-machado-fotorreportaje-mayo2016-foto-paola-scagliotti"},{"@type":"BreadcrumbList","@id":"https:\/\/cooltivarte.com\/portal\/fotorreportaje-a-melisa-machado\/#breadcrumb","itemListElement":[{"@type":"ListItem","position":1,"name":"Portada","item":"https:\/\/cooltivarte.com\/portal\/"},{"@type":"ListItem","position":2,"name":"Fotorreportaje a Melisa Machado"}]},{"@type":"WebSite","@id":"https:\/\/cooltivarte.com\/portal\/#website","url":"https:\/\/cooltivarte.com\/portal\/","name":"Cooltivarte Portal","description":"Arte, cultura y turismo para el mundo ...","publisher":{"@id":"https:\/\/cooltivarte.com\/portal\/#organization"},"potentialAction":[{"@type":"SearchAction","target":{"@type":"EntryPoint","urlTemplate":"https:\/\/cooltivarte.com\/portal\/?s={search_term_string}"},"query-input":{"@type":"PropertyValueSpecification","valueRequired":true,"valueName":"search_term_string"}}],"inLanguage":"es-AR"},{"@type":"Organization","@id":"https:\/\/cooltivarte.com\/portal\/#organization","name":"cooltivarte","url":"https:\/\/cooltivarte.com\/portal\/","logo":{"@type":"ImageObject","inLanguage":"es-AR","@id":"https:\/\/cooltivarte.com\/portal\/#\/schema\/logo\/image\/","url":"https:\/\/cooltivarte.com\/portal\/wp-content\/uploads\/2020\/04\/logo-cooltivarte-v2.png","contentUrl":"https:\/\/cooltivarte.com\/portal\/wp-content\/uploads\/2020\/04\/logo-cooltivarte-v2.png","width":851,"height":243,"caption":"cooltivarte"},"image":{"@id":"https:\/\/cooltivarte.com\/portal\/#\/schema\/logo\/image\/"},"sameAs":["https:\/\/www.facebook.com\/cooltivartecom\/","https:\/\/x.com\/obolocultural","https:\/\/www.instagram.com\/_cooltivarte_\/","https:\/\/www.linkedin.com\/company\/-bolocultural?reportsuccess=8zaNG1HwhPbAR9iQhZ5rfGeqz_vQFftHun0ZWU0Wy9vNemRJ8vtcKdJvzQfW8XagyOJSKg0XvfJ1dp","https:\/\/www.pinterest.com\/cooltivarte\/","https:\/\/cooltivarte.tumblr.com\/","https:\/\/www.tiktok.com\/@cooltivarte","https:\/\/www.youtube.com\/@PrensaCooltivarte"]},{"@type":"Person","@id":"https:\/\/cooltivarte.com\/portal\/#\/schema\/person\/ddaecac21a91a49b0342429c2d282189","name":"Paola Scagliotti","image":{"@type":"ImageObject","inLanguage":"es-AR","@id":"https:\/\/cooltivarte.com\/portal\/wp-content\/uploads\/2016\/01\/Paola-Scagliotti.jpg","url":"https:\/\/cooltivarte.com\/portal\/wp-content\/uploads\/2016\/01\/Paola-Scagliotti.jpg","contentUrl":"https:\/\/cooltivarte.com\/portal\/wp-content\/uploads\/2016\/01\/Paola-Scagliotti.jpg","caption":"Paola Scagliotti"},"description":"Soy fot\u00f3grafa y Licenciada en Ciencias de la Comunicaci\u00f3n. Llevo adelante desde hace varios a\u00f1os el registro de la movida po\u00e9tica uruguaya, sus actores y sus ciclos. Formo parte de los proyectos Poes\u00edas Perform\u00e1ticas y En el Camino de los Perros, tambi\u00e9n colaboro con otros proyectos culturales c\u00f3mo ser Mundial Po\u00e9tico y Slam MVD. Muchas de mis fotograf\u00edas acompa\u00f1an antolog\u00edas po\u00e9ticas, libros de poes\u00eda y art\u00edculos en medios de prensa c\u00f3mo Brecha, El Pa\u00eds Cultural, El Observador, La Diaria, entre otros. En 2016 realic\u00e9 mi primera exposici\u00f3n fotogr\u00e1fica \u201cRetratos Po\u00e9ticos\u201d y en 2018 present\u00e9 \u201cRetratos Po\u00e9ticos II\u201d en el Museo del Gaucho y la Moneda. Parte de esta muestra form\u00f3 parte de la 3a Bienal Internacional de Poes\u00eda de San Jos\u00e9. Tambi\u00e9n tuve el placer de exponer mi tercera muestra fotogr\u00e1fica \u201cEn el Camino de los Perros\u201d en IMPO y en la Fundaci\u00f3n Nancy Bacelo. Desde 2015 colaboro en el portal \u201ccooltivarte\u201d realizando la cobertura de diferentes eventos culturales y llevando adelante una secci\u00f3n de fotorreportajes a poetas uruguayos llamado \u201cFotopoetas\u201d.","sameAs":["https:\/\/www.facebook.com\/paolasca","https:\/\/www.instagram.com\/pao.scag\/","https:\/\/www.linkedin.com\/company\/-bolocultural\/","https:\/\/www.pinterest.com\/cooltivarte\/","https:\/\/x.com\/https:\/\/x.com\/obolocultural","https:\/\/www.youtube.com\/@PrensaCooltivarte","https:\/\/cooltivarte.tumblr.com\/"],"url":"https:\/\/cooltivarte.com\/portal\/author\/paola-scagliotti\/"}]}},"_links":{"self":[{"href":"https:\/\/cooltivarte.com\/portal\/wp-json\/wp\/v2\/posts\/21889","targetHints":{"allow":["GET"]}}],"collection":[{"href":"https:\/\/cooltivarte.com\/portal\/wp-json\/wp\/v2\/posts"}],"about":[{"href":"https:\/\/cooltivarte.com\/portal\/wp-json\/wp\/v2\/types\/post"}],"author":[{"embeddable":true,"href":"https:\/\/cooltivarte.com\/portal\/wp-json\/wp\/v2\/users\/60"}],"replies":[{"embeddable":true,"href":"https:\/\/cooltivarte.com\/portal\/wp-json\/wp\/v2\/comments?post=21889"}],"version-history":[{"count":7,"href":"https:\/\/cooltivarte.com\/portal\/wp-json\/wp\/v2\/posts\/21889\/revisions"}],"predecessor-version":[{"id":99886,"href":"https:\/\/cooltivarte.com\/portal\/wp-json\/wp\/v2\/posts\/21889\/revisions\/99886"}],"wp:featuredmedia":[{"embeddable":true,"href":"https:\/\/cooltivarte.com\/portal\/wp-json\/wp\/v2\/media\/21890"}],"wp:attachment":[{"href":"https:\/\/cooltivarte.com\/portal\/wp-json\/wp\/v2\/media?parent=21889"}],"wp:term":[{"taxonomy":"category","embeddable":true,"href":"https:\/\/cooltivarte.com\/portal\/wp-json\/wp\/v2\/categories?post=21889"},{"taxonomy":"post_tag","embeddable":true,"href":"https:\/\/cooltivarte.com\/portal\/wp-json\/wp\/v2\/tags?post=21889"}],"curies":[{"name":"wp","href":"https:\/\/api.w.org\/{rel}","templated":true}]}}