{"id":21836,"date":"2016-05-28T16:57:59","date_gmt":"2016-05-28T16:57:59","guid":{"rendered":"http:\/\/cooltivarte.com\/portal\/?p=21836"},"modified":"2025-07-23T16:10:33","modified_gmt":"2025-07-23T19:10:33","slug":"esta-muestra-no-tiene-nombre-entrevista-a-ca_teter","status":"publish","type":"post","link":"https:\/\/cooltivarte.com\/portal\/esta-muestra-no-tiene-nombre-entrevista-a-ca_teter\/","title":{"rendered":"\u201cEsta muestra no tiene nombre\u201d Entrevista a ca_teter"},"content":{"rendered":"<figure id=\"attachment_21839\" aria-describedby=\"caption-attachment-21839\" style=\"width: 844px\" class=\"wp-caption aligncenter\"><img fetchpriority=\"high\" decoding=\"async\" class=\"wp-image-21839 size-full\" title=\"autorretrato ca-teter\" src=\"https:\/\/cooltivarte.com\/portal\/wp-content\/uploads\/2016\/05\/autorretrato-ca-teter.jpg\" alt=\"autorretrato ca-teter\" width=\"844\" height=\"838\" srcset=\"https:\/\/cooltivarte.com\/portal\/wp-content\/uploads\/2016\/05\/autorretrato-ca-teter.jpg 844w, https:\/\/cooltivarte.com\/portal\/wp-content\/uploads\/2016\/05\/autorretrato-ca-teter-300x298.jpg 300w, https:\/\/cooltivarte.com\/portal\/wp-content\/uploads\/2016\/05\/autorretrato-ca-teter-150x150.jpg 150w, https:\/\/cooltivarte.com\/portal\/wp-content\/uploads\/2016\/05\/autorretrato-ca-teter-768x763.jpg 768w, https:\/\/cooltivarte.com\/portal\/wp-content\/uploads\/2016\/05\/autorretrato-ca-teter-120x120.jpg 120w\" sizes=\"(max-width: 844px) 100vw, 844px\" \/><figcaption id=\"caption-attachment-21839\" class=\"wp-caption-text\">autorretrato ca-teter<\/figcaption><\/figure>\n<p>&nbsp;<\/p>\n<p style=\"text-align: justify;\">Conversamos con <a href=\"http:\/\/cateter.wix.com\/arte\" target=\"_blank\" rel=\"noopener\"><strong>ca_teter<\/strong><\/a>, a prop\u00f3sito de su muestra en Margat este viernes 26 de mayo 2016, en el marco de 1 artista 1 mes organizado por <a href=\"https:\/\/www.facebook.com\/acatrasdelmercado\/?fref=ts\" target=\"_blank\" rel=\"noopener\">Acatras del mercado<\/a>.<\/p>\n<p style=\"text-align: justify;\"><a href=\"http:\/\/cateter.wix.com\/arte\" target=\"_blank\" rel=\"noopener\"><strong>ca_teter<\/strong><\/a><\/p>\n<p style=\"text-align: justify;\">Estudia por 5 a\u00f1os en el Taller de Historietas y caricaturas de <a href=\"https:\/\/cooltivarte.com\/portal\/?s=Ferm%C3%ADn+Hontou\"><strong>Ferm\u00edn Hontou<\/strong><\/a> (OMBU) y <a href=\"https:\/\/cooltivarte.com\/portal\/?s=Tunda+Prada\"><strong>Tunda Prada<\/strong><\/a>.<br \/>\nEn el a\u00f1o 2006 ingresa al IENBA (bellas artes) y luego estudia en el taller de <a href=\"https:\/\/cooltivarte.com\/portal\/?s=Carlos+Musso\"><strong>Carlos Musso<\/strong><\/a>.<br \/>\nEn 2014 egresa de Licenciatura en Artes Visuales \/ IENBA.<\/p>\n<p style=\"text-align: justify;\">En el a\u00f1o 2012 es seleccionado como artista participante en el Coaching \/ Taller de discusi\u00f3n de obra a cargo de&nbsp;<strong>Daniel Fischer<\/strong> (Argentina) organizado por el Espacio de Arte Contempor\u00e1neo.<br \/>\nDesde el a\u00f1o 2009 expone obra en diversas galer\u00edas y espacios de arte en Montevideo, y recientemente en Santa&nbsp;Cruz, Bolivia.<\/p>\n<p style=\"text-align: justify;\">Obtiene en 2014 y 2015 Menci\u00f3n en el Premio de Ilustraci\u00f3n de Literatura Infantil y Juvenil.<\/p>\n<p style=\"text-align: justify;\">Desde el a\u00f1o 2007 hasta la fecha realiza talleres de dibujo e ilustraci\u00f3n.<\/p>\n<p>&nbsp;<\/p>\n<p style=\"text-align: justify;\"><strong>-Contanos \u00bfcomo surge esta muestra y que criterios utilizaste para seleccionar lo que ibas a mostrar?<\/strong><\/p>\n<p style=\"text-align: justify;\">Esta muestra surge como una iniciativa de la galer\u00eda Acatr\u00e1s y Natalia Pereira que me invitan a participar del ciclo&nbsp;\u201c<em>1 artista 1 mes<\/em>\u201d. La \u00faltima muestra individual que hab\u00eda hecho fue en mayo del 2015 en la Galer\u00eda Roggia y&nbsp;sent\u00eda que hab\u00eda nuevas cosas que ten\u00eda ganas de decir o plantear en relaci\u00f3n a mi trabajo.<\/p>\n<p style=\"text-align: justify;\">Para la selecci\u00f3n de las obras me interes\u00f3 que fueran trabajos de estos \u00faltimos meses junto a obras anteriores de&nbsp;hace 2 o 4 a\u00f1os. Intent\u00e9 desatar v\u00ednculos o plantear incertidumbres entre las diferentes piezas y el espacio de la&nbsp;sala. Trate de agrupar las obras en grupos de a tres porque es un n\u00famero que me gusta mucho y en el que vengo&nbsp;pensando desde hace unos a\u00f1os.<\/p>\n<p>&nbsp;<\/p>\n<p style=\"text-align: justify;\"><strong>-En una ficha que recibe el que asiste a la muestra decis: \u201cEsta muestra no tiene nombre\u201d, \u00bfcomo lleg\u00e1s a&nbsp;esa decisi\u00f3n, la de no nombrar la muestra?<\/strong><\/p>\n<p style=\"text-align: justify;\">Me sugirieron escribir un texto en relaci\u00f3n a lo que iba a mostrar. Entonces decid\u00ed escribir un texto descriptivo de&nbsp;lo que se pod\u00eda ver en la sala. Una especie de breve gu\u00eda de viaje para poder recorrer la muestra, de ah\u00ed que la&nbsp;muestra no tenga nombre, no lo busca. Solo es una muestra de pinturas que indagan en un momento de mi vida.<\/p>\n<p>&nbsp;<\/p>\n<p style=\"text-align: justify;\"><strong>-En la misma ficha habl\u00e1s de reciclado de tu obra, \u00bfen que consisti\u00f3 ese proceso de reciclado?<\/strong><\/p>\n<p style=\"text-align: justify;\">Consisti\u00f3 en re utilizar pinturas de hace unos a\u00f1os para construir obras nuevas. En el caso de los retratos de la&nbsp;cafeter\u00eda pinte arriba de las pinturas originales para construir nuevas piezas. En el caso del ensamble de m\u00e1scaras&nbsp;de animales de la sala contigua trabaj\u00e9 recortando, y re-utilizando pinturas para usarlas como soporte de una&nbsp;nueva obra.<\/p>\n<p>&nbsp;<\/p>\n<p style=\"text-align: justify;\"><strong>-\u00bfC\u00f3mo te ubicar\u00edas en el campo del arte contempor\u00e1neo? \u00bfSent\u00eds que dialogas con la obra de otros&nbsp;artistas de la escena local?, \u00bfcon cuales y de que modo se da ese di\u00e1logo?<\/strong><\/p>\n<p style=\"text-align: justify;\">No se bien que lugar tengo dentro del campo del arte contempor\u00e1neo, no tengo ansiedad por buscar pertenecer a&nbsp;ning\u00fan lugar en concreto. Generalmente expongo cuando siento que tengo algo para decir, algo que me gustar\u00eda&nbsp;compartir con los dem\u00e1s, cuando siento que me gustar\u00eda tirar un pensamiento y ver que sucede o cuando quiero&nbsp;sacarme una carga de encima, limpiarme un poco para seguir.<\/p>\n<p style=\"text-align: justify;\">No tengo claro como se vincula lo que hago con los dem\u00e1s artistas, todos somos parte de este tiempo, de este&nbsp;lugar y eso nos afecta en alg\u00fan sentido y nos conecta a la vez. Creo en las conexiones en todos los sentidos y no&nbsp;solo entre artistas.<\/p>\n<p>&nbsp;<\/p>\n<p style=\"text-align: justify;\"><strong>-\u00bfcomo definir\u00edas hoy el retrato y en que l\u00ednea de filiaci\u00f3n ubicar\u00edas los tuyos?<\/strong><\/p>\n<p style=\"text-align: justify;\">Pienso el retrato como la mirada del que mira. Y cuando me detengo a mirar el mar y tiro unas acuarelas para&nbsp;retener lo que veo, de alguna forma estoy retratando lo que veo, rescatando lo que quiero salvar, dejando afuera lo&nbsp;que no me interesa, dejando entrar cosas a mi interior y sacando otras hacia afuera, es como una conversaci\u00f3n&nbsp;secreta entre mis inquietudes y lo que es, entonces aparece lo que veo. Lo que veo no es lo que es, sino solo lo que&nbsp;quiero ver. Bueno quiz\u00e1 todo se trata de continuos autorretratos.<\/p>\n<p>&nbsp;<\/p>\n<p style=\"text-align: justify;\"><strong>-\u00bfcomo conviven en vos el dibujante, el pintor, el historietista, el ilustrador?<\/strong><\/p>\n<p style=\"text-align: justify;\">Se llevan bien.<\/p>\n<p style=\"text-align: justify;\">A veces se generan conflictos o tensiones pero \u00faltimamente siento que todos los caminos se unen y eso es muy&nbsp;liberador y me gusta porque soy todas esas cosas y otras tambi\u00e9n.<\/p>\n<p>&nbsp;<\/p>\n<p style=\"text-align: justify;\"><strong>-Contanos la historia de los personajes de pesadilla.<\/strong><\/p>\n<p style=\"text-align: justify;\">En el breve texto que se puede leer al llegar a la muestra se describe que se puede ver en cada sala. Y dice que en&nbsp;la otra sala est\u00e1n los personajes de mis pesadillas. Y es cierto.<\/p>\n<p style=\"text-align: justify;\">Por muchos a\u00f1os tuve pesadillas en las que mi cuerpo quedaba paralizado sin poder moverme, dentro de mi&nbsp;habitaci\u00f3n. Pod\u00eda sentir la presencia de seres que suavemente se acercaban hacia mi, pod\u00eda ver la habitaci\u00f3n y mi&nbsp;cuerpo mientras sent\u00eda que no pod\u00eda respirar. Sent\u00eda terror hasta que el terror desaparec\u00eda y no quedaba nada. Otras&nbsp;veces despertaba sin aliento con la garganta seca. En esos a\u00f1os nacieron muchos personajes en mis pinturas y&nbsp;algunas poes\u00edas tambi\u00e9n.<\/p>\n<p style=\"text-align: justify;\">Hace semanas que ya no tengo pesadillas. Y todo est\u00e1 en calma.<\/p>\n<p style=\"text-align: justify;\">Imagen portada:&nbsp;Autorretrato <a href=\"http:\/\/cateter.wix.com\/arte\" target=\"_blank\" rel=\"noopener\"><strong>ca_teter<\/strong><\/a><\/p>\n<p>&nbsp;<\/p>\n","protected":false},"excerpt":{"rendered":"<p>Conversamos con ca_teter, a prop\u00f3sito de su muestra en Margat este viernes 26 de mayo, en el marco de 1 artista\u00a01 mes organizado por Acatras del mercado.<\/p>\n<p>ca_teter<\/p>\n<p>Estudia por 5 a\u00f1os en el Taller de Historietas y caricaturas de Ferm\u00edn Hontou (OMBU) y Tunda Prada.<br \/>\nEn el a\u00f1o 2006 ingresa al IENBA (bellas artes) y luego estudia en el taller de Carlos Musso.<br \/>\nEn 2014 egresa de Licenciatura en Artes Visuales \/ IENBA.<\/p>\n<p>En el a\u00f1o 2012 es seleccionado como artista participante en el Coaching \/ Taller de discusi\u00f3n de obra a cargo de\u00a0Daniel Fischer (Argentina) organizado por el Espacio de Arte Contempor\u00e1neo.<br \/>\nDesde el a\u00f1o 2009 expone obra en diversas galer\u00edas y espacios de arte en Montevideo, y recientemente en Santa\u00a0Cruz, Bolivia.<\/p>\n<p>Obtiene en 2014 y 2015 Menci\u00f3n en el Premio de Ilustraci\u00f3n de Literatura Infantil y Juvenil.<\/p>\n<p>Desde el a\u00f1o 2007 hasta la fecha realiza talleres de dibujo e ilustraci\u00f3n.<\/p>\n","protected":false},"author":57,"featured_media":21839,"comment_status":"closed","ping_status":"closed","sticky":false,"template":"","format":"standard","meta":{"om_disable_all_campaigns":false,"ngg_post_thumbnail":0,"jnews-multi-image_gallery":[],"jnews_single_post":{"format":"standard","override":[{"template":"4","parallax":"1","layout":"right-sidebar","sidebar":"default-sidebar","second_sidebar":"default-sidebar","sticky_sidebar":"1","share_position":"bottom","share_float_style":"share-monocrhome","show_share_counter":"1","show_view_counter":"1","show_featured":"1","show_post_meta":"1","show_post_author":"1","show_post_author_image":"1","show_post_date":"1","post_date_format":"default","post_date_format_custom":"Y\/m\/d","show_post_category":"1","post_reading_time_wpm":"300","post_calculate_word_method":"str_word_count","zoom_button_out_step":"2","zoom_button_in_step":"3","show_post_tag":"1","show_prev_next_post":"1","show_popup_post":"1","number_popup_post":"1","show_author_box":"1","show_post_related":"0","show_inline_post_related":"0"}],"image_override":[{"single_post_thumbnail_size":"no-crop","single_post_gallery_size":"crop-500"}],"trending_post_position":"meta","trending_post_label":"Trending","sponsored_post_label":"Sponsored by","disable_ad":"0","subtitle":""},"jnews_primary_category":[],"jnews_social_meta":[],"jnews_override_counter":{"view_counter_number":"0","share_counter_number":"0","like_counter_number":"0","dislike_counter_number":"0"},"footnotes":""},"categories":[4288],"tags":[84,408,142,413,4414,81,373],"class_list":["post-21836","post","type-post","status-publish","format-standard","has-post-thumbnail","hentry","category-contemporaneo","tag-arte","tag-artes-visuales","tag-artista-visual","tag-bellas-artes","tag-ca_teter","tag-cultura","tag-exposicion"],"yoast_head":"<!-- This site is optimized with the Yoast SEO plugin v27.5 - https:\/\/yoast.com\/product\/yoast-seo-wordpress\/ -->\n<title>\u201cEsta muestra no tiene nombre\u201d Entrevista a ca_teter - Cooltivarte Portal<\/title>\n<meta name=\"description\" content=\"Conversamos con ca_teter, a prop\u00f3sito de su muestra en Margat este viernes 26 de mayo, en el marco de 1 artista\u00a01 mes organizado por Acatras del mercado.\" \/>\n<meta name=\"robots\" content=\"index, follow, max-snippet:-1, max-image-preview:large, max-video-preview:-1\" \/>\n<link rel=\"canonical\" href=\"https:\/\/cooltivarte.com\/portal\/esta-muestra-no-tiene-nombre-entrevista-a-ca_teter\/\" \/>\n<meta property=\"og:locale\" content=\"es_ES\" \/>\n<meta property=\"og:type\" content=\"article\" \/>\n<meta property=\"og:title\" content=\"\u201cEsta muestra no tiene nombre\u201d Entrevista a ca_teter by Fernando Barrios\" \/>\n<meta property=\"og:description\" content=\"Conversamos con ca_teter, a prop\u00f3sito de su muestra en Margat este viernes 26 de mayo, en el marco de 1 artista\u00a01 mes organizado por Acatras del mercado.\" \/>\n<meta property=\"og:url\" content=\"https:\/\/cooltivarte.com\/portal\/esta-muestra-no-tiene-nombre-entrevista-a-ca_teter\/\" \/>\n<meta property=\"og:site_name\" content=\"Cooltivarte Portal\" \/>\n<meta property=\"article:publisher\" content=\"https:\/\/www.facebook.com\/cooltivartecom\/\" \/>\n<meta property=\"article:author\" content=\"https:\/\/www.facebook.com\/fernando.barrios.986\" \/>\n<meta property=\"article:published_time\" content=\"2016-05-28T16:57:59+00:00\" \/>\n<meta property=\"article:modified_time\" content=\"2025-07-23T19:10:33+00:00\" \/>\n<meta property=\"og:image\" content=\"https:\/\/cooltivarte.com\/portal\/wp-content\/uploads\/2016\/05\/autorretrato-ca-teter.jpg\" \/>\n\t<meta property=\"og:image:width\" content=\"844\" \/>\n\t<meta property=\"og:image:height\" content=\"838\" \/>\n\t<meta property=\"og:image:type\" content=\"image\/jpeg\" \/>\n<meta name=\"author\" content=\"Fernando Barrios\" \/>\n<meta name=\"twitter:card\" content=\"summary_large_image\" \/>\n<meta name=\"twitter:title\" content=\"\u201cEsta muestra no tiene nombre\u201d Entrevista a ca_teter by Fernando Barrios\" \/>\n<meta name=\"twitter:description\" content=\"Conversamos con ca_teter, a prop\u00f3sito de su muestra en Margat este viernes 26 de mayo, en el marco de 1 artista\u00a01 mes organizado por Acatras del mercado.\" \/>\n<meta name=\"twitter:image\" content=\"https:\/\/cooltivarte.com\/portal\/wp-content\/uploads\/2016\/05\/autorretrato-ca-teter.jpg\" \/>\n<meta name=\"twitter:creator\" content=\"@https:\/\/x.com\/obolocultural\" \/>\n<meta name=\"twitter:site\" content=\"@obolocultural\" \/>\n<meta name=\"twitter:label1\" content=\"Escrito por\" \/>\n\t<meta name=\"twitter:data1\" content=\"Fernando Barrios\" \/>\n\t<meta name=\"twitter:label2\" content=\"Tiempo de lectura\" \/>\n\t<meta name=\"twitter:data2\" content=\"5 minutos\" \/>\n<!-- \/ Yoast SEO plugin. -->","yoast_head_json":{"title":"\u201cEsta muestra no tiene nombre\u201d Entrevista a ca_teter - Cooltivarte Portal","description":"Conversamos con ca_teter, a prop\u00f3sito de su muestra en Margat este viernes 26 de mayo, en el marco de 1 artista\u00a01 mes organizado por Acatras del mercado.","robots":{"index":"index","follow":"follow","max-snippet":"max-snippet:-1","max-image-preview":"max-image-preview:large","max-video-preview":"max-video-preview:-1"},"canonical":"https:\/\/cooltivarte.com\/portal\/esta-muestra-no-tiene-nombre-entrevista-a-ca_teter\/","og_locale":"es_ES","og_type":"article","og_title":"\u201cEsta muestra no tiene nombre\u201d Entrevista a ca_teter by Fernando Barrios","og_description":"Conversamos con ca_teter, a prop\u00f3sito de su muestra en Margat este viernes 26 de mayo, en el marco de 1 artista\u00a01 mes organizado por Acatras del mercado.","og_url":"https:\/\/cooltivarte.com\/portal\/esta-muestra-no-tiene-nombre-entrevista-a-ca_teter\/","og_site_name":"Cooltivarte Portal","article_publisher":"https:\/\/www.facebook.com\/cooltivartecom\/","article_author":"https:\/\/www.facebook.com\/fernando.barrios.986","article_published_time":"2016-05-28T16:57:59+00:00","article_modified_time":"2025-07-23T19:10:33+00:00","og_image":[{"width":844,"height":838,"url":"https:\/\/cooltivarte.com\/portal\/wp-content\/uploads\/2016\/05\/autorretrato-ca-teter.jpg","type":"image\/jpeg"}],"author":"Fernando Barrios","twitter_card":"summary_large_image","twitter_title":"\u201cEsta muestra no tiene nombre\u201d Entrevista a ca_teter by Fernando Barrios","twitter_description":"Conversamos con ca_teter, a prop\u00f3sito de su muestra en Margat este viernes 26 de mayo, en el marco de 1 artista\u00a01 mes organizado por Acatras del mercado.","twitter_image":"https:\/\/cooltivarte.com\/portal\/wp-content\/uploads\/2016\/05\/autorretrato-ca-teter.jpg","twitter_creator":"@https:\/\/x.com\/obolocultural","twitter_site":"@obolocultural","twitter_misc":{"Escrito por":"Fernando Barrios","Tiempo de lectura":"5 minutos"},"schema":{"@context":"https:\/\/schema.org","@graph":[{"@type":"NewsArticle","@id":"https:\/\/cooltivarte.com\/portal\/esta-muestra-no-tiene-nombre-entrevista-a-ca_teter\/#article","isPartOf":{"@id":"https:\/\/cooltivarte.com\/portal\/esta-muestra-no-tiene-nombre-entrevista-a-ca_teter\/"},"author":{"name":"Fernando Barrios","@id":"https:\/\/cooltivarte.com\/portal\/#\/schema\/person\/068ab547228802a68bb770d57ec2e063"},"headline":"\u201cEsta muestra no tiene nombre\u201d Entrevista a ca_teter","datePublished":"2016-05-28T16:57:59+00:00","dateModified":"2025-07-23T19:10:33+00:00","mainEntityOfPage":{"@id":"https:\/\/cooltivarte.com\/portal\/esta-muestra-no-tiene-nombre-entrevista-a-ca_teter\/"},"wordCount":1019,"publisher":{"@id":"https:\/\/cooltivarte.com\/portal\/#organization"},"image":{"@id":"https:\/\/cooltivarte.com\/portal\/esta-muestra-no-tiene-nombre-entrevista-a-ca_teter\/#primaryimage"},"thumbnailUrl":"https:\/\/cooltivarte.com\/portal\/wp-content\/uploads\/2016\/05\/autorretrato-ca-teter.jpg","keywords":["Arte","Artes Visuales","Artista Visual","Bellas Artes","ca_teter","Cultura","Exposici\u00f3n"],"articleSection":["Campo Contempor\u00e1neo"],"inLanguage":"es-AR"},{"@type":"WebPage","@id":"https:\/\/cooltivarte.com\/portal\/esta-muestra-no-tiene-nombre-entrevista-a-ca_teter\/","url":"https:\/\/cooltivarte.com\/portal\/esta-muestra-no-tiene-nombre-entrevista-a-ca_teter\/","name":"\u201cEsta muestra no tiene nombre\u201d Entrevista a ca_teter - Cooltivarte Portal","isPartOf":{"@id":"https:\/\/cooltivarte.com\/portal\/#website"},"primaryImageOfPage":{"@id":"https:\/\/cooltivarte.com\/portal\/esta-muestra-no-tiene-nombre-entrevista-a-ca_teter\/#primaryimage"},"image":{"@id":"https:\/\/cooltivarte.com\/portal\/esta-muestra-no-tiene-nombre-entrevista-a-ca_teter\/#primaryimage"},"thumbnailUrl":"https:\/\/cooltivarte.com\/portal\/wp-content\/uploads\/2016\/05\/autorretrato-ca-teter.jpg","datePublished":"2016-05-28T16:57:59+00:00","dateModified":"2025-07-23T19:10:33+00:00","description":"Conversamos con ca_teter, a prop\u00f3sito de su muestra en Margat este viernes 26 de mayo, en el marco de 1 artista\u00a01 mes organizado por Acatras del mercado.","breadcrumb":{"@id":"https:\/\/cooltivarte.com\/portal\/esta-muestra-no-tiene-nombre-entrevista-a-ca_teter\/#breadcrumb"},"inLanguage":"es-AR","potentialAction":[{"@type":"ReadAction","target":["https:\/\/cooltivarte.com\/portal\/esta-muestra-no-tiene-nombre-entrevista-a-ca_teter\/"]}]},{"@type":"ImageObject","inLanguage":"es-AR","@id":"https:\/\/cooltivarte.com\/portal\/esta-muestra-no-tiene-nombre-entrevista-a-ca_teter\/#primaryimage","url":"https:\/\/cooltivarte.com\/portal\/wp-content\/uploads\/2016\/05\/autorretrato-ca-teter.jpg","contentUrl":"https:\/\/cooltivarte.com\/portal\/wp-content\/uploads\/2016\/05\/autorretrato-ca-teter.jpg","width":844,"height":838,"caption":"autorretrato ca-teter"},{"@type":"BreadcrumbList","@id":"https:\/\/cooltivarte.com\/portal\/esta-muestra-no-tiene-nombre-entrevista-a-ca_teter\/#breadcrumb","itemListElement":[{"@type":"ListItem","position":1,"name":"Portada","item":"https:\/\/cooltivarte.com\/portal\/"},{"@type":"ListItem","position":2,"name":"\u201cEsta muestra no tiene nombre\u201d Entrevista a ca_teter"}]},{"@type":"WebSite","@id":"https:\/\/cooltivarte.com\/portal\/#website","url":"https:\/\/cooltivarte.com\/portal\/","name":"Cooltivarte Portal","description":"Arte, cultura y turismo para el mundo ...","publisher":{"@id":"https:\/\/cooltivarte.com\/portal\/#organization"},"potentialAction":[{"@type":"SearchAction","target":{"@type":"EntryPoint","urlTemplate":"https:\/\/cooltivarte.com\/portal\/?s={search_term_string}"},"query-input":{"@type":"PropertyValueSpecification","valueRequired":true,"valueName":"search_term_string"}}],"inLanguage":"es-AR"},{"@type":"Organization","@id":"https:\/\/cooltivarte.com\/portal\/#organization","name":"cooltivarte","url":"https:\/\/cooltivarte.com\/portal\/","logo":{"@type":"ImageObject","inLanguage":"es-AR","@id":"https:\/\/cooltivarte.com\/portal\/#\/schema\/logo\/image\/","url":"https:\/\/cooltivarte.com\/portal\/wp-content\/uploads\/2020\/04\/logo-cooltivarte-v2.png","contentUrl":"https:\/\/cooltivarte.com\/portal\/wp-content\/uploads\/2020\/04\/logo-cooltivarte-v2.png","width":851,"height":243,"caption":"cooltivarte"},"image":{"@id":"https:\/\/cooltivarte.com\/portal\/#\/schema\/logo\/image\/"},"sameAs":["https:\/\/www.facebook.com\/cooltivartecom\/","https:\/\/x.com\/obolocultural","https:\/\/www.instagram.com\/_cooltivarte_\/","https:\/\/www.linkedin.com\/company\/-bolocultural?reportsuccess=8zaNG1HwhPbAR9iQhZ5rfGeqz_vQFftHun0ZWU0Wy9vNemRJ8vtcKdJvzQfW8XagyOJSKg0XvfJ1dp","https:\/\/www.pinterest.com\/cooltivarte\/","https:\/\/cooltivarte.tumblr.com\/","https:\/\/www.tiktok.com\/@cooltivarte","https:\/\/www.youtube.com\/@PrensaCooltivarte"]},{"@type":"Person","@id":"https:\/\/cooltivarte.com\/portal\/#\/schema\/person\/068ab547228802a68bb770d57ec2e063","name":"Fernando Barrios","image":{"@type":"ImageObject","inLanguage":"es-AR","@id":"https:\/\/cooltivarte.com\/portal\/wp-content\/uploads\/2015\/04\/fernando-barrios-120x120.jpg","url":"https:\/\/cooltivarte.com\/portal\/wp-content\/uploads\/2015\/04\/fernando-barrios-120x120.jpg","contentUrl":"https:\/\/cooltivarte.com\/portal\/wp-content\/uploads\/2015\/04\/fernando-barrios-120x120.jpg","caption":"Fernando Barrios"},"description":"Fernando Barrios Boibo: Integra el Programa de formaci\u00f3n permanente y curadur\u00eda del fac (fundaci\u00f3n de arte contempor\u00e1neo) y el staff editorial de la revista HUGO. Realiza cr\u00edtica literaria en revista Relaciones y de arte contempor\u00e1neo en Cooltivarte. Poeta y narrador. Ha publicado: en prosa El s\u00f3tano y otros cuentos, Desaforismos, ap\u00f3crifos y otras herej\u00edas, en poes\u00eda Parto de gallina, Desamorados o del tiempo perdido, Tri(i)log\u00eda y V\u00f3rtice textual: caja\u00adjuego con textos. Practica el psicoan\u00e1lisis; miembro de la ecole lacanienne de psychanalyse","sameAs":["https:\/\/www.facebook.com\/fernando.barrios.986","https:\/\/www.instagram.com\/_cooltivarte_\/","https:\/\/www.linkedin.com\/company\/-bolocultural","https:\/\/www.pinterest.com\/cooltivarte","https:\/\/x.com\/https:\/\/x.com\/obolocultural","https:\/\/www.youtube.com\/@PrensaCooltivarte","https:\/\/www.tumblr.com\/blog\/cooltivarte"],"url":"https:\/\/cooltivarte.com\/portal\/author\/fernando-barrios\/"}]}},"_links":{"self":[{"href":"https:\/\/cooltivarte.com\/portal\/wp-json\/wp\/v2\/posts\/21836","targetHints":{"allow":["GET"]}}],"collection":[{"href":"https:\/\/cooltivarte.com\/portal\/wp-json\/wp\/v2\/posts"}],"about":[{"href":"https:\/\/cooltivarte.com\/portal\/wp-json\/wp\/v2\/types\/post"}],"author":[{"embeddable":true,"href":"https:\/\/cooltivarte.com\/portal\/wp-json\/wp\/v2\/users\/57"}],"replies":[{"embeddable":true,"href":"https:\/\/cooltivarte.com\/portal\/wp-json\/wp\/v2\/comments?post=21836"}],"version-history":[{"count":6,"href":"https:\/\/cooltivarte.com\/portal\/wp-json\/wp\/v2\/posts\/21836\/revisions"}],"predecessor-version":[{"id":115473,"href":"https:\/\/cooltivarte.com\/portal\/wp-json\/wp\/v2\/posts\/21836\/revisions\/115473"}],"wp:featuredmedia":[{"embeddable":true,"href":"https:\/\/cooltivarte.com\/portal\/wp-json\/wp\/v2\/media\/21839"}],"wp:attachment":[{"href":"https:\/\/cooltivarte.com\/portal\/wp-json\/wp\/v2\/media?parent=21836"}],"wp:term":[{"taxonomy":"category","embeddable":true,"href":"https:\/\/cooltivarte.com\/portal\/wp-json\/wp\/v2\/categories?post=21836"},{"taxonomy":"post_tag","embeddable":true,"href":"https:\/\/cooltivarte.com\/portal\/wp-json\/wp\/v2\/tags?post=21836"}],"curies":[{"name":"wp","href":"https:\/\/api.w.org\/{rel}","templated":true}]}}