{"id":21483,"date":"2016-05-13T18:42:17","date_gmt":"2016-05-13T18:42:17","guid":{"rendered":"http:\/\/cooltivarte.com\/portal\/?p=21483"},"modified":"2024-05-22T19:06:10","modified_gmt":"2024-05-22T22:06:10","slug":"sigue-aca-el-peyote-asesino-volvio-al-teatro-de-verano","status":"publish","type":"post","link":"https:\/\/cooltivarte.com\/portal\/sigue-aca-el-peyote-asesino-volvio-al-teatro-de-verano\/","title":{"rendered":"Sigue ac\u00e1, el Peyote Asesino volvi\u00f3 al Teatro de Verano"},"content":{"rendered":"<figure id=\"attachment_21490\" aria-describedby=\"caption-attachment-21490\" style=\"width: 960px\" class=\"wp-caption aligncenter\"><img fetchpriority=\"high\" decoding=\"async\" class=\"wp-image-21490 size-full\" title=\"Peyote Asesino en Teatro de Verano - 12 de Mayo 2016 - Foto \u00a9 Tarum\u00e1n Corrales\" src=\"https:\/\/cooltivarte.com\/portal\/wp-content\/uploads\/2016\/05\/peyote-teatro-de-verano-mayo2016-foto-taruman-corrales.jpg\" alt=\"Peyote Asesino en Teatro de Verano - 12 de Mayo 2016 - Foto \u00a9 Tarum\u00e1n Corrales\" width=\"960\" height=\"642\" srcset=\"https:\/\/cooltivarte.com\/portal\/wp-content\/uploads\/2016\/05\/peyote-teatro-de-verano-mayo2016-foto-taruman-corrales.jpg 960w, https:\/\/cooltivarte.com\/portal\/wp-content\/uploads\/2016\/05\/peyote-teatro-de-verano-mayo2016-foto-taruman-corrales-300x201.jpg 300w, https:\/\/cooltivarte.com\/portal\/wp-content\/uploads\/2016\/05\/peyote-teatro-de-verano-mayo2016-foto-taruman-corrales-768x514.jpg 768w\" sizes=\"(max-width: 960px) 100vw, 960px\" \/><figcaption id=\"caption-attachment-21490\" class=\"wp-caption-text\">Peyote Asesino en Teatro de Verano &#8211; 12 de Mayo 2016 &#8211; Foto \u00a9 Tarum\u00e1n Corrales<\/figcaption><\/figure>\n<p>&nbsp;<\/p>\n<p style=\"text-align: justify;\">Imaginarse una versi\u00f3n de <em>El ojo Blindado de Sumo<\/em>, tocada por la fuerza y la actitud del Peyote, era como un plato de polenta caliente para enfrentarse a una invernal noche de mayo en el Teatro de Verano. Ese fue un punto bien alto en esta nueva vuelta del <strong><a href=\"https:\/\/cooltivarte.com\/portal\/?s=Peyote+Asesino\">Peyote Asesino<\/a><\/strong>, transformada ya en una banda de culto del rock uruguayo.<\/p>\n<p style=\"text-align: justify;\">La noche del jueves 12 de mayo, el Peyote se par\u00f3 firme y colm\u00f3 las expectativas de los miles que fueron part\u00edcipes del flashback musical de la legendaria banda de hip hop, heavy, rap, funk y qui\u00e9n sabe cuanto m\u00e1s.&nbsp;Siempre se destac\u00f3 por sus buenos m\u00fasicos (y por eso fue el germinador de proyectos como Bajofondo, Campo o la propia carrera solista de Santullo) por lo que era esperable que la noche de este regreso esa arista estuviera muy bien cubierta.<\/p>\n<p style=\"text-align: justify;\">La novedad fue la incorporaci\u00f3n de Mat\u00edas Rada (\u201csalv\u00e1ndole la petisa\u201d a decir de Santullo) en guitarras y coros, que suplant\u00f3 a <a href=\"https:\/\/cooltivarte.com\/portal\/?s=Carlos+Casacuberta\">Carlos Casacuberta<\/a> quien no pudo recuperarse de una enfermedad que lo dej\u00f3 afuera de estos shows. &nbsp;Rada se luci\u00f3 y conform\u00f3 una aceitada dupla de guitarras con Campod\u00f3nico, d\u00e1ndole todav\u00eda (como si faltara) una dosis m\u00e1s de actitud a la banda. &nbsp;El resto del Peyote jug\u00f3 m\u00e1s de memoria: <a href=\"https:\/\/cooltivarte.com\/portal\/?s=Fernando+Santullo\">Fernando Santullo<\/a> (L.Mental) como vocalista, el ya mencionado <a href=\"https:\/\/cooltivarte.com\/portal\/?s=Juan+Campod%C3%B3nico\">Juan Campod\u00f3nico<\/a> en guitarras, Daniel Benia en el bajo, Bruno Tortorella en teclados y samples, y un compenetrado Pepe Canedo en la bater\u00eda.<\/p>\n<p style=\"text-align: justify;\">No falt\u00f3 la cuerda de tambores para darle una nostalgia candombera de vez en cuando, y arrimarse un poco a Montevideo, en una banda que nunca supo hacerle mucho caso a l\u00edmites, fronteras y tradiciones.<\/p>\n<p style=\"text-align: justify;\">Las canciones siguen manteniendo su visi\u00f3n combativa, ir\u00f3nica y al filo. M\u00e1s all\u00e1 de algunas menciones &nbsp;a personajes y elementos&nbsp;que a esta altura parecen pre-hist\u00f3ricos y pueden despertar &nbsp;la sonrisa\/recuerdo de&nbsp;quien las escucha y canta. Peligros de jugar al filo de la realidad del momento. Parte del flashback del que se fue a disfrutar. Fueron pasando a todo trapo y sin baches&nbsp;<em>Guacho, Criminal, Psicoterapeuta, Denso, Cable pelado, Mal de la cabeza<\/em>, la versi\u00f3n de <em>Satisfaction<\/em>, <em>La Concha<\/em>, UR Gay<em>, Cama Bi\u00f3nica<\/em>, para desembocar en el pasaje de <em>Gavil\u00e1n\/Paloma<\/em> a la cruda l\u00edrica de Prodan con que empieza esta cr\u00f3nica, si de iron\u00eda se trata.<\/p>\n<p style=\"text-align: justify;\">Desparejos los momentos de los invitados. <a href=\"https:\/\/cooltivarte.com\/portal\/?s=Pablo+Silvera\">Pablo Silvera<\/a> de los <a href=\"https:\/\/cooltivarte.com\/portal\/?s=Once+Tiros\">Once Tiros<\/a> se apoder\u00f3 del escenario y goz\u00f3 al m\u00e1ximo su momento. <a href=\"https:\/\/cooltivarte.com\/portal\/?s=Roberto+Musso\">Roberto Musso<\/a>, del <a href=\"https:\/\/cooltivarte.com\/portal\/?s=+Cuarteto+de+Nos\">Cuarteto de Nos<\/a>, no pudo imponerse en su invitaci\u00f3n a <em>Mal de la cabeza<\/em> a pesar del misterio de un pasamonta\u00f1as, y secund\u00f3 a Santullo (que le agradeci\u00f3 al final) durante todo el tema.<\/p>\n<p style=\"text-align: justify;\">La noche tuvo sus momentos de cuelgue, y tambi\u00e9n de sonido bien pero bien arriba (esos que junto al juego de luces le gui\u00f1an el ojo a la convulsi\u00f3n) los m\u00e1s disfrutados por un p\u00fablico que siempre estuvo al firme, con buen pogo inclu\u00eddo.<\/p>\n<p style=\"text-align: justify;\">Con este toque a 20 a\u00f1os de sus debut discogr\u00e1fico, el Peyote mostr\u00f3 una vez m\u00e1s por qu\u00e9 es de las bandas fundamentales y m\u00e1s influyentes de la historia de esa entelequia llamada &nbsp;rock nacional. Por su m\u00fasica pero sobre todo por actitud, el <strong><a href=\"https:\/\/cooltivarte.com\/portal\/?s=Peyote+Asesino\">Peyote Asesino<\/a><\/strong> sigue estando ac\u00e1.<\/p>\n<p style=\"text-align: justify;\">Imagen portada: Peyote Asesino &#8211; Teatro de verano &#8211; 12 de mayo 2016 &#8211; Foto \u00a9 Taruman Corrales<\/p>\n<p>&nbsp;<\/p>\n<h3>&nbsp;<a href=\"https:\/\/www.facebook.com\/media\/set\/?set=a.1049519841761595&amp;type=3\" target=\"_blank\" rel=\"noopener\">Ir a la fotogaler\u00eda<\/a><\/h3>\n<p><iframe style=\"border: none; overflow: hidden;\" src=\"https:\/\/www.facebook.com\/plugins\/post.php?href=https%3A%2F%2Fwww.facebook.com%2Fmedia%2Fset%2F%3Fset%3Da.1049519841761595%26type%3D3&amp;width=100%\" width=\"100%\" height=\"669\" frameborder=\"0\" scrolling=\"no\"><\/iframe><br \/>\n&nbsp;<\/p>\n","protected":false},"excerpt":{"rendered":"<p>Imaginarse una versi\u00f3n de El ojo Blindado de Sumo, tocada por la fuerza y la actitud del Peyote, era como un plato de polenta caliente para enfrentarse a una invernal noche de mayo en el Teatro de Verano. Ese fue un punto bien alto en esta nueva vuelta del Peyote Asesino, transformada ya en una banda de culto del rock uruguayo.<\/p>\n","protected":false},"author":10,"featured_media":21490,"comment_status":"closed","ping_status":"closed","sticky":false,"template":"","format":"standard","meta":{"om_disable_all_campaigns":false,"ngg_post_thumbnail":0,"jnews-multi-image_gallery":[],"jnews_single_post":{"subtitle":"","format":"standard","video":"","gallery":"","source_name":"","source_url":"","via_name":"","via_url":"","override_template":"0","override":[{"template":"4","single_blog_custom":"","parallax":"1","fullscreen":"0","layout":"right-sidebar","sidebar":"default-sidebar","second_sidebar":"default-sidebar","sticky_sidebar":"1","share_position":"bottom","share_float_style":"share-monocrhome","show_share_counter":"1","show_view_counter":"1","show_featured":"1","show_post_meta":"1","show_post_author":"1","show_post_author_image":"1","show_post_date":"1","post_date_format":"default","post_date_format_custom":"Y\/m\/d","show_post_category":"1","show_post_reading_time":"0","post_reading_time_wpm":"300","show_zoom_button":"0","zoom_button_out_step":"2","zoom_button_in_step":"3","show_post_tag":"1","show_prev_next_post":"1","show_popup_post":"1","number_popup_post":"1","show_author_box":"1","show_post_related":"0","show_inline_post_related":"0"}],"override_image_size":"0","image_override":[{"single_post_thumbnail_size":"no-crop","single_post_gallery_size":"crop-500"}],"trending_post":"0","trending_post_position":"meta","trending_post_label":"Trending","sponsored_post":"0","sponsored_post_label":"Sponsored by","sponsored_post_name":"","sponsored_post_url":"","sponsored_post_logo_enable":"0","sponsored_post_logo":"","sponsored_post_desc":"","disable_ad":"0"},"jnews_primary_category":{"id":"","hide":""},"jnews_social_meta":{"fb_title":"","fb_description":"","fb_image":"","twitter_title":"","twitter_description":"","twitter_image":""},"jnews_override_counter":{"override_view_counter":"0","view_counter_number":"0","override_share_counter":"0","share_counter_number":"0","override_like_counter":"0","like_counter_number":"0","override_dislike_counter":"0","dislike_counter_number":"0"},"footnotes":""},"categories":[50],"tags":[754,179,3942,1682,95,1377,1147,88],"class_list":["post-21483","post","type-post","status-publish","format-standard","has-post-thumbnail","hentry","category-coberturas","tag-campo","tag-hip-hop","tag-peyote-asesino","tag-rada","tag-rock","tag-santullo","tag-teatro-de-verano","tag-uruguay"],"yoast_head":"<!-- This site is optimized with the Yoast SEO plugin v27.5 - https:\/\/yoast.com\/product\/yoast-seo-wordpress\/ -->\n<title>Sigue ac\u00e1, el Peyote Asesino volvi\u00f3 al Teatro de Verano - Cooltivarte Portal<\/title>\n<meta name=\"description\" content=\"Imaginarse una versi\u00f3n de El ojo Blindado de Sumo, tocada por la fuerza y la actitud del Peyote, era como un plato de polenta caliente para enfrentarse a una invernal noche de mayo en el Teatro de Verano. Ese fue un punto bien alto en esta nueva vuelta del Peyote Asesino, transformada ya en una banda de culto del rock uruguayo.\" \/>\n<meta name=\"robots\" content=\"index, follow, max-snippet:-1, max-image-preview:large, max-video-preview:-1\" \/>\n<link rel=\"canonical\" href=\"https:\/\/cooltivarte.com\/portal\/sigue-aca-el-peyote-asesino-volvio-al-teatro-de-verano\/\" \/>\n<meta property=\"og:locale\" content=\"es_ES\" \/>\n<meta property=\"og:type\" content=\"article\" \/>\n<meta property=\"og:title\" content=\"Sigue ac\u00e1, el Peyote Asesino volvi\u00f3 al Teatro de Verano - Cooltivarte Portal\" \/>\n<meta property=\"og:description\" content=\"Imaginarse una versi\u00f3n de El ojo Blindado de Sumo, tocada por la fuerza y la actitud del Peyote, era como un plato de polenta caliente para enfrentarse a una invernal noche de mayo en el Teatro de Verano. Ese fue un punto bien alto en esta nueva vuelta del Peyote Asesino, transformada ya en una banda de culto del rock uruguayo.\" \/>\n<meta property=\"og:url\" content=\"https:\/\/cooltivarte.com\/portal\/sigue-aca-el-peyote-asesino-volvio-al-teatro-de-verano\/\" \/>\n<meta property=\"og:site_name\" content=\"Cooltivarte Portal\" \/>\n<meta property=\"article:publisher\" content=\"https:\/\/www.facebook.com\/cooltivartecom\/\" \/>\n<meta property=\"article:author\" content=\"https:\/\/www.facebook.com\/mauricio.conde.1420\" \/>\n<meta property=\"article:published_time\" content=\"2016-05-13T18:42:17+00:00\" \/>\n<meta property=\"article:modified_time\" content=\"2024-05-22T22:06:10+00:00\" \/>\n<meta property=\"og:image\" content=\"https:\/\/cooltivarte.com\/portal\/wp-content\/uploads\/2016\/05\/peyote-teatro-de-verano-mayo2016-foto-taruman-corrales.jpg\" \/>\n\t<meta property=\"og:image:width\" content=\"960\" \/>\n\t<meta property=\"og:image:height\" content=\"642\" \/>\n\t<meta property=\"og:image:type\" content=\"image\/jpeg\" \/>\n<meta name=\"author\" content=\"Mauricio Conde\" \/>\n<meta name=\"twitter:card\" content=\"summary_large_image\" \/>\n<meta name=\"twitter:creator\" content=\"@https:\/\/x.com\/obolocultural\" \/>\n<meta name=\"twitter:site\" content=\"@obolocultural\" \/>\n<meta name=\"twitter:label1\" content=\"Escrito por\" \/>\n\t<meta name=\"twitter:data1\" content=\"Mauricio Conde\" \/>\n\t<meta name=\"twitter:label2\" content=\"Tiempo de lectura\" \/>\n\t<meta name=\"twitter:data2\" content=\"4 minutos\" \/>\n<!-- \/ Yoast SEO plugin. -->","yoast_head_json":{"title":"Sigue ac\u00e1, el Peyote Asesino volvi\u00f3 al Teatro de Verano - Cooltivarte Portal","description":"Imaginarse una versi\u00f3n de El ojo Blindado de Sumo, tocada por la fuerza y la actitud del Peyote, era como un plato de polenta caliente para enfrentarse a una invernal noche de mayo en el Teatro de Verano. Ese fue un punto bien alto en esta nueva vuelta del Peyote Asesino, transformada ya en una banda de culto del rock uruguayo.","robots":{"index":"index","follow":"follow","max-snippet":"max-snippet:-1","max-image-preview":"max-image-preview:large","max-video-preview":"max-video-preview:-1"},"canonical":"https:\/\/cooltivarte.com\/portal\/sigue-aca-el-peyote-asesino-volvio-al-teatro-de-verano\/","og_locale":"es_ES","og_type":"article","og_title":"Sigue ac\u00e1, el Peyote Asesino volvi\u00f3 al Teatro de Verano - Cooltivarte Portal","og_description":"Imaginarse una versi\u00f3n de El ojo Blindado de Sumo, tocada por la fuerza y la actitud del Peyote, era como un plato de polenta caliente para enfrentarse a una invernal noche de mayo en el Teatro de Verano. Ese fue un punto bien alto en esta nueva vuelta del Peyote Asesino, transformada ya en una banda de culto del rock uruguayo.","og_url":"https:\/\/cooltivarte.com\/portal\/sigue-aca-el-peyote-asesino-volvio-al-teatro-de-verano\/","og_site_name":"Cooltivarte Portal","article_publisher":"https:\/\/www.facebook.com\/cooltivartecom\/","article_author":"https:\/\/www.facebook.com\/mauricio.conde.1420","article_published_time":"2016-05-13T18:42:17+00:00","article_modified_time":"2024-05-22T22:06:10+00:00","og_image":[{"width":960,"height":642,"url":"https:\/\/cooltivarte.com\/portal\/wp-content\/uploads\/2016\/05\/peyote-teatro-de-verano-mayo2016-foto-taruman-corrales.jpg","type":"image\/jpeg"}],"author":"Mauricio Conde","twitter_card":"summary_large_image","twitter_creator":"@https:\/\/x.com\/obolocultural","twitter_site":"@obolocultural","twitter_misc":{"Escrito por":"Mauricio Conde","Tiempo de lectura":"4 minutos"},"schema":{"@context":"https:\/\/schema.org","@graph":[{"@type":"NewsArticle","@id":"https:\/\/cooltivarte.com\/portal\/sigue-aca-el-peyote-asesino-volvio-al-teatro-de-verano\/#article","isPartOf":{"@id":"https:\/\/cooltivarte.com\/portal\/sigue-aca-el-peyote-asesino-volvio-al-teatro-de-verano\/"},"author":{"name":"Mauricio Conde","@id":"https:\/\/cooltivarte.com\/portal\/#\/schema\/person\/dc149811efaf4777782d9d88fec544be"},"headline":"Sigue ac\u00e1, el Peyote Asesino volvi\u00f3 al Teatro de Verano","datePublished":"2016-05-13T18:42:17+00:00","dateModified":"2024-05-22T22:06:10+00:00","mainEntityOfPage":{"@id":"https:\/\/cooltivarte.com\/portal\/sigue-aca-el-peyote-asesino-volvio-al-teatro-de-verano\/"},"wordCount":644,"publisher":{"@id":"https:\/\/cooltivarte.com\/portal\/#organization"},"image":{"@id":"https:\/\/cooltivarte.com\/portal\/sigue-aca-el-peyote-asesino-volvio-al-teatro-de-verano\/#primaryimage"},"thumbnailUrl":"https:\/\/cooltivarte.com\/portal\/wp-content\/uploads\/2016\/05\/peyote-teatro-de-verano-mayo2016-foto-taruman-corrales.jpg","keywords":["campo","Hip Hop","Peyote Asesino","rada","Rock","Santullo","Teatro de Verano","Uruguay"],"articleSection":["Coberturas"],"inLanguage":"es-AR"},{"@type":"WebPage","@id":"https:\/\/cooltivarte.com\/portal\/sigue-aca-el-peyote-asesino-volvio-al-teatro-de-verano\/","url":"https:\/\/cooltivarte.com\/portal\/sigue-aca-el-peyote-asesino-volvio-al-teatro-de-verano\/","name":"Sigue ac\u00e1, el Peyote Asesino volvi\u00f3 al Teatro de Verano - Cooltivarte Portal","isPartOf":{"@id":"https:\/\/cooltivarte.com\/portal\/#website"},"primaryImageOfPage":{"@id":"https:\/\/cooltivarte.com\/portal\/sigue-aca-el-peyote-asesino-volvio-al-teatro-de-verano\/#primaryimage"},"image":{"@id":"https:\/\/cooltivarte.com\/portal\/sigue-aca-el-peyote-asesino-volvio-al-teatro-de-verano\/#primaryimage"},"thumbnailUrl":"https:\/\/cooltivarte.com\/portal\/wp-content\/uploads\/2016\/05\/peyote-teatro-de-verano-mayo2016-foto-taruman-corrales.jpg","datePublished":"2016-05-13T18:42:17+00:00","dateModified":"2024-05-22T22:06:10+00:00","description":"Imaginarse una versi\u00f3n de El ojo Blindado de Sumo, tocada por la fuerza y la actitud del Peyote, era como un plato de polenta caliente para enfrentarse a una invernal noche de mayo en el Teatro de Verano. Ese fue un punto bien alto en esta nueva vuelta del Peyote Asesino, transformada ya en una banda de culto del rock uruguayo.","breadcrumb":{"@id":"https:\/\/cooltivarte.com\/portal\/sigue-aca-el-peyote-asesino-volvio-al-teatro-de-verano\/#breadcrumb"},"inLanguage":"es-AR","potentialAction":[{"@type":"ReadAction","target":["https:\/\/cooltivarte.com\/portal\/sigue-aca-el-peyote-asesino-volvio-al-teatro-de-verano\/"]}]},{"@type":"ImageObject","inLanguage":"es-AR","@id":"https:\/\/cooltivarte.com\/portal\/sigue-aca-el-peyote-asesino-volvio-al-teatro-de-verano\/#primaryimage","url":"https:\/\/cooltivarte.com\/portal\/wp-content\/uploads\/2016\/05\/peyote-teatro-de-verano-mayo2016-foto-taruman-corrales.jpg","contentUrl":"https:\/\/cooltivarte.com\/portal\/wp-content\/uploads\/2016\/05\/peyote-teatro-de-verano-mayo2016-foto-taruman-corrales.jpg","width":960,"height":642,"caption":"peyote-teatro-de-verano-mayo2016-foto-taruman-corrales"},{"@type":"BreadcrumbList","@id":"https:\/\/cooltivarte.com\/portal\/sigue-aca-el-peyote-asesino-volvio-al-teatro-de-verano\/#breadcrumb","itemListElement":[{"@type":"ListItem","position":1,"name":"Portada","item":"https:\/\/cooltivarte.com\/portal\/"},{"@type":"ListItem","position":2,"name":"Sigue ac\u00e1, el Peyote Asesino volvi\u00f3 al Teatro de Verano"}]},{"@type":"WebSite","@id":"https:\/\/cooltivarte.com\/portal\/#website","url":"https:\/\/cooltivarte.com\/portal\/","name":"Cooltivarte Portal","description":"Arte, cultura y turismo para el mundo ...","publisher":{"@id":"https:\/\/cooltivarte.com\/portal\/#organization"},"potentialAction":[{"@type":"SearchAction","target":{"@type":"EntryPoint","urlTemplate":"https:\/\/cooltivarte.com\/portal\/?s={search_term_string}"},"query-input":{"@type":"PropertyValueSpecification","valueRequired":true,"valueName":"search_term_string"}}],"inLanguage":"es-AR"},{"@type":"Organization","@id":"https:\/\/cooltivarte.com\/portal\/#organization","name":"cooltivarte","url":"https:\/\/cooltivarte.com\/portal\/","logo":{"@type":"ImageObject","inLanguage":"es-AR","@id":"https:\/\/cooltivarte.com\/portal\/#\/schema\/logo\/image\/","url":"https:\/\/cooltivarte.com\/portal\/wp-content\/uploads\/2020\/04\/logo-cooltivarte-v2.png","contentUrl":"https:\/\/cooltivarte.com\/portal\/wp-content\/uploads\/2020\/04\/logo-cooltivarte-v2.png","width":851,"height":243,"caption":"cooltivarte"},"image":{"@id":"https:\/\/cooltivarte.com\/portal\/#\/schema\/logo\/image\/"},"sameAs":["https:\/\/www.facebook.com\/cooltivartecom\/","https:\/\/x.com\/obolocultural","https:\/\/www.instagram.com\/_cooltivarte_\/","https:\/\/www.linkedin.com\/company\/-bolocultural?reportsuccess=8zaNG1HwhPbAR9iQhZ5rfGeqz_vQFftHun0ZWU0Wy9vNemRJ8vtcKdJvzQfW8XagyOJSKg0XvfJ1dp","https:\/\/www.pinterest.com\/cooltivarte\/","https:\/\/cooltivarte.tumblr.com\/","https:\/\/www.tiktok.com\/@cooltivarte","https:\/\/www.youtube.com\/@PrensaCooltivarte"]},{"@type":"Person","@id":"https:\/\/cooltivarte.com\/portal\/#\/schema\/person\/dc149811efaf4777782d9d88fec544be","name":"Mauricio Conde","image":{"@type":"ImageObject","inLanguage":"es-AR","@id":"https:\/\/cooltivarte.com\/portal\/wp-content\/uploads\/2015\/03\/fotomconde-120x120.jpg","url":"https:\/\/cooltivarte.com\/portal\/wp-content\/uploads\/2015\/03\/fotomconde-120x120.jpg","contentUrl":"https:\/\/cooltivarte.com\/portal\/wp-content\/uploads\/2015\/03\/fotomconde-120x120.jpg","caption":"Mauricio Conde"},"description":"Naci\u00f3 en San Jos\u00e9 el 23 de mayo de 1983. En 2010 conoci\u00f3 a Federico Meneses, impulsor de \u00f3bolo cultural y m\u00e1s tarde de cooltivarte.com, y se incorpor\u00f3 como co-director y editor responsable de ese medio digital. En COOLTIVARTE tambi\u00e9n redacta y dise\u00f1a art\u00edculos, entrevistas e informaci\u00f3n sobre el quehacer art\u00edstico y cultural existente en el pa\u00eds. Siempre curioso por seguir aprendiendo elementos vinculados a la cultura, el arte y la educaci\u00f3n.","sameAs":["https:\/\/www.cooltivarte.com","https:\/\/www.facebook.com\/mauricio.conde.1420","https:\/\/www.instagram.com\/_cooltivarte_\/","https:\/\/www.linkedin.com\/company\/-bolocultural","https:\/\/www.pinterest.com\/cooltivarte","https:\/\/x.com\/https:\/\/x.com\/obolocultural","https:\/\/www.youtube.com\/@PrensaCooltivarte","https:\/\/www.tumblr.com\/blog\/cooltivarte"],"url":"https:\/\/cooltivarte.com\/portal\/author\/mauricio\/"}]}},"_links":{"self":[{"href":"https:\/\/cooltivarte.com\/portal\/wp-json\/wp\/v2\/posts\/21483","targetHints":{"allow":["GET"]}}],"collection":[{"href":"https:\/\/cooltivarte.com\/portal\/wp-json\/wp\/v2\/posts"}],"about":[{"href":"https:\/\/cooltivarte.com\/portal\/wp-json\/wp\/v2\/types\/post"}],"author":[{"embeddable":true,"href":"https:\/\/cooltivarte.com\/portal\/wp-json\/wp\/v2\/users\/10"}],"replies":[{"embeddable":true,"href":"https:\/\/cooltivarte.com\/portal\/wp-json\/wp\/v2\/comments?post=21483"}],"version-history":[{"count":11,"href":"https:\/\/cooltivarte.com\/portal\/wp-json\/wp\/v2\/posts\/21483\/revisions"}],"predecessor-version":[{"id":102758,"href":"https:\/\/cooltivarte.com\/portal\/wp-json\/wp\/v2\/posts\/21483\/revisions\/102758"}],"wp:featuredmedia":[{"embeddable":true,"href":"https:\/\/cooltivarte.com\/portal\/wp-json\/wp\/v2\/media\/21490"}],"wp:attachment":[{"href":"https:\/\/cooltivarte.com\/portal\/wp-json\/wp\/v2\/media?parent=21483"}],"wp:term":[{"taxonomy":"category","embeddable":true,"href":"https:\/\/cooltivarte.com\/portal\/wp-json\/wp\/v2\/categories?post=21483"},{"taxonomy":"post_tag","embeddable":true,"href":"https:\/\/cooltivarte.com\/portal\/wp-json\/wp\/v2\/tags?post=21483"}],"curies":[{"name":"wp","href":"https:\/\/api.w.org\/{rel}","templated":true}]}}