{"id":21298,"date":"2016-05-03T15:34:25","date_gmt":"2016-05-03T15:34:25","guid":{"rendered":"http:\/\/cooltivarte.com\/portal\/?p=21298"},"modified":"2016-10-10T20:22:12","modified_gmt":"2016-10-10T20:22:12","slug":"san-jose-foto-2016-entrevista-a-paulushaus","status":"publish","type":"post","link":"https:\/\/cooltivarte.com\/portal\/san-jose-foto-2016-entrevista-a-paulushaus\/","title":{"rendered":"San Jos\u00e9 Foto 2016 \u2013 Entrevista a Paulushaus"},"content":{"rendered":"<p style=\"text-align: justify;\">San Jos\u00e9 Foto se ha convertido en un festival de importancia para nuestro pa\u00eds. Es reconocido regionalmente y en esta oportunidad la curadora del festival fue Cristina De Middel, sin duda una figura de la fotograf\u00eda actual. A lo largo de charlas, destacados fot\u00f3grafos nacionales y extranjeros, mostraron y relataron sus reflexiones sobre cada uno de sus proyectos. Entre muestras, venta de fotolibros, proyecciones de cortos y talleres se llevo a cabo esta edici\u00f3n 2016. Luego de la revisi\u00f3n de porfolio gratuita, a la que los participantes accedieron despu\u00e9s de haber sido elegidos por el jurado del festival (De Middel, Claudi Carreras, Daniel Caselli y Romina Resuche), entre\u00a0inscriptos\u00a0de varios pa\u00edses,\u00a0nos encontramos con este alem\u00e1n maragato, con quien conversamos bajo un mediod\u00eda nublado,\u00a0fri\u00f3\u00a0pero c\u00e1lido por lo que se estaba viviendo, en la muy apacible e\u00a0intervenida en fotos, plaza principal de la capital de San Jos\u00e9 de Mayo, quien nos\u00a0cont\u00f3\u00a0un\u00a0poco de su fotograf\u00eda, de Berl\u00edn, del arte, las calles de la capital alemana y de la vida en general.<\/p>\n<h2 style=\"text-align: justify;\"><strong><em>&#8220;Me gusta leer o estudiar los conceptos (&#8230;) pero eso no es arte, arte es la obra que me da algo emocionalmente porque yo la veo, la siento y no preciso un texto al lado que me la explique&#8221;<\/em><\/strong><\/h2>\n<p>&nbsp;<\/p>\n<p style=\"text-align: justify;\"><strong>-\u00bfC\u00f3mo llegaste de Alemania a Uruguay?<\/strong><\/p>\n<p style=\"text-align: justify;\">-Mi idea era recorrer alg\u00fan lugar alejado de Europa. Asia era demasiado lejos y de ah\u00ed surgi\u00f3 lo de venir a Latinoam\u00e9rica, hice un intercambio estudiantil y as\u00ed llegue a San Jos\u00e9, donde por casualidad se realiza el festival fotogr\u00e1fico por estos d\u00edas. Esto fue hace diez a\u00f1os. Me qued\u00e9 en una casa de familia en donde todo fue genial. Siempre me hab\u00eda planteado la idea de volver (para vivir ac\u00e1 o en Montevideo), justo surgi\u00f3 la posibilidad de trabajar para la c\u00e1mara Uruguaya- Alemana de Comercio en una pasant\u00eda de 6 meses en Montevideo y no lo dud\u00e9, aqu\u00ed estoy.<\/p>\n<p style=\"text-align: justify;\"><strong>-Contame un poco de tu relaci\u00f3n con la fotograf\u00eda.<\/strong><\/p>\n<p style=\"text-align: justify;\">-La fotograf\u00eda para m\u00ed era un hobby que comenz\u00f3 a los 15 a\u00f1os, que me atrap\u00f3, pero para m\u00ed mismo. Yo siempre hice fotograf\u00eda de rollo. Comenc\u00e9 a realizar fotos digitales, m\u00e1s all\u00e1 de todas las ventajas que esto trae, pero no me atarajo en absoluto. Es algo completamente diferente lo anal\u00f3gico y lo digital. Un d\u00eda me enter\u00e9 de una amiga que ten\u00eda un blog en internet y me sumergi\u00f3 en ese mundo. Hice mi propio blog con mis fotos, comenc\u00e9 a tener mucha gente que se interesaba en lo que hac\u00eda y all\u00ed empec\u00e9 a tomarme m\u00e1s en serio la fotograf\u00eda, desarrollarla, ver a otros autores. Comenc\u00e9 a plantearme proyectos, tuve la oportunidad de realizar exposiciones\u00a0 art\u00edsticas en Berl\u00edn, participaciones en revistas, fotos a m\u00fasicos.<\/p>\n<p style=\"text-align: justify;\"><strong>-\u00bfQu\u00e9 me pod\u00e9s contar de esas exposiciones en Berl\u00edn?<\/strong><\/p>\n<p style=\"text-align: justify;\">-Yo vivo en Berl\u00edn desde hace 6 a\u00f1os. Berl\u00edn es un centro cultural muy art\u00edstico, hay muchos artistas, alternativos, de todo tipo, artes esc\u00e9nicas, m\u00fasica, fotograf\u00eda, cualquier disparate que pueda producir un artista moderno est\u00e1 en Berl\u00edn. La ciudad se convirti\u00f3 en un centro art\u00edstico de bajo presupuesto, experimental, si bien \u00faltimamente ha cambiado por que ha llegado gente de muchos lugares, siempre fue un lugar muy barato compar\u00e1ndola con otras capitales europeas. No tiene nada que ver con Londres, Par\u00eds, donde todo es mucho m\u00e1s caro. Hay muchos espacios para el arte, los alquileres son baratos, y eso fue lo que me motiv\u00f3 para poder desarrollarme ah\u00ed, vincularme con gente que coincid\u00eda con mis gustos y all\u00ed surgieron las exposiciones.<\/p>\n<p style=\"text-align: justify;\"><strong>-\u00bfQu\u00e9 diferencia percib\u00eds entre la realidad fotogr\u00e1fica uruguaya y la alemana?<\/strong><\/p>\n<p style=\"text-align: justify;\">-Conozco un lugar en Montevideo, Pera de goma, que me hizo acordar much\u00edsimo a Berl\u00edn. Un lugar abierto, alternativo, sin grandes lujos, se dan talleres, sin la necesidad de generar ingresos ya. Ac\u00e1 he visto que existe mucho y buen dise\u00f1o gr\u00e1fico, peque\u00f1os espacios culturales, El Kiosco en la Ciudad Vieja. El Centro de Fotograf\u00eda de Montevideo me parece algo muy bueno, noto cierta inversi\u00f3n en presupuesto, impulsado por el gobierno de izquierda. Por supuesto que uno siempre quiere m\u00e1s dinero para el arte, pero sucede que a veces el arte no genera plata, porque no es su verdadero fin y he ah\u00ed la cuesti\u00f3n. Pero hay muchas cosas en desarrollo por ac\u00e1.<\/p>\n<p style=\"text-align: justify;\"><strong>-\u00bfHacia d\u00f3nde se enfocaban tus exposiciones?<\/strong><\/p>\n<p style=\"text-align: justify;\">-Yo ando por la calle. No tengo un plan, me gusta dejarme llevar y saco fotos de lo que yo veo, de lo que me gusta, no tengo un concepto previo de la fotograf\u00eda que voy a sacar, luego las subo a mi blog. Durante un tiempo sub\u00eda una foto por d\u00eda, ahora lo hago cada un poco m\u00e1s. Si surge la posibilidad de realizar una exposici\u00f3n, selecciono fotos de all\u00ed, filtro, formo un serial,\u00a0 armo una historia, sobre un tema, un lugar. Sin ser algo conceptual, yo me dejo llevar por mi sensaci\u00f3n est\u00e9tica de la imagen, armo mis exposiciones desde ese punto, algo bastante distinto de lo que pasa en el arte contempor\u00e1neo, cosa que no comparto, porque el arte es mi lado emocional, lo que viene de mi coraz\u00f3n, de mi estomago y no de mi mente. Me gusta leer o estudiar los conceptos, pero para m\u00ed eso es m\u00e1s dentro de una rama human\u00edstica o cient\u00edfica, me gusta leer esos textos, pero eso no es arte, arte es la obra que me da algo emocionalmente porque yo la veo, la siento y no preciso un texto al lado que me la explique.<\/p>\n<p style=\"text-align: justify;\"><em><strong>&#8211;<\/strong><\/em><strong>\u00bfQu\u00e9 c\u00e1mara utilizas?<\/strong><\/p>\n<p style=\"text-align: justify;\">-Una Olympus MJU 2, el modelo norteamericano se llama Aka Styus Epic, con un lente fijo de 35 mm y flash. Es una c\u00e1mara anal\u00f3gica autom\u00e1tica que me permite sacar fotos en segundos. \u00a0Es econ\u00f3mica, cuesta entre 50 y 60 d\u00f3lares y es peque\u00f1a, quiz\u00e1s el principal argumento. Trabajo en rollo a color. Y el revelado lo realizo de la manera m\u00e1s econ\u00f3mica que encuentre.<\/p>\n<p style=\"text-align: justify;\"><em><strong>&#8211;<\/strong><\/em><strong>\u00bfTus influencias?<\/strong><\/p>\n<p style=\"text-align: justify;\">-Internet. Otros blogs, donde otra gente comparta sus fotograf\u00edas. Quentin De Briey por ejemplo. No tengo influencias de los grandes, si bien lo cl\u00e1sico es importante considero que muchas veces salen fot\u00f3grafos o artistas re festejados pero no son mejores que los dem\u00e1s. Hay cientos de artistas maravillosos, desde mi punto de vista objetivo (si es posible ser objetivo) la calidad de millones de artistas de la calle es la misma que la de los otros m\u00e1s conocidos. Los fot\u00f3grafos documentales son muy buenos, aquellos que se van uno o dos a\u00f1os a un lugar, eso es muy bueno. Yo no podr\u00eda hacerlo, pero esos seriales son fabulosos, como muchos de los que se est\u00e1n presentando en este festival. Pero el mundo del arte tiene su propia din\u00e1mica de generar artistas importantes, que a mi muchas veces me parece cualquiera. Es injusto porque son ellos quienes se quedan con los mayores ingresos econ\u00f3micos y los otros, poco y nada.<\/p>\n<p style=\"text-align: justify;\"><strong>-\u00bfQu\u00e9 diferencias\u00a0podr\u00edas\u00a0destacar entre Berl\u00edn y M\u00fanich?<\/strong><\/p>\n<p style=\"text-align: justify;\">-A diferencia de M\u00fanich, Berl\u00edn siempre fue un centro cultural. Dado el muro de Berl\u00edn, muchos artistas famosos, como David Bowie por ejemplo, que grabaron discos ah\u00ed. Lo que sucedi\u00f3 es que en Occidente no exist\u00eda el servicio militar obligatorio, por eso todos los hippies y anarquistas de Alemania Oriental si pod\u00edan escapaban e iban a Occidente, y por eso esa movida. Ciudad grande y barata, por los bajos precios, por eso han llegado muchos artistas j\u00f3venes a desarrollar sus proyectos de bajo presupuesto, que se llevan adelante, que le dan una energ\u00eda buena y positiva a la ciudad. Uno recorre sus calles y siempre vas a encontrar eventos extra\u00f1os como arte performativo, gente desnuda, que en un sistema m\u00e1s conservador es impensado.\u00a0 Street art, graffitis, dibujos callejeros.<\/p>\n<p style=\"text-align: justify;\"><strong>-\u00bfQu\u00e9 es la fotograf\u00eda para vos?<\/strong><\/p>\n<p style=\"text-align: justify;\">-Es una forma de expresarme, de mirar al \u00a0el mundo de una forma muy tranquila, es una manera linda de contemplar la vida. Es documentaci\u00f3n, mi vida, la vida de otro, lugares, y al lograr archivos de rollo, yo siento que quemo la situaci\u00f3n literalmente en el rollo. Esa es la sensaci\u00f3n que me deja a m\u00ed.<\/p>\n<p style=\"text-align: justify;\"><em><strong>&#8211;<\/strong><\/em><strong>\u00bfC\u00f3mo editas tus fotos?<\/strong><\/p>\n<p style=\"text-align: justify;\">-Lo llamo elegir fotos. Yo no trabajo mis fotos digitalmente, ni con photoshop, ni nada,\u00a0 porque me roba la sensaci\u00f3n de autenticidad, quiero que sea lo m\u00e1s autentico posible. En Alemania hay laboratorios industriales baratos, no es lo mejor, pero si lo m\u00e1s barato. Y escaneo los positivos.<\/p>\n<p style=\"text-align: justify;\">Lente, rollo, revelaci\u00f3n, scaneo, elegir el programa de scaneo, y m\u00ednimos ajustes. No existe un original, el original es el negativo. Yo trato de llegar a lo que me lleva al positivo. Igual despu\u00e9s llega a un monitor y puede pasar cualquier cosa, por eso no edito la foto. Es diferente.\u00a0 La mayor\u00eda de mis fotos son de Berl\u00edn.<\/p>\n<p style=\"text-align: justify;\"><em><strong>&#8211;<\/strong><\/em><strong>Ahora, es contradictorio \u00bfrollo y blog?<\/strong><\/p>\n<p style=\"text-align: justify;\">-Las ventajas del mundo digital son fabulosas. Uno puede compartir sus fotos a gente de cualquier parte del mundo en segundos. Tengo m\u00e1s de 1000 fotos subidas al blog. Hace 5 a\u00f1os que lo tengo.<\/p>\n<p style=\"text-align: justify;\"><strong>-\u00bfQu\u00e9 presentaste para San Jos\u00e9 Foto?<\/strong><\/p>\n<p style=\"text-align: justify;\">-20 im\u00e1genes. Salieron en un libro m\u00edo hace tipo tres a\u00f1os (&#8220;<a href=\"http:\/\/publishing.gudbergnerger.com\/portfolio\/paulushausphotography\/\">Paulushaus Photography 2012-2013<\/a>&#8220;), era una recopilaci\u00f3n de mis trabajos. El editor eligi\u00f3 las fotos del libro. Me gusta que vean mis fotos para filtrarlas y ver el mejor trabajo, tambi\u00e9n porque yo no hago fotograf\u00eda solo para m\u00ed, sino que tambi\u00e9n la hago tambi\u00e9n para los dem\u00e1s. Elegilo vos, esa es la idea. Para el libro se eligieron fotos del blog y eso representa parte de mi trabajo. Un amigo \u00a0que estudia dise\u00f1o urbano, paisajista, que hizo un posgrado de sociolog\u00eda y dise\u00f1o urbano, fue quien tomo como ejemplo de c\u00f3mo enfoque mi fotograf\u00eda el espacio p\u00fablico. El escribi\u00f3 un concepto sobre mis fotos y eso si me gusto.<\/p>\n<p style=\"text-align: justify;\"><strong>-\u00bfLa fotograf\u00eda y tu futuro de ac\u00e1 en m\u00e1s?<\/strong><\/p>\n<p style=\"text-align: justify;\">-Me encanta el arte, me encanta lo que estoy haciendo y voy a seguir hacia adelante. La cuesti\u00f3n es el sost\u00e9n econ\u00f3mico. Por eso yo siempre dije que no me quiero hacer econ\u00f3micamente dependiente de mi fotograf\u00eda, porque ser\u00eda peligroso. Por un lado tendr\u00eda la presi\u00f3n de tener que vender y eso me quitar\u00eda la libertad. Si el mercado me pide algo y mi gusto va por otro lado, \u00bfqu\u00e9 hago?. Sin duda uno se ver\u00eda tentado por el mercado y la necesidad de hacerlo para sobrevivir. Tendr\u00eda que dedicarle el cien por ciento de mi vida a la fotograf\u00eda y ahora s\u00f3lo lo hago cuando quiero. Y eso no significa que no me lo tome en serio. Por eso desarrollo mis proyectos personales.<\/p>\n<p>&nbsp;<\/p>\n<p style=\"text-align: justify;\"><strong>Paulushaus naci\u00f3 en 1988 en Osterholz-Scharmbeck , Alemania. Se define como un fot\u00f3grafo de Berl\u00edn formado de manera autodid\u00e1cta, hace fotograf\u00eda desde 2010. En su blog, <a href=\"http:\/\/paulushaus.net\/\">paulushaus.net<\/a>,\u00a0que tiene 75.000 seguidores, ha subido 1500 fotograf\u00edas, todas anal\u00f3gicas. En 2013 la editorial de libros de arte GUDBERG de Hamburgo public\u00f3 su libro &#8220;<a href=\"http:\/\/publishing.gudbergnerger.com\/portfolio\/paulushausphotography\/\">Paulushaus Photography 2012-2013<\/a>&#8220;. En 2014 realiza su exhibici\u00f3n de galer\u00eda en Berl\u00edn &#8220;<a href=\"http:\/\/galeriesusannealbrecht.de\/paul-vogeler-paulushaus-die-ahnung\/\">Die Ahnung<\/a>&#8220;. En 2015 sali\u00f3 su serial &#8220;<a href=\"http:\/\/paulushaus.net\/post\/143065801557\/chaosndthecalm-memories-from-an-excellent-day\">D\u00e9rive &#8211; Vagar<\/a>&#8221; que fue expuesto en el San Jos\u00e9 Foto 2016.<\/strong><\/p>\n<p style=\"text-align: justify;\"><a href=\"http:\/\/paulushaus.net\/\">paulushaus.net<\/a><\/p>\n<p>Las fotos adjuntas son del serial &#8220;D\u00e9rive &#8211; Vagar&#8221;.<\/p>\n<p><i>Imagen de portada: Paulushaus \u00a0\u2013 San Jos\u00e9 Foto\/2016 \u2013 09 de abril 2016 Foto \u00a9 Fernanda Aramuni<\/i><\/p>\n<p><i>Imagen de San Jos\u00e9 Foto\/2016: Copying Claudia &#8211; Foto\u00a0\u00a9 Pachi Santiago<\/i><br \/>\n<a href=\"http:\/\/sanjosefoto.uy\/\" target=\"_blank\">http:\/\/sanjosefoto.uy\/<\/a><\/p>\n","protected":false},"excerpt":{"rendered":"<p>San Jos\u00e9 Foto se ha convertido en un festival de importancia para nuestro pa\u00eds. Es reconocido regionalmente y en esta oportunidad la curadora del festival fue Cristina De Middel, sin duda una figura de la fotograf\u00eda actual. A lo largo de charlas, destacados fot\u00f3grafos nacionales y extranjeros, mostraron y relataron sus reflexiones sobre cada uno [&hellip;]<\/p>\n","protected":false},"author":37,"featured_media":24883,"comment_status":"closed","ping_status":"closed","sticky":false,"template":"","format":"gallery","meta":{"om_disable_all_campaigns":false,"ngg_post_thumbnail":0,"jnews-multi-image_gallery":[],"jnews_single_post":[],"jnews_primary_category":[],"jnews_social_meta":[],"jnews_override_counter":[],"footnotes":""},"categories":[53],"tags":[102,4364,4365],"class_list":["post-21298","post","type-post","status-publish","format-gallery","has-post-thumbnail","hentry","category-clic","tag-fotografia","tag-paulushaus","tag-san-jose-foto","post_format-post-format-gallery"],"yoast_head":"<!-- This site is optimized with the Yoast SEO plugin v27.5 - https:\/\/yoast.com\/product\/yoast-seo-wordpress\/ -->\n<title>San Jos\u00e9 Foto 2016 \u2013 Entrevista a Paulushaus - Cooltivarte Portal<\/title>\n<meta name=\"description\" content=\"COOLTIVARTE.COM es un portal digital colaborativo de actualizaci\u00f3n permanente dedicado a difundir el acontecer art\u00edstico y cultural, entrevista artistas, gestores y productores de las diferentes disciplinas del arte, y publicando art\u00edculos de reflexi\u00f3n de producci\u00f3n propia sobre los elementos culturales.\" \/>\n<meta name=\"robots\" content=\"index, follow, max-snippet:-1, max-image-preview:large, max-video-preview:-1\" \/>\n<link rel=\"canonical\" href=\"https:\/\/cooltivarte.com\/portal\/san-jose-foto-2016-entrevista-a-paulushaus\/\" \/>\n<meta property=\"og:locale\" content=\"es_ES\" \/>\n<meta property=\"og:type\" content=\"article\" \/>\n<meta property=\"og:title\" content=\"San Jos\u00e9 Foto 2016 \u2013 Entrevista a Paulushaus - Cooltivarte Portal\" \/>\n<meta property=\"og:description\" content=\"COOLTIVARTE.COM es un portal digital colaborativo de actualizaci\u00f3n permanente dedicado a difundir el acontecer art\u00edstico y cultural, entrevista artistas, gestores y productores de las diferentes disciplinas del arte, y publicando art\u00edculos de reflexi\u00f3n de producci\u00f3n propia sobre los elementos culturales.\" \/>\n<meta property=\"og:url\" content=\"https:\/\/cooltivarte.com\/portal\/san-jose-foto-2016-entrevista-a-paulushaus\/\" \/>\n<meta property=\"og:site_name\" content=\"Cooltivarte Portal\" \/>\n<meta property=\"article:publisher\" content=\"https:\/\/www.facebook.com\/cooltivartecom\/\" \/>\n<meta property=\"article:author\" content=\"https:\/\/www.facebook.com\/alejandro.hoffmann.96?fref=ts\" \/>\n<meta property=\"article:published_time\" content=\"2016-05-03T15:34:25+00:00\" \/>\n<meta property=\"article:modified_time\" content=\"2016-10-10T20:22:12+00:00\" \/>\n<meta property=\"og:image\" content=\"https:\/\/cooltivarte.com\/portal\/wp-content\/uploads\/2016\/05\/paulshaus_9-4-16_San-Jose-Foto_Fer-Aramuni.jpg\" \/>\n\t<meta property=\"og:image:width\" content=\"960\" \/>\n\t<meta property=\"og:image:height\" content=\"640\" \/>\n\t<meta property=\"og:image:type\" content=\"image\/jpeg\" \/>\n<meta name=\"author\" content=\"Alejandro Hoffmann\" \/>\n<meta name=\"twitter:card\" content=\"summary_large_image\" \/>\n<meta name=\"twitter:creator\" content=\"@https:\/\/x.com\/obolocultural\" \/>\n<meta name=\"twitter:site\" content=\"@obolocultural\" \/>\n<meta name=\"twitter:label1\" content=\"Escrito por\" \/>\n\t<meta name=\"twitter:data1\" content=\"Alejandro Hoffmann\" \/>\n\t<meta name=\"twitter:label2\" content=\"Tiempo de lectura\" \/>\n\t<meta name=\"twitter:data2\" content=\"10 minutos\" \/>\n<!-- \/ Yoast SEO plugin. -->","yoast_head_json":{"title":"San Jos\u00e9 Foto 2016 \u2013 Entrevista a Paulushaus - Cooltivarte Portal","description":"COOLTIVARTE.COM es un portal digital colaborativo de actualizaci\u00f3n permanente dedicado a difundir el acontecer art\u00edstico y cultural, entrevista artistas, gestores y productores de las diferentes disciplinas del arte, y publicando art\u00edculos de reflexi\u00f3n de producci\u00f3n propia sobre los elementos culturales.","robots":{"index":"index","follow":"follow","max-snippet":"max-snippet:-1","max-image-preview":"max-image-preview:large","max-video-preview":"max-video-preview:-1"},"canonical":"https:\/\/cooltivarte.com\/portal\/san-jose-foto-2016-entrevista-a-paulushaus\/","og_locale":"es_ES","og_type":"article","og_title":"San Jos\u00e9 Foto 2016 \u2013 Entrevista a Paulushaus - Cooltivarte Portal","og_description":"COOLTIVARTE.COM es un portal digital colaborativo de actualizaci\u00f3n permanente dedicado a difundir el acontecer art\u00edstico y cultural, entrevista artistas, gestores y productores de las diferentes disciplinas del arte, y publicando art\u00edculos de reflexi\u00f3n de producci\u00f3n propia sobre los elementos culturales.","og_url":"https:\/\/cooltivarte.com\/portal\/san-jose-foto-2016-entrevista-a-paulushaus\/","og_site_name":"Cooltivarte Portal","article_publisher":"https:\/\/www.facebook.com\/cooltivartecom\/","article_author":"https:\/\/www.facebook.com\/alejandro.hoffmann.96?fref=ts","article_published_time":"2016-05-03T15:34:25+00:00","article_modified_time":"2016-10-10T20:22:12+00:00","og_image":[{"width":960,"height":640,"url":"https:\/\/cooltivarte.com\/portal\/wp-content\/uploads\/2016\/05\/paulshaus_9-4-16_San-Jose-Foto_Fer-Aramuni.jpg","type":"image\/jpeg"}],"author":"Alejandro Hoffmann","twitter_card":"summary_large_image","twitter_creator":"@https:\/\/x.com\/obolocultural","twitter_site":"@obolocultural","twitter_misc":{"Escrito por":"Alejandro Hoffmann","Tiempo de lectura":"10 minutos"},"schema":{"@context":"https:\/\/schema.org","@graph":[{"@type":"NewsArticle","@id":"https:\/\/cooltivarte.com\/portal\/san-jose-foto-2016-entrevista-a-paulushaus\/#article","isPartOf":{"@id":"https:\/\/cooltivarte.com\/portal\/san-jose-foto-2016-entrevista-a-paulushaus\/"},"author":{"name":"Alejandro Hoffmann","@id":"https:\/\/cooltivarte.com\/portal\/#\/schema\/person\/52df0756e1fa21a566c3a28c5f69f7a3"},"headline":"San Jos\u00e9 Foto 2016 \u2013 Entrevista a Paulushaus","datePublished":"2016-05-03T15:34:25+00:00","dateModified":"2016-10-10T20:22:12+00:00","mainEntityOfPage":{"@id":"https:\/\/cooltivarte.com\/portal\/san-jose-foto-2016-entrevista-a-paulushaus\/"},"wordCount":2037,"publisher":{"@id":"https:\/\/cooltivarte.com\/portal\/#organization"},"image":{"@id":"https:\/\/cooltivarte.com\/portal\/san-jose-foto-2016-entrevista-a-paulushaus\/#primaryimage"},"thumbnailUrl":"https:\/\/cooltivarte.com\/portal\/wp-content\/uploads\/2016\/05\/paulshaus_9-4-16_San-Jose-Foto_Fer-Aramuni.jpg","keywords":["Fotograf\u00eda","Paulushaus","san jos\u00e9 foto"],"articleSection":["Clic - Fotograf\u00eda"],"inLanguage":"es-AR"},{"@type":"WebPage","@id":"https:\/\/cooltivarte.com\/portal\/san-jose-foto-2016-entrevista-a-paulushaus\/","url":"https:\/\/cooltivarte.com\/portal\/san-jose-foto-2016-entrevista-a-paulushaus\/","name":"San Jos\u00e9 Foto 2016 \u2013 Entrevista a Paulushaus - Cooltivarte Portal","isPartOf":{"@id":"https:\/\/cooltivarte.com\/portal\/#website"},"primaryImageOfPage":{"@id":"https:\/\/cooltivarte.com\/portal\/san-jose-foto-2016-entrevista-a-paulushaus\/#primaryimage"},"image":{"@id":"https:\/\/cooltivarte.com\/portal\/san-jose-foto-2016-entrevista-a-paulushaus\/#primaryimage"},"thumbnailUrl":"https:\/\/cooltivarte.com\/portal\/wp-content\/uploads\/2016\/05\/paulshaus_9-4-16_San-Jose-Foto_Fer-Aramuni.jpg","datePublished":"2016-05-03T15:34:25+00:00","dateModified":"2016-10-10T20:22:12+00:00","description":"COOLTIVARTE.COM es un portal digital colaborativo de actualizaci\u00f3n permanente dedicado a difundir el acontecer art\u00edstico y cultural, entrevista artistas, gestores y productores de las diferentes disciplinas del arte, y publicando art\u00edculos de reflexi\u00f3n de producci\u00f3n propia sobre los elementos culturales.","breadcrumb":{"@id":"https:\/\/cooltivarte.com\/portal\/san-jose-foto-2016-entrevista-a-paulushaus\/#breadcrumb"},"inLanguage":"es-AR","potentialAction":[{"@type":"ReadAction","target":["https:\/\/cooltivarte.com\/portal\/san-jose-foto-2016-entrevista-a-paulushaus\/"]}]},{"@type":"ImageObject","inLanguage":"es-AR","@id":"https:\/\/cooltivarte.com\/portal\/san-jose-foto-2016-entrevista-a-paulushaus\/#primaryimage","url":"https:\/\/cooltivarte.com\/portal\/wp-content\/uploads\/2016\/05\/paulshaus_9-4-16_San-Jose-Foto_Fer-Aramuni.jpg","contentUrl":"https:\/\/cooltivarte.com\/portal\/wp-content\/uploads\/2016\/05\/paulshaus_9-4-16_San-Jose-Foto_Fer-Aramuni.jpg","width":960,"height":640,"caption":"paulshaus_9-4-16_San Jose Foto_Fer Aramuni"},{"@type":"BreadcrumbList","@id":"https:\/\/cooltivarte.com\/portal\/san-jose-foto-2016-entrevista-a-paulushaus\/#breadcrumb","itemListElement":[{"@type":"ListItem","position":1,"name":"Portada","item":"https:\/\/cooltivarte.com\/portal\/"},{"@type":"ListItem","position":2,"name":"San Jos\u00e9 Foto 2016 \u2013 Entrevista a Paulushaus"}]},{"@type":"WebSite","@id":"https:\/\/cooltivarte.com\/portal\/#website","url":"https:\/\/cooltivarte.com\/portal\/","name":"Cooltivarte Portal","description":"Arte, cultura y turismo para el mundo ...","publisher":{"@id":"https:\/\/cooltivarte.com\/portal\/#organization"},"potentialAction":[{"@type":"SearchAction","target":{"@type":"EntryPoint","urlTemplate":"https:\/\/cooltivarte.com\/portal\/?s={search_term_string}"},"query-input":{"@type":"PropertyValueSpecification","valueRequired":true,"valueName":"search_term_string"}}],"inLanguage":"es-AR"},{"@type":"Organization","@id":"https:\/\/cooltivarte.com\/portal\/#organization","name":"cooltivarte","url":"https:\/\/cooltivarte.com\/portal\/","logo":{"@type":"ImageObject","inLanguage":"es-AR","@id":"https:\/\/cooltivarte.com\/portal\/#\/schema\/logo\/image\/","url":"https:\/\/cooltivarte.com\/portal\/wp-content\/uploads\/2020\/04\/logo-cooltivarte-v2.png","contentUrl":"https:\/\/cooltivarte.com\/portal\/wp-content\/uploads\/2020\/04\/logo-cooltivarte-v2.png","width":851,"height":243,"caption":"cooltivarte"},"image":{"@id":"https:\/\/cooltivarte.com\/portal\/#\/schema\/logo\/image\/"},"sameAs":["https:\/\/www.facebook.com\/cooltivartecom\/","https:\/\/x.com\/obolocultural","https:\/\/www.instagram.com\/_cooltivarte_\/","https:\/\/www.linkedin.com\/company\/-bolocultural?reportsuccess=8zaNG1HwhPbAR9iQhZ5rfGeqz_vQFftHun0ZWU0Wy9vNemRJ8vtcKdJvzQfW8XagyOJSKg0XvfJ1dp","https:\/\/www.pinterest.com\/cooltivarte\/","https:\/\/cooltivarte.tumblr.com\/","https:\/\/www.tiktok.com\/@cooltivarte","https:\/\/www.youtube.com\/@PrensaCooltivarte"]},{"@type":"Person","@id":"https:\/\/cooltivarte.com\/portal\/#\/schema\/person\/52df0756e1fa21a566c3a28c5f69f7a3","name":"Alejandro Hoffmann","image":{"@type":"ImageObject","inLanguage":"es-AR","@id":"https:\/\/cooltivarte.com\/portal\/wp-content\/uploads\/2016\/06\/ale-perfil-120x120.jpg","url":"https:\/\/cooltivarte.com\/portal\/wp-content\/uploads\/2016\/06\/ale-perfil-120x120.jpg","contentUrl":"https:\/\/cooltivarte.com\/portal\/wp-content\/uploads\/2016\/06\/ale-perfil-120x120.jpg","caption":"Alejandro Hoffmann"},"description":"Estudio Psicolog\u00eda y Antropolog\u00eda en la Universidad de la Rep\u00fablica. En 2013 se recibi\u00f3 de Dise\u00f1ador Web. Realiz\u00f3 talleres de periodismo y gesti\u00f3n cultural. La m\u00fasica siempre lo ha acompa\u00f1ado durante su vida (m\u00fasica la cual considera m\u00e1s grande y abarcativa que conceptos filos\u00f3ficos como el amor o la libertad juntos, o cualquier otro) y el ancho de banda de sus gustos se ha extendido con el paso del tiempo, aunque quiz\u00e1s no tanto, porque considera (en estos tiempos de mega democratizaci\u00f3n de los medios de difusi\u00f3n, donde todo artista tiene un lugar para compartir su creaci\u00f3n) es sencillo diferenciar lo bueno de lo no tanto, porque seg\u00fan \u00e9l, lo perceptivo influye m\u00e1s para el entendimiento de la m\u00fasica que lo intelectualizante snob, como esa canci\u00f3n que marca la diferencia en cuanto a las otras en un disco, y es claramente notorio que se destaca. Hoy transita sus d\u00edas esperando escuchar y ver cosas que no haya escuchado ni visto antes. Se une a cooltivarte en 2014. Escribe para moog.uy - indiehoy.com - acapasancosas.com.ar - la revista Efecto Metal de Argentina y Zona de Obras de Espa\u00f1a. Desde 2016 lleva adelante Sudtopia, proyecto con el cual intenta difundir bandas latinoamericanas que est\u00e1n por fuera del circuito comercial masivo. Su eje central se desarrolla con publicaciones semanales en el portal Cooltivarte y bimensuales en su segmento de la Revista Wop! de Montevideo.","sameAs":["https:\/\/www.facebook.com\/alejandro.hoffmann.96?fref=ts","https:\/\/www.instagram.com\/_cooltivarte_\/","https:\/\/www.linkedin.com\/company\/-bolocultural","https:\/\/www.pinterest.com\/cooltivarte","https:\/\/x.com\/https:\/\/x.com\/obolocultural","https:\/\/www.youtube.com\/@PrensaCooltivarte","https:\/\/www.tumblr.com\/blog\/cooltivarte"],"url":"https:\/\/cooltivarte.com\/portal\/author\/alejandroh\/"}]}},"_links":{"self":[{"href":"https:\/\/cooltivarte.com\/portal\/wp-json\/wp\/v2\/posts\/21298","targetHints":{"allow":["GET"]}}],"collection":[{"href":"https:\/\/cooltivarte.com\/portal\/wp-json\/wp\/v2\/posts"}],"about":[{"href":"https:\/\/cooltivarte.com\/portal\/wp-json\/wp\/v2\/types\/post"}],"author":[{"embeddable":true,"href":"https:\/\/cooltivarte.com\/portal\/wp-json\/wp\/v2\/users\/37"}],"replies":[{"embeddable":true,"href":"https:\/\/cooltivarte.com\/portal\/wp-json\/wp\/v2\/comments?post=21298"}],"version-history":[{"count":14,"href":"https:\/\/cooltivarte.com\/portal\/wp-json\/wp\/v2\/posts\/21298\/revisions"}],"predecessor-version":[{"id":21966,"href":"https:\/\/cooltivarte.com\/portal\/wp-json\/wp\/v2\/posts\/21298\/revisions\/21966"}],"wp:featuredmedia":[{"embeddable":true,"href":"https:\/\/cooltivarte.com\/portal\/wp-json\/wp\/v2\/media\/24883"}],"wp:attachment":[{"href":"https:\/\/cooltivarte.com\/portal\/wp-json\/wp\/v2\/media?parent=21298"}],"wp:term":[{"taxonomy":"category","embeddable":true,"href":"https:\/\/cooltivarte.com\/portal\/wp-json\/wp\/v2\/categories?post=21298"},{"taxonomy":"post_tag","embeddable":true,"href":"https:\/\/cooltivarte.com\/portal\/wp-json\/wp\/v2\/tags?post=21298"}],"curies":[{"name":"wp","href":"https:\/\/api.w.org\/{rel}","templated":true}]}}