{"id":20505,"date":"2016-03-15T14:23:55","date_gmt":"2016-03-15T14:23:55","guid":{"rendered":"http:\/\/cooltivarte.com\/portal\/?p=20505"},"modified":"2016-05-03T02:29:22","modified_gmt":"2016-05-03T02:29:22","slug":"pioneras-del-arte-de-accion-entrevista-a-angela-lopez-ruiz","status":"publish","type":"post","link":"https:\/\/cooltivarte.com\/portal\/pioneras-del-arte-de-accion-entrevista-a-angela-lopez-ruiz\/","title":{"rendered":"Pioneras del arte de acci\u00f3n, entrevista a \u00c1ngela L\u00f3pez Ruiz"},"content":{"rendered":"<h2 style=\"text-align: justify;\">En el marco del Mes de los derechos de las mujeres del <a href=\"http:\/\/www.cce.org.uy\/\" target=\"_blank\">CCE<\/a> 2016 y del <a href=\"http:\/\/www.fidcu.com\/\" target=\"_blank\">FIDCU<\/a> (Festival Internacional de danza contempor\u00e1nea del Uruguay), tiene lugar la muestra:<\/h2>\n<h2 style=\"text-align: justify;\"><strong><a href=\"http:\/\/www.cce.org.uy\/pioneras-del-arte-de-accion-i-la-escena-expandida-19621975-con-graciela-figueroa-isabel-gilbert-y-teresa-trujillo\/\" target=\"_blank\">Estudios de g\u00e9nero y danza en Pioneras del arte de acci\u00f3n I \u2013 La escena expandida<\/a><\/strong> (1962\/1975), que va del <strong>3 de marzo hasta el 14 de mayo de 2016<\/strong>. Con curadur\u00eda de <a href=\"https:\/\/cooltivarte.com\/portal\/?s=%C3%81ngela+L%C3%B3pez+Ruiz\">\u00c1ngela L\u00f3pez Ruiz<\/a> en torno a las figuras de Graciela Figueroa, Isabel Gilbert y Teresa Trujillo, de reconocida trayectoria a nivel nacional e internacional.<\/h2>\n<p style=\"text-align: justify;\">\u201cPioneras del arte de acci\u00f3n\u201d es un proyecto de investigaci\u00f3n en proceso que se propone redibujar la caleidosc\u00f3pica escena uruguaya de los a\u00f1os sesenta y setenta, a partir de testimonios y archivos de mujeres que han sido parte de ella. El porqu\u00e9 de este enfoque tiene que ver con el hecho de que la narrativa patriarcal \u201cblure\u00f3\u201d el aporte de estas mujeres a la historia del arte\u201d, se dice y es por eso que entrevistamos a su curadora.<\/p>\n<p style=\"text-align: justify;\"><strong><a href=\"https:\/\/cooltivarte.com\/portal\/?s=%C3%81ngela+L%C3%B3pez+Ruiz\">\u00c1ngela L\u00f3pez Ruiz<\/a><\/strong> es Maestranda en Estudios Latinoamericanos (UdelaR). Licenciada en Artes Visuales (UdelaR). Trabaja como investigadora para el proyecto \u201cExperimental Media Art in Latin America\u201d de Los Angeles Film Forum para el Pacific Standard Time LA\/LA. Integra la Fundaci\u00f3n de Arte Contempor\u00e1neo y es advisor del Laboratorio de Cine Participan como Invitadas especiales: Carina Gobbi. Docente, periodista y editora. Investigadora y militante feminista, <strong>Elisa P\u00e9rez<\/strong>. Posgrado en Gesti\u00f3n Cultural (UdelaR). Maestranda en Estudios Latinoamericanos (UdelaR). Investigadora en historia de la danza y las artes visuales latinoamericanas, <strong><a href=\"https:\/\/cooltivarte.com\/portal\/?s=Jacqueline+Lacasa\">Jacqueline Lacasa<\/a><\/strong>\u00ad Artista visual, Curadora e Investigadora de arte contempor\u00e1neo, Licenciada en Psciolog\u00eda.<br \/>\n<strong>Colaboran<\/strong>: Adriana Lagomarsino, Archivo Alejandro Jodorowsky, Archivo Andr\u00e9s Neumann, Archivo Twyla Tharp, Cinemateca Uruguaya, Diego Carrera, Espacio de Desarrollo Arm\u00f3nico, Laboratorio\/<a href=\"http:\/\/facmvd.blogspot.com.uy\/\" target=\"_blank\">FAC<\/a>, Regina Neves, Wilfredo Penco, <a href=\"http:\/\/radicalsoftware.org\/\" target=\"_blank\">radicalsoftware.org<\/a> y <a href=\"http:\/\/periodicas.edu.uy\/\" target=\"_blank\">periodicas.edu.uy<\/a><\/p>\n<p style=\"text-align: justify;\">\u00ad<strong> -\u00bfC\u00f3mo surge la idea de la muestra? \u00bfQu\u00e9 lugar le asignas en tus investigaciones de g\u00e9nero en el campo del arte?<\/strong><\/p>\n<p style=\"text-align: justify;\">La muestra deviene del trenzado de varias puntas de madeja que vengo trabajando hace a\u00f1os. Una de ellas es mi fascinaci\u00f3n por la escena de los \u030160 y `70 en el R\u00edo de la Plata.<\/p>\n<p style=\"text-align: justify;\">Siempre me intereso la contaminaci\u00f3n de las pr\u00e1cticas art\u00edsticas promovidas por el fluxus y otros movimientos contempor\u00e1neos a esto y el fuerte entronque militante en estas latitudes. Otra punta de madeja fueron las interrogantes que dejaron las Semanas de la Acci\u00f3n a finales de los \u030190, estos eventos multiplicadores mostraron la potencia con la que se trabajaba en el medio y las carencias a nivel de sistematizaci\u00f3n sobre el tema. Y la \u00faltima fue cuando encontramos la pel\u00edcula \u201cImprovisaci\u00f3n II\u201d en casa de Teresa Trujillo, toda la conversaci\u00f3n con los autores: Mario Handler y Teresa Trujillo, fue una lecci\u00f3n sobre ese encuentro de pr\u00e1cticas del que hablaba antes. En resumen, estas tres pistas sirvieron para ir armando el puzzle. Es un proyecto en construcci\u00f3n, por ahora solo est\u00e1n definidas las tres primeras muestras. El dedicar la primera a la danza se debe a que fue un terreno muy f\u00e9rtil que expandi\u00f3 sus l\u00edmites a espacios p\u00fablicos, clubes de barrio, actos pol\u00edticos, etc. Algunos textos cr\u00edticos sobre el tema, ten\u00edan una mirada vanguardista frente a los an\u00e1lisis de otras pr\u00e1cticas.<\/p>\n<p style=\"text-align: justify;\">No hay un lugar asignado, es todo un mismo proyecto que toma diferentes vertientes.<\/p>\n<p style=\"text-align: justify;\">Cuando hicimos 05982 en el FAC hicimos un relevamiento de las mujeres cineastas que figuraban en los libros o cuadernos de historia del cine uruguayo. Fue impactante&#8230; primero por la ausencia de datos, un mecanismo de violencia epist\u00e9mica que utiliza el poder patriarcal para construir su discurso; tambi\u00e9n por el maltrato expl\u00edcito o la descalificaci\u00f3n a las pel\u00edculas hechas por mujeres. En fin, este es un tema muy extenso y en definitiva lo que quiero decir es que, al sumergirse en la historia de una artista de inmediato surgen las dem\u00e1s, como si al tirar de la piola encontraras una red. En esta exposici\u00f3n, el punto de uni\u00f3n adem\u00e1s de la danza, es el cruce con el audiovisual que las artistas tuvieron en alguna etapa de sus carreras. Por eso las pel\u00edculas tienen un lugar destacado dentro la muestra. Las tres tuvieron a su manera un compromiso con la militancia de g\u00e9nero, eso es algo que hay que tomarse tiempo para leer en las notas de prensa expuestas, etc. La idea es no dar todo por sentado sino que la gente se meta en la trama.<\/p>\n<p style=\"text-align: justify;\">\u00ad-<strong>\u00bfQu\u00e9 pens\u00e1s de la cuesti\u00f3n del archivo y el rescate de registros y documentos en nuestro medio?<\/strong><\/p>\n<p style=\"text-align: justify;\"><strong>-\u00bfCu\u00e1les son las dificultades y que logros visualizas?<\/strong><\/p>\n<p style=\"text-align: justify;\">Pienso que estamos en un proceso interesante dado que se est\u00e1 poniendo en valor los archivos de agentes culturales. Hay un despertar, una pasi\u00f3n por el documento, pero tambi\u00e9n nos estamos preocupando de conservarlos. Hace unos a\u00f1os nadie miraba hacia ese punto y ahora hay una corriente que va hacia all\u00ed, hay cuestionamientos, se busca crecer y afianzarse.<\/p>\n<p style=\"text-align: justify;\">A pesar de este cambio las dificultades siguen siendo las de siempre, pero este nuevo posicionamiento hace que hoy el archivo tenga el valor patrimonial que le corresponde.<\/p>\n<p style=\"text-align: justify;\">Este creo que es un logro de todos los que trabajamos en este campo.<\/p>\n<p style=\"text-align: justify;\">\u00ad-<strong>Contanos algo del o de los criterios curatoriales en el montaje de esta muestra<\/strong><\/p>\n<p style=\"text-align: justify;\">El dise\u00f1o fue pensado en colectivo con el equipo del CCE, <a href=\"https:\/\/cooltivarte.com\/portal\/?s=Patricia+Bentancur\">Patricia Bentancur<\/a> y Adela Casacuberta. Pensamos varios d\u00edas como armar el rompecabezas.<\/p>\n<p style=\"text-align: justify;\">La idea curatorial era buscar una pieza emblem\u00e1tica dentro del archivo, una pieza representativa del t\u00edtulo que encabezaba la muestra \u201cLa escena expandida\u201d. Las im\u00e1genes eran muy potentes y sugestivas pero la palabra ten\u00eda un peso importante en el contexto. Sab\u00eda entonces que esa pieza emblem\u00e1tica constaba de estas dos partes. Me interesaba tambi\u00e9n representar la genealog\u00eda del archivo de cada artista, buscar el dispositivo correcto para mostrar el archivo embrionario de Isabel Gilbert, el ya sistematizado de Teresa y el caleidosc\u00f3pico de Graciela, estas tareas fueron complicadas pero tom\u00e9 como referencias otras muestras similares en las cuales estuve relacionada y creo que se logr\u00f3 el objetivo. La empat\u00eda con la dise\u00f1adora fue indispensable para que todo tomara forma.<\/p>\n<p style=\"text-align: justify;\">\u00ad-<strong>\u00bfC\u00f3mo fue trabajar colaborativamente con otras investigadoras?, \u00bfhay posibilidad de colaboraciones en la escena local, en el campo del arte?<\/strong><\/p>\n<p style=\"text-align: justify;\">La propuesta curatorial es que esta exposici\u00f3n constituya un nuevo archivo por lo cual se hace indispensable las m\u00faltiples lecturas. Considero que toda investigaci\u00f3n es colectiva y colaborativa, es la esencia misma de este oficio. Cada una de las invitadas viene trabajando desde hace a\u00f1os con temas referidos a la muestra, las tres vienen de \u00e1reas diferentes por lo cual las miradas se complementan, todo se multiplica. Tratando los mismos temas es obvio que nos vamos a tocar en algunos puntos pero nunca solapar.<\/p>\n<p style=\"text-align: justify;\">Bueno, considero que s\u00ed. En lo personal trabajo en un colectivo y pertenezco a varias redes de estudio, podr\u00eda afirmar que hay posibilidades. Pero aun as\u00ed veo una escena local hostil, endog\u00e1mica y conservadora. Creo que reci\u00e9n estamos corriendo el velo y perdiendo el miedo a crecer.<\/p>\n<p style=\"text-align: justify;\">\u00ad-<strong>\u00bfC\u00f3mo sigue esta investigaci\u00f3n?<\/strong><\/p>\n<p style=\"text-align: justify;\">Sigue en el d\u00eda a d\u00eda. Sumando datos, documentos&#8230; repensando v\u00edas de acceso&#8230;<\/p>\n<p style=\"text-align: justify;\">La muestra es parte del FIDCU, hay varias actividades programadas en torno a ella. Con los organizadores estamos pensando en un conversatorio con las artistas, creo que esto ser\u00e1 un punto alto para la muestra. La sistematizaci\u00f3n de todo el trabajo a trav\u00e9s de la voz protagonista, me gusta mucho esa idea.<\/p>\n<p style=\"text-align: justify;\">Antes de fin de a\u00f1o se va a hacer la segunda parte de Pioneras, tendr\u00e1 un dispositivo diferente, veremos&#8230; Tambi\u00e9n estamos pensando en impulsar publicaciones sobre el tema, pero por ahora disfrutar de esta primera parte.<\/p>\n<p>&nbsp;<br \/>\n&nbsp;<br \/>\n<iframe src=\"https:\/\/www.youtube.com\/embed\/v7994fsCQkc\" width=\"560\" height=\"315\" frameborder=\"0\" allowfullscreen=\"allowfullscreen\"><\/iframe>&nbsp;<br \/>\n&nbsp;<\/p>\n","protected":false},"excerpt":{"rendered":"<p>En el marco del Mes de los derechos de las mujeres del CCE 2016 y del FIDCU (Festival Internacional de danza contempor\u00e1nea del Uruguay), tiene lugar la muestra: Estudios de g\u00e9nero y danza en Pioneras del arte de acci\u00f3n I \u2013 La escena expandida (1962\/1975), que va del 3 de marzo hasta el 14 de [&hellip;]<\/p>\n","protected":false},"author":57,"featured_media":20506,"comment_status":"closed","ping_status":"closed","sticky":false,"template":"","format":"standard","meta":{"om_disable_all_campaigns":false,"ngg_post_thumbnail":0,"jnews-multi-image_gallery":[],"jnews_single_post":[],"jnews_primary_category":[],"jnews_social_meta":[],"jnews_override_counter":[],"footnotes":""},"categories":[4288],"tags":[4251,84,81,4252,373,4253],"class_list":["post-20505","post","type-post","status-publish","format-standard","has-post-thumbnail","hentry","category-contemporaneo","tag-angela-lopez-ruiz","tag-arte","tag-cultura","tag-estudios-de-genero-y-danza-en-pioneras-del-arte-de-accion-i","tag-exposicion","tag-festival-internacional-de-danza-contemporanea-del-uruguay"],"yoast_head":"<!-- This site is optimized with the Yoast SEO plugin v27.4 - https:\/\/yoast.com\/product\/yoast-seo-wordpress\/ -->\n<title>Pioneras del arte de acci\u00f3n, entrevista a \u00c1ngela L\u00f3pez Ruiz - Cooltivarte Portal<\/title>\n<meta name=\"description\" content=\"COOLTIVARTE.COM es un portal digital colaborativo de actualizaci\u00f3n permanente dedicado a difundir el acontecer art\u00edstico y cultural, entrevista artistas, gestores y productores de las diferentes disciplinas del arte, y publicando art\u00edculos de reflexi\u00f3n de producci\u00f3n propia sobre los elementos culturales.\" \/>\n<meta name=\"robots\" content=\"index, follow, max-snippet:-1, max-image-preview:large, max-video-preview:-1\" \/>\n<link rel=\"canonical\" href=\"https:\/\/cooltivarte.com\/portal\/pioneras-del-arte-de-accion-entrevista-a-angela-lopez-ruiz\/\" \/>\n<meta property=\"og:locale\" content=\"es_ES\" \/>\n<meta property=\"og:type\" content=\"article\" \/>\n<meta property=\"og:title\" content=\"Pioneras del arte de acci\u00f3n, entrevista a \u00c1ngela L\u00f3pez Ruiz - Cooltivarte Portal\" \/>\n<meta property=\"og:description\" content=\"COOLTIVARTE.COM es un portal digital colaborativo de actualizaci\u00f3n permanente dedicado a difundir el acontecer art\u00edstico y cultural, entrevista artistas, gestores y productores de las diferentes disciplinas del arte, y publicando art\u00edculos de reflexi\u00f3n de producci\u00f3n propia sobre los elementos culturales.\" \/>\n<meta property=\"og:url\" content=\"https:\/\/cooltivarte.com\/portal\/pioneras-del-arte-de-accion-entrevista-a-angela-lopez-ruiz\/\" \/>\n<meta property=\"og:site_name\" content=\"Cooltivarte Portal\" \/>\n<meta property=\"article:publisher\" content=\"https:\/\/www.facebook.com\/cooltivartecom\/\" \/>\n<meta property=\"article:author\" content=\"https:\/\/www.facebook.com\/fernando.barrios.986\" \/>\n<meta property=\"article:published_time\" content=\"2016-03-15T14:23:55+00:00\" \/>\n<meta property=\"article:modified_time\" content=\"2016-05-03T02:29:22+00:00\" \/>\n<meta property=\"og:image\" content=\"https:\/\/cooltivarte.com\/portal\/wp-content\/uploads\/2016\/03\/pioneras-del-arte-de-accion.jpg\" \/>\n\t<meta property=\"og:image:width\" content=\"960\" \/>\n\t<meta property=\"og:image:height\" content=\"640\" \/>\n\t<meta property=\"og:image:type\" content=\"image\/jpeg\" \/>\n<meta name=\"author\" content=\"Fernando Barrios\" \/>\n<meta name=\"twitter:card\" content=\"summary_large_image\" \/>\n<meta name=\"twitter:creator\" content=\"@https:\/\/x.com\/obolocultural\" \/>\n<meta name=\"twitter:site\" content=\"@obolocultural\" \/>\n<meta name=\"twitter:label1\" content=\"Escrito por\" \/>\n\t<meta name=\"twitter:data1\" content=\"Fernando Barrios\" \/>\n\t<meta name=\"twitter:label2\" content=\"Tiempo de lectura\" \/>\n\t<meta name=\"twitter:data2\" content=\"7 minutos\" \/>\n<!-- \/ Yoast SEO plugin. -->","yoast_head_json":{"title":"Pioneras del arte de acci\u00f3n, entrevista a \u00c1ngela L\u00f3pez Ruiz - Cooltivarte Portal","description":"COOLTIVARTE.COM es un portal digital colaborativo de actualizaci\u00f3n permanente dedicado a difundir el acontecer art\u00edstico y cultural, entrevista artistas, gestores y productores de las diferentes disciplinas del arte, y publicando art\u00edculos de reflexi\u00f3n de producci\u00f3n propia sobre los elementos culturales.","robots":{"index":"index","follow":"follow","max-snippet":"max-snippet:-1","max-image-preview":"max-image-preview:large","max-video-preview":"max-video-preview:-1"},"canonical":"https:\/\/cooltivarte.com\/portal\/pioneras-del-arte-de-accion-entrevista-a-angela-lopez-ruiz\/","og_locale":"es_ES","og_type":"article","og_title":"Pioneras del arte de acci\u00f3n, entrevista a \u00c1ngela L\u00f3pez Ruiz - Cooltivarte Portal","og_description":"COOLTIVARTE.COM es un portal digital colaborativo de actualizaci\u00f3n permanente dedicado a difundir el acontecer art\u00edstico y cultural, entrevista artistas, gestores y productores de las diferentes disciplinas del arte, y publicando art\u00edculos de reflexi\u00f3n de producci\u00f3n propia sobre los elementos culturales.","og_url":"https:\/\/cooltivarte.com\/portal\/pioneras-del-arte-de-accion-entrevista-a-angela-lopez-ruiz\/","og_site_name":"Cooltivarte Portal","article_publisher":"https:\/\/www.facebook.com\/cooltivartecom\/","article_author":"https:\/\/www.facebook.com\/fernando.barrios.986","article_published_time":"2016-03-15T14:23:55+00:00","article_modified_time":"2016-05-03T02:29:22+00:00","og_image":[{"width":960,"height":640,"url":"https:\/\/cooltivarte.com\/portal\/wp-content\/uploads\/2016\/03\/pioneras-del-arte-de-accion.jpg","type":"image\/jpeg"}],"author":"Fernando Barrios","twitter_card":"summary_large_image","twitter_creator":"@https:\/\/x.com\/obolocultural","twitter_site":"@obolocultural","twitter_misc":{"Escrito por":"Fernando Barrios","Tiempo de lectura":"7 minutos"},"schema":{"@context":"https:\/\/schema.org","@graph":[{"@type":"NewsArticle","@id":"https:\/\/cooltivarte.com\/portal\/pioneras-del-arte-de-accion-entrevista-a-angela-lopez-ruiz\/#article","isPartOf":{"@id":"https:\/\/cooltivarte.com\/portal\/pioneras-del-arte-de-accion-entrevista-a-angela-lopez-ruiz\/"},"author":{"name":"Fernando Barrios","@id":"https:\/\/cooltivarte.com\/portal\/#\/schema\/person\/068ab547228802a68bb770d57ec2e063"},"headline":"Pioneras del arte de acci\u00f3n, entrevista a \u00c1ngela L\u00f3pez Ruiz","datePublished":"2016-03-15T14:23:55+00:00","dateModified":"2016-05-03T02:29:22+00:00","mainEntityOfPage":{"@id":"https:\/\/cooltivarte.com\/portal\/pioneras-del-arte-de-accion-entrevista-a-angela-lopez-ruiz\/"},"wordCount":1370,"publisher":{"@id":"https:\/\/cooltivarte.com\/portal\/#organization"},"image":{"@id":"https:\/\/cooltivarte.com\/portal\/pioneras-del-arte-de-accion-entrevista-a-angela-lopez-ruiz\/#primaryimage"},"thumbnailUrl":"https:\/\/cooltivarte.com\/portal\/wp-content\/uploads\/2016\/03\/pioneras-del-arte-de-accion.jpg","keywords":["\u00c1ngela L\u00f3pez Ruiz","Arte","Cultura","Estudios de g\u00e9nero y danza en Pioneras del arte de acci\u00f3n I","Exposici\u00f3n","Festival Internacional de danza contempor\u00e1nea del Uruguay"],"articleSection":["Campo Contempor\u00e1neo"],"inLanguage":"es-AR"},{"@type":"WebPage","@id":"https:\/\/cooltivarte.com\/portal\/pioneras-del-arte-de-accion-entrevista-a-angela-lopez-ruiz\/","url":"https:\/\/cooltivarte.com\/portal\/pioneras-del-arte-de-accion-entrevista-a-angela-lopez-ruiz\/","name":"Pioneras del arte de acci\u00f3n, entrevista a \u00c1ngela L\u00f3pez Ruiz - Cooltivarte Portal","isPartOf":{"@id":"https:\/\/cooltivarte.com\/portal\/#website"},"primaryImageOfPage":{"@id":"https:\/\/cooltivarte.com\/portal\/pioneras-del-arte-de-accion-entrevista-a-angela-lopez-ruiz\/#primaryimage"},"image":{"@id":"https:\/\/cooltivarte.com\/portal\/pioneras-del-arte-de-accion-entrevista-a-angela-lopez-ruiz\/#primaryimage"},"thumbnailUrl":"https:\/\/cooltivarte.com\/portal\/wp-content\/uploads\/2016\/03\/pioneras-del-arte-de-accion.jpg","datePublished":"2016-03-15T14:23:55+00:00","dateModified":"2016-05-03T02:29:22+00:00","description":"COOLTIVARTE.COM es un portal digital colaborativo de actualizaci\u00f3n permanente dedicado a difundir el acontecer art\u00edstico y cultural, entrevista artistas, gestores y productores de las diferentes disciplinas del arte, y publicando art\u00edculos de reflexi\u00f3n de producci\u00f3n propia sobre los elementos culturales.","breadcrumb":{"@id":"https:\/\/cooltivarte.com\/portal\/pioneras-del-arte-de-accion-entrevista-a-angela-lopez-ruiz\/#breadcrumb"},"inLanguage":"es-AR","potentialAction":[{"@type":"ReadAction","target":["https:\/\/cooltivarte.com\/portal\/pioneras-del-arte-de-accion-entrevista-a-angela-lopez-ruiz\/"]}]},{"@type":"ImageObject","inLanguage":"es-AR","@id":"https:\/\/cooltivarte.com\/portal\/pioneras-del-arte-de-accion-entrevista-a-angela-lopez-ruiz\/#primaryimage","url":"https:\/\/cooltivarte.com\/portal\/wp-content\/uploads\/2016\/03\/pioneras-del-arte-de-accion.jpg","contentUrl":"https:\/\/cooltivarte.com\/portal\/wp-content\/uploads\/2016\/03\/pioneras-del-arte-de-accion.jpg","width":960,"height":640,"caption":"pioneras-del-arte-de-accion"},{"@type":"BreadcrumbList","@id":"https:\/\/cooltivarte.com\/portal\/pioneras-del-arte-de-accion-entrevista-a-angela-lopez-ruiz\/#breadcrumb","itemListElement":[{"@type":"ListItem","position":1,"name":"Portada","item":"https:\/\/cooltivarte.com\/portal\/"},{"@type":"ListItem","position":2,"name":"Pioneras del arte de acci\u00f3n, entrevista a \u00c1ngela L\u00f3pez Ruiz"}]},{"@type":"WebSite","@id":"https:\/\/cooltivarte.com\/portal\/#website","url":"https:\/\/cooltivarte.com\/portal\/","name":"Cooltivarte Portal","description":"Arte, cultura y turismo para el mundo ...","publisher":{"@id":"https:\/\/cooltivarte.com\/portal\/#organization"},"potentialAction":[{"@type":"SearchAction","target":{"@type":"EntryPoint","urlTemplate":"https:\/\/cooltivarte.com\/portal\/?s={search_term_string}"},"query-input":{"@type":"PropertyValueSpecification","valueRequired":true,"valueName":"search_term_string"}}],"inLanguage":"es-AR"},{"@type":"Organization","@id":"https:\/\/cooltivarte.com\/portal\/#organization","name":"cooltivarte","url":"https:\/\/cooltivarte.com\/portal\/","logo":{"@type":"ImageObject","inLanguage":"es-AR","@id":"https:\/\/cooltivarte.com\/portal\/#\/schema\/logo\/image\/","url":"https:\/\/cooltivarte.com\/portal\/wp-content\/uploads\/2020\/04\/logo-cooltivarte-v2.png","contentUrl":"https:\/\/cooltivarte.com\/portal\/wp-content\/uploads\/2020\/04\/logo-cooltivarte-v2.png","width":851,"height":243,"caption":"cooltivarte"},"image":{"@id":"https:\/\/cooltivarte.com\/portal\/#\/schema\/logo\/image\/"},"sameAs":["https:\/\/www.facebook.com\/cooltivartecom\/","https:\/\/x.com\/obolocultural","https:\/\/www.instagram.com\/_cooltivarte_\/","https:\/\/www.linkedin.com\/company\/-bolocultural?reportsuccess=8zaNG1HwhPbAR9iQhZ5rfGeqz_vQFftHun0ZWU0Wy9vNemRJ8vtcKdJvzQfW8XagyOJSKg0XvfJ1dp","https:\/\/www.pinterest.com\/cooltivarte\/","https:\/\/cooltivarte.tumblr.com\/","https:\/\/www.tiktok.com\/@cooltivarte","https:\/\/www.youtube.com\/@PrensaCooltivarte"]},{"@type":"Person","@id":"https:\/\/cooltivarte.com\/portal\/#\/schema\/person\/068ab547228802a68bb770d57ec2e063","name":"Fernando Barrios","image":{"@type":"ImageObject","inLanguage":"es-AR","@id":"https:\/\/cooltivarte.com\/portal\/wp-content\/uploads\/2015\/04\/fernando-barrios-120x120.jpg","url":"https:\/\/cooltivarte.com\/portal\/wp-content\/uploads\/2015\/04\/fernando-barrios-120x120.jpg","contentUrl":"https:\/\/cooltivarte.com\/portal\/wp-content\/uploads\/2015\/04\/fernando-barrios-120x120.jpg","caption":"Fernando Barrios"},"description":"Fernando Barrios Boibo: Integra el Programa de formaci\u00f3n permanente y curadur\u00eda del fac (fundaci\u00f3n de arte contempor\u00e1neo) y el staff editorial de la revista HUGO. Realiza cr\u00edtica literaria en revista Relaciones y de arte contempor\u00e1neo en Cooltivarte. Poeta y narrador. Ha publicado: en prosa El s\u00f3tano y otros cuentos, Desaforismos, ap\u00f3crifos y otras herej\u00edas, en poes\u00eda Parto de gallina, Desamorados o del tiempo perdido, Tri(i)log\u00eda y V\u00f3rtice textual: caja\u00adjuego con textos. Practica el psicoan\u00e1lisis; miembro de la ecole lacanienne de psychanalyse","sameAs":["https:\/\/www.facebook.com\/fernando.barrios.986","https:\/\/www.instagram.com\/_cooltivarte_\/","https:\/\/www.linkedin.com\/company\/-bolocultural","https:\/\/www.pinterest.com\/cooltivarte","https:\/\/x.com\/https:\/\/x.com\/obolocultural","https:\/\/www.youtube.com\/@PrensaCooltivarte","https:\/\/www.tumblr.com\/blog\/cooltivarte"],"url":"https:\/\/cooltivarte.com\/portal\/author\/fernando-barrios\/"}]}},"_links":{"self":[{"href":"https:\/\/cooltivarte.com\/portal\/wp-json\/wp\/v2\/posts\/20505","targetHints":{"allow":["GET"]}}],"collection":[{"href":"https:\/\/cooltivarte.com\/portal\/wp-json\/wp\/v2\/posts"}],"about":[{"href":"https:\/\/cooltivarte.com\/portal\/wp-json\/wp\/v2\/types\/post"}],"author":[{"embeddable":true,"href":"https:\/\/cooltivarte.com\/portal\/wp-json\/wp\/v2\/users\/57"}],"replies":[{"embeddable":true,"href":"https:\/\/cooltivarte.com\/portal\/wp-json\/wp\/v2\/comments?post=20505"}],"version-history":[{"count":4,"href":"https:\/\/cooltivarte.com\/portal\/wp-json\/wp\/v2\/posts\/20505\/revisions"}],"predecessor-version":[{"id":21049,"href":"https:\/\/cooltivarte.com\/portal\/wp-json\/wp\/v2\/posts\/20505\/revisions\/21049"}],"wp:featuredmedia":[{"embeddable":true,"href":"https:\/\/cooltivarte.com\/portal\/wp-json\/wp\/v2\/media\/20506"}],"wp:attachment":[{"href":"https:\/\/cooltivarte.com\/portal\/wp-json\/wp\/v2\/media?parent=20505"}],"wp:term":[{"taxonomy":"category","embeddable":true,"href":"https:\/\/cooltivarte.com\/portal\/wp-json\/wp\/v2\/categories?post=20505"},{"taxonomy":"post_tag","embeddable":true,"href":"https:\/\/cooltivarte.com\/portal\/wp-json\/wp\/v2\/tags?post=20505"}],"curies":[{"name":"wp","href":"https:\/\/api.w.org\/{rel}","templated":true}]}}