{"id":18859,"date":"2015-12-16T13:14:47","date_gmt":"2015-12-16T13:14:47","guid":{"rendered":"http:\/\/cooltivarte.com\/portal\/?p=18859"},"modified":"2015-12-16T13:23:48","modified_gmt":"2015-12-16T13:23:48","slug":"mil-canciones-de-buena-madera-las-pastillas-del-abuelo","status":"publish","type":"post","link":"https:\/\/cooltivarte.com\/portal\/mil-canciones-de-buena-madera-las-pastillas-del-abuelo\/","title":{"rendered":"Mil canciones de buena madera &#8211; Las Pastillas del Abuelo"},"content":{"rendered":"<p style=\"text-align: justify;\"><a href=\"https:\/\/www.facebook.com\/laspastillasdelabuelooficial\/\" target=\"_blank\">Las pastillas del Abuelo<\/a> nace en el a\u00f1o 2002 como una banda under, luego de una importante\u00a0difusi\u00f3n realizada en internet, la cual logra que en casi todos los foros musicales se hablara del tema\u00a0&#8220;<em>El Sensei<\/em>&#8220;, tema que no forma parte de ning\u00fan corte discogr\u00e1fico y tampoco de las listas de temas\u00a0que tocan en vivo.<\/p>\n<p style=\"text-align: justify;\">Sobre el a\u00f1o 2005 graban su primer disco &#8220;<em>Por colectora<\/em>&#8221; con una mezcla de varios estilos musicales\u00a0como r<em>ock, country, jazz, reggae, chacarera, candombe<\/em>.<\/p>\n<p style=\"text-align: justify;\">Hoy, luego de darse a conocer en aquel Pepsi Music del 2005, llenar el Luna Park en el 2008 y tener\u00a0ya varios discos desde su comienzo, visitan <a href=\"https:\/\/cooltivarte.com\/portal\/category\/uruguay\/\">Uruguay<\/a> para presentar el \u00faltimo llamado &#8220;Paradojas&#8221;,\u00a0dedicado textual en el arte interior &#8220;<em>En memoria del Negro Garc\u00eda L\u00f3pez<\/em>&#8220;.<\/p>\n<p style=\"text-align: justify;\">La noche del viernes 11 de noviembre, Montevideo recib\u00eda una amplio abanico de propuestas\u00a0culturales, acompa\u00f1ado de un clima que iba aumentando sus grados a medida que pasaban los\u00a0minutos. En <em><a href=\"http:\/\/www.latrastienda.com.uy\/\" target=\"_blank\">La Trastienda de Montevideo<\/a><\/em>, sin embargo, la previa del rocanrol intentaba subir a\u00fan\u00a0m\u00e1s el calor y disminuir el tiempo que separaban a los seguidores con la banda. Ya cerca de nueve y\u00a0media la previa se traslad\u00f3 y entr\u00f3 para cantar &#8220;<em>El Piti tiene raz\u00f3n, esto es una fiesta&#8221;<\/em> y dar paso al\u00a0primer tema de la noche &#8220;<em>Tantas escaleras<\/em>&#8221; del \u00e1lbum &#8220;<em>Las pastillas del Abuelo<\/em>&#8221; del a\u00f1o 2006.<\/p>\n<p style=\"text-align: justify;\">Con una Trastienda llena, que no dio lugar a un solo minuto de silencio la noche dej\u00f3 disfrutar de\u00a0una lista completa de temas como &#8220;<em>Cerveza<\/em>&#8221; (a\u00f1o 2005 ), &#8220;<em>Leer y escribir&#8221; (a\u00f1o 2011)<\/em>, &#8220;<em>\u00bfQu\u00e9 vicios\u00a0tengo?<\/em>&#8221; (a\u00f1o 2008), &#8220;<em>Amar y envejecer<\/em>&#8221; (a\u00f1o 2010), entre otros.<\/p>\n<p style=\"text-align: justify;\">Con m\u00fasicos fieles a sus seguidores, que no daban lugar para distinguir la distancia que existe entre\u00a0el escenario y el p\u00fablico. Donde los gestos, las miradas y las remeras que volaban para hacia los\u00a0artistas, fueron haciendo que la noche se diferenciara de las otras presentaciones de rock. Muchas\u00a0veces esta distancia marca un estilo propio para cada banda, pero cuando se puede observar la\u00a0simpleza con la que una banda logra hacer sentir a sus espectadores parte del show, la conexi\u00f3n y el\u00a0goce por la m\u00fasica se triplica.<\/p>\n<p style=\"text-align: justify;\"><a href=\"https:\/\/www.facebook.com\/laspastillasdelabuelooficial\/\" target=\"_blank\">Las Pastillas del Abuelo<\/a>, banda compuesta por Alejandro Mondelo (en teclados), Diego Bozzalla (en\u00a0guitarra y coros), Joel Barbeito (en saxo y coros), Juan Comas (en bater\u00eda), Juan Germ\u00e1n Fern\u00e1ndez\u00a0(en voz y arm\u00f3nica), Santiago Bogisich (en bajo) y Fernando Vecchio (en guitarra y coros), se despide\u00a0con &#8220;<em>Loco por volverla a ver<\/em>&#8221; en su versi\u00f3n reggae y &#8220;<em>El Cowboy<\/em>&#8220;.<\/p>\n<p style=\"text-align: justify;\">Con las ganas de que quede una tuerca m\u00e1s para esa noche, la despedida fue sufrida por todos sus\u00a0seguidores, que adem\u00e1s de estar conformado por p\u00fablico local, <a href=\"http:\/\/www.latrastienda.com.uy\/\" target=\"_blank\">La Trastienda<\/a> tambi\u00e9n recib\u00eda al\u00a0p\u00fablico argentino, fiel seguidor de <a href=\"https:\/\/www.facebook.com\/laspastillasdelabuelooficial\/\" target=\"_blank\">Las Pastillas del Abuelo<\/a>.<\/p>\n<p style=\"text-align: justify;\">\n<p style=\"text-align: justify;\">Imagen:\u00a0Las Pastillas de Abuelo en el lanzamiento de su nuevo disco &#8220;<em>Paradojas<\/em>&#8221; en La Trastienda Club Montevideo. 11 de Diciembre de 2015.\u00a0Foto \u00a9 <a href=\"https:\/\/cooltivarte.com\/portal\/author\/javierbravo\/\">Javier Fuentes Photography<\/a><\/p>\n<p style=\"text-align: justify;\">[fbalbum url=https:\/\/www.facebook.com\/media\/set\/?set=a.964022723644641.1073742699.163210523725869&amp;type=1&amp;l=362e6805c2]<\/p>\n","protected":false},"excerpt":{"rendered":"<p>Las pastillas del Abuelo nace en el a\u00f1o 2002 como una banda under, luego de una importante\u00a0difusi\u00f3n realizada en internet, la cual logra que en casi todos los foros musicales se hablara del tema\u00a0&#8220;El Sensei&#8220;, tema que no forma parte de ning\u00fan corte discogr\u00e1fico y tampoco de las listas de temas\u00a0que tocan en vivo. Sobre [&hellip;]<\/p>\n","protected":false},"author":68,"featured_media":18860,"comment_status":"closed","ping_status":"closed","sticky":false,"template":"","format":"standard","meta":{"om_disable_all_campaigns":false,"ngg_post_thumbnail":0,"jnews-multi-image_gallery":[],"jnews_single_post":[],"jnews_primary_category":[],"jnews_social_meta":[],"jnews_override_counter":[],"footnotes":""},"categories":[50],"tags":[3966,3965],"class_list":["post-18859","post","type-post","status-publish","format-standard","has-post-thumbnail","hentry","category-coberturas","tag-la-trastienda-de-montevideo","tag-las-pastillas-del-abuelo"],"yoast_head":"<!-- This site is optimized with the Yoast SEO plugin v27.5 - https:\/\/yoast.com\/product\/yoast-seo-wordpress\/ -->\n<title>Mil canciones de buena madera - Las Pastillas del Abuelo - Cooltivarte Portal<\/title>\n<meta name=\"description\" content=\"COOLTIVARTE.COM es un portal digital colaborativo de actualizaci\u00f3n permanente dedicado a difundir el acontecer art\u00edstico y cultural, entrevista artistas, gestores y productores de las diferentes disciplinas del arte, y publicando art\u00edculos de reflexi\u00f3n de producci\u00f3n propia sobre los elementos culturales.\" \/>\n<meta name=\"robots\" content=\"index, follow, max-snippet:-1, max-image-preview:large, max-video-preview:-1\" \/>\n<link rel=\"canonical\" href=\"https:\/\/cooltivarte.com\/portal\/mil-canciones-de-buena-madera-las-pastillas-del-abuelo\/\" \/>\n<meta property=\"og:locale\" content=\"es_ES\" \/>\n<meta property=\"og:type\" content=\"article\" \/>\n<meta property=\"og:title\" content=\"Mil canciones de buena madera - Las Pastillas del Abuelo - Cooltivarte Portal\" \/>\n<meta property=\"og:description\" content=\"COOLTIVARTE.COM es un portal digital colaborativo de actualizaci\u00f3n permanente dedicado a difundir el acontecer art\u00edstico y cultural, entrevista artistas, gestores y productores de las diferentes disciplinas del arte, y publicando art\u00edculos de reflexi\u00f3n de producci\u00f3n propia sobre los elementos culturales.\" \/>\n<meta property=\"og:url\" content=\"https:\/\/cooltivarte.com\/portal\/mil-canciones-de-buena-madera-las-pastillas-del-abuelo\/\" \/>\n<meta property=\"og:site_name\" content=\"Cooltivarte Portal\" \/>\n<meta property=\"article:publisher\" content=\"https:\/\/www.facebook.com\/cooltivartecom\/\" \/>\n<meta property=\"article:author\" content=\"https:\/\/www.facebook.com\/saabri26?fref=ts\" \/>\n<meta property=\"article:published_time\" content=\"2015-12-16T13:14:47+00:00\" \/>\n<meta property=\"article:modified_time\" content=\"2015-12-16T13:23:48+00:00\" \/>\n<meta property=\"og:image\" content=\"https:\/\/cooltivarte.com\/portal\/wp-content\/uploads\/2015\/12\/Las-Pastillas-de-Abuelo-en-el-lanzamiento-de-su-nuevo-disco-Paradojas-en-La-Trastienda-Club-Montevideo-11-de-Diciembre-de-2015-Foto-Javier-Fuentes-Photography.jpg\" \/>\n\t<meta property=\"og:image:width\" content=\"960\" \/>\n\t<meta property=\"og:image:height\" content=\"600\" \/>\n\t<meta property=\"og:image:type\" content=\"image\/jpeg\" \/>\n<meta name=\"author\" content=\"Sabrina Tuya\" \/>\n<meta name=\"twitter:card\" content=\"summary_large_image\" \/>\n<meta name=\"twitter:creator\" content=\"@https:\/\/twitter.com\/sabrina_tuya_12\" \/>\n<meta name=\"twitter:site\" content=\"@obolocultural\" \/>\n<meta name=\"twitter:label1\" content=\"Escrito por\" \/>\n\t<meta name=\"twitter:data1\" content=\"Sabrina Tuya\" \/>\n\t<meta name=\"twitter:label2\" content=\"Tiempo de lectura\" \/>\n\t<meta name=\"twitter:data2\" content=\"3 minutos\" \/>\n<!-- \/ Yoast SEO plugin. -->","yoast_head_json":{"title":"Mil canciones de buena madera - Las Pastillas del Abuelo - Cooltivarte Portal","description":"COOLTIVARTE.COM es un portal digital colaborativo de actualizaci\u00f3n permanente dedicado a difundir el acontecer art\u00edstico y cultural, entrevista artistas, gestores y productores de las diferentes disciplinas del arte, y publicando art\u00edculos de reflexi\u00f3n de producci\u00f3n propia sobre los elementos culturales.","robots":{"index":"index","follow":"follow","max-snippet":"max-snippet:-1","max-image-preview":"max-image-preview:large","max-video-preview":"max-video-preview:-1"},"canonical":"https:\/\/cooltivarte.com\/portal\/mil-canciones-de-buena-madera-las-pastillas-del-abuelo\/","og_locale":"es_ES","og_type":"article","og_title":"Mil canciones de buena madera - Las Pastillas del Abuelo - Cooltivarte Portal","og_description":"COOLTIVARTE.COM es un portal digital colaborativo de actualizaci\u00f3n permanente dedicado a difundir el acontecer art\u00edstico y cultural, entrevista artistas, gestores y productores de las diferentes disciplinas del arte, y publicando art\u00edculos de reflexi\u00f3n de producci\u00f3n propia sobre los elementos culturales.","og_url":"https:\/\/cooltivarte.com\/portal\/mil-canciones-de-buena-madera-las-pastillas-del-abuelo\/","og_site_name":"Cooltivarte Portal","article_publisher":"https:\/\/www.facebook.com\/cooltivartecom\/","article_author":"https:\/\/www.facebook.com\/saabri26?fref=ts","article_published_time":"2015-12-16T13:14:47+00:00","article_modified_time":"2015-12-16T13:23:48+00:00","og_image":[{"width":960,"height":600,"url":"https:\/\/cooltivarte.com\/portal\/wp-content\/uploads\/2015\/12\/Las-Pastillas-de-Abuelo-en-el-lanzamiento-de-su-nuevo-disco-Paradojas-en-La-Trastienda-Club-Montevideo-11-de-Diciembre-de-2015-Foto-Javier-Fuentes-Photography.jpg","type":"image\/jpeg"}],"author":"Sabrina Tuya","twitter_card":"summary_large_image","twitter_creator":"@https:\/\/twitter.com\/sabrina_tuya_12","twitter_site":"@obolocultural","twitter_misc":{"Escrito por":"Sabrina Tuya","Tiempo de lectura":"3 minutos"},"schema":{"@context":"https:\/\/schema.org","@graph":[{"@type":"NewsArticle","@id":"https:\/\/cooltivarte.com\/portal\/mil-canciones-de-buena-madera-las-pastillas-del-abuelo\/#article","isPartOf":{"@id":"https:\/\/cooltivarte.com\/portal\/mil-canciones-de-buena-madera-las-pastillas-del-abuelo\/"},"author":{"name":"Sabrina Tuya","@id":"https:\/\/cooltivarte.com\/portal\/#\/schema\/person\/ebf3f4d1df53e2e9418476ebadcc278e"},"headline":"Mil canciones de buena madera &#8211; Las Pastillas del Abuelo","datePublished":"2015-12-16T13:14:47+00:00","dateModified":"2015-12-16T13:23:48+00:00","mainEntityOfPage":{"@id":"https:\/\/cooltivarte.com\/portal\/mil-canciones-de-buena-madera-las-pastillas-del-abuelo\/"},"wordCount":540,"publisher":{"@id":"https:\/\/cooltivarte.com\/portal\/#organization"},"image":{"@id":"https:\/\/cooltivarte.com\/portal\/mil-canciones-de-buena-madera-las-pastillas-del-abuelo\/#primaryimage"},"thumbnailUrl":"https:\/\/cooltivarte.com\/portal\/wp-content\/uploads\/2015\/12\/Las-Pastillas-de-Abuelo-en-el-lanzamiento-de-su-nuevo-disco-Paradojas-en-La-Trastienda-Club-Montevideo-11-de-Diciembre-de-2015-Foto-Javier-Fuentes-Photography.jpg","keywords":["La Trastienda de Montevideo","Las pastillas del Abuelo"],"articleSection":["Coberturas"],"inLanguage":"es-AR"},{"@type":"WebPage","@id":"https:\/\/cooltivarte.com\/portal\/mil-canciones-de-buena-madera-las-pastillas-del-abuelo\/","url":"https:\/\/cooltivarte.com\/portal\/mil-canciones-de-buena-madera-las-pastillas-del-abuelo\/","name":"Mil canciones de buena madera - Las Pastillas del Abuelo - Cooltivarte Portal","isPartOf":{"@id":"https:\/\/cooltivarte.com\/portal\/#website"},"primaryImageOfPage":{"@id":"https:\/\/cooltivarte.com\/portal\/mil-canciones-de-buena-madera-las-pastillas-del-abuelo\/#primaryimage"},"image":{"@id":"https:\/\/cooltivarte.com\/portal\/mil-canciones-de-buena-madera-las-pastillas-del-abuelo\/#primaryimage"},"thumbnailUrl":"https:\/\/cooltivarte.com\/portal\/wp-content\/uploads\/2015\/12\/Las-Pastillas-de-Abuelo-en-el-lanzamiento-de-su-nuevo-disco-Paradojas-en-La-Trastienda-Club-Montevideo-11-de-Diciembre-de-2015-Foto-Javier-Fuentes-Photography.jpg","datePublished":"2015-12-16T13:14:47+00:00","dateModified":"2015-12-16T13:23:48+00:00","description":"COOLTIVARTE.COM es un portal digital colaborativo de actualizaci\u00f3n permanente dedicado a difundir el acontecer art\u00edstico y cultural, entrevista artistas, gestores y productores de las diferentes disciplinas del arte, y publicando art\u00edculos de reflexi\u00f3n de producci\u00f3n propia sobre los elementos culturales.","breadcrumb":{"@id":"https:\/\/cooltivarte.com\/portal\/mil-canciones-de-buena-madera-las-pastillas-del-abuelo\/#breadcrumb"},"inLanguage":"es-AR","potentialAction":[{"@type":"ReadAction","target":["https:\/\/cooltivarte.com\/portal\/mil-canciones-de-buena-madera-las-pastillas-del-abuelo\/"]}]},{"@type":"ImageObject","inLanguage":"es-AR","@id":"https:\/\/cooltivarte.com\/portal\/mil-canciones-de-buena-madera-las-pastillas-del-abuelo\/#primaryimage","url":"https:\/\/cooltivarte.com\/portal\/wp-content\/uploads\/2015\/12\/Las-Pastillas-de-Abuelo-en-el-lanzamiento-de-su-nuevo-disco-Paradojas-en-La-Trastienda-Club-Montevideo-11-de-Diciembre-de-2015-Foto-Javier-Fuentes-Photography.jpg","contentUrl":"https:\/\/cooltivarte.com\/portal\/wp-content\/uploads\/2015\/12\/Las-Pastillas-de-Abuelo-en-el-lanzamiento-de-su-nuevo-disco-Paradojas-en-La-Trastienda-Club-Montevideo-11-de-Diciembre-de-2015-Foto-Javier-Fuentes-Photography.jpg","width":960,"height":600,"caption":"Las Pastillas de Abuelo en el lanzamiento de su nuevo disco \"Paradojas\" en La Trastienda Club Montevideo. 11 de Diciembre de 2015. Foto \u00a9 Javier Fuentes Photography"},{"@type":"BreadcrumbList","@id":"https:\/\/cooltivarte.com\/portal\/mil-canciones-de-buena-madera-las-pastillas-del-abuelo\/#breadcrumb","itemListElement":[{"@type":"ListItem","position":1,"name":"Portada","item":"https:\/\/cooltivarte.com\/portal\/"},{"@type":"ListItem","position":2,"name":"Mil canciones de buena madera &#8211; Las Pastillas del Abuelo"}]},{"@type":"WebSite","@id":"https:\/\/cooltivarte.com\/portal\/#website","url":"https:\/\/cooltivarte.com\/portal\/","name":"Cooltivarte Portal","description":"Arte, cultura y turismo para el mundo ...","publisher":{"@id":"https:\/\/cooltivarte.com\/portal\/#organization"},"potentialAction":[{"@type":"SearchAction","target":{"@type":"EntryPoint","urlTemplate":"https:\/\/cooltivarte.com\/portal\/?s={search_term_string}"},"query-input":{"@type":"PropertyValueSpecification","valueRequired":true,"valueName":"search_term_string"}}],"inLanguage":"es-AR"},{"@type":"Organization","@id":"https:\/\/cooltivarte.com\/portal\/#organization","name":"cooltivarte","url":"https:\/\/cooltivarte.com\/portal\/","logo":{"@type":"ImageObject","inLanguage":"es-AR","@id":"https:\/\/cooltivarte.com\/portal\/#\/schema\/logo\/image\/","url":"https:\/\/cooltivarte.com\/portal\/wp-content\/uploads\/2020\/04\/logo-cooltivarte-v2.png","contentUrl":"https:\/\/cooltivarte.com\/portal\/wp-content\/uploads\/2020\/04\/logo-cooltivarte-v2.png","width":851,"height":243,"caption":"cooltivarte"},"image":{"@id":"https:\/\/cooltivarte.com\/portal\/#\/schema\/logo\/image\/"},"sameAs":["https:\/\/www.facebook.com\/cooltivartecom\/","https:\/\/x.com\/obolocultural","https:\/\/www.instagram.com\/_cooltivarte_\/","https:\/\/www.linkedin.com\/company\/-bolocultural?reportsuccess=8zaNG1HwhPbAR9iQhZ5rfGeqz_vQFftHun0ZWU0Wy9vNemRJ8vtcKdJvzQfW8XagyOJSKg0XvfJ1dp","https:\/\/www.pinterest.com\/cooltivarte\/","https:\/\/cooltivarte.tumblr.com\/","https:\/\/www.tiktok.com\/@cooltivarte","https:\/\/www.youtube.com\/@PrensaCooltivarte"]},{"@type":"Person","@id":"https:\/\/cooltivarte.com\/portal\/#\/schema\/person\/ebf3f4d1df53e2e9418476ebadcc278e","name":"Sabrina Tuya","image":{"@type":"ImageObject","inLanguage":"es-AR","@id":"https:\/\/cooltivarte.com\/portal\/wp-content\/uploads\/2022\/03\/image0-120x120.jpeg","url":"https:\/\/cooltivarte.com\/portal\/wp-content\/uploads\/2022\/03\/image0-120x120.jpeg","contentUrl":"https:\/\/cooltivarte.com\/portal\/wp-content\/uploads\/2022\/03\/image0-120x120.jpeg","caption":"Sabrina Tuya"},"description":"29 de marzo de 1991. Comunicadora Le apasiona la m\u00fasica. Cree en tres cosas: palabras, letras y m\u00fasica que calman el alma. Genera sus propias oportunidades y cuando puede se las brinda a los dem\u00e1s. Siente que las buenas ideas pueden cambiar el mundo. Se incorpora a cooltivarte en 2015.","sameAs":["https:\/\/www.facebook.com\/saabri26?fref=ts","https:\/\/www.instagram.com\/imaginandobuenas12\/","https:\/\/www.linkedin.com\/in\/sabrinatuya\/","https:\/\/www.pinterest.com\/cooltivarte","https:\/\/x.com\/https:\/\/twitter.com\/sabrina_tuya_12","https:\/\/www.youtube.com\/@PrensaCooltivarte","https:\/\/www.tumblr.com\/blog\/cooltivarte"],"url":"https:\/\/cooltivarte.com\/portal\/author\/sabrina-tuya\/"}]}},"_links":{"self":[{"href":"https:\/\/cooltivarte.com\/portal\/wp-json\/wp\/v2\/posts\/18859","targetHints":{"allow":["GET"]}}],"collection":[{"href":"https:\/\/cooltivarte.com\/portal\/wp-json\/wp\/v2\/posts"}],"about":[{"href":"https:\/\/cooltivarte.com\/portal\/wp-json\/wp\/v2\/types\/post"}],"author":[{"embeddable":true,"href":"https:\/\/cooltivarte.com\/portal\/wp-json\/wp\/v2\/users\/68"}],"replies":[{"embeddable":true,"href":"https:\/\/cooltivarte.com\/portal\/wp-json\/wp\/v2\/comments?post=18859"}],"version-history":[{"count":4,"href":"https:\/\/cooltivarte.com\/portal\/wp-json\/wp\/v2\/posts\/18859\/revisions"}],"predecessor-version":[{"id":18864,"href":"https:\/\/cooltivarte.com\/portal\/wp-json\/wp\/v2\/posts\/18859\/revisions\/18864"}],"wp:featuredmedia":[{"embeddable":true,"href":"https:\/\/cooltivarte.com\/portal\/wp-json\/wp\/v2\/media\/18860"}],"wp:attachment":[{"href":"https:\/\/cooltivarte.com\/portal\/wp-json\/wp\/v2\/media?parent=18859"}],"wp:term":[{"taxonomy":"category","embeddable":true,"href":"https:\/\/cooltivarte.com\/portal\/wp-json\/wp\/v2\/categories?post=18859"},{"taxonomy":"post_tag","embeddable":true,"href":"https:\/\/cooltivarte.com\/portal\/wp-json\/wp\/v2\/tags?post=18859"}],"curies":[{"name":"wp","href":"https:\/\/api.w.org\/{rel}","templated":true}]}}