{"id":18827,"date":"2015-12-15T14:21:26","date_gmt":"2015-12-15T14:21:26","guid":{"rendered":"http:\/\/cooltivarte.com\/portal\/?p=18827"},"modified":"2025-11-18T23:05:46","modified_gmt":"2025-11-19T02:05:46","slug":"aquel-abrazo-parte-1-tremenda-propuesta-agua-impotencia-y-revancha-en-puerta","status":"publish","type":"post","link":"https:\/\/cooltivarte.com\/portal\/aquel-abrazo-parte-1-tremenda-propuesta-agua-impotencia-y-revancha-en-puerta\/","title":{"rendered":"AQUEL ABRAZO (Parte 1) \u2013 Tremenda propuesta, Agua, Impotencia y Revancha en puerta"},"content":{"rendered":"<figure id=\"attachment_18828\" aria-describedby=\"caption-attachment-18828\" style=\"width: 960px\" class=\"wp-caption alignnone\"><a href=\"https:\/\/cooltivarte.com\/portal\/wp-content\/uploads\/2015\/12\/Aquel-Abrazo-12-de-Diciembre-de-2015-foto-javier-fuentes.jpg\"><img fetchpriority=\"high\" decoding=\"async\" class=\"size-full wp-image-18828\" src=\"https:\/\/cooltivarte.com\/portal\/wp-content\/uploads\/2015\/12\/Aquel-Abrazo-12-de-Diciembre-de-2015-foto-javier-fuentes.jpg\" alt=\"Aquel Abrazo, 12 de Diciembre de 2015. Foto \u00a9 Javier Fuentes Photography\" width=\"960\" height=\"600\" srcset=\"https:\/\/cooltivarte.com\/portal\/wp-content\/uploads\/2015\/12\/Aquel-Abrazo-12-de-Diciembre-de-2015-foto-javier-fuentes.jpg 960w, https:\/\/cooltivarte.com\/portal\/wp-content\/uploads\/2015\/12\/Aquel-Abrazo-12-de-Diciembre-de-2015-foto-javier-fuentes-300x188.jpg 300w, https:\/\/cooltivarte.com\/portal\/wp-content\/uploads\/2015\/12\/Aquel-Abrazo-12-de-Diciembre-de-2015-foto-javier-fuentes-768x480.jpg 768w\" sizes=\"(max-width: 960px) 100vw, 960px\" \/><\/a><figcaption id=\"caption-attachment-18828\" class=\"wp-caption-text\">Aquel Abrazo, 12 de Diciembre de 2015.<br \/>Foto \u00a9 Javier Fuentes Photography<\/figcaption><\/figure>\n<p>&nbsp;<\/p>\n<p style=\"text-align: justify;\">Qu\u00e9 bien se siente uno, cuando es s\u00e1bado, la noche reci\u00e9n comienza a devorarse al d\u00eda, la&nbsp;temperatura es de verano y se va viajando relajadamente sentado en un \u00f3mnibus capitalino a&nbsp;una gran fiesta, una de esas que seg\u00fan todo indica, ser\u00e1, por expectativas, artistas, escenario y&nbsp;memoria hist\u00f3rica (<em>Noches de Paz, Fiestas finales o X<\/em>) La gran fiesta del a\u00f1o y una grata&nbsp;experiencia para el recuerdo colectivo.<\/p>\n<p style=\"text-align: justify;\">Me bajo del 522 en Gonzalo Ram\u00edrez y recorro un <em>Parque Rodo<\/em> vibrante de gente. La <a href=\"http:\/\/www.ideasmas.com\/\" target=\"_blank\" rel=\"noopener\">Feria&nbsp;Ideas+<\/a>, que toma por asalto en estos d\u00edas el coraz\u00f3n del barrio, combinaba un p\u00fablico de lo&nbsp;m\u00e1s diverso. Al llegar a la rambla, la veo repleta, y el flujo ya se divid\u00eda en dos. Por un lado las&nbsp;teenagers (y no tanto) en grupos, fan\u00e1ticas de <strong><a href=\"https:\/\/cooltivarte.com\/portal\/?s=Lali+Esposito\" target=\"_blank\" rel=\"noopener\">Lali Esposito<\/a><\/strong>, quienes se dirig\u00edan a ver a su&nbsp;popera idola televisiva, hacia el <em>Teatro de Verano<\/em>. Y por el otro, los que est\u00e1bamos buscando&nbsp;<strong><a href=\"https:\/\/cooltivarte.com\/portal\/?s=Aquel+Abrazo\">Aquel Abrazo<\/a><\/strong>.<\/p>\n<p style=\"text-align: justify;\">Llego hasta una valla en un primer control debajo del puente de las cantearas, y un portero&nbsp;me indica que la \u00fanica entrada era por Bulevar y&nbsp;la Rambla, lo cual signific\u00f3 una caminata de&nbsp;30 minutos hasta llegar al punto de ingreso, y me genera la interrogante durante ese trayecto,&nbsp;de porque raz\u00f3n no hubo una entrada por el lado de la rambla de las canteras, en fin,&nbsp;est\u00e1bamos yendo a una fiesta, vamo arriba.<\/p>\n<p style=\"text-align: justify;\">Previo paso por unas vac\u00edas boleter\u00edas, ya me encuentro ante el enorme mu\u00f1eco amarillo&nbsp;hecho de casilleros de Pilsen que nos recib\u00eda con sus brazos abiertos, y, desde ese momento, a&nbsp;las 21 hs comenz\u00f3 <strong><a href=\"https:\/\/cooltivarte.com\/portal\/?s=Aquel+Abrazo\">Aquel Abrazo<\/a><\/strong> para quien escribe.<\/p>\n<p style=\"text-align: justify;\">Artistas del grafiti llevando su arte insitu sobre murales, feria de Vinilos, la costa de un lado, el&nbsp;bullicio que se empezaba a sentir del otro, barras de toda clase, representado a los boliches de&nbsp;nuestro querido Montevideo, escenarios grandes, peque\u00f1os e improvisados. <strong><a href=\"https:\/\/cooltivarte.com\/portal\/?s=M%C3%B3nica+Navarro\" target=\"_blank\" rel=\"noopener\">M\u00f3nica Navarro<\/a>&nbsp;<\/strong>cantando con su voz \u00fanica ante algunos pocos, sigo el recorrido como sintiendo el rugir de la&nbsp;masa, y me encuentro ya casi dentro de ella, escuchando los c\u00e1nticos de las canciones de <strong><a href=\"https:\/\/cooltivarte.com\/portal\/?s=Once+Tiros\" target=\"_blank\" rel=\"noopener\">Once&nbsp;Tiros<\/a><\/strong>, que ya casi todos saben de memoria, confirmando lo popular de su m\u00fasica despu\u00e9s de&nbsp;varios a\u00f1os en la carretera.<\/p>\n<p style=\"text-align: justify;\">El mapa prolijo y concreto que uno recib\u00eda al ingreso le serv\u00eda de gu\u00eda para moverse en un&nbsp;espacio que si bien era grande, explotaba de propuestas. <em>Jazz, bossa, electr\u00f3nica,<\/em> aromas de&nbsp;todo tipo, me llevaron a uno de los espect\u00e1culos que hab\u00eda marcado en lo previo, <strong>Los&nbsp;<a href=\"https:\/\/cooltivarte.com\/portal\/?s=Hermanos+Laser\">Hermanos Laser<\/a><\/strong> sonando en el escenario Indie, junto a la barra de los amigos de <em>Bluzz<\/em>. Cerveza&nbsp;mediante, sonaron con su Rock relajado y de buenas canciones entre alguna performance&nbsp;circense a puro fuego alrededor, bajo un gran sonido.<\/p>\n<p style=\"text-align: justify;\">Doy otra vuelta y me doy un placentero gusto, un buen Lehmey\u00fan ($70) de la <em>Esquina del&nbsp;Mundo<\/em>, mientras a pocos metros en el escenario Club, tocaba <strong><a href=\"https:\/\/cooltivarte.com\/portal\/?s=Juan+El+que+Canta\">Juan El que Canta<\/a><\/strong>, literalmente&nbsp;de espaldas al mar lo que generaba un espect\u00e1culo \u00fanico con su potente y muy bien trabajado&nbsp;Rock de guitarras y buenas letras, en conjunci\u00f3n con un horizonte bien colorido que se&nbsp;aproximaba con sus fuerzas extra\u00f1as que tra\u00edan evidentemente algunas sorpresas&nbsp;(pronosticadas) consigo.<\/p>\n<p style=\"text-align: justify;\">Sigo en movimiento y llego hasta el escenario Lago, donde el Colectivo Celeste (uno de los dos&nbsp;conformados especialmente para esta noche) llegaban a un cierre antol\u00f3gico, en donde<strong>&nbsp;<a href=\"https:\/\/cooltivarte.com\/portal\/?s=Emiliano+Brancciari\">Emiliano Brancciari<\/a>, <a href=\"https:\/\/cooltivarte.com\/portal\/?s=Mandrake+Wolf\">Mandrake Wolf<\/a>, <a href=\"https:\/\/cooltivarte.com\/portal\/?s=Julieta+Rada\">Julieta Rada<\/a>, <a href=\"https:\/\/cooltivarte.com\/portal\/?s=Martin+Buscaglia\">Martin Buscaglia<\/a>,<\/strong> Los Hermanos Ibarburu y&nbsp;Cia interpretaban el cl\u00e1sico \u201cDedos\u201d de T\u00f3tem, en una versi\u00f3n zapada y a varias voces, para el&nbsp;goce colectivo, clap clap clap.<\/p>\n<p style=\"text-align: justify;\">Aprovecho la cercan\u00eda y me doy una vuelta por la Zona Electr\u00f3nica. Un deleite ese espacio para&nbsp;los amantes del g\u00e9nero. Sobre una capsula colocada sobre la altura de una de las canteras,&nbsp;pasaron hasta (que paso lo que paso) diversos exponentes de la escena electr\u00f3nica local, en un&nbsp;lugar, dise\u00f1ado para el viaje efectivo.<\/p>\n<p style=\"text-align: justify;\">Vuelvo a tierra, m\u00fasica por todos lados (quiz\u00e1s hasta se pisaban entre si las propuestas) y&nbsp;gente y mas gente, ya el espacio estaba a tono con la propuesta ofrecida.<\/p>\n<p style=\"text-align: justify;\">Me toca el turno de ver a<strong> <a href=\"https:\/\/cooltivarte.com\/portal\/?s=Los+Prolijos\">Los Prolijos<\/a><\/strong>. Qu\u00e9 buena banda, que no se casan con ning\u00fan g\u00e9nero.<\/p>\n<p style=\"text-align: justify;\"><a href=\"https:\/\/cooltivarte.com\/portal\/?s=Fede+Gra%C3%B1a\"><strong>Fede Gra\u00f1a<\/strong><\/a><strong> y<\/strong> Cia sonaron fuerte y recorrieron desde lo suyo, una rara versi\u00f3n de la Lambada&nbsp;hasta un Rock pesado junto al hip-hop de AFC &amp; Los Warriors como invitados.<\/p>\n<p style=\"text-align: justify;\">Me doy cuenta que est\u00e1 tocando en la otra punta del predio desde Cuba, <em>X Alfonso<\/em>, pero ya&nbsp;era tarde, no llego, lo lamento, son los riesgos de estos eventos llenos de espect\u00e1culos, uno&nbsp;nunca puede estar en todos lados.<\/p>\n<p style=\"text-align: justify;\">Me dirijo hasta el escenario Monumento, en donde ya una multitud sent\u00eda los acordes de <strong><a href=\"https:\/\/cooltivarte.com\/portal\/?s=La+Abuela+Coca\">La&nbsp;Abuela Coca<\/a><\/strong>. Todo el mundo gozaba, todo parec\u00eda estar perfecto, a punto caramelo, hasta que\u2026 comenzaron a caer unas gotas desde el cielo (intu\u00ed que era el comienzo del fin y me fue a&nbsp;trote r\u00e1pido hasta la primer carpa que encontr\u00e9, la de los amigos tuerca de Motor City,&nbsp;quienes expon\u00edan sus Motos y productos, que de paso, les agradezco la gentileza por el regalo&nbsp;de su remera souvenir, me fue de mucha utilidad de regreso a casa), La Coca sigui\u00f3 tocando,&nbsp;desde ah\u00ed la ve\u00edamos, hasta que paso lo que todos saben, Tremendo Temporal sobre nosotros.<\/p>\n<p style=\"text-align: justify;\">La banda se fue del escenario, y podr\u00eda decirse que marco el final abrupto de la Fiesta. La&nbsp;mayor parte de la gente comenz\u00f3 a buscar resguardo en los pocos lugares que pod\u00edan servir de&nbsp;protecci\u00f3n para lo que estaba sucediendo, los que no lo consegu\u00edan, algunos iban de un lado&nbsp;para otro confundidos sin saber qu\u00e9 hacer y los otros, la gran mayor\u00eda decidi\u00f3 retirarse al no&nbsp;tener resguardo ante semejante aguacero. Fueron 30 minutos que alcanzaron para dejar en&nbsp;evidencia que quienes organizaron el evento subestimaron los pron\u00f3sticos clim\u00e1ticos y no&nbsp;previeron un Plan B para que el p\u00fablico se resguardara, o tuviera la oportunidad de seguir la&nbsp;fiesta despu\u00e9s de lo sucedido, (y no digo con los m\u00fasicos tocando en los escenarios lo cual sin&nbsp;duda hubiera sido suicida, no solo para ellos, para sonid\u00edstas, operadores, etc., el agua y la&nbsp;electricidad no son cosas con las que se juega, es cosa seria, de vida o muerte) sino en el&nbsp;sentido de manejar otra propuesta alternativa, al ver tanto esfuerzo que se dilu\u00eda en unos&nbsp;minutos, rememorando tragic\u00f3micamente la ultima X en el Parque Roosvelt, hacer algo m\u00e1s&nbsp;(entiendo que es f\u00e1cil verlo de afuera), me genero un impotencia enorme, de ver como todos&nbsp;perd\u00edan, m\u00fasicos, publico, la gente que se empapaba tras las barras al descubierto (vendiendo&nbsp;la cerveza desesperada a costo), una injusticia, que el \u00fanico Plan B, fuera el fin, he ah\u00ed mi gran&nbsp;cr\u00edtica.<\/p>\n<p style=\"text-align: justify;\">Espere junto a unos cuantos en la carpa de Motor City y decido unirme a la masa que se&nbsp;retiraba. Cayo otro gran chaparr\u00f3n, la <em>ANCAP<\/em> del faro explotaba de gente, y ya fuera del&nbsp;predio, me resguarde bajo el techo de un hotel sobre la Rambla, me cambie mi camisa&nbsp;empapada por la remera obsequiada, ya hab\u00eda parado, camine unos metros y consegu\u00ed un Taxi&nbsp;estacionado con bandera baja que al escuchar mi destino, acepto por tratarse de un buen viaje&nbsp;(gajes de la \u00e9tica Tachera), eran la 1 am y <strong><a href=\"https:\/\/cooltivarte.com\/portal\/?s=Aquel+Abrazo\">Aquel Abrazo<\/a><\/strong> hab\u00eda terminado para m\u00ed.<\/p>\n<p style=\"text-align: justify;\">Las horas posteriores, las redes sociales del evento fueron bombardeadas por mensajes de&nbsp;todo tipo. Desde entend\u00edbles reclamos hasta los muy mala leche, demostr\u00e1ndonos (pensando&nbsp;las redes, como medios de opini\u00f3n p\u00fablicos donde hay gente de carne y hueso del otro lado de&nbsp;los monitores aunque parezca que no) que el uso de estos medios es bipolar, y debe ser m\u00e1s&nbsp;responsable, pueden ser muy \u00fatiles, como tambi\u00e9n cobardemente an\u00f3nimas, hip\u00f3critas,&nbsp;irracionales y poco constructivos.<\/p>\n<p style=\"text-align: justify;\">La respuesta de la organizaci\u00f3n, exigida por el p\u00fablico durante las \u00faltimas horas, al fin llego&nbsp;hoy en la tarde, en su <a href=\"https:\/\/www.facebook.com\/AquelAbrazo.uy\/?fref=ts\" target=\"_blank\" rel=\"noopener\">cuenta oficial de Facebook, Aquel Abrazo<\/a> informaba:<\/p>\n<p style=\"text-align: justify;\"><em>\u201cAmigos: este fin de semana sigue la fiesta en las Canteras.<\/em><\/p>\n<p style=\"text-align: justify;\"><em>El s\u00e1bado pasado la lluvia nos complic\u00f3 pero no queremos que se termine Aquel Abrazo.<\/em><\/p>\n<p style=\"text-align: justify;\"><em>En este momento estamos reorganizando todo y muy pronto vamos a informar todos los detalles&nbsp;sobre lo que viene. Los que tienen su entrada sepan que van a poder ingresar nuevamente, como&nbsp;debe ser. Solo dennos un tiempo para definir todo con todas las partes y ya les comunicamos c\u00f3mo&nbsp;seguimos.<\/em><\/p>\n<p style=\"text-align: justify;\"><em>La fiesta sigue porque la ciudad, los artistas, los boliches y ustedes se lo merecen. La fiesta sigue.<\/em><\/p>\n<p style=\"text-align: justify;\"><em>Gracias a quienes nos han apoyado y nos han demostrado su cari\u00f1o en estas horas tan dif\u00edciles.<\/em><\/p>\n<p style=\"text-align: justify;\"><em>Sal\u00fa.\u201d<\/em><\/p>\n<p style=\"text-align: justify;\">Producto de una reuni\u00f3n con las autoridades de la IMM.<\/p>\n<p style=\"text-align: justify;\">Buen s\u00edntoma, algo para calificar como correcto, justo y muy destacable, por parte de los que&nbsp;tuvieron que ver con el armado de todo esto, entre tanto palo y criticas por momentos apresuradas y&nbsp;desmedidas.<\/p>\n<p style=\"text-align: justify;\">A estar atentos, en las pr\u00f3ximas horas, seguramente habr\u00e1 m\u00e1s novedades. Si uno ve lo que resta&nbsp;de la grilla, y todo lo que vivimos en tan poco tiempo, seria pura justicia que esto se diera, y de&nbsp;concluirse de buena manera, habremos sido participes de una fiesta que quedara sin lugar a dudas,&nbsp;para el gran recuerdo. Lo que parece seguro, es que <strong><a href=\"https:\/\/cooltivarte.com\/portal\/?s=Aquel+Abrazo\">Aquel Abrazo<\/a><\/strong>, va por la segunda vuelta. Y all\u00ed&nbsp;estaremos. Habr\u00e1 revancha. (To be continued)<\/p>\n<p style=\"text-align: justify;\">Pocos minutos despu\u00e9s de elaborado este articulo nos llega este comunicado de prensa de la&nbsp;productora informando:<\/p>\n<p style=\"text-align: justify;\"><strong>AQUEL ABRAZO<\/strong><\/p>\n<p style=\"text-align: justify;\">Rambla De Las Canteras Del Parque Rod\u00f3<\/p>\n<p style=\"text-align: justify;\"><strong>SIGUE LA FIESTA<\/strong><\/p>\n<p style=\"text-align: justify;\">El Pr\u00f3ximo S\u00e1bado 19 de Diciembre<\/p>\n<p style=\"text-align: justify;\">A Partir de las 19:00 hs.<\/p>\n<p style=\"text-align: justify;\"><strong>INFORMACION GENERAL<\/strong><\/p>\n<p style=\"text-align: justify;\">Las personas que conserven su entrada del 12 de diciembre intacta (sin cortar)&nbsp;pueden ingresar con 1 amigo gratis (2 x 1).<\/p>\n<p style=\"text-align: justify;\">Las personas que conserven su entrada cortada, pueden ingresar presentando&nbsp;la misma en la puerta de acceso a la fiesta el s\u00e1bado 19 de diciembre.<\/p>\n<p style=\"text-align: justify;\">Est\u00e1 prohibido el ingreso de menores de 5 a\u00f1os.<\/p>\n<p style=\"text-align: justify;\">Entradas en venta por locales ABITAB&nbsp;de todo el pa\u00eds a partir de ma\u00f1ana 15 de diciembre<\/p>\n<p style=\"text-align: justify;\"><strong>PRECIOS:<\/strong><\/p>\n<p style=\"text-align: justify;\">Generales $500 hasta el viernes 18 de diciembre inclusive.<\/p>\n<p style=\"text-align: justify;\">Generales desde el 19 de diciembre y en boleter\u00edas de la fiesta $600.<\/p>\n<p style=\"text-align: justify;\">Menores de edad:<\/p>\n<p style=\"text-align: justify;\">De 15 a 17 a\u00f1os $400<\/p>\n<p style=\"text-align: justify;\">De 5 a 14 a\u00f1os $300<\/p>\n<p style=\"text-align: justify;\">Imagen: Aquel Abrazo, 12 de Diciembre de 2015.&nbsp;Foto \u00a9 <a href=\"https:\/\/cooltivarte.com\/portal\/author\/javierbravo\/\">Javier Fuentes Photography<\/a><\/p>\n<p>&nbsp;<\/p>\n<h3>&nbsp;<a href=\"https:\/\/www.facebook.com\/media\/set\/?set=a.963603520353228&amp;type=3\" target=\"_blank\" rel=\"noopener\">Ver fotogaler\u00eda<\/a><\/h3>\n<p><iframe style=\"border: none; overflow: hidden;\" src=\"https:\/\/www.facebook.com\/plugins\/post.php?href=https%3A%2F%2Fwww.facebook.com%2Fmedia%2Fset%2F%3Fset%3Da.963603520353228%26type%3D3&amp;width=100%\" width=\"100%\" height=\"669\" frameborder=\"0\" scrolling=\"no\"><\/iframe><br \/>\n&nbsp;<\/p>\n","protected":false},"excerpt":{"rendered":"<p>Qu\u00e9 bien se siente uno, cuando es s\u00e1bado, la noche reci\u00e9n comienza a devorarse al d\u00eda, la\u00a0temperatura es de verano y se va viajando relajadamente sentado en un \u00f3mnibus capitalino a\u00a0una gran fiesta, una de esas que seg\u00fan todo indica, ser\u00e1, por expectativas, artistas, escenario y\u00a0memoria hist\u00f3rica (Noches de Paz, Fiestas finales o X) La gran fiesta del a\u00f1o y una grata\u00a0experiencia para el recuerdo colectivo.<\/p>\n<p>Me bajo del 522 en Gonzalo Ram\u00edrez y recorro un Parque Rodo vibrante de gente. La Feria\u00a0Ideas+, que toma por asalto en estos d\u00edas el coraz\u00f3n del barrio, combinaba un p\u00fablico de lo\u00a0m\u00e1s diverso. Al llegar a la rambla, la veo repleta, y el flujo ya se divid\u00eda en dos. Por un lado las\u00a0teenagers (y no tanto) en grupos, fan\u00e1ticas de Lali Esposito, quienes se dirig\u00edan a ver a su\u00a0popera idola televisiva, hacia el Teatro de Verano. Y por el otro, los que est\u00e1bamos buscando\u00a0Aquel Abrazo.<\/p>\n","protected":false},"author":37,"featured_media":18828,"comment_status":"closed","ping_status":"closed","sticky":false,"template":"","format":"standard","meta":{"om_disable_all_campaigns":false,"ngg_post_thumbnail":0,"jnews-multi-image_gallery":[],"jnews_single_post":{"subtitle":"12 de Diciembre de 2015. Foto \u00a9 Javier Fuentes Photography","format":"standard","video":"","gallery":"","source_name":"","source_url":"","via_name":"","via_url":"","override_template":"0","override":[{"template":"4","single_blog_custom":"","parallax":"1","fullscreen":"0","layout":"right-sidebar","sidebar":"default-sidebar","second_sidebar":"default-sidebar","sticky_sidebar":"1","share_position":"bottom","share_float_style":"share-monocrhome","show_share_counter":"1","show_view_counter":"1","show_featured":"1","show_post_meta":"1","show_post_author":"1","show_post_author_image":"1","show_post_date":"1","post_date_format":"default","post_date_format_custom":"Y\/m\/d","show_post_category":"1","show_post_reading_time":"0","post_reading_time_wpm":"300","show_zoom_button":"0","zoom_button_out_step":"2","zoom_button_in_step":"3","show_post_tag":"1","show_prev_next_post":"1","show_popup_post":"1","number_popup_post":"1","show_author_box":"1","show_post_related":"0","show_inline_post_related":"0","post_calculate_word_method":"str_word_count","show_comment_section":"1"}],"override_image_size":"0","image_override":[{"single_post_thumbnail_size":"no-crop","single_post_gallery_size":"crop-500"}],"trending_post":"0","trending_post_position":"meta","trending_post_label":"Trending","sponsored_post":"0","sponsored_post_label":"Sponsored by","sponsored_post_name":"","sponsored_post_url":"","sponsored_post_logo_enable":"0","sponsored_post_logo":"","sponsored_post_desc":"","disable_ad":"0"},"jnews_primary_category":{"id":"","hide":""},"jnews_social_meta":{"fb_title":"","fb_description":"","fb_image":"","twitter_title":"","twitter_description":"","twitter_image":""},"jnews_override_counter":{"override_view_counter":"0","view_counter_number":"0","override_share_counter":"0","share_counter_number":"0","override_like_counter":"0","like_counter_number":"0","override_dislike_counter":"0","dislike_counter_number":"0"},"footnotes":""},"categories":[50],"tags":[3634,84,2336,5544,100,1269,95],"class_list":["post-18827","post","type-post","status-publish","format-standard","has-post-thumbnail","hentry","category-coberturas","tag-aquel-abrazo","tag-arte","tag-fiesta","tag-lali-esposito","tag-musica","tag-parque-rodo","tag-rock"],"yoast_head":"<!-- This site is optimized with the Yoast SEO plugin v27.5 - https:\/\/yoast.com\/product\/yoast-seo-wordpress\/ -->\n<title>AQUEL ABRAZO (Parte 1) \u2013 Tremenda propuesta, Agua, Impotencia y Revancha en puerta - Cooltivarte Portal<\/title>\n<meta name=\"description\" content=\"Sigo en movimiento y llego hasta el escenario Lago, donde el Colectivo Celeste (uno de los dos\u00a0conformados especialmente para esta noche) llegaban a un cierre antol\u00f3gico, en donde\u00a0Emiliano Brancciari, Mandrake Wolf, Julieta Rada, Martin Buscaglia, Los Hermanos Ibarburu y\u00a0Cia interpretaban el cl\u00e1sico \u201cDedos\u201d de T\u00f3tem, en una versi\u00f3n zapada y a varias voces, para el\u00a0goce colectivo, clap clap clap.\" \/>\n<meta name=\"robots\" content=\"index, follow, max-snippet:-1, max-image-preview:large, max-video-preview:-1\" \/>\n<link rel=\"canonical\" href=\"https:\/\/cooltivarte.com\/portal\/aquel-abrazo-parte-1-tremenda-propuesta-agua-impotencia-y-revancha-en-puerta\/\" \/>\n<meta property=\"og:locale\" content=\"es_ES\" \/>\n<meta property=\"og:type\" content=\"article\" \/>\n<meta property=\"og:title\" content=\"AQUEL ABRAZO (Parte 1) \u2013 Tremenda propuesta, Agua, Impotencia y Revancha en puerta - Cooltivarte Portal\" \/>\n<meta property=\"og:description\" content=\"Sigo en movimiento y llego hasta el escenario Lago, donde el Colectivo Celeste (uno de los dos\u00a0conformados especialmente para esta noche) llegaban a un cierre antol\u00f3gico, en donde\u00a0Emiliano Brancciari, Mandrake Wolf, Julieta Rada, Martin Buscaglia, Los Hermanos Ibarburu y\u00a0Cia interpretaban el cl\u00e1sico \u201cDedos\u201d de T\u00f3tem, en una versi\u00f3n zapada y a varias voces, para el\u00a0goce colectivo, clap clap clap.\" \/>\n<meta property=\"og:url\" content=\"https:\/\/cooltivarte.com\/portal\/aquel-abrazo-parte-1-tremenda-propuesta-agua-impotencia-y-revancha-en-puerta\/\" \/>\n<meta property=\"og:site_name\" content=\"Cooltivarte Portal\" \/>\n<meta property=\"article:publisher\" content=\"https:\/\/www.facebook.com\/cooltivartecom\/\" \/>\n<meta property=\"article:author\" content=\"https:\/\/www.facebook.com\/alejandro.hoffmann.96?fref=ts\" \/>\n<meta property=\"article:published_time\" content=\"2015-12-15T14:21:26+00:00\" \/>\n<meta property=\"article:modified_time\" content=\"2025-11-19T02:05:46+00:00\" \/>\n<meta property=\"og:image\" content=\"https:\/\/cooltivarte.com\/portal\/wp-content\/uploads\/2015\/12\/Aquel-Abrazo-12-de-Diciembre-de-2015-foto-javier-fuentes.jpg\" \/>\n\t<meta property=\"og:image:width\" content=\"960\" \/>\n\t<meta property=\"og:image:height\" content=\"600\" \/>\n\t<meta property=\"og:image:type\" content=\"image\/jpeg\" \/>\n<meta name=\"author\" content=\"Alejandro Hoffmann\" \/>\n<meta name=\"twitter:card\" content=\"summary_large_image\" \/>\n<meta name=\"twitter:creator\" content=\"@https:\/\/x.com\/obolocultural\" \/>\n<meta name=\"twitter:site\" content=\"@obolocultural\" \/>\n<meta name=\"twitter:label1\" content=\"Escrito por\" \/>\n\t<meta name=\"twitter:data1\" content=\"Alejandro Hoffmann\" \/>\n\t<meta name=\"twitter:label2\" content=\"Tiempo de lectura\" \/>\n\t<meta name=\"twitter:data2\" content=\"9 minutos\" \/>\n<!-- \/ Yoast SEO plugin. -->","yoast_head_json":{"title":"AQUEL ABRAZO (Parte 1) \u2013 Tremenda propuesta, Agua, Impotencia y Revancha en puerta - Cooltivarte Portal","description":"Sigo en movimiento y llego hasta el escenario Lago, donde el Colectivo Celeste (uno de los dos\u00a0conformados especialmente para esta noche) llegaban a un cierre antol\u00f3gico, en donde\u00a0Emiliano Brancciari, Mandrake Wolf, Julieta Rada, Martin Buscaglia, Los Hermanos Ibarburu y\u00a0Cia interpretaban el cl\u00e1sico \u201cDedos\u201d de T\u00f3tem, en una versi\u00f3n zapada y a varias voces, para el\u00a0goce colectivo, clap clap clap.","robots":{"index":"index","follow":"follow","max-snippet":"max-snippet:-1","max-image-preview":"max-image-preview:large","max-video-preview":"max-video-preview:-1"},"canonical":"https:\/\/cooltivarte.com\/portal\/aquel-abrazo-parte-1-tremenda-propuesta-agua-impotencia-y-revancha-en-puerta\/","og_locale":"es_ES","og_type":"article","og_title":"AQUEL ABRAZO (Parte 1) \u2013 Tremenda propuesta, Agua, Impotencia y Revancha en puerta - Cooltivarte Portal","og_description":"Sigo en movimiento y llego hasta el escenario Lago, donde el Colectivo Celeste (uno de los dos\u00a0conformados especialmente para esta noche) llegaban a un cierre antol\u00f3gico, en donde\u00a0Emiliano Brancciari, Mandrake Wolf, Julieta Rada, Martin Buscaglia, Los Hermanos Ibarburu y\u00a0Cia interpretaban el cl\u00e1sico \u201cDedos\u201d de T\u00f3tem, en una versi\u00f3n zapada y a varias voces, para el\u00a0goce colectivo, clap clap clap.","og_url":"https:\/\/cooltivarte.com\/portal\/aquel-abrazo-parte-1-tremenda-propuesta-agua-impotencia-y-revancha-en-puerta\/","og_site_name":"Cooltivarte Portal","article_publisher":"https:\/\/www.facebook.com\/cooltivartecom\/","article_author":"https:\/\/www.facebook.com\/alejandro.hoffmann.96?fref=ts","article_published_time":"2015-12-15T14:21:26+00:00","article_modified_time":"2025-11-19T02:05:46+00:00","og_image":[{"width":960,"height":600,"url":"https:\/\/cooltivarte.com\/portal\/wp-content\/uploads\/2015\/12\/Aquel-Abrazo-12-de-Diciembre-de-2015-foto-javier-fuentes.jpg","type":"image\/jpeg"}],"author":"Alejandro Hoffmann","twitter_card":"summary_large_image","twitter_creator":"@https:\/\/x.com\/obolocultural","twitter_site":"@obolocultural","twitter_misc":{"Escrito por":"Alejandro Hoffmann","Tiempo de lectura":"9 minutos"},"schema":{"@context":"https:\/\/schema.org","@graph":[{"@type":"NewsArticle","@id":"https:\/\/cooltivarte.com\/portal\/aquel-abrazo-parte-1-tremenda-propuesta-agua-impotencia-y-revancha-en-puerta\/#article","isPartOf":{"@id":"https:\/\/cooltivarte.com\/portal\/aquel-abrazo-parte-1-tremenda-propuesta-agua-impotencia-y-revancha-en-puerta\/"},"author":{"name":"Alejandro Hoffmann","@id":"https:\/\/cooltivarte.com\/portal\/#\/schema\/person\/52df0756e1fa21a566c3a28c5f69f7a3"},"headline":"AQUEL ABRAZO (Parte 1) \u2013 Tremenda propuesta, Agua, Impotencia y Revancha en puerta","datePublished":"2015-12-15T14:21:26+00:00","dateModified":"2025-11-19T02:05:46+00:00","mainEntityOfPage":{"@id":"https:\/\/cooltivarte.com\/portal\/aquel-abrazo-parte-1-tremenda-propuesta-agua-impotencia-y-revancha-en-puerta\/"},"wordCount":1941,"publisher":{"@id":"https:\/\/cooltivarte.com\/portal\/#organization"},"image":{"@id":"https:\/\/cooltivarte.com\/portal\/aquel-abrazo-parte-1-tremenda-propuesta-agua-impotencia-y-revancha-en-puerta\/#primaryimage"},"thumbnailUrl":"https:\/\/cooltivarte.com\/portal\/wp-content\/uploads\/2015\/12\/Aquel-Abrazo-12-de-Diciembre-de-2015-foto-javier-fuentes.jpg","keywords":["Aquel Abrazo","Arte","fiesta","LALI Esp\u00f3sito","M\u00fasica","Parque Rod\u00f3","Rock"],"articleSection":["Coberturas"],"inLanguage":"es-AR"},{"@type":"WebPage","@id":"https:\/\/cooltivarte.com\/portal\/aquel-abrazo-parte-1-tremenda-propuesta-agua-impotencia-y-revancha-en-puerta\/","url":"https:\/\/cooltivarte.com\/portal\/aquel-abrazo-parte-1-tremenda-propuesta-agua-impotencia-y-revancha-en-puerta\/","name":"AQUEL ABRAZO (Parte 1) \u2013 Tremenda propuesta, Agua, Impotencia y Revancha en puerta - Cooltivarte Portal","isPartOf":{"@id":"https:\/\/cooltivarte.com\/portal\/#website"},"primaryImageOfPage":{"@id":"https:\/\/cooltivarte.com\/portal\/aquel-abrazo-parte-1-tremenda-propuesta-agua-impotencia-y-revancha-en-puerta\/#primaryimage"},"image":{"@id":"https:\/\/cooltivarte.com\/portal\/aquel-abrazo-parte-1-tremenda-propuesta-agua-impotencia-y-revancha-en-puerta\/#primaryimage"},"thumbnailUrl":"https:\/\/cooltivarte.com\/portal\/wp-content\/uploads\/2015\/12\/Aquel-Abrazo-12-de-Diciembre-de-2015-foto-javier-fuentes.jpg","datePublished":"2015-12-15T14:21:26+00:00","dateModified":"2025-11-19T02:05:46+00:00","description":"Sigo en movimiento y llego hasta el escenario Lago, donde el Colectivo Celeste (uno de los dos\u00a0conformados especialmente para esta noche) llegaban a un cierre antol\u00f3gico, en donde\u00a0Emiliano Brancciari, Mandrake Wolf, Julieta Rada, Martin Buscaglia, Los Hermanos Ibarburu y\u00a0Cia interpretaban el cl\u00e1sico \u201cDedos\u201d de T\u00f3tem, en una versi\u00f3n zapada y a varias voces, para el\u00a0goce colectivo, clap clap clap.","breadcrumb":{"@id":"https:\/\/cooltivarte.com\/portal\/aquel-abrazo-parte-1-tremenda-propuesta-agua-impotencia-y-revancha-en-puerta\/#breadcrumb"},"inLanguage":"es-AR","potentialAction":[{"@type":"ReadAction","target":["https:\/\/cooltivarte.com\/portal\/aquel-abrazo-parte-1-tremenda-propuesta-agua-impotencia-y-revancha-en-puerta\/"]}]},{"@type":"ImageObject","inLanguage":"es-AR","@id":"https:\/\/cooltivarte.com\/portal\/aquel-abrazo-parte-1-tremenda-propuesta-agua-impotencia-y-revancha-en-puerta\/#primaryimage","url":"https:\/\/cooltivarte.com\/portal\/wp-content\/uploads\/2015\/12\/Aquel-Abrazo-12-de-Diciembre-de-2015-foto-javier-fuentes.jpg","contentUrl":"https:\/\/cooltivarte.com\/portal\/wp-content\/uploads\/2015\/12\/Aquel-Abrazo-12-de-Diciembre-de-2015-foto-javier-fuentes.jpg","width":960,"height":600,"caption":"Aquel Abrazo, 12 de Diciembre de 2015. Foto \u00a9 Javier Fuentes Photography"},{"@type":"BreadcrumbList","@id":"https:\/\/cooltivarte.com\/portal\/aquel-abrazo-parte-1-tremenda-propuesta-agua-impotencia-y-revancha-en-puerta\/#breadcrumb","itemListElement":[{"@type":"ListItem","position":1,"name":"Portada","item":"https:\/\/cooltivarte.com\/portal\/"},{"@type":"ListItem","position":2,"name":"AQUEL ABRAZO (Parte 1) \u2013 Tremenda propuesta, Agua, Impotencia y Revancha en puerta"}]},{"@type":"WebSite","@id":"https:\/\/cooltivarte.com\/portal\/#website","url":"https:\/\/cooltivarte.com\/portal\/","name":"Cooltivarte Portal","description":"Arte, cultura y turismo para el mundo ...","publisher":{"@id":"https:\/\/cooltivarte.com\/portal\/#organization"},"potentialAction":[{"@type":"SearchAction","target":{"@type":"EntryPoint","urlTemplate":"https:\/\/cooltivarte.com\/portal\/?s={search_term_string}"},"query-input":{"@type":"PropertyValueSpecification","valueRequired":true,"valueName":"search_term_string"}}],"inLanguage":"es-AR"},{"@type":"Organization","@id":"https:\/\/cooltivarte.com\/portal\/#organization","name":"cooltivarte","url":"https:\/\/cooltivarte.com\/portal\/","logo":{"@type":"ImageObject","inLanguage":"es-AR","@id":"https:\/\/cooltivarte.com\/portal\/#\/schema\/logo\/image\/","url":"https:\/\/cooltivarte.com\/portal\/wp-content\/uploads\/2020\/04\/logo-cooltivarte-v2.png","contentUrl":"https:\/\/cooltivarte.com\/portal\/wp-content\/uploads\/2020\/04\/logo-cooltivarte-v2.png","width":851,"height":243,"caption":"cooltivarte"},"image":{"@id":"https:\/\/cooltivarte.com\/portal\/#\/schema\/logo\/image\/"},"sameAs":["https:\/\/www.facebook.com\/cooltivartecom\/","https:\/\/x.com\/obolocultural","https:\/\/www.instagram.com\/_cooltivarte_\/","https:\/\/www.linkedin.com\/company\/-bolocultural?reportsuccess=8zaNG1HwhPbAR9iQhZ5rfGeqz_vQFftHun0ZWU0Wy9vNemRJ8vtcKdJvzQfW8XagyOJSKg0XvfJ1dp","https:\/\/www.pinterest.com\/cooltivarte\/","https:\/\/cooltivarte.tumblr.com\/","https:\/\/www.tiktok.com\/@cooltivarte","https:\/\/www.youtube.com\/@PrensaCooltivarte"]},{"@type":"Person","@id":"https:\/\/cooltivarte.com\/portal\/#\/schema\/person\/52df0756e1fa21a566c3a28c5f69f7a3","name":"Alejandro Hoffmann","image":{"@type":"ImageObject","inLanguage":"es-AR","@id":"https:\/\/cooltivarte.com\/portal\/wp-content\/uploads\/2016\/06\/ale-perfil-120x120.jpg","url":"https:\/\/cooltivarte.com\/portal\/wp-content\/uploads\/2016\/06\/ale-perfil-120x120.jpg","contentUrl":"https:\/\/cooltivarte.com\/portal\/wp-content\/uploads\/2016\/06\/ale-perfil-120x120.jpg","caption":"Alejandro Hoffmann"},"description":"Estudio Psicolog\u00eda y Antropolog\u00eda en la Universidad de la Rep\u00fablica. En 2013 se recibi\u00f3 de Dise\u00f1ador Web. Realiz\u00f3 talleres de periodismo y gesti\u00f3n cultural. La m\u00fasica siempre lo ha acompa\u00f1ado durante su vida (m\u00fasica la cual considera m\u00e1s grande y abarcativa que conceptos filos\u00f3ficos como el amor o la libertad juntos, o cualquier otro) y el ancho de banda de sus gustos se ha extendido con el paso del tiempo, aunque quiz\u00e1s no tanto, porque considera (en estos tiempos de mega democratizaci\u00f3n de los medios de difusi\u00f3n, donde todo artista tiene un lugar para compartir su creaci\u00f3n) es sencillo diferenciar lo bueno de lo no tanto, porque seg\u00fan \u00e9l, lo perceptivo influye m\u00e1s para el entendimiento de la m\u00fasica que lo intelectualizante snob, como esa canci\u00f3n que marca la diferencia en cuanto a las otras en un disco, y es claramente notorio que se destaca. Hoy transita sus d\u00edas esperando escuchar y ver cosas que no haya escuchado ni visto antes. Se une a cooltivarte en 2014. Escribe para moog.uy - indiehoy.com - acapasancosas.com.ar - la revista Efecto Metal de Argentina y Zona de Obras de Espa\u00f1a. Desde 2016 lleva adelante Sudtopia, proyecto con el cual intenta difundir bandas latinoamericanas que est\u00e1n por fuera del circuito comercial masivo. Su eje central se desarrolla con publicaciones semanales en el portal Cooltivarte y bimensuales en su segmento de la Revista Wop! de Montevideo.","sameAs":["https:\/\/www.facebook.com\/alejandro.hoffmann.96?fref=ts","https:\/\/www.instagram.com\/_cooltivarte_\/","https:\/\/www.linkedin.com\/company\/-bolocultural","https:\/\/www.pinterest.com\/cooltivarte","https:\/\/x.com\/https:\/\/x.com\/obolocultural","https:\/\/www.youtube.com\/@PrensaCooltivarte","https:\/\/www.tumblr.com\/blog\/cooltivarte"],"url":"https:\/\/cooltivarte.com\/portal\/author\/alejandroh\/"}]}},"_links":{"self":[{"href":"https:\/\/cooltivarte.com\/portal\/wp-json\/wp\/v2\/posts\/18827","targetHints":{"allow":["GET"]}}],"collection":[{"href":"https:\/\/cooltivarte.com\/portal\/wp-json\/wp\/v2\/posts"}],"about":[{"href":"https:\/\/cooltivarte.com\/portal\/wp-json\/wp\/v2\/types\/post"}],"author":[{"embeddable":true,"href":"https:\/\/cooltivarte.com\/portal\/wp-json\/wp\/v2\/users\/37"}],"replies":[{"embeddable":true,"href":"https:\/\/cooltivarte.com\/portal\/wp-json\/wp\/v2\/comments?post=18827"}],"version-history":[{"count":7,"href":"https:\/\/cooltivarte.com\/portal\/wp-json\/wp\/v2\/posts\/18827\/revisions"}],"predecessor-version":[{"id":119909,"href":"https:\/\/cooltivarte.com\/portal\/wp-json\/wp\/v2\/posts\/18827\/revisions\/119909"}],"wp:featuredmedia":[{"embeddable":true,"href":"https:\/\/cooltivarte.com\/portal\/wp-json\/wp\/v2\/media\/18828"}],"wp:attachment":[{"href":"https:\/\/cooltivarte.com\/portal\/wp-json\/wp\/v2\/media?parent=18827"}],"wp:term":[{"taxonomy":"category","embeddable":true,"href":"https:\/\/cooltivarte.com\/portal\/wp-json\/wp\/v2\/categories?post=18827"},{"taxonomy":"post_tag","embeddable":true,"href":"https:\/\/cooltivarte.com\/portal\/wp-json\/wp\/v2\/tags?post=18827"}],"curies":[{"name":"wp","href":"https:\/\/api.w.org\/{rel}","templated":true}]}}