{"id":17955,"date":"2015-11-17T01:31:23","date_gmt":"2015-11-17T01:31:23","guid":{"rendered":"http:\/\/cooltivarte.com\/portal\/?p=17955"},"modified":"2024-05-22T11:38:58","modified_gmt":"2024-05-22T14:38:58","slug":"creyendo-en-la-utopia-del-rocanrol-30-anos-de-la-tabare","status":"publish","type":"post","link":"https:\/\/cooltivarte.com\/portal\/creyendo-en-la-utopia-del-rocanrol-30-anos-de-la-tabare\/","title":{"rendered":"Creyendo en la utop\u00eda del rocanrol: 30 a\u00f1os de La Tabar\u00e9"},"content":{"rendered":"<figure id=\"attachment_17960\" aria-describedby=\"caption-attachment-17960\" style=\"width: 960px\" class=\"wp-caption aligncenter\"><img fetchpriority=\"high\" decoding=\"async\" class=\"wp-image-17960 size-full\" title=\"La Tabar\u00e9 celebrando sus 30 A\u00f1os en el Teatro de Verano - Parque Rod\u00f3. 14 de Noviembre de 2015. Foto \u00a9 Javier Fuentes Photography\" src=\"https:\/\/cooltivarte.com\/portal\/wp-content\/uploads\/2015\/11\/La-Tabar\u00e9-celebrando-sus-30-A\u00f1os-en-el-Teatro-de-Verano-14-de-Noviembre-de-2015-foto-javier-fuentes.jpg\" alt=\"La Tabar\u00e9 celebrando sus 30 A\u00f1os en el Teatro de Verano - Parque Rod\u00f3. 14 de Noviembre de 2015. Foto \u00a9 Javier Fuentes Photography\" width=\"960\" height=\"600\" srcset=\"https:\/\/cooltivarte.com\/portal\/wp-content\/uploads\/2015\/11\/La-Tabar\u00e9-celebrando-sus-30-A\u00f1os-en-el-Teatro-de-Verano-14-de-Noviembre-de-2015-foto-javier-fuentes.jpg 960w, https:\/\/cooltivarte.com\/portal\/wp-content\/uploads\/2015\/11\/La-Tabar\u00e9-celebrando-sus-30-A\u00f1os-en-el-Teatro-de-Verano-14-de-Noviembre-de-2015-foto-javier-fuentes-300x188.jpg 300w, https:\/\/cooltivarte.com\/portal\/wp-content\/uploads\/2015\/11\/La-Tabar\u00e9-celebrando-sus-30-A\u00f1os-en-el-Teatro-de-Verano-14-de-Noviembre-de-2015-foto-javier-fuentes-768x480.jpg 768w\" sizes=\"(max-width: 960px) 100vw, 960px\" \/><figcaption id=\"caption-attachment-17960\" class=\"wp-caption-text\">La Tabar\u00e9 celebrando sus 30 A\u00f1os en el Teatro de Verano &#8211; Parque Rod\u00f3. 14 de Noviembre de 2015. Foto \u00a9 Javier Fuentes Photography<\/figcaption><\/figure>\n<p>&nbsp;<\/p>\n<p style=\"text-align: justify;\">La cita era la noche del s\u00e1bado 14 en el <strong>Teatro de Verano<\/strong>. El motivo, nada m\u00e1s ni menos que el festejo de los 30 a\u00f1os de una las <strong>bandas hist\u00f3ricas del rock uruguayo<\/strong>: <strong><a href=\"https:\/\/cooltivarte.com\/portal\/?s=La+Tabar%C3%A9\" target=\"_blank\" rel=\"noopener\">La Tabar\u00e9<\/a><\/strong>. De principio a fin fue todo un festejo. Tanto arriba del escenario como en las tribunas se entendi\u00f3 as\u00ed. Por eso, alg\u00fan problema de sonido fue superado y olvidado, a pura energ\u00eda, a lo tabar\u00e9, podr\u00eda decirse. Import\u00f3 m\u00e1s la \u201cceremonia\u201d, el encuentro y el mutuo agradecimiento. El show dur\u00f3 m\u00e1s de dos horas que pasaron volando, trayendo canciones del inicio y mechando las m\u00e1s actuales: <strong>Romancero, Montelevideo me mata, Contracrisis, La Enemistad, Flan flan, Putrefashion, Crua Chan, Alegr\u00eds, Ojal\u00e1 (Ya no ser\u00e1), Excepto a veces<\/strong>, &nbsp;y muchas m\u00e1s.<\/p>\n<p style=\"text-align: justify;\">Si hablamos de invitados, la lista fue larga y variada. De las varias cantantes que <strong><a href=\"https:\/\/cooltivarte.com\/portal\/?s=La+Tabar%C3%A9\" target=\"_blank\" rel=\"noopener\">La Tabar\u00e9<\/a><\/strong> tuvo en su historia volvieron a tomar la posta <a href=\"https:\/\/cooltivarte.com\/portal\/?s=Alejandra+Wolff\" target=\"_blank\" rel=\"noopener\">Alejandra Wolff<\/a>, <a href=\"https:\/\/cooltivarte.com\/portal\/?s=Andrea+Davidovics\" target=\"_blank\" rel=\"noopener\">Andrea Davidovics<\/a> y <a href=\"https:\/\/cooltivarte.com\/portal\/?s=Luc%C3%ADa+Trentini\" target=\"_blank\" rel=\"noopener\">Luc\u00eda Trentini<\/a>. Tambi\u00e9n volvi\u00f3 Rudy Mentario, como socio natural de<strong> <a href=\"https:\/\/cooltivarte.com\/portal\/?s=Tabar%C3%A9+Rivero\" target=\"_blank\" rel=\"noopener\">Tabar\u00e9 Rivero<\/a><\/strong>, y no faltaron las guitarras <strong><a href=\"https:\/\/cooltivarte.com\/portal\/?s=Alejandro+Ferrad%C3%A1s\" target=\"_blank\" rel=\"noopener\">Alejandro Ferrad\u00e1s<\/a><\/strong> y <strong>Hern\u00e1n Rockdr\u00edguez<\/strong>. <strong><a href=\"https:\/\/cooltivarte.com\/portal\/?s=Chole\" target=\"_blank\" rel=\"noopener\">Chole<\/a><\/strong> y <strong><a href=\"https:\/\/cooltivarte.com\/portal\/?s=Gonzalo+Brown\" target=\"_blank\" rel=\"noopener\">Gonzalo Brown<\/a><\/strong>, de la <strong><a href=\"https:\/\/cooltivarte.com\/portal\/?s=Abuela+Coca\" target=\"_blank\" rel=\"noopener\">Abuela Coca<\/a><\/strong>, dejaron una potente versi\u00f3n casi rapeada de Ojal\u00e1 en un punto alto de la noche. <strong><a href=\"https:\/\/cooltivarte.com\/portal\/?s=Los+Kafkarudos\" target=\"_blank\" rel=\"noopener\">Los Kafkarudos<\/a><\/strong>, con Ferradas, <a href=\"https:\/\/cooltivarte.com\/portal\/?s=Shyra+Panzardo\"><strong>Shyra Panzardo<\/strong><\/a>, <strong><a href=\"https:\/\/cooltivarte.com\/portal\/?s=Walter+Bordoni\" target=\"_blank\" rel=\"noopener\">Walter Bordoni<\/a><\/strong> y un interminable y ovacionado <strong><a href=\"https:\/\/cooltivarte.com\/portal\/?s=Gast%C3%B3n+dino+Ciarlo\" target=\"_blank\" rel=\"noopener\">Dino<\/a><\/strong>, dejaron la hermosa y autocr\u00edtica Metamorfosis. Tambi\u00e9n subieron <strong><a href=\"https:\/\/cooltivarte.com\/portal\/?s=Spuntone+y+Mendaro\" target=\"_blank\" rel=\"noopener\">Spuntone y Mendaro<\/a><\/strong>, <a href=\"https:\/\/cooltivarte.com\/portal\/?s=Pablo+Silveira\"><strong>Pablo Silveira<\/strong> <\/a>y <strong><a href=\"https:\/\/cooltivarte.com\/portal\/?s=Bruno+Andreu\">Bruno Andreu<\/a><\/strong> de <strong><a href=\"https:\/\/cooltivarte.com\/portal\/?s=Once+Tiros\" target=\"_blank\" rel=\"noopener\">Once Tiros<\/a><\/strong>, <strong><a href=\"https:\/\/cooltivarte.com\/portal\/?s=Leo+Carlini\">Leo Carlini<\/a><\/strong> de <strong><a href=\"https:\/\/cooltivarte.com\/portal\/?s=Pecho+e+Fierro\" target=\"_blank\" rel=\"noopener\">Pecho e Fierro<\/a><\/strong> y la murga <a href=\"https:\/\/cooltivarte.com\/portal\/?s=A+Contramano\"><strong>A Contramano<\/strong><\/a>. A fin de cuentas, era una fiesta de cumplea\u00f1os, y <strong><a href=\"https:\/\/cooltivarte.com\/portal\/?s=La+Tabar%C3%A9\" target=\"_blank\" rel=\"noopener\">La Tabar\u00e9<\/a><\/strong> no escatim\u00f3 en invitados.<\/p>\n<p style=\"text-align: justify;\"><strong><a href=\"https:\/\/cooltivarte.com\/portal\/?s=La+Tabar%C3%A9\" target=\"_blank\" rel=\"noopener\">La Tabar\u00e9<\/a><\/strong> floreci\u00f3 a la salida de la dictadura, y siempre inconformista y creativa se ha convertido en una leyenda de nuestro rock. Apuntalado por la personalidad de <strong><a href=\"https:\/\/cooltivarte.com\/portal\/?s=Tabar%C3%A9+Rivero\" target=\"_blank\" rel=\"noopener\">Tabar\u00e9 Rivero<\/a><\/strong>, cuando uno se pone a mirar el listado de ex integrantes, por la banda han pasado numerosos m\u00fasicos y cantantes. Parece que todo el mundo en alg\u00fan momento fue contaminado por este eterno experimento de Rivero. As\u00ed, hasta este presente (con Rivero y <strong><a href=\"https:\/\/cooltivarte.com\/portal\/?s=Luc%C3%ADa+Ferreira\" target=\"_blank\" rel=\"noopener\">Luc\u00eda Ferreira<\/a><\/strong> en voz, Leo Lacava en guitarra, Mart\u00edn Garc\u00eda en bajo, Marcelo Lacava en bater\u00eda y Enzo Spadoni en tromb\u00f3n) la banda ha cambiado su sonido, su est\u00e9tica, su formaci\u00f3n, y hasta parte de su nombre! (\u2026 <strong>Riverock banda, Milong\u00f3n banda, Cachimbanda<\/strong>) pero sin embargo, en su b\u00fasqueda y en su mensaje, nunca dej\u00f3 de ser <strong><a href=\"https:\/\/cooltivarte.com\/portal\/?s=La+Tabar%C3%A9\" target=\"_blank\" rel=\"noopener\">La Tabar\u00e9<\/a><\/strong>.<\/p>\n<p style=\"text-align: justify;\">Esa identidad y esa permanencia son innegables, y por eso se merec\u00eda un festejo como el que tuvo. El s\u00e1bado hubo tiempo para t\u00edteres, para trapecistas, para im\u00e1genes de archivo de la banda, para bailarines, y dem\u00e1s. En suma, todo lo que<strong> <a href=\"https:\/\/cooltivarte.com\/portal\/?s=La+Tabar%C3%A9\" target=\"_blank\" rel=\"noopener\">La Tabar\u00e9<\/a><\/strong> ha ido desarrollando durante tres d\u00e9cadas en todos los escenarios del pa\u00eds. Una banda que siempre sorprendi\u00f3 con la puesta en escena, con su teatralidad y con su forma de decir. Una banda que siempre dijo (y dice) y que siempre mantuvo la iron\u00eda para cuestionar la realidad y tambi\u00e9n para re\u00edrse de si misma, de sus imperfecciones y sus mutaciones. <a href=\"https:\/\/cooltivarte.com\/portal\/?s=Pablo+Silveira\"><strong>Pablo Silveira<\/strong><\/a> (<a href=\"https:\/\/cooltivarte.com\/portal\/?s=Once+Tiros\" target=\"_blank\" rel=\"noopener\">Once Tiros<\/a>) se anim\u00f3 a pedir un aplauso para \u201c<strong><em>la banda con m\u00e1s rock del Uruguay<\/em><\/strong>\u201d y el p\u00fablico lo ratific\u00f3. Como la propia banda afirma: <em>si el rock no fuera un sucio negocio, esto podr\u00eda ser rock<\/em>. Despu\u00e9s de 30 a\u00f1os sigue siendo <strong><a href=\"https:\/\/cooltivarte.com\/portal\/?s=La+Tabar%C3%A9\" target=\"_blank\" rel=\"noopener\">La Tabar\u00e9<\/a><\/strong>. Despu\u00e9s de todo\u2026 sigue siendo rocanrol.<\/p>\n<p style=\"text-align: justify;\"><a href=\"http:\/\/www.latabare.com.uy\" target=\"_blank\" rel=\"noopener\">latabare.com.uy<\/a><\/p>\n<p style=\"text-align: justify;\"><a href=\"https:\/\/www.facebook.com\/latabareoficial\/?fref=ts\" target=\"_blank\" rel=\"noopener\">La Tabar\u00e9 Facebook<\/a><\/p>\n<p style=\"text-align: justify;\">Imagen portada: <a href=\"https:\/\/cooltivarte.com\/portal\/?s=La+Tabar%C3%A9\" target=\"_blank\" rel=\"noopener\">La Tabar\u00e9<\/a>&nbsp;celebrando sus 30 A\u00f1os en el Teatro de Verano &#8211; Parque Rod\u00f3. 14 de Noviembre de 2015.&nbsp;Foto \u00a9 <a href=\"https:\/\/cooltivarte.com\/portal\/author\/javierbravo\/\" target=\"_blank\" rel=\"noopener\">Javier Fuentes Photography<\/a><\/p>\n<p>&nbsp;<br \/>\n&nbsp;<br \/>\n&nbsp;<\/p>\n<h3>&nbsp;<a href=\"https:\/\/www.facebook.com\/media\/set\/?set=a.951352888244958&amp;type=3\" target=\"_blank\" rel=\"noopener\">Ir a la fotogaler\u00eda<\/a><\/h3>\n<p><iframe style=\"border: none; overflow: hidden;\" src=\"https:\/\/www.facebook.com\/plugins\/post.php?href=https%3A%2F%2Fwww.facebook.com%2Fmedia%2Fset%2F%3Fset%3Da.951352888244958%26type%3D3&amp;width=100%\" width=\"100%\" height=\"669\" frameborder=\"0\" scrolling=\"no\"><\/iframe><br \/>\n&nbsp;<\/p>\n<p>&nbsp;<\/p>\n<p>&nbsp;<\/p>\n","protected":false},"excerpt":{"rendered":"<p>La cita era la noche del s\u00e1bado 14 en el Teatro de Verano. El motivo, nada m\u00e1s ni menos que el festejo de los 30 a\u00f1os de una las bandas hist\u00f3ricas del rock uruguayo: La Tabar\u00e9. De principio a fin fue todo un festejo. Tanto arriba del escenario como en las tribunas se entendi\u00f3 as\u00ed. Por eso, alg\u00fan problema de sonido fue superado y olvidado, a pura energ\u00eda, a lo tabar\u00e9, podr\u00eda decirse. Import\u00f3 m\u00e1s la \u201cceremonia\u201d, el encuentro y el mutuo agradecimiento. El show dur\u00f3 m\u00e1s de dos horas que pasaron volando, trayendo canciones del inicio y mechando las m\u00e1s actuales: Romancero, Montelevideo me mata, Contracrisis, La Enemistad, Flan flan, Putrefashion, Crua Chan, Alegr\u00eds, Ojal\u00e1 (Ya no ser\u00e1), Excepto a veces, \u00a0y muchas m\u00e1s.<\/p>\n","protected":false},"author":10,"featured_media":17960,"comment_status":"closed","ping_status":"closed","sticky":false,"template":"","format":"standard","meta":{"om_disable_all_campaigns":false,"ngg_post_thumbnail":0,"jnews-multi-image_gallery":[],"jnews_single_post":{"subtitle":"","format":"standard","video":"","gallery":"","source_name":"","source_url":"","via_name":"","via_url":"","override_template":"0","override":[{"template":"4","single_blog_custom":"","parallax":"1","fullscreen":"0","layout":"right-sidebar","sidebar":"default-sidebar","second_sidebar":"default-sidebar","sticky_sidebar":"1","share_position":"bottom","share_float_style":"share-monocrhome","show_share_counter":"1","show_view_counter":"1","show_featured":"1","show_post_meta":"1","show_post_author":"1","show_post_author_image":"1","show_post_date":"1","post_date_format":"default","post_date_format_custom":"Y\/m\/d","show_post_category":"1","show_post_reading_time":"0","post_reading_time_wpm":"300","show_zoom_button":"0","zoom_button_out_step":"2","zoom_button_in_step":"3","show_post_tag":"1","show_prev_next_post":"1","show_popup_post":"1","number_popup_post":"1","show_author_box":"1","show_post_related":"0","show_inline_post_related":"0"}],"override_image_size":"0","image_override":[{"single_post_thumbnail_size":"no-crop","single_post_gallery_size":"crop-500"}],"trending_post":"0","trending_post_position":"meta","trending_post_label":"Trending","sponsored_post":"0","sponsored_post_label":"Sponsored by","sponsored_post_name":"","sponsored_post_url":"","sponsored_post_logo_enable":"0","sponsored_post_logo":"","sponsored_post_desc":"","disable_ad":"0"},"jnews_primary_category":{"id":"","hide":""},"jnews_social_meta":{"fb_title":"","fb_description":"","fb_image":"","twitter_title":"","twitter_description":"","twitter_image":""},"jnews_override_counter":{"override_view_counter":"0","view_counter_number":"0","override_share_counter":"0","share_counter_number":"0","override_like_counter":"0","like_counter_number":"0","override_dislike_counter":"0","dislike_counter_number":"0"},"footnotes":""},"categories":[50],"tags":[2953,3745,759,100,322,95,2832,313,88],"class_list":["post-17955","post","type-post","status-publish","format-standard","has-post-thumbnail","hentry","category-coberturas","tag-alejandra-wolff","tag-dino","tag-la-tabare","tag-musica","tag-musica-uruguaya","tag-rock","tag-spuntone-mendaro","tag-tabare-rivero","tag-uruguay"],"yoast_head":"<!-- This site is optimized with the Yoast SEO plugin v27.5 - https:\/\/yoast.com\/product\/yoast-seo-wordpress\/ -->\n<title>Creyendo en la utop\u00eda del rocanrol: 30 a\u00f1os de La Tabar\u00e9 - Cooltivarte Portal<\/title>\n<meta name=\"description\" content=\"La cita era la noche del s\u00e1bado 14 en el Teatro de Verano. El motivo, nada m\u00e1s ni menos que el festejo de los 30 a\u00f1os de una las bandas hist\u00f3ricas del rock uruguayo: La Tabar\u00e9.\" \/>\n<meta name=\"robots\" content=\"index, follow, max-snippet:-1, max-image-preview:large, max-video-preview:-1\" \/>\n<link rel=\"canonical\" href=\"https:\/\/cooltivarte.com\/portal\/creyendo-en-la-utopia-del-rocanrol-30-anos-de-la-tabare\/\" \/>\n<meta property=\"og:locale\" content=\"es_ES\" \/>\n<meta property=\"og:type\" content=\"article\" \/>\n<meta property=\"og:title\" content=\"Creyendo en la utop\u00eda del rocanrol: 30 a\u00f1os de La Tabar\u00e9 - Cooltivarte Portal\" \/>\n<meta property=\"og:description\" content=\"La cita era la noche del s\u00e1bado 14 en el Teatro de Verano. El motivo, nada m\u00e1s ni menos que el festejo de los 30 a\u00f1os de una las bandas hist\u00f3ricas del rock uruguayo: La Tabar\u00e9.\" \/>\n<meta property=\"og:url\" content=\"https:\/\/cooltivarte.com\/portal\/creyendo-en-la-utopia-del-rocanrol-30-anos-de-la-tabare\/\" \/>\n<meta property=\"og:site_name\" content=\"Cooltivarte Portal\" \/>\n<meta property=\"article:publisher\" content=\"https:\/\/www.facebook.com\/cooltivartecom\/\" \/>\n<meta property=\"article:author\" content=\"https:\/\/www.facebook.com\/mauricio.conde.1420\" \/>\n<meta property=\"article:published_time\" content=\"2015-11-17T01:31:23+00:00\" \/>\n<meta property=\"article:modified_time\" content=\"2024-05-22T14:38:58+00:00\" \/>\n<meta property=\"og:image\" content=\"https:\/\/cooltivarte.com\/portal\/wp-content\/uploads\/2015\/11\/La-Tabar\u00e9-celebrando-sus-30-A\u00f1os-en-el-Teatro-de-Verano-14-de-Noviembre-de-2015-foto-javier-fuentes.jpg\" \/>\n\t<meta property=\"og:image:width\" content=\"960\" \/>\n\t<meta property=\"og:image:height\" content=\"600\" \/>\n\t<meta property=\"og:image:type\" content=\"image\/jpeg\" \/>\n<meta name=\"author\" content=\"Mauricio Conde\" \/>\n<meta name=\"twitter:card\" content=\"summary_large_image\" \/>\n<meta name=\"twitter:creator\" content=\"@https:\/\/x.com\/obolocultural\" \/>\n<meta name=\"twitter:site\" content=\"@obolocultural\" \/>\n<meta name=\"twitter:label1\" content=\"Escrito por\" \/>\n\t<meta name=\"twitter:data1\" content=\"Mauricio Conde\" \/>\n\t<meta name=\"twitter:label2\" content=\"Tiempo de lectura\" \/>\n\t<meta name=\"twitter:data2\" content=\"4 minutos\" \/>\n<!-- \/ Yoast SEO plugin. -->","yoast_head_json":{"title":"Creyendo en la utop\u00eda del rocanrol: 30 a\u00f1os de La Tabar\u00e9 - Cooltivarte Portal","description":"La cita era la noche del s\u00e1bado 14 en el Teatro de Verano. El motivo, nada m\u00e1s ni menos que el festejo de los 30 a\u00f1os de una las bandas hist\u00f3ricas del rock uruguayo: La Tabar\u00e9.","robots":{"index":"index","follow":"follow","max-snippet":"max-snippet:-1","max-image-preview":"max-image-preview:large","max-video-preview":"max-video-preview:-1"},"canonical":"https:\/\/cooltivarte.com\/portal\/creyendo-en-la-utopia-del-rocanrol-30-anos-de-la-tabare\/","og_locale":"es_ES","og_type":"article","og_title":"Creyendo en la utop\u00eda del rocanrol: 30 a\u00f1os de La Tabar\u00e9 - Cooltivarte Portal","og_description":"La cita era la noche del s\u00e1bado 14 en el Teatro de Verano. El motivo, nada m\u00e1s ni menos que el festejo de los 30 a\u00f1os de una las bandas hist\u00f3ricas del rock uruguayo: La Tabar\u00e9.","og_url":"https:\/\/cooltivarte.com\/portal\/creyendo-en-la-utopia-del-rocanrol-30-anos-de-la-tabare\/","og_site_name":"Cooltivarte Portal","article_publisher":"https:\/\/www.facebook.com\/cooltivartecom\/","article_author":"https:\/\/www.facebook.com\/mauricio.conde.1420","article_published_time":"2015-11-17T01:31:23+00:00","article_modified_time":"2024-05-22T14:38:58+00:00","og_image":[{"width":960,"height":600,"url":"https:\/\/cooltivarte.com\/portal\/wp-content\/uploads\/2015\/11\/La-Tabar\u00e9-celebrando-sus-30-A\u00f1os-en-el-Teatro-de-Verano-14-de-Noviembre-de-2015-foto-javier-fuentes.jpg","type":"image\/jpeg"}],"author":"Mauricio Conde","twitter_card":"summary_large_image","twitter_creator":"@https:\/\/x.com\/obolocultural","twitter_site":"@obolocultural","twitter_misc":{"Escrito por":"Mauricio Conde","Tiempo de lectura":"4 minutos"},"schema":{"@context":"https:\/\/schema.org","@graph":[{"@type":"NewsArticle","@id":"https:\/\/cooltivarte.com\/portal\/creyendo-en-la-utopia-del-rocanrol-30-anos-de-la-tabare\/#article","isPartOf":{"@id":"https:\/\/cooltivarte.com\/portal\/creyendo-en-la-utopia-del-rocanrol-30-anos-de-la-tabare\/"},"author":{"name":"Mauricio Conde","@id":"https:\/\/cooltivarte.com\/portal\/#\/schema\/person\/dc149811efaf4777782d9d88fec544be"},"headline":"Creyendo en la utop\u00eda del rocanrol: 30 a\u00f1os de La Tabar\u00e9","datePublished":"2015-11-17T01:31:23+00:00","dateModified":"2024-05-22T14:38:58+00:00","mainEntityOfPage":{"@id":"https:\/\/cooltivarte.com\/portal\/creyendo-en-la-utopia-del-rocanrol-30-anos-de-la-tabare\/"},"wordCount":681,"publisher":{"@id":"https:\/\/cooltivarte.com\/portal\/#organization"},"image":{"@id":"https:\/\/cooltivarte.com\/portal\/creyendo-en-la-utopia-del-rocanrol-30-anos-de-la-tabare\/#primaryimage"},"thumbnailUrl":"https:\/\/cooltivarte.com\/portal\/wp-content\/uploads\/2015\/11\/La-Tabar\u00e9-celebrando-sus-30-A\u00f1os-en-el-Teatro-de-Verano-14-de-Noviembre-de-2015-foto-javier-fuentes.jpg","keywords":["Alejandra Wolff","dino","La Tabar\u00e9","M\u00fasica","M\u00fasica Uruguaya","Rock","Spuntone &amp; Mendaro","Tabar\u00e9 Rivero","Uruguay"],"articleSection":["Coberturas"],"inLanguage":"es-AR"},{"@type":"WebPage","@id":"https:\/\/cooltivarte.com\/portal\/creyendo-en-la-utopia-del-rocanrol-30-anos-de-la-tabare\/","url":"https:\/\/cooltivarte.com\/portal\/creyendo-en-la-utopia-del-rocanrol-30-anos-de-la-tabare\/","name":"Creyendo en la utop\u00eda del rocanrol: 30 a\u00f1os de La Tabar\u00e9 - Cooltivarte Portal","isPartOf":{"@id":"https:\/\/cooltivarte.com\/portal\/#website"},"primaryImageOfPage":{"@id":"https:\/\/cooltivarte.com\/portal\/creyendo-en-la-utopia-del-rocanrol-30-anos-de-la-tabare\/#primaryimage"},"image":{"@id":"https:\/\/cooltivarte.com\/portal\/creyendo-en-la-utopia-del-rocanrol-30-anos-de-la-tabare\/#primaryimage"},"thumbnailUrl":"https:\/\/cooltivarte.com\/portal\/wp-content\/uploads\/2015\/11\/La-Tabar\u00e9-celebrando-sus-30-A\u00f1os-en-el-Teatro-de-Verano-14-de-Noviembre-de-2015-foto-javier-fuentes.jpg","datePublished":"2015-11-17T01:31:23+00:00","dateModified":"2024-05-22T14:38:58+00:00","description":"La cita era la noche del s\u00e1bado 14 en el Teatro de Verano. El motivo, nada m\u00e1s ni menos que el festejo de los 30 a\u00f1os de una las bandas hist\u00f3ricas del rock uruguayo: La Tabar\u00e9.","breadcrumb":{"@id":"https:\/\/cooltivarte.com\/portal\/creyendo-en-la-utopia-del-rocanrol-30-anos-de-la-tabare\/#breadcrumb"},"inLanguage":"es-AR","potentialAction":[{"@type":"ReadAction","target":["https:\/\/cooltivarte.com\/portal\/creyendo-en-la-utopia-del-rocanrol-30-anos-de-la-tabare\/"]}]},{"@type":"ImageObject","inLanguage":"es-AR","@id":"https:\/\/cooltivarte.com\/portal\/creyendo-en-la-utopia-del-rocanrol-30-anos-de-la-tabare\/#primaryimage","url":"https:\/\/cooltivarte.com\/portal\/wp-content\/uploads\/2015\/11\/La-Tabar\u00e9-celebrando-sus-30-A\u00f1os-en-el-Teatro-de-Verano-14-de-Noviembre-de-2015-foto-javier-fuentes.jpg","contentUrl":"https:\/\/cooltivarte.com\/portal\/wp-content\/uploads\/2015\/11\/La-Tabar\u00e9-celebrando-sus-30-A\u00f1os-en-el-Teatro-de-Verano-14-de-Noviembre-de-2015-foto-javier-fuentes.jpg","width":960,"height":600,"caption":"La Tabar\u00e9 celebrando sus 30 A\u00f1os en el Teatro de Verano - Parque Rod\u00f3. 14 de Noviembre de 2015. Foto \u00a9 Javier Fuentes Photography"},{"@type":"BreadcrumbList","@id":"https:\/\/cooltivarte.com\/portal\/creyendo-en-la-utopia-del-rocanrol-30-anos-de-la-tabare\/#breadcrumb","itemListElement":[{"@type":"ListItem","position":1,"name":"Portada","item":"https:\/\/cooltivarte.com\/portal\/"},{"@type":"ListItem","position":2,"name":"Creyendo en la utop\u00eda del rocanrol: 30 a\u00f1os de La Tabar\u00e9"}]},{"@type":"WebSite","@id":"https:\/\/cooltivarte.com\/portal\/#website","url":"https:\/\/cooltivarte.com\/portal\/","name":"Cooltivarte Portal","description":"Arte, cultura y turismo para el mundo ...","publisher":{"@id":"https:\/\/cooltivarte.com\/portal\/#organization"},"potentialAction":[{"@type":"SearchAction","target":{"@type":"EntryPoint","urlTemplate":"https:\/\/cooltivarte.com\/portal\/?s={search_term_string}"},"query-input":{"@type":"PropertyValueSpecification","valueRequired":true,"valueName":"search_term_string"}}],"inLanguage":"es-AR"},{"@type":"Organization","@id":"https:\/\/cooltivarte.com\/portal\/#organization","name":"cooltivarte","url":"https:\/\/cooltivarte.com\/portal\/","logo":{"@type":"ImageObject","inLanguage":"es-AR","@id":"https:\/\/cooltivarte.com\/portal\/#\/schema\/logo\/image\/","url":"https:\/\/cooltivarte.com\/portal\/wp-content\/uploads\/2020\/04\/logo-cooltivarte-v2.png","contentUrl":"https:\/\/cooltivarte.com\/portal\/wp-content\/uploads\/2020\/04\/logo-cooltivarte-v2.png","width":851,"height":243,"caption":"cooltivarte"},"image":{"@id":"https:\/\/cooltivarte.com\/portal\/#\/schema\/logo\/image\/"},"sameAs":["https:\/\/www.facebook.com\/cooltivartecom\/","https:\/\/x.com\/obolocultural","https:\/\/www.instagram.com\/_cooltivarte_\/","https:\/\/www.linkedin.com\/company\/-bolocultural?reportsuccess=8zaNG1HwhPbAR9iQhZ5rfGeqz_vQFftHun0ZWU0Wy9vNemRJ8vtcKdJvzQfW8XagyOJSKg0XvfJ1dp","https:\/\/www.pinterest.com\/cooltivarte\/","https:\/\/cooltivarte.tumblr.com\/","https:\/\/www.tiktok.com\/@cooltivarte","https:\/\/www.youtube.com\/@PrensaCooltivarte"]},{"@type":"Person","@id":"https:\/\/cooltivarte.com\/portal\/#\/schema\/person\/dc149811efaf4777782d9d88fec544be","name":"Mauricio Conde","image":{"@type":"ImageObject","inLanguage":"es-AR","@id":"https:\/\/cooltivarte.com\/portal\/wp-content\/uploads\/2015\/03\/fotomconde-120x120.jpg","url":"https:\/\/cooltivarte.com\/portal\/wp-content\/uploads\/2015\/03\/fotomconde-120x120.jpg","contentUrl":"https:\/\/cooltivarte.com\/portal\/wp-content\/uploads\/2015\/03\/fotomconde-120x120.jpg","caption":"Mauricio Conde"},"description":"Naci\u00f3 en San Jos\u00e9 el 23 de mayo de 1983. En 2010 conoci\u00f3 a Federico Meneses, impulsor de \u00f3bolo cultural y m\u00e1s tarde de cooltivarte.com, y se incorpor\u00f3 como co-director y editor responsable de ese medio digital. En COOLTIVARTE tambi\u00e9n redacta y dise\u00f1a art\u00edculos, entrevistas e informaci\u00f3n sobre el quehacer art\u00edstico y cultural existente en el pa\u00eds. Siempre curioso por seguir aprendiendo elementos vinculados a la cultura, el arte y la educaci\u00f3n.","sameAs":["https:\/\/www.cooltivarte.com","https:\/\/www.facebook.com\/mauricio.conde.1420","https:\/\/www.instagram.com\/_cooltivarte_\/","https:\/\/www.linkedin.com\/company\/-bolocultural","https:\/\/www.pinterest.com\/cooltivarte","https:\/\/x.com\/https:\/\/x.com\/obolocultural","https:\/\/www.youtube.com\/@PrensaCooltivarte","https:\/\/www.tumblr.com\/blog\/cooltivarte"],"url":"https:\/\/cooltivarte.com\/portal\/author\/mauricio\/"}]}},"_links":{"self":[{"href":"https:\/\/cooltivarte.com\/portal\/wp-json\/wp\/v2\/posts\/17955","targetHints":{"allow":["GET"]}}],"collection":[{"href":"https:\/\/cooltivarte.com\/portal\/wp-json\/wp\/v2\/posts"}],"about":[{"href":"https:\/\/cooltivarte.com\/portal\/wp-json\/wp\/v2\/types\/post"}],"author":[{"embeddable":true,"href":"https:\/\/cooltivarte.com\/portal\/wp-json\/wp\/v2\/users\/10"}],"replies":[{"embeddable":true,"href":"https:\/\/cooltivarte.com\/portal\/wp-json\/wp\/v2\/comments?post=17955"}],"version-history":[{"count":17,"href":"https:\/\/cooltivarte.com\/portal\/wp-json\/wp\/v2\/posts\/17955\/revisions"}],"predecessor-version":[{"id":102684,"href":"https:\/\/cooltivarte.com\/portal\/wp-json\/wp\/v2\/posts\/17955\/revisions\/102684"}],"wp:featuredmedia":[{"embeddable":true,"href":"https:\/\/cooltivarte.com\/portal\/wp-json\/wp\/v2\/media\/17960"}],"wp:attachment":[{"href":"https:\/\/cooltivarte.com\/portal\/wp-json\/wp\/v2\/media?parent=17955"}],"wp:term":[{"taxonomy":"category","embeddable":true,"href":"https:\/\/cooltivarte.com\/portal\/wp-json\/wp\/v2\/categories?post=17955"},{"taxonomy":"post_tag","embeddable":true,"href":"https:\/\/cooltivarte.com\/portal\/wp-json\/wp\/v2\/tags?post=17955"}],"curies":[{"name":"wp","href":"https:\/\/api.w.org\/{rel}","templated":true}]}}