{"id":16394,"date":"2015-10-30T19:15:26","date_gmt":"2015-10-30T19:15:26","guid":{"rendered":"http:\/\/cooltivarte.com\/portal\/?p=16394"},"modified":"2020-08-07T11:56:03","modified_gmt":"2020-08-07T14:56:03","slug":"artistas-uruguayos-en-la-10-bienal-del-mercosur-2015","status":"publish","type":"post","link":"https:\/\/cooltivarte.com\/portal\/artistas-uruguayos-en-la-10-bienal-del-mercosur-2015\/","title":{"rendered":"ARTISTAS URUGUAYOS EN LA 10 BIENAL DEL MERCOSUR 2015"},"content":{"rendered":"<p style=\"text-align: justify;\"><strong>Artistas Uruguayos <\/strong><br \/>\n<strong>10\u00aa Bienal del Mercosur 2015<\/strong><\/p>\n<p style=\"text-align: justify;\"><strong><a href=\"https:\/\/cooltivarte.com\/portal\/?s=Rulfo+%C3%81lvarez\" target=\"_blank\" rel=\"noopener\">Rulfo \u00c1lvarez<\/a>.<\/strong><br \/>\n<strong> Raquel Bessio.<\/strong><br \/>\n<strong> <a href=\"https:\/\/cooltivarte.com\/portal\/?s=Jorge+Soto\" target=\"_blank\" rel=\"noopener\">Jorge Soto<\/a>.<\/strong><br \/>\n<strong> <a href=\"https:\/\/cooltivarte.com\/portal\/?s=Diego+Masi\" target=\"_blank\" rel=\"noopener\">Diego Masi<\/a>.<\/strong><br \/>\n<strong> <a href=\"https:\/\/cooltivarte.com\/portal\/?s=Federico+Arnaud\" target=\"_blank\" rel=\"noopener\">Federico Arnaud<\/a>.<\/strong><br \/>\n<strong> Gustavo Tabares.<\/strong><br \/>\n<strong> Juan Burgos.<\/strong><br \/>\n<strong> Paola Monzillo.<\/strong><\/p>\n<p style=\"text-align: justify;\">10\u00aa Bienal do Mercosul abre nesta sexta em Porto Alegre&nbsp;por adafinal | 23 out 2015 | arte | 0 Coment\u00e1rios<br \/>\nPORTO ALEGRE \u2013 Abre para o p\u00fablico nesta sexta-feira, 23, a 10\u00aa Bienal do Mercosul Mensagens de Uma Nova Am\u00e9rica. A cerim\u00f4nia oficial de abertura ocorre \u00e0s 19h30, no Santander Cultural, espa\u00e7o que abriga a mostra Antropofagia Neobarroca. Os demais espa\u00e7os estar\u00e3o abertos para visita\u00e7\u00e3o a partir de s\u00e1bado, 24 de outubro.<\/p>\n<p style=\"text-align: justify;\">Essa edi\u00e7\u00e3o da Bienal se dedica exclusivamente \u00e0 produ\u00e7\u00e3o art\u00edstica da Am\u00e9rica Latina, em busca de suas ra\u00edzes e apresentando um novo modelo curatorial, que inclui obras de arte desde o s\u00e9culo XVIII at\u00e9 as contempor\u00e2neas. Intitulada Mensagens de Uma Nova Am\u00e9rica, esta exposi\u00e7\u00e3o de grande envergadura prop\u00f5e uma plataforma curatorial inovadora para a arte latino-americana. A equipe curatorial desta edi\u00e7\u00e3o \u00e9 formada por Gaud\u00eancio Fidelis (Brasil) \u2013 Curador-Chefe; M\u00e1rcio Tavares (Brasil) \u2013 Curador-Adjunto; Ana Zavadil (Brasil) \u2013 Curadora-Assistente e Cristi\u00e1n G. Gallegos (Chile) \u2013 Dialogante-Curador do Programa Educativo.<br \/>\nA 10\u00aa Bienal \u00e9 composta de sete exposi\u00e7\u00f5es, interconectadas e constru\u00eddas para dar conta de uma s\u00e9rie de lacunas relacionadas \u00e0 arte da Am\u00e9rica Latina, algumas delas tratadas pela primeira vez, como o cheiro e a poeira como realidade material das obras de arte. As exposi\u00e7\u00f5es s\u00e3o: Biografia da Vida Urbana; Modernismo em Paralaxe; Antropofagia Neobarroca; Olfat\u00f3ria: O Cheiro na Arte; Aparatos do Corpo; A Poeira e o Mundo dos Objetos e Margin\u00e1lia da Forma. A 10\u00aa Bienal ocupar\u00e1 v\u00e1rios espa\u00e7os de arte na capital ga\u00facha: Museu de Arte do Rio Grande do Sul Ado Malagoli \u2013 MARGS; Santander Cultural; Memorial do Rio Grande do Sul; Usina do Gas\u00f4metro; Centro Cultural CEEE Erico Verissimo; Acervo Independente e Instituto Ling.<\/p>\n<p style=\"text-align: justify;\">\u201cEssa Bienal representa uma oportunidade \u00fanica para ver um grande n\u00famero de obras, a partir de uma l\u00f3gica de justaposi\u00e7\u00e3o, introduzindo um modelo novo de exibi\u00e7\u00f5es num contexto de bienais. Ela foi pensada de acordo com a escolha de obras espec\u00edficas, abrangendo desde as hist\u00f3ricas at\u00e9 as contempor\u00e2neas. Ao inv\u00e9s de representar artistas, n\u00f3s procuramos dar visibilidade as suas contribui\u00e7\u00f5es art\u00edsticas relacionadas a quest\u00f5es espec\u00edficas\u201d, explica Gaud\u00eancio Fidelis, Curador-Chefe da edi\u00e7\u00e3o. \u201cA plataforma adotada deixou de lado o modelo de comiss\u00f5es, t\u00edpico de outras bienais, e preferiu se focar em obras que tivessem grande contribui\u00e7\u00e3o est\u00e9tica para a hist\u00f3ria, mostrando inova\u00e7\u00e3o e criatividade. A exposi\u00e7\u00e3o leva em conta a legibilidade, a especificidade cultural e a cr\u00edtica do c\u00e2none ocidental, salientando assim a g\u00eanese, a produ\u00e7\u00e3o e a circula\u00e7\u00e3o de conhecimento sobre essas obras, ao inv\u00e9s de apenas celebr\u00e1-las\u201d, diz Gaud\u00eancio.<\/p>\n<p>&nbsp;<br \/>\n&nbsp;<\/p>\n<p style=\"text-align: justify;\">&nbsp;<\/p>\n<p>&nbsp;<br \/>\n&nbsp;<\/p>\n","protected":false},"excerpt":{"rendered":"<p>Artistas Uruguayos 10\u00aa Bienal del Mercosur 2015 Rulfo \u00c1lvarez. Raquel Bessio. Jorge Soto. Diego Masi. Federico Arnaud. Gustavo Tabares. Juan Burgos. Paola Monzillo. 10\u00aa Bienal do Mercosul abre nesta sexta em Porto Alegre&nbsp;por adafinal | 23 out 2015 | arte | 0 Coment\u00e1rios PORTO ALEGRE \u2013 Abre para o p\u00fablico nesta sexta-feira, 23, a 10\u00aa [&hellip;]<\/p>\n","protected":false},"author":8,"featured_media":16396,"comment_status":"closed","ping_status":"closed","sticky":false,"template":"","format":"video","meta":{"om_disable_all_campaigns":false,"ngg_post_thumbnail":0,"jnews-multi-image_gallery":[],"jnews_single_post":[],"jnews_primary_category":[],"jnews_social_meta":[],"jnews_override_counter":[],"footnotes":""},"categories":[52],"tags":[3675,84,408,142,413,176,81,373,3676],"class_list":["post-16394","post","type-post","status-publish","format-video","has-post-thumbnail","hentry","category-artista","tag-10-bienal-del-mercosur-2015","tag-arte","tag-artes-visuales","tag-artista-visual","tag-bellas-artes","tag-brasil","tag-cultura","tag-exposicion","tag-porto-alegre","post_format-post-format-video"],"yoast_head":"<!-- This site is optimized with the Yoast SEO plugin v27.5 - https:\/\/yoast.com\/product\/yoast-seo-wordpress\/ -->\n<title>ARTISTAS URUGUAYOS EN LA 10 BIENAL DEL MERCOSUR 2015 - Cooltivarte Portal<\/title>\n<meta name=\"description\" content=\"COOLTIVARTE.COM es un portal digital colaborativo de actualizaci\u00f3n permanente dedicado a difundir el acontecer art\u00edstico y cultural, entrevista artistas, gestores y productores de las diferentes disciplinas del arte, y publicando art\u00edculos de reflexi\u00f3n de producci\u00f3n propia sobre los elementos culturales.\" \/>\n<meta name=\"robots\" content=\"index, follow, max-snippet:-1, max-image-preview:large, max-video-preview:-1\" \/>\n<link rel=\"canonical\" href=\"https:\/\/cooltivarte.com\/portal\/artistas-uruguayos-en-la-10-bienal-del-mercosur-2015\/\" \/>\n<meta property=\"og:locale\" content=\"es_ES\" \/>\n<meta property=\"og:type\" content=\"article\" \/>\n<meta property=\"og:title\" content=\"ARTISTAS URUGUAYOS EN LA 10 BIENAL DEL MERCOSUR 2015 - Cooltivarte Portal\" \/>\n<meta property=\"og:description\" content=\"COOLTIVARTE.COM es un portal digital colaborativo de actualizaci\u00f3n permanente dedicado a difundir el acontecer art\u00edstico y cultural, entrevista artistas, gestores y productores de las diferentes disciplinas del arte, y publicando art\u00edculos de reflexi\u00f3n de producci\u00f3n propia sobre los elementos culturales.\" \/>\n<meta property=\"og:url\" content=\"https:\/\/cooltivarte.com\/portal\/artistas-uruguayos-en-la-10-bienal-del-mercosur-2015\/\" \/>\n<meta property=\"og:site_name\" content=\"Cooltivarte Portal\" \/>\n<meta property=\"article:publisher\" content=\"https:\/\/www.facebook.com\/cooltivartecom\/\" \/>\n<meta property=\"article:author\" content=\"https:\/\/www.facebook.com\/cooltivartecom\" \/>\n<meta property=\"article:published_time\" content=\"2015-10-30T19:15:26+00:00\" \/>\n<meta property=\"article:modified_time\" content=\"2020-08-07T14:56:03+00:00\" \/>\n<meta property=\"og:image\" content=\"https:\/\/cooltivarte.com\/portal\/wp-content\/uploads\/2015\/10\/hqdefault28.jpg\" \/>\n\t<meta property=\"og:image:width\" content=\"480\" \/>\n\t<meta property=\"og:image:height\" content=\"360\" \/>\n\t<meta property=\"og:image:type\" content=\"image\/jpeg\" \/>\n<meta name=\"author\" content=\"Cooltivarte\" \/>\n<meta name=\"twitter:card\" content=\"summary_large_image\" \/>\n<meta name=\"twitter:creator\" content=\"@https:\/\/x.com\/obolocultural\" \/>\n<meta name=\"twitter:site\" content=\"@obolocultural\" \/>\n<meta name=\"twitter:label1\" content=\"Escrito por\" \/>\n\t<meta name=\"twitter:data1\" content=\"Cooltivarte\" \/>\n\t<meta name=\"twitter:label2\" content=\"Tiempo de lectura\" \/>\n\t<meta name=\"twitter:data2\" content=\"2 minutos\" \/>\n<!-- \/ Yoast SEO plugin. -->","yoast_head_json":{"title":"ARTISTAS URUGUAYOS EN LA 10 BIENAL DEL MERCOSUR 2015 - Cooltivarte Portal","description":"COOLTIVARTE.COM es un portal digital colaborativo de actualizaci\u00f3n permanente dedicado a difundir el acontecer art\u00edstico y cultural, entrevista artistas, gestores y productores de las diferentes disciplinas del arte, y publicando art\u00edculos de reflexi\u00f3n de producci\u00f3n propia sobre los elementos culturales.","robots":{"index":"index","follow":"follow","max-snippet":"max-snippet:-1","max-image-preview":"max-image-preview:large","max-video-preview":"max-video-preview:-1"},"canonical":"https:\/\/cooltivarte.com\/portal\/artistas-uruguayos-en-la-10-bienal-del-mercosur-2015\/","og_locale":"es_ES","og_type":"article","og_title":"ARTISTAS URUGUAYOS EN LA 10 BIENAL DEL MERCOSUR 2015 - Cooltivarte Portal","og_description":"COOLTIVARTE.COM es un portal digital colaborativo de actualizaci\u00f3n permanente dedicado a difundir el acontecer art\u00edstico y cultural, entrevista artistas, gestores y productores de las diferentes disciplinas del arte, y publicando art\u00edculos de reflexi\u00f3n de producci\u00f3n propia sobre los elementos culturales.","og_url":"https:\/\/cooltivarte.com\/portal\/artistas-uruguayos-en-la-10-bienal-del-mercosur-2015\/","og_site_name":"Cooltivarte Portal","article_publisher":"https:\/\/www.facebook.com\/cooltivartecom\/","article_author":"https:\/\/www.facebook.com\/cooltivartecom","article_published_time":"2015-10-30T19:15:26+00:00","article_modified_time":"2020-08-07T14:56:03+00:00","og_image":[{"width":480,"height":360,"url":"https:\/\/cooltivarte.com\/portal\/wp-content\/uploads\/2015\/10\/hqdefault28.jpg","type":"image\/jpeg"}],"author":"Cooltivarte","twitter_card":"summary_large_image","twitter_creator":"@https:\/\/x.com\/obolocultural","twitter_site":"@obolocultural","twitter_misc":{"Escrito por":"Cooltivarte","Tiempo de lectura":"2 minutos"},"schema":{"@context":"https:\/\/schema.org","@graph":[{"@type":"NewsArticle","@id":"https:\/\/cooltivarte.com\/portal\/artistas-uruguayos-en-la-10-bienal-del-mercosur-2015\/#article","isPartOf":{"@id":"https:\/\/cooltivarte.com\/portal\/artistas-uruguayos-en-la-10-bienal-del-mercosur-2015\/"},"author":{"name":"Cooltivarte","@id":"https:\/\/cooltivarte.com\/portal\/#\/schema\/person\/ec2a4f4e71b740d0c559c0ab9a157e19"},"headline":"ARTISTAS URUGUAYOS EN LA 10 BIENAL DEL MERCOSUR 2015","datePublished":"2015-10-30T19:15:26+00:00","dateModified":"2020-08-07T14:56:03+00:00","mainEntityOfPage":{"@id":"https:\/\/cooltivarte.com\/portal\/artistas-uruguayos-en-la-10-bienal-del-mercosur-2015\/"},"wordCount":498,"publisher":{"@id":"https:\/\/cooltivarte.com\/portal\/#organization"},"image":{"@id":"https:\/\/cooltivarte.com\/portal\/artistas-uruguayos-en-la-10-bienal-del-mercosur-2015\/#primaryimage"},"thumbnailUrl":"https:\/\/cooltivarte.com\/portal\/wp-content\/uploads\/2015\/10\/hqdefault28.jpg","keywords":["10 BIENAL DEL MERCOSUR 2015","Arte","Artes Visuales","Artista Visual","Bellas Artes","Brasil","Cultura","Exposici\u00f3n","Porto Alegre"],"articleSection":["Arte"],"inLanguage":"es-AR"},{"@type":"WebPage","@id":"https:\/\/cooltivarte.com\/portal\/artistas-uruguayos-en-la-10-bienal-del-mercosur-2015\/","url":"https:\/\/cooltivarte.com\/portal\/artistas-uruguayos-en-la-10-bienal-del-mercosur-2015\/","name":"ARTISTAS URUGUAYOS EN LA 10 BIENAL DEL MERCOSUR 2015 - Cooltivarte Portal","isPartOf":{"@id":"https:\/\/cooltivarte.com\/portal\/#website"},"primaryImageOfPage":{"@id":"https:\/\/cooltivarte.com\/portal\/artistas-uruguayos-en-la-10-bienal-del-mercosur-2015\/#primaryimage"},"image":{"@id":"https:\/\/cooltivarte.com\/portal\/artistas-uruguayos-en-la-10-bienal-del-mercosur-2015\/#primaryimage"},"thumbnailUrl":"https:\/\/cooltivarte.com\/portal\/wp-content\/uploads\/2015\/10\/hqdefault28.jpg","datePublished":"2015-10-30T19:15:26+00:00","dateModified":"2020-08-07T14:56:03+00:00","description":"COOLTIVARTE.COM es un portal digital colaborativo de actualizaci\u00f3n permanente dedicado a difundir el acontecer art\u00edstico y cultural, entrevista artistas, gestores y productores de las diferentes disciplinas del arte, y publicando art\u00edculos de reflexi\u00f3n de producci\u00f3n propia sobre los elementos culturales.","breadcrumb":{"@id":"https:\/\/cooltivarte.com\/portal\/artistas-uruguayos-en-la-10-bienal-del-mercosur-2015\/#breadcrumb"},"inLanguage":"es-AR","potentialAction":[{"@type":"ReadAction","target":["https:\/\/cooltivarte.com\/portal\/artistas-uruguayos-en-la-10-bienal-del-mercosur-2015\/"]}]},{"@type":"ImageObject","inLanguage":"es-AR","@id":"https:\/\/cooltivarte.com\/portal\/artistas-uruguayos-en-la-10-bienal-del-mercosur-2015\/#primaryimage","url":"https:\/\/cooltivarte.com\/portal\/wp-content\/uploads\/2015\/10\/hqdefault28.jpg","contentUrl":"https:\/\/cooltivarte.com\/portal\/wp-content\/uploads\/2015\/10\/hqdefault28.jpg","width":480,"height":360,"caption":"Artistas Uruguayos 10\u00aa Bienal del Mercosur 2015 Rulfo \u00c1lvarez. Raquel Bessio. Jorge Soto. Diego Masi. Federico Arnaud. Gustavo Tabares. Juan Burgos. Paola Monzillo."},{"@type":"BreadcrumbList","@id":"https:\/\/cooltivarte.com\/portal\/artistas-uruguayos-en-la-10-bienal-del-mercosur-2015\/#breadcrumb","itemListElement":[{"@type":"ListItem","position":1,"name":"Portada","item":"https:\/\/cooltivarte.com\/portal\/"},{"@type":"ListItem","position":2,"name":"ARTISTAS URUGUAYOS EN LA 10 BIENAL DEL MERCOSUR 2015"}]},{"@type":"WebSite","@id":"https:\/\/cooltivarte.com\/portal\/#website","url":"https:\/\/cooltivarte.com\/portal\/","name":"Cooltivarte Portal","description":"Arte, cultura y turismo para el mundo ...","publisher":{"@id":"https:\/\/cooltivarte.com\/portal\/#organization"},"potentialAction":[{"@type":"SearchAction","target":{"@type":"EntryPoint","urlTemplate":"https:\/\/cooltivarte.com\/portal\/?s={search_term_string}"},"query-input":{"@type":"PropertyValueSpecification","valueRequired":true,"valueName":"search_term_string"}}],"inLanguage":"es-AR"},{"@type":"Organization","@id":"https:\/\/cooltivarte.com\/portal\/#organization","name":"cooltivarte","url":"https:\/\/cooltivarte.com\/portal\/","logo":{"@type":"ImageObject","inLanguage":"es-AR","@id":"https:\/\/cooltivarte.com\/portal\/#\/schema\/logo\/image\/","url":"https:\/\/cooltivarte.com\/portal\/wp-content\/uploads\/2020\/04\/logo-cooltivarte-v2.png","contentUrl":"https:\/\/cooltivarte.com\/portal\/wp-content\/uploads\/2020\/04\/logo-cooltivarte-v2.png","width":851,"height":243,"caption":"cooltivarte"},"image":{"@id":"https:\/\/cooltivarte.com\/portal\/#\/schema\/logo\/image\/"},"sameAs":["https:\/\/www.facebook.com\/cooltivartecom\/","https:\/\/x.com\/obolocultural","https:\/\/www.instagram.com\/_cooltivarte_\/","https:\/\/www.linkedin.com\/company\/-bolocultural?reportsuccess=8zaNG1HwhPbAR9iQhZ5rfGeqz_vQFftHun0ZWU0Wy9vNemRJ8vtcKdJvzQfW8XagyOJSKg0XvfJ1dp","https:\/\/www.pinterest.com\/cooltivarte\/","https:\/\/cooltivarte.tumblr.com\/","https:\/\/www.tiktok.com\/@cooltivarte","https:\/\/www.youtube.com\/@PrensaCooltivarte"]},{"@type":"Person","@id":"https:\/\/cooltivarte.com\/portal\/#\/schema\/person\/ec2a4f4e71b740d0c559c0ab9a157e19","name":"Cooltivarte","image":{"@type":"ImageObject","inLanguage":"es-AR","@id":"https:\/\/cooltivarte.com\/portal\/wp-content\/uploads\/2014\/05\/logo-cooltivarte-120x120.jpg","url":"https:\/\/cooltivarte.com\/portal\/wp-content\/uploads\/2014\/05\/logo-cooltivarte-120x120.jpg","contentUrl":"https:\/\/cooltivarte.com\/portal\/wp-content\/uploads\/2014\/05\/logo-cooltivarte-120x120.jpg","caption":"Cooltivarte"},"description":"Somos COOLTIVARTE.COM. Un portal digital dedicado a difundir el acontecer art\u00edstico y cultural del Uruguay. Estamos en la vuelta desde el a\u00f1o 2003, y como evoluci\u00f3n del bolet\u00edn Obolo Cultural, nos encontramos abocados a apoyar a los artistas nacionales brind\u00e1ndoles un espacio de difusi\u00f3n. Creemos en la idea de utilizar la potencialidad que hoy d\u00eda nos otorga la web, para que la cultura uruguaya y sus creadores dispongan de una din\u00e1mica ventana, que los ponga en contacto entre s\u00ed y con el mundo. Somos COOLTIVARTE.COM y pretendemos configurarnos como un portal din\u00e1mico, entretenido y atento a los nuevos emprendimientos, que busque siempre la interacci\u00f3n con los artistas.","sameAs":["http:\/\/www.cooltivarte.com","https:\/\/www.facebook.com\/cooltivartecom","https:\/\/www.instagram.com\/_cooltivarte_\/","https:\/\/www.linkedin.com\/company\/-bolocultural","https:\/\/www.pinterest.com\/cooltivarte\/","https:\/\/x.com\/https:\/\/x.com\/obolocultural","https:\/\/www.youtube.com\/@PrensaCooltivarte","https:\/\/www.tumblr.com\/blog\/cooltivarte"],"url":"https:\/\/cooltivarte.com\/portal\/author\/cooltivarte\/"}]}},"_links":{"self":[{"href":"https:\/\/cooltivarte.com\/portal\/wp-json\/wp\/v2\/posts\/16394","targetHints":{"allow":["GET"]}}],"collection":[{"href":"https:\/\/cooltivarte.com\/portal\/wp-json\/wp\/v2\/posts"}],"about":[{"href":"https:\/\/cooltivarte.com\/portal\/wp-json\/wp\/v2\/types\/post"}],"author":[{"embeddable":true,"href":"https:\/\/cooltivarte.com\/portal\/wp-json\/wp\/v2\/users\/8"}],"replies":[{"embeddable":true,"href":"https:\/\/cooltivarte.com\/portal\/wp-json\/wp\/v2\/comments?post=16394"}],"version-history":[{"count":6,"href":"https:\/\/cooltivarte.com\/portal\/wp-json\/wp\/v2\/posts\/16394\/revisions"}],"predecessor-version":[{"id":62407,"href":"https:\/\/cooltivarte.com\/portal\/wp-json\/wp\/v2\/posts\/16394\/revisions\/62407"}],"wp:featuredmedia":[{"embeddable":true,"href":"https:\/\/cooltivarte.com\/portal\/wp-json\/wp\/v2\/media\/16396"}],"wp:attachment":[{"href":"https:\/\/cooltivarte.com\/portal\/wp-json\/wp\/v2\/media?parent=16394"}],"wp:term":[{"taxonomy":"category","embeddable":true,"href":"https:\/\/cooltivarte.com\/portal\/wp-json\/wp\/v2\/categories?post=16394"},{"taxonomy":"post_tag","embeddable":true,"href":"https:\/\/cooltivarte.com\/portal\/wp-json\/wp\/v2\/tags?post=16394"}],"curies":[{"name":"wp","href":"https:\/\/api.w.org\/{rel}","templated":true}]}}