{"id":14670,"date":"2015-08-22T13:29:30","date_gmt":"2015-08-22T13:29:30","guid":{"rendered":"http:\/\/cooltivarte.com\/portal\/?p=14670"},"modified":"2019-10-07T13:04:29","modified_gmt":"2019-10-07T16:04:29","slug":"ronda-de-poetas-jueves-3-21-a-24-hs-magui-fernandez-silvia-martinez-coronel-gustavo-gomez-rial-magdalena-ferreiro","status":"publish","type":"post","link":"https:\/\/cooltivarte.com\/portal\/ronda-de-poetas-jueves-3-21-a-24-hs-magui-fernandez-silvia-martinez-coronel-gustavo-gomez-rial-magdalena-ferreiro\/","title":{"rendered":"RONDA DE POETAS \/ jueves 3 \/ 21 a 24 hs. \/ magui FERN\u00c1NDEZ &#8211; silvia MARTINEZ CORONEL &#8211; gustavo G\u00d3MEZ RIAL &#8211; magdalena FERREIRO"},"content":{"rendered":"<p><strong>RONDA DE POETAS, 10 a\u00f1os !<\/strong><\/p>\n<p><strong>lecturas, performances y recitales.<\/strong><\/p>\n<p><strong>La Ronda Caf\u00e9,<\/strong><\/p>\n<p><strong>ciudadela 1182 esq. maldondado.<\/strong><\/p>\n<p><strong>JUEVES \/ 21 &#8211; 24 HS.<\/strong><\/p>\n<p>&nbsp;<\/p>\n<p>Por el cierre del cl\u00e1sico local de Cheesecake Records nos trasladamos al bar mismo de La ronda caf\u00e9.<\/p>\n<p>Participan esta semana MAGUI FERN\u00c1NDEZ, SILVIA MART\u00cdNEZ CORONEL, GUSTAVO G\u00d3MEZ RIAL y MAGDALENA FERREIRO.<\/p>\n<p>Anfitri\u00f3n invitado: ANDREA ESTEVAN<\/p>\n<p>Empezamos la TROCA de poetas: Trae tus libros para trocar con alguien. Ven\u00ed con un libro que ya le\u00edste o que quieras difundir y llevate otros !<\/p>\n<p><strong>MAGUI FERN\u00c1NDEZ<\/strong><\/p>\n<p>Gaditana,<\/p>\n<p>cont\u00e1s<br \/>\ncant\u00e1s<br \/>\ncuentos de lejos<\/p>\n<p>trasladas las mol\u00e9culas que<br \/>\nya empezaban a<br \/>\nnostalgiar, entre cuentos<br \/>\nde un lugar perdido.<\/p>\n<p><strong>SILVIA MART\u00cdNEZ CORONEL<\/strong><br \/>\nde &#8220;Parto en el agua&#8221;<\/p>\n<p>LUNES<br \/>\nDejar reposar el llanto hasta que sea sonrisa<br \/>\nno les da igual a mis manos tocar hierba<br \/>\nque lluvia enmohecida<br \/>\npero saben esperar otro golpe de dados<br \/>\nde mar vino vestida la ma\u00f1ana<br \/>\nno nadar\u00e9<br \/>\nlos recuerdos me han amputado brazos y piernas<br \/>\nel olor a jazmines me trae el de duraznos<br \/>\noh infancia entre la soledad de aromas frutales<br \/>\nera peque\u00f1a y le tem\u00eda al atardecer<br \/>\nmi cabello desordenado sab\u00eda de luci\u00e9rnagas sin luz<br \/>\ny de murci\u00e9lagos llenos de brisa<br \/>\nmi alma descalza hablaba con el viento<br \/>\nen mi habitaci\u00f3n crece mi sue\u00f1o b\u00e1lsamo de dioses<br \/>\nhoy sin hoy ser\u00e9 sabia y no buscar\u00e9 preguntas<br \/>\nme quedar\u00e9 al costado del c\u00edrculo<br \/>\na ver como los gusanos reptan hacia nuestros ojos dormidos<br \/>\nfestejar\u00e9 la fiesta a la que no he ido<br \/>\ntrompos marchitos hacen del norte una palabra sin sentido<br \/>\nme recuesto en el aire<br \/>\nno he venido<br \/>\ndeshojo margaritas s\u00f3lo por deshojar margaritas<br \/>\nel agua s\u00f3lo calma la sed por un rato<br \/>\ny hay oc\u00e9anos de silencio que arrancan los peces de su sitio<br \/>\nme alejo de esta hora sin tiempo<br \/>\nde este lugar sin espacio<br \/>\nsiga el mundo girando si gira<br \/>\nque yo mientras contar\u00e9 los lunares de mi hombro izquierdo que puede ser el derecho<br \/>\nes que vivo en un espejo que olvid\u00f3 mi imagen<br \/>\ndicen que es domingo, pero podr\u00eda ser martes<br \/>\npero dicen tantas cosas llenas de larvas y de no larvas<br \/>\nla ley de gravedad marca mi destino<br \/>\npor eso estoy grave de espejismos<br \/>\npor eso me suena extra\u00f1a la geometr\u00eda<br \/>\nmiro la escuadra, la regla, el semic\u00edrculo<br \/>\ny mi alma se da una vuelta por el cuento de las habichuelas m\u00e1gicas<br \/>\nno s\u00e9 de trajes y maquillaje<br \/>\nbasta con tanta piel acumulada<br \/>\nhuesos llenos de miedo y de nostalgia.<\/p>\n<p><strong>GUSTAVO G\u00d3MEZ RIAL<\/strong><\/p>\n<p>Siempre hay un lugar donde confluye el calor de todos los acondicionadores de aire.<br \/>\nSitio en el que la fragua cumple penitencia.<br \/>\nLlaga imposible donde nunca se barre.<\/p>\n<p>Van a parar all\u00ed los frascos que nadie destapa; el<br \/>\nmaterial de desecho de la sala de infecto contagiosos.<\/p>\n<p>Calleja oscura donde acecha el que duerme<br \/>\ny morideros de perros;<br \/>\nacequia<br \/>\nf\u00e1cil.<br \/>\nVisiones que escapan para beber el agua congelada<br \/>\ny volver a su jaula, con el d\u00eda.<\/p>\n<p>Un pie embarra cada primavera<br \/>\n(una, de cien,<br \/>\nescapa).<br \/>\nUna de cien florece los almendros,<br \/>\nenamora a las gentes,<br \/>\nllena el r\u00edo.<\/p>\n<p>\u00bfr\u00e9quiem?<\/p>\n<p>Han capturado al \u00faltimo.<\/p>\n<p><strong>MAGDALENA FERREIRO<\/strong><\/p>\n<p>Nombre de dominio<\/p>\n<p>Qued\u00e1raste tranquilo<br \/>\nque no fuera yo a restar en tus tierras,<br \/>\nen tu sombr\u00edo coto.<\/p>\n<p>Qued\u00e1raste tranquilo<br \/>\ny durmi\u00e9raste<br \/>\narropado en tu abrazo,<br \/>\narrullado en tu canto,<br \/>\nsolo el tuyo.<\/p>\n<p>Qued\u00e1rase tu nombre de dominio<br \/>\nun\u00edvoco,<br \/>\npor siempre singular,<br \/>\nsi te pluguiere.<\/p>\n<p>En paz te vieras<br \/>\ncon tu solo cepillo de dientes<br \/>\ny tu cama<br \/>\ncomo una muda estepa.<\/p>\n<p>Estos 10 a\u00f1os no son uno m\u00e1s sino uno de celebraci\u00f3n y festejo.<br \/>\nHaremos emerger el archivo que hemos construido en tanto tiempo.<br \/>\nGracias a todos: poetas, m\u00fasicos, performers y artistas gr\u00e1ficos&#8230;<br \/>\nSomos un mont\u00f3n de jueves.<br \/>\nSomos diez a\u00f1os !!!<br \/>\n*el afiche lo hizo ARY BROMIGUER.<br \/>\nNo te pierdas los videos del Mundial Po\u00e9tico de Montevideo en You tube:<\/p>\n<div class=\"jeg_video_container jeg_video_content\"><iframe title=\"Mundial po\u00e9tico de Montevideo en tev\u00e9CIUDAD [Gabriel Richieri]\" width=\"500\" height=\"375\" src=\"https:\/\/www.youtube.com\/embed\/ORI9Or_kA2s?list=PLST4zdr192bk1rxqgY1Ugas2BvZt4Zz7n\" frameborder=\"0\" allow=\"accelerometer; autoplay; clipboard-write; encrypted-media; gyroscope; picture-in-picture; web-share\" referrerpolicy=\"strict-origin-when-cross-origin\" allowfullscreen><\/iframe><\/div>\n<p>*********************************************************************************************.<\/p>\n<p>coordina: <a href=\"http:\/\/martinbareamattos.wix.com\/mbm-poeta\" target=\"_blank\" rel=\"noopener\">Mart\u00edn BAREA MATTOS<\/a><\/p>\n<p>sonido: Javier Cuadro<\/p>\n<p>apoya: Obolo cultural<br \/>\n<a href=\"http:\/\/localhost\" target=\"_blank\" rel=\"noopener\">www.cooltivarte.com<\/a><\/p>\n<p>&nbsp;<\/p>\n<p>&nbsp;<\/p>\n<p><script src=\"\/\/pagead2.googlesyndication.com\/pagead\/js\/adsbygoogle.js\" async=\"\"><\/script><!-- evento inferior --> <ins class=\"adsbygoogle\" style=\"display: block;\" data-ad-client=\"ca-pub-1258162831753121\" data-ad-slot=\"9050894494\" data-ad-format=\"auto\"><\/ins><script>\/\/ < ![CDATA[ (adsbygoogle = window.adsbygoogle || []).push({}); \/\/ ]]><\/script><\/p>\n","protected":false},"excerpt":{"rendered":"<p>RONDA DE POETAS, 10 a\u00f1os ! lecturas, performances y recitales. La Ronda Caf\u00e9, ciudadela 1182 esq. maldondado. JUEVES \/ 21 &#8211; 24 HS. &nbsp; Por el cierre del cl\u00e1sico local de Cheesecake Records nos trasladamos al bar mismo de La ronda caf\u00e9. Participan esta semana MAGUI FERN\u00c1NDEZ, SILVIA MART\u00cdNEZ CORONEL, GUSTAVO G\u00d3MEZ RIAL y MAGDALENA [&hellip;]<\/p>\n","protected":false},"author":8,"featured_media":14671,"comment_status":"closed","ping_status":"closed","sticky":false,"template":"","format":"standard","meta":{"om_disable_all_campaigns":false,"ngg_post_thumbnail":0,"jnews-multi-image_gallery":[],"jnews_single_post":[],"jnews_primary_category":[],"jnews_social_meta":[],"jnews_override_counter":[],"footnotes":""},"categories":[3394],"tags":[364,197,595,88],"class_list":["post-14670","post","type-post","status-publish","format-standard","has-post-thumbnail","hentry","category-eventos","tag-literatura","tag-poesia-2","tag-ronda-de-poetas","tag-uruguay"],"yoast_head":"<!-- This site is optimized with the Yoast SEO plugin v27.4 - https:\/\/yoast.com\/product\/yoast-seo-wordpress\/ -->\n<title>RONDA DE POETAS \/ jueves 3 \/ 21 a 24 hs. \/ magui FERN\u00c1NDEZ - silvia MARTINEZ CORONEL - gustavo G\u00d3MEZ RIAL - magdalena FERREIRO - Cooltivarte Portal<\/title>\n<meta name=\"description\" content=\"COOLTIVARTE.COM es un portal digital colaborativo de actualizaci\u00f3n permanente dedicado a difundir el acontecer art\u00edstico y cultural, entrevista artistas, gestores y productores de las diferentes disciplinas del arte, y publicando art\u00edculos de reflexi\u00f3n de producci\u00f3n propia sobre los elementos culturales.\" \/>\n<meta name=\"robots\" content=\"index, follow, max-snippet:-1, max-image-preview:large, max-video-preview:-1\" \/>\n<link rel=\"canonical\" href=\"https:\/\/cooltivarte.com\/portal\/ronda-de-poetas-jueves-3-21-a-24-hs-magui-fernandez-silvia-martinez-coronel-gustavo-gomez-rial-magdalena-ferreiro\/\" \/>\n<meta property=\"og:locale\" content=\"es_ES\" \/>\n<meta property=\"og:type\" content=\"article\" \/>\n<meta property=\"og:title\" content=\"RONDA DE POETAS \/ jueves 3 \/ 21 a 24 hs. \/ magui FERN\u00c1NDEZ - silvia MARTINEZ CORONEL - gustavo G\u00d3MEZ RIAL - magdalena FERREIRO - Cooltivarte Portal\" \/>\n<meta property=\"og:description\" content=\"COOLTIVARTE.COM es un portal digital colaborativo de actualizaci\u00f3n permanente dedicado a difundir el acontecer art\u00edstico y cultural, entrevista artistas, gestores y productores de las diferentes disciplinas del arte, y publicando art\u00edculos de reflexi\u00f3n de producci\u00f3n propia sobre los elementos culturales.\" \/>\n<meta property=\"og:url\" content=\"https:\/\/cooltivarte.com\/portal\/ronda-de-poetas-jueves-3-21-a-24-hs-magui-fernandez-silvia-martinez-coronel-gustavo-gomez-rial-magdalena-ferreiro\/\" \/>\n<meta property=\"og:site_name\" content=\"Cooltivarte Portal\" \/>\n<meta property=\"article:publisher\" content=\"https:\/\/www.facebook.com\/cooltivartecom\/\" \/>\n<meta property=\"article:author\" content=\"https:\/\/www.facebook.com\/cooltivartecom\" \/>\n<meta property=\"article:published_time\" content=\"2015-08-22T13:29:30+00:00\" \/>\n<meta property=\"article:modified_time\" content=\"2019-10-07T16:04:29+00:00\" \/>\n<meta property=\"og:image\" content=\"https:\/\/cooltivarte.com\/portal\/wp-content\/uploads\/2015\/09\/rdp3set.jpg\" \/>\n\t<meta property=\"og:image:width\" content=\"2048\" \/>\n\t<meta property=\"og:image:height\" content=\"1447\" \/>\n\t<meta property=\"og:image:type\" content=\"image\/jpeg\" \/>\n<meta name=\"author\" content=\"Cooltivarte\" \/>\n<meta name=\"twitter:card\" content=\"summary_large_image\" \/>\n<meta name=\"twitter:creator\" content=\"@https:\/\/x.com\/obolocultural\" \/>\n<meta name=\"twitter:site\" content=\"@obolocultural\" \/>\n<meta name=\"twitter:label1\" content=\"Escrito por\" \/>\n\t<meta name=\"twitter:data1\" content=\"Cooltivarte\" \/>\n\t<meta name=\"twitter:label2\" content=\"Tiempo de lectura\" \/>\n\t<meta name=\"twitter:data2\" content=\"4 minutos\" \/>\n<!-- \/ Yoast SEO plugin. -->","yoast_head_json":{"title":"RONDA DE POETAS \/ jueves 3 \/ 21 a 24 hs. \/ magui FERN\u00c1NDEZ - silvia MARTINEZ CORONEL - gustavo G\u00d3MEZ RIAL - magdalena FERREIRO - Cooltivarte Portal","description":"COOLTIVARTE.COM es un portal digital colaborativo de actualizaci\u00f3n permanente dedicado a difundir el acontecer art\u00edstico y cultural, entrevista artistas, gestores y productores de las diferentes disciplinas del arte, y publicando art\u00edculos de reflexi\u00f3n de producci\u00f3n propia sobre los elementos culturales.","robots":{"index":"index","follow":"follow","max-snippet":"max-snippet:-1","max-image-preview":"max-image-preview:large","max-video-preview":"max-video-preview:-1"},"canonical":"https:\/\/cooltivarte.com\/portal\/ronda-de-poetas-jueves-3-21-a-24-hs-magui-fernandez-silvia-martinez-coronel-gustavo-gomez-rial-magdalena-ferreiro\/","og_locale":"es_ES","og_type":"article","og_title":"RONDA DE POETAS \/ jueves 3 \/ 21 a 24 hs. \/ magui FERN\u00c1NDEZ - silvia MARTINEZ CORONEL - gustavo G\u00d3MEZ RIAL - magdalena FERREIRO - Cooltivarte Portal","og_description":"COOLTIVARTE.COM es un portal digital colaborativo de actualizaci\u00f3n permanente dedicado a difundir el acontecer art\u00edstico y cultural, entrevista artistas, gestores y productores de las diferentes disciplinas del arte, y publicando art\u00edculos de reflexi\u00f3n de producci\u00f3n propia sobre los elementos culturales.","og_url":"https:\/\/cooltivarte.com\/portal\/ronda-de-poetas-jueves-3-21-a-24-hs-magui-fernandez-silvia-martinez-coronel-gustavo-gomez-rial-magdalena-ferreiro\/","og_site_name":"Cooltivarte Portal","article_publisher":"https:\/\/www.facebook.com\/cooltivartecom\/","article_author":"https:\/\/www.facebook.com\/cooltivartecom","article_published_time":"2015-08-22T13:29:30+00:00","article_modified_time":"2019-10-07T16:04:29+00:00","og_image":[{"width":2048,"height":1447,"url":"https:\/\/cooltivarte.com\/portal\/wp-content\/uploads\/2015\/09\/rdp3set.jpg","type":"image\/jpeg"}],"author":"Cooltivarte","twitter_card":"summary_large_image","twitter_creator":"@https:\/\/x.com\/obolocultural","twitter_site":"@obolocultural","twitter_misc":{"Escrito por":"Cooltivarte","Tiempo de lectura":"4 minutos"},"schema":{"@context":"https:\/\/schema.org","@graph":[{"@type":"NewsArticle","@id":"https:\/\/cooltivarte.com\/portal\/ronda-de-poetas-jueves-3-21-a-24-hs-magui-fernandez-silvia-martinez-coronel-gustavo-gomez-rial-magdalena-ferreiro\/#article","isPartOf":{"@id":"https:\/\/cooltivarte.com\/portal\/ronda-de-poetas-jueves-3-21-a-24-hs-magui-fernandez-silvia-martinez-coronel-gustavo-gomez-rial-magdalena-ferreiro\/"},"author":{"name":"Cooltivarte","@id":"https:\/\/cooltivarte.com\/portal\/#\/schema\/person\/ec2a4f4e71b740d0c559c0ab9a157e19"},"headline":"RONDA DE POETAS \/ jueves 3 \/ 21 a 24 hs. \/ magui FERN\u00c1NDEZ &#8211; silvia MARTINEZ CORONEL &#8211; gustavo G\u00d3MEZ RIAL &#8211; magdalena FERREIRO","datePublished":"2015-08-22T13:29:30+00:00","dateModified":"2019-10-07T16:04:29+00:00","mainEntityOfPage":{"@id":"https:\/\/cooltivarte.com\/portal\/ronda-de-poetas-jueves-3-21-a-24-hs-magui-fernandez-silvia-martinez-coronel-gustavo-gomez-rial-magdalena-ferreiro\/"},"wordCount":743,"publisher":{"@id":"https:\/\/cooltivarte.com\/portal\/#organization"},"image":{"@id":"https:\/\/cooltivarte.com\/portal\/ronda-de-poetas-jueves-3-21-a-24-hs-magui-fernandez-silvia-martinez-coronel-gustavo-gomez-rial-magdalena-ferreiro\/#primaryimage"},"thumbnailUrl":"https:\/\/cooltivarte.com\/portal\/wp-content\/uploads\/2015\/09\/rdp3set.jpg","keywords":["Literatura","Poes\u00eda","Ronda de Poetas","Uruguay"],"articleSection":["Eventos"],"inLanguage":"es-AR"},{"@type":"WebPage","@id":"https:\/\/cooltivarte.com\/portal\/ronda-de-poetas-jueves-3-21-a-24-hs-magui-fernandez-silvia-martinez-coronel-gustavo-gomez-rial-magdalena-ferreiro\/","url":"https:\/\/cooltivarte.com\/portal\/ronda-de-poetas-jueves-3-21-a-24-hs-magui-fernandez-silvia-martinez-coronel-gustavo-gomez-rial-magdalena-ferreiro\/","name":"RONDA DE POETAS \/ jueves 3 \/ 21 a 24 hs. \/ magui FERN\u00c1NDEZ - silvia MARTINEZ CORONEL - gustavo G\u00d3MEZ RIAL - magdalena FERREIRO - Cooltivarte Portal","isPartOf":{"@id":"https:\/\/cooltivarte.com\/portal\/#website"},"primaryImageOfPage":{"@id":"https:\/\/cooltivarte.com\/portal\/ronda-de-poetas-jueves-3-21-a-24-hs-magui-fernandez-silvia-martinez-coronel-gustavo-gomez-rial-magdalena-ferreiro\/#primaryimage"},"image":{"@id":"https:\/\/cooltivarte.com\/portal\/ronda-de-poetas-jueves-3-21-a-24-hs-magui-fernandez-silvia-martinez-coronel-gustavo-gomez-rial-magdalena-ferreiro\/#primaryimage"},"thumbnailUrl":"https:\/\/cooltivarte.com\/portal\/wp-content\/uploads\/2015\/09\/rdp3set.jpg","datePublished":"2015-08-22T13:29:30+00:00","dateModified":"2019-10-07T16:04:29+00:00","description":"COOLTIVARTE.COM es un portal digital colaborativo de actualizaci\u00f3n permanente dedicado a difundir el acontecer art\u00edstico y cultural, entrevista artistas, gestores y productores de las diferentes disciplinas del arte, y publicando art\u00edculos de reflexi\u00f3n de producci\u00f3n propia sobre los elementos culturales.","breadcrumb":{"@id":"https:\/\/cooltivarte.com\/portal\/ronda-de-poetas-jueves-3-21-a-24-hs-magui-fernandez-silvia-martinez-coronel-gustavo-gomez-rial-magdalena-ferreiro\/#breadcrumb"},"inLanguage":"es-AR","potentialAction":[{"@type":"ReadAction","target":["https:\/\/cooltivarte.com\/portal\/ronda-de-poetas-jueves-3-21-a-24-hs-magui-fernandez-silvia-martinez-coronel-gustavo-gomez-rial-magdalena-ferreiro\/"]}]},{"@type":"ImageObject","inLanguage":"es-AR","@id":"https:\/\/cooltivarte.com\/portal\/ronda-de-poetas-jueves-3-21-a-24-hs-magui-fernandez-silvia-martinez-coronel-gustavo-gomez-rial-magdalena-ferreiro\/#primaryimage","url":"https:\/\/cooltivarte.com\/portal\/wp-content\/uploads\/2015\/09\/rdp3set.jpg","contentUrl":"https:\/\/cooltivarte.com\/portal\/wp-content\/uploads\/2015\/09\/rdp3set.jpg","width":2048,"height":1447,"caption":"cooltivarte - ronda de poetas"},{"@type":"BreadcrumbList","@id":"https:\/\/cooltivarte.com\/portal\/ronda-de-poetas-jueves-3-21-a-24-hs-magui-fernandez-silvia-martinez-coronel-gustavo-gomez-rial-magdalena-ferreiro\/#breadcrumb","itemListElement":[{"@type":"ListItem","position":1,"name":"Portada","item":"https:\/\/cooltivarte.com\/portal\/"},{"@type":"ListItem","position":2,"name":"RONDA DE POETAS \/ jueves 3 \/ 21 a 24 hs. \/ magui FERN\u00c1NDEZ &#8211; silvia MARTINEZ CORONEL &#8211; gustavo G\u00d3MEZ RIAL &#8211; magdalena FERREIRO"}]},{"@type":"WebSite","@id":"https:\/\/cooltivarte.com\/portal\/#website","url":"https:\/\/cooltivarte.com\/portal\/","name":"Cooltivarte Portal","description":"Arte, cultura y turismo para el mundo ...","publisher":{"@id":"https:\/\/cooltivarte.com\/portal\/#organization"},"potentialAction":[{"@type":"SearchAction","target":{"@type":"EntryPoint","urlTemplate":"https:\/\/cooltivarte.com\/portal\/?s={search_term_string}"},"query-input":{"@type":"PropertyValueSpecification","valueRequired":true,"valueName":"search_term_string"}}],"inLanguage":"es-AR"},{"@type":"Organization","@id":"https:\/\/cooltivarte.com\/portal\/#organization","name":"cooltivarte","url":"https:\/\/cooltivarte.com\/portal\/","logo":{"@type":"ImageObject","inLanguage":"es-AR","@id":"https:\/\/cooltivarte.com\/portal\/#\/schema\/logo\/image\/","url":"https:\/\/cooltivarte.com\/portal\/wp-content\/uploads\/2020\/04\/logo-cooltivarte-v2.png","contentUrl":"https:\/\/cooltivarte.com\/portal\/wp-content\/uploads\/2020\/04\/logo-cooltivarte-v2.png","width":851,"height":243,"caption":"cooltivarte"},"image":{"@id":"https:\/\/cooltivarte.com\/portal\/#\/schema\/logo\/image\/"},"sameAs":["https:\/\/www.facebook.com\/cooltivartecom\/","https:\/\/x.com\/obolocultural","https:\/\/www.instagram.com\/_cooltivarte_\/","https:\/\/www.linkedin.com\/company\/-bolocultural?reportsuccess=8zaNG1HwhPbAR9iQhZ5rfGeqz_vQFftHun0ZWU0Wy9vNemRJ8vtcKdJvzQfW8XagyOJSKg0XvfJ1dp","https:\/\/www.pinterest.com\/cooltivarte\/","https:\/\/cooltivarte.tumblr.com\/","https:\/\/www.tiktok.com\/@cooltivarte","https:\/\/www.youtube.com\/@PrensaCooltivarte"]},{"@type":"Person","@id":"https:\/\/cooltivarte.com\/portal\/#\/schema\/person\/ec2a4f4e71b740d0c559c0ab9a157e19","name":"Cooltivarte","image":{"@type":"ImageObject","inLanguage":"es-AR","@id":"https:\/\/cooltivarte.com\/portal\/wp-content\/uploads\/2014\/05\/logo-cooltivarte-120x120.jpg","url":"https:\/\/cooltivarte.com\/portal\/wp-content\/uploads\/2014\/05\/logo-cooltivarte-120x120.jpg","contentUrl":"https:\/\/cooltivarte.com\/portal\/wp-content\/uploads\/2014\/05\/logo-cooltivarte-120x120.jpg","caption":"Cooltivarte"},"description":"Somos COOLTIVARTE.COM. Un portal digital dedicado a difundir el acontecer art\u00edstico y cultural del Uruguay. Estamos en la vuelta desde el a\u00f1o 2003, y como evoluci\u00f3n del bolet\u00edn Obolo Cultural, nos encontramos abocados a apoyar a los artistas nacionales brind\u00e1ndoles un espacio de difusi\u00f3n. Creemos en la idea de utilizar la potencialidad que hoy d\u00eda nos otorga la web, para que la cultura uruguaya y sus creadores dispongan de una din\u00e1mica ventana, que los ponga en contacto entre s\u00ed y con el mundo. Somos COOLTIVARTE.COM y pretendemos configurarnos como un portal din\u00e1mico, entretenido y atento a los nuevos emprendimientos, que busque siempre la interacci\u00f3n con los artistas.","sameAs":["http:\/\/www.cooltivarte.com","https:\/\/www.facebook.com\/cooltivartecom","https:\/\/www.instagram.com\/_cooltivarte_\/","https:\/\/www.linkedin.com\/company\/-bolocultural","https:\/\/www.pinterest.com\/cooltivarte\/","https:\/\/x.com\/https:\/\/x.com\/obolocultural","https:\/\/www.youtube.com\/@PrensaCooltivarte","https:\/\/www.tumblr.com\/blog\/cooltivarte"],"url":"https:\/\/cooltivarte.com\/portal\/author\/cooltivarte\/"}]}},"_links":{"self":[{"href":"https:\/\/cooltivarte.com\/portal\/wp-json\/wp\/v2\/posts\/14670","targetHints":{"allow":["GET"]}}],"collection":[{"href":"https:\/\/cooltivarte.com\/portal\/wp-json\/wp\/v2\/posts"}],"about":[{"href":"https:\/\/cooltivarte.com\/portal\/wp-json\/wp\/v2\/types\/post"}],"author":[{"embeddable":true,"href":"https:\/\/cooltivarte.com\/portal\/wp-json\/wp\/v2\/users\/8"}],"replies":[{"embeddable":true,"href":"https:\/\/cooltivarte.com\/portal\/wp-json\/wp\/v2\/comments?post=14670"}],"version-history":[{"count":6,"href":"https:\/\/cooltivarte.com\/portal\/wp-json\/wp\/v2\/posts\/14670\/revisions"}],"predecessor-version":[{"id":53971,"href":"https:\/\/cooltivarte.com\/portal\/wp-json\/wp\/v2\/posts\/14670\/revisions\/53971"}],"wp:featuredmedia":[{"embeddable":true,"href":"https:\/\/cooltivarte.com\/portal\/wp-json\/wp\/v2\/media\/14671"}],"wp:attachment":[{"href":"https:\/\/cooltivarte.com\/portal\/wp-json\/wp\/v2\/media?parent=14670"}],"wp:term":[{"taxonomy":"category","embeddable":true,"href":"https:\/\/cooltivarte.com\/portal\/wp-json\/wp\/v2\/categories?post=14670"},{"taxonomy":"post_tag","embeddable":true,"href":"https:\/\/cooltivarte.com\/portal\/wp-json\/wp\/v2\/tags?post=14670"}],"curies":[{"name":"wp","href":"https:\/\/api.w.org\/{rel}","templated":true}]}}