{"id":133345,"date":"2026-09-01T19:10:06","date_gmt":"2026-09-01T22:10:06","guid":{"rendered":"https:\/\/cooltivarte.com\/portal\/?p=133345"},"modified":"2026-09-01T19:10:06","modified_gmt":"2026-09-01T22:10:06","slug":"presentacion-libro-el-desterrado-del-escritor-hugo-burel","status":"publish","type":"post","link":"https:\/\/cooltivarte.com\/portal\/presentacion-libro-el-desterrado-del-escritor-hugo-burel\/","title":{"rendered":"PRESENTACI\u00d3N LIBRO EL DESTERRADO DEL ESCRITOR HUGO BUREL"},"content":{"rendered":"<p><img fetchpriority=\"high\" decoding=\"async\" class=\"aligncenter wp-image-133346 size-full\" title=\"LIBRO SOBRE TORRES GARC\u00cdA EN NUEVA YORK\" src=\"https:\/\/cooltivarte.com\/portal\/wp-content\/uploads\/2026\/09\/LIBRO-SOBRE-TORRES-GARCIA-EN-NUEVA-YORK.jpg\" alt=\"LIBRO SOBRE TORRES GARC\u00cdA EN NUEVA YORK\" width=\"576\" height=\"720\" srcset=\"https:\/\/cooltivarte.com\/portal\/wp-content\/uploads\/2026\/09\/LIBRO-SOBRE-TORRES-GARCIA-EN-NUEVA-YORK.jpg 576w, https:\/\/cooltivarte.com\/portal\/wp-content\/uploads\/2026\/09\/LIBRO-SOBRE-TORRES-GARCIA-EN-NUEVA-YORK-240x300.jpg 240w\" sizes=\"(max-width: 576px) 100vw, 576px\" \/><\/p>\n<p>&nbsp;<\/p>\n<p><a href=\"https:\/\/cooltivarte.com\/portal\/?s=Joaqu%C3%ADn+Torres+Garc%C3%ADa\" target=\"_blank\" rel=\"noopener\"><strong>Joaqu\u00edn Torres Garc\u00eda<\/strong><\/a> vivi\u00f3 en varias ciudades pero Nueva York dej\u00f3 en su vida y obra una profunda huella. En la novela<strong> El Desterrado<\/strong>, el escritor <a href=\"https:\/\/cooltivarte.com\/portal\/?s=Hugo+Burel\" target=\"_blank\" rel=\"noopener\"><strong>Hugo Burel<\/strong><\/a> narra esos dos a\u00f1os de ideas y sentimientos encontrados en torno a la ciudad como espect\u00e1culo visual y una sociedad mecanizada, alejada de sus principios.<\/p>\n<p>La presentaci\u00f3n se realizar\u00e1 el mi\u00e9rcoles 2 de setiembre, a las 18:30 horas en el <strong>Museo Torres Garc\u00eda<\/strong>. Participan <strong>Juli\u00e1n Ubir\u00eda<\/strong>, director editorial de Penguin Random House Uruguay, <strong>Alejandro D\u00edaz<\/strong>, director del <strong>Museo Torres Garc\u00eda<\/strong>, y el autor.<\/p>\n<p>Cierre con espect\u00e1culo musical.<\/p>\n<p>&nbsp;<\/p>\n<p><strong>PRESENTACI\u00d3N LIBRO EL DESTERRADO<\/strong><br \/>\n<strong>DEL ESCRITOR HUGO BUREL<\/strong><br \/>\n<strong>MI\u00c9RCOLES 2 DE SETIEMBRE 2026<\/strong><br \/>\n<strong>18:30 HORAS<\/strong><\/p>\n<p><strong>MUSEO TORRES GARC\u00cdA<\/strong> &#8211; Sarand\u00ed 683<\/p>\n<p>&nbsp;<\/p>\n<p>&nbsp;<\/p>\n","protected":false},"excerpt":{"rendered":"<p>Joaqu\u00edn Torres Garc\u00eda vivi\u00f3 en varias ciudades pero Nueva York dej\u00f3 en su vida y obra una profunda huella. En la novela El Desterrado, el escritor Hugo Burel narra esos dos a\u00f1os de ideas y sentimientos encontrados en torno a la ciudad como espect\u00e1culo visual y una sociedad mecanizada, alejada de sus principios.<\/p>\n<p>La presentaci\u00f3n se realizar\u00e1 el mi\u00e9rcoles 2 de setiembre, a las 18:30 horas en el Museo Torres Garc\u00eda. Participan Juli\u00e1n Ubir\u00eda, director editorial de Penguin Random House Uruguay, Alejandro D\u00edaz, director del Museo Torres Garc\u00eda, y el autor.<\/p>\n<p>Cierre con espect\u00e1culo musical.<\/p>\n<p>PRESENTACI\u00d3N LIBRO EL DESTERRADO<br \/>\nDEL ESCRITOR HUGO BUREL<br \/>\nMI\u00c9RCOLES 2 DE SETIEMBRE 2026<br \/>\n18:30 HORAS<\/p>\n<p>MUSEO TORRES GARC\u00cdA &#8211; Sarand\u00ed 683<\/p>\n","protected":false},"author":8,"featured_media":133346,"comment_status":"closed","ping_status":"closed","sticky":false,"template":"","format":"standard","meta":{"om_disable_all_campaigns":false,"ngg_post_thumbnail":0,"jnews-multi-image_gallery":[],"jnews_single_post":{"format":"standard","override":[{"template":"4","parallax":"1","layout":"right-sidebar","sidebar":"default-sidebar","second_sidebar":"default-sidebar","sticky_sidebar":"1","share_position":"bottom","share_float_style":"share-monocrhome","show_share_counter":"1","show_view_counter":"1","show_featured":"1","show_post_meta":"1","show_post_author":"1","show_post_author_image":"1","show_post_date":"1","post_date_format":"default","post_date_format_custom":"Y\/m\/d","show_post_category":"1","post_reading_time_wpm":"300","post_calculate_word_method":"str_word_count","zoom_button_out_step":"2","zoom_button_in_step":"3","show_post_tag":"1","show_prev_next_post":"1","show_popup_post":"1","show_comment_section":"1","number_popup_post":"1","show_author_box":"1","show_post_related":"0","show_inline_post_related":"0"}],"image_override":[{"single_post_thumbnail_size":"no-crop","single_post_gallery_size":"crop-500"}],"trending_post_position":"meta","trending_post_label":"Trending","sponsored_post_label":"Sponsored by","disable_ad":"0","subtitle":"MI\u00c9RCOLES 2 DE SETIEMBRE 2026 - 18:30 HORAS"},"jnews_primary_category":[],"jnews_social_meta":[],"jnews_override_counter":{"view_counter_number":"0","share_counter_number":"0","like_counter_number":"0","dislike_counter_number":"0"},"footnotes":"","_members_access_role":[],"_members_access_error":""},"categories":[13675],"tags":[27348,942,5259],"class_list":["post-133345","post","type-post","status-publish","format-standard","has-post-thumbnail","hentry","category-novedades","tag-el-desterrado","tag-joaquin-torres-garcia","tag-museo-torres-garcia"],"yoast_head":"<!-- This site is optimized with the Yoast SEO plugin v28.3 - https:\/\/yoast.com\/product\/yoast-seo-wordpress\/ -->\n<title>PRESENTACI\u00d3N LIBRO EL DESTERRADO DEL ESCRITOR HUGO BUREL - Cooltivarte Portal<\/title>\n<meta name=\"description\" content=\"La presentaci\u00f3n se realizar\u00e1 el mi\u00e9rcoles 2 de setiembre, a las 18:30 horas en el Museo Torres Garc\u00eda. Participan Juli\u00e1n Ubir\u00eda, director editorial de Penguin Random House Uruguay, Alejandro D\u00edaz, director del Museo Torres Garc\u00eda, y el autor.\" \/>\n<meta name=\"robots\" content=\"index, follow, max-snippet:-1, max-image-preview:large, max-video-preview:-1\" \/>\n<link rel=\"canonical\" href=\"https:\/\/cooltivarte.com\/portal\/presentacion-libro-el-desterrado-del-escritor-hugo-burel\/\" \/>\n<meta property=\"og:locale\" content=\"es_ES\" \/>\n<meta property=\"og:type\" content=\"article\" \/>\n<meta property=\"og:title\" content=\"PRESENTACI\u00d3N LIBRO EL DESTERRADO DEL ESCRITOR HUGO BUREL - MI\u00c9RCOLES 2 DE SETIEMBRE 2026 - 18:30 HORAS\" \/>\n<meta property=\"og:description\" content=\"La presentaci\u00f3n se realizar\u00e1 el mi\u00e9rcoles 2 de setiembre, a las 18:30 horas en el Museo Torres Garc\u00eda. Participan Juli\u00e1n Ubir\u00eda, director editorial de Penguin Random House Uruguay, Alejandro D\u00edaz, director del Museo Torres Garc\u00eda, y el autor.\" \/>\n<meta property=\"og:url\" content=\"https:\/\/cooltivarte.com\/portal\/presentacion-libro-el-desterrado-del-escritor-hugo-burel\/\" \/>\n<meta property=\"og:site_name\" content=\"Cooltivarte Portal\" \/>\n<meta property=\"article:publisher\" content=\"https:\/\/www.facebook.com\/cooltivartecom\/\" \/>\n<meta property=\"article:author\" content=\"https:\/\/www.facebook.com\/cooltivartecom\" \/>\n<meta property=\"article:published_time\" content=\"2026-09-01T22:10:06+00:00\" \/>\n<meta property=\"og:image\" content=\"https:\/\/cooltivarte.com\/portal\/wp-content\/uploads\/2026\/09\/LIBRO-SOBRE-TORRES-GARCIA-EN-NUEVA-YORK.jpg\" \/>\n\t<meta property=\"og:image:width\" content=\"576\" \/>\n\t<meta property=\"og:image:height\" content=\"720\" \/>\n\t<meta property=\"og:image:type\" content=\"image\/jpeg\" \/>\n<meta name=\"author\" content=\"Cooltivarte\" \/>\n<meta name=\"twitter:card\" content=\"summary_large_image\" \/>\n<meta name=\"twitter:title\" content=\"PRESENTACI\u00d3N LIBRO EL DESTERRADO DEL ESCRITOR HUGO BUREL - MI\u00c9RCOLES 2 DE SETIEMBRE 2026 - 18:30 HORAS\" \/>\n<meta name=\"twitter:description\" content=\"La presentaci\u00f3n se realizar\u00e1 el mi\u00e9rcoles 2 de setiembre, a las 18:30 horas en el Museo Torres Garc\u00eda. Participan Juli\u00e1n Ubir\u00eda, director editorial de Penguin Random House Uruguay, Alejandro D\u00edaz, director del Museo Torres Garc\u00eda, y el autor.\" \/>\n<meta name=\"twitter:image\" content=\"https:\/\/cooltivarte.com\/portal\/wp-content\/uploads\/2026\/09\/LIBRO-SOBRE-TORRES-GARCIA-EN-NUEVA-YORK.jpg\" \/>\n<meta name=\"twitter:creator\" content=\"@https:\/\/x.com\/obolocultural\" \/>\n<meta name=\"twitter:site\" content=\"@obolocultural\" \/>\n<meta name=\"twitter:label1\" content=\"Escrito por\" \/>\n\t<meta name=\"twitter:data1\" content=\"Cooltivarte\" \/>\n\t<meta name=\"twitter:label2\" content=\"Tiempo de lectura\" \/>\n\t<meta name=\"twitter:data2\" content=\"1 minuto\" \/>\n<!-- \/ Yoast SEO plugin. -->","yoast_head_json":{"title":"PRESENTACI\u00d3N LIBRO EL DESTERRADO DEL ESCRITOR HUGO BUREL - Cooltivarte Portal","description":"La presentaci\u00f3n se realizar\u00e1 el mi\u00e9rcoles 2 de setiembre, a las 18:30 horas en el Museo Torres Garc\u00eda. Participan Juli\u00e1n Ubir\u00eda, director editorial de Penguin Random House Uruguay, Alejandro D\u00edaz, director del Museo Torres Garc\u00eda, y el autor.","robots":{"index":"index","follow":"follow","max-snippet":"max-snippet:-1","max-image-preview":"max-image-preview:large","max-video-preview":"max-video-preview:-1"},"canonical":"https:\/\/cooltivarte.com\/portal\/presentacion-libro-el-desterrado-del-escritor-hugo-burel\/","og_locale":"es_ES","og_type":"article","og_title":"PRESENTACI\u00d3N LIBRO EL DESTERRADO DEL ESCRITOR HUGO BUREL - MI\u00c9RCOLES 2 DE SETIEMBRE 2026 - 18:30 HORAS","og_description":"La presentaci\u00f3n se realizar\u00e1 el mi\u00e9rcoles 2 de setiembre, a las 18:30 horas en el Museo Torres Garc\u00eda. Participan Juli\u00e1n Ubir\u00eda, director editorial de Penguin Random House Uruguay, Alejandro D\u00edaz, director del Museo Torres Garc\u00eda, y el autor.","og_url":"https:\/\/cooltivarte.com\/portal\/presentacion-libro-el-desterrado-del-escritor-hugo-burel\/","og_site_name":"Cooltivarte Portal","article_publisher":"https:\/\/www.facebook.com\/cooltivartecom\/","article_author":"https:\/\/www.facebook.com\/cooltivartecom","article_published_time":"2026-09-01T22:10:06+00:00","og_image":[{"width":576,"height":720,"url":"https:\/\/cooltivarte.com\/portal\/wp-content\/uploads\/2026\/09\/LIBRO-SOBRE-TORRES-GARCIA-EN-NUEVA-YORK.jpg","type":"image\/jpeg"}],"author":"Cooltivarte","twitter_card":"summary_large_image","twitter_title":"PRESENTACI\u00d3N LIBRO EL DESTERRADO DEL ESCRITOR HUGO BUREL - MI\u00c9RCOLES 2 DE SETIEMBRE 2026 - 18:30 HORAS","twitter_description":"La presentaci\u00f3n se realizar\u00e1 el mi\u00e9rcoles 2 de setiembre, a las 18:30 horas en el Museo Torres Garc\u00eda. Participan Juli\u00e1n Ubir\u00eda, director editorial de Penguin Random House Uruguay, Alejandro D\u00edaz, director del Museo Torres Garc\u00eda, y el autor.","twitter_image":"https:\/\/cooltivarte.com\/portal\/wp-content\/uploads\/2026\/09\/LIBRO-SOBRE-TORRES-GARCIA-EN-NUEVA-YORK.jpg","twitter_creator":"@https:\/\/x.com\/obolocultural","twitter_site":"@obolocultural","twitter_misc":{"Escrito por":"Cooltivarte","Tiempo de lectura":"1 minuto"},"schema":{"@context":"https:\/\/schema.org","@graph":[{"@type":"NewsArticle","@id":"https:\/\/cooltivarte.com\/portal\/presentacion-libro-el-desterrado-del-escritor-hugo-burel\/#article","isPartOf":{"@id":"https:\/\/cooltivarte.com\/portal\/presentacion-libro-el-desterrado-del-escritor-hugo-burel\/"},"author":{"name":"Cooltivarte","@id":"https:\/\/cooltivarte.com\/portal\/#\/schema\/person\/ec2a4f4e71b740d0c559c0ab9a157e19"},"headline":"PRESENTACI\u00d3N LIBRO EL DESTERRADO DEL ESCRITOR HUGO BUREL","datePublished":"2026-09-01T22:10:06+00:00","mainEntityOfPage":{"@id":"https:\/\/cooltivarte.com\/portal\/presentacion-libro-el-desterrado-del-escritor-hugo-burel\/"},"wordCount":138,"publisher":{"@id":"https:\/\/cooltivarte.com\/portal\/#organization"},"image":{"@id":"https:\/\/cooltivarte.com\/portal\/presentacion-libro-el-desterrado-del-escritor-hugo-burel\/#primaryimage"},"thumbnailUrl":"https:\/\/cooltivarte.com\/portal\/wp-content\/uploads\/2026\/09\/LIBRO-SOBRE-TORRES-GARCIA-EN-NUEVA-YORK.jpg","keywords":["El Desterrado","Joaqu\u00edn Torres Garc\u00eda","Museo Torres Garc\u00eda"],"articleSection":["Novedades"],"inLanguage":"es"},{"@type":"WebPage","@id":"https:\/\/cooltivarte.com\/portal\/presentacion-libro-el-desterrado-del-escritor-hugo-burel\/","url":"https:\/\/cooltivarte.com\/portal\/presentacion-libro-el-desterrado-del-escritor-hugo-burel\/","name":"PRESENTACI\u00d3N LIBRO EL DESTERRADO DEL ESCRITOR HUGO BUREL - Cooltivarte Portal","isPartOf":{"@id":"https:\/\/cooltivarte.com\/portal\/#website"},"primaryImageOfPage":{"@id":"https:\/\/cooltivarte.com\/portal\/presentacion-libro-el-desterrado-del-escritor-hugo-burel\/#primaryimage"},"image":{"@id":"https:\/\/cooltivarte.com\/portal\/presentacion-libro-el-desterrado-del-escritor-hugo-burel\/#primaryimage"},"thumbnailUrl":"https:\/\/cooltivarte.com\/portal\/wp-content\/uploads\/2026\/09\/LIBRO-SOBRE-TORRES-GARCIA-EN-NUEVA-YORK.jpg","datePublished":"2026-09-01T22:10:06+00:00","description":"La presentaci\u00f3n se realizar\u00e1 el mi\u00e9rcoles 2 de setiembre, a las 18:30 horas en el Museo Torres Garc\u00eda. Participan Juli\u00e1n Ubir\u00eda, director editorial de Penguin Random House Uruguay, Alejandro D\u00edaz, director del Museo Torres Garc\u00eda, y el autor.","breadcrumb":{"@id":"https:\/\/cooltivarte.com\/portal\/presentacion-libro-el-desterrado-del-escritor-hugo-burel\/#breadcrumb"},"inLanguage":"es","potentialAction":[{"@type":"ReadAction","target":["https:\/\/cooltivarte.com\/portal\/presentacion-libro-el-desterrado-del-escritor-hugo-burel\/"]}]},{"@type":"ImageObject","inLanguage":"es","@id":"https:\/\/cooltivarte.com\/portal\/presentacion-libro-el-desterrado-del-escritor-hugo-burel\/#primaryimage","url":"https:\/\/cooltivarte.com\/portal\/wp-content\/uploads\/2026\/09\/LIBRO-SOBRE-TORRES-GARCIA-EN-NUEVA-YORK.jpg","contentUrl":"https:\/\/cooltivarte.com\/portal\/wp-content\/uploads\/2026\/09\/LIBRO-SOBRE-TORRES-GARCIA-EN-NUEVA-YORK.jpg","width":576,"height":720,"caption":"LIBRO SOBRE TORRES GARC\u00cdA EN NUEVA YORK"},{"@type":"BreadcrumbList","@id":"https:\/\/cooltivarte.com\/portal\/presentacion-libro-el-desterrado-del-escritor-hugo-burel\/#breadcrumb","itemListElement":[{"@type":"ListItem","position":1,"name":"Portada","item":"https:\/\/cooltivarte.com\/portal\/"},{"@type":"ListItem","position":2,"name":"PRESENTACI\u00d3N LIBRO EL DESTERRADO DEL ESCRITOR HUGO BUREL"}]},{"@type":"WebSite","@id":"https:\/\/cooltivarte.com\/portal\/#website","url":"https:\/\/cooltivarte.com\/portal\/","name":"Cooltivarte Portal","description":"Arte, cultura y turismo para el mundo ...","publisher":{"@id":"https:\/\/cooltivarte.com\/portal\/#organization"},"potentialAction":[{"@type":"SearchAction","target":{"@type":"EntryPoint","urlTemplate":"https:\/\/cooltivarte.com\/portal\/?s={search_term_string}"},"query-input":{"@type":"PropertyValueSpecification","valueRequired":true,"valueName":"search_term_string"}}],"inLanguage":"es"},{"@type":"Organization","@id":"https:\/\/cooltivarte.com\/portal\/#organization","name":"cooltivarte","url":"https:\/\/cooltivarte.com\/portal\/","logo":{"@type":"ImageObject","inLanguage":"es","@id":"https:\/\/cooltivarte.com\/portal\/#\/schema\/logo\/image\/","url":"https:\/\/cooltivarte.com\/portal\/wp-content\/uploads\/2020\/04\/logo-cooltivarte-v2.png","contentUrl":"https:\/\/cooltivarte.com\/portal\/wp-content\/uploads\/2020\/04\/logo-cooltivarte-v2.png","width":851,"height":243,"caption":"cooltivarte"},"image":{"@id":"https:\/\/cooltivarte.com\/portal\/#\/schema\/logo\/image\/"},"sameAs":["https:\/\/www.facebook.com\/cooltivartecom\/","https:\/\/x.com\/obolocultural","https:\/\/www.instagram.com\/_cooltivarte_\/","https:\/\/www.linkedin.com\/company\/-bolocultural?reportsuccess=8zaNG1HwhPbAR9iQhZ5rfGeqz_vQFftHun0ZWU0Wy9vNemRJ8vtcKdJvzQfW8XagyOJSKg0XvfJ1dp","https:\/\/www.pinterest.com\/cooltivarte\/","https:\/\/cooltivarte.tumblr.com\/","https:\/\/www.tiktok.com\/@cooltivarte","https:\/\/www.youtube.com\/@PrensaCooltivarte"]},{"@type":"Person","@id":"https:\/\/cooltivarte.com\/portal\/#\/schema\/person\/ec2a4f4e71b740d0c559c0ab9a157e19","name":"Cooltivarte","image":{"@type":"ImageObject","inLanguage":"es","@id":"https:\/\/cooltivarte.com\/portal\/wp-content\/uploads\/2014\/05\/logo-cooltivarte-120x120.jpg","url":"https:\/\/cooltivarte.com\/portal\/wp-content\/uploads\/2014\/05\/logo-cooltivarte-120x120.jpg","contentUrl":"https:\/\/cooltivarte.com\/portal\/wp-content\/uploads\/2014\/05\/logo-cooltivarte-120x120.jpg","caption":"Cooltivarte"},"description":"Somos COOLTIVARTE.COM. Un portal digital dedicado a difundir el acontecer art\u00edstico y cultural del Uruguay. Estamos en la vuelta desde el a\u00f1o 2003, y como evoluci\u00f3n del bolet\u00edn Obolo Cultural, nos encontramos abocados a apoyar a los artistas nacionales brind\u00e1ndoles un espacio de difusi\u00f3n. Creemos en la idea de utilizar la potencialidad que hoy d\u00eda nos otorga la web, para que la cultura uruguaya y sus creadores dispongan de una din\u00e1mica ventana, que los ponga en contacto entre s\u00ed y con el mundo. Somos COOLTIVARTE.COM y pretendemos configurarnos como un portal din\u00e1mico, entretenido y atento a los nuevos emprendimientos, que busque siempre la interacci\u00f3n con los artistas.","sameAs":["http:\/\/www.cooltivarte.com","https:\/\/www.facebook.com\/cooltivartecom","https:\/\/www.instagram.com\/_cooltivarte_\/","https:\/\/www.linkedin.com\/company\/-bolocultural","https:\/\/www.pinterest.com\/cooltivarte\/","https:\/\/x.com\/https:\/\/x.com\/obolocultural","https:\/\/www.youtube.com\/@PrensaCooltivarte","https:\/\/www.tumblr.com\/blog\/cooltivarte"],"url":"https:\/\/cooltivarte.com\/portal\/author\/cooltivarte\/"}]}},"_links":{"self":[{"href":"https:\/\/cooltivarte.com\/portal\/wp-json\/wp\/v2\/posts\/133345","targetHints":{"allow":["GET"]}}],"collection":[{"href":"https:\/\/cooltivarte.com\/portal\/wp-json\/wp\/v2\/posts"}],"about":[{"href":"https:\/\/cooltivarte.com\/portal\/wp-json\/wp\/v2\/types\/post"}],"author":[{"embeddable":true,"href":"https:\/\/cooltivarte.com\/portal\/wp-json\/wp\/v2\/users\/8"}],"replies":[{"embeddable":true,"href":"https:\/\/cooltivarte.com\/portal\/wp-json\/wp\/v2\/comments?post=133345"}],"version-history":[{"count":1,"href":"https:\/\/cooltivarte.com\/portal\/wp-json\/wp\/v2\/posts\/133345\/revisions"}],"predecessor-version":[{"id":133347,"href":"https:\/\/cooltivarte.com\/portal\/wp-json\/wp\/v2\/posts\/133345\/revisions\/133347"}],"wp:featuredmedia":[{"embeddable":true,"href":"https:\/\/cooltivarte.com\/portal\/wp-json\/wp\/v2\/media\/133346"}],"wp:attachment":[{"href":"https:\/\/cooltivarte.com\/portal\/wp-json\/wp\/v2\/media?parent=133345"}],"wp:term":[{"taxonomy":"category","embeddable":true,"href":"https:\/\/cooltivarte.com\/portal\/wp-json\/wp\/v2\/categories?post=133345"},{"taxonomy":"post_tag","embeddable":true,"href":"https:\/\/cooltivarte.com\/portal\/wp-json\/wp\/v2\/tags?post=133345"}],"curies":[{"name":"wp","href":"https:\/\/api.w.org\/{rel}","templated":true}]}}