{"id":133340,"date":"2026-09-01T18:53:56","date_gmt":"2026-09-01T21:53:56","guid":{"rendered":"https:\/\/cooltivarte.com\/portal\/?p=133340"},"modified":"2026-09-01T18:59:50","modified_gmt":"2026-09-01T21:59:50","slug":"retratos-del-pintor-uruguayo-carmelo-de-arzadun","status":"publish","type":"post","link":"https:\/\/cooltivarte.com\/portal\/retratos-del-pintor-uruguayo-carmelo-de-arzadun\/","title":{"rendered":"Retratos del pintor uruguayo Carmelo de Arzadun"},"content":{"rendered":"<p><img fetchpriority=\"high\" decoding=\"async\" class=\"aligncenter wp-image-133341 size-full\" title=\"Carmelo de Arzadun\" src=\"https:\/\/cooltivarte.com\/portal\/wp-content\/uploads\/2026\/09\/Carmelo-de-Arzadun.jpg\" alt=\"Carmelo de Arzadun\" width=\"402\" height=\"497\" srcset=\"https:\/\/cooltivarte.com\/portal\/wp-content\/uploads\/2026\/09\/Carmelo-de-Arzadun.jpg 402w, https:\/\/cooltivarte.com\/portal\/wp-content\/uploads\/2026\/09\/Carmelo-de-Arzadun-243x300.jpg 243w\" sizes=\"(max-width: 402px) 100vw, 402px\" \/><\/p>\n<p>&nbsp;<\/p>\n<p>Es un placer presentar una nueva muestra en <strong>Espacio Cultural Edificio Artigas<\/strong>, Retratos del pintor uruguayo <strong>Carmelo de Arzadun<\/strong>.<\/p>\n<p>La muestra que hoy presentamos re\u00fane un conjunto de obras de <a href=\"https:\/\/cooltivarte.com\/portal\/?s=Carmelo+de+Arzadun\" target=\"_blank\" rel=\"noopener\"><strong>Carmelo de Arzadun<\/strong><\/a>, realizadas a lo largo de una vida dedicada con perseverancia a la pintura. Dentro de esta trayectoria amplia y diversa se inscribe este conjunto de retratos. Los retratos, en su mayor\u00eda vinculados al \u00e1mbito familiar, permiten acercarnos a una dimensi\u00f3n m\u00e1s \u00edntima de su producci\u00f3n y al mismo tiempo ofrecen la posibilidad de observar una de las transformaciones m\u00e1s significativas de su lenguaje pict\u00f3rico: la evoluci\u00f3n de su paleta.<\/p>\n<p>Esta exposici\u00f3n propone, as\u00ed, un encuentro con la obra de un artista cuya trayectoria estuvo marcada por la dedicaci\u00f3n completa a la pintura. Su contribuci\u00f3n al arte uruguayo fue amplia y diversa, adem\u00e1s de desarrollar una intensa labor como pintor y dibujante, <strong>Carmelo de Arzadun<\/strong> fue docente, ilustrador y director del <strong>Museo Juan Manuel Blanes<\/strong>, desempe\u00f1ando un papel relevante en la formaci\u00f3n, la difusi\u00f3n y la preservaci\u00f3n del patrimonio art\u00edstico nacional. Hizo de su oficio una pr\u00e1ctica cotidiana y generosa. Rescatar y acercar al p\u00fablico este conjunto de trabajos, permite acceder a una dimensi\u00f3n m\u00e1s profunda de su producci\u00f3n, revelando un legado que dialoga con su vasta trayectoria p\u00fablica y enriquece la compresi\u00f3n de su universo creativo.<\/p>\n<p>&#x23f0; lunes a viernes de 12 a 17hs<br \/>\n&#x1f4cd;Rinc\u00f3n 487, subsuelo<\/p>\n<p>Se puede visitar hasta el 02 de octubre de 2026<\/p>\n<p>&nbsp;<\/p>\n<p>&nbsp;<\/p>\n<blockquote class=\"instagram-media\" style=\"background: #FFF; border: 0; border-radius: 3px; box-shadow: 0 0 1px 0 rgba(0,0,0,0.5),0 1px 10px 0 rgba(0,0,0,0.15); margin: 1px; max-width: 540px; min-width: 326px; padding: 0; width: calc(100% - 2px);\" data-instgrm-captioned=\"\" data-instgrm-permalink=\"https:\/\/www.instagram.com\/p\/DcbjGG4CVNj\/?utm_source=ig_embed&amp;utm_campaign=loading\" data-instgrm-version=\"14\">\n<div style=\"padding: 16px;\">\n<p>&nbsp;<\/p>\n<div style=\"display: flex; flex-direction: row; align-items: center;\">\n<div style=\"background-color: #f4f4f4; border-radius: 50%; flex-grow: 0; height: 40px; margin-right: 14px; width: 40px;\">&nbsp;<\/div>\n<div style=\"display: flex; flex-direction: column; flex-grow: 1; justify-content: center;\">\n<div style=\"background-color: #f4f4f4; border-radius: 4px; flex-grow: 0; height: 14px; margin-bottom: 6px; width: 100px;\">&nbsp;<\/div>\n<div style=\"background-color: #f4f4f4; border-radius: 4px; flex-grow: 0; height: 14px; width: 60px;\">&nbsp;<\/div>\n<\/div>\n<\/div>\n<div style=\"padding: 19% 0;\">&nbsp;<\/div>\n<div style=\"display: block; height: 50px; margin: 0 auto 12px; width: 50px;\">&nbsp;<\/div>\n<div style=\"padding-top: 8px;\">\n<div style=\"color: #3897f0; font-family: Arial,sans-serif; font-size: 14px; font-style: normal; font-weight: 550; line-height: 18px;\">Ver esta publicaci\u00f3n en Instagram<\/div>\n<\/div>\n<div style=\"padding: 12.5% 0;\">&nbsp;<\/div>\n<div style=\"display: flex; flex-direction: row; margin-bottom: 14px; align-items: center;\">\n<div>\n<div style=\"background-color: #f4f4f4; border-radius: 50%; height: 12.5px; width: 12.5px; transform: translateX(0px) translateY(7px);\">&nbsp;<\/div>\n<div style=\"background-color: #f4f4f4; height: 12.5px; transform: rotate(-45deg) translateX(3px) translateY(1px); width: 12.5px; flex-grow: 0; margin-right: 14px; margin-left: 2px;\">&nbsp;<\/div>\n<div style=\"background-color: #f4f4f4; border-radius: 50%; height: 12.5px; width: 12.5px; transform: translateX(9px) translateY(-18px);\">&nbsp;<\/div>\n<\/div>\n<div style=\"margin-left: 8px;\">\n<div style=\"background-color: #f4f4f4; border-radius: 50%; flex-grow: 0; height: 20px; width: 20px;\">&nbsp;<\/div>\n<div style=\"width: 0; height: 0; border-top: 2px solid transparent; border-left: 6px solid #f4f4f4; border-bottom: 2px solid transparent; transform: translateX(16px) translateY(-4px) rotate(30deg);\">&nbsp;<\/div>\n<\/div>\n<div style=\"margin-left: auto;\">\n<div style=\"width: 0px; border-top: 8px solid #F4F4F4; border-right: 8px solid transparent; transform: translateY(16px);\">&nbsp;<\/div>\n<div style=\"background-color: #f4f4f4; flex-grow: 0; height: 12px; width: 16px; transform: translateY(-4px);\">&nbsp;<\/div>\n<div style=\"width: 0; height: 0; border-top: 8px solid #F4F4F4; border-left: 8px solid transparent; transform: translateY(-4px) translateX(8px);\">&nbsp;<\/div>\n<\/div>\n<\/div>\n<div style=\"display: flex; flex-direction: column; flex-grow: 1; justify-content: center; margin-bottom: 24px;\">\n<div style=\"background-color: #f4f4f4; border-radius: 4px; flex-grow: 0; height: 14px; margin-bottom: 6px; width: 224px;\">&nbsp;<\/div>\n<div style=\"background-color: #f4f4f4; border-radius: 4px; flex-grow: 0; height: 14px; width: 144px;\">&nbsp;<\/div>\n<\/div>\n<p>&nbsp;<\/p>\n<p style=\"color: #c9c8cd; font-family: Arial,sans-serif; font-size: 14px; line-height: 17px; margin-bottom: 0; margin-top: 8px; overflow: hidden; padding: 8px 0 7px; text-align: center; text-overflow: ellipsis; white-space: nowrap;\"><a style=\"color: #c9c8cd; font-family: Arial,sans-serif; font-size: 14px; font-style: normal; font-weight: normal; line-height: 17px; text-decoration: none;\" href=\"https:\/\/www.instagram.com\/p\/DcbjGG4CVNj\/?utm_source=ig_embed&amp;utm_campaign=loading\" target=\"_blank\" rel=\"noopener\">Una publicaci\u00f3n compartida por Espacio Cultural Ed. Artigas (@ec.edificioartigas)<\/a><\/p>\n<\/div>\n<\/blockquote>\n<p><script async=\"\" src=\"\/\/www.instagram.com\/embed.js\"><\/script><br \/>\n&nbsp;<\/p>\n<p>&nbsp;<\/p>\n<p>&nbsp;<\/p>\n","protected":false},"excerpt":{"rendered":"<p>&nbsp; Es un placer presentar una nueva muestra en Espacio Cultural Edificio Artigas, Retratos del pintor uruguayo Carmelo de Arzadun. La muestra que hoy presentamos re\u00fane un conjunto de obras de Carmelo de Arzadun, realizadas a lo largo de una vida dedicada con perseverancia a la pintura. Dentro de esta trayectoria amplia y diversa se [&hellip;]<\/p>\n","protected":false},"author":8,"featured_media":133341,"comment_status":"closed","ping_status":"closed","sticky":false,"template":"","format":"standard","meta":{"om_disable_all_campaigns":false,"ngg_post_thumbnail":0,"jnews-multi-image_gallery":[],"jnews_single_post":{"format":"standard","override":[{"template":"4","parallax":"1","layout":"right-sidebar","sidebar":"default-sidebar","second_sidebar":"default-sidebar","sticky_sidebar":"1","share_position":"bottom","share_float_style":"share-monocrhome","show_share_counter":"1","show_view_counter":"1","show_featured":"1","show_post_meta":"1","show_post_author":"1","show_post_author_image":"1","show_post_date":"1","post_date_format":"default","post_date_format_custom":"Y\/m\/d","show_post_category":"1","post_reading_time_wpm":"300","post_calculate_word_method":"str_word_count","zoom_button_out_step":"2","zoom_button_in_step":"3","show_post_tag":"1","show_prev_next_post":"1","show_popup_post":"1","show_comment_section":"1","number_popup_post":"1","show_author_box":"1","show_post_related":"0","show_inline_post_related":"0"}],"image_override":[{"single_post_thumbnail_size":"no-crop","single_post_gallery_size":"crop-500"}],"trending_post_position":"meta","trending_post_label":"Trending","sponsored_post_label":"Sponsored by","disable_ad":"0","subtitle":"Espacio Cultural Edificio Artigas"},"jnews_primary_category":[],"jnews_social_meta":[],"jnews_override_counter":{"view_counter_number":"0","share_counter_number":"0","like_counter_number":"0","dislike_counter_number":"0"},"footnotes":"","_members_access_role":[],"_members_access_error":""},"categories":[52],"tags":[27347,20071],"class_list":["post-133340","post","type-post","status-publish","format-standard","has-post-thumbnail","hentry","category-artista","tag-carmelo-de-arzadun","tag-espacio-cultural-edificio-artigas"],"yoast_head":"<!-- This site is optimized with the Yoast SEO plugin v28.3 - https:\/\/yoast.com\/product\/yoast-seo-wordpress\/ -->\n<title>Retratos del pintor uruguayo Carmelo de Arzadun - Cooltivarte Portal<\/title>\n<meta name=\"description\" content=\"La muestra que hoy presentamos re\u00fane un conjunto de obras de Carmelo de Arzadun, realizadas a lo largo de una vida dedicada con perseverancia a la pintura. Dentro de esta trayectoria amplia y diversa se inscribe este conjunto de retratos.\" \/>\n<meta name=\"robots\" content=\"index, follow, max-snippet:-1, max-image-preview:large, max-video-preview:-1\" \/>\n<link rel=\"canonical\" href=\"https:\/\/cooltivarte.com\/portal\/retratos-del-pintor-uruguayo-carmelo-de-arzadun\/\" \/>\n<meta property=\"og:locale\" content=\"es_ES\" \/>\n<meta property=\"og:type\" content=\"article\" \/>\n<meta property=\"og:title\" content=\"muestra en Espacio Cultural Edificio Artigas, Retratos del pintor uruguayo Carmelo de Arzadun\" \/>\n<meta property=\"og:description\" content=\"La muestra que hoy presentamos re\u00fane un conjunto de obras de Carmelo de Arzadun, realizadas a lo largo de una vida dedicada con perseverancia a la pintura. Dentro de esta trayectoria amplia y diversa se inscribe este conjunto de retratos.\" \/>\n<meta property=\"og:url\" content=\"https:\/\/cooltivarte.com\/portal\/retratos-del-pintor-uruguayo-carmelo-de-arzadun\/\" \/>\n<meta property=\"og:site_name\" content=\"Cooltivarte Portal\" \/>\n<meta property=\"article:publisher\" content=\"https:\/\/www.facebook.com\/cooltivartecom\/\" \/>\n<meta property=\"article:author\" content=\"https:\/\/www.facebook.com\/cooltivartecom\" \/>\n<meta property=\"article:published_time\" content=\"2026-09-01T21:53:56+00:00\" \/>\n<meta property=\"article:modified_time\" content=\"2026-09-01T21:59:50+00:00\" \/>\n<meta property=\"og:image\" content=\"https:\/\/cooltivarte.com\/portal\/wp-content\/uploads\/2026\/09\/Carmelo-de-Arzadun.jpg\" \/>\n\t<meta property=\"og:image:width\" content=\"402\" \/>\n\t<meta property=\"og:image:height\" content=\"497\" \/>\n\t<meta property=\"og:image:type\" content=\"image\/jpeg\" \/>\n<meta name=\"author\" content=\"Cooltivarte\" \/>\n<meta name=\"twitter:card\" content=\"summary_large_image\" \/>\n<meta name=\"twitter:title\" content=\"muestra en Espacio Cultural Edificio Artigas, Retratos del pintor uruguayo Carmelo de Arzadun\" \/>\n<meta name=\"twitter:description\" content=\"La muestra que hoy presentamos re\u00fane un conjunto de obras de Carmelo de Arzadun, realizadas a lo largo de una vida dedicada con perseverancia a la pintura. Dentro de esta trayectoria amplia y diversa se inscribe este conjunto de retratos.\" \/>\n<meta name=\"twitter:image\" content=\"https:\/\/cooltivarte.com\/portal\/wp-content\/uploads\/2026\/09\/Carmelo-de-Arzadun.jpg\" \/>\n<meta name=\"twitter:creator\" content=\"@https:\/\/x.com\/obolocultural\" \/>\n<meta name=\"twitter:site\" content=\"@obolocultural\" \/>\n<meta name=\"twitter:label1\" content=\"Escrito por\" \/>\n\t<meta name=\"twitter:data1\" content=\"Cooltivarte\" \/>\n\t<meta name=\"twitter:label2\" content=\"Tiempo de lectura\" \/>\n\t<meta name=\"twitter:data2\" content=\"2 minutos\" \/>\n<!-- \/ Yoast SEO plugin. -->","yoast_head_json":{"title":"Retratos del pintor uruguayo Carmelo de Arzadun - Cooltivarte Portal","description":"La muestra que hoy presentamos re\u00fane un conjunto de obras de Carmelo de Arzadun, realizadas a lo largo de una vida dedicada con perseverancia a la pintura. Dentro de esta trayectoria amplia y diversa se inscribe este conjunto de retratos.","robots":{"index":"index","follow":"follow","max-snippet":"max-snippet:-1","max-image-preview":"max-image-preview:large","max-video-preview":"max-video-preview:-1"},"canonical":"https:\/\/cooltivarte.com\/portal\/retratos-del-pintor-uruguayo-carmelo-de-arzadun\/","og_locale":"es_ES","og_type":"article","og_title":"muestra en Espacio Cultural Edificio Artigas, Retratos del pintor uruguayo Carmelo de Arzadun","og_description":"La muestra que hoy presentamos re\u00fane un conjunto de obras de Carmelo de Arzadun, realizadas a lo largo de una vida dedicada con perseverancia a la pintura. Dentro de esta trayectoria amplia y diversa se inscribe este conjunto de retratos.","og_url":"https:\/\/cooltivarte.com\/portal\/retratos-del-pintor-uruguayo-carmelo-de-arzadun\/","og_site_name":"Cooltivarte Portal","article_publisher":"https:\/\/www.facebook.com\/cooltivartecom\/","article_author":"https:\/\/www.facebook.com\/cooltivartecom","article_published_time":"2026-09-01T21:53:56+00:00","article_modified_time":"2026-09-01T21:59:50+00:00","og_image":[{"width":402,"height":497,"url":"https:\/\/cooltivarte.com\/portal\/wp-content\/uploads\/2026\/09\/Carmelo-de-Arzadun.jpg","type":"image\/jpeg"}],"author":"Cooltivarte","twitter_card":"summary_large_image","twitter_title":"muestra en Espacio Cultural Edificio Artigas, Retratos del pintor uruguayo Carmelo de Arzadun","twitter_description":"La muestra que hoy presentamos re\u00fane un conjunto de obras de Carmelo de Arzadun, realizadas a lo largo de una vida dedicada con perseverancia a la pintura. Dentro de esta trayectoria amplia y diversa se inscribe este conjunto de retratos.","twitter_image":"https:\/\/cooltivarte.com\/portal\/wp-content\/uploads\/2026\/09\/Carmelo-de-Arzadun.jpg","twitter_creator":"@https:\/\/x.com\/obolocultural","twitter_site":"@obolocultural","twitter_misc":{"Escrito por":"Cooltivarte","Tiempo de lectura":"2 minutos"},"schema":{"@context":"https:\/\/schema.org","@graph":[{"@type":"NewsArticle","@id":"https:\/\/cooltivarte.com\/portal\/retratos-del-pintor-uruguayo-carmelo-de-arzadun\/#article","isPartOf":{"@id":"https:\/\/cooltivarte.com\/portal\/retratos-del-pintor-uruguayo-carmelo-de-arzadun\/"},"author":{"name":"Cooltivarte","@id":"https:\/\/cooltivarte.com\/portal\/#\/schema\/person\/ec2a4f4e71b740d0c559c0ab9a157e19"},"headline":"Retratos del pintor uruguayo Carmelo de Arzadun","datePublished":"2026-09-01T21:53:56+00:00","dateModified":"2026-09-01T21:59:50+00:00","mainEntityOfPage":{"@id":"https:\/\/cooltivarte.com\/portal\/retratos-del-pintor-uruguayo-carmelo-de-arzadun\/"},"wordCount":313,"publisher":{"@id":"https:\/\/cooltivarte.com\/portal\/#organization"},"image":{"@id":"https:\/\/cooltivarte.com\/portal\/retratos-del-pintor-uruguayo-carmelo-de-arzadun\/#primaryimage"},"thumbnailUrl":"https:\/\/cooltivarte.com\/portal\/wp-content\/uploads\/2026\/09\/Carmelo-de-Arzadun.jpg","keywords":["Carmelo de Arzadun","Espacio Cultural Edificio Artigas"],"articleSection":["Arte"],"inLanguage":"es"},{"@type":"WebPage","@id":"https:\/\/cooltivarte.com\/portal\/retratos-del-pintor-uruguayo-carmelo-de-arzadun\/","url":"https:\/\/cooltivarte.com\/portal\/retratos-del-pintor-uruguayo-carmelo-de-arzadun\/","name":"Retratos del pintor uruguayo Carmelo de Arzadun - Cooltivarte Portal","isPartOf":{"@id":"https:\/\/cooltivarte.com\/portal\/#website"},"primaryImageOfPage":{"@id":"https:\/\/cooltivarte.com\/portal\/retratos-del-pintor-uruguayo-carmelo-de-arzadun\/#primaryimage"},"image":{"@id":"https:\/\/cooltivarte.com\/portal\/retratos-del-pintor-uruguayo-carmelo-de-arzadun\/#primaryimage"},"thumbnailUrl":"https:\/\/cooltivarte.com\/portal\/wp-content\/uploads\/2026\/09\/Carmelo-de-Arzadun.jpg","datePublished":"2026-09-01T21:53:56+00:00","dateModified":"2026-09-01T21:59:50+00:00","description":"La muestra que hoy presentamos re\u00fane un conjunto de obras de Carmelo de Arzadun, realizadas a lo largo de una vida dedicada con perseverancia a la pintura. Dentro de esta trayectoria amplia y diversa se inscribe este conjunto de retratos.","breadcrumb":{"@id":"https:\/\/cooltivarte.com\/portal\/retratos-del-pintor-uruguayo-carmelo-de-arzadun\/#breadcrumb"},"inLanguage":"es","potentialAction":[{"@type":"ReadAction","target":["https:\/\/cooltivarte.com\/portal\/retratos-del-pintor-uruguayo-carmelo-de-arzadun\/"]}]},{"@type":"ImageObject","inLanguage":"es","@id":"https:\/\/cooltivarte.com\/portal\/retratos-del-pintor-uruguayo-carmelo-de-arzadun\/#primaryimage","url":"https:\/\/cooltivarte.com\/portal\/wp-content\/uploads\/2026\/09\/Carmelo-de-Arzadun.jpg","contentUrl":"https:\/\/cooltivarte.com\/portal\/wp-content\/uploads\/2026\/09\/Carmelo-de-Arzadun.jpg","width":402,"height":497,"caption":"Carmelo de Arzadun"},{"@type":"BreadcrumbList","@id":"https:\/\/cooltivarte.com\/portal\/retratos-del-pintor-uruguayo-carmelo-de-arzadun\/#breadcrumb","itemListElement":[{"@type":"ListItem","position":1,"name":"Portada","item":"https:\/\/cooltivarte.com\/portal\/"},{"@type":"ListItem","position":2,"name":"Retratos del pintor uruguayo Carmelo de Arzadun"}]},{"@type":"WebSite","@id":"https:\/\/cooltivarte.com\/portal\/#website","url":"https:\/\/cooltivarte.com\/portal\/","name":"Cooltivarte Portal","description":"Arte, cultura y turismo para el mundo ...","publisher":{"@id":"https:\/\/cooltivarte.com\/portal\/#organization"},"potentialAction":[{"@type":"SearchAction","target":{"@type":"EntryPoint","urlTemplate":"https:\/\/cooltivarte.com\/portal\/?s={search_term_string}"},"query-input":{"@type":"PropertyValueSpecification","valueRequired":true,"valueName":"search_term_string"}}],"inLanguage":"es"},{"@type":"Organization","@id":"https:\/\/cooltivarte.com\/portal\/#organization","name":"cooltivarte","url":"https:\/\/cooltivarte.com\/portal\/","logo":{"@type":"ImageObject","inLanguage":"es","@id":"https:\/\/cooltivarte.com\/portal\/#\/schema\/logo\/image\/","url":"https:\/\/cooltivarte.com\/portal\/wp-content\/uploads\/2020\/04\/logo-cooltivarte-v2.png","contentUrl":"https:\/\/cooltivarte.com\/portal\/wp-content\/uploads\/2020\/04\/logo-cooltivarte-v2.png","width":851,"height":243,"caption":"cooltivarte"},"image":{"@id":"https:\/\/cooltivarte.com\/portal\/#\/schema\/logo\/image\/"},"sameAs":["https:\/\/www.facebook.com\/cooltivartecom\/","https:\/\/x.com\/obolocultural","https:\/\/www.instagram.com\/_cooltivarte_\/","https:\/\/www.linkedin.com\/company\/-bolocultural?reportsuccess=8zaNG1HwhPbAR9iQhZ5rfGeqz_vQFftHun0ZWU0Wy9vNemRJ8vtcKdJvzQfW8XagyOJSKg0XvfJ1dp","https:\/\/www.pinterest.com\/cooltivarte\/","https:\/\/cooltivarte.tumblr.com\/","https:\/\/www.tiktok.com\/@cooltivarte","https:\/\/www.youtube.com\/@PrensaCooltivarte"]},{"@type":"Person","@id":"https:\/\/cooltivarte.com\/portal\/#\/schema\/person\/ec2a4f4e71b740d0c559c0ab9a157e19","name":"Cooltivarte","image":{"@type":"ImageObject","inLanguage":"es","@id":"https:\/\/cooltivarte.com\/portal\/wp-content\/uploads\/2014\/05\/logo-cooltivarte-120x120.jpg","url":"https:\/\/cooltivarte.com\/portal\/wp-content\/uploads\/2014\/05\/logo-cooltivarte-120x120.jpg","contentUrl":"https:\/\/cooltivarte.com\/portal\/wp-content\/uploads\/2014\/05\/logo-cooltivarte-120x120.jpg","caption":"Cooltivarte"},"description":"Somos COOLTIVARTE.COM. Un portal digital dedicado a difundir el acontecer art\u00edstico y cultural del Uruguay. Estamos en la vuelta desde el a\u00f1o 2003, y como evoluci\u00f3n del bolet\u00edn Obolo Cultural, nos encontramos abocados a apoyar a los artistas nacionales brind\u00e1ndoles un espacio de difusi\u00f3n. Creemos en la idea de utilizar la potencialidad que hoy d\u00eda nos otorga la web, para que la cultura uruguaya y sus creadores dispongan de una din\u00e1mica ventana, que los ponga en contacto entre s\u00ed y con el mundo. Somos COOLTIVARTE.COM y pretendemos configurarnos como un portal din\u00e1mico, entretenido y atento a los nuevos emprendimientos, que busque siempre la interacci\u00f3n con los artistas.","sameAs":["http:\/\/www.cooltivarte.com","https:\/\/www.facebook.com\/cooltivartecom","https:\/\/www.instagram.com\/_cooltivarte_\/","https:\/\/www.linkedin.com\/company\/-bolocultural","https:\/\/www.pinterest.com\/cooltivarte\/","https:\/\/x.com\/https:\/\/x.com\/obolocultural","https:\/\/www.youtube.com\/@PrensaCooltivarte","https:\/\/www.tumblr.com\/blog\/cooltivarte"],"url":"https:\/\/cooltivarte.com\/portal\/author\/cooltivarte\/"}]}},"_links":{"self":[{"href":"https:\/\/cooltivarte.com\/portal\/wp-json\/wp\/v2\/posts\/133340","targetHints":{"allow":["GET"]}}],"collection":[{"href":"https:\/\/cooltivarte.com\/portal\/wp-json\/wp\/v2\/posts"}],"about":[{"href":"https:\/\/cooltivarte.com\/portal\/wp-json\/wp\/v2\/types\/post"}],"author":[{"embeddable":true,"href":"https:\/\/cooltivarte.com\/portal\/wp-json\/wp\/v2\/users\/8"}],"replies":[{"embeddable":true,"href":"https:\/\/cooltivarte.com\/portal\/wp-json\/wp\/v2\/comments?post=133340"}],"version-history":[{"count":3,"href":"https:\/\/cooltivarte.com\/portal\/wp-json\/wp\/v2\/posts\/133340\/revisions"}],"predecessor-version":[{"id":133344,"href":"https:\/\/cooltivarte.com\/portal\/wp-json\/wp\/v2\/posts\/133340\/revisions\/133344"}],"wp:featuredmedia":[{"embeddable":true,"href":"https:\/\/cooltivarte.com\/portal\/wp-json\/wp\/v2\/media\/133341"}],"wp:attachment":[{"href":"https:\/\/cooltivarte.com\/portal\/wp-json\/wp\/v2\/media?parent=133340"}],"wp:term":[{"taxonomy":"category","embeddable":true,"href":"https:\/\/cooltivarte.com\/portal\/wp-json\/wp\/v2\/categories?post=133340"},{"taxonomy":"post_tag","embeddable":true,"href":"https:\/\/cooltivarte.com\/portal\/wp-json\/wp\/v2\/tags?post=133340"}],"curies":[{"name":"wp","href":"https:\/\/api.w.org\/{rel}","templated":true}]}}