{"id":133333,"date":"2026-09-01T18:05:20","date_gmt":"2026-09-01T21:05:20","guid":{"rendered":"https:\/\/cooltivarte.com\/portal\/?p=133333"},"modified":"2026-09-01T18:16:59","modified_gmt":"2026-09-01T21:16:59","slug":"marcelo-d2-el-samba-como-raiz-y-lo-urbano-como-pulso","status":"publish","type":"post","link":"https:\/\/cooltivarte.com\/portal\/marcelo-d2-el-samba-como-raiz-y-lo-urbano-como-pulso\/","title":{"rendered":"MARCELO D2: EL SAMBA COMO RA\u00cdZ Y LO URBANO COMO PULSO"},"content":{"rendered":"<figure id=\"attachment_133334\" aria-describedby=\"caption-attachment-133334\" style=\"width: 1024px\" class=\"wp-caption aligncenter\"><img fetchpriority=\"high\" decoding=\"async\" class=\"wp-image-133334 size-large\" title=\"Marcelo D2 - Sala del Museo - Agosto 2026 - Foto Martina Carrizo\" src=\"https:\/\/cooltivarte.com\/portal\/wp-content\/uploads\/2026\/09\/Marcelo-D2-Sala-del-Museo-Agosto-2026-Foto-Martina-Carrizo-1024x761.jpg\" alt=\"Marcelo D2 - Sala del Museo - Agosto 2026 - Foto Martina Carrizo\" width=\"1024\" height=\"761\" srcset=\"https:\/\/cooltivarte.com\/portal\/wp-content\/uploads\/2026\/09\/Marcelo-D2-Sala-del-Museo-Agosto-2026-Foto-Martina-Carrizo-1024x761.jpg 1024w, https:\/\/cooltivarte.com\/portal\/wp-content\/uploads\/2026\/09\/Marcelo-D2-Sala-del-Museo-Agosto-2026-Foto-Martina-Carrizo-300x223.jpg 300w, https:\/\/cooltivarte.com\/portal\/wp-content\/uploads\/2026\/09\/Marcelo-D2-Sala-del-Museo-Agosto-2026-Foto-Martina-Carrizo-768x571.jpg 768w, https:\/\/cooltivarte.com\/portal\/wp-content\/uploads\/2026\/09\/Marcelo-D2-Sala-del-Museo-Agosto-2026-Foto-Martina-Carrizo-1536x1142.jpg 1536w, https:\/\/cooltivarte.com\/portal\/wp-content\/uploads\/2026\/09\/Marcelo-D2-Sala-del-Museo-Agosto-2026-Foto-Martina-Carrizo.jpg 2048w\" sizes=\"(max-width: 1024px) 100vw, 1024px\" \/><figcaption id=\"caption-attachment-133334\" class=\"wp-caption-text\">Marcelo D2 &#8211; Sala del Museo &#8211; Agosto 2026 &#8211; Foto Martina Carrizo<\/figcaption><\/figure>\n<p>&nbsp;<\/p>\n<p><strong>MARCELO D2: EL SAMBA COMO RA\u00cdZ Y LO URBANO COMO PULSO<\/strong><\/p>\n<p><strong><i>Sala del Museo \u2014 Montevideo, 29 de agosto de 2026<\/i><\/strong><\/p>\n<p><span style=\"font-weight: 400;\"><a href=\"https:\/\/cooltivarte.com\/portal\/?s=Marcelo+D2\" target=\"_blank\" rel=\"noopener\"><strong>Marcelo D2<\/strong><\/a> volvi\u00f3 a Montevideo despu\u00e9s de varios a\u00f1os con un espect\u00e1culo que marc\u00f3 esa mezcla que atraviesa buena parte de su trayectoria: samba, rap y lenguaje urbano.&nbsp;<\/span><\/p>\n<p><span style=\"font-weight: 400;\">La percusi\u00f3n, los graves, las voces y los ensambles fueron construyendo una sonoridad en la que distintas capas que tejen una sonoridad gostosa.<\/span><\/p>\n<p><span style=\"font-weight: 400;\">El repertorio tuvo como referencia su etapa m\u00e1s reciente, vinculada al Novo Samba Tradicional, pero tambi\u00e9n recuper\u00f3 diferentes momentos de su recorrido art\u00edstico.&nbsp;<\/span><\/p>\n<p><span style=\"font-weight: 400;\">El propio D2 hab\u00eda adelantado que el espect\u00e1culo incluye canciones de Manual Pr\u00e1tico do Novo Samba Tradicional, de su carrera solista y de Planet Hemp.<\/span><\/p>\n<p><span style=\"font-weight: 400;\">M\u00e1s que separar se junta y acopla, generando un di\u00e1logo incre\u00edble. El samba apareci\u00f3 como ra\u00edz, mientras el rap, las bases, los graves aportaron la urbanidad que caracteriza su manera de hacer m\u00fasica.<\/span><\/p>\n<p><span style=\"font-weight: 400;\">La noche tambi\u00e9n cont\u00f3 con invitados, sumando nuevas presencias al escenario.&nbsp;<\/span><\/p>\n<p><span style=\"font-weight: 400;\">Y hubo una figura que atraves\u00f3 especialmente el concierto: <a href=\"https:\/\/cooltivarte.com\/portal\/?s=Ruben+Rada\" target=\"_blank\" rel=\"noopener\"><strong>Rub\u00e9n Rada<\/strong><\/a>.<\/span><\/p>\n<p><span style=\"font-weight: 400;\">A pocos d\u00edas de su partida, D2 le dedic\u00f3 una extensa reverencia a lo largo del espect\u00e1culo.<\/span><\/p>\n<p><span style=\"font-weight: 400;\">El homenaje adquiri\u00f3 una dimensi\u00f3n particular cargada de emoci\u00f3n y respeto, de amor por lo que hacen, de complicidad en su linaje musical.<\/span><\/p>\n<p><span style=\"font-weight: 400;\">As\u00ed, entre samba, rap, percusi\u00f3n y bases contempor\u00e1neas, <strong>Marcelo D2<\/strong> volvi\u00f3 a encontrarse con el p\u00fablico uruguayo.&nbsp;<\/span><\/p>\n<p><span style=\"font-weight: 400;\">Un regreso que permiti\u00f3 escuchar, en vivo, c\u00f3mo un artista puede seguir con sus ra\u00edces y seguir adelante con propuestas frescas y ancestrales.&nbsp;<\/span><\/p>\n<p><span style=\"font-weight: 400;\">\u201cEu sei<\/span><\/p>\n<p><span style=\"font-weight: 400;\">Que na vida tudo passa&nbsp;<\/span><\/p>\n<p><span style=\"font-weight: 400;\">O amor<\/span><\/p>\n<p><span style=\"font-weight: 400;\">Vem como nuvem de fuma\u00e7a\u201d<\/span><\/p>\n<p>&nbsp;<\/p>\n<p>&nbsp;<br \/>\n&nbsp;<\/p>\n<h3>&nbsp;<a href=\"https:\/\/www.facebook.com\/media\/set\/?set=a.1620514070112446&amp;type=3\" target=\"_blank\" rel=\"noopener\">Ir a la fotogaler\u00eda<\/a><\/h3>\n<p><iframe style=\"border: none; overflow: hidden;\" src=\"https:\/\/www.facebook.com\/plugins\/post.php?href=https%3A%2F%2Fwww.facebook.com%2Fmedia%2Fset%2F%3Fset%3Da.1620514070112446%26type%3D3&amp;width=100%\" width=\"100%\" height=\"669\" frameborder=\"0\" scrolling=\"no\"><\/iframe><\/p>\n<p><iframe title=\"Spotify Embed: Marcelo D2\" style=\"border-radius: 12px\" width=\"100%\" height=\"352\" frameborder=\"0\" allowfullscreen allow=\"autoplay; clipboard-write; encrypted-media; fullscreen; picture-in-picture\" loading=\"lazy\" src=\"https:\/\/open.spotify.com\/embed\/artist\/1vEN3d3dJbmdHQpXD6AIkL?si=_7e-2GBlS1KTcUAQpInNHw&amp;utm_source=oembed\"><\/iframe><\/p>\n<p>&nbsp;<\/p>\n<p>&nbsp;<\/p>\n<p>&nbsp;<\/p>\n<p>&nbsp;<\/p>\n<blockquote class=\"instagram-media\" style=\"background: #FFF; border: 0; border-radius: 3px; box-shadow: 0 0 1px 0 rgba(0,0,0,0.5),0 1px 10px 0 rgba(0,0,0,0.15); margin: 1px; max-width: 540px; min-width: 326px; padding: 0; width: calc(100% - 2px);\" data-instgrm-captioned=\"\" data-instgrm-permalink=\"https:\/\/www.instagram.com\/p\/DcwmzPUCW1N\/?utm_source=ig_embed&amp;utm_campaign=loading\" data-instgrm-version=\"14\">\n<div style=\"padding: 16px;\">\n<p>&nbsp;<\/p>\n<div style=\"display: flex; flex-direction: row; align-items: center;\">\n<div style=\"background-color: #f4f4f4; border-radius: 50%; flex-grow: 0; height: 40px; margin-right: 14px; width: 40px;\">&nbsp;<\/div>\n<div style=\"display: flex; flex-direction: column; flex-grow: 1; justify-content: center;\">\n<div style=\"background-color: #f4f4f4; border-radius: 4px; flex-grow: 0; height: 14px; margin-bottom: 6px; width: 100px;\">&nbsp;<\/div>\n<div style=\"background-color: #f4f4f4; border-radius: 4px; flex-grow: 0; height: 14px; width: 60px;\">&nbsp;<\/div>\n<\/div>\n<\/div>\n<div style=\"padding: 19% 0;\">&nbsp;<\/div>\n<div style=\"display: block; height: 50px; margin: 0 auto 12px; width: 50px;\">&nbsp;<\/div>\n<div style=\"padding-top: 8px;\">\n<div style=\"color: #3897f0; font-family: Arial,sans-serif; font-size: 14px; font-style: normal; font-weight: 550; line-height: 18px;\">Ver esta publicaci\u00f3n en Instagram<\/div>\n<\/div>\n<div style=\"padding: 12.5% 0;\">&nbsp;<\/div>\n<div style=\"display: flex; flex-direction: row; margin-bottom: 14px; align-items: center;\">\n<div>\n<div style=\"background-color: #f4f4f4; border-radius: 50%; height: 12.5px; width: 12.5px; transform: translateX(0px) translateY(7px);\">&nbsp;<\/div>\n<div style=\"background-color: #f4f4f4; height: 12.5px; transform: rotate(-45deg) translateX(3px) translateY(1px); width: 12.5px; flex-grow: 0; margin-right: 14px; margin-left: 2px;\">&nbsp;<\/div>\n<div style=\"background-color: #f4f4f4; border-radius: 50%; height: 12.5px; width: 12.5px; transform: translateX(9px) translateY(-18px);\">&nbsp;<\/div>\n<\/div>\n<div style=\"margin-left: 8px;\">\n<div style=\"background-color: #f4f4f4; border-radius: 50%; flex-grow: 0; height: 20px; width: 20px;\">&nbsp;<\/div>\n<div style=\"width: 0; height: 0; border-top: 2px solid transparent; border-left: 6px solid #f4f4f4; border-bottom: 2px solid transparent; transform: translateX(16px) translateY(-4px) rotate(30deg);\">&nbsp;<\/div>\n<\/div>\n<div style=\"margin-left: auto;\">\n<div style=\"width: 0px; border-top: 8px solid #F4F4F4; border-right: 8px solid transparent; transform: translateY(16px);\">&nbsp;<\/div>\n<div style=\"background-color: #f4f4f4; flex-grow: 0; height: 12px; width: 16px; transform: translateY(-4px);\">&nbsp;<\/div>\n<div style=\"width: 0; height: 0; border-top: 8px solid #F4F4F4; border-left: 8px solid transparent; transform: translateY(-4px) translateX(8px);\">&nbsp;<\/div>\n<\/div>\n<\/div>\n<div style=\"display: flex; flex-direction: column; flex-grow: 1; justify-content: center; margin-bottom: 24px;\">\n<div style=\"background-color: #f4f4f4; border-radius: 4px; flex-grow: 0; height: 14px; margin-bottom: 6px; width: 224px;\">&nbsp;<\/div>\n<div style=\"background-color: #f4f4f4; border-radius: 4px; flex-grow: 0; height: 14px; width: 144px;\">&nbsp;<\/div>\n<\/div>\n<p>&nbsp;<\/p>\n<p style=\"color: #c9c8cd; font-family: Arial,sans-serif; font-size: 14px; line-height: 17px; margin-bottom: 0; margin-top: 8px; overflow: hidden; padding: 8px 0 7px; text-align: center; text-overflow: ellipsis; white-space: nowrap;\"><a style=\"color: #c9c8cd; font-family: Arial,sans-serif; font-size: 14px; font-style: normal; font-weight: normal; line-height: 17px; text-decoration: none;\" href=\"https:\/\/www.instagram.com\/p\/DcwmzPUCW1N\/?utm_source=ig_embed&amp;utm_campaign=loading\" target=\"_blank\" rel=\"noopener\">Una publicaci\u00f3n compartida por cooltivarte.com (@_cooltivarte_)<\/a><\/p>\n<\/div>\n<\/blockquote>\n<p><script async=\"\" src=\"\/\/www.instagram.com\/embed.js\"><\/script><br \/>\n&nbsp;<\/p>\n<p>&nbsp;<\/p>\n<p>&nbsp;<\/p>\n","protected":false},"excerpt":{"rendered":"<p>MARCELO D2: EL SAMBA COMO RA\u00cdZ Y LO URBANO COMO PULSO<\/p>\n<p>Sala del Museo \u2014 Montevideo, 29 de agosto de 2026<\/p>\n<p>Marcelo D2 volvi\u00f3 a Montevideo despu\u00e9s de varios a\u00f1os con un espect\u00e1culo que marc\u00f3 esa mezcla que atraviesa buena parte de su trayectoria: samba, rap y lenguaje urbano.\u00a0<\/p>\n<p>La percusi\u00f3n, los graves, las voces y los ensambles fueron construyendo una sonoridad en la que distintas capas que tejen una sonoridad gostosa.<\/p>\n<p>El repertorio tuvo como referencia su etapa m\u00e1s reciente, vinculada al Novo Samba Tradicional, pero tambi\u00e9n recuper\u00f3 diferentes momentos de su recorrido art\u00edstico.\u00a0<\/p>\n<p>El propio D2 hab\u00eda adelantado que el espect\u00e1culo incluye canciones de Manual Pr\u00e1tico do Novo Samba Tradicional, de su carrera solista y de Planet Hemp.<\/p>\n<p>M\u00e1s que separar se junta y acopla, generando un di\u00e1logo incre\u00edble. El samba apareci\u00f3 como ra\u00edz, mientras el rap, las bases, los graves aportaron la urbanidad que caracteriza su manera de hacer m\u00fasica.<\/p>\n<p>La noche tambi\u00e9n cont\u00f3 con invitados, sumando nuevas presencias al escenario.\u00a0<\/p>\n<p>Y hubo una figura que atraves\u00f3 especialmente el concierto: Rub\u00e9n Rada.<\/p>\n","protected":false},"author":214,"featured_media":133334,"comment_status":"closed","ping_status":"closed","sticky":false,"template":"","format":"standard","meta":{"om_disable_all_campaigns":false,"ngg_post_thumbnail":0,"jnews-multi-image_gallery":[],"jnews_single_post":{"format":"standard","override":[{"template":"4","parallax":"1","layout":"right-sidebar","sidebar":"default-sidebar","second_sidebar":"default-sidebar","sticky_sidebar":"1","share_position":"bottom","share_float_style":"share-monocrhome","show_share_counter":"1","show_view_counter":"1","show_featured":"1","show_post_meta":"1","show_post_author":"1","show_post_author_image":"1","show_post_date":"1","post_date_format":"default","post_date_format_custom":"Y\/m\/d","show_post_category":"1","post_reading_time_wpm":"300","post_calculate_word_method":"str_word_count","zoom_button_out_step":"2","zoom_button_in_step":"3","show_post_tag":"1","show_prev_next_post":"1","show_popup_post":"1","show_comment_section":"1","number_popup_post":"1","show_author_box":"1","show_post_related":"0","show_inline_post_related":"0"}],"image_override":[{"single_post_thumbnail_size":"no-crop","single_post_gallery_size":"crop-500"}],"trending_post_position":"meta","trending_post_label":"Trending","sponsored_post_label":"Sponsored by","disable_ad":"0","subtitle":"Sala del Museo \u2014 Montevideo, 29 de agosto de 2026"},"jnews_primary_category":[],"jnews_social_meta":[],"jnews_override_counter":{"view_counter_number":"0","share_counter_number":"0","like_counter_number":"0","dislike_counter_number":"0"},"footnotes":"","_members_access_role":[],"_members_access_error":""},"categories":[50],"tags":[5170,27346,601,1273],"class_list":["post-133333","post","type-post","status-publish","format-standard","has-post-thumbnail","hentry","category-coberturas","tag-marcelo-d2","tag-novo-samba-tradicional","tag-rap","tag-samba"],"yoast_head":"<!-- This site is optimized with the Yoast SEO plugin v28.3 - https:\/\/yoast.com\/product\/yoast-seo-wordpress\/ -->\n<title>MARCELO D2: EL SAMBA COMO RA\u00cdZ Y LO URBANO COMO PULSO - Cooltivarte Portal<\/title>\n<meta name=\"description\" content=\"Marcelo D2 volvi\u00f3 a Montevideo despu\u00e9s de varios a\u00f1os con un espect\u00e1culo que marc\u00f3 esa mezcla que atraviesa buena parte de su trayectoria: samba, rap y lenguaje urbano.\u00a0\" \/>\n<meta name=\"robots\" content=\"index, follow, max-snippet:-1, max-image-preview:large, max-video-preview:-1\" \/>\n<link rel=\"canonical\" href=\"https:\/\/cooltivarte.com\/portal\/marcelo-d2-el-samba-como-raiz-y-lo-urbano-como-pulso\/\" \/>\n<meta property=\"og:locale\" content=\"es_ES\" \/>\n<meta property=\"og:type\" content=\"article\" \/>\n<meta property=\"og:title\" content=\"MARCELO D2: EL SAMBA COMO RA\u00cdZ Y LO URBANO COMO PULSO by Mar\u00eda Fernanda Vird\u00f3 - Foto Martina Carrizo\" \/>\n<meta property=\"og:description\" content=\"Marcelo D2 volvi\u00f3 a Montevideo despu\u00e9s de varios a\u00f1os con un espect\u00e1culo que marc\u00f3 esa mezcla que atraviesa buena parte de su trayectoria: samba, rap y lenguaje urbano.\u00a0\" \/>\n<meta property=\"og:url\" content=\"https:\/\/cooltivarte.com\/portal\/marcelo-d2-el-samba-como-raiz-y-lo-urbano-como-pulso\/\" \/>\n<meta property=\"og:site_name\" content=\"Cooltivarte Portal\" \/>\n<meta property=\"article:publisher\" content=\"https:\/\/www.facebook.com\/cooltivartecom\/\" \/>\n<meta property=\"article:author\" content=\"https:\/\/www.facebook.com\/profile.php?id=100082135684669\" \/>\n<meta property=\"article:published_time\" content=\"2026-09-01T21:05:20+00:00\" \/>\n<meta property=\"article:modified_time\" content=\"2026-09-01T21:16:59+00:00\" \/>\n<meta property=\"og:image\" content=\"https:\/\/cooltivarte.com\/portal\/wp-content\/uploads\/2026\/09\/Marcelo-D2-Sala-del-Museo-Agosto-2026-Foto-Martina-Carrizo.jpg\" \/>\n\t<meta property=\"og:image:width\" content=\"2048\" \/>\n\t<meta property=\"og:image:height\" content=\"1522\" \/>\n\t<meta property=\"og:image:type\" content=\"image\/jpeg\" \/>\n<meta name=\"author\" content=\"Mar\u00eda Fernanda Vird\u00f3\" \/>\n<meta name=\"twitter:card\" content=\"summary_large_image\" \/>\n<meta name=\"twitter:title\" content=\"MARCELO D2: EL SAMBA COMO RA\u00cdZ Y LO URBANO COMO PULSO by Mar\u00eda Fernanda Vird\u00f3 - Foto Martina Carrizo\" \/>\n<meta name=\"twitter:description\" content=\"Marcelo D2 volvi\u00f3 a Montevideo despu\u00e9s de varios a\u00f1os con un espect\u00e1culo que marc\u00f3 esa mezcla que atraviesa buena parte de su trayectoria: samba, rap y lenguaje urbano.\u00a0\" \/>\n<meta name=\"twitter:image\" content=\"https:\/\/cooltivarte.com\/portal\/wp-content\/uploads\/2026\/09\/Marcelo-D2-Sala-del-Museo-Agosto-2026-Foto-Martina-Carrizo.jpg\" \/>\n<meta name=\"twitter:creator\" content=\"@https:\/\/x.com\/obolocultural\" \/>\n<meta name=\"twitter:site\" content=\"@obolocultural\" \/>\n<meta name=\"twitter:label1\" content=\"Escrito por\" \/>\n\t<meta name=\"twitter:data1\" content=\"Mar\u00eda Fernanda Vird\u00f3\" \/>\n\t<meta name=\"twitter:label2\" content=\"Tiempo de lectura\" \/>\n\t<meta name=\"twitter:data2\" content=\"2 minutos\" \/>\n<!-- \/ Yoast SEO plugin. -->","yoast_head_json":{"title":"MARCELO D2: EL SAMBA COMO RA\u00cdZ Y LO URBANO COMO PULSO - Cooltivarte Portal","description":"Marcelo D2 volvi\u00f3 a Montevideo despu\u00e9s de varios a\u00f1os con un espect\u00e1culo que marc\u00f3 esa mezcla que atraviesa buena parte de su trayectoria: samba, rap y lenguaje urbano.\u00a0","robots":{"index":"index","follow":"follow","max-snippet":"max-snippet:-1","max-image-preview":"max-image-preview:large","max-video-preview":"max-video-preview:-1"},"canonical":"https:\/\/cooltivarte.com\/portal\/marcelo-d2-el-samba-como-raiz-y-lo-urbano-como-pulso\/","og_locale":"es_ES","og_type":"article","og_title":"MARCELO D2: EL SAMBA COMO RA\u00cdZ Y LO URBANO COMO PULSO by Mar\u00eda Fernanda Vird\u00f3 - Foto Martina Carrizo","og_description":"Marcelo D2 volvi\u00f3 a Montevideo despu\u00e9s de varios a\u00f1os con un espect\u00e1culo que marc\u00f3 esa mezcla que atraviesa buena parte de su trayectoria: samba, rap y lenguaje urbano.\u00a0","og_url":"https:\/\/cooltivarte.com\/portal\/marcelo-d2-el-samba-como-raiz-y-lo-urbano-como-pulso\/","og_site_name":"Cooltivarte Portal","article_publisher":"https:\/\/www.facebook.com\/cooltivartecom\/","article_author":"https:\/\/www.facebook.com\/profile.php?id=100082135684669","article_published_time":"2026-09-01T21:05:20+00:00","article_modified_time":"2026-09-01T21:16:59+00:00","og_image":[{"width":2048,"height":1522,"url":"https:\/\/cooltivarte.com\/portal\/wp-content\/uploads\/2026\/09\/Marcelo-D2-Sala-del-Museo-Agosto-2026-Foto-Martina-Carrizo.jpg","type":"image\/jpeg"}],"author":"Mar\u00eda Fernanda Vird\u00f3","twitter_card":"summary_large_image","twitter_title":"MARCELO D2: EL SAMBA COMO RA\u00cdZ Y LO URBANO COMO PULSO by Mar\u00eda Fernanda Vird\u00f3 - Foto Martina Carrizo","twitter_description":"Marcelo D2 volvi\u00f3 a Montevideo despu\u00e9s de varios a\u00f1os con un espect\u00e1culo que marc\u00f3 esa mezcla que atraviesa buena parte de su trayectoria: samba, rap y lenguaje urbano.\u00a0","twitter_image":"https:\/\/cooltivarte.com\/portal\/wp-content\/uploads\/2026\/09\/Marcelo-D2-Sala-del-Museo-Agosto-2026-Foto-Martina-Carrizo.jpg","twitter_creator":"@https:\/\/x.com\/obolocultural","twitter_site":"@obolocultural","twitter_misc":{"Escrito por":"Mar\u00eda Fernanda Vird\u00f3","Tiempo de lectura":"2 minutos"},"schema":{"@context":"https:\/\/schema.org","@graph":[{"@type":"NewsArticle","@id":"https:\/\/cooltivarte.com\/portal\/marcelo-d2-el-samba-como-raiz-y-lo-urbano-como-pulso\/#article","isPartOf":{"@id":"https:\/\/cooltivarte.com\/portal\/marcelo-d2-el-samba-como-raiz-y-lo-urbano-como-pulso\/"},"author":{"name":"Mar\u00eda Fernanda Vird\u00f3","@id":"https:\/\/cooltivarte.com\/portal\/#\/schema\/person\/e6065430240320d012b4c5e7e6fd8ebd"},"headline":"MARCELO D2: EL SAMBA COMO RA\u00cdZ Y LO URBANO COMO PULSO","datePublished":"2026-09-01T21:05:20+00:00","dateModified":"2026-09-01T21:16:59+00:00","mainEntityOfPage":{"@id":"https:\/\/cooltivarte.com\/portal\/marcelo-d2-el-samba-como-raiz-y-lo-urbano-como-pulso\/"},"wordCount":396,"publisher":{"@id":"https:\/\/cooltivarte.com\/portal\/#organization"},"image":{"@id":"https:\/\/cooltivarte.com\/portal\/marcelo-d2-el-samba-como-raiz-y-lo-urbano-como-pulso\/#primaryimage"},"thumbnailUrl":"https:\/\/cooltivarte.com\/portal\/wp-content\/uploads\/2026\/09\/Marcelo-D2-Sala-del-Museo-Agosto-2026-Foto-Martina-Carrizo.jpg","keywords":["Marcelo D2","Novo Samba Tradicional","rap","samba"],"articleSection":["Coberturas"],"inLanguage":"es"},{"@type":"WebPage","@id":"https:\/\/cooltivarte.com\/portal\/marcelo-d2-el-samba-como-raiz-y-lo-urbano-como-pulso\/","url":"https:\/\/cooltivarte.com\/portal\/marcelo-d2-el-samba-como-raiz-y-lo-urbano-como-pulso\/","name":"MARCELO D2: EL SAMBA COMO RA\u00cdZ Y LO URBANO COMO PULSO - Cooltivarte Portal","isPartOf":{"@id":"https:\/\/cooltivarte.com\/portal\/#website"},"primaryImageOfPage":{"@id":"https:\/\/cooltivarte.com\/portal\/marcelo-d2-el-samba-como-raiz-y-lo-urbano-como-pulso\/#primaryimage"},"image":{"@id":"https:\/\/cooltivarte.com\/portal\/marcelo-d2-el-samba-como-raiz-y-lo-urbano-como-pulso\/#primaryimage"},"thumbnailUrl":"https:\/\/cooltivarte.com\/portal\/wp-content\/uploads\/2026\/09\/Marcelo-D2-Sala-del-Museo-Agosto-2026-Foto-Martina-Carrizo.jpg","datePublished":"2026-09-01T21:05:20+00:00","dateModified":"2026-09-01T21:16:59+00:00","description":"Marcelo D2 volvi\u00f3 a Montevideo despu\u00e9s de varios a\u00f1os con un espect\u00e1culo que marc\u00f3 esa mezcla que atraviesa buena parte de su trayectoria: samba, rap y lenguaje urbano.\u00a0","breadcrumb":{"@id":"https:\/\/cooltivarte.com\/portal\/marcelo-d2-el-samba-como-raiz-y-lo-urbano-como-pulso\/#breadcrumb"},"inLanguage":"es","potentialAction":[{"@type":"ReadAction","target":["https:\/\/cooltivarte.com\/portal\/marcelo-d2-el-samba-como-raiz-y-lo-urbano-como-pulso\/"]}]},{"@type":"ImageObject","inLanguage":"es","@id":"https:\/\/cooltivarte.com\/portal\/marcelo-d2-el-samba-como-raiz-y-lo-urbano-como-pulso\/#primaryimage","url":"https:\/\/cooltivarte.com\/portal\/wp-content\/uploads\/2026\/09\/Marcelo-D2-Sala-del-Museo-Agosto-2026-Foto-Martina-Carrizo.jpg","contentUrl":"https:\/\/cooltivarte.com\/portal\/wp-content\/uploads\/2026\/09\/Marcelo-D2-Sala-del-Museo-Agosto-2026-Foto-Martina-Carrizo.jpg","width":2048,"height":1522,"caption":"Marcelo D2 - Sala del Museo - Agosto 2026 - Foto Martina Carrizo"},{"@type":"BreadcrumbList","@id":"https:\/\/cooltivarte.com\/portal\/marcelo-d2-el-samba-como-raiz-y-lo-urbano-como-pulso\/#breadcrumb","itemListElement":[{"@type":"ListItem","position":1,"name":"Portada","item":"https:\/\/cooltivarte.com\/portal\/"},{"@type":"ListItem","position":2,"name":"MARCELO D2: EL SAMBA COMO RA\u00cdZ Y LO URBANO COMO PULSO"}]},{"@type":"WebSite","@id":"https:\/\/cooltivarte.com\/portal\/#website","url":"https:\/\/cooltivarte.com\/portal\/","name":"Cooltivarte Portal","description":"Arte, cultura y turismo para el mundo ...","publisher":{"@id":"https:\/\/cooltivarte.com\/portal\/#organization"},"potentialAction":[{"@type":"SearchAction","target":{"@type":"EntryPoint","urlTemplate":"https:\/\/cooltivarte.com\/portal\/?s={search_term_string}"},"query-input":{"@type":"PropertyValueSpecification","valueRequired":true,"valueName":"search_term_string"}}],"inLanguage":"es"},{"@type":"Organization","@id":"https:\/\/cooltivarte.com\/portal\/#organization","name":"cooltivarte","url":"https:\/\/cooltivarte.com\/portal\/","logo":{"@type":"ImageObject","inLanguage":"es","@id":"https:\/\/cooltivarte.com\/portal\/#\/schema\/logo\/image\/","url":"https:\/\/cooltivarte.com\/portal\/wp-content\/uploads\/2020\/04\/logo-cooltivarte-v2.png","contentUrl":"https:\/\/cooltivarte.com\/portal\/wp-content\/uploads\/2020\/04\/logo-cooltivarte-v2.png","width":851,"height":243,"caption":"cooltivarte"},"image":{"@id":"https:\/\/cooltivarte.com\/portal\/#\/schema\/logo\/image\/"},"sameAs":["https:\/\/www.facebook.com\/cooltivartecom\/","https:\/\/x.com\/obolocultural","https:\/\/www.instagram.com\/_cooltivarte_\/","https:\/\/www.linkedin.com\/company\/-bolocultural?reportsuccess=8zaNG1HwhPbAR9iQhZ5rfGeqz_vQFftHun0ZWU0Wy9vNemRJ8vtcKdJvzQfW8XagyOJSKg0XvfJ1dp","https:\/\/www.pinterest.com\/cooltivarte\/","https:\/\/cooltivarte.tumblr.com\/","https:\/\/www.tiktok.com\/@cooltivarte","https:\/\/www.youtube.com\/@PrensaCooltivarte"]},{"@type":"Person","@id":"https:\/\/cooltivarte.com\/portal\/#\/schema\/person\/e6065430240320d012b4c5e7e6fd8ebd","name":"Mar\u00eda Fernanda Vird\u00f3","image":{"@type":"ImageObject","inLanguage":"es","@id":"https:\/\/cooltivarte.com\/portal\/wp-content\/uploads\/2024\/11\/Maria-Fernanda-Virdo-2-120x120.jpeg","url":"https:\/\/cooltivarte.com\/portal\/wp-content\/uploads\/2024\/11\/Maria-Fernanda-Virdo-2-120x120.jpeg","contentUrl":"https:\/\/cooltivarte.com\/portal\/wp-content\/uploads\/2024\/11\/Maria-Fernanda-Virdo-2-120x120.jpeg","caption":"Mar\u00eda Fernanda Vird\u00f3"},"description":"Perfil: Cronista de m\u00fasica y arte (autodidacta). M\u00e9todo: Investigaci\u00f3n, corroboraci\u00f3n y la palabra como herramienta principal. Filosof\u00eda: \"Escucho desde el o\u00eddo, escribo desde el coraz\u00f3n.\"","sameAs":["https:\/\/www.facebook.com\/profile.php?id=100082135684669","https:\/\/www.instagram.com\/mariafernandavirdo_33_44","https:\/\/www.linkedin.com\/company\/-bolocultural","https:\/\/www.pinterest.com\/cooltivarte","https:\/\/x.com\/https:\/\/x.com\/obolocultural","https:\/\/www.youtube.com\/@PrensaCooltivarte","https:\/\/www.tumblr.com\/blog\/cooltivarte"],"url":"https:\/\/cooltivarte.com\/portal\/author\/maria-fernanda-virdo\/"}]}},"_links":{"self":[{"href":"https:\/\/cooltivarte.com\/portal\/wp-json\/wp\/v2\/posts\/133333","targetHints":{"allow":["GET"]}}],"collection":[{"href":"https:\/\/cooltivarte.com\/portal\/wp-json\/wp\/v2\/posts"}],"about":[{"href":"https:\/\/cooltivarte.com\/portal\/wp-json\/wp\/v2\/types\/post"}],"author":[{"embeddable":true,"href":"https:\/\/cooltivarte.com\/portal\/wp-json\/wp\/v2\/users\/214"}],"replies":[{"embeddable":true,"href":"https:\/\/cooltivarte.com\/portal\/wp-json\/wp\/v2\/comments?post=133333"}],"version-history":[{"count":3,"href":"https:\/\/cooltivarte.com\/portal\/wp-json\/wp\/v2\/posts\/133333\/revisions"}],"predecessor-version":[{"id":133338,"href":"https:\/\/cooltivarte.com\/portal\/wp-json\/wp\/v2\/posts\/133333\/revisions\/133338"}],"wp:featuredmedia":[{"embeddable":true,"href":"https:\/\/cooltivarte.com\/portal\/wp-json\/wp\/v2\/media\/133334"}],"wp:attachment":[{"href":"https:\/\/cooltivarte.com\/portal\/wp-json\/wp\/v2\/media?parent=133333"}],"wp:term":[{"taxonomy":"category","embeddable":true,"href":"https:\/\/cooltivarte.com\/portal\/wp-json\/wp\/v2\/categories?post=133333"},{"taxonomy":"post_tag","embeddable":true,"href":"https:\/\/cooltivarte.com\/portal\/wp-json\/wp\/v2\/tags?post=133333"}],"curies":[{"name":"wp","href":"https:\/\/api.w.org\/{rel}","templated":true}]}}