{"id":133267,"date":"2026-08-30T19:59:54","date_gmt":"2026-08-30T22:59:54","guid":{"rendered":"https:\/\/cooltivarte.com\/portal\/?p=133267"},"modified":"2026-08-30T19:59:54","modified_gmt":"2026-08-30T22:59:54","slug":"cuarteto-de-nos-raro-live-session-20-aniversario","status":"publish","type":"post","link":"https:\/\/cooltivarte.com\/portal\/cuarteto-de-nos-raro-live-session-20-aniversario\/","title":{"rendered":"Cuarteto De Nos &#8211; Raro (Live Session) 20 Aniversario"},"content":{"rendered":"<p><iframe title=\"Cuarteto De Nos - Raro (Live Session) 20 Aniversario\" src=\"https:\/\/www.youtube.com\/embed\/8wT9DnsitCk?si=JOT0iwzsGBSgjAY5\" width=\"100%\" height=\"515\" frameborder=\"0\" allowfullscreen=\"allowfullscreen\"><span data-mce-type=\"bookmark\" style=\"display: inline-block; width: 0px; overflow: hidden; line-height: 0;\" class=\"mce_SELRES_start\">\ufeff<\/span><\/iframe><br \/>\n&nbsp;<\/p>\n<p><strong>EL CUARTETO DE NOS CELEBRA 20 A\u00d1OS DE RARO CON UNA LIVE SESSION Y EL TOUR C\u00c1PSULA &#8220;AS\u00cd SOY YO&#8221; EN CINCO CAPITALES DE LATAM<\/strong><\/p>\n<p>A dos d\u00e9cadas del lanzamiento de <strong>Raro<\/strong>, el disco que redefini\u00f3 la trayectoria de <strong>El Cuarteto de Nos<\/strong> y pate\u00f3 el tablero del rock en espa\u00f1ol, la agrupaci\u00f3n uruguaya conmemora este hito hist\u00f3rico con el estreno de &#8220;Raro (Live Session)&#8221;, una propuesta audiovisual transmedia que rompe por completo con el formato de estudio tradicional, seguida por el anuncio de la gira internacional c\u00e1psula &#8220;AS\u00cd SOY YO&#8221;.<\/p>\n<p>Fieles a su inconfundible impronta creativa, <strong>El Cuarteto de Nos<\/strong> presenta <strong>Raro<\/strong> (Live Session), una obra inmersiva planteada como un mini film que transcurre dentro del m\u00edtico &#8220;<em>apartamento de Raro<\/em>&#8220;. La narrativa sit\u00faa al espectador en el d\u00eda posterior a la fiesta de cumplea\u00f1os del personaje principal, revelando un escenario impregnado de un desorden po\u00e9tico, plagado de vasos vac\u00edos, globos y los vestigios de un festejo impregnado de nostalgia.<\/p>\n<p>Toda la sesi\u00f3n est\u00e1 filmada \u00edntegramente desde la perspectiva en primera persona del ic\u00f3nico personaje de la portada del \u00e1lbum. A trav\u00e9s de sus ojos, el p\u00fablico recorrer\u00e1 los pasillos y habitaciones del apartamento, repleto de gui\u00f1os al universo de la banda y referencias ocultas (huevos de pascua) que solo los fan\u00e1ticos m\u00e1s fieles sabr\u00e1n identificar. La experiencia se completa con una mezcla disponible en <strong>Dolby Atmos<\/strong> que garantiza su escucha de forma inmersiva.<\/p>\n<p>En medio de este escenario ca\u00f3tico y evocador, la banda aparece tocando en ronda desde el living de la casa, interpretando en vivo cinco de los grandes himnos que componen el \u00e1lbum:<\/p>\n<p>Nada es gratis en la vida<br \/>\nYa no s\u00e9 qu\u00e9 hacer conmigo<br \/>\nHoy estoy raro<br \/>\nInvierno del &#8217;92<br \/>\nYendo a la casa de Dami\u00e1n<\/p>\n<p>La producci\u00f3n cuenta adem\u00e1s con la participaci\u00f3n especial de <a href=\"https:\/\/cooltivarte.com\/portal\/?s=Juan+Campod%C3%B3nico\" target=\"_blank\" rel=\"noopener\"><strong>Juan Campod\u00f3nico<\/strong><\/a>, productor del \u00e1lbum y considerado el &#8220;<em>quinto Cuarteto<\/em>&#8221; en aquel momento.<\/p>\n<p>&nbsp;<\/p>\n<h3><span dir=\"auto\"><strong>Gira Internacional &#8220;AS\u00cd SOY YO&#8221;: 5 Espect\u00e1culos \u00danicos \/ 5 Capitales<\/strong><\/span><\/h3>\n<div>&nbsp;<\/div>\n<div><span dir=\"auto\">Como continuidad&nbsp;<span class=\"il\">de<\/span>&nbsp;este festejo y para llevar esta celebraci\u00f3n al plano presencial,&nbsp;<span class=\"il\">El Cuarteto de Nos<\/span>&nbsp;anuncia la gira c\u00e1psula &#8220;AS\u00cd SOY YO&#8221;, un espect\u00e1culo dise\u00f1ado para recorrer exclusivamente cinco capitales fundamentales&nbsp;<span class=\"il\">de<\/span>&nbsp;Latinoam\u00e9rica.&nbsp;<span class=\"il\">El<\/span>&nbsp;ofrecer\u00e1 espect\u00e1culo un repaso conceptual por los \u00faltimos 20 a\u00f1os&nbsp;<span class=\"il\">de<\/span>&nbsp;la banda, desde la disrupci\u00f3n&nbsp;<span class=\"il\">de<\/span>&nbsp;Raro (2006) hasta la actualidad&nbsp;<span class=\"il\">de<\/span>&nbsp;su reciente disco Puertas.<\/p>\n<p>Cada presentaci\u00f3n contar\u00e1 con una puesta en escena y narrativa creada especialmente para la ocasi\u00f3n, sumada a un setlist din\u00e1mico con canciones \u00fanicas que no se repetir\u00e1n entre ciudades.<\/span><\/div>\n<div>&nbsp;<\/div>\n<div><a class=\"m_-897570185618827570mcnButton\" title=\"4 DE OCTUBRE\/2026 - MOVISTAR ARENA BOGOT\u00c1 - COLOMBIA\" href=\"https:\/\/us.list-manage.com\/1A6YBr1_3Y2?e=d57b270eb8&amp;c2id=7b6fff42b08d955c2a52351983580021\" target=\"_blank\" rel=\"noopener\" data-saferedirecturl=\"https:\/\/www.google.com\/url?q=https:\/\/us.list-manage.com\/1A6YBr1_3Y2?e%3Dd57b270eb8%26c2id%3D7b6fff42b08d955c2a52351983580021&amp;source=gmail&amp;ust=1788216763729000&amp;usg=AOvVaw2SbYnA28EhOgzCUYpzRhRO\">4&nbsp;<span class=\"il\">DE<\/span>&nbsp;OCTUBRE\/2026 &#8211; MOVISTAR ARENA BOGOT\u00c1 &#8211; COLOMBIA<\/a><\/div>\n<div><a class=\"m_-897570185618827570mcnButton\" title=\"21 DE NOVIEMBRE\/2026 - PALACIO DE LOS DEPORTES - CDMX - M\u00c9XICO\" href=\"https:\/\/us.list-manage.com\/11_eAUSKYqH?e=d57b270eb8&amp;c2id=7b6fff42b08d955c2a52351983580021\" target=\"_blank\" rel=\"noopener\" data-saferedirecturl=\"https:\/\/www.google.com\/url?q=https:\/\/us.list-manage.com\/11_eAUSKYqH?e%3Dd57b270eb8%26c2id%3D7b6fff42b08d955c2a52351983580021&amp;source=gmail&amp;ust=1788216763729000&amp;usg=AOvVaw2_ldZgGR8drmUu1GW8MKa9\">21&nbsp;<span class=\"il\">DE<\/span>&nbsp;NOVIEMBRE\/2026 &#8211; PALACIO&nbsp;<span class=\"il\">DE<\/span>&nbsp;LOS DEPORTES &#8211; CDMX &#8211; M\u00c9XICO<\/a><\/div>\n<div><a class=\"m_-897570185618827570mcnButton\" title=\"5 DE DICIEMBRE\/2026 - MOVISTAR ARENA SANTIAGO DE CHILE - CHILE\" href=\"https:\/\/us.list-manage.com\/nuL_Nb3VD9u?e=d57b270eb8&amp;c2id=7b6fff42b08d955c2a52351983580021\" target=\"_blank\" rel=\"noopener\" data-saferedirecturl=\"https:\/\/www.google.com\/url?q=https:\/\/us.list-manage.com\/nuL_Nb3VD9u?e%3Dd57b270eb8%26c2id%3D7b6fff42b08d955c2a52351983580021&amp;source=gmail&amp;ust=1788216763729000&amp;usg=AOvVaw1Fn9cbD88PkR-LyxCvSqsV\">5&nbsp;<span class=\"il\">DE<\/span>&nbsp;DICIEMBRE\/2026 &#8211; MOVISTAR ARENA SANTIAGO&nbsp;<span class=\"il\">DE<\/span>&nbsp;CHILE &#8211; CHILE<\/a><\/div>\n<div><a class=\"m_-897570185618827570mcnButton\" title=\" 22 DE MAYO\/2027 - MOVISTAR ARENA BUENOS AIRES - ARGENTINA\" href=\"https:\/\/us.list-manage.com\/glaaOLItY2W?e=d57b270eb8&amp;c2id=7b6fff42b08d955c2a52351983580021\" target=\"_blank\" rel=\"noopener\" data-saferedirecturl=\"https:\/\/www.google.com\/url?q=https:\/\/us.list-manage.com\/glaaOLItY2W?e%3Dd57b270eb8%26c2id%3D7b6fff42b08d955c2a52351983580021&amp;source=gmail&amp;ust=1788216763729000&amp;usg=AOvVaw2752c2Zdeqqp2FDudje2K_\">22&nbsp;<span class=\"il\">DE<\/span>&nbsp;MAYO\/2027 &#8211; MOVISTAR ARENA BUENOS AIRES &#8211; ARGENTINA<\/a><\/div>\n<div><a class=\"m_-897570185618827570mcnButton\" title=\"         19 DE DICIEMBRE\/2026 - RAMBLA DE MONTEVIDEO - URUGUAY\" href=\"https:\/\/us.list-manage.com\/cjOjYF35VEi?e=d57b270eb8&amp;c2id=7b6fff42b08d955c2a52351983580021\" target=\"_blank\" rel=\"noopener\" data-saferedirecturl=\"https:\/\/www.google.com\/url?q=https:\/\/us.list-manage.com\/cjOjYF35VEi?e%3Dd57b270eb8%26c2id%3D7b6fff42b08d955c2a52351983580021&amp;source=gmail&amp;ust=1788216763729000&amp;usg=AOvVaw1aCcRHoYOik-5VjP7NLf4H\">19&nbsp;<span class=\"il\">DE<\/span>&nbsp;DICIEMBRE\/2026 &#8211; RAMBLA&nbsp;<span class=\"il\">DE<\/span>&nbsp;MONTEVIDEO &#8211; URUGUAY<\/a><\/div>\n<div>&nbsp;<\/div>\n<div>La vigencia atemporal de Raro y la vigencia actual de la agrupaci\u00f3n se respaldan en cifras contundentes que ubican a El Cuarteto de Nos entre los cinco artistas de rock latino m\u00e1s consumidos en la regi\u00f3n y como el artista uruguayo m\u00e1s convocado en el exterior. Con m\u00e1s de 6.1 millones de oyentes mensuales en Spotify y una comunidad masiva de m\u00e1s de 1.4 millones en TikTok, 2 millones en YouTube y 800.000 en Instagram, la banda vive un constante recambio generacional liderado por un p\u00fablico joven que adopta sus canciones como banderas de identidad compartida<\/div>\n<div>&nbsp;<\/div>\n<div>&nbsp;<\/div>\n<p><a href=\"https:\/\/cooltivarte.com\/portal\/?s=CUARTETO+DE+NOS\" target=\"_blank\" rel=\"noopener\"><strong>CUARTETO DE NOS<\/strong><\/a><\/p>\n<p><a href=\"https:\/\/cooltivarte.com\/portal\/?s=Roberto+Musso\" target=\"_blank\" rel=\"noopener\"><strong>Roberto Musso<\/strong><\/a> &#8211; Voz y guitarra<br \/>\n<a href=\"https:\/\/cooltivarte.com\/portal\/?s=%C3%81lvaro+Pintos\" target=\"_blank\" rel=\"noopener\"><strong>\u00c1lvaro Pintos<\/strong><\/a> &#8211; Bater\u00eda<br \/>\n<a href=\"https:\/\/cooltivarte.com\/portal\/?s=Santiago+Marrero\" target=\"_blank\" rel=\"noopener\"><strong>Santiago Marrero<\/strong><\/a> &#8211; Bajo, teclados y coros<br \/>\n<a href=\"https:\/\/cooltivarte.com\/portal\/?s=Gustavo+%E2%80%9CTopo%E2%80%9D+Antu%C3%B1a\" target=\"_blank\" rel=\"noopener\"><strong>Gustavo \u201cTopo\u201d Antu\u00f1a<\/strong><\/a> &#8211; Guitarra y coros<br \/>\n<a href=\"https:\/\/cooltivarte.com\/portal\/?s=Luis+Angelero\" target=\"_blank\" rel=\"noopener\"><strong>Luis Angelero<\/strong><\/a> &#8211; Guitarra, bajo y coros<\/p>\n<p>&nbsp;<\/p>\n<p><iframe title=\"Spotify Embed: Raro\" style=\"border-radius: 12px\" width=\"100%\" height=\"352\" frameborder=\"0\" allowfullscreen allow=\"autoplay; clipboard-write; encrypted-media; fullscreen; picture-in-picture\" loading=\"lazy\" src=\"https:\/\/open.spotify.com\/embed\/album\/3muMwFfcND0Tndi0bL4CTx?si=vfI_Ky-jQcqkLjlpwrVhtw&amp;utm_source=oembed\"><\/iframe><\/p>\n<p>&nbsp;<\/p>\n<p>&nbsp;<\/p>\n<h3><strong>Sobre&nbsp;<span class=\"il\">Cuarteto de Nos<\/span><\/strong><\/h3>\n<p>La banda nacida en Montevideo a mediados de los 80, es una de las referencias m\u00e1s potentes e ineludibles del rock latinoamericano contempor\u00e1neo. Su definitiva proyecci\u00f3n e internacionalizaci\u00f3n masiva se consolid\u00f3 en 2006 de la mano del productor <strong>Juan Campod\u00f3nico<\/strong> con el aclamado disco de culto Raro, trabajo que redefini\u00f3 su sonido incorporando letras m\u00e1s afiladas, complejas y filosas sobre un potente trasfondo de rock.<\/p>\n<p>A lo largo de su trayectoria, el grupo ha cosechado una amplia lista de reconocimientos y distinciones. Cuentan con 17 <a href=\"https:\/\/cooltivarte.com\/portal\/category\/premios-graffiti\/\" target=\"_blank\" rel=\"noopener\">Premios Graffiti a la m\u00fasica uruguaya<\/a>, 2 Premios Latin Grammy en 2012 (Mejor \u00c1lbum de Pop\/Rock por Porfiado y Mejor Canci\u00f3n de Rock), m\u00faltiples nominaciones en la academia latina por discos como Bipolar, Habla tu espejo, Apocalipsis Zombi o Jueves, adem\u00e1s de numerosos certificados de Disco de Oro, Platino y Triple Platino.<\/p>\n<p>Con un enfoque conceptual que aborda la salud mental, la iron\u00eda y el existencialismo, han construido una de las convocatorias m\u00e1s multitudinarias e intergeneracionales de la regi\u00f3n. Tras el \u00e9xito masivo de L\u00e1mina once (2022), editado bajo su propio sello Porfiado Records, en mayo de 2025 presentaron su trabajo discogr\u00e1fico Puertas, una propuesta que combina rock garage, funk y l\u00edricas introspectivas. El lanzamiento acompa\u00f1a a una extensa gira internacional con shows agotados en Am\u00e9rica y Europa que se extiende hasta marzo de 2026.<\/p>\n<p>&nbsp;<\/p>\n<p>Management: Ver\u00f3nica Piana<br \/>\nJefe de Producci\u00f3n y Monitores: Juan Falcone<br \/>\nSonido: Charly Zoia<br \/>\nAsistencia t\u00e9cnica: Camilo Giannattasio<br \/>\nEdici\u00f3n, mezcla y master de audio: Nicol\u00e1s Demzcylo<br \/>\nRegistro y edici\u00f3n de back y tr\u00e1ilers: Alan Casas Rodr\u00edguez<br \/>\nComunicaci\u00f3n y Contenidos para Redes: Soledad Esp\u00edndola<br \/>\nProducci\u00f3n de contenidos: Valentina Rosas<br \/>\nDistribuci\u00f3n: Altafonte<\/p>\n<p>PARDELION FILMS<br \/>\nDirecci\u00f3n: Alfonso Guerrero<br \/>\nProducci\u00f3n Ejecutiva: Marcos Hecht<br \/>\nHead of Production: Agustina Brikman<br \/>\nAsistente de Prod. Ejecutiva: Malena Benavides<br \/>\nEdici\u00f3n: Andr\u00e9s Borotra<br \/>\nIA: Pardelion AI Studio<br \/>\nT\u00e9cnico IA: Agust\u00edn \u00c1lvarez<br \/>\nPostproducci\u00f3n y VFX: \u00c1lvaro Montelongo<br \/>\nColor: Fernando Dromer<br \/>\nSonorizaci\u00f3n: Santiago Bednarik<br \/>\nAdministraci\u00f3n: Gustavo Verdino<br \/>\nAuxiliar Administrativa: Romina Pi\u00f1eyro<\/p>\n<p>CREW RODAJE<br \/>\nJefa de Producci\u00f3n: Alina Kaplan<br \/>\n1er Asist. Producci\u00f3n: Florencia Garc\u00eda<br \/>\n1er Asist. Producci\u00f3n: Juana Bonicelli<br \/>\nLocacionista: Luc\u00eda Fern\u00e1ndez<br \/>\n1er Asist. Direcci\u00f3n: Sebasti\u00e1n Faraldo<br \/>\nDirectora de Arte: Mariana Rivero<br \/>\nAsist. Arte: Lilian Silva<br \/>\nUtilero: Rafael Allende<br \/>\nVestuario: Valentina Casales<br \/>\nJefa de Maquillaje y Pelo: Indira Berm\u00fadez<br \/>\nDirector de Fotograf\u00eda: Mat\u00edas Lasarte<br \/>\n1er Asist. C\u00e1mara: Germ\u00e1n Couto<br \/>\n2do Asist. C\u00e1mara: Leandro Salandr\u00fa<br \/>\nRunner de C\u00e1mara: Lucca Chakiyian<br \/>\nData Manager: Alfredo Raucher<br \/>\nGaffer: Diego Esp\u00f3sito Fino<br \/>\nEl\u00e9ctrico: Matias Canzani<\/p>\n<p>PARTICIPACIONES<br \/>\nVecino: Juan Campod\u00f3nico<br \/>\nDelivery: Federico de la Fuente<\/p>\n<p>TALENTOS<br \/>\nRaro: Javier Correa<\/p>\n<p>PROVEEDORES<br \/>\nEquipamiento C\u00e1mara y Luces: Sin Sol<br \/>\nEquipamiento C\u00e1mara: Musitelli<br \/>\nCatering: Watermelon<br \/>\nTransporte: Barb\u00e9<br \/>\nTransporte: Movilidad Urbana<br \/>\nInsumos Producci\u00f3n: Don Obdulio<br \/>\nHandies: Laura Cattini<br \/>\nEquipamiento Grip: Gallego<br \/>\nInears: Juan Falcone<br \/>\nSeguros: Brignoni<br \/>\nCasting: Omb\u00fa<\/p>\n<p>&nbsp;<\/p>\n<p>&nbsp;<\/p>\n","protected":false},"excerpt":{"rendered":"<p>EL CUARTETO DE NOS CELEBRA 20 A\u00d1OS DE RARO CON UNA LIVE SESSION Y EL TOUR C\u00c1PSULA &#8220;AS\u00cd SOY YO&#8221; EN CINCO CAPITALES DE LATAM<\/p>\n<p>A dos d\u00e9cadas del lanzamiento de Raro, el disco que redefini\u00f3 la trayectoria de El Cuarteto de Nos y pate\u00f3 el tablero del rock en espa\u00f1ol, la agrupaci\u00f3n uruguaya conmemora este hito hist\u00f3rico con el estreno de &#8220;Raro (Live Session)&#8221;, una propuesta audiovisual transmedia que rompe por completo con el formato de estudio tradicional, seguida por el anuncio de la gira internacional c\u00e1psula &#8220;AS\u00cd SOY YO&#8221;.<\/p>\n<p>CUARTETO DE NOS<\/p>\n<p>Roberto Musso &#8211; Voz y guitarra<br \/>\n\u00c1lvaro Pintos &#8211; Bater\u00eda<br \/>\nSantiago Marrero &#8211; Bajo, teclados y coros<br \/>\nGustavo \u201cTopo\u201d Antu\u00f1a &#8211; Guitarra y coros<br \/>\nLuis Angelero &#8211; Guitarra, bajo y coros<\/p>\n","protected":false},"author":8,"featured_media":133268,"comment_status":"closed","ping_status":"closed","sticky":false,"template":"","format":"standard","meta":{"om_disable_all_campaigns":false,"ngg_post_thumbnail":0,"jnews-multi-image_gallery":[],"jnews_single_post":{"format":"standard","override":[{"template":"4","parallax":"1","layout":"right-sidebar","sidebar":"default-sidebar","second_sidebar":"default-sidebar","sticky_sidebar":"1","share_position":"bottom","share_float_style":"share-monocrhome","show_share_counter":"1","show_view_counter":"1","show_featured":"1","show_post_meta":"1","show_post_author":"1","show_post_author_image":"1","show_post_date":"1","post_date_format":"default","post_date_format_custom":"Y\/m\/d","show_post_category":"1","post_reading_time_wpm":"300","post_calculate_word_method":"str_word_count","zoom_button_out_step":"2","zoom_button_in_step":"3","show_post_tag":"1","show_prev_next_post":"1","show_popup_post":"1","show_comment_section":"1","number_popup_post":"1","show_author_box":"1","show_post_related":"0","show_inline_post_related":"0"}],"image_override":[{"single_post_thumbnail_size":"no-crop","single_post_gallery_size":"crop-500"}],"trending_post_position":"meta","trending_post_label":"Trending","sponsored_post_label":"Sponsored by","disable_ad":"0","subtitle":"TOUR C\u00c1PSULA \"AS\u00cd SOY YO\" EN CINCO CAPITALES DE LATAM"},"jnews_primary_category":[],"jnews_social_meta":[],"jnews_override_counter":{"view_counter_number":"0","share_counter_number":"0","like_counter_number":"0","dislike_counter_number":"0"},"footnotes":"","_members_access_role":[],"_members_access_error":""},"categories":[14772],"tags":[13180,99,16614,25880,9392,495,1387,7928],"class_list":["post-133267","post","type-post","status-publish","format-standard","has-post-thumbnail","hentry","category-video","tag-alvaro-pintos","tag-cuarteto-de-nos","tag-gustavo-topo-antuna","tag-live-session","tag-luis-angelero","tag-raro","tag-roberto-musso","tag-santiago-marrero"],"yoast_head":"<!-- This site is optimized with the Yoast SEO plugin v28.3 - https:\/\/yoast.com\/product\/yoast-seo-wordpress\/ -->\n<title>Cuarteto De Nos - Raro (Live Session) 20 Aniversario - Cooltivarte Portal<\/title>\n<meta name=\"description\" content=\"EL CUARTETO DE NOS CELEBRA 20 A\u00d1OS DE RARO CON UNA LIVE SESSION Y EL TOUR C\u00c1PSULA &quot;AS\u00cd SOY YO&quot; EN CINCO CAPITALES DE LATAM\" \/>\n<meta name=\"robots\" content=\"index, follow, max-snippet:-1, max-image-preview:large, max-video-preview:-1\" \/>\n<link rel=\"canonical\" href=\"https:\/\/cooltivarte.com\/portal\/cuarteto-de-nos-raro-live-session-20-aniversario\/\" \/>\n<meta property=\"og:locale\" content=\"es_ES\" \/>\n<meta property=\"og:type\" content=\"article\" \/>\n<meta property=\"og:title\" content=\"Cuarteto De Nos - Raro (Live Session) 20 Aniversario\" \/>\n<meta property=\"og:description\" content=\"EL CUARTETO DE NOS CELEBRA 20 A\u00d1OS DE RARO CON UNA LIVE SESSION Y EL TOUR C\u00c1PSULA &quot;AS\u00cd SOY YO&quot; EN CINCO CAPITALES DE LATAM\" \/>\n<meta property=\"og:url\" content=\"https:\/\/cooltivarte.com\/portal\/cuarteto-de-nos-raro-live-session-20-aniversario\/\" \/>\n<meta property=\"og:site_name\" content=\"Cooltivarte Portal\" \/>\n<meta property=\"article:publisher\" content=\"https:\/\/www.facebook.com\/cooltivartecom\/\" \/>\n<meta property=\"article:author\" content=\"https:\/\/www.facebook.com\/cooltivartecom\" \/>\n<meta property=\"article:published_time\" content=\"2026-08-30T22:59:54+00:00\" \/>\n<meta property=\"og:image\" content=\"https:\/\/cooltivarte.com\/portal\/wp-content\/uploads\/2026\/08\/Cuarteto-De-Nos-Raro-Live-Session-20-Aniversario.jpg\" \/>\n\t<meta property=\"og:image:width\" content=\"640\" \/>\n\t<meta property=\"og:image:height\" content=\"480\" \/>\n\t<meta property=\"og:image:type\" content=\"image\/jpeg\" \/>\n<meta name=\"author\" content=\"Cooltivarte\" \/>\n<meta name=\"twitter:card\" content=\"summary_large_image\" \/>\n<meta name=\"twitter:title\" content=\"Cuarteto De Nos - Raro (Live Session) 20 Aniversario\" \/>\n<meta name=\"twitter:description\" content=\"EL CUARTETO DE NOS CELEBRA 20 A\u00d1OS DE RARO CON UNA LIVE SESSION Y EL TOUR C\u00c1PSULA &quot;AS\u00cd SOY YO&quot; EN CINCO CAPITALES DE LATAM\" \/>\n<meta name=\"twitter:image\" content=\"https:\/\/cooltivarte.com\/portal\/wp-content\/uploads\/2026\/08\/Cuarteto-De-Nos-Raro-Live-Session-20-Aniversario.jpg\" \/>\n<meta name=\"twitter:creator\" content=\"@https:\/\/x.com\/obolocultural\" \/>\n<meta name=\"twitter:site\" content=\"@obolocultural\" \/>\n<meta name=\"twitter:label1\" content=\"Escrito por\" \/>\n\t<meta name=\"twitter:data1\" content=\"Cooltivarte\" \/>\n\t<meta name=\"twitter:label2\" content=\"Tiempo de lectura\" \/>\n\t<meta name=\"twitter:data2\" content=\"5 minutos\" \/>\n<!-- \/ Yoast SEO plugin. -->","yoast_head_json":{"title":"Cuarteto De Nos - Raro (Live Session) 20 Aniversario - Cooltivarte Portal","description":"EL CUARTETO DE NOS CELEBRA 20 A\u00d1OS DE RARO CON UNA LIVE SESSION Y EL TOUR C\u00c1PSULA \"AS\u00cd SOY YO\" EN CINCO CAPITALES DE LATAM","robots":{"index":"index","follow":"follow","max-snippet":"max-snippet:-1","max-image-preview":"max-image-preview:large","max-video-preview":"max-video-preview:-1"},"canonical":"https:\/\/cooltivarte.com\/portal\/cuarteto-de-nos-raro-live-session-20-aniversario\/","og_locale":"es_ES","og_type":"article","og_title":"Cuarteto De Nos - Raro (Live Session) 20 Aniversario","og_description":"EL CUARTETO DE NOS CELEBRA 20 A\u00d1OS DE RARO CON UNA LIVE SESSION Y EL TOUR C\u00c1PSULA \"AS\u00cd SOY YO\" EN CINCO CAPITALES DE LATAM","og_url":"https:\/\/cooltivarte.com\/portal\/cuarteto-de-nos-raro-live-session-20-aniversario\/","og_site_name":"Cooltivarte Portal","article_publisher":"https:\/\/www.facebook.com\/cooltivartecom\/","article_author":"https:\/\/www.facebook.com\/cooltivartecom","article_published_time":"2026-08-30T22:59:54+00:00","og_image":[{"width":640,"height":480,"url":"https:\/\/cooltivarte.com\/portal\/wp-content\/uploads\/2026\/08\/Cuarteto-De-Nos-Raro-Live-Session-20-Aniversario.jpg","type":"image\/jpeg"}],"author":"Cooltivarte","twitter_card":"summary_large_image","twitter_title":"Cuarteto De Nos - Raro (Live Session) 20 Aniversario","twitter_description":"EL CUARTETO DE NOS CELEBRA 20 A\u00d1OS DE RARO CON UNA LIVE SESSION Y EL TOUR C\u00c1PSULA \"AS\u00cd SOY YO\" EN CINCO CAPITALES DE LATAM","twitter_image":"https:\/\/cooltivarte.com\/portal\/wp-content\/uploads\/2026\/08\/Cuarteto-De-Nos-Raro-Live-Session-20-Aniversario.jpg","twitter_creator":"@https:\/\/x.com\/obolocultural","twitter_site":"@obolocultural","twitter_misc":{"Escrito por":"Cooltivarte","Tiempo de lectura":"5 minutos"},"schema":{"@context":"https:\/\/schema.org","@graph":[{"@type":"NewsArticle","@id":"https:\/\/cooltivarte.com\/portal\/cuarteto-de-nos-raro-live-session-20-aniversario\/#article","isPartOf":{"@id":"https:\/\/cooltivarte.com\/portal\/cuarteto-de-nos-raro-live-session-20-aniversario\/"},"author":{"name":"Cooltivarte","@id":"https:\/\/cooltivarte.com\/portal\/#\/schema\/person\/ec2a4f4e71b740d0c559c0ab9a157e19"},"headline":"Cuarteto De Nos &#8211; Raro (Live Session) 20 Aniversario","datePublished":"2026-08-30T22:59:54+00:00","mainEntityOfPage":{"@id":"https:\/\/cooltivarte.com\/portal\/cuarteto-de-nos-raro-live-session-20-aniversario\/"},"wordCount":1198,"publisher":{"@id":"https:\/\/cooltivarte.com\/portal\/#organization"},"image":{"@id":"https:\/\/cooltivarte.com\/portal\/cuarteto-de-nos-raro-live-session-20-aniversario\/#primaryimage"},"thumbnailUrl":"https:\/\/cooltivarte.com\/portal\/wp-content\/uploads\/2026\/08\/Cuarteto-De-Nos-Raro-Live-Session-20-Aniversario.jpg","keywords":["alvaro pintos","Cuarteto de Nos","Gustavo \u201cTopo\u201d Antu\u00f1a","Live Session","Luis Angelero","Raro","Roberto Musso","Santiago Marrero"],"articleSection":["Video"],"inLanguage":"es"},{"@type":"WebPage","@id":"https:\/\/cooltivarte.com\/portal\/cuarteto-de-nos-raro-live-session-20-aniversario\/","url":"https:\/\/cooltivarte.com\/portal\/cuarteto-de-nos-raro-live-session-20-aniversario\/","name":"Cuarteto De Nos - Raro (Live Session) 20 Aniversario - Cooltivarte Portal","isPartOf":{"@id":"https:\/\/cooltivarte.com\/portal\/#website"},"primaryImageOfPage":{"@id":"https:\/\/cooltivarte.com\/portal\/cuarteto-de-nos-raro-live-session-20-aniversario\/#primaryimage"},"image":{"@id":"https:\/\/cooltivarte.com\/portal\/cuarteto-de-nos-raro-live-session-20-aniversario\/#primaryimage"},"thumbnailUrl":"https:\/\/cooltivarte.com\/portal\/wp-content\/uploads\/2026\/08\/Cuarteto-De-Nos-Raro-Live-Session-20-Aniversario.jpg","datePublished":"2026-08-30T22:59:54+00:00","description":"EL CUARTETO DE NOS CELEBRA 20 A\u00d1OS DE RARO CON UNA LIVE SESSION Y EL TOUR C\u00c1PSULA \"AS\u00cd SOY YO\" EN CINCO CAPITALES DE LATAM","breadcrumb":{"@id":"https:\/\/cooltivarte.com\/portal\/cuarteto-de-nos-raro-live-session-20-aniversario\/#breadcrumb"},"inLanguage":"es","potentialAction":[{"@type":"ReadAction","target":["https:\/\/cooltivarte.com\/portal\/cuarteto-de-nos-raro-live-session-20-aniversario\/"]}]},{"@type":"ImageObject","inLanguage":"es","@id":"https:\/\/cooltivarte.com\/portal\/cuarteto-de-nos-raro-live-session-20-aniversario\/#primaryimage","url":"https:\/\/cooltivarte.com\/portal\/wp-content\/uploads\/2026\/08\/Cuarteto-De-Nos-Raro-Live-Session-20-Aniversario.jpg","contentUrl":"https:\/\/cooltivarte.com\/portal\/wp-content\/uploads\/2026\/08\/Cuarteto-De-Nos-Raro-Live-Session-20-Aniversario.jpg","width":640,"height":480,"caption":"Cuarteto De Nos - Raro (Live Session) 20 Aniversario"},{"@type":"BreadcrumbList","@id":"https:\/\/cooltivarte.com\/portal\/cuarteto-de-nos-raro-live-session-20-aniversario\/#breadcrumb","itemListElement":[{"@type":"ListItem","position":1,"name":"Portada","item":"https:\/\/cooltivarte.com\/portal\/"},{"@type":"ListItem","position":2,"name":"Cuarteto De Nos &#8211; Raro (Live Session) 20 Aniversario"}]},{"@type":"WebSite","@id":"https:\/\/cooltivarte.com\/portal\/#website","url":"https:\/\/cooltivarte.com\/portal\/","name":"Cooltivarte Portal","description":"Arte, cultura y turismo para el mundo ...","publisher":{"@id":"https:\/\/cooltivarte.com\/portal\/#organization"},"potentialAction":[{"@type":"SearchAction","target":{"@type":"EntryPoint","urlTemplate":"https:\/\/cooltivarte.com\/portal\/?s={search_term_string}"},"query-input":{"@type":"PropertyValueSpecification","valueRequired":true,"valueName":"search_term_string"}}],"inLanguage":"es"},{"@type":"Organization","@id":"https:\/\/cooltivarte.com\/portal\/#organization","name":"cooltivarte","url":"https:\/\/cooltivarte.com\/portal\/","logo":{"@type":"ImageObject","inLanguage":"es","@id":"https:\/\/cooltivarte.com\/portal\/#\/schema\/logo\/image\/","url":"https:\/\/cooltivarte.com\/portal\/wp-content\/uploads\/2020\/04\/logo-cooltivarte-v2.png","contentUrl":"https:\/\/cooltivarte.com\/portal\/wp-content\/uploads\/2020\/04\/logo-cooltivarte-v2.png","width":851,"height":243,"caption":"cooltivarte"},"image":{"@id":"https:\/\/cooltivarte.com\/portal\/#\/schema\/logo\/image\/"},"sameAs":["https:\/\/www.facebook.com\/cooltivartecom\/","https:\/\/x.com\/obolocultural","https:\/\/www.instagram.com\/_cooltivarte_\/","https:\/\/www.linkedin.com\/company\/-bolocultural?reportsuccess=8zaNG1HwhPbAR9iQhZ5rfGeqz_vQFftHun0ZWU0Wy9vNemRJ8vtcKdJvzQfW8XagyOJSKg0XvfJ1dp","https:\/\/www.pinterest.com\/cooltivarte\/","https:\/\/cooltivarte.tumblr.com\/","https:\/\/www.tiktok.com\/@cooltivarte","https:\/\/www.youtube.com\/@PrensaCooltivarte"]},{"@type":"Person","@id":"https:\/\/cooltivarte.com\/portal\/#\/schema\/person\/ec2a4f4e71b740d0c559c0ab9a157e19","name":"Cooltivarte","image":{"@type":"ImageObject","inLanguage":"es","@id":"https:\/\/cooltivarte.com\/portal\/wp-content\/uploads\/2014\/05\/logo-cooltivarte-120x120.jpg","url":"https:\/\/cooltivarte.com\/portal\/wp-content\/uploads\/2014\/05\/logo-cooltivarte-120x120.jpg","contentUrl":"https:\/\/cooltivarte.com\/portal\/wp-content\/uploads\/2014\/05\/logo-cooltivarte-120x120.jpg","caption":"Cooltivarte"},"description":"Somos COOLTIVARTE.COM. Un portal digital dedicado a difundir el acontecer art\u00edstico y cultural del Uruguay. Estamos en la vuelta desde el a\u00f1o 2003, y como evoluci\u00f3n del bolet\u00edn Obolo Cultural, nos encontramos abocados a apoyar a los artistas nacionales brind\u00e1ndoles un espacio de difusi\u00f3n. Creemos en la idea de utilizar la potencialidad que hoy d\u00eda nos otorga la web, para que la cultura uruguaya y sus creadores dispongan de una din\u00e1mica ventana, que los ponga en contacto entre s\u00ed y con el mundo. Somos COOLTIVARTE.COM y pretendemos configurarnos como un portal din\u00e1mico, entretenido y atento a los nuevos emprendimientos, que busque siempre la interacci\u00f3n con los artistas.","sameAs":["http:\/\/www.cooltivarte.com","https:\/\/www.facebook.com\/cooltivartecom","https:\/\/www.instagram.com\/_cooltivarte_\/","https:\/\/www.linkedin.com\/company\/-bolocultural","https:\/\/www.pinterest.com\/cooltivarte\/","https:\/\/x.com\/https:\/\/x.com\/obolocultural","https:\/\/www.youtube.com\/@PrensaCooltivarte","https:\/\/www.tumblr.com\/blog\/cooltivarte"],"url":"https:\/\/cooltivarte.com\/portal\/author\/cooltivarte\/"}]}},"_links":{"self":[{"href":"https:\/\/cooltivarte.com\/portal\/wp-json\/wp\/v2\/posts\/133267","targetHints":{"allow":["GET"]}}],"collection":[{"href":"https:\/\/cooltivarte.com\/portal\/wp-json\/wp\/v2\/posts"}],"about":[{"href":"https:\/\/cooltivarte.com\/portal\/wp-json\/wp\/v2\/types\/post"}],"author":[{"embeddable":true,"href":"https:\/\/cooltivarte.com\/portal\/wp-json\/wp\/v2\/users\/8"}],"replies":[{"embeddable":true,"href":"https:\/\/cooltivarte.com\/portal\/wp-json\/wp\/v2\/comments?post=133267"}],"version-history":[{"count":1,"href":"https:\/\/cooltivarte.com\/portal\/wp-json\/wp\/v2\/posts\/133267\/revisions"}],"predecessor-version":[{"id":133271,"href":"https:\/\/cooltivarte.com\/portal\/wp-json\/wp\/v2\/posts\/133267\/revisions\/133271"}],"wp:featuredmedia":[{"embeddable":true,"href":"https:\/\/cooltivarte.com\/portal\/wp-json\/wp\/v2\/media\/133268"}],"wp:attachment":[{"href":"https:\/\/cooltivarte.com\/portal\/wp-json\/wp\/v2\/media?parent=133267"}],"wp:term":[{"taxonomy":"category","embeddable":true,"href":"https:\/\/cooltivarte.com\/portal\/wp-json\/wp\/v2\/categories?post=133267"},{"taxonomy":"post_tag","embeddable":true,"href":"https:\/\/cooltivarte.com\/portal\/wp-json\/wp\/v2\/tags?post=133267"}],"curies":[{"name":"wp","href":"https:\/\/api.w.org\/{rel}","templated":true}]}}