{"id":133243,"date":"2026-08-28T15:18:01","date_gmt":"2026-08-28T18:18:01","guid":{"rendered":"https:\/\/cooltivarte.com\/portal\/?p=133243"},"modified":"2026-08-30T15:22:27","modified_gmt":"2026-08-30T18:22:27","slug":"calendula-herbario-del-alma","status":"publish","type":"post","link":"https:\/\/cooltivarte.com\/portal\/calendula-herbario-del-alma\/","title":{"rendered":"Cal\u00e9ndula &#8211; Herbario del alma"},"content":{"rendered":"<p><img fetchpriority=\"high\" decoding=\"async\" class=\"aligncenter wp-image-133244 size-large\" title=\"Cal\u00e9ndula \u2013 Herbario del alma - Vi\u00f1edos de La Tahona, Canelones por Daniel Benoit Cassou\" src=\"https:\/\/cooltivarte.com\/portal\/wp-content\/uploads\/2026\/08\/Calendula-\u2013-Herbario-del-alma-576x1024.webp\" alt=\"Cal\u00e9ndula \u2013 Herbario del alma - Vi\u00f1edos de La Tahona, Canelones por Daniel Benoit Cassou\" width=\"576\" height=\"1024\" srcset=\"https:\/\/cooltivarte.com\/portal\/wp-content\/uploads\/2026\/08\/Calendula-\u2013-Herbario-del-alma-576x1024.webp 576w, https:\/\/cooltivarte.com\/portal\/wp-content\/uploads\/2026\/08\/Calendula-\u2013-Herbario-del-alma-169x300.webp 169w, https:\/\/cooltivarte.com\/portal\/wp-content\/uploads\/2026\/08\/Calendula-\u2013-Herbario-del-alma-768x1365.webp 768w, https:\/\/cooltivarte.com\/portal\/wp-content\/uploads\/2026\/08\/Calendula-\u2013-Herbario-del-alma-864x1536.webp 864w, https:\/\/cooltivarte.com\/portal\/wp-content\/uploads\/2026\/08\/Calendula-\u2013-Herbario-del-alma.webp 900w\" sizes=\"(max-width: 576px) 100vw, 576px\" \/><\/p>\n<p>&nbsp;<\/p>\n<p>&nbsp;<\/p>\n<div class=\"wp-block-group has-global-padding is-layout-constrained wp-block-group-is-layout-constrained\">\n<h3 class=\"wp-block-post-title\"><strong>Cal\u00e9ndula \u2013 Herbario del alma<\/strong><\/h3>\n<\/div>\n<div class=\"entry-content wp-block-post-content has-global-padding is-layout-constrained wp-block-post-content-is-layout-constrained\">\n<p><strong>Vi\u00f1edos de La Tahona, Canelones.<\/strong><\/p>\n<p>Cal\u00e9ndula, un regalo al alma<\/p>\n<p>Hoy, nuevamente convocados por <a href=\"https:\/\/cooltivarte.com\/portal\/?s=Draupadi+Santiago\" target=\"_blank\" rel=\"noopener\"><strong>Draupadi Santiago<\/strong><\/a> bajo su programa \u201c<strong><em>Herbario del alma<\/em><\/strong>\u201d, nos reunimos en su taller para experimentar con la acuarela.<\/p>\n<p>Esta vez, la protagonista fue la cal\u00e9ndula (Calendula officinalis), flor luminosa y resistente a la que intentamos dar vida con nuestros pinceles mientras fuimos conociendo sus caracter\u00edsticas, propiedades y simbolismos.<\/p>\n<p>La cal\u00e9ndula sigue el ritmo del sol. Se abre a su luz y, simb\u00f3licamente, nos habla de vitalidad, renovaci\u00f3n y confianza en nuestra propia capacidad de volver a florecer.<\/p>\n<p>Su arquetipo es La Sanadora.<\/p>\n<p>Y quiz\u00e1s all\u00ed est\u00e9 una de las ideas m\u00e1s bellas que acompa\u00f1aron el encuentro pues sanar no necesariamente significa regresar a quienes \u00e9ramos, sino integrar lo vivido y permitir que algo nuevo nazca de esa experiencia.<\/p>\n<p>Adem\u00e1s de su dimensi\u00f3n simb\u00f3lica, la cal\u00e9ndula es tradicionalmente apreciada por sus propiedades antiinflamatorias, calmantes y regeneradoras de la piel. Pero en el taller su presencia fue m\u00e1s all\u00e1 de lo bot\u00e1nico y se convirti\u00f3 en motivo de observaci\u00f3n, contemplaci\u00f3n y creaci\u00f3n.<\/p>\n<p>Desde las 10 de la ma\u00f1ana y durante tres horas, despu\u00e9s de un ejercicio de meditaci\u00f3n y respiraci\u00f3n acompa\u00f1ado por el sonido de los cuencos tibetanos, fuimos entrando lentamente en otro ritmo. El de mirar, escuchar, conversar, pintar y compartir.<\/p>\n<p>Los pinceles comenzaron entonces a buscar formas, transparencias y colores. Cada uno interpret\u00f3 su propia cal\u00e9ndula, mientras la m\u00fasica acompa\u00f1aba el proceso y un variado brunch, atendido por Lourdes, quien trabaja junto a Draupadi y est\u00e1 siempre pendiente de cada detalle, terminaba de construir ese clima de hospitalidad.<\/p>\n<p>Para m\u00ed, el resultado de la pintura termina siendo casi un complemento.<\/p>\n<p>Lo verdaderamente valioso es todo lo que sucede alrededor de ella consistente en el encuentro, la conversaci\u00f3n, la m\u00fasica, la concentraci\u00f3n, los silencios, el placer de pintar sin otra exigencia que experimentar y esas horas durante las cuales parece suspenderse el ritmo cotidiano.<\/p>\n<p>Yo lo tomo como un regalo al alma.<\/p>\n<p>A la finalizaci\u00f3n del taller nos fuimos con cierto pesar. Hab\u00eda llegado el momento inevitable de abandonar aquel peque\u00f1o par\u00e9ntesis y regresar al mundo real.<\/p>\n<p>Me qued\u00f3 resonando el mantra de la jornada:<\/p>\n<p>\u201cLa luz habita en m\u00ed. Conf\u00edo en mi capacidad de sanar, renovarme y volver a florecer.\u201d<\/p>\n<p>Tal vez eso sea tambi\u00e9n pintar una cal\u00e9ndula, detenerse unas horas frente a una flor para descubrir que, mientras intentamos representarla, algo de su vitalidad termina qued\u00e1ndose con nosotros.<\/p>\n<p>Gracias, Draupadi, por tu tiempo, tu generosidad y por volver a abrirnos las puertas de tu taller.<\/p>\n<\/div>\n<p>&nbsp;<\/p>\n<p>&nbsp;<\/p>\n<div style=\"width: 640px;\" class=\"wp-video\"><video class=\"wp-video-shortcode\" id=\"video-133243-1\" width=\"640\" height=\"360\" preload=\"metadata\" controls=\"controls\"><source type=\"video\/mp4\" src=\"https:\/\/danielbenoit.art\/wp-content\/uploads\/2026\/08\/93b182d9e8ce1fbd0bc23fbdb361d9a5.mp4?_=1\" \/><a href=\"https:\/\/danielbenoit.art\/wp-content\/uploads\/2026\/08\/93b182d9e8ce1fbd0bc23fbdb361d9a5.mp4\">https:\/\/danielbenoit.art\/wp-content\/uploads\/2026\/08\/93b182d9e8ce1fbd0bc23fbdb361d9a5.mp4<\/a><\/video><\/div>\n<p>&nbsp;<\/p>\n<p>&nbsp;<\/p>\n<p>&nbsp;<\/p>\n","protected":false},"excerpt":{"rendered":"<p>Cal\u00e9ndula \u2013 Herbario del alma<\/p>\n<p>Vi\u00f1edos de La Tahona, Canelones.<\/p>\n<p>Cal\u00e9ndula, un regalo al alma<\/p>\n<p>Hoy, nuevamente convocados por Draupadi Santiago bajo su programa \u201cHerbario del alma\u201d, nos reunimos en su taller para experimentar con la acuarela.<\/p>\n<p>Esta vez, la protagonista fue la cal\u00e9ndula (Calendula officinalis), flor luminosa y resistente a la que intentamos dar vida con nuestros pinceles mientras fuimos conociendo sus caracter\u00edsticas, propiedades y simbolismos.<\/p>\n<p>La cal\u00e9ndula sigue el ritmo del sol. Se abre a su luz y, simb\u00f3licamente, nos habla de vitalidad, renovaci\u00f3n y confianza en nuestra propia capacidad de volver a florecer.<\/p>\n<p>Su arquetipo es La Sanadora.<\/p>\n<p>Y quiz\u00e1s all\u00ed est\u00e9 una de las ideas m\u00e1s bellas que acompa\u00f1aron el encuentro pues sanar no necesariamente significa regresar a quienes \u00e9ramos, sino integrar lo vivido y permitir que algo nuevo nazca de esa experiencia.<\/p>\n<p>Adem\u00e1s de su dimensi\u00f3n simb\u00f3lica, la cal\u00e9ndula es tradicionalmente apreciada por sus propiedades antiinflamatorias, calmantes y regeneradoras de la piel. Pero en el taller su presencia fue m\u00e1s all\u00e1 de lo bot\u00e1nico y se convirti\u00f3 en motivo de observaci\u00f3n, contemplaci\u00f3n y creaci\u00f3n.<\/p>\n<p>Desde las 10 de la ma\u00f1ana y durante tres horas, despu\u00e9s de un ejercicio de meditaci\u00f3n y respiraci\u00f3n acompa\u00f1ado por el sonido de los cuencos tibetanos, fuimos entrando lentamente en otro ritmo. El de mirar, escuchar, conversar, pintar y compartir.<\/p>\n<p>Los pinceles comenzaron entonces a buscar formas, transparencias y colores. Cada uno interpret\u00f3 su propia cal\u00e9ndula, mientras la m\u00fasica acompa\u00f1aba el proceso y un variado brunch, atendido por Lourdes, quien trabaja junto a Draupadi y est\u00e1 siempre pendiente de cada detalle, terminaba de construir ese clima de hospitalidad.<\/p>\n<p>Para m\u00ed, el resultado de la pintura termina siendo casi un complemento.<\/p>\n<p>Lo verdaderamente valioso es todo lo que sucede alrededor de ella consistente en el encuentro, la conversaci\u00f3n, la m\u00fasica, la concentraci\u00f3n, los silencios, el placer de pintar sin otra exigencia que experimentar y esas horas durante las cuales parece suspenderse el ritmo cotidiano.<\/p>\n<p>Yo lo tomo como un regalo al alma.<\/p>\n","protected":false},"author":14,"featured_media":133244,"comment_status":"closed","ping_status":"closed","sticky":false,"template":"","format":"standard","meta":{"om_disable_all_campaigns":false,"ngg_post_thumbnail":0,"jnews-multi-image_gallery":[],"jnews_single_post":{"format":"standard","override":[{"template":"4","parallax":"1","layout":"right-sidebar","sidebar":"default-sidebar","second_sidebar":"default-sidebar","sticky_sidebar":"1","share_position":"bottom","share_float_style":"share-monocrhome","show_share_counter":"1","show_view_counter":"1","show_featured":"1","show_post_meta":"1","show_post_author":"1","show_post_author_image":"1","show_post_date":"1","post_date_format":"default","post_date_format_custom":"Y\/m\/d","show_post_category":"1","post_reading_time_wpm":"300","post_calculate_word_method":"str_word_count","zoom_button_out_step":"2","zoom_button_in_step":"3","show_post_tag":"1","show_prev_next_post":"1","show_popup_post":"1","show_comment_section":"1","number_popup_post":"1","show_author_box":"1","show_post_related":"0","show_inline_post_related":"0"}],"image_override":[{"single_post_thumbnail_size":"no-crop","single_post_gallery_size":"crop-500"}],"trending_post_position":"meta","trending_post_label":"Trending","sponsored_post_label":"Sponsored by","disable_ad":"0","subtitle":"Vi\u00f1edos de La Tahona, Canelones"},"jnews_primary_category":[],"jnews_social_meta":[],"jnews_override_counter":{"view_counter_number":"0","share_counter_number":"0","like_counter_number":"0","dislike_counter_number":"0"},"footnotes":"","_members_access_role":[],"_members_access_error":""},"categories":[52],"tags":[27330,1342,25527,27331,26360],"class_list":["post-133243","post","type-post","status-publish","format-standard","has-post-thumbnail","hentry","category-artista","tag-calendula","tag-canelones","tag-draupadi-santiago","tag-herbario","tag-la-tahona"],"yoast_head":"<!-- This site is optimized with the Yoast SEO plugin v28.3 - https:\/\/yoast.com\/product\/yoast-seo-wordpress\/ -->\n<title>Cal\u00e9ndula - Herbario del alma - Cooltivarte Portal<\/title>\n<meta name=\"description\" content=\"Hoy, nuevamente convocados por Draupadi Santiago bajo su programa \u201cHerbario del alma\u201d, nos reunimos en su taller para experimentar con la acuarela.\" \/>\n<meta name=\"robots\" content=\"index, follow, max-snippet:-1, max-image-preview:large, max-video-preview:-1\" \/>\n<link rel=\"canonical\" href=\"https:\/\/cooltivarte.com\/portal\/calendula-herbario-del-alma\/\" \/>\n<meta property=\"og:locale\" content=\"es_ES\" \/>\n<meta property=\"og:type\" content=\"article\" \/>\n<meta property=\"og:title\" content=\"Cal\u00e9ndula \u2013 Herbario del alma - Vi\u00f1edos de La Tahona, Canelones por Daniel Benoit Cassou\" \/>\n<meta property=\"og:description\" content=\"Hoy, nuevamente convocados por Draupadi Santiago bajo su programa \u201cHerbario del alma\u201d, nos reunimos en su taller para experimentar con la acuarela.\" \/>\n<meta property=\"og:url\" content=\"https:\/\/cooltivarte.com\/portal\/calendula-herbario-del-alma\/\" \/>\n<meta property=\"og:site_name\" content=\"Cooltivarte Portal\" \/>\n<meta property=\"article:publisher\" content=\"https:\/\/www.facebook.com\/cooltivartecom\/\" \/>\n<meta property=\"article:author\" content=\"https:\/\/www.facebook.com\/daniel.benoit.3557?fref=ts\" \/>\n<meta property=\"article:published_time\" content=\"2026-08-28T18:18:01+00:00\" \/>\n<meta property=\"article:modified_time\" content=\"2026-08-30T18:22:27+00:00\" \/>\n<meta property=\"og:image\" content=\"https:\/\/cooltivarte.com\/portal\/wp-content\/uploads\/2026\/08\/Calendula-\u2013-Herbario-del-alma.webp\" \/>\n\t<meta property=\"og:image:width\" content=\"900\" \/>\n\t<meta property=\"og:image:height\" content=\"1600\" \/>\n\t<meta property=\"og:image:type\" content=\"image\/webp\" \/>\n<meta name=\"author\" content=\"Daniel Benoit Cassou\" \/>\n<meta name=\"twitter:card\" content=\"summary_large_image\" \/>\n<meta name=\"twitter:title\" content=\"Cal\u00e9ndula \u2013 Herbario del alma - Vi\u00f1edos de La Tahona, Canelones por Daniel Benoit Cassou\" \/>\n<meta name=\"twitter:description\" content=\"Hoy, nuevamente convocados por Draupadi Santiago bajo su programa \u201cHerbario del alma\u201d, nos reunimos en su taller para experimentar con la acuarela.\" \/>\n<meta name=\"twitter:image\" content=\"https:\/\/cooltivarte.com\/portal\/wp-content\/uploads\/2026\/08\/Calendula-\u2013-Herbario-del-alma.webp\" \/>\n<meta name=\"twitter:creator\" content=\"@https:\/\/x.com\/obolocultural\" \/>\n<meta name=\"twitter:site\" content=\"@obolocultural\" \/>\n<meta name=\"twitter:label1\" content=\"Escrito por\" \/>\n\t<meta name=\"twitter:data1\" content=\"Daniel Benoit Cassou\" \/>\n\t<meta name=\"twitter:label2\" content=\"Tiempo de lectura\" \/>\n\t<meta name=\"twitter:data2\" content=\"3 minutos\" \/>\n<!-- \/ Yoast SEO plugin. -->","yoast_head_json":{"title":"Cal\u00e9ndula - Herbario del alma - Cooltivarte Portal","description":"Hoy, nuevamente convocados por Draupadi Santiago bajo su programa \u201cHerbario del alma\u201d, nos reunimos en su taller para experimentar con la acuarela.","robots":{"index":"index","follow":"follow","max-snippet":"max-snippet:-1","max-image-preview":"max-image-preview:large","max-video-preview":"max-video-preview:-1"},"canonical":"https:\/\/cooltivarte.com\/portal\/calendula-herbario-del-alma\/","og_locale":"es_ES","og_type":"article","og_title":"Cal\u00e9ndula \u2013 Herbario del alma - Vi\u00f1edos de La Tahona, Canelones por Daniel Benoit Cassou","og_description":"Hoy, nuevamente convocados por Draupadi Santiago bajo su programa \u201cHerbario del alma\u201d, nos reunimos en su taller para experimentar con la acuarela.","og_url":"https:\/\/cooltivarte.com\/portal\/calendula-herbario-del-alma\/","og_site_name":"Cooltivarte Portal","article_publisher":"https:\/\/www.facebook.com\/cooltivartecom\/","article_author":"https:\/\/www.facebook.com\/daniel.benoit.3557?fref=ts","article_published_time":"2026-08-28T18:18:01+00:00","article_modified_time":"2026-08-30T18:22:27+00:00","og_image":[{"width":900,"height":1600,"url":"https:\/\/cooltivarte.com\/portal\/wp-content\/uploads\/2026\/08\/Calendula-\u2013-Herbario-del-alma.webp","type":"image\/webp"}],"author":"Daniel Benoit Cassou","twitter_card":"summary_large_image","twitter_title":"Cal\u00e9ndula \u2013 Herbario del alma - Vi\u00f1edos de La Tahona, Canelones por Daniel Benoit Cassou","twitter_description":"Hoy, nuevamente convocados por Draupadi Santiago bajo su programa \u201cHerbario del alma\u201d, nos reunimos en su taller para experimentar con la acuarela.","twitter_image":"https:\/\/cooltivarte.com\/portal\/wp-content\/uploads\/2026\/08\/Calendula-\u2013-Herbario-del-alma.webp","twitter_creator":"@https:\/\/x.com\/obolocultural","twitter_site":"@obolocultural","twitter_misc":{"Escrito por":"Daniel Benoit Cassou","Tiempo de lectura":"3 minutos"},"schema":{"@context":"https:\/\/schema.org","@graph":[{"@type":"NewsArticle","@id":"https:\/\/cooltivarte.com\/portal\/calendula-herbario-del-alma\/#article","isPartOf":{"@id":"https:\/\/cooltivarte.com\/portal\/calendula-herbario-del-alma\/"},"author":{"name":"Daniel Benoit Cassou","@id":"https:\/\/cooltivarte.com\/portal\/#\/schema\/person\/175e2af38af164206375abd19e491b3f"},"headline":"Cal\u00e9ndula &#8211; Herbario del alma","datePublished":"2026-08-28T18:18:01+00:00","dateModified":"2026-08-30T18:22:27+00:00","mainEntityOfPage":{"@id":"https:\/\/cooltivarte.com\/portal\/calendula-herbario-del-alma\/"},"wordCount":490,"publisher":{"@id":"https:\/\/cooltivarte.com\/portal\/#organization"},"image":{"@id":"https:\/\/cooltivarte.com\/portal\/calendula-herbario-del-alma\/#primaryimage"},"thumbnailUrl":"https:\/\/cooltivarte.com\/portal\/wp-content\/uploads\/2026\/08\/Calendula-\u2013-Herbario-del-alma.webp","keywords":["Cal\u00e9ndula","Canelones","Draupadi Santiago","Herbario","La Tahona"],"articleSection":["Arte"],"inLanguage":"es"},{"@type":"WebPage","@id":"https:\/\/cooltivarte.com\/portal\/calendula-herbario-del-alma\/","url":"https:\/\/cooltivarte.com\/portal\/calendula-herbario-del-alma\/","name":"Cal\u00e9ndula - Herbario del alma - Cooltivarte Portal","isPartOf":{"@id":"https:\/\/cooltivarte.com\/portal\/#website"},"primaryImageOfPage":{"@id":"https:\/\/cooltivarte.com\/portal\/calendula-herbario-del-alma\/#primaryimage"},"image":{"@id":"https:\/\/cooltivarte.com\/portal\/calendula-herbario-del-alma\/#primaryimage"},"thumbnailUrl":"https:\/\/cooltivarte.com\/portal\/wp-content\/uploads\/2026\/08\/Calendula-\u2013-Herbario-del-alma.webp","datePublished":"2026-08-28T18:18:01+00:00","dateModified":"2026-08-30T18:22:27+00:00","description":"Hoy, nuevamente convocados por Draupadi Santiago bajo su programa \u201cHerbario del alma\u201d, nos reunimos en su taller para experimentar con la acuarela.","breadcrumb":{"@id":"https:\/\/cooltivarte.com\/portal\/calendula-herbario-del-alma\/#breadcrumb"},"inLanguage":"es","potentialAction":[{"@type":"ReadAction","target":["https:\/\/cooltivarte.com\/portal\/calendula-herbario-del-alma\/"]}]},{"@type":"ImageObject","inLanguage":"es","@id":"https:\/\/cooltivarte.com\/portal\/calendula-herbario-del-alma\/#primaryimage","url":"https:\/\/cooltivarte.com\/portal\/wp-content\/uploads\/2026\/08\/Calendula-\u2013-Herbario-del-alma.webp","contentUrl":"https:\/\/cooltivarte.com\/portal\/wp-content\/uploads\/2026\/08\/Calendula-\u2013-Herbario-del-alma.webp","width":900,"height":1600,"caption":"Cal\u00e9ndula \u2013 Herbario del alma - Vi\u00f1edos de La Tahona, Canelones por Daniel Benoit Cassou"},{"@type":"BreadcrumbList","@id":"https:\/\/cooltivarte.com\/portal\/calendula-herbario-del-alma\/#breadcrumb","itemListElement":[{"@type":"ListItem","position":1,"name":"Portada","item":"https:\/\/cooltivarte.com\/portal\/"},{"@type":"ListItem","position":2,"name":"Cal\u00e9ndula &#8211; Herbario del alma"}]},{"@type":"WebSite","@id":"https:\/\/cooltivarte.com\/portal\/#website","url":"https:\/\/cooltivarte.com\/portal\/","name":"Cooltivarte Portal","description":"Arte, cultura y turismo para el mundo ...","publisher":{"@id":"https:\/\/cooltivarte.com\/portal\/#organization"},"potentialAction":[{"@type":"SearchAction","target":{"@type":"EntryPoint","urlTemplate":"https:\/\/cooltivarte.com\/portal\/?s={search_term_string}"},"query-input":{"@type":"PropertyValueSpecification","valueRequired":true,"valueName":"search_term_string"}}],"inLanguage":"es"},{"@type":"Organization","@id":"https:\/\/cooltivarte.com\/portal\/#organization","name":"cooltivarte","url":"https:\/\/cooltivarte.com\/portal\/","logo":{"@type":"ImageObject","inLanguage":"es","@id":"https:\/\/cooltivarte.com\/portal\/#\/schema\/logo\/image\/","url":"https:\/\/cooltivarte.com\/portal\/wp-content\/uploads\/2020\/04\/logo-cooltivarte-v2.png","contentUrl":"https:\/\/cooltivarte.com\/portal\/wp-content\/uploads\/2020\/04\/logo-cooltivarte-v2.png","width":851,"height":243,"caption":"cooltivarte"},"image":{"@id":"https:\/\/cooltivarte.com\/portal\/#\/schema\/logo\/image\/"},"sameAs":["https:\/\/www.facebook.com\/cooltivartecom\/","https:\/\/x.com\/obolocultural","https:\/\/www.instagram.com\/_cooltivarte_\/","https:\/\/www.linkedin.com\/company\/-bolocultural?reportsuccess=8zaNG1HwhPbAR9iQhZ5rfGeqz_vQFftHun0ZWU0Wy9vNemRJ8vtcKdJvzQfW8XagyOJSKg0XvfJ1dp","https:\/\/www.pinterest.com\/cooltivarte\/","https:\/\/cooltivarte.tumblr.com\/","https:\/\/www.tiktok.com\/@cooltivarte","https:\/\/www.youtube.com\/@PrensaCooltivarte"]},{"@type":"Person","@id":"https:\/\/cooltivarte.com\/portal\/#\/schema\/person\/175e2af38af164206375abd19e491b3f","name":"Daniel Benoit Cassou","image":{"@type":"ImageObject","inLanguage":"es","@id":"https:\/\/cooltivarte.com\/portal\/wp-content\/uploads\/2022\/11\/daniel-benoit-120x120.jpg","url":"https:\/\/cooltivarte.com\/portal\/wp-content\/uploads\/2022\/11\/daniel-benoit-120x120.jpg","contentUrl":"https:\/\/cooltivarte.com\/portal\/wp-content\/uploads\/2022\/11\/daniel-benoit-120x120.jpg","caption":"Daniel Benoit Cassou"},"description":"Daniel Benoit - (Uruguay, 1961), es contador p\u00fablico de profesi\u00f3n. Hizo su formaci\u00f3n art\u00edstica en los talleres de Hugo Longa, Clever Lara y Lacy Duarte; escultura con Jos\u00e9 Pelayo y fotograf\u00eda con Enrique Abal, Oscar Bonilla y Roberto Schettini. Realiz\u00f3 cursos de formaci\u00f3n te\u00f3rica con Nelson Di Maggio, Alfredo Torres, Nelson Bali\u00f1o y Emma Sanguinetti, entre otros. Ha participado en muestras de fotografias, colectivas asi como individuales: 2007 \u2013 Facultad de Ciencias Econ\u00f3micas; Centro Cultural Lapido; Club de Golf; Fotogramas - Montevideo 2009 \u2013 Galer\u00eda de arte La Pasionaria \u2013 Club de Golf - Montevideo 2010 \u2013 A la Follie; Trattoria La Commedia; Club de Golf \u2013 Montevideo 2011 \u2013 Museo del Azulejo; Fotograma; Club de Golf \u2013 Montevideo; Bienal X \u2013 Salto 2012 \u2013 Espacio Innova \u2013 Punta del Este Es asiduo asistente a las principales bienales de arte: Venecia, Lyon, San Pablo, Cuba, Porto Alegre, Lima, as\u00ed como ferias de Basilea, Paris, Buenos Aires, entre otras. Es coleccionista de arte nacional, asesor de arte contempor\u00e1neo, escribe en sus blogs y es columnista de la revista de arte nacional \u201cCooltivarte\u201d desde el 2012, asi como de la revista \u201cArte\u201d del periodico \u201cEl Pais\u201d. Blog","sameAs":["https:\/\/danielbenoit.art\/","https:\/\/www.facebook.com\/daniel.benoit.3557?fref=ts","https:\/\/www.instagram.com\/danielbenoitcassou\/","https:\/\/www.linkedin.com\/in\/daniel-benoit-87890a39\/","https:\/\/www.pinterest.com\/cooltivarte","https:\/\/x.com\/https:\/\/x.com\/obolocultural","https:\/\/www.youtube.com\/@PrensaCooltivarte","https:\/\/www.tumblr.com\/blog\/cooltivarte"],"url":"https:\/\/cooltivarte.com\/portal\/author\/benoit\/"}]}},"_links":{"self":[{"href":"https:\/\/cooltivarte.com\/portal\/wp-json\/wp\/v2\/posts\/133243","targetHints":{"allow":["GET"]}}],"collection":[{"href":"https:\/\/cooltivarte.com\/portal\/wp-json\/wp\/v2\/posts"}],"about":[{"href":"https:\/\/cooltivarte.com\/portal\/wp-json\/wp\/v2\/types\/post"}],"author":[{"embeddable":true,"href":"https:\/\/cooltivarte.com\/portal\/wp-json\/wp\/v2\/users\/14"}],"replies":[{"embeddable":true,"href":"https:\/\/cooltivarte.com\/portal\/wp-json\/wp\/v2\/comments?post=133243"}],"version-history":[{"count":2,"href":"https:\/\/cooltivarte.com\/portal\/wp-json\/wp\/v2\/posts\/133243\/revisions"}],"predecessor-version":[{"id":133246,"href":"https:\/\/cooltivarte.com\/portal\/wp-json\/wp\/v2\/posts\/133243\/revisions\/133246"}],"wp:featuredmedia":[{"embeddable":true,"href":"https:\/\/cooltivarte.com\/portal\/wp-json\/wp\/v2\/media\/133244"}],"wp:attachment":[{"href":"https:\/\/cooltivarte.com\/portal\/wp-json\/wp\/v2\/media?parent=133243"}],"wp:term":[{"taxonomy":"category","embeddable":true,"href":"https:\/\/cooltivarte.com\/portal\/wp-json\/wp\/v2\/categories?post=133243"},{"taxonomy":"post_tag","embeddable":true,"href":"https:\/\/cooltivarte.com\/portal\/wp-json\/wp\/v2\/tags?post=133243"}],"curies":[{"name":"wp","href":"https:\/\/api.w.org\/{rel}","templated":true}]}}