{"id":13019,"date":"2015-05-30T19:29:24","date_gmt":"2015-05-30T19:29:24","guid":{"rendered":"http:\/\/cooltivarte.com\/portal\/?p=13019"},"modified":"2019-03-14T19:48:30","modified_gmt":"2019-03-14T22:48:30","slug":"jazz-velas-y-personajes-de-ficcion-para-amenizar","status":"publish","type":"post","link":"https:\/\/cooltivarte.com\/portal\/jazz-velas-y-personajes-de-ficcion-para-amenizar\/","title":{"rendered":"Jazz, velas y personajes de ficci\u00f3n para amenizar"},"content":{"rendered":"<p style=\"text-align: justify;\"><strong>El 27 de mayo, Tractatus present\u00f3 a PETER &amp; THE REAL BOOKS. Una banda de\u00a0jazz compuesta por: Luca Raimondo (saxo), Pedro Ay\u00e7aguer (guitarra), Emiliano\u00a0Pastor (bajo), Nicol\u00e1s Molina (percusi\u00f3n) y German Carceles (flauta). Unos guachos\u00a0uruguayos que se juntaron para tocar covers de los cl\u00e1sicos del jazz.<\/strong><\/p>\n<p style=\"text-align: justify;\"><span style=\"line-height: 1.5em;\">Los grandes contenedores del puerto que se ven desde la Rambla 26 de Marzo, le dan\u00a0<\/span>a Tractatus un aire underground. Afuera en las mesitas, un se\u00f1or con aires de Hagrid\u00a0de Harry Potter reten\u00eda toda la visi\u00f3n del lugar.<\/p>\n<p style=\"text-align: justify;\"><span style=\"line-height: 1.5em;\">La entrada iluminada de azul y decorada con telas blancas me dio la sensaci\u00f3n de que\u00a0<\/span>quiz\u00e1s pod\u00eda estar muy informal para la ocasi\u00f3n. Pero cuando entr\u00e9, me encuentro\u00a0que Pedro, el guitarrista, vest\u00eda con jeans (muy) rotos, andaba en medias y musculosa.<\/p>\n<p style=\"text-align: justify;\"><span style=\"line-height: 1.5em;\">A la entrada del sal\u00f3n, una pareja se hablaba con mimos iluminados por la luz de la\u00a0<\/span>velita del centro de la mesa.<\/p>\n<p style=\"text-align: justify;\">Luego al fondo, un hombre con apariencia de alguien\u00a0interesante, cual Dios mismo, iba acompa\u00f1ado por una mujer en cada lado que le\u00a0hablaban sin cesar.<\/p>\n<p style=\"text-align: justify;\"><span style=\"line-height: 1.5em;\">Del otro lado, dos veteranos estaban siendo atendidos por una moza que parec\u00eda\u00a0<\/span>sacada de un personaje de ficci\u00f3n, era alt\u00edsima y delgada, con la cara tan peque\u00f1a\u00a0como la moneda de un peso y su rostro te llevaba a viajar por cualquier personaje\u00a0mitol\u00f3gico. Una figura que sal\u00eda de lo tradicional.<\/p>\n<p style=\"text-align: justify;\"><span style=\"line-height: 1.5em;\">\u00bfPuedo atenderlos? Dijo. Si\u00e9ntense tranquilos.<\/span><\/p>\n<p style=\"text-align: justify;\"><span style=\"line-height: 1.5em;\">Ah\u00ed quedamos mi amigo y yo con dos tragos, a la luz de la velita y de la l\u00e1mpara de\u00a0<\/span>mimbre frente a la banda.<\/p>\n<p style=\"text-align: justify;\"><span style=\"line-height: 1.5em;\">Los cinco miraban con desgana la cantidad de p\u00fablico presente. Eran casi las 20 y\u00a0<\/span>a\u00fan no se hab\u00eda llenado ni la mitad del bar. Pero deb\u00edan continuar, as\u00ed que m\u00e1s tarde\u00a0que nunca, comenzaron a tocar.<\/p>\n<p style=\"text-align: justify;\"><span style=\"line-height: 1.5em;\">De inmediato, el bar se transport\u00f3 a cualquier pel\u00edcula yanqui hollywoodense. Al\u00a0<\/span>principio hubo mucha timidez. Despu\u00e9s de 3 o 4 canciones, se present\u00f3 a los\u00a0integrantes de la banda y agradecieron a Mart\u00edn por la musicalizaci\u00f3n.<\/p>\n<p style=\"text-align: justify;\"><span style=\"line-height: 1.5em;\">&#8211; 30 minutos de descanso-.<\/span><\/p>\n<p style=\"text-align: justify;\"><span style=\"line-height: 1.5em;\">Para el segundo tiempo, hab\u00edan llegado unas 5 personas m\u00e1s y las cervezas ya se\u00a0<\/span>estaban empezando a sentir. Apenas tocaron la primera nota, ya la intensi\u00f3n era\u00a0diferente. La inspiraci\u00f3n les lleg\u00f3 y no hubo quien los detuviera. La improvisaci\u00f3n fue\u00a0el punto clave que necesitaban y cada uno dio lo mejor de s\u00ed.<\/p>\n<p style=\"text-align: justify;\"><span style=\"line-height: 1.5em;\">En una de las canciones, el vecino de mesa no aguant\u00f3 m\u00e1s y grit\u00f3 \u00a1Es Justify!<\/span><\/p>\n<p style=\"text-align: justify;\"><span style=\"line-height: 1.5em;\">\u00a1Justify, la canci\u00f3n!\u2026 \u00a1Bravo!<\/span><\/p>\n<p style=\"text-align: justify;\"><span style=\"line-height: 1.5em;\">En la \u00faltima, la gente comenz\u00f3 a gritar nooo, noo en modo c\u00e1ntico. El vecino, de\u00a0<\/span>nuevo: \u00a1Justify bo! \u00a1Toquen Justify! Y tuvieron que agregar a su presentaci\u00f3n una\u00a0m\u00e1s\u2026 No era Justify. Quiz\u00e1s nunca fue.<\/p>\n<p style=\"text-align: justify;\"><span style=\"line-height: 1.5em;\">Los aplausos fueron tantos como los de un auditorio de 70 personas. As\u00ed que lo que al\u00a0<\/span>principio parec\u00eda una presentaci\u00f3n que no ten\u00eda ni pies ni cabeza, termin\u00f3 siendo un\u00a0lindo espect\u00e1culo. Peque\u00f1o, pero con bastante buena onda y gente que apoyaba. Sin\u00a0duda, el pr\u00f3ximo no hay que perd\u00e9rselo.<\/p>\n<p style=\"text-align: justify;\">Imagen portada:\u00a0Peter &amp; The Real Books en Tractatus. 27 de Mayo 2015 &#8211; Foto \u00a9 Javier Fuentes<\/p>\n<p style=\"text-align: justify;\">\n<p>&nbsp;<\/p>\n<p>https:\/\/www.facebook.com\/media\/set\/?set=a.869152259798355.1073742436.163210523725869&#038;type=3<\/p>\n<p>&nbsp;<\/p>\n<p>&nbsp;<\/p>\n<p style=\"text-align: justify;\">[sam id=&#8221;21&#8243; name=&#8221;notas y articulos&#8221; codes=&#8221;true&#8221;]<\/p>\n<p>&nbsp;<\/p>\n","protected":false},"excerpt":{"rendered":"<p>El 27 de mayo, Tractatus present\u00f3 a PETER &amp; THE REAL BOOKS. Una banda de\u00a0jazz compuesta por: Luca Raimondo (saxo), Pedro Ay\u00e7aguer (guitarra), Emiliano\u00a0Pastor (bajo), Nicol\u00e1s Molina (percusi\u00f3n) y German Carceles (flauta). Unos guachos\u00a0uruguayos que se juntaron para tocar covers de los cl\u00e1sicos del jazz. Los grandes contenedores del puerto que se ven desde la [&hellip;]<\/p>\n","protected":false},"author":61,"featured_media":13020,"comment_status":"closed","ping_status":"closed","sticky":false,"template":"","format":"standard","meta":{"om_disable_all_campaigns":false,"ngg_post_thumbnail":0,"jnews-multi-image_gallery":[],"jnews_single_post":[],"jnews_primary_category":[],"jnews_social_meta":[],"jnews_override_counter":[],"footnotes":""},"categories":[50],"tags":[100,322,3043,88],"class_list":["post-13019","post","type-post","status-publish","format-standard","has-post-thumbnail","hentry","category-coberturas","tag-musica","tag-musica-uruguaya","tag-peter-the-real-books","tag-uruguay"],"yoast_head":"<!-- This site is optimized with the Yoast SEO plugin v27.5 - https:\/\/yoast.com\/product\/yoast-seo-wordpress\/ -->\n<title>Jazz, velas y personajes de ficci\u00f3n para amenizar - Cooltivarte Portal<\/title>\n<meta name=\"description\" content=\"COOLTIVARTE.COM es un portal digital colaborativo de actualizaci\u00f3n permanente dedicado a difundir el acontecer art\u00edstico y cultural, entrevista artistas, gestores y productores de las diferentes disciplinas del arte, y publicando art\u00edculos de reflexi\u00f3n de producci\u00f3n propia sobre los elementos culturales.\" \/>\n<meta name=\"robots\" content=\"index, follow, max-snippet:-1, max-image-preview:large, max-video-preview:-1\" \/>\n<link rel=\"canonical\" href=\"https:\/\/cooltivarte.com\/portal\/jazz-velas-y-personajes-de-ficcion-para-amenizar\/\" \/>\n<meta property=\"og:locale\" content=\"es_ES\" \/>\n<meta property=\"og:type\" content=\"article\" \/>\n<meta property=\"og:title\" content=\"Jazz, velas y personajes de ficci\u00f3n para amenizar - Cooltivarte Portal\" \/>\n<meta property=\"og:description\" content=\"COOLTIVARTE.COM es un portal digital colaborativo de actualizaci\u00f3n permanente dedicado a difundir el acontecer art\u00edstico y cultural, entrevista artistas, gestores y productores de las diferentes disciplinas del arte, y publicando art\u00edculos de reflexi\u00f3n de producci\u00f3n propia sobre los elementos culturales.\" \/>\n<meta property=\"og:url\" content=\"https:\/\/cooltivarte.com\/portal\/jazz-velas-y-personajes-de-ficcion-para-amenizar\/\" \/>\n<meta property=\"og:site_name\" content=\"Cooltivarte Portal\" \/>\n<meta property=\"article:publisher\" content=\"https:\/\/www.facebook.com\/cooltivartecom\/\" \/>\n<meta property=\"article:author\" content=\"https:\/\/www.facebook.com\/smedouze?fref=ts\" \/>\n<meta property=\"article:published_time\" content=\"2015-05-30T19:29:24+00:00\" \/>\n<meta property=\"article:modified_time\" content=\"2019-03-14T22:48:30+00:00\" \/>\n<meta property=\"og:image\" content=\"https:\/\/cooltivarte.com\/portal\/wp-content\/uploads\/2015\/05\/Peter-y-The-Real-Books-foto-Javier-Fuentes.jpg\" \/>\n\t<meta property=\"og:image:width\" content=\"960\" \/>\n\t<meta property=\"og:image:height\" content=\"600\" \/>\n\t<meta property=\"og:image:type\" content=\"image\/jpeg\" \/>\n<meta name=\"author\" content=\"Sinay Medouze\" \/>\n<meta name=\"twitter:card\" content=\"summary_large_image\" \/>\n<meta name=\"twitter:creator\" content=\"@https:\/\/x.com\/smedouze\" \/>\n<meta name=\"twitter:site\" content=\"@obolocultural\" \/>\n<meta name=\"twitter:label1\" content=\"Escrito por\" \/>\n\t<meta name=\"twitter:data1\" content=\"Sinay Medouze\" \/>\n\t<meta name=\"twitter:label2\" content=\"Tiempo de lectura\" \/>\n\t<meta name=\"twitter:data2\" content=\"3 minutos\" \/>\n<!-- \/ Yoast SEO plugin. -->","yoast_head_json":{"title":"Jazz, velas y personajes de ficci\u00f3n para amenizar - Cooltivarte Portal","description":"COOLTIVARTE.COM es un portal digital colaborativo de actualizaci\u00f3n permanente dedicado a difundir el acontecer art\u00edstico y cultural, entrevista artistas, gestores y productores de las diferentes disciplinas del arte, y publicando art\u00edculos de reflexi\u00f3n de producci\u00f3n propia sobre los elementos culturales.","robots":{"index":"index","follow":"follow","max-snippet":"max-snippet:-1","max-image-preview":"max-image-preview:large","max-video-preview":"max-video-preview:-1"},"canonical":"https:\/\/cooltivarte.com\/portal\/jazz-velas-y-personajes-de-ficcion-para-amenizar\/","og_locale":"es_ES","og_type":"article","og_title":"Jazz, velas y personajes de ficci\u00f3n para amenizar - Cooltivarte Portal","og_description":"COOLTIVARTE.COM es un portal digital colaborativo de actualizaci\u00f3n permanente dedicado a difundir el acontecer art\u00edstico y cultural, entrevista artistas, gestores y productores de las diferentes disciplinas del arte, y publicando art\u00edculos de reflexi\u00f3n de producci\u00f3n propia sobre los elementos culturales.","og_url":"https:\/\/cooltivarte.com\/portal\/jazz-velas-y-personajes-de-ficcion-para-amenizar\/","og_site_name":"Cooltivarte Portal","article_publisher":"https:\/\/www.facebook.com\/cooltivartecom\/","article_author":"https:\/\/www.facebook.com\/smedouze?fref=ts","article_published_time":"2015-05-30T19:29:24+00:00","article_modified_time":"2019-03-14T22:48:30+00:00","og_image":[{"width":960,"height":600,"url":"https:\/\/cooltivarte.com\/portal\/wp-content\/uploads\/2015\/05\/Peter-y-The-Real-Books-foto-Javier-Fuentes.jpg","type":"image\/jpeg"}],"author":"Sinay Medouze","twitter_card":"summary_large_image","twitter_creator":"@https:\/\/x.com\/smedouze","twitter_site":"@obolocultural","twitter_misc":{"Escrito por":"Sinay Medouze","Tiempo de lectura":"3 minutos"},"schema":{"@context":"https:\/\/schema.org","@graph":[{"@type":"NewsArticle","@id":"https:\/\/cooltivarte.com\/portal\/jazz-velas-y-personajes-de-ficcion-para-amenizar\/#article","isPartOf":{"@id":"https:\/\/cooltivarte.com\/portal\/jazz-velas-y-personajes-de-ficcion-para-amenizar\/"},"author":{"name":"Sinay Medouze","@id":"https:\/\/cooltivarte.com\/portal\/#\/schema\/person\/6a03a79fa22a942db50b7f76f3141c57"},"headline":"Jazz, velas y personajes de ficci\u00f3n para amenizar","datePublished":"2015-05-30T19:29:24+00:00","dateModified":"2019-03-14T22:48:30+00:00","mainEntityOfPage":{"@id":"https:\/\/cooltivarte.com\/portal\/jazz-velas-y-personajes-de-ficcion-para-amenizar\/"},"wordCount":590,"publisher":{"@id":"https:\/\/cooltivarte.com\/portal\/#organization"},"image":{"@id":"https:\/\/cooltivarte.com\/portal\/jazz-velas-y-personajes-de-ficcion-para-amenizar\/#primaryimage"},"thumbnailUrl":"https:\/\/cooltivarte.com\/portal\/wp-content\/uploads\/2015\/05\/Peter-y-The-Real-Books-foto-Javier-Fuentes.jpg","keywords":["M\u00fasica","M\u00fasica Uruguaya","PETER &amp; THE REAL BOOKS","Uruguay"],"articleSection":["Coberturas"],"inLanguage":"es-AR"},{"@type":"WebPage","@id":"https:\/\/cooltivarte.com\/portal\/jazz-velas-y-personajes-de-ficcion-para-amenizar\/","url":"https:\/\/cooltivarte.com\/portal\/jazz-velas-y-personajes-de-ficcion-para-amenizar\/","name":"Jazz, velas y personajes de ficci\u00f3n para amenizar - Cooltivarte Portal","isPartOf":{"@id":"https:\/\/cooltivarte.com\/portal\/#website"},"primaryImageOfPage":{"@id":"https:\/\/cooltivarte.com\/portal\/jazz-velas-y-personajes-de-ficcion-para-amenizar\/#primaryimage"},"image":{"@id":"https:\/\/cooltivarte.com\/portal\/jazz-velas-y-personajes-de-ficcion-para-amenizar\/#primaryimage"},"thumbnailUrl":"https:\/\/cooltivarte.com\/portal\/wp-content\/uploads\/2015\/05\/Peter-y-The-Real-Books-foto-Javier-Fuentes.jpg","datePublished":"2015-05-30T19:29:24+00:00","dateModified":"2019-03-14T22:48:30+00:00","description":"COOLTIVARTE.COM es un portal digital colaborativo de actualizaci\u00f3n permanente dedicado a difundir el acontecer art\u00edstico y cultural, entrevista artistas, gestores y productores de las diferentes disciplinas del arte, y publicando art\u00edculos de reflexi\u00f3n de producci\u00f3n propia sobre los elementos culturales.","breadcrumb":{"@id":"https:\/\/cooltivarte.com\/portal\/jazz-velas-y-personajes-de-ficcion-para-amenizar\/#breadcrumb"},"inLanguage":"es-AR","potentialAction":[{"@type":"ReadAction","target":["https:\/\/cooltivarte.com\/portal\/jazz-velas-y-personajes-de-ficcion-para-amenizar\/"]}]},{"@type":"ImageObject","inLanguage":"es-AR","@id":"https:\/\/cooltivarte.com\/portal\/jazz-velas-y-personajes-de-ficcion-para-amenizar\/#primaryimage","url":"https:\/\/cooltivarte.com\/portal\/wp-content\/uploads\/2015\/05\/Peter-y-The-Real-Books-foto-Javier-Fuentes.jpg","contentUrl":"https:\/\/cooltivarte.com\/portal\/wp-content\/uploads\/2015\/05\/Peter-y-The-Real-Books-foto-Javier-Fuentes.jpg","width":960,"height":600,"caption":"imagen - Peter & The Real Books en Tractatus. 27 de Mayo 2015 - Foto \u00a9 Javier Fuentes"},{"@type":"BreadcrumbList","@id":"https:\/\/cooltivarte.com\/portal\/jazz-velas-y-personajes-de-ficcion-para-amenizar\/#breadcrumb","itemListElement":[{"@type":"ListItem","position":1,"name":"Portada","item":"https:\/\/cooltivarte.com\/portal\/"},{"@type":"ListItem","position":2,"name":"Jazz, velas y personajes de ficci\u00f3n para amenizar"}]},{"@type":"WebSite","@id":"https:\/\/cooltivarte.com\/portal\/#website","url":"https:\/\/cooltivarte.com\/portal\/","name":"Cooltivarte Portal","description":"Arte, cultura y turismo para el mundo ...","publisher":{"@id":"https:\/\/cooltivarte.com\/portal\/#organization"},"potentialAction":[{"@type":"SearchAction","target":{"@type":"EntryPoint","urlTemplate":"https:\/\/cooltivarte.com\/portal\/?s={search_term_string}"},"query-input":{"@type":"PropertyValueSpecification","valueRequired":true,"valueName":"search_term_string"}}],"inLanguage":"es-AR"},{"@type":"Organization","@id":"https:\/\/cooltivarte.com\/portal\/#organization","name":"cooltivarte","url":"https:\/\/cooltivarte.com\/portal\/","logo":{"@type":"ImageObject","inLanguage":"es-AR","@id":"https:\/\/cooltivarte.com\/portal\/#\/schema\/logo\/image\/","url":"https:\/\/cooltivarte.com\/portal\/wp-content\/uploads\/2020\/04\/logo-cooltivarte-v2.png","contentUrl":"https:\/\/cooltivarte.com\/portal\/wp-content\/uploads\/2020\/04\/logo-cooltivarte-v2.png","width":851,"height":243,"caption":"cooltivarte"},"image":{"@id":"https:\/\/cooltivarte.com\/portal\/#\/schema\/logo\/image\/"},"sameAs":["https:\/\/www.facebook.com\/cooltivartecom\/","https:\/\/x.com\/obolocultural","https:\/\/www.instagram.com\/_cooltivarte_\/","https:\/\/www.linkedin.com\/company\/-bolocultural?reportsuccess=8zaNG1HwhPbAR9iQhZ5rfGeqz_vQFftHun0ZWU0Wy9vNemRJ8vtcKdJvzQfW8XagyOJSKg0XvfJ1dp","https:\/\/www.pinterest.com\/cooltivarte\/","https:\/\/cooltivarte.tumblr.com\/","https:\/\/www.tiktok.com\/@cooltivarte","https:\/\/www.youtube.com\/@PrensaCooltivarte"]},{"@type":"Person","@id":"https:\/\/cooltivarte.com\/portal\/#\/schema\/person\/6a03a79fa22a942db50b7f76f3141c57","name":"Sinay Medouze","image":{"@type":"ImageObject","inLanguage":"es-AR","@id":"https:\/\/cooltivarte.com\/portal\/wp-content\/uploads\/2015\/05\/image.jpg","url":"https:\/\/cooltivarte.com\/portal\/wp-content\/uploads\/2015\/05\/image.jpg","contentUrl":"https:\/\/cooltivarte.com\/portal\/wp-content\/uploads\/2015\/05\/image.jpg","caption":"Sinay Medouze"},"description":"Venezolana que se vino al sur buscando un norte. Comunicadora de t\u00edtulo, escritora de coraz\u00f3n. Una viajera m\u00e1s que busca transmitir a trav\u00e9s de palabras lo que ve y siente a partir de vivencias positivas y constructivas. Creo en la magia del verbo y en la palabra Gracias.","sameAs":["https:\/\/uy.linkedin.com\/in\/smedouze","https:\/\/www.facebook.com\/smedouze?fref=ts","https:\/\/www.instagram.com\/_cooltivarte_\/","https:\/\/www.linkedin.com\/company\/-bolocultural","https:\/\/www.pinterest.com\/cooltivarte","https:\/\/x.com\/https:\/\/x.com\/smedouze","https:\/\/www.youtube.com\/@PrensaCooltivarte","https:\/\/www.tumblr.com\/blog\/cooltivarte"],"url":"https:\/\/cooltivarte.com\/portal\/author\/sinay-medouze\/"}]}},"_links":{"self":[{"href":"https:\/\/cooltivarte.com\/portal\/wp-json\/wp\/v2\/posts\/13019","targetHints":{"allow":["GET"]}}],"collection":[{"href":"https:\/\/cooltivarte.com\/portal\/wp-json\/wp\/v2\/posts"}],"about":[{"href":"https:\/\/cooltivarte.com\/portal\/wp-json\/wp\/v2\/types\/post"}],"author":[{"embeddable":true,"href":"https:\/\/cooltivarte.com\/portal\/wp-json\/wp\/v2\/users\/61"}],"replies":[{"embeddable":true,"href":"https:\/\/cooltivarte.com\/portal\/wp-json\/wp\/v2\/comments?post=13019"}],"version-history":[{"count":7,"href":"https:\/\/cooltivarte.com\/portal\/wp-json\/wp\/v2\/posts\/13019\/revisions"}],"predecessor-version":[{"id":46397,"href":"https:\/\/cooltivarte.com\/portal\/wp-json\/wp\/v2\/posts\/13019\/revisions\/46397"}],"wp:featuredmedia":[{"embeddable":true,"href":"https:\/\/cooltivarte.com\/portal\/wp-json\/wp\/v2\/media\/13020"}],"wp:attachment":[{"href":"https:\/\/cooltivarte.com\/portal\/wp-json\/wp\/v2\/media?parent=13019"}],"wp:term":[{"taxonomy":"category","embeddable":true,"href":"https:\/\/cooltivarte.com\/portal\/wp-json\/wp\/v2\/categories?post=13019"},{"taxonomy":"post_tag","embeddable":true,"href":"https:\/\/cooltivarte.com\/portal\/wp-json\/wp\/v2\/tags?post=13019"}],"curies":[{"name":"wp","href":"https:\/\/api.w.org\/{rel}","templated":true}]}}