{"id":12854,"date":"2015-05-23T20:40:27","date_gmt":"2015-05-23T20:40:27","guid":{"rendered":"http:\/\/cooltivarte.com\/portal\/?p=12854"},"modified":"2019-03-14T19:57:08","modified_gmt":"2019-03-14T22:57:08","slug":"l-a-william-blake-band-con-la-fuerza-de-the-doors","status":"publish","type":"post","link":"https:\/\/cooltivarte.com\/portal\/l-a-william-blake-band-con-la-fuerza-de-the-doors\/","title":{"rendered":"L.A. WILLIAM BLAKE BAND &#8211; Con la fuerza de The Doors."},"content":{"rendered":"<p><strong>Cuesta ir a un tributo y no pensar\u00a0\u201csonar\u00e1n tan bien?\u201d. Afortunadamente existen casos como\u00a0L.A.\u00a0William Blake Band, que te hacen sentir que vale la pena el tiempo y el dinero invertido. Una banda que tiene mucha fuerza sobre el escenario y que por ratos te hace pensar que estas en los 60 escuchando a The Doors en vivo. Si, se necesita un poco de imaginaci\u00f3n para cerrar los ojos y volver al pasado, pero estos chicos me lo hicieron\u00a0sentir.<\/strong><\/p>\n<p>Guitarras que suenan con fuerza, una gran bater\u00eda y la potente voz de su\u00a0vocalista hacen de\u00a0L.A.\u00a0William Blake Band una excelente banda tributo.<\/p>\n<p>Y el teclado? ese tan caracter\u00edstico de The Doors? ese que\u00a0Ray Manzarek, fundador de la banda (y que falleciera hace un\u00a0par de a\u00f1os), le diera una marca\u00a0registrada a la \u00a0agrupaci\u00f3n?<\/p>\n<p>no existe!<\/p>\n<p>S\u00e9 que muchos saltar\u00e1n de espanto, y si, se echa de menos en cada tema, pero no es excusa para decir que el nivel de esta banda tributo no da para catalogarla como una GRAN banda tributo.<\/p>\n<p>Ahora queda la duda de como ser\u00eda si a todo lo que ya tienen, les agregaran un teclado&#8230;<\/p>\n<p>&nbsp;<\/p>\n<p>&nbsp;<\/p>\n<p>https:\/\/www.facebook.com\/media\/set\/?set=a.866586073388307.1073742427.163210523725869&#038;type=1<\/p>\n<p>&nbsp;<\/p>\n<p>&nbsp;<\/p>\n<p style=\"text-align: justify;\">[sam id=&#8221;21&#8243; name=&#8221;notas y articulos&#8221; codes=&#8221;true&#8221;]<\/p>\n<p>&nbsp;<\/p>\n","protected":false},"excerpt":{"rendered":"<p>Cuesta ir a un tributo y no pensar\u00a0\u201csonar\u00e1n tan bien?\u201d. Afortunadamente existen casos como\u00a0L.A.\u00a0William Blake Band, que te hacen sentir que vale la pena el tiempo y el dinero invertido. Una banda que tiene mucha fuerza sobre el escenario y que por ratos te hace pensar que estas en los 60 escuchando a The Doors [&hellip;]<\/p>\n","protected":false},"author":52,"featured_media":12870,"comment_status":"closed","ping_status":"closed","sticky":false,"template":"","format":"standard","meta":{"om_disable_all_campaigns":false,"ngg_post_thumbnail":0,"jnews-multi-image_gallery":[],"jnews_single_post":[],"jnews_primary_category":[],"jnews_social_meta":[],"jnews_override_counter":[],"footnotes":""},"categories":[50],"tags":[3016,100,322,3017,88],"class_list":["post-12854","post","type-post","status-publish","format-standard","has-post-thumbnail","hentry","category-coberturas","tag-l-a-william-blake-band","tag-musica","tag-musica-uruguaya","tag-the-doors","tag-uruguay"],"yoast_head":"<!-- This site is optimized with the Yoast SEO plugin v27.5 - https:\/\/yoast.com\/product\/yoast-seo-wordpress\/ -->\n<title>L.A. WILLIAM BLAKE BAND - Con la fuerza de The Doors. - Cooltivarte Portal<\/title>\n<meta name=\"description\" content=\"COOLTIVARTE.COM es un portal digital colaborativo de actualizaci\u00f3n permanente dedicado a difundir el acontecer art\u00edstico y cultural, entrevista artistas, gestores y productores de las diferentes disciplinas del arte, y publicando art\u00edculos de reflexi\u00f3n de producci\u00f3n propia sobre los elementos culturales.\" \/>\n<meta name=\"robots\" content=\"index, follow, max-snippet:-1, max-image-preview:large, max-video-preview:-1\" \/>\n<link rel=\"canonical\" href=\"https:\/\/cooltivarte.com\/portal\/l-a-william-blake-band-con-la-fuerza-de-the-doors\/\" \/>\n<meta property=\"og:locale\" content=\"es_ES\" \/>\n<meta property=\"og:type\" content=\"article\" \/>\n<meta property=\"og:title\" content=\"L.A. WILLIAM BLAKE BAND - Con la fuerza de The Doors. - Cooltivarte Portal\" \/>\n<meta property=\"og:description\" content=\"COOLTIVARTE.COM es un portal digital colaborativo de actualizaci\u00f3n permanente dedicado a difundir el acontecer art\u00edstico y cultural, entrevista artistas, gestores y productores de las diferentes disciplinas del arte, y publicando art\u00edculos de reflexi\u00f3n de producci\u00f3n propia sobre los elementos culturales.\" \/>\n<meta property=\"og:url\" content=\"https:\/\/cooltivarte.com\/portal\/l-a-william-blake-band-con-la-fuerza-de-the-doors\/\" \/>\n<meta property=\"og:site_name\" content=\"Cooltivarte Portal\" \/>\n<meta property=\"article:publisher\" content=\"https:\/\/www.facebook.com\/cooltivartecom\/\" \/>\n<meta property=\"article:author\" content=\"https:\/\/www.facebook.com\/Javierismo\" \/>\n<meta property=\"article:published_time\" content=\"2015-05-23T20:40:27+00:00\" \/>\n<meta property=\"article:modified_time\" content=\"2019-03-14T22:57:08+00:00\" \/>\n<meta property=\"og:image\" content=\"https:\/\/cooltivarte.com\/portal\/wp-content\/uploads\/2015\/05\/Tributo-a-The-Doors-FOTO-Javier-Fuentes.jpg\" \/>\n\t<meta property=\"og:image:width\" content=\"960\" \/>\n\t<meta property=\"og:image:height\" content=\"600\" \/>\n\t<meta property=\"og:image:type\" content=\"image\/jpeg\" \/>\n<meta name=\"author\" content=\"Javier Fuentes\" \/>\n<meta name=\"twitter:card\" content=\"summary_large_image\" \/>\n<meta name=\"twitter:creator\" content=\"@https:\/\/x.com\/obolocultural\" \/>\n<meta name=\"twitter:site\" content=\"@obolocultural\" \/>\n<meta name=\"twitter:label1\" content=\"Escrito por\" \/>\n\t<meta name=\"twitter:data1\" content=\"Javier Fuentes\" \/>\n\t<meta name=\"twitter:label2\" content=\"Tiempo de lectura\" \/>\n\t<meta name=\"twitter:data2\" content=\"1 minuto\" \/>\n<!-- \/ Yoast SEO plugin. -->","yoast_head_json":{"title":"L.A. WILLIAM BLAKE BAND - Con la fuerza de The Doors. - Cooltivarte Portal","description":"COOLTIVARTE.COM es un portal digital colaborativo de actualizaci\u00f3n permanente dedicado a difundir el acontecer art\u00edstico y cultural, entrevista artistas, gestores y productores de las diferentes disciplinas del arte, y publicando art\u00edculos de reflexi\u00f3n de producci\u00f3n propia sobre los elementos culturales.","robots":{"index":"index","follow":"follow","max-snippet":"max-snippet:-1","max-image-preview":"max-image-preview:large","max-video-preview":"max-video-preview:-1"},"canonical":"https:\/\/cooltivarte.com\/portal\/l-a-william-blake-band-con-la-fuerza-de-the-doors\/","og_locale":"es_ES","og_type":"article","og_title":"L.A. WILLIAM BLAKE BAND - Con la fuerza de The Doors. - Cooltivarte Portal","og_description":"COOLTIVARTE.COM es un portal digital colaborativo de actualizaci\u00f3n permanente dedicado a difundir el acontecer art\u00edstico y cultural, entrevista artistas, gestores y productores de las diferentes disciplinas del arte, y publicando art\u00edculos de reflexi\u00f3n de producci\u00f3n propia sobre los elementos culturales.","og_url":"https:\/\/cooltivarte.com\/portal\/l-a-william-blake-band-con-la-fuerza-de-the-doors\/","og_site_name":"Cooltivarte Portal","article_publisher":"https:\/\/www.facebook.com\/cooltivartecom\/","article_author":"https:\/\/www.facebook.com\/Javierismo","article_published_time":"2015-05-23T20:40:27+00:00","article_modified_time":"2019-03-14T22:57:08+00:00","og_image":[{"width":960,"height":600,"url":"https:\/\/cooltivarte.com\/portal\/wp-content\/uploads\/2015\/05\/Tributo-a-The-Doors-FOTO-Javier-Fuentes.jpg","type":"image\/jpeg"}],"author":"Javier Fuentes","twitter_card":"summary_large_image","twitter_creator":"@https:\/\/x.com\/obolocultural","twitter_site":"@obolocultural","twitter_misc":{"Escrito por":"Javier Fuentes","Tiempo de lectura":"1 minuto"},"schema":{"@context":"https:\/\/schema.org","@graph":[{"@type":"NewsArticle","@id":"https:\/\/cooltivarte.com\/portal\/l-a-william-blake-band-con-la-fuerza-de-the-doors\/#article","isPartOf":{"@id":"https:\/\/cooltivarte.com\/portal\/l-a-william-blake-band-con-la-fuerza-de-the-doors\/"},"author":{"name":"Javier Fuentes","@id":"https:\/\/cooltivarte.com\/portal\/#\/schema\/person\/b9e8510bb155352181b9a7fb1444c2e0"},"headline":"L.A. WILLIAM BLAKE BAND &#8211; Con la fuerza de The Doors.","datePublished":"2015-05-23T20:40:27+00:00","dateModified":"2019-03-14T22:57:08+00:00","mainEntityOfPage":{"@id":"https:\/\/cooltivarte.com\/portal\/l-a-william-blake-band-con-la-fuerza-de-the-doors\/"},"wordCount":241,"publisher":{"@id":"https:\/\/cooltivarte.com\/portal\/#organization"},"image":{"@id":"https:\/\/cooltivarte.com\/portal\/l-a-william-blake-band-con-la-fuerza-de-the-doors\/#primaryimage"},"thumbnailUrl":"https:\/\/cooltivarte.com\/portal\/wp-content\/uploads\/2015\/05\/Tributo-a-The-Doors-FOTO-Javier-Fuentes.jpg","keywords":["L.A. WILLIAM BLAKE BAND","M\u00fasica","M\u00fasica Uruguaya","The Doors","Uruguay"],"articleSection":["Coberturas"],"inLanguage":"es-AR"},{"@type":"WebPage","@id":"https:\/\/cooltivarte.com\/portal\/l-a-william-blake-band-con-la-fuerza-de-the-doors\/","url":"https:\/\/cooltivarte.com\/portal\/l-a-william-blake-band-con-la-fuerza-de-the-doors\/","name":"L.A. WILLIAM BLAKE BAND - Con la fuerza de The Doors. - Cooltivarte Portal","isPartOf":{"@id":"https:\/\/cooltivarte.com\/portal\/#website"},"primaryImageOfPage":{"@id":"https:\/\/cooltivarte.com\/portal\/l-a-william-blake-band-con-la-fuerza-de-the-doors\/#primaryimage"},"image":{"@id":"https:\/\/cooltivarte.com\/portal\/l-a-william-blake-band-con-la-fuerza-de-the-doors\/#primaryimage"},"thumbnailUrl":"https:\/\/cooltivarte.com\/portal\/wp-content\/uploads\/2015\/05\/Tributo-a-The-Doors-FOTO-Javier-Fuentes.jpg","datePublished":"2015-05-23T20:40:27+00:00","dateModified":"2019-03-14T22:57:08+00:00","description":"COOLTIVARTE.COM es un portal digital colaborativo de actualizaci\u00f3n permanente dedicado a difundir el acontecer art\u00edstico y cultural, entrevista artistas, gestores y productores de las diferentes disciplinas del arte, y publicando art\u00edculos de reflexi\u00f3n de producci\u00f3n propia sobre los elementos culturales.","breadcrumb":{"@id":"https:\/\/cooltivarte.com\/portal\/l-a-william-blake-band-con-la-fuerza-de-the-doors\/#breadcrumb"},"inLanguage":"es-AR","potentialAction":[{"@type":"ReadAction","target":["https:\/\/cooltivarte.com\/portal\/l-a-william-blake-band-con-la-fuerza-de-the-doors\/"]}]},{"@type":"ImageObject","inLanguage":"es-AR","@id":"https:\/\/cooltivarte.com\/portal\/l-a-william-blake-band-con-la-fuerza-de-the-doors\/#primaryimage","url":"https:\/\/cooltivarte.com\/portal\/wp-content\/uploads\/2015\/05\/Tributo-a-The-Doors-FOTO-Javier-Fuentes.jpg","contentUrl":"https:\/\/cooltivarte.com\/portal\/wp-content\/uploads\/2015\/05\/Tributo-a-The-Doors-FOTO-Javier-Fuentes.jpg","width":960,"height":600,"caption":"imagen - Tributo a The Doors en Sala BJ. 22 de Mayo 2015 - Foto \u00a9 Javier Fuentes"},{"@type":"BreadcrumbList","@id":"https:\/\/cooltivarte.com\/portal\/l-a-william-blake-band-con-la-fuerza-de-the-doors\/#breadcrumb","itemListElement":[{"@type":"ListItem","position":1,"name":"Portada","item":"https:\/\/cooltivarte.com\/portal\/"},{"@type":"ListItem","position":2,"name":"L.A. WILLIAM BLAKE BAND &#8211; Con la fuerza de The Doors."}]},{"@type":"WebSite","@id":"https:\/\/cooltivarte.com\/portal\/#website","url":"https:\/\/cooltivarte.com\/portal\/","name":"Cooltivarte Portal","description":"Arte, cultura y turismo para el mundo ...","publisher":{"@id":"https:\/\/cooltivarte.com\/portal\/#organization"},"potentialAction":[{"@type":"SearchAction","target":{"@type":"EntryPoint","urlTemplate":"https:\/\/cooltivarte.com\/portal\/?s={search_term_string}"},"query-input":{"@type":"PropertyValueSpecification","valueRequired":true,"valueName":"search_term_string"}}],"inLanguage":"es-AR"},{"@type":"Organization","@id":"https:\/\/cooltivarte.com\/portal\/#organization","name":"cooltivarte","url":"https:\/\/cooltivarte.com\/portal\/","logo":{"@type":"ImageObject","inLanguage":"es-AR","@id":"https:\/\/cooltivarte.com\/portal\/#\/schema\/logo\/image\/","url":"https:\/\/cooltivarte.com\/portal\/wp-content\/uploads\/2020\/04\/logo-cooltivarte-v2.png","contentUrl":"https:\/\/cooltivarte.com\/portal\/wp-content\/uploads\/2020\/04\/logo-cooltivarte-v2.png","width":851,"height":243,"caption":"cooltivarte"},"image":{"@id":"https:\/\/cooltivarte.com\/portal\/#\/schema\/logo\/image\/"},"sameAs":["https:\/\/www.facebook.com\/cooltivartecom\/","https:\/\/x.com\/obolocultural","https:\/\/www.instagram.com\/_cooltivarte_\/","https:\/\/www.linkedin.com\/company\/-bolocultural?reportsuccess=8zaNG1HwhPbAR9iQhZ5rfGeqz_vQFftHun0ZWU0Wy9vNemRJ8vtcKdJvzQfW8XagyOJSKg0XvfJ1dp","https:\/\/www.pinterest.com\/cooltivarte\/","https:\/\/cooltivarte.tumblr.com\/","https:\/\/www.tiktok.com\/@cooltivarte","https:\/\/www.youtube.com\/@PrensaCooltivarte"]},{"@type":"Person","@id":"https:\/\/cooltivarte.com\/portal\/#\/schema\/person\/b9e8510bb155352181b9a7fb1444c2e0","name":"Javier Fuentes","image":{"@type":"ImageObject","inLanguage":"es-AR","@id":"https:\/\/cooltivarte.com\/portal\/wp-content\/uploads\/2021\/09\/javier-fuentes-sq-120x120.jpg","url":"https:\/\/cooltivarte.com\/portal\/wp-content\/uploads\/2021\/09\/javier-fuentes-sq-120x120.jpg","contentUrl":"https:\/\/cooltivarte.com\/portal\/wp-content\/uploads\/2021\/09\/javier-fuentes-sq-120x120.jpg","caption":"Javier Fuentes"},"description":"Dise\u00f1ador y fot\u00f3grafo. M\u00e1s de lo \u00faltimo. Llegu\u00e9 a Uruguay desde Chile casi por accidente y ac\u00e1 estoy, encantado de su gente y echando ra\u00edces. Iniciado en el mundo del dise\u00f1o y perfeccionando la t\u00e9cnica en Html, CSS y Javascript que termin\u00f3 por encantarme. La fotograf\u00eda la aprend\u00ed en la universidad y la perfeccion\u00e9 trabajando en un estudio en Santiago de Chile. Me enamor\u00f3 y hoy la tengo como mi hobby principal, adem\u00e1s de la m\u00fasica en vivo. De peque\u00f1o amante de los Beatles sin saberlo, gracias a mi padre, lo que desemboc\u00f3 en mi gusto por el rock cl\u00e1sico.","sameAs":["https:\/\/javierfuentes.cl\/","https:\/\/www.facebook.com\/Javierismo","https:\/\/www.instagram.com\/javierismo\/","http:\/\/www.linkedin.com\/in\/javierbravofuentes","https:\/\/www.pinterest.com\/cooltivarte","https:\/\/x.com\/https:\/\/x.com\/obolocultural","https:\/\/www.youtube.com\/@PrensaCooltivarte","https:\/\/www.tumblr.com\/blog\/cooltivarte"],"url":"https:\/\/cooltivarte.com\/portal\/author\/javierbravo\/"}]}},"_links":{"self":[{"href":"https:\/\/cooltivarte.com\/portal\/wp-json\/wp\/v2\/posts\/12854","targetHints":{"allow":["GET"]}}],"collection":[{"href":"https:\/\/cooltivarte.com\/portal\/wp-json\/wp\/v2\/posts"}],"about":[{"href":"https:\/\/cooltivarte.com\/portal\/wp-json\/wp\/v2\/types\/post"}],"author":[{"embeddable":true,"href":"https:\/\/cooltivarte.com\/portal\/wp-json\/wp\/v2\/users\/52"}],"replies":[{"embeddable":true,"href":"https:\/\/cooltivarte.com\/portal\/wp-json\/wp\/v2\/comments?post=12854"}],"version-history":[{"count":13,"href":"https:\/\/cooltivarte.com\/portal\/wp-json\/wp\/v2\/posts\/12854\/revisions"}],"predecessor-version":[{"id":46411,"href":"https:\/\/cooltivarte.com\/portal\/wp-json\/wp\/v2\/posts\/12854\/revisions\/46411"}],"wp:featuredmedia":[{"embeddable":true,"href":"https:\/\/cooltivarte.com\/portal\/wp-json\/wp\/v2\/media\/12870"}],"wp:attachment":[{"href":"https:\/\/cooltivarte.com\/portal\/wp-json\/wp\/v2\/media?parent=12854"}],"wp:term":[{"taxonomy":"category","embeddable":true,"href":"https:\/\/cooltivarte.com\/portal\/wp-json\/wp\/v2\/categories?post=12854"},{"taxonomy":"post_tag","embeddable":true,"href":"https:\/\/cooltivarte.com\/portal\/wp-json\/wp\/v2\/tags?post=12854"}],"curies":[{"name":"wp","href":"https:\/\/api.w.org\/{rel}","templated":true}]}}