{"id":127285,"date":"2026-05-03T12:38:35","date_gmt":"2026-05-03T15:38:35","guid":{"rendered":"https:\/\/cooltivarte.com\/portal\/?p=127285"},"modified":"2026-05-03T12:43:33","modified_gmt":"2026-05-03T15:43:33","slug":"dia-del-jazz-mvd-big-band","status":"publish","type":"post","link":"https:\/\/cooltivarte.com\/portal\/dia-del-jazz-mvd-big-band\/","title":{"rendered":"D\u00eda del Jazz \u2013 Mvd Big Band"},"content":{"rendered":"<figure id=\"attachment_127286\" aria-describedby=\"caption-attachment-127286\" style=\"width: 1024px\" class=\"wp-caption aligncenter\"><img fetchpriority=\"high\" decoding=\"async\" class=\"wp-image-127286 size-large\" title=\"D\u00eda del Jazz \u2013 Mvd Big Band - 29 de Abril 2026 en la Sala Zitarrosa - Foto Aiko Melody Gabrielle\" src=\"https:\/\/cooltivarte.com\/portal\/wp-content\/uploads\/2026\/05\/Dia-del-Jazz-\u2013-Mvd-Big-Band-29-de-Abril-2026-en-la-Sala-Zitarrosa-Foto-Aiko-Melody-Gabrielle-1024x683.jpg\" alt=\"D\u00eda del Jazz \u2013 Mvd Big Band - 29 de Abril 2026 en la Sala Zitarrosa - Foto Aiko Melody Gabrielle\" width=\"1024\" height=\"683\" srcset=\"https:\/\/cooltivarte.com\/portal\/wp-content\/uploads\/2026\/05\/Dia-del-Jazz-\u2013-Mvd-Big-Band-29-de-Abril-2026-en-la-Sala-Zitarrosa-Foto-Aiko-Melody-Gabrielle-1024x683.jpg 1024w, https:\/\/cooltivarte.com\/portal\/wp-content\/uploads\/2026\/05\/Dia-del-Jazz-\u2013-Mvd-Big-Band-29-de-Abril-2026-en-la-Sala-Zitarrosa-Foto-Aiko-Melody-Gabrielle-300x200.jpg 300w, https:\/\/cooltivarte.com\/portal\/wp-content\/uploads\/2026\/05\/Dia-del-Jazz-\u2013-Mvd-Big-Band-29-de-Abril-2026-en-la-Sala-Zitarrosa-Foto-Aiko-Melody-Gabrielle-768x512.jpg 768w, https:\/\/cooltivarte.com\/portal\/wp-content\/uploads\/2026\/05\/Dia-del-Jazz-\u2013-Mvd-Big-Band-29-de-Abril-2026-en-la-Sala-Zitarrosa-Foto-Aiko-Melody-Gabrielle.jpg 1200w\" sizes=\"(max-width: 1024px) 100vw, 1024px\" \/><figcaption id=\"caption-attachment-127286\" class=\"wp-caption-text\">D\u00eda del Jazz \u2013 Mvd Big Band &#8211; 29 de Abril 2026 en la Sala Zitarrosa &#8211; Foto Aiko Melody Gabrielle<\/figcaption><\/figure>\n<p>&nbsp;<\/p>\n<p>La ciudad de Montevideo se adhiri\u00f3 a la celebraci\u00f3n del <strong>D\u00eda Internacional del Jazz<\/strong>, fecha UNESCO que se festeja internacionalmente los d\u00edas 30 de abril.<\/p>\n<p>En ese marco se present\u00f3 la <a href=\"https:\/\/cooltivarte.com\/portal\/?s=MVD+BIG+BAND\" target=\"_blank\" rel=\"noopener\"><strong>MVD BIG BAND<\/strong><\/a> con un concierto especial que destac\u00f3 arreglos de compositores uruguayos y m\u00fasica original. Con una trayectoria reconocida por sus altos est\u00e1ndares art\u00edsticos y su repertorio moderno, arriesgado, potente y refinado.<\/p>\n<p>&nbsp;<\/p>\n<p>&nbsp;<\/p>\n<h3>&nbsp;<a href=\"https:\/\/www.facebook.com\/media\/set\/?set=a.1513715064125681&amp;type=3\" target=\"_blank\" rel=\"noopener\">Ir a la fotogaler\u00eda<\/a><\/h3>\n<p><iframe style=\"border: none; overflow: hidden;\" src=\"https:\/\/www.facebook.com\/plugins\/post.php?href=https%3A%2F%2Fwww.facebook.com%2Fmedia%2Fset%2F%3Fset%3Da.1513715064125681%26type%3D3&amp;width=100%\" width=\"100%\" height=\"669\" frameborder=\"0\" scrolling=\"no\"><\/iframe><br \/>\n&nbsp;<\/p>\n<p>&nbsp;<\/p>\n<p>La banda ofreci\u00f3 una noche \u00fanica de jazz y m\u00fasica uruguaya en uno de los teatros m\u00e1s emblem\u00e1ticos del centro de la ciudad, la <strong>Sala Zitarrosa<\/strong>, con 17 m\u00fasicas y m\u00fasicos en escena, bajo la direcci\u00f3n del compositor y arreglador uruguayo, radicado en Argentina, <strong>Daniel Camelo<\/strong>.<\/p>\n<p>La ciudad anfitriona del <strong>D\u00eda Internacional del Jazz 2026<\/strong> ser\u00e1 Chicago, Estados Unidos, edici\u00f3n que marcar\u00e1 los 15 a\u00f1os de este evento y coincidir\u00e1 con el 250\u00b0 aniversario de los Estados Unidos de Am\u00e9rica.&nbsp;Las actividades musicales realizadas en adhesi\u00f3n al D\u00eda del Jazz, tienen como objetivo sensibilizar al p\u00fablico general sobre las virtudes de la m\u00fasica jazz como herramienta educativa y como motor para la paz, la unidad, el di\u00e1logo y el refuerzo de la cooperaci\u00f3n entre los pueblos.<\/p>\n<p><strong>INTEGRANTES:<\/strong> Bater\u00eda: <strong>Tato Bolognini<\/strong> &#8211; Contrabajo: <strong>Juan Pablo Szilagyi<\/strong> \u2013 Piano:<strong> Ignacio Nacho Labrada<\/strong> \u2013 Saxofones: <strong>Alejandra Genta<\/strong>, <strong>Gustavo Villalba<\/strong>, <strong>Benjam\u00edn Barreiro<\/strong>,<strong> Gonzalo Levin<\/strong>,<strong> Gabriel Manzanares<\/strong> \u2013 Trombones: <strong>Mart\u00edn Mor\u00f3n<\/strong>, <strong>Guille Olivera<\/strong>,<strong> Enzo Spadoni<\/strong>,<strong> Mario Vega<\/strong> \u2013 Trompetas: <strong>Manuel Acosta<\/strong>, <strong>Oscar \u201cManduco\u201d Pereyra<\/strong>, <strong>Dionisio Almeida<\/strong>,<strong> Alejandra G\u00f3mez<\/strong> &#8211; Direcci\u00f3n: <strong>Daniel Camelo<\/strong>.<\/p>\n<p>&nbsp;<\/p>\n<p>&nbsp;<\/p>\n<blockquote class=\"instagram-media\" style=\"background: #FFF; border: 0; border-radius: 3px; box-shadow: 0 0 1px 0 rgba(0,0,0,0.5),0 1px 10px 0 rgba(0,0,0,0.15); margin: 1px; max-width: 540px; min-width: 326px; padding: 0; width: calc(100% - 2px);\" data-instgrm-captioned=\"\" data-instgrm-permalink=\"https:\/\/www.instagram.com\/p\/DX4cbWwDrAf\/?utm_source=ig_embed&amp;utm_campaign=loading\" data-instgrm-version=\"14\">\n<div style=\"padding: 16px;\">\n<p>&nbsp;<\/p>\n<div style=\"display: flex; flex-direction: row; align-items: center;\">\n<div style=\"background-color: #f4f4f4; border-radius: 50%; flex-grow: 0; height: 40px; margin-right: 14px; width: 40px;\">&nbsp;<\/div>\n<div style=\"display: flex; flex-direction: column; flex-grow: 1; justify-content: center;\">\n<div style=\"background-color: #f4f4f4; border-radius: 4px; flex-grow: 0; height: 14px; margin-bottom: 6px; width: 100px;\">&nbsp;<\/div>\n<div style=\"background-color: #f4f4f4; border-radius: 4px; flex-grow: 0; height: 14px; width: 60px;\">&nbsp;<\/div>\n<\/div>\n<\/div>\n<div style=\"padding: 19% 0;\">&nbsp;<\/div>\n<div style=\"display: block; height: 50px; margin: 0 auto 12px; width: 50px;\">&nbsp;<\/div>\n<div style=\"padding-top: 8px;\">\n<div style=\"color: #3897f0; font-family: Arial,sans-serif; font-size: 14px; font-style: normal; font-weight: 550; line-height: 18px;\">Ver esta publicaci\u00f3n en Instagram<\/div>\n<\/div>\n<div style=\"padding: 12.5% 0;\">&nbsp;<\/div>\n<div style=\"display: flex; flex-direction: row; margin-bottom: 14px; align-items: center;\">\n<div>\n<div style=\"background-color: #f4f4f4; border-radius: 50%; height: 12.5px; width: 12.5px; transform: translateX(0px) translateY(7px);\">&nbsp;<\/div>\n<div style=\"background-color: #f4f4f4; height: 12.5px; transform: rotate(-45deg) translateX(3px) translateY(1px); width: 12.5px; flex-grow: 0; margin-right: 14px; margin-left: 2px;\">&nbsp;<\/div>\n<div style=\"background-color: #f4f4f4; border-radius: 50%; height: 12.5px; width: 12.5px; transform: translateX(9px) translateY(-18px);\">&nbsp;<\/div>\n<\/div>\n<div style=\"margin-left: 8px;\">\n<div style=\"background-color: #f4f4f4; border-radius: 50%; flex-grow: 0; height: 20px; width: 20px;\">&nbsp;<\/div>\n<div style=\"width: 0; height: 0; border-top: 2px solid transparent; border-left: 6px solid #f4f4f4; border-bottom: 2px solid transparent; transform: translateX(16px) translateY(-4px) rotate(30deg);\">&nbsp;<\/div>\n<\/div>\n<div style=\"margin-left: auto;\">\n<div style=\"width: 0px; border-top: 8px solid #F4F4F4; border-right: 8px solid transparent; transform: translateY(16px);\">&nbsp;<\/div>\n<div style=\"background-color: #f4f4f4; flex-grow: 0; height: 12px; width: 16px; transform: translateY(-4px);\">&nbsp;<\/div>\n<div style=\"width: 0; height: 0; border-top: 8px solid #F4F4F4; border-left: 8px solid transparent; transform: translateY(-4px) translateX(8px);\">&nbsp;<\/div>\n<\/div>\n<\/div>\n<div style=\"display: flex; flex-direction: column; flex-grow: 1; justify-content: center; margin-bottom: 24px;\">\n<div style=\"background-color: #f4f4f4; border-radius: 4px; flex-grow: 0; height: 14px; margin-bottom: 6px; width: 224px;\">&nbsp;<\/div>\n<div style=\"background-color: #f4f4f4; border-radius: 4px; flex-grow: 0; height: 14px; width: 144px;\">&nbsp;<\/div>\n<\/div>\n<p>&nbsp;<\/p>\n<p style=\"color: #c9c8cd; font-family: Arial,sans-serif; font-size: 14px; line-height: 17px; margin-bottom: 0; margin-top: 8px; overflow: hidden; padding: 8px 0 7px; text-align: center; text-overflow: ellipsis; white-space: nowrap;\"><a style=\"color: #c9c8cd; font-family: Arial,sans-serif; font-size: 14px; font-style: normal; font-weight: normal; line-height: 17px; text-decoration: none;\" href=\"https:\/\/www.instagram.com\/p\/DX4cbWwDrAf\/?utm_source=ig_embed&amp;utm_campaign=loading\" target=\"_blank\" rel=\"noopener\">Una publicaci\u00f3n compartida por cooltivarte.com (@_cooltivarte_)<\/a><\/p>\n<\/div>\n<\/blockquote>\n<p><script async=\"\" src=\"\/\/www.instagram.com\/embed.js\"><\/script><br \/>\n&nbsp;<\/p>\n<p>&nbsp;<\/p>\n<p>&nbsp;<\/p>\n","protected":false},"excerpt":{"rendered":"<p>La ciudad de Montevideo se adhiri\u00f3 a la celebraci\u00f3n del D\u00eda Internacional del Jazz, fecha UNESCO que se festeja internacionalmente los d\u00edas 30 de abril.<\/p>\n<p>En ese marco se present\u00f3 la MVD BIG BAND con un concierto especial que destac\u00f3 arreglos de compositores uruguayos y m\u00fasica original. Con una trayectoria reconocida por sus altos est\u00e1ndares art\u00edsticos y su repertorio moderno, arriesgado, potente y refinado.<\/p>\n","protected":false},"author":50,"featured_media":127286,"comment_status":"closed","ping_status":"closed","sticky":false,"template":"","format":"standard","meta":{"om_disable_all_campaigns":false,"ngg_post_thumbnail":0,"jnews-multi-image_gallery":[],"jnews_single_post":{"format":"standard","override":[{"template":"4","parallax":"1","layout":"right-sidebar","sidebar":"default-sidebar","second_sidebar":"default-sidebar","sticky_sidebar":"1","share_position":"bottom","share_float_style":"share-monocrhome","show_share_counter":"1","show_view_counter":"1","show_featured":"1","show_post_meta":"1","show_post_author":"1","show_post_author_image":"1","show_post_date":"1","post_date_format":"default","post_date_format_custom":"Y\/m\/d","show_post_category":"1","post_reading_time_wpm":"300","post_calculate_word_method":"str_word_count","zoom_button_out_step":"2","zoom_button_in_step":"3","show_post_tag":"1","show_prev_next_post":"1","show_popup_post":"1","show_comment_section":"1","number_popup_post":"1","show_author_box":"1","show_post_related":"0","show_inline_post_related":"0"}],"image_override":[{"single_post_thumbnail_size":"no-crop","single_post_gallery_size":"crop-500"}],"trending_post_position":"meta","trending_post_label":"Trending","sponsored_post_label":"Sponsored by","disable_ad":"0","subtitle":"29 de Abril 2026 en la Sala Zitarrosa"},"jnews_primary_category":[],"jnews_social_meta":{"fb_title":"D\u00eda del Jazz \u2013 Mvd Big Band - 29 de Abril 2026 en la Sala Zitarrosa - Foto Aiko Melody Gabrielle","twitter_title":"D\u00eda del Jazz \u2013 Mvd Big Band - 29 de Abril 2026 en la Sala Zitarrosa - Foto Aiko Melody Gabrielle","twitter_description":"La ciudad de Montevideo se adhiri\u00f3 a la celebraci\u00f3n del D\u00eda Internacional del Jazz, fecha UNESCO que se festeja internacionalmente los d\u00edas 30 de abril.","fb_description":"La ciudad de Montevideo se adhiri\u00f3 a la celebraci\u00f3n del D\u00eda Internacional del Jazz, fecha UNESCO que se festeja internacionalmente los d\u00edas 30 de abril.","fb_image":"127286","twitter_image":"127286"},"jnews_override_counter":{"view_counter_number":"0","share_counter_number":"0","like_counter_number":"0","dislike_counter_number":"0"},"footnotes":""},"categories":[50],"tags":[26414,6329,5537,62,3967],"class_list":["post-127285","post","type-post","status-publish","format-standard","has-post-thumbnail","hentry","category-coberturas","tag-daniel-camelo","tag-dia-internacional-del-jazz","tag-mvd-big-band","tag-sala-zitarrosa","tag-unesco"],"yoast_head":"<!-- This site is optimized with the Yoast SEO plugin v27.5 - https:\/\/yoast.com\/product\/yoast-seo-wordpress\/ -->\n<title>D\u00eda del Jazz \u2013 Mvd Big Band - Cooltivarte Portal<\/title>\n<meta name=\"description\" content=\"La ciudad de Montevideo se adhiri\u00f3 a la celebraci\u00f3n del D\u00eda Internacional del Jazz, fecha UNESCO que se festeja internacionalmente los d\u00edas 30 de abril.\" \/>\n<meta name=\"robots\" content=\"index, follow, max-snippet:-1, max-image-preview:large, max-video-preview:-1\" \/>\n<link rel=\"canonical\" href=\"https:\/\/cooltivarte.com\/portal\/dia-del-jazz-mvd-big-band\/\" \/>\n<meta property=\"og:locale\" content=\"es_ES\" \/>\n<meta property=\"og:type\" content=\"article\" \/>\n<meta property=\"og:title\" content=\"D\u00eda del Jazz \u2013 Mvd Big Band - 29 de Abril 2026 en la Sala Zitarrosa - Foto Aiko Melody Gabrielle\" \/>\n<meta property=\"og:description\" content=\"La ciudad de Montevideo se adhiri\u00f3 a la celebraci\u00f3n del D\u00eda Internacional del Jazz, fecha UNESCO que se festeja internacionalmente los d\u00edas 30 de abril.\" \/>\n<meta property=\"og:url\" content=\"https:\/\/cooltivarte.com\/portal\/dia-del-jazz-mvd-big-band\/\" \/>\n<meta property=\"og:site_name\" content=\"Cooltivarte Portal\" \/>\n<meta property=\"article:publisher\" content=\"https:\/\/www.facebook.com\/cooltivartecom\/\" \/>\n<meta property=\"article:author\" content=\"https:\/\/www.facebook.com\/AikoYuuki.YinYang\" \/>\n<meta property=\"article:published_time\" content=\"2026-05-03T15:38:35+00:00\" \/>\n<meta property=\"article:modified_time\" content=\"2026-05-03T15:43:33+00:00\" \/>\n<meta property=\"og:image\" content=\"https:\/\/cooltivarte.com\/portal\/wp-content\/uploads\/2026\/05\/Dia-del-Jazz-\u2013-Mvd-Big-Band-29-de-Abril-2026-en-la-Sala-Zitarrosa-Foto-Aiko-Melody-Gabrielle.jpg\" \/>\n\t<meta property=\"og:image:width\" content=\"1200\" \/>\n\t<meta property=\"og:image:height\" content=\"800\" \/>\n\t<meta property=\"og:image:type\" content=\"image\/jpeg\" \/>\n<meta name=\"author\" content=\"Aiko Gabrielle\" \/>\n<meta name=\"twitter:card\" content=\"summary_large_image\" \/>\n<meta name=\"twitter:title\" content=\"D\u00eda del Jazz \u2013 Mvd Big Band - 29 de Abril 2026 en la Sala Zitarrosa - Foto Aiko Melody Gabrielle\" \/>\n<meta name=\"twitter:description\" content=\"La ciudad de Montevideo se adhiri\u00f3 a la celebraci\u00f3n del D\u00eda Internacional del Jazz, fecha UNESCO que se festeja internacionalmente los d\u00edas 30 de abril.\" \/>\n<meta name=\"twitter:image\" content=\"https:\/\/cooltivarte.com\/portal\/wp-content\/uploads\/2026\/05\/Dia-del-Jazz-\u2013-Mvd-Big-Band-29-de-Abril-2026-en-la-Sala-Zitarrosa-Foto-Aiko-Melody-Gabrielle.jpg\" \/>\n<meta name=\"twitter:creator\" content=\"@https:\/\/twitter.com\/aikogameart\" \/>\n<meta name=\"twitter:site\" content=\"@obolocultural\" \/>\n<meta name=\"twitter:label1\" content=\"Escrito por\" \/>\n\t<meta name=\"twitter:data1\" content=\"Aiko Gabrielle\" \/>\n\t<meta name=\"twitter:label2\" content=\"Tiempo de lectura\" \/>\n\t<meta name=\"twitter:data2\" content=\"2 minutos\" \/>\n<!-- \/ Yoast SEO plugin. -->","yoast_head_json":{"title":"D\u00eda del Jazz \u2013 Mvd Big Band - Cooltivarte Portal","description":"La ciudad de Montevideo se adhiri\u00f3 a la celebraci\u00f3n del D\u00eda Internacional del Jazz, fecha UNESCO que se festeja internacionalmente los d\u00edas 30 de abril.","robots":{"index":"index","follow":"follow","max-snippet":"max-snippet:-1","max-image-preview":"max-image-preview:large","max-video-preview":"max-video-preview:-1"},"canonical":"https:\/\/cooltivarte.com\/portal\/dia-del-jazz-mvd-big-band\/","og_locale":"es_ES","og_type":"article","og_title":"D\u00eda del Jazz \u2013 Mvd Big Band - 29 de Abril 2026 en la Sala Zitarrosa - Foto Aiko Melody Gabrielle","og_description":"La ciudad de Montevideo se adhiri\u00f3 a la celebraci\u00f3n del D\u00eda Internacional del Jazz, fecha UNESCO que se festeja internacionalmente los d\u00edas 30 de abril.","og_url":"https:\/\/cooltivarte.com\/portal\/dia-del-jazz-mvd-big-band\/","og_site_name":"Cooltivarte Portal","article_publisher":"https:\/\/www.facebook.com\/cooltivartecom\/","article_author":"https:\/\/www.facebook.com\/AikoYuuki.YinYang","article_published_time":"2026-05-03T15:38:35+00:00","article_modified_time":"2026-05-03T15:43:33+00:00","og_image":[{"width":1200,"height":800,"url":"https:\/\/cooltivarte.com\/portal\/wp-content\/uploads\/2026\/05\/Dia-del-Jazz-\u2013-Mvd-Big-Band-29-de-Abril-2026-en-la-Sala-Zitarrosa-Foto-Aiko-Melody-Gabrielle.jpg","type":"image\/jpeg"}],"author":"Aiko Gabrielle","twitter_card":"summary_large_image","twitter_title":"D\u00eda del Jazz \u2013 Mvd Big Band - 29 de Abril 2026 en la Sala Zitarrosa - Foto Aiko Melody Gabrielle","twitter_description":"La ciudad de Montevideo se adhiri\u00f3 a la celebraci\u00f3n del D\u00eda Internacional del Jazz, fecha UNESCO que se festeja internacionalmente los d\u00edas 30 de abril.","twitter_image":"https:\/\/cooltivarte.com\/portal\/wp-content\/uploads\/2026\/05\/Dia-del-Jazz-\u2013-Mvd-Big-Band-29-de-Abril-2026-en-la-Sala-Zitarrosa-Foto-Aiko-Melody-Gabrielle.jpg","twitter_creator":"@https:\/\/twitter.com\/aikogameart","twitter_site":"@obolocultural","twitter_misc":{"Escrito por":"Aiko Gabrielle","Tiempo de lectura":"2 minutos"},"schema":{"@context":"https:\/\/schema.org","@graph":[{"@type":"NewsArticle","@id":"https:\/\/cooltivarte.com\/portal\/dia-del-jazz-mvd-big-band\/#article","isPartOf":{"@id":"https:\/\/cooltivarte.com\/portal\/dia-del-jazz-mvd-big-band\/"},"author":{"name":"Aiko Gabrielle","@id":"https:\/\/cooltivarte.com\/portal\/#\/schema\/person\/df96e287a242516ee7fc70c17eecf356"},"headline":"D\u00eda del Jazz \u2013 Mvd Big Band","datePublished":"2026-05-03T15:38:35+00:00","dateModified":"2026-05-03T15:43:33+00:00","mainEntityOfPage":{"@id":"https:\/\/cooltivarte.com\/portal\/dia-del-jazz-mvd-big-band\/"},"wordCount":342,"publisher":{"@id":"https:\/\/cooltivarte.com\/portal\/#organization"},"image":{"@id":"https:\/\/cooltivarte.com\/portal\/dia-del-jazz-mvd-big-band\/#primaryimage"},"thumbnailUrl":"https:\/\/cooltivarte.com\/portal\/wp-content\/uploads\/2026\/05\/Dia-del-Jazz-\u2013-Mvd-Big-Band-29-de-Abril-2026-en-la-Sala-Zitarrosa-Foto-Aiko-Melody-Gabrielle.jpg","keywords":["Daniel Camelo","D\u00eda Internacional del Jazz","MVD Big Band","Sala Zitarrosa","unesco"],"articleSection":["Coberturas"],"inLanguage":"es-AR"},{"@type":"WebPage","@id":"https:\/\/cooltivarte.com\/portal\/dia-del-jazz-mvd-big-band\/","url":"https:\/\/cooltivarte.com\/portal\/dia-del-jazz-mvd-big-band\/","name":"D\u00eda del Jazz \u2013 Mvd Big Band - Cooltivarte Portal","isPartOf":{"@id":"https:\/\/cooltivarte.com\/portal\/#website"},"primaryImageOfPage":{"@id":"https:\/\/cooltivarte.com\/portal\/dia-del-jazz-mvd-big-band\/#primaryimage"},"image":{"@id":"https:\/\/cooltivarte.com\/portal\/dia-del-jazz-mvd-big-band\/#primaryimage"},"thumbnailUrl":"https:\/\/cooltivarte.com\/portal\/wp-content\/uploads\/2026\/05\/Dia-del-Jazz-\u2013-Mvd-Big-Band-29-de-Abril-2026-en-la-Sala-Zitarrosa-Foto-Aiko-Melody-Gabrielle.jpg","datePublished":"2026-05-03T15:38:35+00:00","dateModified":"2026-05-03T15:43:33+00:00","description":"La ciudad de Montevideo se adhiri\u00f3 a la celebraci\u00f3n del D\u00eda Internacional del Jazz, fecha UNESCO que se festeja internacionalmente los d\u00edas 30 de abril.","breadcrumb":{"@id":"https:\/\/cooltivarte.com\/portal\/dia-del-jazz-mvd-big-band\/#breadcrumb"},"inLanguage":"es-AR","potentialAction":[{"@type":"ReadAction","target":["https:\/\/cooltivarte.com\/portal\/dia-del-jazz-mvd-big-band\/"]}]},{"@type":"ImageObject","inLanguage":"es-AR","@id":"https:\/\/cooltivarte.com\/portal\/dia-del-jazz-mvd-big-band\/#primaryimage","url":"https:\/\/cooltivarte.com\/portal\/wp-content\/uploads\/2026\/05\/Dia-del-Jazz-\u2013-Mvd-Big-Band-29-de-Abril-2026-en-la-Sala-Zitarrosa-Foto-Aiko-Melody-Gabrielle.jpg","contentUrl":"https:\/\/cooltivarte.com\/portal\/wp-content\/uploads\/2026\/05\/Dia-del-Jazz-\u2013-Mvd-Big-Band-29-de-Abril-2026-en-la-Sala-Zitarrosa-Foto-Aiko-Melody-Gabrielle.jpg","width":1200,"height":800,"caption":"D\u00eda del Jazz \u2013 Mvd Big Band - 29 de Abril 2026 en la Sala Zitarrosa - Foto Aiko Melody Gabrielle"},{"@type":"BreadcrumbList","@id":"https:\/\/cooltivarte.com\/portal\/dia-del-jazz-mvd-big-band\/#breadcrumb","itemListElement":[{"@type":"ListItem","position":1,"name":"Portada","item":"https:\/\/cooltivarte.com\/portal\/"},{"@type":"ListItem","position":2,"name":"D\u00eda del Jazz \u2013 Mvd Big Band"}]},{"@type":"WebSite","@id":"https:\/\/cooltivarte.com\/portal\/#website","url":"https:\/\/cooltivarte.com\/portal\/","name":"Cooltivarte Portal","description":"Arte, cultura y turismo para el mundo ...","publisher":{"@id":"https:\/\/cooltivarte.com\/portal\/#organization"},"potentialAction":[{"@type":"SearchAction","target":{"@type":"EntryPoint","urlTemplate":"https:\/\/cooltivarte.com\/portal\/?s={search_term_string}"},"query-input":{"@type":"PropertyValueSpecification","valueRequired":true,"valueName":"search_term_string"}}],"inLanguage":"es-AR"},{"@type":"Organization","@id":"https:\/\/cooltivarte.com\/portal\/#organization","name":"cooltivarte","url":"https:\/\/cooltivarte.com\/portal\/","logo":{"@type":"ImageObject","inLanguage":"es-AR","@id":"https:\/\/cooltivarte.com\/portal\/#\/schema\/logo\/image\/","url":"https:\/\/cooltivarte.com\/portal\/wp-content\/uploads\/2020\/04\/logo-cooltivarte-v2.png","contentUrl":"https:\/\/cooltivarte.com\/portal\/wp-content\/uploads\/2020\/04\/logo-cooltivarte-v2.png","width":851,"height":243,"caption":"cooltivarte"},"image":{"@id":"https:\/\/cooltivarte.com\/portal\/#\/schema\/logo\/image\/"},"sameAs":["https:\/\/www.facebook.com\/cooltivartecom\/","https:\/\/x.com\/obolocultural","https:\/\/www.instagram.com\/_cooltivarte_\/","https:\/\/www.linkedin.com\/company\/-bolocultural?reportsuccess=8zaNG1HwhPbAR9iQhZ5rfGeqz_vQFftHun0ZWU0Wy9vNemRJ8vtcKdJvzQfW8XagyOJSKg0XvfJ1dp","https:\/\/www.pinterest.com\/cooltivarte\/","https:\/\/cooltivarte.tumblr.com\/","https:\/\/www.tiktok.com\/@cooltivarte","https:\/\/www.youtube.com\/@PrensaCooltivarte"]},{"@type":"Person","@id":"https:\/\/cooltivarte.com\/portal\/#\/schema\/person\/df96e287a242516ee7fc70c17eecf356","name":"Aiko Gabrielle","image":{"@type":"ImageObject","inLanguage":"es-AR","@id":"https:\/\/cooltivarte.com\/portal\/wp-content\/uploads\/2019\/10\/DSC0145-120x120.jpg","url":"https:\/\/cooltivarte.com\/portal\/wp-content\/uploads\/2019\/10\/DSC0145-120x120.jpg","contentUrl":"https:\/\/cooltivarte.com\/portal\/wp-content\/uploads\/2019\/10\/DSC0145-120x120.jpg","caption":"Aiko Gabrielle"},"description":"Fotograf\u00eda: enamorada de las luces \/ Arte Conceptual \/ Auto-Retratos \/ Manipulaci\u00f3n de fotos \/ Dibujos \/ M\u00fasico Amateur \/ Escritora Amateur \/ Amante de los gatos y el caf\u00e9 con un buen libro Un batido de arte...\u00a0","sameAs":["https:\/\/linktr.ee\/aikogameart","https:\/\/www.facebook.com\/AikoYuuki.YinYang","https:\/\/www.instagram.com\/aikomelody_ph\/","https:\/\/www.linkedin.com\/company\/-bolocultural","https:\/\/www.pinterest.com\/aikogameart\/","https:\/\/x.com\/https:\/\/twitter.com\/aikogameart","https:\/\/www.youtube.com\/channel\/UCOFX2UsKwz_-w5TJNmPH_PQ","https:\/\/www.tumblr.com\/blog\/cooltivarte"],"url":"https:\/\/cooltivarte.com\/portal\/author\/aiko\/"}]}},"_links":{"self":[{"href":"https:\/\/cooltivarte.com\/portal\/wp-json\/wp\/v2\/posts\/127285","targetHints":{"allow":["GET"]}}],"collection":[{"href":"https:\/\/cooltivarte.com\/portal\/wp-json\/wp\/v2\/posts"}],"about":[{"href":"https:\/\/cooltivarte.com\/portal\/wp-json\/wp\/v2\/types\/post"}],"author":[{"embeddable":true,"href":"https:\/\/cooltivarte.com\/portal\/wp-json\/wp\/v2\/users\/50"}],"replies":[{"embeddable":true,"href":"https:\/\/cooltivarte.com\/portal\/wp-json\/wp\/v2\/comments?post=127285"}],"version-history":[{"count":2,"href":"https:\/\/cooltivarte.com\/portal\/wp-json\/wp\/v2\/posts\/127285\/revisions"}],"predecessor-version":[{"id":127288,"href":"https:\/\/cooltivarte.com\/portal\/wp-json\/wp\/v2\/posts\/127285\/revisions\/127288"}],"wp:featuredmedia":[{"embeddable":true,"href":"https:\/\/cooltivarte.com\/portal\/wp-json\/wp\/v2\/media\/127286"}],"wp:attachment":[{"href":"https:\/\/cooltivarte.com\/portal\/wp-json\/wp\/v2\/media?parent=127285"}],"wp:term":[{"taxonomy":"category","embeddable":true,"href":"https:\/\/cooltivarte.com\/portal\/wp-json\/wp\/v2\/categories?post=127285"},{"taxonomy":"post_tag","embeddable":true,"href":"https:\/\/cooltivarte.com\/portal\/wp-json\/wp\/v2\/tags?post=127285"}],"curies":[{"name":"wp","href":"https:\/\/api.w.org\/{rel}","templated":true}]}}