{"id":127208,"date":"2026-04-30T13:12:35","date_gmt":"2026-04-30T16:12:35","guid":{"rendered":"https:\/\/cooltivarte.com\/portal\/?p=127208"},"modified":"2026-05-01T13:17:10","modified_gmt":"2026-05-01T16:17:10","slug":"obituario-georg-baselitz-1938-2026","status":"publish","type":"post","link":"https:\/\/cooltivarte.com\/portal\/obituario-georg-baselitz-1938-2026\/","title":{"rendered":"Obituario: Georg Baselitz (1938-2026)"},"content":{"rendered":"<figure id=\"attachment_127209\" aria-describedby=\"caption-attachment-127209\" style=\"width: 682px\" class=\"wp-caption aligncenter\"><img fetchpriority=\"high\" decoding=\"async\" class=\"wp-image-127209 size-large\" title=\"Obituario: Georg Baselitz (1938-2026)\" src=\"https:\/\/cooltivarte.com\/portal\/wp-content\/uploads\/2026\/05\/Georg-Baselitz-682x1024.webp\" alt=\"Obituario: Georg Baselitz (1938-2026)\" width=\"682\" height=\"1024\" srcset=\"https:\/\/cooltivarte.com\/portal\/wp-content\/uploads\/2026\/05\/Georg-Baselitz-682x1024.webp 682w, https:\/\/cooltivarte.com\/portal\/wp-content\/uploads\/2026\/05\/Georg-Baselitz-200x300.webp 200w, https:\/\/cooltivarte.com\/portal\/wp-content\/uploads\/2026\/05\/Georg-Baselitz-768x1152.webp 768w, https:\/\/cooltivarte.com\/portal\/wp-content\/uploads\/2026\/05\/Georg-Baselitz-1024x1536.webp 1024w, https:\/\/cooltivarte.com\/portal\/wp-content\/uploads\/2026\/05\/Georg-Baselitz.webp 1333w\" sizes=\"(max-width: 682px) 100vw, 682px\" \/><figcaption id=\"caption-attachment-127209\" class=\"wp-caption-text\">Obituario: Georg Baselitz (1938-2026)<\/figcaption><\/figure>\n<p>&nbsp;<\/p>\n<div class=\"wp-block-group has-global-padding is-layout-constrained wp-block-group-is-layout-constrained\">\n<h3 class=\"wp-block-post-title\">Obituario: Georg Baselitz (1938-2026)<\/h3>\n<\/div>\n<div class=\"entry-content wp-block-post-content has-global-padding is-layout-constrained wp-block-post-content-is-layout-constrained\">\n<p>&nbsp;<\/p>\n<p>Muri\u00f3 <a href=\"https:\/\/cooltivarte.com\/portal\/?s=Georg+Baselitz\" target=\"_blank\" rel=\"noopener\"><strong>Georg Baselitz<\/strong><\/a> el 30 de abril de 2026. Ten\u00eda 88 a\u00f1os y una obra que incomod\u00f3, descoloc\u00f3 y, sobre todo, oblig\u00f3 a mirar de nuevo. Porque eso fue Baselitz, un artista que no cambi\u00f3 los temas \u2014cambi\u00f3 la manera de verlos.<\/p>\n<p>Nacido en la Alemania dividida, formado en la \u00f3rbita de la Alemania del Este y luego desplazado hacia la Rep\u00fablica Federal, su biograf\u00eda arrastra la fractura hist\u00f3rica que atraviesa toda su producci\u00f3n. Sus pinturas no ilustran la historia alemana, sino que la procesan, la deforman, la devuelven como trauma visual.<\/p>\n<p>En el mapa internacional suele encasill\u00e1rselo como neoexpresionista. En Europa, la etiqueta queda corta pues Baselitz oper\u00f3 m\u00e1s bien como un posmoderno inc\u00f3modo, alguien que tom\u00f3 el legado del expresionismo alem\u00e1n y lo puso en crisis desde adentro, cruz\u00e1ndolo con la violencia gestual de Jackson Pollock y Willem de Kooning.<\/p>\n<p>El gesto decisivo lleg\u00f3 en 1969 cuando decidi\u00f3 pintar al rev\u00e9s.<\/p>\n<p>Der Wald auf dem Kopf inaugur\u00f3 una operaci\u00f3n simple y brutal. \u00c1rboles, cuerpos, casas, todo invertido. No como truco formal, sino como declaraci\u00f3n de principios. Al dar vuelta el motivo, Baselitz le quit\u00f3 al espectador el refugio del reconocimiento inmediato. Primero mirar, despu\u00e9s entender \u2014si es que hac\u00eda falta entender.<\/p>\n<p>A partir de ah\u00ed, su repertorio entero se dio vuelta. Y con \u00e9l, una idea central y es que la pintura no est\u00e1 para representar el mundo sino para confrontarlo.<br \/>\nEsa inversi\u00f3n fue su forma de escapar tanto de la abstracci\u00f3n pura como de la figuraci\u00f3n complaciente. Un territorio intermedio, tenso, inc\u00f3modo. Justo donde el arte importa.<\/p>\n<p>No se limit\u00f3 a la pintura. Dibuj\u00f3, grab\u00f3 y esculpi\u00f3 con la misma crudeza. Sus figuras monumentales \u2014toscas, desproporcionadas, casi violentas\u2014 insisten en una presencia f\u00edsica que no busca agradar. Buscan imponerse.<\/p>\n<p>En septiembre de 2023, en la Pinakothek der Moderne, su obra segu\u00eda operando con la misma eficacia consistente en desarmar la mirada del espectador. En mi caso, esas figuras de gran escala inevitablemente dialogaban con Los Magn\u00edficos de Rafael Barradas (1890-1929), quien representa para m\u00ed el mejor maestro uruguayo con repercusi\u00f3n internacional.<br \/>\nDistancias geogr\u00e1ficas aparte, ambos comparten algo raro que es la capacidad de construir personajes que no se dejan domesticar por la forma.<\/p>\n<p>Baselitz no busc\u00f3 belleza. Busc\u00f3 fricci\u00f3n. Y la encontr\u00f3.<\/p>\n<p>Su legado no est\u00e1 en haber pintado al rev\u00e9s, sino en haber demostrado que todav\u00eda es posible mirar de otra manera. Y eso, en tiempos de im\u00e1genes r\u00e1pidas y lecturas f\u00e1ciles, es casi un acto de resistencia.<\/p>\n<\/div>\n<p>&nbsp;<\/p>\n","protected":false},"excerpt":{"rendered":"<p>Obituario: Georg Baselitz (1938-2026)<\/p>\n<p>Muri\u00f3 Georg Baselitz el 30 de abril de 2026. Ten\u00eda 88 a\u00f1os y una obra que incomod\u00f3, descoloc\u00f3 y, sobre todo, oblig\u00f3 a mirar de nuevo. Porque eso fue Baselitz, un artista que no cambi\u00f3 los temas \u2014cambi\u00f3 la manera de verlos.<\/p>\n<p>Nacido en la Alemania dividida, formado en la \u00f3rbita de la Alemania del Este y luego desplazado hacia la Rep\u00fablica Federal, su biograf\u00eda arrastra la fractura hist\u00f3rica que atraviesa toda su producci\u00f3n. Sus pinturas no ilustran la historia alemana, sino que la procesan, la deforman, la devuelven como trauma visual.<\/p>\n<p>En el mapa internacional suele encasill\u00e1rselo como neoexpresionista. En Europa, la etiqueta queda corta pues Baselitz oper\u00f3 m\u00e1s bien como un posmoderno inc\u00f3modo, alguien que tom\u00f3 el legado del expresionismo alem\u00e1n y lo puso en crisis desde adentro, cruz\u00e1ndolo con la violencia gestual de Jackson Pollock y Willem de Kooning.<\/p>\n<p>El gesto decisivo lleg\u00f3 en 1969 cuando decidi\u00f3 pintar al rev\u00e9s.<\/p>\n<p>Der Wald auf dem Kopf inaugur\u00f3 una operaci\u00f3n simple y brutal. \u00c1rboles, cuerpos, casas, todo invertido. No como truco formal, sino como declaraci\u00f3n de principios. Al dar vuelta el motivo, Baselitz le quit\u00f3 al espectador el refugio del reconocimiento inmediato. Primero mirar, despu\u00e9s entender \u2014si es que hac\u00eda falta entender.<\/p>\n<p>A partir de ah\u00ed, su repertorio entero se dio vuelta. Y con \u00e9l, una idea central y es que la pintura no est\u00e1 para representar el mundo sino para confrontarlo.<br \/>\nEsa inversi\u00f3n fue su forma de escapar tanto de la abstracci\u00f3n pura como de la figuraci\u00f3n complaciente. Un territorio intermedio, tenso, inc\u00f3modo. Justo donde el arte importa.<\/p>\n<p>No se limit\u00f3 a la pintura. Dibuj\u00f3, grab\u00f3 y esculpi\u00f3 con la misma crudeza. Sus figuras monumentales \u2014toscas, desproporcionadas, casi violentas\u2014 insisten en una presencia f\u00edsica que no busca agradar. Buscan imponerse.<\/p>\n<p>En septiembre de 2023, en la Pinakothek der Moderne, su obra segu\u00eda operando con la misma eficacia consistente en desarmar la mirada del espectador. En mi caso, esas figuras de gran escala inevitablemente dialogaban con Los Magn\u00edficos de Rafael Barradas (1890-1929), quien representa para m\u00ed el mejor maestro uruguayo con repercusi\u00f3n internacional.<br \/>\nDistancias geogr\u00e1ficas aparte, ambos comparten algo raro que es la capacidad de construir personajes que no se dejan domesticar por la forma.<\/p>\n<p>Baselitz no busc\u00f3 belleza. Busc\u00f3 fricci\u00f3n. Y la encontr\u00f3.<\/p>\n","protected":false},"author":14,"featured_media":127209,"comment_status":"closed","ping_status":"closed","sticky":false,"template":"","format":"standard","meta":{"om_disable_all_campaigns":false,"ngg_post_thumbnail":0,"jnews-multi-image_gallery":[],"jnews_single_post":{"format":"standard","override":[{"template":"4","parallax":"1","layout":"right-sidebar","sidebar":"default-sidebar","second_sidebar":"default-sidebar","sticky_sidebar":"1","share_position":"bottom","share_float_style":"share-monocrhome","show_share_counter":"1","show_view_counter":"1","show_featured":"1","show_post_meta":"1","show_post_author":"1","show_post_author_image":"1","show_post_date":"1","post_date_format":"default","post_date_format_custom":"Y\/m\/d","show_post_category":"1","post_reading_time_wpm":"300","post_calculate_word_method":"str_word_count","zoom_button_out_step":"2","zoom_button_in_step":"3","show_post_tag":"1","show_prev_next_post":"1","show_popup_post":"1","show_comment_section":"1","number_popup_post":"1","show_author_box":"1","show_post_related":"0","show_inline_post_related":"0"}],"image_override":[{"single_post_thumbnail_size":"no-crop","single_post_gallery_size":"crop-500"}],"trending_post_position":"meta","trending_post_label":"Trending","sponsored_post_label":"Sponsored by","disable_ad":"0","subtitle":""},"jnews_primary_category":[],"jnews_social_meta":{"fb_title":"Obituario: Georg Baselitz (1938-2026) por Daniel Benoit Cassou","twitter_title":"Obituario: Georg Baselitz (1938-2026) por Daniel Benoit Cassou","twitter_image":"127209","fb_image":"127209","fb_description":"Muri\u00f3 Georg Baselitz el 30 de abril de 2026. Ten\u00eda 88 a\u00f1os y una obra que incomod\u00f3, descoloc\u00f3 y, sobre todo, oblig\u00f3 a mirar de nuevo. Porque eso fue Baselitz, un artista que no cambi\u00f3 los temas \u2014cambi\u00f3 la manera de verlos.","twitter_description":"Muri\u00f3 Georg Baselitz el 30 de abril de 2026. Ten\u00eda 88 a\u00f1os y una obra que incomod\u00f3, descoloc\u00f3 y, sobre todo, oblig\u00f3 a mirar de nuevo. Porque eso fue Baselitz, un artista que no cambi\u00f3 los temas \u2014cambi\u00f3 la manera de verlos."},"jnews_override_counter":{"view_counter_number":"0","share_counter_number":"0","like_counter_number":"0","dislike_counter_number":"0"},"footnotes":""},"categories":[52],"tags":[16965],"class_list":["post-127208","post","type-post","status-publish","format-standard","has-post-thumbnail","hentry","category-artista","tag-georg-baselitz"],"yoast_head":"<!-- This site is optimized with the Yoast SEO plugin v27.5 - https:\/\/yoast.com\/product\/yoast-seo-wordpress\/ -->\n<title>Obituario: Georg Baselitz (1938-2026) - Cooltivarte Portal<\/title>\n<meta name=\"description\" content=\"Muri\u00f3 Georg Baselitz el 30 de abril de 2026. Ten\u00eda 88 a\u00f1os y una obra que incomod\u00f3, descoloc\u00f3 y, sobre todo, oblig\u00f3 a mirar de nuevo. Porque eso fue Baselitz, un artista que no cambi\u00f3 los temas \u2014cambi\u00f3 la manera de verlos.\" \/>\n<meta name=\"robots\" content=\"index, follow, max-snippet:-1, max-image-preview:large, max-video-preview:-1\" \/>\n<link rel=\"canonical\" href=\"https:\/\/cooltivarte.com\/portal\/obituario-georg-baselitz-1938-2026\/\" \/>\n<meta property=\"og:locale\" content=\"es_ES\" \/>\n<meta property=\"og:type\" content=\"article\" \/>\n<meta property=\"og:title\" content=\"Obituario: Georg Baselitz (1938-2026) por Daniel Benoit Cassou\" \/>\n<meta property=\"og:description\" content=\"Muri\u00f3 Georg Baselitz el 30 de abril de 2026. Ten\u00eda 88 a\u00f1os y una obra que incomod\u00f3, descoloc\u00f3 y, sobre todo, oblig\u00f3 a mirar de nuevo. Porque eso fue Baselitz, un artista que no cambi\u00f3 los temas \u2014cambi\u00f3 la manera de verlos.\" \/>\n<meta property=\"og:url\" content=\"https:\/\/cooltivarte.com\/portal\/obituario-georg-baselitz-1938-2026\/\" \/>\n<meta property=\"og:site_name\" content=\"Cooltivarte Portal\" \/>\n<meta property=\"article:publisher\" content=\"https:\/\/www.facebook.com\/cooltivartecom\/\" \/>\n<meta property=\"article:author\" content=\"https:\/\/www.facebook.com\/daniel.benoit.3557?fref=ts\" \/>\n<meta property=\"article:published_time\" content=\"2026-04-30T16:12:35+00:00\" \/>\n<meta property=\"article:modified_time\" content=\"2026-05-01T16:17:10+00:00\" \/>\n<meta property=\"og:image\" content=\"https:\/\/cooltivarte.com\/portal\/wp-content\/uploads\/2026\/05\/Georg-Baselitz.webp\" \/>\n\t<meta property=\"og:image:width\" content=\"1333\" \/>\n\t<meta property=\"og:image:height\" content=\"2000\" \/>\n\t<meta property=\"og:image:type\" content=\"image\/webp\" \/>\n<meta name=\"author\" content=\"Daniel Benoit Cassou\" \/>\n<meta name=\"twitter:card\" content=\"summary_large_image\" \/>\n<meta name=\"twitter:title\" content=\"Obituario: Georg Baselitz (1938-2026) por Daniel Benoit Cassou\" \/>\n<meta name=\"twitter:description\" content=\"Muri\u00f3 Georg Baselitz el 30 de abril de 2026. Ten\u00eda 88 a\u00f1os y una obra que incomod\u00f3, descoloc\u00f3 y, sobre todo, oblig\u00f3 a mirar de nuevo. Porque eso fue Baselitz, un artista que no cambi\u00f3 los temas \u2014cambi\u00f3 la manera de verlos.\" \/>\n<meta name=\"twitter:image\" content=\"https:\/\/cooltivarte.com\/portal\/wp-content\/uploads\/2026\/05\/Georg-Baselitz.webp\" \/>\n<meta name=\"twitter:creator\" content=\"@https:\/\/x.com\/obolocultural\" \/>\n<meta name=\"twitter:site\" content=\"@obolocultural\" \/>\n<meta name=\"twitter:label1\" content=\"Escrito por\" \/>\n\t<meta name=\"twitter:data1\" content=\"Daniel Benoit Cassou\" \/>\n\t<meta name=\"twitter:label2\" content=\"Tiempo de lectura\" \/>\n\t<meta name=\"twitter:data2\" content=\"3 minutos\" \/>\n<!-- \/ Yoast SEO plugin. -->","yoast_head_json":{"title":"Obituario: Georg Baselitz (1938-2026) - Cooltivarte Portal","description":"Muri\u00f3 Georg Baselitz el 30 de abril de 2026. Ten\u00eda 88 a\u00f1os y una obra que incomod\u00f3, descoloc\u00f3 y, sobre todo, oblig\u00f3 a mirar de nuevo. Porque eso fue Baselitz, un artista que no cambi\u00f3 los temas \u2014cambi\u00f3 la manera de verlos.","robots":{"index":"index","follow":"follow","max-snippet":"max-snippet:-1","max-image-preview":"max-image-preview:large","max-video-preview":"max-video-preview:-1"},"canonical":"https:\/\/cooltivarte.com\/portal\/obituario-georg-baselitz-1938-2026\/","og_locale":"es_ES","og_type":"article","og_title":"Obituario: Georg Baselitz (1938-2026) por Daniel Benoit Cassou","og_description":"Muri\u00f3 Georg Baselitz el 30 de abril de 2026. Ten\u00eda 88 a\u00f1os y una obra que incomod\u00f3, descoloc\u00f3 y, sobre todo, oblig\u00f3 a mirar de nuevo. Porque eso fue Baselitz, un artista que no cambi\u00f3 los temas \u2014cambi\u00f3 la manera de verlos.","og_url":"https:\/\/cooltivarte.com\/portal\/obituario-georg-baselitz-1938-2026\/","og_site_name":"Cooltivarte Portal","article_publisher":"https:\/\/www.facebook.com\/cooltivartecom\/","article_author":"https:\/\/www.facebook.com\/daniel.benoit.3557?fref=ts","article_published_time":"2026-04-30T16:12:35+00:00","article_modified_time":"2026-05-01T16:17:10+00:00","og_image":[{"width":1333,"height":2000,"url":"https:\/\/cooltivarte.com\/portal\/wp-content\/uploads\/2026\/05\/Georg-Baselitz.webp","type":"image\/webp"}],"author":"Daniel Benoit Cassou","twitter_card":"summary_large_image","twitter_title":"Obituario: Georg Baselitz (1938-2026) por Daniel Benoit Cassou","twitter_description":"Muri\u00f3 Georg Baselitz el 30 de abril de 2026. Ten\u00eda 88 a\u00f1os y una obra que incomod\u00f3, descoloc\u00f3 y, sobre todo, oblig\u00f3 a mirar de nuevo. Porque eso fue Baselitz, un artista que no cambi\u00f3 los temas \u2014cambi\u00f3 la manera de verlos.","twitter_image":"https:\/\/cooltivarte.com\/portal\/wp-content\/uploads\/2026\/05\/Georg-Baselitz.webp","twitter_creator":"@https:\/\/x.com\/obolocultural","twitter_site":"@obolocultural","twitter_misc":{"Escrito por":"Daniel Benoit Cassou","Tiempo de lectura":"3 minutos"},"schema":{"@context":"https:\/\/schema.org","@graph":[{"@type":"NewsArticle","@id":"https:\/\/cooltivarte.com\/portal\/obituario-georg-baselitz-1938-2026\/#article","isPartOf":{"@id":"https:\/\/cooltivarte.com\/portal\/obituario-georg-baselitz-1938-2026\/"},"author":{"name":"Daniel Benoit Cassou","@id":"https:\/\/cooltivarte.com\/portal\/#\/schema\/person\/175e2af38af164206375abd19e491b3f"},"headline":"Obituario: Georg Baselitz (1938-2026)","datePublished":"2026-04-30T16:12:35+00:00","dateModified":"2026-05-01T16:17:10+00:00","mainEntityOfPage":{"@id":"https:\/\/cooltivarte.com\/portal\/obituario-georg-baselitz-1938-2026\/"},"wordCount":460,"publisher":{"@id":"https:\/\/cooltivarte.com\/portal\/#organization"},"image":{"@id":"https:\/\/cooltivarte.com\/portal\/obituario-georg-baselitz-1938-2026\/#primaryimage"},"thumbnailUrl":"https:\/\/cooltivarte.com\/portal\/wp-content\/uploads\/2026\/05\/Georg-Baselitz.webp","keywords":["Georg Baselitz"],"articleSection":["Arte"],"inLanguage":"es-AR"},{"@type":"WebPage","@id":"https:\/\/cooltivarte.com\/portal\/obituario-georg-baselitz-1938-2026\/","url":"https:\/\/cooltivarte.com\/portal\/obituario-georg-baselitz-1938-2026\/","name":"Obituario: Georg Baselitz (1938-2026) - Cooltivarte Portal","isPartOf":{"@id":"https:\/\/cooltivarte.com\/portal\/#website"},"primaryImageOfPage":{"@id":"https:\/\/cooltivarte.com\/portal\/obituario-georg-baselitz-1938-2026\/#primaryimage"},"image":{"@id":"https:\/\/cooltivarte.com\/portal\/obituario-georg-baselitz-1938-2026\/#primaryimage"},"thumbnailUrl":"https:\/\/cooltivarte.com\/portal\/wp-content\/uploads\/2026\/05\/Georg-Baselitz.webp","datePublished":"2026-04-30T16:12:35+00:00","dateModified":"2026-05-01T16:17:10+00:00","description":"Muri\u00f3 Georg Baselitz el 30 de abril de 2026. Ten\u00eda 88 a\u00f1os y una obra que incomod\u00f3, descoloc\u00f3 y, sobre todo, oblig\u00f3 a mirar de nuevo. Porque eso fue Baselitz, un artista que no cambi\u00f3 los temas \u2014cambi\u00f3 la manera de verlos.","breadcrumb":{"@id":"https:\/\/cooltivarte.com\/portal\/obituario-georg-baselitz-1938-2026\/#breadcrumb"},"inLanguage":"es-AR","potentialAction":[{"@type":"ReadAction","target":["https:\/\/cooltivarte.com\/portal\/obituario-georg-baselitz-1938-2026\/"]}]},{"@type":"ImageObject","inLanguage":"es-AR","@id":"https:\/\/cooltivarte.com\/portal\/obituario-georg-baselitz-1938-2026\/#primaryimage","url":"https:\/\/cooltivarte.com\/portal\/wp-content\/uploads\/2026\/05\/Georg-Baselitz.webp","contentUrl":"https:\/\/cooltivarte.com\/portal\/wp-content\/uploads\/2026\/05\/Georg-Baselitz.webp","width":1333,"height":2000,"caption":"Obituario: Georg Baselitz (1938-2026)"},{"@type":"BreadcrumbList","@id":"https:\/\/cooltivarte.com\/portal\/obituario-georg-baselitz-1938-2026\/#breadcrumb","itemListElement":[{"@type":"ListItem","position":1,"name":"Portada","item":"https:\/\/cooltivarte.com\/portal\/"},{"@type":"ListItem","position":2,"name":"Obituario: Georg Baselitz (1938-2026)"}]},{"@type":"WebSite","@id":"https:\/\/cooltivarte.com\/portal\/#website","url":"https:\/\/cooltivarte.com\/portal\/","name":"Cooltivarte Portal","description":"Arte, cultura y turismo para el mundo ...","publisher":{"@id":"https:\/\/cooltivarte.com\/portal\/#organization"},"potentialAction":[{"@type":"SearchAction","target":{"@type":"EntryPoint","urlTemplate":"https:\/\/cooltivarte.com\/portal\/?s={search_term_string}"},"query-input":{"@type":"PropertyValueSpecification","valueRequired":true,"valueName":"search_term_string"}}],"inLanguage":"es-AR"},{"@type":"Organization","@id":"https:\/\/cooltivarte.com\/portal\/#organization","name":"cooltivarte","url":"https:\/\/cooltivarte.com\/portal\/","logo":{"@type":"ImageObject","inLanguage":"es-AR","@id":"https:\/\/cooltivarte.com\/portal\/#\/schema\/logo\/image\/","url":"https:\/\/cooltivarte.com\/portal\/wp-content\/uploads\/2020\/04\/logo-cooltivarte-v2.png","contentUrl":"https:\/\/cooltivarte.com\/portal\/wp-content\/uploads\/2020\/04\/logo-cooltivarte-v2.png","width":851,"height":243,"caption":"cooltivarte"},"image":{"@id":"https:\/\/cooltivarte.com\/portal\/#\/schema\/logo\/image\/"},"sameAs":["https:\/\/www.facebook.com\/cooltivartecom\/","https:\/\/x.com\/obolocultural","https:\/\/www.instagram.com\/_cooltivarte_\/","https:\/\/www.linkedin.com\/company\/-bolocultural?reportsuccess=8zaNG1HwhPbAR9iQhZ5rfGeqz_vQFftHun0ZWU0Wy9vNemRJ8vtcKdJvzQfW8XagyOJSKg0XvfJ1dp","https:\/\/www.pinterest.com\/cooltivarte\/","https:\/\/cooltivarte.tumblr.com\/","https:\/\/www.tiktok.com\/@cooltivarte","https:\/\/www.youtube.com\/@PrensaCooltivarte"]},{"@type":"Person","@id":"https:\/\/cooltivarte.com\/portal\/#\/schema\/person\/175e2af38af164206375abd19e491b3f","name":"Daniel Benoit Cassou","image":{"@type":"ImageObject","inLanguage":"es-AR","@id":"https:\/\/cooltivarte.com\/portal\/wp-content\/uploads\/2022\/11\/daniel-benoit-120x120.jpg","url":"https:\/\/cooltivarte.com\/portal\/wp-content\/uploads\/2022\/11\/daniel-benoit-120x120.jpg","contentUrl":"https:\/\/cooltivarte.com\/portal\/wp-content\/uploads\/2022\/11\/daniel-benoit-120x120.jpg","caption":"Daniel Benoit Cassou"},"description":"Daniel Benoit - (Uruguay, 1961), es contador p\u00fablico de profesi\u00f3n. Hizo su formaci\u00f3n art\u00edstica en los talleres de Hugo Longa, Clever Lara y Lacy Duarte; escultura con Jos\u00e9 Pelayo y fotograf\u00eda con Enrique Abal, Oscar Bonilla y Roberto Schettini. Realiz\u00f3 cursos de formaci\u00f3n te\u00f3rica con Nelson Di Maggio, Alfredo Torres, Nelson Bali\u00f1o y Emma Sanguinetti, entre otros. Ha participado en muestras de fotografias, colectivas asi como individuales: 2007 \u2013 Facultad de Ciencias Econ\u00f3micas; Centro Cultural Lapido; Club de Golf; Fotogramas - Montevideo 2009 \u2013 Galer\u00eda de arte La Pasionaria \u2013 Club de Golf - Montevideo 2010 \u2013 A la Follie; Trattoria La Commedia; Club de Golf \u2013 Montevideo 2011 \u2013 Museo del Azulejo; Fotograma; Club de Golf \u2013 Montevideo; Bienal X \u2013 Salto 2012 \u2013 Espacio Innova \u2013 Punta del Este Es asiduo asistente a las principales bienales de arte: Venecia, Lyon, San Pablo, Cuba, Porto Alegre, Lima, as\u00ed como ferias de Basilea, Paris, Buenos Aires, entre otras. Es coleccionista de arte nacional, asesor de arte contempor\u00e1neo, escribe en sus blogs y es columnista de la revista de arte nacional \u201cCooltivarte\u201d desde el 2012, asi como de la revista \u201cArte\u201d del periodico \u201cEl Pais\u201d. Blog","sameAs":["https:\/\/danielbenoit.art\/","https:\/\/www.facebook.com\/daniel.benoit.3557?fref=ts","https:\/\/www.instagram.com\/danielbenoitcassou\/","https:\/\/www.linkedin.com\/in\/daniel-benoit-87890a39\/","https:\/\/www.pinterest.com\/cooltivarte","https:\/\/x.com\/https:\/\/x.com\/obolocultural","https:\/\/www.youtube.com\/@PrensaCooltivarte","https:\/\/www.tumblr.com\/blog\/cooltivarte"],"url":"https:\/\/cooltivarte.com\/portal\/author\/benoit\/"}]}},"_links":{"self":[{"href":"https:\/\/cooltivarte.com\/portal\/wp-json\/wp\/v2\/posts\/127208","targetHints":{"allow":["GET"]}}],"collection":[{"href":"https:\/\/cooltivarte.com\/portal\/wp-json\/wp\/v2\/posts"}],"about":[{"href":"https:\/\/cooltivarte.com\/portal\/wp-json\/wp\/v2\/types\/post"}],"author":[{"embeddable":true,"href":"https:\/\/cooltivarte.com\/portal\/wp-json\/wp\/v2\/users\/14"}],"replies":[{"embeddable":true,"href":"https:\/\/cooltivarte.com\/portal\/wp-json\/wp\/v2\/comments?post=127208"}],"version-history":[{"count":1,"href":"https:\/\/cooltivarte.com\/portal\/wp-json\/wp\/v2\/posts\/127208\/revisions"}],"predecessor-version":[{"id":127210,"href":"https:\/\/cooltivarte.com\/portal\/wp-json\/wp\/v2\/posts\/127208\/revisions\/127210"}],"wp:featuredmedia":[{"embeddable":true,"href":"https:\/\/cooltivarte.com\/portal\/wp-json\/wp\/v2\/media\/127209"}],"wp:attachment":[{"href":"https:\/\/cooltivarte.com\/portal\/wp-json\/wp\/v2\/media?parent=127208"}],"wp:term":[{"taxonomy":"category","embeddable":true,"href":"https:\/\/cooltivarte.com\/portal\/wp-json\/wp\/v2\/categories?post=127208"},{"taxonomy":"post_tag","embeddable":true,"href":"https:\/\/cooltivarte.com\/portal\/wp-json\/wp\/v2\/tags?post=127208"}],"curies":[{"name":"wp","href":"https:\/\/api.w.org\/{rel}","templated":true}]}}