{"id":127203,"date":"2026-05-01T12:57:09","date_gmt":"2026-05-01T15:57:09","guid":{"rendered":"https:\/\/cooltivarte.com\/portal\/?p=127203"},"modified":"2026-05-01T12:57:09","modified_gmt":"2026-05-01T15:57:09","slug":"airbag-el-club-de-la-pelea-ii","status":"publish","type":"post","link":"https:\/\/cooltivarte.com\/portal\/airbag-el-club-de-la-pelea-ii\/","title":{"rendered":"AIRBAG &#8211; El Club de la Pelea II"},"content":{"rendered":"<p><img fetchpriority=\"high\" decoding=\"async\" class=\"aligncenter wp-image-127204 size-large\" title=\"AIRBAG - El Club de la Pelea II - 27 de Junio 2026 - Antel Arena\" src=\"https:\/\/cooltivarte.com\/portal\/wp-content\/uploads\/2026\/05\/AIRBAG-LLEGA-A-MONTEVIDEO-1024x1024.png\" alt=\"AIRBAG - El Club de la Pelea II - 27 de Junio 2026 - Antel Arena\" width=\"1024\" height=\"1024\" srcset=\"https:\/\/cooltivarte.com\/portal\/wp-content\/uploads\/2026\/05\/AIRBAG-LLEGA-A-MONTEVIDEO-1024x1024.png 1024w, https:\/\/cooltivarte.com\/portal\/wp-content\/uploads\/2026\/05\/AIRBAG-LLEGA-A-MONTEVIDEO-300x300.png 300w, https:\/\/cooltivarte.com\/portal\/wp-content\/uploads\/2026\/05\/AIRBAG-LLEGA-A-MONTEVIDEO-150x150.png 150w, https:\/\/cooltivarte.com\/portal\/wp-content\/uploads\/2026\/05\/AIRBAG-LLEGA-A-MONTEVIDEO-768x768.png 768w, https:\/\/cooltivarte.com\/portal\/wp-content\/uploads\/2026\/05\/AIRBAG-LLEGA-A-MONTEVIDEO-120x120.png 120w, https:\/\/cooltivarte.com\/portal\/wp-content\/uploads\/2026\/05\/AIRBAG-LLEGA-A-MONTEVIDEO-75x75.png 75w, https:\/\/cooltivarte.com\/portal\/wp-content\/uploads\/2026\/05\/AIRBAG-LLEGA-A-MONTEVIDEO.png 1080w\" sizes=\"(max-width: 1024px) 100vw, 1024px\" \/><\/p>\n<p>&nbsp;<\/p>\n<h3><strong>AIRBAG &#8211; El Club de la Pelea II &#8211; 27 de Junio 2026 &#8211; Antel Arena<\/strong><\/h3>\n<p><a href=\"https:\/\/www.antelarena.com.uy\/events\/detail\/airbag-2026\" target=\"_blank\" rel=\"noopener\">Entradas en venta<\/a><\/p>\n<p>&nbsp;<\/p>\n<p>\u261e&nbsp;<strong>PREVENTA EXCLUSIVA CON SANTANDER<\/strong>&nbsp;desde el martes 5 de mayo a las 12.00 h. hasta el mi\u00e9rcoles 6 de mayo a las 12.00 h. \u00f3 hasta agotar stock.<\/p>\n<p>\u261e&nbsp;<strong>VENTA GENERAL CON TODOS LOS MEDIOS DE PAGO<\/strong>&nbsp;habilitada desde el mi\u00e9rcoles 6 de mayo a las 12.01 h.<\/p>\n<p>&nbsp;<\/p>\n<p>La banda argentina&nbsp;<strong>Airbag<\/strong>&nbsp;confirma su regreso a Uruguay con un show imperdible el&nbsp;<strong>27 de junio en el Antel Arena<\/strong>, en el marco de su imparable gira internacional&nbsp;<em><strong>El Club de la Pelea II<\/strong><\/em>.<\/p>\n<p>&nbsp;<\/p>\n<p><iframe title=\"Spotify Embed: Airbag\" style=\"border-radius: 12px\" width=\"100%\" height=\"352\" frameborder=\"0\" allowfullscreen allow=\"autoplay; clipboard-write; encrypted-media; fullscreen; picture-in-picture\" loading=\"lazy\" src=\"https:\/\/open.spotify.com\/embed\/artist\/1wKDGglKV4FsFS85r2Dmpr?si=s2ASfVzkTYyZtMArh_TwDg&amp;utm_source=oembed\"><\/iframe><\/p>\n<p>&nbsp;<\/p>\n<p><a href=\"https:\/\/cooltivarte.com\/portal\/?s=Airbag\" target=\"_blank\" rel=\"noopener\"><strong>Airbag<\/strong><\/a>&nbsp;atraviesa un presente hist\u00f3rico. Tras un&nbsp;<strong>2025 monumental<\/strong>, la banda despidi\u00f3 el a\u00f1o con&nbsp;<strong>cinco estadios River Plate completamente agotados,<\/strong>&nbsp;consolidando un fen\u00f3meno pocas veces visto en el rock argentino. En total, los hermanos&nbsp;<em>Sardelli<\/em>&nbsp;recorrieron&nbsp;<strong>m\u00e1s de&nbsp;20 ciudades en 8 pa\u00edses<\/strong>,&nbsp;<strong>realizaron m\u00e1s de 30 shows y convocaron a m\u00e1s de un mill\u00f3n de personas alrededor del mundo.<\/strong><\/p>\n<p>El punto de inflexi\u00f3n de esta nueva etapa lleg\u00f3 con el lanzamiento de&nbsp;<em><strong>El Club de la Pelea I<\/strong><\/em>, su octavo \u00e1lbum de estudio, que r\u00e1pidamente se convirti\u00f3 en uno de los discos m\u00e1s impactantes del a\u00f1o.&nbsp;<strong>Con millones de reproducciones y m\u00faltiples canciones posicionadas en los rankings,<\/strong>&nbsp;el trabajo reafirma la madurez art\u00edstica de la banda y su capacidad de conectar con distintas generaciones.<\/p>\n<p>El tour que acompa\u00f1a este lanzamiento no ha dejado de crecer: desde presentaciones masivas en Argentina, con m\u00faltiples funciones agotadas en ciudades como C\u00f3rdoba, Rosario y Mar del Plata, &nbsp;hasta su expansi\u00f3n internacional por Latinoam\u00e9rica y Europa, con paradas destacadas en M\u00e9xico, Colombia, Ecuador y Espa\u00f1a. En Uruguay,&nbsp;<strong>Airbag<\/strong>&nbsp;ya dej\u00f3 huella con funciones agotadas en el Antel Arena, consolidando un v\u00ednculo cada vez m\u00e1s fuerte con el p\u00fablico local. Ahora, regresa para ofrecer un show que promete&nbsp;<strong>intensidad, emoci\u00f3n y una puesta esc\u00e9nica de alto impacto.<\/strong><\/p>\n<p>Sobre el escenario, la banda despliega un repertorio demoledor que supera las&nbsp;<strong>40 canciones<\/strong>, combinando nuevos himnos como&nbsp;<em>Anarqu\u00eda en Buenos Aires<\/em>&nbsp;o&nbsp;<em>Nunca lo olvides<\/em>, con cl\u00e1sicos infaltables como&nbsp;<em>Cae el sol<\/em>&nbsp;y&nbsp;<em>Por mil noches<\/em>, en un show que es pura energ\u00eda, conexi\u00f3n y celebraci\u00f3n colectiva.<\/p>\n<p><strong>El 27 de junio, Montevideo ser\u00e1 nuevamente parte de este fen\u00f3meno que no deja de crecer, en una noche que promete ser uno de los grandes hitos del a\u00f1o en vivo.<\/strong><\/p>\n<p>&nbsp;<\/p>\n<p>&nbsp;<\/p>\n<p>&nbsp;<\/p>\n","protected":false},"excerpt":{"rendered":"<p>&nbsp; AIRBAG &#8211; El Club de la Pelea II &#8211; 27 de Junio 2026 &#8211; Antel Arena Entradas en venta &nbsp; \u261e&nbsp;PREVENTA EXCLUSIVA CON SANTANDER&nbsp;desde el martes 5 de mayo a las 12.00 h. hasta el mi\u00e9rcoles 6 de mayo a las 12.00 h. \u00f3 hasta agotar stock. \u261e&nbsp;VENTA GENERAL CON TODOS LOS MEDIOS DE [&hellip;]<\/p>\n","protected":false},"author":8,"featured_media":127204,"comment_status":"closed","ping_status":"closed","sticky":false,"template":"","format":"standard","meta":{"om_disable_all_campaigns":false,"ngg_post_thumbnail":0,"jnews-multi-image_gallery":[],"jnews_single_post":{"format":"standard","override":[{"template":"4","parallax":"1","layout":"right-sidebar","sidebar":"default-sidebar","second_sidebar":"default-sidebar","sticky_sidebar":"1","share_position":"bottom","share_float_style":"share-monocrhome","show_share_counter":"1","show_view_counter":"1","show_featured":"1","show_post_meta":"1","show_post_author":"1","show_post_author_image":"1","show_post_date":"1","post_date_format":"default","post_date_format_custom":"Y\/m\/d","show_post_category":"1","post_reading_time_wpm":"300","post_calculate_word_method":"str_word_count","zoom_button_out_step":"2","zoom_button_in_step":"3","show_post_tag":"1","show_prev_next_post":"1","show_popup_post":"1","show_comment_section":"1","number_popup_post":"1","show_author_box":"1","show_post_related":"0","show_inline_post_related":"0"}],"image_override":[{"single_post_thumbnail_size":"no-crop","single_post_gallery_size":"crop-500"}],"trending_post_position":"meta","trending_post_label":"Trending","sponsored_post_label":"Sponsored by","disable_ad":"0","subtitle":"27 de Junio 2026 - Antel Arena"},"jnews_primary_category":[],"jnews_social_meta":{"fb_description":"La banda argentina\u00a0Airbag\u00a0confirma su regreso a Uruguay con un show imperdible el\u00a027 de junio en el Antel Arena, en el marco de su imparable gira internacional\u00a0El Club de la Pelea II.","twitter_description":"La banda argentina\u00a0Airbag\u00a0confirma su regreso a Uruguay con un show imperdible el\u00a027 de junio en el Antel Arena, en el marco de su imparable gira internacional\u00a0El Club de la Pelea II.","twitter_image":"127204","fb_image":"127204","fb_title":"AIRBAG - El Club de la Pelea II - 27 de Junio 2026 - Antel Arena","twitter_title":"AIRBAG - El Club de la Pelea II - 27 de Junio 2026 - Antel Arena"},"jnews_override_counter":{"view_counter_number":"0","share_counter_number":"0","like_counter_number":"0","dislike_counter_number":"0"},"footnotes":""},"categories":[3394],"tags":[6206,7467,26406],"class_list":["post-127203","post","type-post","status-publish","format-standard","has-post-thumbnail","hentry","category-eventos","tag-airbag","tag-antel-arena","tag-el-club-de-la-pelea-ii"],"yoast_head":"<!-- This site is optimized with the Yoast SEO plugin v27.5 - https:\/\/yoast.com\/product\/yoast-seo-wordpress\/ -->\n<title>AIRBAG - El Club de la Pelea II - Cooltivarte Portal<\/title>\n<meta name=\"description\" content=\"COOLTIVARTE.COM es un portal digital colaborativo de actualizaci\u00f3n permanente dedicado a difundir el acontecer art\u00edstico y cultural, entrevista artistas, gestores y productores de las diferentes disciplinas del arte, y publicando art\u00edculos de reflexi\u00f3n de producci\u00f3n propia sobre los elementos culturales.\" \/>\n<meta name=\"robots\" content=\"index, follow, max-snippet:-1, max-image-preview:large, max-video-preview:-1\" \/>\n<link rel=\"canonical\" href=\"https:\/\/cooltivarte.com\/portal\/airbag-el-club-de-la-pelea-ii\/\" \/>\n<meta property=\"og:locale\" content=\"es_ES\" \/>\n<meta property=\"og:type\" content=\"article\" \/>\n<meta property=\"og:title\" content=\"AIRBAG - El Club de la Pelea II - 27 de Junio 2026 - Antel Arena\" \/>\n<meta property=\"og:description\" content=\"La banda argentina\u00a0Airbag\u00a0confirma su regreso a Uruguay con un show imperdible el\u00a027 de junio en el Antel Arena, en el marco de su imparable gira internacional\u00a0El Club de la Pelea II.\" \/>\n<meta property=\"og:url\" content=\"https:\/\/cooltivarte.com\/portal\/airbag-el-club-de-la-pelea-ii\/\" \/>\n<meta property=\"og:site_name\" content=\"Cooltivarte Portal\" \/>\n<meta property=\"article:publisher\" content=\"https:\/\/www.facebook.com\/cooltivartecom\/\" \/>\n<meta property=\"article:author\" content=\"https:\/\/www.facebook.com\/cooltivartecom\" \/>\n<meta property=\"article:published_time\" content=\"2026-05-01T15:57:09+00:00\" \/>\n<meta property=\"og:image\" content=\"https:\/\/cooltivarte.com\/portal\/wp-content\/uploads\/2026\/05\/AIRBAG-LLEGA-A-MONTEVIDEO.png\" \/>\n\t<meta property=\"og:image:width\" content=\"1080\" \/>\n\t<meta property=\"og:image:height\" content=\"1080\" \/>\n\t<meta property=\"og:image:type\" content=\"image\/png\" \/>\n<meta name=\"author\" content=\"Cooltivarte\" \/>\n<meta name=\"twitter:card\" content=\"summary_large_image\" \/>\n<meta name=\"twitter:title\" content=\"AIRBAG - El Club de la Pelea II - 27 de Junio 2026 - Antel Arena\" \/>\n<meta name=\"twitter:description\" content=\"La banda argentina\u00a0Airbag\u00a0confirma su regreso a Uruguay con un show imperdible el\u00a027 de junio en el Antel Arena, en el marco de su imparable gira internacional\u00a0El Club de la Pelea II.\" \/>\n<meta name=\"twitter:image\" content=\"https:\/\/cooltivarte.com\/portal\/wp-content\/uploads\/2026\/05\/AIRBAG-LLEGA-A-MONTEVIDEO.png\" \/>\n<meta name=\"twitter:creator\" content=\"@https:\/\/x.com\/obolocultural\" \/>\n<meta name=\"twitter:site\" content=\"@obolocultural\" \/>\n<meta name=\"twitter:label1\" content=\"Escrito por\" \/>\n\t<meta name=\"twitter:data1\" content=\"Cooltivarte\" \/>\n\t<meta name=\"twitter:label2\" content=\"Tiempo de lectura\" \/>\n\t<meta name=\"twitter:data2\" content=\"3 minutos\" \/>\n<!-- \/ Yoast SEO plugin. -->","yoast_head_json":{"title":"AIRBAG - El Club de la Pelea II - Cooltivarte Portal","description":"COOLTIVARTE.COM es un portal digital colaborativo de actualizaci\u00f3n permanente dedicado a difundir el acontecer art\u00edstico y cultural, entrevista artistas, gestores y productores de las diferentes disciplinas del arte, y publicando art\u00edculos de reflexi\u00f3n de producci\u00f3n propia sobre los elementos culturales.","robots":{"index":"index","follow":"follow","max-snippet":"max-snippet:-1","max-image-preview":"max-image-preview:large","max-video-preview":"max-video-preview:-1"},"canonical":"https:\/\/cooltivarte.com\/portal\/airbag-el-club-de-la-pelea-ii\/","og_locale":"es_ES","og_type":"article","og_title":"AIRBAG - El Club de la Pelea II - 27 de Junio 2026 - Antel Arena","og_description":"La banda argentina\u00a0Airbag\u00a0confirma su regreso a Uruguay con un show imperdible el\u00a027 de junio en el Antel Arena, en el marco de su imparable gira internacional\u00a0El Club de la Pelea II.","og_url":"https:\/\/cooltivarte.com\/portal\/airbag-el-club-de-la-pelea-ii\/","og_site_name":"Cooltivarte Portal","article_publisher":"https:\/\/www.facebook.com\/cooltivartecom\/","article_author":"https:\/\/www.facebook.com\/cooltivartecom","article_published_time":"2026-05-01T15:57:09+00:00","og_image":[{"width":1080,"height":1080,"url":"https:\/\/cooltivarte.com\/portal\/wp-content\/uploads\/2026\/05\/AIRBAG-LLEGA-A-MONTEVIDEO.png","type":"image\/png"}],"author":"Cooltivarte","twitter_card":"summary_large_image","twitter_title":"AIRBAG - El Club de la Pelea II - 27 de Junio 2026 - Antel Arena","twitter_description":"La banda argentina\u00a0Airbag\u00a0confirma su regreso a Uruguay con un show imperdible el\u00a027 de junio en el Antel Arena, en el marco de su imparable gira internacional\u00a0El Club de la Pelea II.","twitter_image":"https:\/\/cooltivarte.com\/portal\/wp-content\/uploads\/2026\/05\/AIRBAG-LLEGA-A-MONTEVIDEO.png","twitter_creator":"@https:\/\/x.com\/obolocultural","twitter_site":"@obolocultural","twitter_misc":{"Escrito por":"Cooltivarte","Tiempo de lectura":"3 minutos"},"schema":{"@context":"https:\/\/schema.org","@graph":[{"@type":"NewsArticle","@id":"https:\/\/cooltivarte.com\/portal\/airbag-el-club-de-la-pelea-ii\/#article","isPartOf":{"@id":"https:\/\/cooltivarte.com\/portal\/airbag-el-club-de-la-pelea-ii\/"},"author":{"name":"Cooltivarte","@id":"https:\/\/cooltivarte.com\/portal\/#\/schema\/person\/ec2a4f4e71b740d0c559c0ab9a157e19"},"headline":"AIRBAG &#8211; El Club de la Pelea II","datePublished":"2026-05-01T15:57:09+00:00","mainEntityOfPage":{"@id":"https:\/\/cooltivarte.com\/portal\/airbag-el-club-de-la-pelea-ii\/"},"wordCount":475,"publisher":{"@id":"https:\/\/cooltivarte.com\/portal\/#organization"},"image":{"@id":"https:\/\/cooltivarte.com\/portal\/airbag-el-club-de-la-pelea-ii\/#primaryimage"},"thumbnailUrl":"https:\/\/cooltivarte.com\/portal\/wp-content\/uploads\/2026\/05\/AIRBAG-LLEGA-A-MONTEVIDEO.png","keywords":["Airbag","Antel Arena","El Club de la Pelea II"],"articleSection":["Eventos"],"inLanguage":"es-AR"},{"@type":"WebPage","@id":"https:\/\/cooltivarte.com\/portal\/airbag-el-club-de-la-pelea-ii\/","url":"https:\/\/cooltivarte.com\/portal\/airbag-el-club-de-la-pelea-ii\/","name":"AIRBAG - El Club de la Pelea II - Cooltivarte Portal","isPartOf":{"@id":"https:\/\/cooltivarte.com\/portal\/#website"},"primaryImageOfPage":{"@id":"https:\/\/cooltivarte.com\/portal\/airbag-el-club-de-la-pelea-ii\/#primaryimage"},"image":{"@id":"https:\/\/cooltivarte.com\/portal\/airbag-el-club-de-la-pelea-ii\/#primaryimage"},"thumbnailUrl":"https:\/\/cooltivarte.com\/portal\/wp-content\/uploads\/2026\/05\/AIRBAG-LLEGA-A-MONTEVIDEO.png","datePublished":"2026-05-01T15:57:09+00:00","description":"COOLTIVARTE.COM es un portal digital colaborativo de actualizaci\u00f3n permanente dedicado a difundir el acontecer art\u00edstico y cultural, entrevista artistas, gestores y productores de las diferentes disciplinas del arte, y publicando art\u00edculos de reflexi\u00f3n de producci\u00f3n propia sobre los elementos culturales.","breadcrumb":{"@id":"https:\/\/cooltivarte.com\/portal\/airbag-el-club-de-la-pelea-ii\/#breadcrumb"},"inLanguage":"es-AR","potentialAction":[{"@type":"ReadAction","target":["https:\/\/cooltivarte.com\/portal\/airbag-el-club-de-la-pelea-ii\/"]}]},{"@type":"ImageObject","inLanguage":"es-AR","@id":"https:\/\/cooltivarte.com\/portal\/airbag-el-club-de-la-pelea-ii\/#primaryimage","url":"https:\/\/cooltivarte.com\/portal\/wp-content\/uploads\/2026\/05\/AIRBAG-LLEGA-A-MONTEVIDEO.png","contentUrl":"https:\/\/cooltivarte.com\/portal\/wp-content\/uploads\/2026\/05\/AIRBAG-LLEGA-A-MONTEVIDEO.png","width":1080,"height":1080,"caption":"AIRBAG - El Club de la Pelea II - 27 de Junio 2026 - Antel Arena"},{"@type":"BreadcrumbList","@id":"https:\/\/cooltivarte.com\/portal\/airbag-el-club-de-la-pelea-ii\/#breadcrumb","itemListElement":[{"@type":"ListItem","position":1,"name":"Portada","item":"https:\/\/cooltivarte.com\/portal\/"},{"@type":"ListItem","position":2,"name":"AIRBAG &#8211; El Club de la Pelea II"}]},{"@type":"WebSite","@id":"https:\/\/cooltivarte.com\/portal\/#website","url":"https:\/\/cooltivarte.com\/portal\/","name":"Cooltivarte Portal","description":"Arte, cultura y turismo para el mundo ...","publisher":{"@id":"https:\/\/cooltivarte.com\/portal\/#organization"},"potentialAction":[{"@type":"SearchAction","target":{"@type":"EntryPoint","urlTemplate":"https:\/\/cooltivarte.com\/portal\/?s={search_term_string}"},"query-input":{"@type":"PropertyValueSpecification","valueRequired":true,"valueName":"search_term_string"}}],"inLanguage":"es-AR"},{"@type":"Organization","@id":"https:\/\/cooltivarte.com\/portal\/#organization","name":"cooltivarte","url":"https:\/\/cooltivarte.com\/portal\/","logo":{"@type":"ImageObject","inLanguage":"es-AR","@id":"https:\/\/cooltivarte.com\/portal\/#\/schema\/logo\/image\/","url":"https:\/\/cooltivarte.com\/portal\/wp-content\/uploads\/2020\/04\/logo-cooltivarte-v2.png","contentUrl":"https:\/\/cooltivarte.com\/portal\/wp-content\/uploads\/2020\/04\/logo-cooltivarte-v2.png","width":851,"height":243,"caption":"cooltivarte"},"image":{"@id":"https:\/\/cooltivarte.com\/portal\/#\/schema\/logo\/image\/"},"sameAs":["https:\/\/www.facebook.com\/cooltivartecom\/","https:\/\/x.com\/obolocultural","https:\/\/www.instagram.com\/_cooltivarte_\/","https:\/\/www.linkedin.com\/company\/-bolocultural?reportsuccess=8zaNG1HwhPbAR9iQhZ5rfGeqz_vQFftHun0ZWU0Wy9vNemRJ8vtcKdJvzQfW8XagyOJSKg0XvfJ1dp","https:\/\/www.pinterest.com\/cooltivarte\/","https:\/\/cooltivarte.tumblr.com\/","https:\/\/www.tiktok.com\/@cooltivarte","https:\/\/www.youtube.com\/@PrensaCooltivarte"]},{"@type":"Person","@id":"https:\/\/cooltivarte.com\/portal\/#\/schema\/person\/ec2a4f4e71b740d0c559c0ab9a157e19","name":"Cooltivarte","image":{"@type":"ImageObject","inLanguage":"es-AR","@id":"https:\/\/cooltivarte.com\/portal\/wp-content\/uploads\/2014\/05\/logo-cooltivarte-120x120.jpg","url":"https:\/\/cooltivarte.com\/portal\/wp-content\/uploads\/2014\/05\/logo-cooltivarte-120x120.jpg","contentUrl":"https:\/\/cooltivarte.com\/portal\/wp-content\/uploads\/2014\/05\/logo-cooltivarte-120x120.jpg","caption":"Cooltivarte"},"description":"Somos COOLTIVARTE.COM. Un portal digital dedicado a difundir el acontecer art\u00edstico y cultural del Uruguay. Estamos en la vuelta desde el a\u00f1o 2003, y como evoluci\u00f3n del bolet\u00edn Obolo Cultural, nos encontramos abocados a apoyar a los artistas nacionales brind\u00e1ndoles un espacio de difusi\u00f3n. Creemos en la idea de utilizar la potencialidad que hoy d\u00eda nos otorga la web, para que la cultura uruguaya y sus creadores dispongan de una din\u00e1mica ventana, que los ponga en contacto entre s\u00ed y con el mundo. Somos COOLTIVARTE.COM y pretendemos configurarnos como un portal din\u00e1mico, entretenido y atento a los nuevos emprendimientos, que busque siempre la interacci\u00f3n con los artistas.","sameAs":["http:\/\/www.cooltivarte.com","https:\/\/www.facebook.com\/cooltivartecom","https:\/\/www.instagram.com\/_cooltivarte_\/","https:\/\/www.linkedin.com\/company\/-bolocultural","https:\/\/www.pinterest.com\/cooltivarte\/","https:\/\/x.com\/https:\/\/x.com\/obolocultural","https:\/\/www.youtube.com\/@PrensaCooltivarte","https:\/\/www.tumblr.com\/blog\/cooltivarte"],"url":"https:\/\/cooltivarte.com\/portal\/author\/cooltivarte\/"}]}},"_links":{"self":[{"href":"https:\/\/cooltivarte.com\/portal\/wp-json\/wp\/v2\/posts\/127203","targetHints":{"allow":["GET"]}}],"collection":[{"href":"https:\/\/cooltivarte.com\/portal\/wp-json\/wp\/v2\/posts"}],"about":[{"href":"https:\/\/cooltivarte.com\/portal\/wp-json\/wp\/v2\/types\/post"}],"author":[{"embeddable":true,"href":"https:\/\/cooltivarte.com\/portal\/wp-json\/wp\/v2\/users\/8"}],"replies":[{"embeddable":true,"href":"https:\/\/cooltivarte.com\/portal\/wp-json\/wp\/v2\/comments?post=127203"}],"version-history":[{"count":1,"href":"https:\/\/cooltivarte.com\/portal\/wp-json\/wp\/v2\/posts\/127203\/revisions"}],"predecessor-version":[{"id":127205,"href":"https:\/\/cooltivarte.com\/portal\/wp-json\/wp\/v2\/posts\/127203\/revisions\/127205"}],"wp:featuredmedia":[{"embeddable":true,"href":"https:\/\/cooltivarte.com\/portal\/wp-json\/wp\/v2\/media\/127204"}],"wp:attachment":[{"href":"https:\/\/cooltivarte.com\/portal\/wp-json\/wp\/v2\/media?parent=127203"}],"wp:term":[{"taxonomy":"category","embeddable":true,"href":"https:\/\/cooltivarte.com\/portal\/wp-json\/wp\/v2\/categories?post=127203"},{"taxonomy":"post_tag","embeddable":true,"href":"https:\/\/cooltivarte.com\/portal\/wp-json\/wp\/v2\/tags?post=127203"}],"curies":[{"name":"wp","href":"https:\/\/api.w.org\/{rel}","templated":true}]}}