{"id":127197,"date":"2026-05-01T12:33:49","date_gmt":"2026-05-01T15:33:49","guid":{"rendered":"https:\/\/cooltivarte.com\/portal\/?p=127197"},"modified":"2026-05-01T12:46:46","modified_gmt":"2026-05-01T15:46:46","slug":"mama-esta-aca","status":"publish","type":"post","link":"https:\/\/cooltivarte.com\/portal\/mama-esta-aca\/","title":{"rendered":"Mam\u00e1 est\u00e1 ac\u00e1"},"content":{"rendered":"<figure id=\"attachment_127198\" aria-describedby=\"caption-attachment-127198\" style=\"width: 1024px\" class=\"wp-caption aligncenter\"><img fetchpriority=\"high\" decoding=\"async\" class=\"wp-image-127198 size-large\" title=\"Mam\u00e1 est\u00e1 ac\u00e1 - Direcci\u00f3n: Claudia Abend - Adriana Loeff\" src=\"https:\/\/cooltivarte.com\/portal\/wp-content\/uploads\/2026\/05\/Mama-esta-aca-1024x398.jpg\" alt=\"Mam\u00e1 est\u00e1 ac\u00e1 - Direcci\u00f3n: Claudia Abend - Adriana Loeff\" width=\"1024\" height=\"398\" srcset=\"https:\/\/cooltivarte.com\/portal\/wp-content\/uploads\/2026\/05\/Mama-esta-aca-1024x398.jpg 1024w, https:\/\/cooltivarte.com\/portal\/wp-content\/uploads\/2026\/05\/Mama-esta-aca-300x117.jpg 300w, https:\/\/cooltivarte.com\/portal\/wp-content\/uploads\/2026\/05\/Mama-esta-aca-768x299.jpg 768w, https:\/\/cooltivarte.com\/portal\/wp-content\/uploads\/2026\/05\/Mama-esta-aca-1536x598.jpg 1536w, https:\/\/cooltivarte.com\/portal\/wp-content\/uploads\/2026\/05\/Mama-esta-aca.jpg 1920w\" sizes=\"(max-width: 1024px) 100vw, 1024px\" \/><figcaption id=\"caption-attachment-127198\" class=\"wp-caption-text\">Mam\u00e1 est\u00e1 ac\u00e1<\/figcaption><\/figure>\n<p>&nbsp;<\/p>\n<h2 class=\"text-uppercase\"><a href=\"https:\/\/linktr.ee\/mama_esta_aca\" target=\"_blank\" rel=\"noopener\">Mam\u00e1 est\u00e1 ac\u00e1<\/a><\/h2>\n<h4 class=\"text-secondary text-uppercase mb-5\">&nbsp;<\/h4>\n<p class=\"mb-0\"><b>Uruguay, 2026.<\/b><\/p>\n<p class=\"mb-0\"><b>Direcci\u00f3n:<\/b><strong>&nbsp;Claudia Abend, Adriana Loeff<\/strong>.<\/p>\n<p>Claudia Abend y Adriana Loeff son documentalistas uruguayas con una destacada trayectoria. Su pel\u00edcula Hit (2008) bati\u00f3 r\u00e9cords de taquilla en Uruguay, y La Flor de la Vida (2017) tuvo su estreno mundial en IDFA, recibiendo m\u00faltiples premios internacionales. En 2020 estrenaron la miniserie La Flor de la Vida \u2013 La Serie, un spin-off del filme. Ambas imparten clases de documental en universidades uruguayas y trabajan en cine, publicidad y medios.<\/p>\n<p class=\"mb-0\"><b>Gui\u00f3n:<\/b>&nbsp;Adriana Loeff, Claudia Abend.<\/p>\n<p class=\"mb-0\"><b>Fotograf\u00eda:<\/b>&nbsp;Elisa Barbosa Riva, Victoria Penai.<\/p>\n<p class=\"mb-0\"><b>M\u00fasica:<\/b>&nbsp;Hern\u00e1n Gonz\u00e1lez Villamil.<\/p>\n<p class=\"mb-0\"><b>Elenco:<\/b>&nbsp;<strong>Jimena M\u00e1rquez, Mar\u00eda Luz Viera, Paula Villalba, Danna Liberman<\/strong>.<\/p>\n<p class=\"mh-0\">&nbsp;<\/p>\n<p class=\"mt-n3 mb-0\"><b>Duraci\u00f3n:<\/b>&nbsp;84 min.<\/p>\n<p>&nbsp;<br \/>\n<iframe title=\"Mam\u00e1 est\u00e1 ac\u00e1 | Tr\u00e1iler Oficial\" src=\"https:\/\/www.youtube.com\/embed\/spsg0vjLC84?si=Coi5C7JgSTKxJHL1\" width=\"100%\" height=\"515\" frameborder=\"0\" allowfullscreen=\"allowfullscreen\"><span data-mce-type=\"bookmark\" style=\"display: inline-block; width: 0px; overflow: hidden; line-height: 0;\" class=\"mce_SELRES_start\">\ufeff<\/span><\/iframe><br \/>\n&nbsp;<\/p>\n<p>&nbsp;<\/p>\n<p>Este documental entrelaza la vida personal y la creaci\u00f3n art\u00edstica, la maternidad y el proceso creativo. Cuatro mujeres artistas trabajan juntas en la creaci\u00f3n de una obra de teatro. El documental sigue los ensayos de la obra&nbsp;<b>Hanami: el placer de contemplar las flores<\/b>, escrita por una de las protagonistas, hasta la noche del estreno, construyendo un paralelismo entre el acto de crear y el de ser madre. A medida que se acerca la gran noche del estreno, la pel\u00edcula descubre las historias de maternidad de cada una: el proceso de adopci\u00f3n de una madre sola, el nacimiento del primer beb\u00e9 de dos mam\u00e1s, la dura batalla por la vida de un hijo en peligro.<\/p>\n<p>Las directoras Abend y Loeff entrecruzan con sensibilidad esa catarata de experiencias afectivas y emocionales. Danna atraviesa una maternidad marcada por el l\u00edmite: su segundo hijo naci\u00f3 sin respirar durante unos minutos, dejando como consecuencia una lesi\u00f3n cerebral. Desde entonces, su vida se sostiene en un delicado equilibrio entre el amor feroz, el agotamiento y la resistencia, y mientras lucha por su hijo, escribe su pieza autobiogr\u00e1fica. Jimena y Luz esperan a su primera hija, Primavera, y los \u00faltimos meses de embarazo avanzan entre la ilusi\u00f3n, la ansiedad y el v\u00e9rtigo ante lo desconocido, hasta que el d\u00eda del nacimiento todo lo imaginado se desarma por una circunstancia inesperada. Paula so\u00f1\u00f3 toda la vida con ser madre, y cuando la maternidad biol\u00f3gica dej\u00f3 de ser una posibilidad, encontr\u00f3 en la adopci\u00f3n una esperanza que le daba tanto miedo como ilusi\u00f3n; hoy cr\u00eda sola a un ni\u00f1o sensible y brillante que lucha con una dificultad para regular sus emociones, a\u00fan sin diagn\u00f3stico claro. Entre tratamientos, consultas, desaf\u00edos y pron\u00f3sticos poco alentadores, elige siempre confiar: sostiene al chico, lo acompa\u00f1a, se desborda, vuelve a empezar.<\/p>\n<p>La pel\u00edcula es un retrato de amor incondicional, del v\u00ednculo invisible de amistad y complicidad que se da entre las mujeres que se sostienen. Entre la comedia y el drama, se sumerge en una de las experiencias m\u00e1s intensas de la vida: la que atrapa a esas mujeres a medio camino entre lo que hab\u00edan so\u00f1ado para sus vidas y la realidad que les toca enfrentar.<\/p>\n<p>Claudia Abend y Adriana Loeff son directoras uruguayas con una destacada trayectoria. Su pel\u00edcula&nbsp;<b>Hit&nbsp;<\/b>(2008) bati\u00f3 r\u00e9cords de taquilla en Uruguay,&nbsp;<b>y La flor de la vida&nbsp;<\/b>(2017) tuvo su estreno mundial en IDFA, recibiendo m\u00faltiples premios internacionales. En 2020 estrenaron la miniserie hom\u00f3nima al film de 2017, un&nbsp;<i>spin-off&nbsp;<\/i>de este. Ambas imparten clases de documental en universidades uruguayas y trabajan en cine, publicidad y medios.<\/p>\n<p>&nbsp;<\/p>\n<p>Fuente: <a href=\"https:\/\/cinemateca.org.uy\/peliculas\/9112\" target=\"_blank\" rel=\"noopener\">cinemateca.org.uy<\/a><\/p>\n<p>&nbsp;<\/p>\n<p>&nbsp;<\/p>\n","protected":false},"excerpt":{"rendered":"<p>Mam\u00e1 est\u00e1 ac\u00e1<br \/>\nUruguay, 2026.<\/p>\n<p>Direcci\u00f3n: Claudia Abend, Adriana Loeff.<\/p>\n<p>Claudia Abend y Adriana Loeff son documentalistas uruguayas con una destacada trayectoria. Su pel\u00edcula Hit (2008) bati\u00f3 r\u00e9cords de taquilla en Uruguay, y La Flor de la Vida (2017) tuvo su estreno mundial en IDFA, recibiendo m\u00faltiples premios internacionales. En 2020 estrenaron la miniserie La Flor de la Vida \u2013 La Serie, un spin-off del filme. Ambas imparten clases de documental en universidades uruguayas y trabajan en cine, publicidad y medios.<\/p>\n<p>Gui\u00f3n: Adriana Loeff, Claudia Abend.<\/p>\n<p>Fotograf\u00eda: Elisa Barbosa Riva, Victoria Penai.<\/p>\n<p>M\u00fasica: Hern\u00e1n Gonz\u00e1lez Villamil.<\/p>\n<p>Elenco: Jimena M\u00e1rquez, Mar\u00eda Luz Viera, Paula Villalba, Danna Liberman.<\/p>\n<p>Duraci\u00f3n: 84 min.<\/p>\n<p>Sacar entradas<br \/>\nmayo<br \/>\ns\u00e1bado<\/p>\n<p>02<\/p>\n<p>2026<\/p>\n<p>mayo<br \/>\ndomingo<\/p>\n<p>03<\/p>\n<p>2026<\/p>\n<p>mayo<br \/>\nlunes<\/p>\n<p>04<\/p>\n<p>2026<\/p>\n<p>mayo<br \/>\nmartes<\/p>\n<p>05<\/p>\n<p>2026<\/p>\n<p>mayo<br \/>\nmi\u00e9rcoles<\/p>\n<p>06<\/p>\n<p>2026<\/p>\n<p>Quedan 98 butacas disponibles para la funci\u00f3n del s\u00e1bado, 02 de mayo a las 20:30<\/p>\n<p>Sinopsis<br \/>\nEste documental entrelaza la vida personal y la creaci\u00f3n art\u00edstica, la maternidad y el proceso creativo. Cuatro mujeres artistas trabajan juntas en la creaci\u00f3n de una obra de teatro. El documental sigue los ensayos de la obra Hanami: el placer de contemplar las flores, escrita por una de las protagonistas, hasta la noche del estreno, construyendo un paralelismo entre el acto de crear y el de ser madre. A medida que se acerca la gran noche del estreno, la pel\u00edcula descubre las historias de maternidad de cada una: el proceso de adopci\u00f3n de una madre sola, el nacimiento &#8230;<\/p>\n","protected":false},"author":8,"featured_media":127198,"comment_status":"closed","ping_status":"closed","sticky":false,"template":"","format":"standard","meta":{"om_disable_all_campaigns":false,"ngg_post_thumbnail":0,"jnews-multi-image_gallery":[],"jnews_single_post":{"format":"standard","override":[{"template":"4","parallax":"1","layout":"right-sidebar","sidebar":"default-sidebar","second_sidebar":"default-sidebar","sticky_sidebar":"1","share_position":"bottom","share_float_style":"share-monocrhome","show_share_counter":"1","show_view_counter":"1","show_featured":"1","show_post_meta":"1","show_post_author":"1","show_post_author_image":"1","show_post_date":"1","post_date_format":"default","post_date_format_custom":"Y\/m\/d","show_post_category":"1","post_reading_time_wpm":"300","post_calculate_word_method":"str_word_count","zoom_button_out_step":"2","zoom_button_in_step":"3","show_post_tag":"1","show_prev_next_post":"1","show_popup_post":"1","show_comment_section":"1","number_popup_post":"1","show_author_box":"1","show_post_related":"0","show_inline_post_related":"0"}],"image_override":[{"single_post_thumbnail_size":"no-crop","single_post_gallery_size":"crop-500"}],"trending_post_position":"meta","trending_post_label":"Trending","sponsored_post_label":"Sponsored by","disable_ad":"0","subtitle":"Documental - Direcci\u00f3n: Claudia Abend, Adriana Loeff."},"jnews_primary_category":[],"jnews_social_meta":{"fb_title":"Mam\u00e1 est\u00e1 ac\u00e1 - Direcci\u00f3n: Claudia Abend - Adriana Loeff","twitter_title":"Mam\u00e1 est\u00e1 ac\u00e1 - Direcci\u00f3n: Claudia Abend - Adriana Loeff","twitter_image":"127198","fb_image":"127198","fb_description":"Este documental entrelaza la vida personal y la creaci\u00f3n art\u00edstica, la maternidad y el proceso creativo. Cuatro mujeres artistas trabajan juntas en la creaci\u00f3n de una obra de teatro.","twitter_description":"Este documental entrelaza la vida personal y la creaci\u00f3n art\u00edstica, la maternidad y el proceso creativo. Cuatro mujeres artistas trabajan juntas en la creaci\u00f3n de una obra de teatro."},"jnews_override_counter":{"view_counter_number":"0","share_counter_number":"0","like_counter_number":"0","dislike_counter_number":"0"},"footnotes":""},"categories":[72],"tags":[26404,26403,19251,1761,26402,26405,19276],"class_list":["post-127197","post","type-post","status-publish","format-standard","has-post-thumbnail","hentry","category-cine","tag-adriana-loeff","tag-claudia-abend","tag-danna-liberman","tag-jimena-marquez","tag-mama-esta-aca","tag-maria-luz-viera","tag-paula-villalba"],"yoast_head":"<!-- This site is optimized with the Yoast SEO plugin v27.5 - https:\/\/yoast.com\/product\/yoast-seo-wordpress\/ -->\n<title>Mam\u00e1 est\u00e1 ac\u00e1 - Cooltivarte Portal<\/title>\n<meta name=\"description\" content=\"Este documental entrelaza la vida personal y la creaci\u00f3n art\u00edstica, la maternidad y el proceso creativo. Cuatro mujeres artistas trabajan juntas en la creaci\u00f3n de una obra de teatro.\" \/>\n<meta name=\"robots\" content=\"index, follow, max-snippet:-1, max-image-preview:large, max-video-preview:-1\" \/>\n<link rel=\"canonical\" href=\"https:\/\/cooltivarte.com\/portal\/mama-esta-aca\/\" \/>\n<meta property=\"og:locale\" content=\"es_ES\" \/>\n<meta property=\"og:type\" content=\"article\" \/>\n<meta property=\"og:title\" content=\"Mam\u00e1 est\u00e1 ac\u00e1 - Direcci\u00f3n: Claudia Abend - Adriana Loeff\" \/>\n<meta property=\"og:description\" content=\"Este documental entrelaza la vida personal y la creaci\u00f3n art\u00edstica, la maternidad y el proceso creativo. Cuatro mujeres artistas trabajan juntas en la creaci\u00f3n de una obra de teatro.\" \/>\n<meta property=\"og:url\" content=\"https:\/\/cooltivarte.com\/portal\/mama-esta-aca\/\" \/>\n<meta property=\"og:site_name\" content=\"Cooltivarte Portal\" \/>\n<meta property=\"article:publisher\" content=\"https:\/\/www.facebook.com\/cooltivartecom\/\" \/>\n<meta property=\"article:author\" content=\"https:\/\/www.facebook.com\/cooltivartecom\" \/>\n<meta property=\"article:published_time\" content=\"2026-05-01T15:33:49+00:00\" \/>\n<meta property=\"article:modified_time\" content=\"2026-05-01T15:46:46+00:00\" \/>\n<meta property=\"og:image\" content=\"https:\/\/cooltivarte.com\/portal\/wp-content\/uploads\/2026\/05\/Mama-esta-aca.jpg\" \/>\n\t<meta property=\"og:image:width\" content=\"1920\" \/>\n\t<meta property=\"og:image:height\" content=\"747\" \/>\n\t<meta property=\"og:image:type\" content=\"image\/jpeg\" \/>\n<meta name=\"author\" content=\"Cooltivarte\" \/>\n<meta name=\"twitter:card\" content=\"summary_large_image\" \/>\n<meta name=\"twitter:title\" content=\"Mam\u00e1 est\u00e1 ac\u00e1 - Direcci\u00f3n: Claudia Abend - Adriana Loeff\" \/>\n<meta name=\"twitter:description\" content=\"Este documental entrelaza la vida personal y la creaci\u00f3n art\u00edstica, la maternidad y el proceso creativo. Cuatro mujeres artistas trabajan juntas en la creaci\u00f3n de una obra de teatro.\" \/>\n<meta name=\"twitter:image\" content=\"https:\/\/cooltivarte.com\/portal\/wp-content\/uploads\/2026\/05\/Mama-esta-aca.jpg\" \/>\n<meta name=\"twitter:creator\" content=\"@https:\/\/x.com\/obolocultural\" \/>\n<meta name=\"twitter:site\" content=\"@obolocultural\" \/>\n<meta name=\"twitter:label1\" content=\"Escrito por\" \/>\n\t<meta name=\"twitter:data1\" content=\"Cooltivarte\" \/>\n\t<meta name=\"twitter:label2\" content=\"Tiempo de lectura\" \/>\n\t<meta name=\"twitter:data2\" content=\"3 minutos\" \/>\n<!-- \/ Yoast SEO plugin. -->","yoast_head_json":{"title":"Mam\u00e1 est\u00e1 ac\u00e1 - Cooltivarte Portal","description":"Este documental entrelaza la vida personal y la creaci\u00f3n art\u00edstica, la maternidad y el proceso creativo. Cuatro mujeres artistas trabajan juntas en la creaci\u00f3n de una obra de teatro.","robots":{"index":"index","follow":"follow","max-snippet":"max-snippet:-1","max-image-preview":"max-image-preview:large","max-video-preview":"max-video-preview:-1"},"canonical":"https:\/\/cooltivarte.com\/portal\/mama-esta-aca\/","og_locale":"es_ES","og_type":"article","og_title":"Mam\u00e1 est\u00e1 ac\u00e1 - Direcci\u00f3n: Claudia Abend - Adriana Loeff","og_description":"Este documental entrelaza la vida personal y la creaci\u00f3n art\u00edstica, la maternidad y el proceso creativo. Cuatro mujeres artistas trabajan juntas en la creaci\u00f3n de una obra de teatro.","og_url":"https:\/\/cooltivarte.com\/portal\/mama-esta-aca\/","og_site_name":"Cooltivarte Portal","article_publisher":"https:\/\/www.facebook.com\/cooltivartecom\/","article_author":"https:\/\/www.facebook.com\/cooltivartecom","article_published_time":"2026-05-01T15:33:49+00:00","article_modified_time":"2026-05-01T15:46:46+00:00","og_image":[{"width":1920,"height":747,"url":"https:\/\/cooltivarte.com\/portal\/wp-content\/uploads\/2026\/05\/Mama-esta-aca.jpg","type":"image\/jpeg"}],"author":"Cooltivarte","twitter_card":"summary_large_image","twitter_title":"Mam\u00e1 est\u00e1 ac\u00e1 - Direcci\u00f3n: Claudia Abend - Adriana Loeff","twitter_description":"Este documental entrelaza la vida personal y la creaci\u00f3n art\u00edstica, la maternidad y el proceso creativo. Cuatro mujeres artistas trabajan juntas en la creaci\u00f3n de una obra de teatro.","twitter_image":"https:\/\/cooltivarte.com\/portal\/wp-content\/uploads\/2026\/05\/Mama-esta-aca.jpg","twitter_creator":"@https:\/\/x.com\/obolocultural","twitter_site":"@obolocultural","twitter_misc":{"Escrito por":"Cooltivarte","Tiempo de lectura":"3 minutos"},"schema":{"@context":"https:\/\/schema.org","@graph":[{"@type":"NewsArticle","@id":"https:\/\/cooltivarte.com\/portal\/mama-esta-aca\/#article","isPartOf":{"@id":"https:\/\/cooltivarte.com\/portal\/mama-esta-aca\/"},"author":{"name":"Cooltivarte","@id":"https:\/\/cooltivarte.com\/portal\/#\/schema\/person\/ec2a4f4e71b740d0c559c0ab9a157e19"},"headline":"Mam\u00e1 est\u00e1 ac\u00e1","datePublished":"2026-05-01T15:33:49+00:00","dateModified":"2026-05-01T15:46:46+00:00","mainEntityOfPage":{"@id":"https:\/\/cooltivarte.com\/portal\/mama-esta-aca\/"},"wordCount":613,"publisher":{"@id":"https:\/\/cooltivarte.com\/portal\/#organization"},"image":{"@id":"https:\/\/cooltivarte.com\/portal\/mama-esta-aca\/#primaryimage"},"thumbnailUrl":"https:\/\/cooltivarte.com\/portal\/wp-content\/uploads\/2026\/05\/Mama-esta-aca.jpg","keywords":["Adriana Loeff","Claudia Abend","Danna Liberman","Jimena M\u00e1rquez","Mam\u00e1 est\u00e1 ac\u00e1","Mar\u00eda Luz Viera","Paula Villalba"],"articleSection":["Cine y TV"],"inLanguage":"es-AR"},{"@type":"WebPage","@id":"https:\/\/cooltivarte.com\/portal\/mama-esta-aca\/","url":"https:\/\/cooltivarte.com\/portal\/mama-esta-aca\/","name":"Mam\u00e1 est\u00e1 ac\u00e1 - Cooltivarte Portal","isPartOf":{"@id":"https:\/\/cooltivarte.com\/portal\/#website"},"primaryImageOfPage":{"@id":"https:\/\/cooltivarte.com\/portal\/mama-esta-aca\/#primaryimage"},"image":{"@id":"https:\/\/cooltivarte.com\/portal\/mama-esta-aca\/#primaryimage"},"thumbnailUrl":"https:\/\/cooltivarte.com\/portal\/wp-content\/uploads\/2026\/05\/Mama-esta-aca.jpg","datePublished":"2026-05-01T15:33:49+00:00","dateModified":"2026-05-01T15:46:46+00:00","description":"Este documental entrelaza la vida personal y la creaci\u00f3n art\u00edstica, la maternidad y el proceso creativo. Cuatro mujeres artistas trabajan juntas en la creaci\u00f3n de una obra de teatro.","breadcrumb":{"@id":"https:\/\/cooltivarte.com\/portal\/mama-esta-aca\/#breadcrumb"},"inLanguage":"es-AR","potentialAction":[{"@type":"ReadAction","target":["https:\/\/cooltivarte.com\/portal\/mama-esta-aca\/"]}]},{"@type":"ImageObject","inLanguage":"es-AR","@id":"https:\/\/cooltivarte.com\/portal\/mama-esta-aca\/#primaryimage","url":"https:\/\/cooltivarte.com\/portal\/wp-content\/uploads\/2026\/05\/Mama-esta-aca.jpg","contentUrl":"https:\/\/cooltivarte.com\/portal\/wp-content\/uploads\/2026\/05\/Mama-esta-aca.jpg","width":1920,"height":747,"caption":"Mam\u00e1 est\u00e1 ac\u00e1 - Direcci\u00f3n: Claudia Abend - Adriana Loeff"},{"@type":"BreadcrumbList","@id":"https:\/\/cooltivarte.com\/portal\/mama-esta-aca\/#breadcrumb","itemListElement":[{"@type":"ListItem","position":1,"name":"Portada","item":"https:\/\/cooltivarte.com\/portal\/"},{"@type":"ListItem","position":2,"name":"Mam\u00e1 est\u00e1 ac\u00e1"}]},{"@type":"WebSite","@id":"https:\/\/cooltivarte.com\/portal\/#website","url":"https:\/\/cooltivarte.com\/portal\/","name":"Cooltivarte Portal","description":"Arte, cultura y turismo para el mundo ...","publisher":{"@id":"https:\/\/cooltivarte.com\/portal\/#organization"},"potentialAction":[{"@type":"SearchAction","target":{"@type":"EntryPoint","urlTemplate":"https:\/\/cooltivarte.com\/portal\/?s={search_term_string}"},"query-input":{"@type":"PropertyValueSpecification","valueRequired":true,"valueName":"search_term_string"}}],"inLanguage":"es-AR"},{"@type":"Organization","@id":"https:\/\/cooltivarte.com\/portal\/#organization","name":"cooltivarte","url":"https:\/\/cooltivarte.com\/portal\/","logo":{"@type":"ImageObject","inLanguage":"es-AR","@id":"https:\/\/cooltivarte.com\/portal\/#\/schema\/logo\/image\/","url":"https:\/\/cooltivarte.com\/portal\/wp-content\/uploads\/2020\/04\/logo-cooltivarte-v2.png","contentUrl":"https:\/\/cooltivarte.com\/portal\/wp-content\/uploads\/2020\/04\/logo-cooltivarte-v2.png","width":851,"height":243,"caption":"cooltivarte"},"image":{"@id":"https:\/\/cooltivarte.com\/portal\/#\/schema\/logo\/image\/"},"sameAs":["https:\/\/www.facebook.com\/cooltivartecom\/","https:\/\/x.com\/obolocultural","https:\/\/www.instagram.com\/_cooltivarte_\/","https:\/\/www.linkedin.com\/company\/-bolocultural?reportsuccess=8zaNG1HwhPbAR9iQhZ5rfGeqz_vQFftHun0ZWU0Wy9vNemRJ8vtcKdJvzQfW8XagyOJSKg0XvfJ1dp","https:\/\/www.pinterest.com\/cooltivarte\/","https:\/\/cooltivarte.tumblr.com\/","https:\/\/www.tiktok.com\/@cooltivarte","https:\/\/www.youtube.com\/@PrensaCooltivarte"]},{"@type":"Person","@id":"https:\/\/cooltivarte.com\/portal\/#\/schema\/person\/ec2a4f4e71b740d0c559c0ab9a157e19","name":"Cooltivarte","image":{"@type":"ImageObject","inLanguage":"es-AR","@id":"https:\/\/cooltivarte.com\/portal\/wp-content\/uploads\/2014\/05\/logo-cooltivarte-120x120.jpg","url":"https:\/\/cooltivarte.com\/portal\/wp-content\/uploads\/2014\/05\/logo-cooltivarte-120x120.jpg","contentUrl":"https:\/\/cooltivarte.com\/portal\/wp-content\/uploads\/2014\/05\/logo-cooltivarte-120x120.jpg","caption":"Cooltivarte"},"description":"Somos COOLTIVARTE.COM. Un portal digital dedicado a difundir el acontecer art\u00edstico y cultural del Uruguay. Estamos en la vuelta desde el a\u00f1o 2003, y como evoluci\u00f3n del bolet\u00edn Obolo Cultural, nos encontramos abocados a apoyar a los artistas nacionales brind\u00e1ndoles un espacio de difusi\u00f3n. Creemos en la idea de utilizar la potencialidad que hoy d\u00eda nos otorga la web, para que la cultura uruguaya y sus creadores dispongan de una din\u00e1mica ventana, que los ponga en contacto entre s\u00ed y con el mundo. Somos COOLTIVARTE.COM y pretendemos configurarnos como un portal din\u00e1mico, entretenido y atento a los nuevos emprendimientos, que busque siempre la interacci\u00f3n con los artistas.","sameAs":["http:\/\/www.cooltivarte.com","https:\/\/www.facebook.com\/cooltivartecom","https:\/\/www.instagram.com\/_cooltivarte_\/","https:\/\/www.linkedin.com\/company\/-bolocultural","https:\/\/www.pinterest.com\/cooltivarte\/","https:\/\/x.com\/https:\/\/x.com\/obolocultural","https:\/\/www.youtube.com\/@PrensaCooltivarte","https:\/\/www.tumblr.com\/blog\/cooltivarte"],"url":"https:\/\/cooltivarte.com\/portal\/author\/cooltivarte\/"}]}},"_links":{"self":[{"href":"https:\/\/cooltivarte.com\/portal\/wp-json\/wp\/v2\/posts\/127197","targetHints":{"allow":["GET"]}}],"collection":[{"href":"https:\/\/cooltivarte.com\/portal\/wp-json\/wp\/v2\/posts"}],"about":[{"href":"https:\/\/cooltivarte.com\/portal\/wp-json\/wp\/v2\/types\/post"}],"author":[{"embeddable":true,"href":"https:\/\/cooltivarte.com\/portal\/wp-json\/wp\/v2\/users\/8"}],"replies":[{"embeddable":true,"href":"https:\/\/cooltivarte.com\/portal\/wp-json\/wp\/v2\/comments?post=127197"}],"version-history":[{"count":2,"href":"https:\/\/cooltivarte.com\/portal\/wp-json\/wp\/v2\/posts\/127197\/revisions"}],"predecessor-version":[{"id":127201,"href":"https:\/\/cooltivarte.com\/portal\/wp-json\/wp\/v2\/posts\/127197\/revisions\/127201"}],"wp:featuredmedia":[{"embeddable":true,"href":"https:\/\/cooltivarte.com\/portal\/wp-json\/wp\/v2\/media\/127198"}],"wp:attachment":[{"href":"https:\/\/cooltivarte.com\/portal\/wp-json\/wp\/v2\/media?parent=127197"}],"wp:term":[{"taxonomy":"category","embeddable":true,"href":"https:\/\/cooltivarte.com\/portal\/wp-json\/wp\/v2\/categories?post=127197"},{"taxonomy":"post_tag","embeddable":true,"href":"https:\/\/cooltivarte.com\/portal\/wp-json\/wp\/v2\/tags?post=127197"}],"curies":[{"name":"wp","href":"https:\/\/api.w.org\/{rel}","templated":true}]}}