{"id":127182,"date":"2026-05-01T11:50:37","date_gmt":"2026-05-01T14:50:37","guid":{"rendered":"https:\/\/cooltivarte.com\/portal\/?p=127182"},"modified":"2026-05-01T11:51:08","modified_gmt":"2026-05-01T14:51:08","slug":"milo-j-lanzo-su-tiny-desk-con-npr","status":"publish","type":"post","link":"https:\/\/cooltivarte.com\/portal\/milo-j-lanzo-su-tiny-desk-con-npr\/","title":{"rendered":"MILO J LANZ\u00d3 SU TINY DESK CON NPR"},"content":{"rendered":"<p><img fetchpriority=\"high\" decoding=\"async\" class=\"aligncenter wp-image-127184 size-full\" title=\"MILO J LANZ\u00d3 SU TINY DESK CON NPR\" src=\"https:\/\/cooltivarte.com\/portal\/wp-content\/uploads\/2026\/05\/MILO-J-LANZO-SU-TINY-DESK-CON-NPR.jpg\" alt=\"MILO J LANZ\u00d3 SU TINY DESK CON NPR\" width=\"753\" height=\"372\" srcset=\"https:\/\/cooltivarte.com\/portal\/wp-content\/uploads\/2026\/05\/MILO-J-LANZO-SU-TINY-DESK-CON-NPR.jpg 753w, https:\/\/cooltivarte.com\/portal\/wp-content\/uploads\/2026\/05\/MILO-J-LANZO-SU-TINY-DESK-CON-NPR-300x148.jpg 300w\" sizes=\"(max-width: 753px) 100vw, 753px\" \/><\/p>\n<p>&nbsp;<\/p>\n<h3><strong>MILO J, <\/strong><strong>LA VOZ QUE PUSO AL CANCIONERO LATINOAMERICANO EN LA CONVERSACI\u00d3N GLOBAL, LANZ\u00d3 SU TINY DESK CON NPR<\/strong><\/h3>\n<p><em>A los 19 a\u00f1os, el artista argentino estren\u00f3 su <strong>Tiny Desk<\/strong> para <a href=\"https:\/\/www.instagram.com\/nprmusic\" target=\"_blank\" rel=\"noopener\"><strong>NPR<\/strong><\/a> con un set que convierte el escritorio m\u00e1s visto de la m\u00fasica global en una mesa de mate, ra\u00edz y memoria junto a la murga uruguaya <strong><a href=\"https:\/\/cooltivarte.com\/portal\/?s=Agarrate+Catalina\" target=\"_blank\" rel=\"noopener\">Agarrate Catalina<\/a>.<\/strong><\/em><\/p>\n<p>Hay una convicci\u00f3n que atraviesa toda la obra de <a href=\"https:\/\/cooltivarte.com\/portal\/?s=Milo+J\" target=\"_blank\" rel=\"noopener\"><strong>Milo J<\/strong><\/a>, y este hito en su carrera no hizo m\u00e1s que reafirmarla. En su&nbsp;<strong>Tiny Desk<\/strong>&nbsp;para&nbsp;<strong>NPR<\/strong>&nbsp;\u2014la consagraci\u00f3n informal a la que aspiran los artistas del mundo entero\u2014, el argentino arm\u00f3 una mesa donde se sentaron, en clave de chacarera y de murga, las voces que vienen viajando hace d\u00e9cadas por el r\u00edo de la canci\u00f3n popular latinoamericana.<\/p>\n<p>&nbsp;<br \/>\n<iframe title=\"YouTube video player\" src=\"https:\/\/www.youtube.com\/embed\/p7YpVl35pac?si=KUMimqKjr20GhMkF\" width=\"100%\" height=\"515\" frameborder=\"0\" allowfullscreen=\"allowfullscreen\"><span data-mce-type=\"bookmark\" style=\"display: inline-block; width: 0px; overflow: hidden; line-height: 0;\" class=\"mce_SELRES_start\">\ufeff<\/span><\/iframe><br \/>\n&nbsp;<\/p>\n<p>El set abre con un tramo in\u00e9dito \u2014<em>\u201cRecord\u00e9\u201d<\/em>&nbsp;y una canci\u00f3n in\u00e9dita,&nbsp;<em>\u201cCuestiones\u201d<\/em>\u2014 y enseguida se mete en el coraz\u00f3n de La vida era m\u00e1s corta (2025), un punto de inflexi\u00f3n en su carrera: \u201cSolifican12\u201d, \u201cBajo de la piel\u201d, \u201cNi\u00f1o\u201d y \u201cLuci\u00e9rnagas\u201d, su colaboraci\u00f3n con Silvio Rodr\u00edguez. Un recorrido que, al igual que su \u00faltimo disco, trae el folklore, la nueva canci\u00f3n, la murga y la zamba al sonido del siglo XXI.<\/p>\n<p>A su lado,&nbsp;<a href=\"https:\/\/www.instagram.com\/lacatalinaok\/\" target=\"_blank\" rel=\"noopener\"><strong>Agarrate Catalina<\/strong><\/a>. M\u00e1s que una colaboraci\u00f3n, una conversaci\u00f3n sostenida: la murga uruguaya \u2014referente m\u00e1ximo del g\u00e9nero\u2014 se volvi\u00f3 compa\u00f1era estable en grabaciones, vivos y momentos clave de la obra de <strong>Milo J<\/strong>. En el Tiny Desk, esa sociedad creativa pone en evidencia algo m\u00e1s grande: el R\u00edo de la Plata como una sola corriente, donde la canci\u00f3n popular argentina y la murga uruguaya conversan sin necesidad de etiquetas.<\/p>\n<p>&nbsp;<\/p>\n<p>El escritorio, esta vez, fue un peque\u00f1o altar. Un bander\u00edn del Club Deportivo Mor\u00f3n (equipo del que Milo J es hincha), el mate y el termo, el&nbsp;<em>Mart\u00edn Fierro<\/em>, un pa\u00f1uelo de las Abuelas de Plaza de Mayo, una mu\u00f1equita de lana con la inscripci\u00f3n&nbsp;<em>\u201cNunca M\u00e1s\u201d&nbsp;<\/em>, la bandera argentina, una revista de Mercedes Sosa \u2014cuya presencia y voz emociona en \u201cJangadero\u201d\u2014, un trofeo del gallo, una chapa de las Islas Malvinas y un vinilo de Horacio Guarany. A ese conjunto se sum\u00f3 un gesto cargado de sentido: el poncho que Soledad Pastorutti le entreg\u00f3 como legado en el Festival de Cosqu\u00edn, el encuentro m\u00e1s emblem\u00e1tico del folklore argentino. No son adornos: son citas. Cada objeto declara una pertenencia \u2014al barrio, a la historia, al cancionero, a la memoria\u2014 y le pone al set una capa que excede la m\u00fasica. Frente a la c\u00e1mara m\u00e1s vista del periodismo musical contempor\u00e1neo, Milo eligi\u00f3 mostrar de qu\u00e9 Argentina viene y sobre eso le canta al mundo.<\/p>\n<p>\u201c<em>La Vida Era M\u00e1s Corta\u201d<\/em>, el disco que vertebra la presentaci\u00f3n, es la obra con la que Milo J confirm\u00f3 que no es un fen\u00f3meno: es una voz del tiempo. Un \u00e1lbum que profundiza heridas sociales y personales, expone las ra\u00edces folkl\u00f3ricas y las mitolog\u00edas del pensamiento popular, y trae al primer plano del mainstream esa&nbsp;<em>Argentina marr\u00f3n&nbsp;<\/em>y sus historias invisibilizadas. Zamba, chacarera y chamam\u00e9 conviven con samba carioca, nueva canci\u00f3n chilena, salsa, coros de murga y aires norte\u00f1os; cada instrumento \u2014sintetizadores, guitarras, viol\u00edn, bombo leg\u00fcero, charango y piano\u2014 est\u00e1 incluido con precisi\u00f3n y cumple su rol.<\/p>\n<p>Es una reuni\u00f3n que tambi\u00e9n trae la voz, la poes\u00eda y la potencia de&nbsp;<a href=\"https:\/\/miloj.lnk.to\/LaVidaEraMasCorta\" target=\"_blank\" rel=\"noopener\"><strong>Milo J<\/strong><\/a>&nbsp;habitado por una multitud de sonidos y testimonios.&nbsp;Es una reuni\u00f3n de noches, de leyendas, de guitarras, de pensamientos, de amigos, de miradas, de cicatrices, de carcajadas, de fastidio, de lo que ama, de lo que duele y de varias generaciones herederas de historias que nunca dejaron de hablar y de cantar. El artista argentino es un alma con m\u00fasica, con ecos de Santiago del Estero, madre de ciudades, y la generosidad de voces indispensables de Am\u00e9rica Latina. Lo agarra todo, lo amasa con su tierra, su amor, su barrio, su inquietud, su inteligencia, sus pesadillas y su compromiso.<\/p>\n<p>En esa mesa larga se sientan tambi\u00e9n las almas que el disco convoca: Mercedes Sosa, Hamlet Lima Quintana, Violeta Parra, Canario Luna, Jaime D\u00e1valos, Tot\u00f3 La Momposina, junto a contempor\u00e1neos como Trueno, Nicki Nicole, Yami Safdie, Paula Prieto, Radamel, Akriilla, Imbal Comedi, y referentes de otra generaci\u00f3n como Silvio Rodr\u00edguez, Soledad, Cuti y Roberto Carabajal y la propia Agarrate Catalina. Una ronda de mate que dura un disco entero \u2014y que ahora suena, tambi\u00e9n, en el escritorio de NPR.<\/p>\n<p><strong>El Tiny Desk no marca solamente un hito en su carrera: marca un gesto.<\/strong>&nbsp;El de un artista de 19 a\u00f1os que decide usar su lugar m\u00e1s visible para cantar el linaje. Para hacer aparecer, en el coraz\u00f3n de NPR, a una Argentina y a una Am\u00e9rica Latina que pocas veces llegan a esa c\u00e1mara con semejante nivel y dignidad.<\/p>\n<p><strong>CR\u00c9DITOS<\/strong><br \/>\n<strong>Lautaro Fern\u00e1ndez:&nbsp;&nbsp;<\/strong>Direcci\u00f3n Musical \u00b7 Guitarra \u00b7 Charango \u00b7 Tiple<br \/>\n<strong>Santiago Alvarado:&nbsp;&nbsp;<\/strong>Piano y Mel\u00f3dica<br \/>\n<strong>Mart\u00edn Beckerman:&nbsp;&nbsp;<\/strong>Percusi\u00f3n<br \/>\n<strong>Daniel Moreno:&nbsp;&nbsp;<\/strong>Guitarra<br \/>\n<strong>Tamara Meschller:&nbsp;&nbsp;<\/strong>Viol\u00edn \u00b7 Flauta Traversa \u00b7 Vientos Andinos<br \/>\n<strong>Agarrate Catalina:&nbsp;&nbsp;<\/strong>Mart\u00edn Cardozo \u00b7 Yamand\u00fa Cardozo \u00b7 Eder Fructos \u00b7 Carolina G\u00f3mez \u00b7 Leonardo G\u00f3mez<\/p>\n<p>&nbsp;<\/p>\n<p><iframe title=\"Spotify Embed: Milo j\" style=\"border-radius: 12px\" width=\"100%\" height=\"352\" frameborder=\"0\" allowfullscreen allow=\"autoplay; clipboard-write; encrypted-media; fullscreen; picture-in-picture\" loading=\"lazy\" src=\"https:\/\/open.spotify.com\/embed\/artist\/19HM5j0ULGSmEoRcrSe5x3?si=ebdjoer2QS-g5TJXA1n6LQ&amp;utm_source=oembed\"><\/iframe><\/p>\n<p>&nbsp;<\/p>\n<p>&nbsp;<\/p>\n<p><iframe title=\"Spotify Embed: Agarrate Catalina\" style=\"border-radius: 12px\" width=\"100%\" height=\"352\" frameborder=\"0\" allowfullscreen allow=\"autoplay; clipboard-write; encrypted-media; fullscreen; picture-in-picture\" loading=\"lazy\" src=\"https:\/\/open.spotify.com\/embed\/artist\/0Jo06O68y5JjVgiPbAR9Ox?si=8uCcBhoISu-SAvzODBDb6w&amp;utm_source=oembed\"><\/iframe><\/p>\n<p>&nbsp;<\/p>\n<p>&nbsp;<\/p>\n<p>&nbsp;<\/p>\n<p>&nbsp;<\/p>\n<p>&nbsp;<\/p>\n","protected":false},"excerpt":{"rendered":"<p>MILO J, LA VOZ QUE PUSO AL CANCIONERO LATINOAMERICANO EN LA CONVERSACI\u00d3N GLOBAL, LANZ\u00d3 SU TINY DESK CON NPR<\/p>\n<p>A los 19 a\u00f1os, el artista argentino estren\u00f3 su Tiny Desk para NPR con un set que convierte el escritorio m\u00e1s visto de la m\u00fasica global en una mesa de mate, ra\u00edz y memoria junto a la murga uruguaya Agarrate Catalina.<\/p>\n<p>Hay una convicci\u00f3n que atraviesa toda la obra de Milo J, y este hito en su carrera no hizo m\u00e1s que reafirmarla. En su\u00a0Tiny Desk\u00a0para\u00a0NPR\u00a0\u2014la consagraci\u00f3n informal a la que aspiran los artistas del mundo entero\u2014, el argentino arm\u00f3 una mesa donde se sentaron, en clave de chacarera y de murga, las voces que vienen viajando hace d\u00e9cadas por el r\u00edo de la canci\u00f3n popular latinoamericana.<\/p>\n","protected":false},"author":8,"featured_media":127184,"comment_status":"closed","ping_status":"closed","sticky":false,"template":"","format":"standard","meta":{"om_disable_all_campaigns":false,"ngg_post_thumbnail":0,"jnews-multi-image_gallery":[],"jnews_single_post":{"format":"standard","override":[{"template":"4","parallax":"1","layout":"right-sidebar","sidebar":"default-sidebar","second_sidebar":"default-sidebar","sticky_sidebar":"1","share_position":"bottom","share_float_style":"share-monocrhome","show_share_counter":"1","show_view_counter":"1","show_featured":"1","show_post_meta":"1","show_post_author":"1","show_post_author_image":"1","show_post_date":"1","post_date_format":"default","post_date_format_custom":"Y\/m\/d","show_post_category":"1","post_reading_time_wpm":"300","post_calculate_word_method":"str_word_count","zoom_button_out_step":"2","zoom_button_in_step":"3","show_post_tag":"1","show_prev_next_post":"1","show_popup_post":"1","show_comment_section":"1","number_popup_post":"1","show_author_box":"1","show_post_related":"0","show_inline_post_related":"0"}],"image_override":[{"single_post_thumbnail_size":"no-crop","single_post_gallery_size":"crop-500"}],"trending_post_position":"meta","trending_post_label":"Trending","sponsored_post_label":"Sponsored by","disable_ad":"0","subtitle":"LA VOZ QUE PUSO AL CANCIONERO LATINOAMERICANO EN LA CONVERSACI\u00d3N GLOBA"},"jnews_primary_category":[],"jnews_social_meta":{"fb_description":"A los 19 a\u00f1os, el artista argentino estren\u00f3 su Tiny Desk para NPR con un set que convierte el escritorio m\u00e1s visto de la m\u00fasica global en una mesa de mate, ra\u00edz y memoria junto a la murga uruguaya Agarrate Catalina.","twitter_description":"A los 19 a\u00f1os, el artista argentino estren\u00f3 su Tiny Desk para NPR con un set que convierte el escritorio m\u00e1s visto de la m\u00fasica global en una mesa de mate, ra\u00edz y memoria junto a la murga uruguaya Agarrate Catalina.","twitter_title":"MILO J LANZ\u00d3 SU TINY DESK CON NPR","fb_title":"MILO J LANZ\u00d3 SU TINY DESK CON NPR"},"jnews_override_counter":{"view_counter_number":"0","share_counter_number":"0","like_counter_number":"0","dislike_counter_number":"0"},"footnotes":""},"categories":[13675],"tags":[3111,19521,26401,12584],"class_list":["post-127182","post","type-post","status-publish","format-standard","has-post-thumbnail","hentry","category-novedades","tag-agarrate-catalina","tag-milo-j","tag-npr","tag-tiny-desk"],"yoast_head":"<!-- This site is optimized with the Yoast SEO plugin v27.5 - https:\/\/yoast.com\/product\/yoast-seo-wordpress\/ -->\n<title>MILO J LANZ\u00d3 SU TINY DESK CON NPR - Cooltivarte Portal<\/title>\n<meta name=\"description\" content=\"A los 19 a\u00f1os, el artista argentino estren\u00f3 su Tiny Desk para NPR con un set que convierte el escritorio m\u00e1s visto de la m\u00fasica global en una mesa de mate, ra\u00edz y memoria junto a la murga uruguaya Agarrate Catalina.\" \/>\n<meta name=\"robots\" content=\"index, follow, max-snippet:-1, max-image-preview:large, max-video-preview:-1\" \/>\n<link rel=\"canonical\" href=\"https:\/\/cooltivarte.com\/portal\/milo-j-lanzo-su-tiny-desk-con-npr\/\" \/>\n<meta property=\"og:locale\" content=\"es_ES\" \/>\n<meta property=\"og:type\" content=\"article\" \/>\n<meta property=\"og:title\" content=\"MILO J LANZ\u00d3 SU TINY DESK CON NPR\" \/>\n<meta property=\"og:description\" content=\"A los 19 a\u00f1os, el artista argentino estren\u00f3 su Tiny Desk para NPR con un set que convierte el escritorio m\u00e1s visto de la m\u00fasica global en una mesa de mate, ra\u00edz y memoria junto a la murga uruguaya Agarrate Catalina.\" \/>\n<meta property=\"og:url\" content=\"https:\/\/cooltivarte.com\/portal\/milo-j-lanzo-su-tiny-desk-con-npr\/\" \/>\n<meta property=\"og:site_name\" content=\"Cooltivarte Portal\" \/>\n<meta property=\"article:publisher\" content=\"https:\/\/www.facebook.com\/cooltivartecom\/\" \/>\n<meta property=\"article:author\" content=\"https:\/\/www.facebook.com\/cooltivartecom\" \/>\n<meta property=\"article:published_time\" content=\"2026-05-01T14:50:37+00:00\" \/>\n<meta property=\"article:modified_time\" content=\"2026-05-01T14:51:08+00:00\" \/>\n<meta property=\"og:image\" content=\"https:\/\/cooltivarte.com\/portal\/wp-content\/uploads\/2026\/05\/MILO-J-LANZO-SU-TINY-DESK-CON-NPR.jpg\" \/>\n\t<meta property=\"og:image:width\" content=\"753\" \/>\n\t<meta property=\"og:image:height\" content=\"372\" \/>\n\t<meta property=\"og:image:type\" content=\"image\/jpeg\" \/>\n<meta name=\"author\" content=\"Cooltivarte\" \/>\n<meta name=\"twitter:card\" content=\"summary_large_image\" \/>\n<meta name=\"twitter:title\" content=\"MILO J LANZ\u00d3 SU TINY DESK CON NPR\" \/>\n<meta name=\"twitter:description\" content=\"A los 19 a\u00f1os, el artista argentino estren\u00f3 su Tiny Desk para NPR con un set que convierte el escritorio m\u00e1s visto de la m\u00fasica global en una mesa de mate, ra\u00edz y memoria junto a la murga uruguaya Agarrate Catalina.\" \/>\n<meta name=\"twitter:image\" content=\"https:\/\/cooltivarte.com\/portal\/wp-content\/uploads\/2026\/05\/MILO-J-LANZO-SU-TINY-DESK-CON-NPR.jpg\" \/>\n<meta name=\"twitter:creator\" content=\"@https:\/\/x.com\/obolocultural\" \/>\n<meta name=\"twitter:site\" content=\"@obolocultural\" \/>\n<meta name=\"twitter:label1\" content=\"Escrito por\" \/>\n\t<meta name=\"twitter:data1\" content=\"Cooltivarte\" \/>\n\t<meta name=\"twitter:label2\" content=\"Tiempo de lectura\" \/>\n\t<meta name=\"twitter:data2\" content=\"5 minutos\" \/>\n<!-- \/ Yoast SEO plugin. -->","yoast_head_json":{"title":"MILO J LANZ\u00d3 SU TINY DESK CON NPR - Cooltivarte Portal","description":"A los 19 a\u00f1os, el artista argentino estren\u00f3 su Tiny Desk para NPR con un set que convierte el escritorio m\u00e1s visto de la m\u00fasica global en una mesa de mate, ra\u00edz y memoria junto a la murga uruguaya Agarrate Catalina.","robots":{"index":"index","follow":"follow","max-snippet":"max-snippet:-1","max-image-preview":"max-image-preview:large","max-video-preview":"max-video-preview:-1"},"canonical":"https:\/\/cooltivarte.com\/portal\/milo-j-lanzo-su-tiny-desk-con-npr\/","og_locale":"es_ES","og_type":"article","og_title":"MILO J LANZ\u00d3 SU TINY DESK CON NPR","og_description":"A los 19 a\u00f1os, el artista argentino estren\u00f3 su Tiny Desk para NPR con un set que convierte el escritorio m\u00e1s visto de la m\u00fasica global en una mesa de mate, ra\u00edz y memoria junto a la murga uruguaya Agarrate Catalina.","og_url":"https:\/\/cooltivarte.com\/portal\/milo-j-lanzo-su-tiny-desk-con-npr\/","og_site_name":"Cooltivarte Portal","article_publisher":"https:\/\/www.facebook.com\/cooltivartecom\/","article_author":"https:\/\/www.facebook.com\/cooltivartecom","article_published_time":"2026-05-01T14:50:37+00:00","article_modified_time":"2026-05-01T14:51:08+00:00","og_image":[{"width":753,"height":372,"url":"https:\/\/cooltivarte.com\/portal\/wp-content\/uploads\/2026\/05\/MILO-J-LANZO-SU-TINY-DESK-CON-NPR.jpg","type":"image\/jpeg"}],"author":"Cooltivarte","twitter_card":"summary_large_image","twitter_title":"MILO J LANZ\u00d3 SU TINY DESK CON NPR","twitter_description":"A los 19 a\u00f1os, el artista argentino estren\u00f3 su Tiny Desk para NPR con un set que convierte el escritorio m\u00e1s visto de la m\u00fasica global en una mesa de mate, ra\u00edz y memoria junto a la murga uruguaya Agarrate Catalina.","twitter_image":"https:\/\/cooltivarte.com\/portal\/wp-content\/uploads\/2026\/05\/MILO-J-LANZO-SU-TINY-DESK-CON-NPR.jpg","twitter_creator":"@https:\/\/x.com\/obolocultural","twitter_site":"@obolocultural","twitter_misc":{"Escrito por":"Cooltivarte","Tiempo de lectura":"5 minutos"},"schema":{"@context":"https:\/\/schema.org","@graph":[{"@type":"NewsArticle","@id":"https:\/\/cooltivarte.com\/portal\/milo-j-lanzo-su-tiny-desk-con-npr\/#article","isPartOf":{"@id":"https:\/\/cooltivarte.com\/portal\/milo-j-lanzo-su-tiny-desk-con-npr\/"},"author":{"name":"Cooltivarte","@id":"https:\/\/cooltivarte.com\/portal\/#\/schema\/person\/ec2a4f4e71b740d0c559c0ab9a157e19"},"headline":"MILO J LANZ\u00d3 SU TINY DESK CON NPR","datePublished":"2026-05-01T14:50:37+00:00","dateModified":"2026-05-01T14:51:08+00:00","mainEntityOfPage":{"@id":"https:\/\/cooltivarte.com\/portal\/milo-j-lanzo-su-tiny-desk-con-npr\/"},"wordCount":991,"publisher":{"@id":"https:\/\/cooltivarte.com\/portal\/#organization"},"image":{"@id":"https:\/\/cooltivarte.com\/portal\/milo-j-lanzo-su-tiny-desk-con-npr\/#primaryimage"},"thumbnailUrl":"https:\/\/cooltivarte.com\/portal\/wp-content\/uploads\/2026\/05\/MILO-J-LANZO-SU-TINY-DESK-CON-NPR.jpg","keywords":["Agarrate Catalina","Milo J","NPR","Tiny Desk"],"articleSection":["Novedades"],"inLanguage":"es-AR"},{"@type":"WebPage","@id":"https:\/\/cooltivarte.com\/portal\/milo-j-lanzo-su-tiny-desk-con-npr\/","url":"https:\/\/cooltivarte.com\/portal\/milo-j-lanzo-su-tiny-desk-con-npr\/","name":"MILO J LANZ\u00d3 SU TINY DESK CON NPR - Cooltivarte Portal","isPartOf":{"@id":"https:\/\/cooltivarte.com\/portal\/#website"},"primaryImageOfPage":{"@id":"https:\/\/cooltivarte.com\/portal\/milo-j-lanzo-su-tiny-desk-con-npr\/#primaryimage"},"image":{"@id":"https:\/\/cooltivarte.com\/portal\/milo-j-lanzo-su-tiny-desk-con-npr\/#primaryimage"},"thumbnailUrl":"https:\/\/cooltivarte.com\/portal\/wp-content\/uploads\/2026\/05\/MILO-J-LANZO-SU-TINY-DESK-CON-NPR.jpg","datePublished":"2026-05-01T14:50:37+00:00","dateModified":"2026-05-01T14:51:08+00:00","description":"A los 19 a\u00f1os, el artista argentino estren\u00f3 su Tiny Desk para NPR con un set que convierte el escritorio m\u00e1s visto de la m\u00fasica global en una mesa de mate, ra\u00edz y memoria junto a la murga uruguaya Agarrate Catalina.","breadcrumb":{"@id":"https:\/\/cooltivarte.com\/portal\/milo-j-lanzo-su-tiny-desk-con-npr\/#breadcrumb"},"inLanguage":"es-AR","potentialAction":[{"@type":"ReadAction","target":["https:\/\/cooltivarte.com\/portal\/milo-j-lanzo-su-tiny-desk-con-npr\/"]}]},{"@type":"ImageObject","inLanguage":"es-AR","@id":"https:\/\/cooltivarte.com\/portal\/milo-j-lanzo-su-tiny-desk-con-npr\/#primaryimage","url":"https:\/\/cooltivarte.com\/portal\/wp-content\/uploads\/2026\/05\/MILO-J-LANZO-SU-TINY-DESK-CON-NPR.jpg","contentUrl":"https:\/\/cooltivarte.com\/portal\/wp-content\/uploads\/2026\/05\/MILO-J-LANZO-SU-TINY-DESK-CON-NPR.jpg","width":753,"height":372,"caption":"MILO J LANZ\u00d3 SU TINY DESK CON NPR"},{"@type":"BreadcrumbList","@id":"https:\/\/cooltivarte.com\/portal\/milo-j-lanzo-su-tiny-desk-con-npr\/#breadcrumb","itemListElement":[{"@type":"ListItem","position":1,"name":"Portada","item":"https:\/\/cooltivarte.com\/portal\/"},{"@type":"ListItem","position":2,"name":"MILO J LANZ\u00d3 SU TINY DESK CON NPR"}]},{"@type":"WebSite","@id":"https:\/\/cooltivarte.com\/portal\/#website","url":"https:\/\/cooltivarte.com\/portal\/","name":"Cooltivarte Portal","description":"Arte, cultura y turismo para el mundo ...","publisher":{"@id":"https:\/\/cooltivarte.com\/portal\/#organization"},"potentialAction":[{"@type":"SearchAction","target":{"@type":"EntryPoint","urlTemplate":"https:\/\/cooltivarte.com\/portal\/?s={search_term_string}"},"query-input":{"@type":"PropertyValueSpecification","valueRequired":true,"valueName":"search_term_string"}}],"inLanguage":"es-AR"},{"@type":"Organization","@id":"https:\/\/cooltivarte.com\/portal\/#organization","name":"cooltivarte","url":"https:\/\/cooltivarte.com\/portal\/","logo":{"@type":"ImageObject","inLanguage":"es-AR","@id":"https:\/\/cooltivarte.com\/portal\/#\/schema\/logo\/image\/","url":"https:\/\/cooltivarte.com\/portal\/wp-content\/uploads\/2020\/04\/logo-cooltivarte-v2.png","contentUrl":"https:\/\/cooltivarte.com\/portal\/wp-content\/uploads\/2020\/04\/logo-cooltivarte-v2.png","width":851,"height":243,"caption":"cooltivarte"},"image":{"@id":"https:\/\/cooltivarte.com\/portal\/#\/schema\/logo\/image\/"},"sameAs":["https:\/\/www.facebook.com\/cooltivartecom\/","https:\/\/x.com\/obolocultural","https:\/\/www.instagram.com\/_cooltivarte_\/","https:\/\/www.linkedin.com\/company\/-bolocultural?reportsuccess=8zaNG1HwhPbAR9iQhZ5rfGeqz_vQFftHun0ZWU0Wy9vNemRJ8vtcKdJvzQfW8XagyOJSKg0XvfJ1dp","https:\/\/www.pinterest.com\/cooltivarte\/","https:\/\/cooltivarte.tumblr.com\/","https:\/\/www.tiktok.com\/@cooltivarte","https:\/\/www.youtube.com\/@PrensaCooltivarte"]},{"@type":"Person","@id":"https:\/\/cooltivarte.com\/portal\/#\/schema\/person\/ec2a4f4e71b740d0c559c0ab9a157e19","name":"Cooltivarte","image":{"@type":"ImageObject","inLanguage":"es-AR","@id":"https:\/\/cooltivarte.com\/portal\/wp-content\/uploads\/2014\/05\/logo-cooltivarte-120x120.jpg","url":"https:\/\/cooltivarte.com\/portal\/wp-content\/uploads\/2014\/05\/logo-cooltivarte-120x120.jpg","contentUrl":"https:\/\/cooltivarte.com\/portal\/wp-content\/uploads\/2014\/05\/logo-cooltivarte-120x120.jpg","caption":"Cooltivarte"},"description":"Somos COOLTIVARTE.COM. Un portal digital dedicado a difundir el acontecer art\u00edstico y cultural del Uruguay. Estamos en la vuelta desde el a\u00f1o 2003, y como evoluci\u00f3n del bolet\u00edn Obolo Cultural, nos encontramos abocados a apoyar a los artistas nacionales brind\u00e1ndoles un espacio de difusi\u00f3n. Creemos en la idea de utilizar la potencialidad que hoy d\u00eda nos otorga la web, para que la cultura uruguaya y sus creadores dispongan de una din\u00e1mica ventana, que los ponga en contacto entre s\u00ed y con el mundo. Somos COOLTIVARTE.COM y pretendemos configurarnos como un portal din\u00e1mico, entretenido y atento a los nuevos emprendimientos, que busque siempre la interacci\u00f3n con los artistas.","sameAs":["http:\/\/www.cooltivarte.com","https:\/\/www.facebook.com\/cooltivartecom","https:\/\/www.instagram.com\/_cooltivarte_\/","https:\/\/www.linkedin.com\/company\/-bolocultural","https:\/\/www.pinterest.com\/cooltivarte\/","https:\/\/x.com\/https:\/\/x.com\/obolocultural","https:\/\/www.youtube.com\/@PrensaCooltivarte","https:\/\/www.tumblr.com\/blog\/cooltivarte"],"url":"https:\/\/cooltivarte.com\/portal\/author\/cooltivarte\/"}]}},"_links":{"self":[{"href":"https:\/\/cooltivarte.com\/portal\/wp-json\/wp\/v2\/posts\/127182","targetHints":{"allow":["GET"]}}],"collection":[{"href":"https:\/\/cooltivarte.com\/portal\/wp-json\/wp\/v2\/posts"}],"about":[{"href":"https:\/\/cooltivarte.com\/portal\/wp-json\/wp\/v2\/types\/post"}],"author":[{"embeddable":true,"href":"https:\/\/cooltivarte.com\/portal\/wp-json\/wp\/v2\/users\/8"}],"replies":[{"embeddable":true,"href":"https:\/\/cooltivarte.com\/portal\/wp-json\/wp\/v2\/comments?post=127182"}],"version-history":[{"count":2,"href":"https:\/\/cooltivarte.com\/portal\/wp-json\/wp\/v2\/posts\/127182\/revisions"}],"predecessor-version":[{"id":127192,"href":"https:\/\/cooltivarte.com\/portal\/wp-json\/wp\/v2\/posts\/127182\/revisions\/127192"}],"wp:featuredmedia":[{"embeddable":true,"href":"https:\/\/cooltivarte.com\/portal\/wp-json\/wp\/v2\/media\/127184"}],"wp:attachment":[{"href":"https:\/\/cooltivarte.com\/portal\/wp-json\/wp\/v2\/media?parent=127182"}],"wp:term":[{"taxonomy":"category","embeddable":true,"href":"https:\/\/cooltivarte.com\/portal\/wp-json\/wp\/v2\/categories?post=127182"},{"taxonomy":"post_tag","embeddable":true,"href":"https:\/\/cooltivarte.com\/portal\/wp-json\/wp\/v2\/tags?post=127182"}],"curies":[{"name":"wp","href":"https:\/\/api.w.org\/{rel}","templated":true}]}}