{"id":127173,"date":"2026-05-01T11:20:42","date_gmt":"2026-05-01T14:20:42","guid":{"rendered":"https:\/\/cooltivarte.com\/portal\/?p=127173"},"modified":"2026-05-01T11:20:42","modified_gmt":"2026-05-01T14:20:42","slug":"convocatoria-del-62-o-premio-nacional-de-artes-visuales","status":"publish","type":"post","link":"https:\/\/cooltivarte.com\/portal\/convocatoria-del-62-o-premio-nacional-de-artes-visuales\/","title":{"rendered":"Convocatoria del 62.\u00ba Premio Nacional de Artes Visuales"},"content":{"rendered":"<p><img fetchpriority=\"high\" decoding=\"async\" class=\"aligncenter wp-image-127174 size-full\" title=\"Convocatoria del 62.\u00ba Premio Nacional de Artes Visuales un impulso hist\u00f3rico a la creaci\u00f3n contempor\u00e1nea\" src=\"https:\/\/cooltivarte.com\/portal\/wp-content\/uploads\/2026\/05\/62-Premio-Nacional-de-Artes-Visuales.jpg\" alt=\"Convocatoria del 62.\u00ba Premio Nacional de Artes Visuales un impulso hist\u00f3rico a la creaci\u00f3n contempor\u00e1nea\" width=\"945\" height=\"532\" srcset=\"https:\/\/cooltivarte.com\/portal\/wp-content\/uploads\/2026\/05\/62-Premio-Nacional-de-Artes-Visuales.jpg 945w, https:\/\/cooltivarte.com\/portal\/wp-content\/uploads\/2026\/05\/62-Premio-Nacional-de-Artes-Visuales-300x169.jpg 300w, https:\/\/cooltivarte.com\/portal\/wp-content\/uploads\/2026\/05\/62-Premio-Nacional-de-Artes-Visuales-768x432.jpg 768w\" sizes=\"(max-width: 945px) 100vw, 945px\" \/><\/p>\n<p>&nbsp;<\/p>\n<h2 class=\"Page-Title\">Abre la convocatoria del 62.\u00ba Premio Nacional de Artes Visuales: un impulso hist\u00f3rico a la creaci\u00f3n contempor\u00e1nea<\/h2>\n<p>La Direcci\u00f3n Nacional de Cultura del Ministerio de Educaci\u00f3n y Cultura, a trav\u00e9s del Instituto Nacional de Artes Visuales, anuncia la apertura del <strong>62.\u00ba Premio Nacional de Artes Visuales 2026<\/strong>, una de las principales plataformas de reconocimiento, circulaci\u00f3n y est\u00edmulo a la producci\u00f3n art\u00edstica en el pa\u00eds.<\/p>\n<p dir=\"ltr\">En esta edici\u00f3n, el Premio rinde homenaje a dos figuras fundamentales del arte uruguayo: Clemente Pad\u00edn&nbsp;(1939-2025) y Ernesto Vila (1936\u20132025), cuyas trayectorias marcaron de forma decisiva el desarrollo de las artes visuales contempor\u00e1neas en Uruguay, desde lenguajes experimentales, conceptuales y profundamente comprometidos con su tiempo.<\/p>\n<p dir=\"ltr\">Esta convocatoria, dirigida a artistas de todo el pa\u00eds \u2014individuales o colectivos\u2014, mantiene su vocaci\u00f3n hist\u00f3rica de visibilizar la diversidad de pr\u00e1cticas art\u00edsticas contempor\u00e1neas, sin restricciones de lenguajes ni enfoques. Pero adem\u00e1s, introduce un hito sin precedentes en la historia del Premio; por primera vez, las y los artistas seleccionados recibir\u00e1n un apoyo econ\u00f3mico para la producci\u00f3n y el montaje de sus obras, consolidando una pol\u00edtica p\u00fablica que reconoce no solo el resultado, sino tambi\u00e9n el proceso creativo.<\/p>\n<p dir=\"ltr\">En concreto, se otorgar\u00e1n hasta 30 contribuciones de $40.000 destinadas a acompa\u00f1ar la realizaci\u00f3n de las obras seleccionadas, fortaleciendo las condiciones materiales de producci\u00f3n y ampliando las posibilidades de experimentaci\u00f3n art\u00edstica .<\/p>\n<p dir=\"ltr\"><strong>Un premio que crece en alcance y sentido<\/strong><\/p>\n<p dir=\"ltr\">El 62.\u00ba Premio Nacional reafirma su estructura de reconocimientos con los tradicionales Premios Adquisici\u00f3n MEC, por un total de $950.000, distribuidos en Gran Premio, Primer, Segundo y Tercer Premio. A ello se suma el Premio de Pintura Julio Alpuy, otorgado por la Fundaci\u00f3n hom\u00f3nima, por un monto de&nbsp;$150.000 .<\/p>\n<p dir=\"ltr\">Las obras seleccionadas integrar\u00e1n una exposici\u00f3n en el Espacio de Arte Contempor\u00e1neo (EAC), instancia clave para la visibilidad p\u00fablica y la evaluaci\u00f3n final por parte del jurado.<\/p>\n<p dir=\"ltr\"><strong>Curadur\u00eda y experiencia expositiva<\/strong><\/p>\n<p dir=\"ltr\">En l\u00ednea con el fortalecimiento conceptual del Premio, esta edici\u00f3n incorpora una dimensi\u00f3n curatorial espec\u00edfica a cargo de Fernando L\u00f3pez Lage, quien desarrollar\u00e1 la propuesta expogr\u00e1fica&nbsp;y de mediaci\u00f3n. La curadur\u00eda buscar\u00e1 trascender la l\u00f3gica de exhibici\u00f3n acumulativa, proponiendo relaciones, di\u00e1logos y recorridos entre las obras, as\u00ed como estrategias de mediaci\u00f3n que ampl\u00eden el acceso y la experiencia de los p\u00fablicos.<\/p>\n<p dir=\"ltr\">&nbsp;<\/p>\n<p dir=\"ltr\"><strong>Sobre el jurado<\/strong><\/p>\n<p dir=\"ltr\">El jurado estar\u00e1 integrado por:<\/p>\n<ul>\n<li dir=\"ltr\">Andrea Filkenstein (Uruguay)<\/li>\n<li dir=\"ltr\">Diego Focaccio (Uruguay)<\/li>\n<li dir=\"ltr\">H\u00e9lio Menezes (Brasil)&nbsp;<\/li>\n<\/ul>\n<p dir=\"ltr\">Su trabajo se desarrollar\u00e1 en dos etapas: selecci\u00f3n de hasta 30 obras y posterior adjudicaci\u00f3n de premios.<\/p>\n<p dir=\"ltr\"><strong>Inscripciones abiertas<\/strong><\/p>\n<p dir=\"ltr\">Las postulaciones se realizan exclusivamente en l\u00ednea a trav\u00e9s de la plataforma&nbsp;<a href=\"https:\/\/culturaenlinea.uy\/oportunidade\/2716\/#info\">culturaenlinea.uy<\/a>&nbsp;y estar\u00e1n abiertas hasta el 8 de julio de 2026 a las 17:00 h .<\/p>\n<p dir=\"ltr\">Con esta nueva edici\u00f3n, el Premio Nacional de Artes Visuales profundiza su rol como herramienta de pol\u00edtica cultural, acompa\u00f1ando de manera directa la producci\u00f3n, fortaleciendo el ecosistema art\u00edstico y ampliando las condiciones de acceso y creaci\u00f3n.<\/p>\n<p dir=\"ltr\">Se trata, en definitiva, de un paso significativo hacia un modelo que pone en el centro a las y los artistas, reconociendo el valor de su trabajo como parte esencial de la vida cultural del pa\u00eds.<\/p>\n<p><strong>Participaci\u00f3n<\/strong><\/p>\n<p>Podr\u00e1n participar artistas individuales y colectivos, personas uruguayas \u2014naturales o legales\u2014 y personas extranjeras con residencia legal definitiva en el pa\u00eds, mayores de 18 a\u00f1os.<\/p>\n<p>La<strong>&nbsp;inscripci\u00f3n<\/strong>&nbsp;y los&nbsp;<strong>plazos<\/strong>, que<strong>&nbsp;<\/strong>var\u00edan seg\u00fan la modalidad y la categor\u00eda, est\u00e1n definidos en las&nbsp;<a href=\"https:\/\/culturaenlinea.uy\/oportunidade\/2716\/#info\" target=\"_blank\" rel=\"noopener\">bases de la convocatoria.<\/a><\/p>\n<p><strong>Consultas&nbsp;<\/strong><\/p>\n<p>El plazo para realizar consultas vencer\u00e1 indefectiblemente a las 13 h del 8 de julio de 2026.&nbsp;<\/p>\n<ul>\n<li>Bases &#8211; premiosnacionales@mec.gub.uy<\/li>\n<li>Soporte inform\u00e1tico &#8211; culturaenlinea@mec.gub.uy<\/li>\n<\/ul>\n<p>&nbsp;<\/p>\n<p>Fuente: <a href=\"https:\/\/www.gub.uy\/ministerio-educacion-cultura\/comunicacion\/noticias\/abre-convocatoria-del-62o-premio-nacional-artes-visuales-impulso-historico\" target=\"_blank\" rel=\"noopener\">gub.uy<\/a><\/p>\n<p>&nbsp;<\/p>\n<p>&nbsp;<\/p>\n<p>&nbsp;<\/p>\n","protected":false},"excerpt":{"rendered":"<p>Abre la convocatoria del 62.\u00ba Premio Nacional de Artes Visuales: un impulso hist\u00f3rico a la creaci\u00f3n contempor\u00e1nea<\/p>\n<p>La Direcci\u00f3n Nacional de Cultura del Ministerio de Educaci\u00f3n y Cultura, a trav\u00e9s del Instituto Nacional de Artes Visuales, anuncia la apertura del 62.\u00ba Premio Nacional de Artes Visuales 2026, una de las principales plataformas de reconocimiento, circulaci\u00f3n y est\u00edmulo a la producci\u00f3n art\u00edstica en el pa\u00eds.<\/p>\n<p>En esta edici\u00f3n, el Premio rinde homenaje a dos figuras fundamentales del arte uruguayo: Clemente Pad\u00edn\u00a0(1939-2025) y Ernesto Vila (1936\u20132025), cuyas trayectorias marcaron de forma decisiva el desarrollo de las artes visuales contempor\u00e1neas en Uruguay, desde lenguajes experimentales, conceptuales y profundamente comprometidos con su tiempo.<\/p>\n","protected":false},"author":8,"featured_media":127174,"comment_status":"closed","ping_status":"closed","sticky":false,"template":"","format":"standard","meta":{"om_disable_all_campaigns":false,"ngg_post_thumbnail":0,"jnews-multi-image_gallery":[],"jnews_single_post":{"format":"standard","override":[{"template":"4","parallax":"1","layout":"right-sidebar","sidebar":"default-sidebar","second_sidebar":"default-sidebar","sticky_sidebar":"1","share_position":"bottom","share_float_style":"share-monocrhome","show_share_counter":"1","show_view_counter":"1","show_featured":"1","show_post_meta":"1","show_post_author":"1","show_post_author_image":"1","show_post_date":"1","post_date_format":"default","post_date_format_custom":"Y\/m\/d","show_post_category":"1","post_reading_time_wpm":"300","post_calculate_word_method":"str_word_count","zoom_button_out_step":"2","zoom_button_in_step":"3","show_post_tag":"1","show_prev_next_post":"1","show_popup_post":"1","show_comment_section":"1","number_popup_post":"1","show_author_box":"1","show_post_related":"0","show_inline_post_related":"0"}],"image_override":[{"single_post_thumbnail_size":"no-crop","single_post_gallery_size":"crop-500"}],"trending_post_position":"meta","trending_post_label":"Trending","sponsored_post_label":"Sponsored by","disable_ad":"0","subtitle":"un impulso hist\u00f3rico a la creaci\u00f3n contempor\u00e1nea"},"jnews_primary_category":[],"jnews_social_meta":{"fb_title":"Convocatoria del 62.\u00ba Premio Nacional de Artes Visuales un impulso hist\u00f3rico a la creaci\u00f3n contempor\u00e1nea","twitter_title":"Convocatoria del 62.\u00ba Premio Nacional de Artes Visuales un impulso hist\u00f3rico a la creaci\u00f3n contempor\u00e1nea","twitter_image":"127174","fb_image":"127174","fb_description":"La Direcci\u00f3n Nacional de Cultura del Ministerio de Educaci\u00f3n y Cultura, a trav\u00e9s del Instituto Nacional de Artes Visuales, anuncia la apertura del 62.\u00ba Premio Nacional de Artes Visuales 2026, una de las principales plataformas de reconocimiento, circulaci\u00f3n y est\u00edmulo a la producci\u00f3n art\u00edstica en el pa\u00eds.","twitter_description":"La Direcci\u00f3n Nacional de Cultura del Ministerio de Educaci\u00f3n y Cultura, a trav\u00e9s del Instituto Nacional de Artes Visuales, anuncia la apertura del 62.\u00ba Premio Nacional de Artes Visuales 2026, una de las principales plataformas de reconocimiento, circulaci\u00f3n y est\u00edmulo a la producci\u00f3n art\u00edstica en el pa\u00eds."},"jnews_override_counter":{"view_counter_number":"0","share_counter_number":"0","like_counter_number":"0","dislike_counter_number":"0"},"footnotes":""},"categories":[51],"tags":[26399,26400,2056],"class_list":["post-127173","post","type-post","status-publish","format-standard","has-post-thumbnail","hentry","category-noticias","tag-62-o-premio-nacional-de-artes-visuales-2026","tag-artisticas-contemporaneas","tag-convocatoria"],"yoast_head":"<!-- This site is optimized with the Yoast SEO plugin v27.5 - https:\/\/yoast.com\/product\/yoast-seo-wordpress\/ -->\n<title>Convocatoria del 62.\u00ba Premio Nacional de Artes Visuales - Cooltivarte Portal<\/title>\n<meta name=\"description\" content=\"La Direcci\u00f3n Nacional de Cultura del Ministerio de Educaci\u00f3n y Cultura, a trav\u00e9s del Instituto Nacional de Artes Visuales, anuncia la apertura del 62.\u00ba Premio Nacional de Artes Visuales 2026, una de las principales plataformas de reconocimiento, circulaci\u00f3n y est\u00edmulo a la producci\u00f3n art\u00edstica en el pa\u00eds.\" \/>\n<meta name=\"robots\" content=\"index, follow, max-snippet:-1, max-image-preview:large, max-video-preview:-1\" \/>\n<link rel=\"canonical\" href=\"https:\/\/cooltivarte.com\/portal\/convocatoria-del-62-o-premio-nacional-de-artes-visuales\/\" \/>\n<meta property=\"og:locale\" content=\"es_ES\" \/>\n<meta property=\"og:type\" content=\"article\" \/>\n<meta property=\"og:title\" content=\"Convocatoria del 62.\u00ba Premio Nacional de Artes Visuales: un impulso hist\u00f3rico a la creaci\u00f3n contempor\u00e1nea\" \/>\n<meta property=\"og:description\" content=\"La Direcci\u00f3n Nacional de Cultura del Ministerio de Educaci\u00f3n y Cultura, a trav\u00e9s del Instituto Nacional de Artes Visuales, anuncia la apertura del 62.\u00ba Premio Nacional de Artes Visuales 2026, una de las principales plataformas de reconocimiento, circulaci\u00f3n y est\u00edmulo a la producci\u00f3n art\u00edstica en el pa\u00eds.\" \/>\n<meta property=\"og:url\" content=\"https:\/\/cooltivarte.com\/portal\/convocatoria-del-62-o-premio-nacional-de-artes-visuales\/\" \/>\n<meta property=\"og:site_name\" content=\"Cooltivarte Portal\" \/>\n<meta property=\"article:publisher\" content=\"https:\/\/www.facebook.com\/cooltivartecom\/\" \/>\n<meta property=\"article:author\" content=\"https:\/\/www.facebook.com\/cooltivartecom\" \/>\n<meta property=\"article:published_time\" content=\"2026-05-01T14:20:42+00:00\" \/>\n<meta property=\"og:image\" content=\"https:\/\/cooltivarte.com\/portal\/wp-content\/uploads\/2026\/05\/62-Premio-Nacional-de-Artes-Visuales.jpg\" \/>\n\t<meta property=\"og:image:width\" content=\"945\" \/>\n\t<meta property=\"og:image:height\" content=\"532\" \/>\n\t<meta property=\"og:image:type\" content=\"image\/jpeg\" \/>\n<meta name=\"author\" content=\"Cooltivarte\" \/>\n<meta name=\"twitter:card\" content=\"summary_large_image\" \/>\n<meta name=\"twitter:title\" content=\"Convocatoria del 62.\u00ba Premio Nacional de Artes Visuales un impulso hist\u00f3rico a la creaci\u00f3n contempor\u00e1nea\" \/>\n<meta name=\"twitter:description\" content=\"La Direcci\u00f3n Nacional de Cultura del Ministerio de Educaci\u00f3n y Cultura, a trav\u00e9s del Instituto Nacional de Artes Visuales, anuncia la apertura del 62.\u00ba Premio Nacional de Artes Visuales 2026, una de las principales plataformas de reconocimiento, circulaci\u00f3n y est\u00edmulo a la producci\u00f3n art\u00edstica en el pa\u00eds.\" \/>\n<meta name=\"twitter:image\" content=\"https:\/\/cooltivarte.com\/portal\/wp-content\/uploads\/2026\/05\/62-Premio-Nacional-de-Artes-Visuales.jpg\" \/>\n<meta name=\"twitter:creator\" content=\"@https:\/\/x.com\/obolocultural\" \/>\n<meta name=\"twitter:site\" content=\"@obolocultural\" \/>\n<meta name=\"twitter:label1\" content=\"Escrito por\" \/>\n\t<meta name=\"twitter:data1\" content=\"Cooltivarte\" \/>\n\t<meta name=\"twitter:label2\" content=\"Tiempo de lectura\" \/>\n\t<meta name=\"twitter:data2\" content=\"4 minutos\" \/>\n<!-- \/ Yoast SEO plugin. -->","yoast_head_json":{"title":"Convocatoria del 62.\u00ba Premio Nacional de Artes Visuales - Cooltivarte Portal","description":"La Direcci\u00f3n Nacional de Cultura del Ministerio de Educaci\u00f3n y Cultura, a trav\u00e9s del Instituto Nacional de Artes Visuales, anuncia la apertura del 62.\u00ba Premio Nacional de Artes Visuales 2026, una de las principales plataformas de reconocimiento, circulaci\u00f3n y est\u00edmulo a la producci\u00f3n art\u00edstica en el pa\u00eds.","robots":{"index":"index","follow":"follow","max-snippet":"max-snippet:-1","max-image-preview":"max-image-preview:large","max-video-preview":"max-video-preview:-1"},"canonical":"https:\/\/cooltivarte.com\/portal\/convocatoria-del-62-o-premio-nacional-de-artes-visuales\/","og_locale":"es_ES","og_type":"article","og_title":"Convocatoria del 62.\u00ba Premio Nacional de Artes Visuales: un impulso hist\u00f3rico a la creaci\u00f3n contempor\u00e1nea","og_description":"La Direcci\u00f3n Nacional de Cultura del Ministerio de Educaci\u00f3n y Cultura, a trav\u00e9s del Instituto Nacional de Artes Visuales, anuncia la apertura del 62.\u00ba Premio Nacional de Artes Visuales 2026, una de las principales plataformas de reconocimiento, circulaci\u00f3n y est\u00edmulo a la producci\u00f3n art\u00edstica en el pa\u00eds.","og_url":"https:\/\/cooltivarte.com\/portal\/convocatoria-del-62-o-premio-nacional-de-artes-visuales\/","og_site_name":"Cooltivarte Portal","article_publisher":"https:\/\/www.facebook.com\/cooltivartecom\/","article_author":"https:\/\/www.facebook.com\/cooltivartecom","article_published_time":"2026-05-01T14:20:42+00:00","og_image":[{"width":945,"height":532,"url":"https:\/\/cooltivarte.com\/portal\/wp-content\/uploads\/2026\/05\/62-Premio-Nacional-de-Artes-Visuales.jpg","type":"image\/jpeg"}],"author":"Cooltivarte","twitter_card":"summary_large_image","twitter_title":"Convocatoria del 62.\u00ba Premio Nacional de Artes Visuales un impulso hist\u00f3rico a la creaci\u00f3n contempor\u00e1nea","twitter_description":"La Direcci\u00f3n Nacional de Cultura del Ministerio de Educaci\u00f3n y Cultura, a trav\u00e9s del Instituto Nacional de Artes Visuales, anuncia la apertura del 62.\u00ba Premio Nacional de Artes Visuales 2026, una de las principales plataformas de reconocimiento, circulaci\u00f3n y est\u00edmulo a la producci\u00f3n art\u00edstica en el pa\u00eds.","twitter_image":"https:\/\/cooltivarte.com\/portal\/wp-content\/uploads\/2026\/05\/62-Premio-Nacional-de-Artes-Visuales.jpg","twitter_creator":"@https:\/\/x.com\/obolocultural","twitter_site":"@obolocultural","twitter_misc":{"Escrito por":"Cooltivarte","Tiempo de lectura":"4 minutos"},"schema":{"@context":"https:\/\/schema.org","@graph":[{"@type":"NewsArticle","@id":"https:\/\/cooltivarte.com\/portal\/convocatoria-del-62-o-premio-nacional-de-artes-visuales\/#article","isPartOf":{"@id":"https:\/\/cooltivarte.com\/portal\/convocatoria-del-62-o-premio-nacional-de-artes-visuales\/"},"author":{"name":"Cooltivarte","@id":"https:\/\/cooltivarte.com\/portal\/#\/schema\/person\/ec2a4f4e71b740d0c559c0ab9a157e19"},"headline":"Convocatoria del 62.\u00ba Premio Nacional de Artes Visuales","datePublished":"2026-05-01T14:20:42+00:00","mainEntityOfPage":{"@id":"https:\/\/cooltivarte.com\/portal\/convocatoria-del-62-o-premio-nacional-de-artes-visuales\/"},"wordCount":673,"publisher":{"@id":"https:\/\/cooltivarte.com\/portal\/#organization"},"image":{"@id":"https:\/\/cooltivarte.com\/portal\/convocatoria-del-62-o-premio-nacional-de-artes-visuales\/#primaryimage"},"thumbnailUrl":"https:\/\/cooltivarte.com\/portal\/wp-content\/uploads\/2026\/05\/62-Premio-Nacional-de-Artes-Visuales.jpg","keywords":["62.\u00ba Premio Nacional de Artes Visuales 2026","art\u00edsticas contempor\u00e1neas","Convocatoria"],"articleSection":["Noticias"],"inLanguage":"es-AR"},{"@type":"WebPage","@id":"https:\/\/cooltivarte.com\/portal\/convocatoria-del-62-o-premio-nacional-de-artes-visuales\/","url":"https:\/\/cooltivarte.com\/portal\/convocatoria-del-62-o-premio-nacional-de-artes-visuales\/","name":"Convocatoria del 62.\u00ba Premio Nacional de Artes Visuales - Cooltivarte Portal","isPartOf":{"@id":"https:\/\/cooltivarte.com\/portal\/#website"},"primaryImageOfPage":{"@id":"https:\/\/cooltivarte.com\/portal\/convocatoria-del-62-o-premio-nacional-de-artes-visuales\/#primaryimage"},"image":{"@id":"https:\/\/cooltivarte.com\/portal\/convocatoria-del-62-o-premio-nacional-de-artes-visuales\/#primaryimage"},"thumbnailUrl":"https:\/\/cooltivarte.com\/portal\/wp-content\/uploads\/2026\/05\/62-Premio-Nacional-de-Artes-Visuales.jpg","datePublished":"2026-05-01T14:20:42+00:00","description":"La Direcci\u00f3n Nacional de Cultura del Ministerio de Educaci\u00f3n y Cultura, a trav\u00e9s del Instituto Nacional de Artes Visuales, anuncia la apertura del 62.\u00ba Premio Nacional de Artes Visuales 2026, una de las principales plataformas de reconocimiento, circulaci\u00f3n y est\u00edmulo a la producci\u00f3n art\u00edstica en el pa\u00eds.","breadcrumb":{"@id":"https:\/\/cooltivarte.com\/portal\/convocatoria-del-62-o-premio-nacional-de-artes-visuales\/#breadcrumb"},"inLanguage":"es-AR","potentialAction":[{"@type":"ReadAction","target":["https:\/\/cooltivarte.com\/portal\/convocatoria-del-62-o-premio-nacional-de-artes-visuales\/"]}]},{"@type":"ImageObject","inLanguage":"es-AR","@id":"https:\/\/cooltivarte.com\/portal\/convocatoria-del-62-o-premio-nacional-de-artes-visuales\/#primaryimage","url":"https:\/\/cooltivarte.com\/portal\/wp-content\/uploads\/2026\/05\/62-Premio-Nacional-de-Artes-Visuales.jpg","contentUrl":"https:\/\/cooltivarte.com\/portal\/wp-content\/uploads\/2026\/05\/62-Premio-Nacional-de-Artes-Visuales.jpg","width":945,"height":532,"caption":"Convocatoria del 62.\u00ba Premio Nacional de Artes Visuales un impulso hist\u00f3rico a la creaci\u00f3n contempor\u00e1nea"},{"@type":"BreadcrumbList","@id":"https:\/\/cooltivarte.com\/portal\/convocatoria-del-62-o-premio-nacional-de-artes-visuales\/#breadcrumb","itemListElement":[{"@type":"ListItem","position":1,"name":"Portada","item":"https:\/\/cooltivarte.com\/portal\/"},{"@type":"ListItem","position":2,"name":"Convocatoria del 62.\u00ba Premio Nacional de Artes Visuales"}]},{"@type":"WebSite","@id":"https:\/\/cooltivarte.com\/portal\/#website","url":"https:\/\/cooltivarte.com\/portal\/","name":"Cooltivarte Portal","description":"Arte, cultura y turismo para el mundo ...","publisher":{"@id":"https:\/\/cooltivarte.com\/portal\/#organization"},"potentialAction":[{"@type":"SearchAction","target":{"@type":"EntryPoint","urlTemplate":"https:\/\/cooltivarte.com\/portal\/?s={search_term_string}"},"query-input":{"@type":"PropertyValueSpecification","valueRequired":true,"valueName":"search_term_string"}}],"inLanguage":"es-AR"},{"@type":"Organization","@id":"https:\/\/cooltivarte.com\/portal\/#organization","name":"cooltivarte","url":"https:\/\/cooltivarte.com\/portal\/","logo":{"@type":"ImageObject","inLanguage":"es-AR","@id":"https:\/\/cooltivarte.com\/portal\/#\/schema\/logo\/image\/","url":"https:\/\/cooltivarte.com\/portal\/wp-content\/uploads\/2020\/04\/logo-cooltivarte-v2.png","contentUrl":"https:\/\/cooltivarte.com\/portal\/wp-content\/uploads\/2020\/04\/logo-cooltivarte-v2.png","width":851,"height":243,"caption":"cooltivarte"},"image":{"@id":"https:\/\/cooltivarte.com\/portal\/#\/schema\/logo\/image\/"},"sameAs":["https:\/\/www.facebook.com\/cooltivartecom\/","https:\/\/x.com\/obolocultural","https:\/\/www.instagram.com\/_cooltivarte_\/","https:\/\/www.linkedin.com\/company\/-bolocultural?reportsuccess=8zaNG1HwhPbAR9iQhZ5rfGeqz_vQFftHun0ZWU0Wy9vNemRJ8vtcKdJvzQfW8XagyOJSKg0XvfJ1dp","https:\/\/www.pinterest.com\/cooltivarte\/","https:\/\/cooltivarte.tumblr.com\/","https:\/\/www.tiktok.com\/@cooltivarte","https:\/\/www.youtube.com\/@PrensaCooltivarte"]},{"@type":"Person","@id":"https:\/\/cooltivarte.com\/portal\/#\/schema\/person\/ec2a4f4e71b740d0c559c0ab9a157e19","name":"Cooltivarte","image":{"@type":"ImageObject","inLanguage":"es-AR","@id":"https:\/\/cooltivarte.com\/portal\/wp-content\/uploads\/2014\/05\/logo-cooltivarte-120x120.jpg","url":"https:\/\/cooltivarte.com\/portal\/wp-content\/uploads\/2014\/05\/logo-cooltivarte-120x120.jpg","contentUrl":"https:\/\/cooltivarte.com\/portal\/wp-content\/uploads\/2014\/05\/logo-cooltivarte-120x120.jpg","caption":"Cooltivarte"},"description":"Somos COOLTIVARTE.COM. Un portal digital dedicado a difundir el acontecer art\u00edstico y cultural del Uruguay. Estamos en la vuelta desde el a\u00f1o 2003, y como evoluci\u00f3n del bolet\u00edn Obolo Cultural, nos encontramos abocados a apoyar a los artistas nacionales brind\u00e1ndoles un espacio de difusi\u00f3n. Creemos en la idea de utilizar la potencialidad que hoy d\u00eda nos otorga la web, para que la cultura uruguaya y sus creadores dispongan de una din\u00e1mica ventana, que los ponga en contacto entre s\u00ed y con el mundo. Somos COOLTIVARTE.COM y pretendemos configurarnos como un portal din\u00e1mico, entretenido y atento a los nuevos emprendimientos, que busque siempre la interacci\u00f3n con los artistas.","sameAs":["http:\/\/www.cooltivarte.com","https:\/\/www.facebook.com\/cooltivartecom","https:\/\/www.instagram.com\/_cooltivarte_\/","https:\/\/www.linkedin.com\/company\/-bolocultural","https:\/\/www.pinterest.com\/cooltivarte\/","https:\/\/x.com\/https:\/\/x.com\/obolocultural","https:\/\/www.youtube.com\/@PrensaCooltivarte","https:\/\/www.tumblr.com\/blog\/cooltivarte"],"url":"https:\/\/cooltivarte.com\/portal\/author\/cooltivarte\/"}]}},"_links":{"self":[{"href":"https:\/\/cooltivarte.com\/portal\/wp-json\/wp\/v2\/posts\/127173","targetHints":{"allow":["GET"]}}],"collection":[{"href":"https:\/\/cooltivarte.com\/portal\/wp-json\/wp\/v2\/posts"}],"about":[{"href":"https:\/\/cooltivarte.com\/portal\/wp-json\/wp\/v2\/types\/post"}],"author":[{"embeddable":true,"href":"https:\/\/cooltivarte.com\/portal\/wp-json\/wp\/v2\/users\/8"}],"replies":[{"embeddable":true,"href":"https:\/\/cooltivarte.com\/portal\/wp-json\/wp\/v2\/comments?post=127173"}],"version-history":[{"count":1,"href":"https:\/\/cooltivarte.com\/portal\/wp-json\/wp\/v2\/posts\/127173\/revisions"}],"predecessor-version":[{"id":127177,"href":"https:\/\/cooltivarte.com\/portal\/wp-json\/wp\/v2\/posts\/127173\/revisions\/127177"}],"wp:featuredmedia":[{"embeddable":true,"href":"https:\/\/cooltivarte.com\/portal\/wp-json\/wp\/v2\/media\/127174"}],"wp:attachment":[{"href":"https:\/\/cooltivarte.com\/portal\/wp-json\/wp\/v2\/media?parent=127173"}],"wp:term":[{"taxonomy":"category","embeddable":true,"href":"https:\/\/cooltivarte.com\/portal\/wp-json\/wp\/v2\/categories?post=127173"},{"taxonomy":"post_tag","embeddable":true,"href":"https:\/\/cooltivarte.com\/portal\/wp-json\/wp\/v2\/tags?post=127173"}],"curies":[{"name":"wp","href":"https:\/\/api.w.org\/{rel}","templated":true}]}}