{"id":127141,"date":"2026-04-30T16:48:43","date_gmt":"2026-04-30T19:48:43","guid":{"rendered":"https:\/\/cooltivarte.com\/portal\/?p=127141"},"modified":"2026-04-30T16:48:43","modified_gmt":"2026-04-30T19:48:43","slug":"aterciopelados-en-sala-del-museo","status":"publish","type":"post","link":"https:\/\/cooltivarte.com\/portal\/aterciopelados-en-sala-del-museo\/","title":{"rendered":"ATERCIOPELADOS en Sala del Museo"},"content":{"rendered":"<figure id=\"attachment_127142\" aria-describedby=\"caption-attachment-127142\" style=\"width: 1024px\" class=\"wp-caption aligncenter\"><img fetchpriority=\"high\" decoding=\"async\" class=\"wp-image-127142 size-large\" title=\"ATERCIOPELADOS - 28 de abril 2026 - Sala del Museo - Foto Andrea Silvera\" src=\"https:\/\/cooltivarte.com\/portal\/wp-content\/uploads\/2026\/04\/ATERCIOPELADOS-28-de-abril-2026-Sala-del-Museo-Foto-Andrea-Silvera-1024x683.jpg\" alt=\"ATERCIOPELADOS - 28 de abril 2026 - Sala del Museo - Foto Andrea Silvera\" width=\"1024\" height=\"683\" srcset=\"https:\/\/cooltivarte.com\/portal\/wp-content\/uploads\/2026\/04\/ATERCIOPELADOS-28-de-abril-2026-Sala-del-Museo-Foto-Andrea-Silvera-1024x683.jpg 1024w, https:\/\/cooltivarte.com\/portal\/wp-content\/uploads\/2026\/04\/ATERCIOPELADOS-28-de-abril-2026-Sala-del-Museo-Foto-Andrea-Silvera-300x200.jpg 300w, https:\/\/cooltivarte.com\/portal\/wp-content\/uploads\/2026\/04\/ATERCIOPELADOS-28-de-abril-2026-Sala-del-Museo-Foto-Andrea-Silvera-768x512.jpg 768w, https:\/\/cooltivarte.com\/portal\/wp-content\/uploads\/2026\/04\/ATERCIOPELADOS-28-de-abril-2026-Sala-del-Museo-Foto-Andrea-Silvera-1536x1024.jpg 1536w, https:\/\/cooltivarte.com\/portal\/wp-content\/uploads\/2026\/04\/ATERCIOPELADOS-28-de-abril-2026-Sala-del-Museo-Foto-Andrea-Silvera.jpg 2048w\" sizes=\"(max-width: 1024px) 100vw, 1024px\" \/><figcaption id=\"caption-attachment-127142\" class=\"wp-caption-text\">ATERCIOPELADOS &#8211; 28 de abril 2026 &#8211; Sala del Museo &#8211; Foto Andrea Silvera<\/figcaption><\/figure>\n<p>&nbsp;<\/p>\n<p><strong><a href=\"https:\/\/cooltivarte.com\/portal\/?s=Aterciopelados\" target=\"_blank\" rel=\"noopener\">Aterciopelados<\/a><\/strong> es la banda insignia del rock colombiano y uno de los&nbsp;proyectos m\u00e1s influyentes de la m\u00fasica iberoamericana. Liderada por <a href=\"https:\/\/cooltivarte.com\/portal\/?s=Andrea+Echeverri\" target=\"_blank\" rel=\"noopener\"><strong>Andrea Echeverri<\/strong><\/a> y <a href=\"https:\/\/cooltivarte.com\/portal\/?s=H%C3%A9ctor+Buitrago\" target=\"_blank\" rel=\"noopener\"><strong>H\u00e9ctor Buitrago<\/strong><\/a>, la agrupaci\u00f3n ha construido un lenguaje propio que fusiona rock, ritmos latinoamericanos y sonidos locales, con una identidad cr\u00edtica, aut\u00e9ntica y plenamente vigente, reconocida con m\u00faltiples premios nacionales e internacionales.<\/p>\n<p><strong>ATERCIOPELADOS<\/strong> &#8211; 28 de abril 2026 &#8211;<strong> Sala del Museo<\/strong> &#8211;<\/p>\n<p>Artista invitada: <a href=\"https:\/\/cooltivarte.com\/portal\/?s=M%C3%B3nica+Navarro\" target=\"_blank\" rel=\"noopener\"><strong>M\u00f3nica Navarro<\/strong><\/a><\/p>\n<h3>&nbsp;<a href=\"https:\/\/www.facebook.com\/media\/set\/?set=a.1512226814274506&amp;type=3\" target=\"_blank\" rel=\"noopener\">Ir a la fotogaler\u00eda<\/a><\/h3>\n<p><iframe style=\"border: none; overflow: hidden;\" src=\"https:\/\/www.facebook.com\/plugins\/post.php?href=https%3A%2F%2Fwww.facebook.com%2Fmedia%2Fset%2F%3Fset%3Da.1512226814274506%26type%3D3&amp;width=100%\" width=\"100%\" height=\"669\" frameborder=\"0\" scrolling=\"no\"><\/iframe><br \/>\n&nbsp;<\/p>\n<p>En 2026, <strong>Aterciopelados<\/strong> presenta<strong> La Pipa de la Paz \u2013 30 A\u00f1os<\/strong>, un show especial que celebra uno de los \u00e1lbumes m\u00e1s influyentes del rock latinoamericano, nominado a los Grammy Awards en 1998 y producido por el legendario Phil Manzanera. M\u00e1s vigente que nunca, este espect\u00e1culo reactiva su mensaje de di\u00e1logo, reconciliaci\u00f3n y respeto por la Tierra como un llamado urgente a la humanidad, a trav\u00e9s de nuevas versiones de canciones emblem\u00e1ticas como No Necesito, Te Juro Que No, Quemarropa, La Culpable y La Pipa de la Paz, junto a cl\u00e1sicos explosivos como Cosita Seria y Expreso Amazonia. Una puesta en escena poderosa y contempor\u00e1nea, dise\u00f1ada para festivales internacionales, teatros y arenas, confirma a Aterciopelados como un acto esencial, vigente y profundamente conectado con su tiempo.<\/p>\n<p>La Revista Time, escribi\u00f3 que &#8220;l<em>a verdadera habilidad de Aterciopelados, radica en su capacidad para tomar estilos musicales del norte de la frontera (rock, pop, punk) y darles nueva vida, al mismo tiempo que les da un brillo claramente colombiano<\/em>&#8220;; adem\u00e1s, Aterciopelados involucra a audiencias de todo el mundo con su mensaje de conciencia social.<\/p>\n<p>&nbsp;<\/p>\n<blockquote class=\"instagram-media\" style=\"background: #FFF; border: 0; border-radius: 3px; box-shadow: 0 0 1px 0 rgba(0,0,0,0.5),0 1px 10px 0 rgba(0,0,0,0.15); margin: 1px; max-width: 540px; min-width: 326px; padding: 0; width: calc(100% - 2px);\" data-instgrm-captioned=\"\" data-instgrm-permalink=\"https:\/\/www.instagram.com\/p\/DXvhJKOFtaH\/?utm_source=ig_embed&amp;utm_campaign=loading\" data-instgrm-version=\"14\">\n<div style=\"padding: 16px;\">\n<p>&nbsp;<\/p>\n<div style=\"display: flex; flex-direction: row; align-items: center;\">\n<div style=\"background-color: #f4f4f4; border-radius: 50%; flex-grow: 0; height: 40px; margin-right: 14px; width: 40px;\">&nbsp;<\/div>\n<div style=\"display: flex; flex-direction: column; flex-grow: 1; justify-content: center;\">\n<div style=\"background-color: #f4f4f4; border-radius: 4px; flex-grow: 0; height: 14px; margin-bottom: 6px; width: 100px;\">&nbsp;<\/div>\n<div style=\"background-color: #f4f4f4; border-radius: 4px; flex-grow: 0; height: 14px; width: 60px;\">&nbsp;<\/div>\n<\/div>\n<\/div>\n<div style=\"padding: 19% 0;\">&nbsp;<\/div>\n<div style=\"display: block; height: 50px; margin: 0 auto 12px; width: 50px;\">&nbsp;<\/div>\n<div style=\"padding-top: 8px;\">\n<div style=\"color: #3897f0; font-family: Arial,sans-serif; font-size: 14px; font-style: normal; font-weight: 550; line-height: 18px;\">Ver esta publicaci\u00f3n en Instagram<\/div>\n<\/div>\n<div style=\"padding: 12.5% 0;\">&nbsp;<\/div>\n<div style=\"display: flex; flex-direction: row; margin-bottom: 14px; align-items: center;\">\n<div>\n<div style=\"background-color: #f4f4f4; border-radius: 50%; height: 12.5px; width: 12.5px; transform: translateX(0px) translateY(7px);\">&nbsp;<\/div>\n<div style=\"background-color: #f4f4f4; height: 12.5px; transform: rotate(-45deg) translateX(3px) translateY(1px); width: 12.5px; flex-grow: 0; margin-right: 14px; margin-left: 2px;\">&nbsp;<\/div>\n<div style=\"background-color: #f4f4f4; border-radius: 50%; height: 12.5px; width: 12.5px; transform: translateX(9px) translateY(-18px);\">&nbsp;<\/div>\n<\/div>\n<div style=\"margin-left: 8px;\">\n<div style=\"background-color: #f4f4f4; border-radius: 50%; flex-grow: 0; height: 20px; width: 20px;\">&nbsp;<\/div>\n<div style=\"width: 0; height: 0; border-top: 2px solid transparent; border-left: 6px solid #f4f4f4; border-bottom: 2px solid transparent; transform: translateX(16px) translateY(-4px) rotate(30deg);\">&nbsp;<\/div>\n<\/div>\n<div style=\"margin-left: auto;\">\n<div style=\"width: 0px; border-top: 8px solid #F4F4F4; border-right: 8px solid transparent; transform: translateY(16px);\">&nbsp;<\/div>\n<div style=\"background-color: #f4f4f4; flex-grow: 0; height: 12px; width: 16px; transform: translateY(-4px);\">&nbsp;<\/div>\n<div style=\"width: 0; height: 0; border-top: 8px solid #F4F4F4; border-left: 8px solid transparent; transform: translateY(-4px) translateX(8px);\">&nbsp;<\/div>\n<\/div>\n<\/div>\n<div style=\"display: flex; flex-direction: column; flex-grow: 1; justify-content: center; margin-bottom: 24px;\">\n<div style=\"background-color: #f4f4f4; border-radius: 4px; flex-grow: 0; height: 14px; margin-bottom: 6px; width: 224px;\">&nbsp;<\/div>\n<div style=\"background-color: #f4f4f4; border-radius: 4px; flex-grow: 0; height: 14px; width: 144px;\">&nbsp;<\/div>\n<\/div>\n<p>&nbsp;<\/p>\n<p style=\"color: #c9c8cd; font-family: Arial,sans-serif; font-size: 14px; line-height: 17px; margin-bottom: 0; margin-top: 8px; overflow: hidden; padding: 8px 0 7px; text-align: center; text-overflow: ellipsis; white-space: nowrap;\"><a style=\"color: #c9c8cd; font-family: Arial,sans-serif; font-size: 14px; font-style: normal; font-weight: normal; line-height: 17px; text-decoration: none;\" href=\"https:\/\/www.instagram.com\/p\/DXvhJKOFtaH\/?utm_source=ig_embed&amp;utm_campaign=loading\" target=\"_blank\" rel=\"noopener\">Una publicaci\u00f3n compartida por ANDRE  (@andreasilverafotografia.ok)<\/a><\/p>\n<\/div>\n<\/blockquote>\n<p><script async=\"\" src=\"\/\/www.instagram.com\/embed.js\"><\/script><br \/>\n&nbsp;<\/p>\n<p>&nbsp;<\/p>\n<p><iframe title=\"Spotify Embed: Aterciopelados\" style=\"border-radius: 12px\" width=\"100%\" height=\"352\" frameborder=\"0\" allowfullscreen allow=\"autoplay; clipboard-write; encrypted-media; fullscreen; picture-in-picture\" loading=\"lazy\" src=\"https:\/\/open.spotify.com\/embed\/artist\/3MqjsWDLhq8SyY6N3PE8yW?si=55NoMckbSd2XO1f25l6fQg&amp;utm_source=oembed\"><\/iframe><\/p>\n<p>&nbsp;<\/p>\n<p>&nbsp;<\/p>\n<p>&nbsp;<\/p>\n","protected":false},"excerpt":{"rendered":"<p>&nbsp; Aterciopelados es la banda insignia del rock colombiano y uno de los&nbsp;proyectos m\u00e1s influyentes de la m\u00fasica iberoamericana. Liderada por Andrea Echeverri y H\u00e9ctor Buitrago, la agrupaci\u00f3n ha construido un lenguaje propio que fusiona rock, ritmos latinoamericanos y sonidos locales, con una identidad cr\u00edtica, aut\u00e9ntica y plenamente vigente, reconocida con m\u00faltiples premios nacionales e [&hellip;]<\/p>\n","protected":false},"author":106,"featured_media":127142,"comment_status":"closed","ping_status":"closed","sticky":false,"template":"","format":"standard","meta":{"om_disable_all_campaigns":false,"ngg_post_thumbnail":0,"jnews-multi-image_gallery":[],"jnews_single_post":{"format":"standard","override":[{"template":"4","parallax":"1","layout":"right-sidebar","sidebar":"default-sidebar","second_sidebar":"default-sidebar","sticky_sidebar":"1","share_position":"bottom","share_float_style":"share-monocrhome","show_share_counter":"1","show_view_counter":"1","show_featured":"1","show_post_meta":"1","show_post_author":"1","show_post_author_image":"1","show_post_date":"1","post_date_format":"default","post_date_format_custom":"Y\/m\/d","show_post_category":"1","post_reading_time_wpm":"300","post_calculate_word_method":"str_word_count","zoom_button_out_step":"2","zoom_button_in_step":"3","show_post_tag":"1","show_prev_next_post":"1","show_popup_post":"1","show_comment_section":"1","number_popup_post":"1","show_author_box":"1","show_post_related":"0","show_inline_post_related":"0"}],"image_override":[{"single_post_thumbnail_size":"no-crop","single_post_gallery_size":"crop-500"}],"trending_post_position":"meta","trending_post_label":"Trending","sponsored_post_label":"Sponsored by","disable_ad":"0","subtitle":"Artista invitada: M\u00f3nica Navarro - 28 de abril 2026"},"jnews_primary_category":[],"jnews_social_meta":{"fb_title":"ATERCIOPELADOS - 28 de abril 2026 - Sala del Museo - Foto Andrea Silvera","twitter_title":"ATERCIOPELADOS - 28 de abril 2026 - Sala del Museo - Foto Andrea Silvera","twitter_description":"Aterciopelados es la banda insignia del rock colombiano y uno de los\u00a0proyectos m\u00e1s influyentes de la m\u00fasica iberoamericana. Liderada por Andrea Echeverri y H\u00e9ctor Buitrago, la agrupaci\u00f3n ha construido un lenguaje propio que fusiona rock, ritmos latinoamericanos y sonidos locales","fb_description":"Aterciopelados es la banda insignia del rock colombiano y uno de los\u00a0proyectos m\u00e1s influyentes de la m\u00fasica iberoamericana. Liderada por Andrea Echeverri y H\u00e9ctor Buitrago, la agrupaci\u00f3n ha construido un lenguaje propio que fusiona rock, ritmos latinoamericanos y sonidos locales","fb_image":"127142","twitter_image":"127142"},"jnews_override_counter":{"view_counter_number":"0","share_counter_number":"0","like_counter_number":"0","dislike_counter_number":"0"},"footnotes":""},"categories":[50],"tags":[5200,5140,5201,847,26394,3832],"class_list":["post-127141","post","type-post","status-publish","format-standard","has-post-thumbnail","hentry","category-coberturas","tag-andrea-echeverri","tag-aterciopelados","tag-hector-buitrago","tag-monica-navarro","tag-rock-colombiano","tag-sala-del-museo"],"yoast_head":"<!-- This site is optimized with the Yoast SEO plugin v27.5 - https:\/\/yoast.com\/product\/yoast-seo-wordpress\/ -->\n<title>ATERCIOPELADOS en Sala del Museo - Cooltivarte Portal<\/title>\n<meta name=\"description\" content=\"Aterciopelados es la banda insignia del rock colombiano y uno de los\u00a0proyectos m\u00e1s influyentes de la m\u00fasica iberoamericana. Liderada por Andrea Echeverri y H\u00e9ctor Buitrago, la agrupaci\u00f3n ha construido un lenguaje propio que fusiona rock, ritmos latinoamericanos y sonidos locales\" \/>\n<meta name=\"robots\" content=\"index, follow, max-snippet:-1, max-image-preview:large, max-video-preview:-1\" \/>\n<link rel=\"canonical\" href=\"https:\/\/cooltivarte.com\/portal\/aterciopelados-en-sala-del-museo\/\" \/>\n<meta property=\"og:locale\" content=\"es_ES\" \/>\n<meta property=\"og:type\" content=\"article\" \/>\n<meta property=\"og:title\" content=\"ATERCIOPELADOS - 28 de abril 2026 - Sala del Museo - Foto Andrea Silvera\" \/>\n<meta property=\"og:description\" content=\"Aterciopelados es la banda insignia del rock colombiano y uno de los\u00a0proyectos m\u00e1s influyentes de la m\u00fasica iberoamericana. Liderada por Andrea Echeverri y H\u00e9ctor Buitrago, la agrupaci\u00f3n ha construido un lenguaje propio que fusiona rock, ritmos latinoamericanos y sonidos locales\" \/>\n<meta property=\"og:url\" content=\"https:\/\/cooltivarte.com\/portal\/aterciopelados-en-sala-del-museo\/\" \/>\n<meta property=\"og:site_name\" content=\"Cooltivarte Portal\" \/>\n<meta property=\"article:publisher\" content=\"https:\/\/www.facebook.com\/cooltivartecom\/\" \/>\n<meta property=\"article:author\" content=\"https:\/\/www.facebook.com\/andrea.silvera.75?ref=br_rs\" \/>\n<meta property=\"article:published_time\" content=\"2026-04-30T19:48:43+00:00\" \/>\n<meta property=\"og:image\" content=\"https:\/\/cooltivarte.com\/portal\/wp-content\/uploads\/2026\/04\/ATERCIOPELADOS-28-de-abril-2026-Sala-del-Museo-Foto-Andrea-Silvera.jpg\" \/>\n\t<meta property=\"og:image:width\" content=\"2048\" \/>\n\t<meta property=\"og:image:height\" content=\"1365\" \/>\n\t<meta property=\"og:image:type\" content=\"image\/jpeg\" \/>\n<meta name=\"author\" content=\"Andrea Silvera\" \/>\n<meta name=\"twitter:card\" content=\"summary_large_image\" \/>\n<meta name=\"twitter:title\" content=\"ATERCIOPELADOS - 28 de abril 2026 - Sala del Museo - Foto Andrea Silvera\" \/>\n<meta name=\"twitter:description\" content=\"Aterciopelados es la banda insignia del rock colombiano y uno de los\u00a0proyectos m\u00e1s influyentes de la m\u00fasica iberoamericana. Liderada por Andrea Echeverri y H\u00e9ctor Buitrago, la agrupaci\u00f3n ha construido un lenguaje propio que fusiona rock, ritmos latinoamericanos y sonidos locales\" \/>\n<meta name=\"twitter:image\" content=\"https:\/\/cooltivarte.com\/portal\/wp-content\/uploads\/2026\/04\/ATERCIOPELADOS-28-de-abril-2026-Sala-del-Museo-Foto-Andrea-Silvera.jpg\" \/>\n<meta name=\"twitter:creator\" content=\"@https:\/\/x.com\/obolocultural\" \/>\n<meta name=\"twitter:site\" content=\"@obolocultural\" \/>\n<meta name=\"twitter:label1\" content=\"Escrito por\" \/>\n\t<meta name=\"twitter:data1\" content=\"Andrea Silvera\" \/>\n\t<meta name=\"twitter:label2\" content=\"Tiempo de lectura\" \/>\n\t<meta name=\"twitter:data2\" content=\"2 minutos\" \/>\n<!-- \/ Yoast SEO plugin. -->","yoast_head_json":{"title":"ATERCIOPELADOS en Sala del Museo - Cooltivarte Portal","description":"Aterciopelados es la banda insignia del rock colombiano y uno de los\u00a0proyectos m\u00e1s influyentes de la m\u00fasica iberoamericana. Liderada por Andrea Echeverri y H\u00e9ctor Buitrago, la agrupaci\u00f3n ha construido un lenguaje propio que fusiona rock, ritmos latinoamericanos y sonidos locales","robots":{"index":"index","follow":"follow","max-snippet":"max-snippet:-1","max-image-preview":"max-image-preview:large","max-video-preview":"max-video-preview:-1"},"canonical":"https:\/\/cooltivarte.com\/portal\/aterciopelados-en-sala-del-museo\/","og_locale":"es_ES","og_type":"article","og_title":"ATERCIOPELADOS - 28 de abril 2026 - Sala del Museo - Foto Andrea Silvera","og_description":"Aterciopelados es la banda insignia del rock colombiano y uno de los\u00a0proyectos m\u00e1s influyentes de la m\u00fasica iberoamericana. Liderada por Andrea Echeverri y H\u00e9ctor Buitrago, la agrupaci\u00f3n ha construido un lenguaje propio que fusiona rock, ritmos latinoamericanos y sonidos locales","og_url":"https:\/\/cooltivarte.com\/portal\/aterciopelados-en-sala-del-museo\/","og_site_name":"Cooltivarte Portal","article_publisher":"https:\/\/www.facebook.com\/cooltivartecom\/","article_author":"https:\/\/www.facebook.com\/andrea.silvera.75?ref=br_rs","article_published_time":"2026-04-30T19:48:43+00:00","og_image":[{"width":2048,"height":1365,"url":"https:\/\/cooltivarte.com\/portal\/wp-content\/uploads\/2026\/04\/ATERCIOPELADOS-28-de-abril-2026-Sala-del-Museo-Foto-Andrea-Silvera.jpg","type":"image\/jpeg"}],"author":"Andrea Silvera","twitter_card":"summary_large_image","twitter_title":"ATERCIOPELADOS - 28 de abril 2026 - Sala del Museo - Foto Andrea Silvera","twitter_description":"Aterciopelados es la banda insignia del rock colombiano y uno de los\u00a0proyectos m\u00e1s influyentes de la m\u00fasica iberoamericana. Liderada por Andrea Echeverri y H\u00e9ctor Buitrago, la agrupaci\u00f3n ha construido un lenguaje propio que fusiona rock, ritmos latinoamericanos y sonidos locales","twitter_image":"https:\/\/cooltivarte.com\/portal\/wp-content\/uploads\/2026\/04\/ATERCIOPELADOS-28-de-abril-2026-Sala-del-Museo-Foto-Andrea-Silvera.jpg","twitter_creator":"@https:\/\/x.com\/obolocultural","twitter_site":"@obolocultural","twitter_misc":{"Escrito por":"Andrea Silvera","Tiempo de lectura":"2 minutos"},"schema":{"@context":"https:\/\/schema.org","@graph":[{"@type":"NewsArticle","@id":"https:\/\/cooltivarte.com\/portal\/aterciopelados-en-sala-del-museo\/#article","isPartOf":{"@id":"https:\/\/cooltivarte.com\/portal\/aterciopelados-en-sala-del-museo\/"},"author":{"name":"Andrea Silvera","@id":"https:\/\/cooltivarte.com\/portal\/#\/schema\/person\/0476509639dddad640f8732b5022b1a0"},"headline":"ATERCIOPELADOS en Sala del Museo","datePublished":"2026-04-30T19:48:43+00:00","mainEntityOfPage":{"@id":"https:\/\/cooltivarte.com\/portal\/aterciopelados-en-sala-del-museo\/"},"wordCount":356,"publisher":{"@id":"https:\/\/cooltivarte.com\/portal\/#organization"},"image":{"@id":"https:\/\/cooltivarte.com\/portal\/aterciopelados-en-sala-del-museo\/#primaryimage"},"thumbnailUrl":"https:\/\/cooltivarte.com\/portal\/wp-content\/uploads\/2026\/04\/ATERCIOPELADOS-28-de-abril-2026-Sala-del-Museo-Foto-Andrea-Silvera.jpg","keywords":["Andrea Echeverri","Aterciopelados","H\u00e9ctor Buitrago","M\u00f3nica Navarro","rock colombiano","Sala del Museo"],"articleSection":["Coberturas"],"inLanguage":"es-AR"},{"@type":"WebPage","@id":"https:\/\/cooltivarte.com\/portal\/aterciopelados-en-sala-del-museo\/","url":"https:\/\/cooltivarte.com\/portal\/aterciopelados-en-sala-del-museo\/","name":"ATERCIOPELADOS en Sala del Museo - Cooltivarte Portal","isPartOf":{"@id":"https:\/\/cooltivarte.com\/portal\/#website"},"primaryImageOfPage":{"@id":"https:\/\/cooltivarte.com\/portal\/aterciopelados-en-sala-del-museo\/#primaryimage"},"image":{"@id":"https:\/\/cooltivarte.com\/portal\/aterciopelados-en-sala-del-museo\/#primaryimage"},"thumbnailUrl":"https:\/\/cooltivarte.com\/portal\/wp-content\/uploads\/2026\/04\/ATERCIOPELADOS-28-de-abril-2026-Sala-del-Museo-Foto-Andrea-Silvera.jpg","datePublished":"2026-04-30T19:48:43+00:00","description":"Aterciopelados es la banda insignia del rock colombiano y uno de los\u00a0proyectos m\u00e1s influyentes de la m\u00fasica iberoamericana. Liderada por Andrea Echeverri y H\u00e9ctor Buitrago, la agrupaci\u00f3n ha construido un lenguaje propio que fusiona rock, ritmos latinoamericanos y sonidos locales","breadcrumb":{"@id":"https:\/\/cooltivarte.com\/portal\/aterciopelados-en-sala-del-museo\/#breadcrumb"},"inLanguage":"es-AR","potentialAction":[{"@type":"ReadAction","target":["https:\/\/cooltivarte.com\/portal\/aterciopelados-en-sala-del-museo\/"]}]},{"@type":"ImageObject","inLanguage":"es-AR","@id":"https:\/\/cooltivarte.com\/portal\/aterciopelados-en-sala-del-museo\/#primaryimage","url":"https:\/\/cooltivarte.com\/portal\/wp-content\/uploads\/2026\/04\/ATERCIOPELADOS-28-de-abril-2026-Sala-del-Museo-Foto-Andrea-Silvera.jpg","contentUrl":"https:\/\/cooltivarte.com\/portal\/wp-content\/uploads\/2026\/04\/ATERCIOPELADOS-28-de-abril-2026-Sala-del-Museo-Foto-Andrea-Silvera.jpg","width":2048,"height":1365,"caption":"ATERCIOPELADOS - 28 de abril 2026 - Sala del Museo - Foto Andrea Silvera"},{"@type":"BreadcrumbList","@id":"https:\/\/cooltivarte.com\/portal\/aterciopelados-en-sala-del-museo\/#breadcrumb","itemListElement":[{"@type":"ListItem","position":1,"name":"Portada","item":"https:\/\/cooltivarte.com\/portal\/"},{"@type":"ListItem","position":2,"name":"ATERCIOPELADOS en Sala del Museo"}]},{"@type":"WebSite","@id":"https:\/\/cooltivarte.com\/portal\/#website","url":"https:\/\/cooltivarte.com\/portal\/","name":"Cooltivarte Portal","description":"Arte, cultura y turismo para el mundo ...","publisher":{"@id":"https:\/\/cooltivarte.com\/portal\/#organization"},"potentialAction":[{"@type":"SearchAction","target":{"@type":"EntryPoint","urlTemplate":"https:\/\/cooltivarte.com\/portal\/?s={search_term_string}"},"query-input":{"@type":"PropertyValueSpecification","valueRequired":true,"valueName":"search_term_string"}}],"inLanguage":"es-AR"},{"@type":"Organization","@id":"https:\/\/cooltivarte.com\/portal\/#organization","name":"cooltivarte","url":"https:\/\/cooltivarte.com\/portal\/","logo":{"@type":"ImageObject","inLanguage":"es-AR","@id":"https:\/\/cooltivarte.com\/portal\/#\/schema\/logo\/image\/","url":"https:\/\/cooltivarte.com\/portal\/wp-content\/uploads\/2020\/04\/logo-cooltivarte-v2.png","contentUrl":"https:\/\/cooltivarte.com\/portal\/wp-content\/uploads\/2020\/04\/logo-cooltivarte-v2.png","width":851,"height":243,"caption":"cooltivarte"},"image":{"@id":"https:\/\/cooltivarte.com\/portal\/#\/schema\/logo\/image\/"},"sameAs":["https:\/\/www.facebook.com\/cooltivartecom\/","https:\/\/x.com\/obolocultural","https:\/\/www.instagram.com\/_cooltivarte_\/","https:\/\/www.linkedin.com\/company\/-bolocultural?reportsuccess=8zaNG1HwhPbAR9iQhZ5rfGeqz_vQFftHun0ZWU0Wy9vNemRJ8vtcKdJvzQfW8XagyOJSKg0XvfJ1dp","https:\/\/www.pinterest.com\/cooltivarte\/","https:\/\/cooltivarte.tumblr.com\/","https:\/\/www.tiktok.com\/@cooltivarte","https:\/\/www.youtube.com\/@PrensaCooltivarte"]},{"@type":"Person","@id":"https:\/\/cooltivarte.com\/portal\/#\/schema\/person\/0476509639dddad640f8732b5022b1a0","name":"Andrea Silvera","image":{"@type":"ImageObject","inLanguage":"es-AR","@id":"https:\/\/cooltivarte.com\/portal\/wp-content\/uploads\/2017\/10\/andrea-silvera-100x150.jpg","url":"https:\/\/cooltivarte.com\/portal\/wp-content\/uploads\/2017\/10\/andrea-silvera-100x150.jpg","contentUrl":"https:\/\/cooltivarte.com\/portal\/wp-content\/uploads\/2017\/10\/andrea-silvera-100x150.jpg","caption":"Andrea Silvera"},"description":"Realiza curso de fotograf\u00eda en el a\u00f1o 2015 de la mano de Solange Pastorino, en 2016 gana menci\u00f3n fotogr\u00e1fica , en concurso lanzado por Fucac, tem\u00e1tica: (Soy Solidario) y su obra recorre todo el uruguay en exposiciones de distintos centros culturales , junto a obras de otros fot\u00f3grafos ganadores. En 2017 y durante 2 a\u00f1os realiza cursos de fotograf\u00eda en EUF y distintos talleres en el CDF. En 2019 queda seleccionada junto a otros 20 fot\u00f3grafos en concurso fotogr\u00e1fico lanzado por Punta Carretas Shopping, en el marco de su aniversario n\u00famero 25; y se expone su obra en la explanada del mismo lugar acompa\u00f1ada de las dem\u00e1s seleccionadas. Realiza taller de fotograf\u00eda b\u00e1sica para ni\u00f1os en edad escolar, dando clases en el colegio Pocitos Day School y particulares. Tiene su propio espacio de entrevistas, en nuestro portal llamado: \"Entretablas\" sobre teatro y tambi\u00e9n espacio de entrevista de lives desde nuestro Instagram, c\u00f3mo formato de entretenimiento en tiempos de cuarentena por el Covid-19. Vinculada a lo art\u00edstico desde siempre :m\u00fasica, teatro, danza. Hoy en d\u00eda trabaja como fot\u00f3grafa de teatro, fot\u00f3grafa en escuelas, dise\u00f1adora gr\u00e1fica y photographer freelance. Adem\u00e1s de formar parte de la producci\u00f3n de Cooltivarte.","sameAs":["https:\/\/www.facebook.com\/andrea.silvera.75?ref=br_rs","https:\/\/www.instagram.com\/andreasilverafotografia\/","https:\/\/www.linkedin.com\/company\/-bolocultural","https:\/\/www.pinterest.com\/cooltivarte","https:\/\/x.com\/https:\/\/x.com\/obolocultural","https:\/\/www.youtube.com\/@PrensaCooltivarte","https:\/\/www.tumblr.com\/blog\/cooltivarte"],"url":"https:\/\/cooltivarte.com\/portal\/author\/andrea-silvera\/"}]}},"_links":{"self":[{"href":"https:\/\/cooltivarte.com\/portal\/wp-json\/wp\/v2\/posts\/127141","targetHints":{"allow":["GET"]}}],"collection":[{"href":"https:\/\/cooltivarte.com\/portal\/wp-json\/wp\/v2\/posts"}],"about":[{"href":"https:\/\/cooltivarte.com\/portal\/wp-json\/wp\/v2\/types\/post"}],"author":[{"embeddable":true,"href":"https:\/\/cooltivarte.com\/portal\/wp-json\/wp\/v2\/users\/106"}],"replies":[{"embeddable":true,"href":"https:\/\/cooltivarte.com\/portal\/wp-json\/wp\/v2\/comments?post=127141"}],"version-history":[{"count":1,"href":"https:\/\/cooltivarte.com\/portal\/wp-json\/wp\/v2\/posts\/127141\/revisions"}],"predecessor-version":[{"id":127143,"href":"https:\/\/cooltivarte.com\/portal\/wp-json\/wp\/v2\/posts\/127141\/revisions\/127143"}],"wp:featuredmedia":[{"embeddable":true,"href":"https:\/\/cooltivarte.com\/portal\/wp-json\/wp\/v2\/media\/127142"}],"wp:attachment":[{"href":"https:\/\/cooltivarte.com\/portal\/wp-json\/wp\/v2\/media?parent=127141"}],"wp:term":[{"taxonomy":"category","embeddable":true,"href":"https:\/\/cooltivarte.com\/portal\/wp-json\/wp\/v2\/categories?post=127141"},{"taxonomy":"post_tag","embeddable":true,"href":"https:\/\/cooltivarte.com\/portal\/wp-json\/wp\/v2\/tags?post=127141"}],"curies":[{"name":"wp","href":"https:\/\/api.w.org\/{rel}","templated":true}]}}