{"id":127121,"date":"2026-04-29T21:55:21","date_gmt":"2026-04-30T00:55:21","guid":{"rendered":"https:\/\/cooltivarte.com\/portal\/?p=127121"},"modified":"2026-04-29T21:55:21","modified_gmt":"2026-04-30T00:55:21","slug":"pneuma-el-halito-de-sophia-de-marcelo-larrosa-martinatto","status":"publish","type":"post","link":"https:\/\/cooltivarte.com\/portal\/pneuma-el-halito-de-sophia-de-marcelo-larrosa-martinatto\/","title":{"rendered":"PNEUMA el h\u00e1lito de Sophia  de Marcelo Larrosa Martinatto"},"content":{"rendered":"<p><img fetchpriority=\"high\" decoding=\"async\" class=\"aligncenter wp-image-127122 size-full\" title=\"PNEUMA el h\u00e1lito de Sophia de Marcelo Larrosa Martinatto - MARTES 5 DE MAYO 2026 -19 HORAS - MUSEO TORRES GARC\u00cdA\" src=\"https:\/\/cooltivarte.com\/portal\/wp-content\/uploads\/2026\/04\/PNEUMA-el-halito-de-Sophia-de-Marcelo-Larrosa-Martinatto.jpg\" alt=\"PNEUMA el h\u00e1lito de Sophia de Marcelo Larrosa Martinatto - MARTES 5 DE MAYO 2026 -19 HORAS - MUSEO TORRES GARC\u00cdA\" width=\"717\" height=\"888\" srcset=\"https:\/\/cooltivarte.com\/portal\/wp-content\/uploads\/2026\/04\/PNEUMA-el-halito-de-Sophia-de-Marcelo-Larrosa-Martinatto.jpg 717w, https:\/\/cooltivarte.com\/portal\/wp-content\/uploads\/2026\/04\/PNEUMA-el-halito-de-Sophia-de-Marcelo-Larrosa-Martinatto-242x300.jpg 242w\" sizes=\"(max-width: 717px) 100vw, 717px\" \/><\/p>\n<p>&nbsp;<\/p>\n<p><strong>PNEUMA el h\u00e1lito de Sophia de Marcelo Larrosa Martinatto<\/strong><\/p>\n<p><strong>MARTES 5 DE MAYO 2026 -19 HORAS<\/strong><\/p>\n<p><strong>MUSEO TORRES GARC\u00cdA<\/strong><\/p>\n<p>&nbsp;<\/p>\n<div><strong>Pneuma, el h\u00e1lito de Sophia<\/strong>, es una exposici\u00f3n centrada en una<b>&nbsp;dimensi\u00f3n esencial<\/b>&nbsp;de la obra de <a href=\"https:\/\/cooltivarte.com\/portal\/?s=Marcelo+Larrosa\" target=\"_blank\" rel=\"noopener\"><strong>Marcelo Larrosa Martinatto<\/strong><\/a>, vinculada a sus&nbsp;<b>estructuras de letras.<\/b><\/div>\n<div>&nbsp;<\/div>\n<div>Unas letras que, como se\u00f1ala la curadora <a href=\"https:\/\/cooltivarte.com\/portal\/?s=Mar%C3%ADa+Eugenia+M%C3%A9ndez\" target=\"_blank\" rel=\"noopener\"><strong>Mar\u00eda Eugenia M\u00e9ndez<\/strong><\/a>,&nbsp;<i>\u201cno buscan formar palabras ni establecer un discurso. Operan como entidades estructurales, como huellas que vibran dentro de una trama rigurosa\u201d.<\/i><\/div>\n<div>&nbsp;<\/div>\n<div>La muestra, que podr\u00e1 visitarse&nbsp;<b>hasta el 15 de julio 2026<\/b>, invita a descubrir la geometr\u00eda sensible y el impulso vital de un artista que dialoga con la<b>&nbsp;tradici\u00f3n constructivista<\/b>&nbsp;desde una identidad propia y contempor\u00e1nea.&nbsp;<\/div>\n<div>&nbsp;<\/div>\n<div>&nbsp;<\/div>\n<div>\n<p><strong>MARCELO LARROSA MARTINATTO (Montevideo, 1971)&nbsp;<\/strong><\/p>\n<p><a href=\"https:\/\/marcelolarrosamartinatto.com.uy\/\" target=\"_blank\" rel=\"noopener\"><span style=\"font-weight: 400;\">https:\/\/marcelolarrosamartinatto.com.uy\/<\/span><span style=\"font-weight: 400;\">&nbsp;<\/span><\/a><\/p>\n<p><span style=\"font-weight: 400;\">Artista visual cuya obra se inscribe en la tradici\u00f3n constructiva rioplatense, centrada en la exploraci\u00f3n de la geometr\u00eda, el espacio y la relaci\u00f3n entre pintura, escultura y artes aplicadas.&nbsp;<\/span><\/p>\n<p><span style=\"font-weight: 400;\">Alumno de Julio Alpuy y Anhelo Hern\u00e1ndez \u2014ambos disc\u00edpulos de Joaqu\u00edn Torres Garc\u00eda\u2014, y formado tambi\u00e9n en escultura con el artista venezolano Carlos Medina, su trayectoria se desarrolla en di\u00e1logo con la herencia de la Escuela del Sur y diversas experiencias internacionales.&nbsp;<\/span><\/p>\n<p><span style=\"font-weight: 400;\">En 1997 trabaj\u00f3 en Venezuela con el escultor Carlos Medina, experiencia que profundiz\u00f3 su inter\u00e9s por los procesos constructivos y el trabajo material.&nbsp;<\/span><\/p>\n<p><span style=\"font-weight: 400;\">A su regreso a Montevideo, cre\u00f3 el grupo La Piedra junto a Federico M\u00e9ndez y Luis Balbuena. Al a\u00f1o siguiente ingres\u00f3 al Instituto Escuela Nacional de Bellas Artes (IENBA), donde a partir del a\u00f1o 2000 curs\u00f3 el taller de Anhelo Hern\u00e1ndez.&nbsp;<\/span><\/p>\n<p><span style=\"font-weight: 400;\">En esa misma \u00e9poca se acerc\u00f3 al Museo de Arte Precolombino fundado por Francisco Matto. All\u00ed se vincul\u00f3 con artistas como Gustavo Serra y Daniel Batalla, con quienes comparti\u00f3 diversos proyectos.&nbsp;<\/span><\/p>\n<p><span style=\"font-weight: 400;\">A la vez que comenz\u00f3 a participar en exposiciones en Uruguay y en diversos pa\u00edses del exterior, entre ellos, Colombia, Venezuela y Estados Unidos, obtuvo una beca en el Palazzo Spinelli de Florencia, donde ampli\u00f3 sus estudios y frecuent\u00f3 el taller del pintor Charles Cecil.&nbsp;<\/span><\/p>\n<p><span style=\"font-weight: 400;\">Entre 2003 y 2005 viaj\u00f3 a Nueva York para trabajar en el taller de Julio Alpuy, figura clave en su desarrollo art\u00edstico.&nbsp;<\/span><\/p>\n<p><span style=\"font-weight: 400;\">Su obra ha sido exhibida en museos, ferias y galer\u00edas de Am\u00e9rica, Europa y Asia, incluyendo instituciones como el Qingdao Art Museum en China, el Instituto Cervantes de Mil\u00e1n, el Museo Torres Garc\u00eda y el Museo Nacional de Artes Visuales de Montevideo.&nbsp;&nbsp;<\/span><\/p>\n<p><span style=\"font-weight: 400;\">De forma individual ha presentado numerosas exposiciones, entre ellas Construcciones sin nombre (Museo San Fernando, Maldonado), Notaciones (Museo Mazzoni) y Marinas Geom\u00e9tricas (Museo Torres Garc\u00eda y Museo Mazzoni). Sus cuadros integran tambi\u00e9n colecciones institucionales y privadas, como la Katoen Natie, gestionada por la Fundaci\u00f3n Phoebus en B\u00e9lgica.<\/span><\/p>\n<p><span style=\"font-weight: 400;\">Adem\u00e1s, realiz\u00f3 el dise\u00f1o y la escenograf\u00eda de la obra Bokeh, presentada en 2019 en el Teatro Sol\u00eds.&nbsp;<\/span><\/p>\n<p><span style=\"font-weight: 400;\">En paralelo a su actividad art\u00edstica, ha desarrollado una sostenida labor docente, tanto en su taller particular como en la Facultad de Artes de la Universidad de la Rep\u00fablica.&nbsp;<\/span><\/p>\n<p><span style=\"font-weight: 400;\">Desde 2023 integra el Grupo de Innovaci\u00f3n Docente MIMA (Memoria y Materia Art\u00edstica) de la Facultad de Bellas Artes de la Universidad de Barcelona.&nbsp;<\/span><\/p>\n<p><span style=\"font-weight: 400;\">En 2024 expuso prototipos de juguetes en el Museo Picasso, en el marco del Simposio Internacional Ars-Ludi, organizado por la misma instituci\u00f3n universitaria.<\/span><\/p>\n<\/div>\n","protected":false},"excerpt":{"rendered":"<p>PNEUMA el h\u00e1lito de Sophia de Marcelo Larrosa Martinatto<\/p>\n<p>MARTES 5 DE MAYO 2026 -19 HORAS<\/p>\n<p>MUSEO TORRES GARC\u00cdA<\/p>\n<p>Pneuma, el h\u00e1lito de Sophia, es una exposici\u00f3n centrada en una\u00a0dimensi\u00f3n esencial\u00a0de la obra de Marcelo Larrosa Martinatto, vinculada a sus\u00a0estructuras de letras.<\/p>\n<p>Unas letras que, como se\u00f1ala la curadora Mar\u00eda Eugenia M\u00e9ndez,\u00a0\u201cno buscan formar palabras ni establecer un discurso. Operan como entidades estructurales, como huellas que vibran dentro de una trama rigurosa\u201d.<\/p>\n<p>La muestra, que podr\u00e1 visitarse\u00a0hasta el 15 de julio 2026, invita a descubrir la geometr\u00eda sensible y el impulso vital de un artista que dialoga con la\u00a0tradici\u00f3n constructivista\u00a0desde una identidad propia y contempor\u00e1nea.\u00a0<\/p>\n","protected":false},"author":8,"featured_media":127122,"comment_status":"closed","ping_status":"closed","sticky":false,"template":"","format":"standard","meta":{"om_disable_all_campaigns":false,"ngg_post_thumbnail":0,"jnews-multi-image_gallery":[],"jnews_single_post":{"format":"standard","override":[{"template":"4","parallax":"1","layout":"right-sidebar","sidebar":"default-sidebar","second_sidebar":"default-sidebar","sticky_sidebar":"1","share_position":"bottom","share_float_style":"share-monocrhome","show_share_counter":"1","show_view_counter":"1","show_featured":"1","show_post_meta":"1","show_post_author":"1","show_post_author_image":"1","show_post_date":"1","post_date_format":"default","post_date_format_custom":"Y\/m\/d","show_post_category":"1","post_reading_time_wpm":"300","post_calculate_word_method":"str_word_count","zoom_button_out_step":"2","zoom_button_in_step":"3","show_post_tag":"1","show_prev_next_post":"1","show_popup_post":"1","show_comment_section":"1","number_popup_post":"1","show_author_box":"1","show_post_related":"0","show_inline_post_related":"0"}],"image_override":[{"single_post_thumbnail_size":"no-crop","single_post_gallery_size":"crop-500"}],"trending_post_position":"meta","trending_post_label":"Trending","sponsored_post_label":"Sponsored by","disable_ad":"0","subtitle":"MARTES 5 DE MAYO 2026 -19 HORAS - MUSEO TORRES GARC\u00cdA"},"jnews_primary_category":[],"jnews_social_meta":{"fb_description":"Pneuma, el h\u00e1lito de Sophia, es una exposici\u00f3n centrada en una\u00a0dimensi\u00f3n esencial\u00a0de la obra de Marcelo Larrosa Martinatto, vinculada a sus\u00a0estructuras de letras.","twitter_description":"Pneuma, el h\u00e1lito de Sophia, es una exposici\u00f3n centrada en una\u00a0dimensi\u00f3n esencial\u00a0de la obra de Marcelo Larrosa Martinatto, vinculada a sus\u00a0estructuras de letras.","twitter_title":"PNEUMA el h\u00e1lito de Sophia  de Marcelo Larrosa Martinatto - MARTES 5 DE MAYO 2026 -19 HORAS - MUSEO TORRES GARC\u00cdA ","fb_title":"PNEUMA el h\u00e1lito de Sophia  de Marcelo Larrosa Martinatto - MARTES 5 DE MAYO 2026 -19 HORAS - MUSEO TORRES GARC\u00cdA ","fb_image":"127122","twitter_image":"127122"},"jnews_override_counter":{"view_counter_number":"0","share_counter_number":"0","like_counter_number":"0","dislike_counter_number":"0"},"footnotes":""},"categories":[3394],"tags":[26382,26381,26383,5259,26380],"class_list":["post-127121","post","type-post","status-publish","format-standard","has-post-thumbnail","hentry","category-eventos","tag-el-halito-de-sophia","tag-marcelo-larrosa-martinatto","tag-maria-eugenia-mendez","tag-museo-torres-garcia","tag-pneuma"],"yoast_head":"<!-- This site is optimized with the Yoast SEO plugin v27.5 - https:\/\/yoast.com\/product\/yoast-seo-wordpress\/ -->\n<title>PNEUMA el h\u00e1lito de Sophia de Marcelo Larrosa Martinatto - Cooltivarte Portal<\/title>\n<meta name=\"description\" content=\"Pneuma, el h\u00e1lito de Sophia, es una exposici\u00f3n centrada en una\u00a0dimensi\u00f3n esencial\u00a0de la obra de Marcelo Larrosa Martinatto, vinculada a sus\u00a0estructuras de letras.\" \/>\n<meta name=\"robots\" content=\"index, follow, max-snippet:-1, max-image-preview:large, max-video-preview:-1\" \/>\n<link rel=\"canonical\" href=\"https:\/\/cooltivarte.com\/portal\/pneuma-el-halito-de-sophia-de-marcelo-larrosa-martinatto\/\" \/>\n<meta property=\"og:locale\" content=\"es_ES\" \/>\n<meta property=\"og:type\" content=\"article\" \/>\n<meta property=\"og:title\" content=\"PNEUMA el h\u00e1lito de Sophia de Marcelo Larrosa Martinatto - MARTES 5 DE MAYO 2026 -19 HORAS - MUSEO TORRES GARC\u00cdA\" \/>\n<meta property=\"og:description\" content=\"Pneuma, el h\u00e1lito de Sophia, es una exposici\u00f3n centrada en una\u00a0dimensi\u00f3n esencial\u00a0de la obra de Marcelo Larrosa Martinatto, vinculada a sus\u00a0estructuras de letras.\" \/>\n<meta property=\"og:url\" content=\"https:\/\/cooltivarte.com\/portal\/pneuma-el-halito-de-sophia-de-marcelo-larrosa-martinatto\/\" \/>\n<meta property=\"og:site_name\" content=\"Cooltivarte Portal\" \/>\n<meta property=\"article:publisher\" content=\"https:\/\/www.facebook.com\/cooltivartecom\/\" \/>\n<meta property=\"article:author\" content=\"https:\/\/www.facebook.com\/cooltivartecom\" \/>\n<meta property=\"article:published_time\" content=\"2026-04-30T00:55:21+00:00\" \/>\n<meta property=\"og:image\" content=\"https:\/\/cooltivarte.com\/portal\/wp-content\/uploads\/2026\/04\/PNEUMA-el-halito-de-Sophia-de-Marcelo-Larrosa-Martinatto.jpg\" \/>\n\t<meta property=\"og:image:width\" content=\"717\" \/>\n\t<meta property=\"og:image:height\" content=\"888\" \/>\n\t<meta property=\"og:image:type\" content=\"image\/jpeg\" \/>\n<meta name=\"author\" content=\"Cooltivarte\" \/>\n<meta name=\"twitter:card\" content=\"summary_large_image\" \/>\n<meta name=\"twitter:title\" content=\"PNEUMA el h\u00e1lito de Sophia de Marcelo Larrosa Martinatto - MARTES 5 DE MAYO 2026 -19 HORAS - MUSEO TORRES GARC\u00cdA\" \/>\n<meta name=\"twitter:description\" content=\"Pneuma, el h\u00e1lito de Sophia, es una exposici\u00f3n centrada en una\u00a0dimensi\u00f3n esencial\u00a0de la obra de Marcelo Larrosa Martinatto, vinculada a sus\u00a0estructuras de letras.\" \/>\n<meta name=\"twitter:image\" content=\"https:\/\/cooltivarte.com\/portal\/wp-content\/uploads\/2026\/04\/PNEUMA-el-halito-de-Sophia-de-Marcelo-Larrosa-Martinatto.jpg\" \/>\n<meta name=\"twitter:creator\" content=\"@https:\/\/x.com\/obolocultural\" \/>\n<meta name=\"twitter:site\" content=\"@obolocultural\" \/>\n<meta name=\"twitter:label1\" content=\"Escrito por\" \/>\n\t<meta name=\"twitter:data1\" content=\"Cooltivarte\" \/>\n\t<meta name=\"twitter:label2\" content=\"Tiempo de lectura\" \/>\n\t<meta name=\"twitter:data2\" content=\"3 minutos\" \/>\n<!-- \/ Yoast SEO plugin. -->","yoast_head_json":{"title":"PNEUMA el h\u00e1lito de Sophia de Marcelo Larrosa Martinatto - Cooltivarte Portal","description":"Pneuma, el h\u00e1lito de Sophia, es una exposici\u00f3n centrada en una\u00a0dimensi\u00f3n esencial\u00a0de la obra de Marcelo Larrosa Martinatto, vinculada a sus\u00a0estructuras de letras.","robots":{"index":"index","follow":"follow","max-snippet":"max-snippet:-1","max-image-preview":"max-image-preview:large","max-video-preview":"max-video-preview:-1"},"canonical":"https:\/\/cooltivarte.com\/portal\/pneuma-el-halito-de-sophia-de-marcelo-larrosa-martinatto\/","og_locale":"es_ES","og_type":"article","og_title":"PNEUMA el h\u00e1lito de Sophia de Marcelo Larrosa Martinatto - MARTES 5 DE MAYO 2026 -19 HORAS - MUSEO TORRES GARC\u00cdA","og_description":"Pneuma, el h\u00e1lito de Sophia, es una exposici\u00f3n centrada en una\u00a0dimensi\u00f3n esencial\u00a0de la obra de Marcelo Larrosa Martinatto, vinculada a sus\u00a0estructuras de letras.","og_url":"https:\/\/cooltivarte.com\/portal\/pneuma-el-halito-de-sophia-de-marcelo-larrosa-martinatto\/","og_site_name":"Cooltivarte Portal","article_publisher":"https:\/\/www.facebook.com\/cooltivartecom\/","article_author":"https:\/\/www.facebook.com\/cooltivartecom","article_published_time":"2026-04-30T00:55:21+00:00","og_image":[{"width":717,"height":888,"url":"https:\/\/cooltivarte.com\/portal\/wp-content\/uploads\/2026\/04\/PNEUMA-el-halito-de-Sophia-de-Marcelo-Larrosa-Martinatto.jpg","type":"image\/jpeg"}],"author":"Cooltivarte","twitter_card":"summary_large_image","twitter_title":"PNEUMA el h\u00e1lito de Sophia de Marcelo Larrosa Martinatto - MARTES 5 DE MAYO 2026 -19 HORAS - MUSEO TORRES GARC\u00cdA","twitter_description":"Pneuma, el h\u00e1lito de Sophia, es una exposici\u00f3n centrada en una\u00a0dimensi\u00f3n esencial\u00a0de la obra de Marcelo Larrosa Martinatto, vinculada a sus\u00a0estructuras de letras.","twitter_image":"https:\/\/cooltivarte.com\/portal\/wp-content\/uploads\/2026\/04\/PNEUMA-el-halito-de-Sophia-de-Marcelo-Larrosa-Martinatto.jpg","twitter_creator":"@https:\/\/x.com\/obolocultural","twitter_site":"@obolocultural","twitter_misc":{"Escrito por":"Cooltivarte","Tiempo de lectura":"3 minutos"},"schema":{"@context":"https:\/\/schema.org","@graph":[{"@type":"NewsArticle","@id":"https:\/\/cooltivarte.com\/portal\/pneuma-el-halito-de-sophia-de-marcelo-larrosa-martinatto\/#article","isPartOf":{"@id":"https:\/\/cooltivarte.com\/portal\/pneuma-el-halito-de-sophia-de-marcelo-larrosa-martinatto\/"},"author":{"name":"Cooltivarte","@id":"https:\/\/cooltivarte.com\/portal\/#\/schema\/person\/ec2a4f4e71b740d0c559c0ab9a157e19"},"headline":"PNEUMA el h\u00e1lito de Sophia de Marcelo Larrosa Martinatto","datePublished":"2026-04-30T00:55:21+00:00","mainEntityOfPage":{"@id":"https:\/\/cooltivarte.com\/portal\/pneuma-el-halito-de-sophia-de-marcelo-larrosa-martinatto\/"},"wordCount":609,"publisher":{"@id":"https:\/\/cooltivarte.com\/portal\/#organization"},"image":{"@id":"https:\/\/cooltivarte.com\/portal\/pneuma-el-halito-de-sophia-de-marcelo-larrosa-martinatto\/#primaryimage"},"thumbnailUrl":"https:\/\/cooltivarte.com\/portal\/wp-content\/uploads\/2026\/04\/PNEUMA-el-halito-de-Sophia-de-Marcelo-Larrosa-Martinatto.jpg","keywords":["el h\u00e1lito de Sophia","Marcelo Larrosa Martinatto","Mar\u00eda Eugenia M\u00e9ndez","Museo Torres Garc\u00eda","PNEUMA"],"articleSection":["Eventos"],"inLanguage":"es-AR"},{"@type":"WebPage","@id":"https:\/\/cooltivarte.com\/portal\/pneuma-el-halito-de-sophia-de-marcelo-larrosa-martinatto\/","url":"https:\/\/cooltivarte.com\/portal\/pneuma-el-halito-de-sophia-de-marcelo-larrosa-martinatto\/","name":"PNEUMA el h\u00e1lito de Sophia de Marcelo Larrosa Martinatto - Cooltivarte Portal","isPartOf":{"@id":"https:\/\/cooltivarte.com\/portal\/#website"},"primaryImageOfPage":{"@id":"https:\/\/cooltivarte.com\/portal\/pneuma-el-halito-de-sophia-de-marcelo-larrosa-martinatto\/#primaryimage"},"image":{"@id":"https:\/\/cooltivarte.com\/portal\/pneuma-el-halito-de-sophia-de-marcelo-larrosa-martinatto\/#primaryimage"},"thumbnailUrl":"https:\/\/cooltivarte.com\/portal\/wp-content\/uploads\/2026\/04\/PNEUMA-el-halito-de-Sophia-de-Marcelo-Larrosa-Martinatto.jpg","datePublished":"2026-04-30T00:55:21+00:00","description":"Pneuma, el h\u00e1lito de Sophia, es una exposici\u00f3n centrada en una\u00a0dimensi\u00f3n esencial\u00a0de la obra de Marcelo Larrosa Martinatto, vinculada a sus\u00a0estructuras de letras.","breadcrumb":{"@id":"https:\/\/cooltivarte.com\/portal\/pneuma-el-halito-de-sophia-de-marcelo-larrosa-martinatto\/#breadcrumb"},"inLanguage":"es-AR","potentialAction":[{"@type":"ReadAction","target":["https:\/\/cooltivarte.com\/portal\/pneuma-el-halito-de-sophia-de-marcelo-larrosa-martinatto\/"]}]},{"@type":"ImageObject","inLanguage":"es-AR","@id":"https:\/\/cooltivarte.com\/portal\/pneuma-el-halito-de-sophia-de-marcelo-larrosa-martinatto\/#primaryimage","url":"https:\/\/cooltivarte.com\/portal\/wp-content\/uploads\/2026\/04\/PNEUMA-el-halito-de-Sophia-de-Marcelo-Larrosa-Martinatto.jpg","contentUrl":"https:\/\/cooltivarte.com\/portal\/wp-content\/uploads\/2026\/04\/PNEUMA-el-halito-de-Sophia-de-Marcelo-Larrosa-Martinatto.jpg","width":717,"height":888,"caption":"PNEUMA el h\u00e1lito de Sophia de Marcelo Larrosa Martinatto - MARTES 5 DE MAYO 2026 -19 HORAS - MUSEO TORRES GARC\u00cdA"},{"@type":"BreadcrumbList","@id":"https:\/\/cooltivarte.com\/portal\/pneuma-el-halito-de-sophia-de-marcelo-larrosa-martinatto\/#breadcrumb","itemListElement":[{"@type":"ListItem","position":1,"name":"Portada","item":"https:\/\/cooltivarte.com\/portal\/"},{"@type":"ListItem","position":2,"name":"PNEUMA el h\u00e1lito de Sophia de Marcelo Larrosa Martinatto"}]},{"@type":"WebSite","@id":"https:\/\/cooltivarte.com\/portal\/#website","url":"https:\/\/cooltivarte.com\/portal\/","name":"Cooltivarte Portal","description":"Arte, cultura y turismo para el mundo ...","publisher":{"@id":"https:\/\/cooltivarte.com\/portal\/#organization"},"potentialAction":[{"@type":"SearchAction","target":{"@type":"EntryPoint","urlTemplate":"https:\/\/cooltivarte.com\/portal\/?s={search_term_string}"},"query-input":{"@type":"PropertyValueSpecification","valueRequired":true,"valueName":"search_term_string"}}],"inLanguage":"es-AR"},{"@type":"Organization","@id":"https:\/\/cooltivarte.com\/portal\/#organization","name":"cooltivarte","url":"https:\/\/cooltivarte.com\/portal\/","logo":{"@type":"ImageObject","inLanguage":"es-AR","@id":"https:\/\/cooltivarte.com\/portal\/#\/schema\/logo\/image\/","url":"https:\/\/cooltivarte.com\/portal\/wp-content\/uploads\/2020\/04\/logo-cooltivarte-v2.png","contentUrl":"https:\/\/cooltivarte.com\/portal\/wp-content\/uploads\/2020\/04\/logo-cooltivarte-v2.png","width":851,"height":243,"caption":"cooltivarte"},"image":{"@id":"https:\/\/cooltivarte.com\/portal\/#\/schema\/logo\/image\/"},"sameAs":["https:\/\/www.facebook.com\/cooltivartecom\/","https:\/\/x.com\/obolocultural","https:\/\/www.instagram.com\/_cooltivarte_\/","https:\/\/www.linkedin.com\/company\/-bolocultural?reportsuccess=8zaNG1HwhPbAR9iQhZ5rfGeqz_vQFftHun0ZWU0Wy9vNemRJ8vtcKdJvzQfW8XagyOJSKg0XvfJ1dp","https:\/\/www.pinterest.com\/cooltivarte\/","https:\/\/cooltivarte.tumblr.com\/","https:\/\/www.tiktok.com\/@cooltivarte","https:\/\/www.youtube.com\/@PrensaCooltivarte"]},{"@type":"Person","@id":"https:\/\/cooltivarte.com\/portal\/#\/schema\/person\/ec2a4f4e71b740d0c559c0ab9a157e19","name":"Cooltivarte","image":{"@type":"ImageObject","inLanguage":"es-AR","@id":"https:\/\/cooltivarte.com\/portal\/wp-content\/uploads\/2014\/05\/logo-cooltivarte-120x120.jpg","url":"https:\/\/cooltivarte.com\/portal\/wp-content\/uploads\/2014\/05\/logo-cooltivarte-120x120.jpg","contentUrl":"https:\/\/cooltivarte.com\/portal\/wp-content\/uploads\/2014\/05\/logo-cooltivarte-120x120.jpg","caption":"Cooltivarte"},"description":"Somos COOLTIVARTE.COM. Un portal digital dedicado a difundir el acontecer art\u00edstico y cultural del Uruguay. Estamos en la vuelta desde el a\u00f1o 2003, y como evoluci\u00f3n del bolet\u00edn Obolo Cultural, nos encontramos abocados a apoyar a los artistas nacionales brind\u00e1ndoles un espacio de difusi\u00f3n. Creemos en la idea de utilizar la potencialidad que hoy d\u00eda nos otorga la web, para que la cultura uruguaya y sus creadores dispongan de una din\u00e1mica ventana, que los ponga en contacto entre s\u00ed y con el mundo. Somos COOLTIVARTE.COM y pretendemos configurarnos como un portal din\u00e1mico, entretenido y atento a los nuevos emprendimientos, que busque siempre la interacci\u00f3n con los artistas.","sameAs":["http:\/\/www.cooltivarte.com","https:\/\/www.facebook.com\/cooltivartecom","https:\/\/www.instagram.com\/_cooltivarte_\/","https:\/\/www.linkedin.com\/company\/-bolocultural","https:\/\/www.pinterest.com\/cooltivarte\/","https:\/\/x.com\/https:\/\/x.com\/obolocultural","https:\/\/www.youtube.com\/@PrensaCooltivarte","https:\/\/www.tumblr.com\/blog\/cooltivarte"],"url":"https:\/\/cooltivarte.com\/portal\/author\/cooltivarte\/"}]}},"_links":{"self":[{"href":"https:\/\/cooltivarte.com\/portal\/wp-json\/wp\/v2\/posts\/127121","targetHints":{"allow":["GET"]}}],"collection":[{"href":"https:\/\/cooltivarte.com\/portal\/wp-json\/wp\/v2\/posts"}],"about":[{"href":"https:\/\/cooltivarte.com\/portal\/wp-json\/wp\/v2\/types\/post"}],"author":[{"embeddable":true,"href":"https:\/\/cooltivarte.com\/portal\/wp-json\/wp\/v2\/users\/8"}],"replies":[{"embeddable":true,"href":"https:\/\/cooltivarte.com\/portal\/wp-json\/wp\/v2\/comments?post=127121"}],"version-history":[{"count":1,"href":"https:\/\/cooltivarte.com\/portal\/wp-json\/wp\/v2\/posts\/127121\/revisions"}],"predecessor-version":[{"id":127123,"href":"https:\/\/cooltivarte.com\/portal\/wp-json\/wp\/v2\/posts\/127121\/revisions\/127123"}],"wp:featuredmedia":[{"embeddable":true,"href":"https:\/\/cooltivarte.com\/portal\/wp-json\/wp\/v2\/media\/127122"}],"wp:attachment":[{"href":"https:\/\/cooltivarte.com\/portal\/wp-json\/wp\/v2\/media?parent=127121"}],"wp:term":[{"taxonomy":"category","embeddable":true,"href":"https:\/\/cooltivarte.com\/portal\/wp-json\/wp\/v2\/categories?post=127121"},{"taxonomy":"post_tag","embeddable":true,"href":"https:\/\/cooltivarte.com\/portal\/wp-json\/wp\/v2\/tags?post=127121"}],"curies":[{"name":"wp","href":"https:\/\/api.w.org\/{rel}","templated":true}]}}