{"id":127117,"date":"2026-04-29T21:16:14","date_gmt":"2026-04-30T00:16:14","guid":{"rendered":"https:\/\/cooltivarte.com\/portal\/?p=127117"},"modified":"2026-04-29T21:16:14","modified_gmt":"2026-04-30T00:16:14","slug":"desayuno-en-mnav","status":"publish","type":"post","link":"https:\/\/cooltivarte.com\/portal\/desayuno-en-mnav\/","title":{"rendered":"Desayuno en MNAV"},"content":{"rendered":"<figure id=\"attachment_127118\" aria-describedby=\"caption-attachment-127118\" style=\"width: 768px\" class=\"wp-caption aligncenter\"><img fetchpriority=\"high\" decoding=\"async\" class=\"wp-image-127118 size-large\" title=\"El MNAV acelera su transformaci\u00f3n con una impronta m\u00e1s abierta, m\u00e1s conectado y m\u00e1s vivo por Daniel Benoit Cassou\" src=\"https:\/\/cooltivarte.com\/portal\/wp-content\/uploads\/2026\/04\/Desayuno-en-MNAV-768x1024.webp\" alt=\"El MNAV acelera su transformaci\u00f3n con una impronta m\u00e1s abierta, m\u00e1s conectado y m\u00e1s vivo por Daniel Benoit Cassou\" width=\"768\" height=\"1024\" srcset=\"https:\/\/cooltivarte.com\/portal\/wp-content\/uploads\/2026\/04\/Desayuno-en-MNAV-768x1024.webp 768w, https:\/\/cooltivarte.com\/portal\/wp-content\/uploads\/2026\/04\/Desayuno-en-MNAV-225x300.webp 225w, https:\/\/cooltivarte.com\/portal\/wp-content\/uploads\/2026\/04\/Desayuno-en-MNAV-1152x1536.webp 1152w, https:\/\/cooltivarte.com\/portal\/wp-content\/uploads\/2026\/04\/Desayuno-en-MNAV-1536x2048.webp 1536w, https:\/\/cooltivarte.com\/portal\/wp-content\/uploads\/2026\/04\/Desayuno-en-MNAV.webp 1600w\" sizes=\"(max-width: 768px) 100vw, 768px\" \/><figcaption id=\"caption-attachment-127118\" class=\"wp-caption-text\">Roxana Fabius &#8211; Daniel Benoit Cassou<\/figcaption><\/figure>\n<p>&nbsp;<\/p>\n<div class=\"wp-block-group has-global-padding is-layout-constrained wp-block-group-is-layout-constrained\">\n<h3 class=\"wp-block-post-title\"><strong>Desayuno en MNAV<\/strong><\/h3>\n<\/div>\n<div class=\"entry-content wp-block-post-content has-global-padding is-layout-constrained wp-block-post-content-is-layout-constrained\">\n<p><strong>Montevideo, Uruguay.<\/strong><\/p>\n<p><strong>El MNAV acelera su transformaci\u00f3n con una impronta m\u00e1s abierta, m\u00e1s conectado y m\u00e1s vivo<\/strong><\/p>\n<p>En la ma\u00f1ana del martes 28 de abril 2026, el <a href=\"https:\/\/mnav.gub.uy\/\" target=\"_blank\" rel=\"noopener\"><strong>Museo Nacional de Artes Visuales<\/strong><\/a> reuni\u00f3 a periodistas y comunicadores para presentar su programa 2026. La instancia no fue un mero anuncio sino que fue una declaraci\u00f3n de intenciones.<\/p>\n<p>La directora <a href=\"https:\/\/cooltivarte.com\/portal\/?s=Roxana+Fabius\" target=\"_blank\" rel=\"noopener\"><strong>Roxana Fabius<\/strong><\/a> encabez\u00f3 la conferencia, acompa\u00f1ada por la directora nacional de Cultura, <strong>Mar\u00eda <a href=\"https:\/\/cooltivarte.com\/portal\/?s=Mar%C3%ADa+Eugenia+Vidal\" target=\"_blank\" rel=\"noopener\">Eugenia Vidal<\/a><\/strong>, y por <a href=\"https:\/\/cooltivarte.com\/portal\/?s=Mart%C3%ADn+Craciun\" target=\"_blank\" rel=\"noopener\"><strong>Mart\u00edn Craciun<\/strong><\/a>, director del Instituto Nacional de Artes Visuales de la Direcci\u00f3n Nacional de Cultura del MEC.<\/p>\n<p>Tres voces alineadas en un mismo eje consistente en actualizar el rol del museo sin traicionar su peso hist\u00f3rico.<\/p>\n<p>Fundado en 1911 y con m\u00e1s de 7.000 obras, el <strong><a href=\"https:\/\/cooltivarte.com\/portal\/?s=MNAV\" target=\"_blank\" rel=\"noopener\">MNAV<\/a><\/strong> no necesita presentaci\u00f3n. Lo que s\u00ed necesita \u2014y parece haber entendido\u2014 es movimiento.<\/p>\n<p><strong>Siete l\u00edneas, una idea central: activar el museo<\/strong><\/p>\n<p>El plan se organiza en siete ejes que se articulan con menos solemnidad y m\u00e1s circulaci\u00f3n.<\/p>\n<p>*Nueva programaci\u00f3n: di\u00e1logo entre colecci\u00f3n y contemporaneidad. El museo deja de ser archivo y pasa a ser conversaci\u00f3n.<\/p>\n<p>*Programas p\u00fablicos: m\u00e1s protagonismo de artistas, menos intermediaci\u00f3n burocr\u00e1tica.<\/p>\n<p>*Educaci\u00f3n y mediaci\u00f3n: formaci\u00f3n con respaldo acad\u00e9mico. Profesionalizar un \u00e1rea hist\u00f3ricamente subestimada.<\/p>\n<p>*Infraestructura y accesibilidad: reformas concretas (ba\u00f1os incluidos). No se trata de glamour sino de urgencia.<\/p>\n<p>*Redes y posicionamiento: el MNAV quiere jugar en red, no en solitario.<\/p>\n<p>*Sostenibilidad: reactivar la Asociaci\u00f3n de Amigos y mejorar la tienda. Cultura tambi\u00e9n es gesti\u00f3n.<\/p>\n<p>*Equipos: poner en valor a quienes sostienen el museo puertas adentro. Sin esto, todo lo dem\u00e1s es relato.<\/p>\n<p>La premisa es clara: el museo no es el edificio, es el encuentro.<\/p>\n<p><strong>Programaci\u00f3n, entre lo hist\u00f3rico y lo vivo<\/strong><\/p>\n<p>El calendario combina revisiones, apuestas contempor\u00e1neas y nombres fuertes.<\/p>\n<p>Entre lo que viene:<\/p>\n<p>*Exposici\u00f3n de <a href=\"https:\/\/cooltivarte.com\/portal\/?s=Cecilia+Brugnini\" target=\"_blank\" rel=\"noopener\"><strong>Cecilia Brugnini<\/strong><\/a>, explorando su tr\u00e1nsito del textil figurativo a la abstracci\u00f3n expandida.<\/p>\n<p>*Muestra de <a href=\"https:\/\/cooltivarte.com\/portal\/?s=Daniel+Gallo\" target=\"_blank\" rel=\"noopener\"><strong>Daniel Gallo<\/strong><\/a>, donde la precisi\u00f3n roza lo asc\u00e9tico.<\/p>\n<p>*La emblem\u00e1tica obra de <a href=\"https:\/\/cooltivarte.com\/portal\/?s=Mariano+Fortuny\" target=\"_blank\" rel=\"noopener\"><strong>Mariano Fortuny<\/strong><\/a>, con su teatralidad rom\u00e1ntica intacta.<\/p>\n<p>*Instalaci\u00f3n de <a href=\"https:\/\/cooltivarte.com\/portal\/?s=Harun+Farocki\" target=\"_blank\" rel=\"noopener\"><strong>Harun Farocki<\/strong><\/a>, que promete densidad cr\u00edtica sobre imagen y poder.<\/p>\n<p>*Retrospectiva de <a href=\"https:\/\/cooltivarte.com\/portal\/?s=Linda+Kohen\" target=\"_blank\" rel=\"noopener\"><strong>Linda Kohen<\/strong><\/a>, a\u00fan en investigaci\u00f3n curatorial.<\/p>\n<p>En paralelo, el museo insiste \u2014y hace bien\u2014 en activar el espacio con performances, ciclos de lectura, talleres y programas para infancias. El arte como experiencia, no como vitrina.<\/p>\n<p><strong>El museo sale (literalmente) al encuentro<\/strong><\/p>\n<p>Una de las l\u00edneas m\u00e1s interesantes es que el MNAV empieza a desplazarse. Actividades en barrio, trabajo con p\u00fablicos diversos, articulaci\u00f3n con el entorno del Parque Rod\u00f3. El museo deja de esperar visitantes y empieza a buscarlos pr\u00e1ctica mundialmente utilizada.<\/p>\n<p><strong>Lo que no se ve (y sostiene todo)<\/strong><\/p>\n<p>Al cierre del encuentro, los invitados accedimos a una visita a los dep\u00f3sitos. Ah\u00ed, lejos del relato, aparece el m\u00fasculo real del museo.<\/p>\n<p>M\u00e1s de 7.000 obras conservadas en condiciones estrictas: 18\u201319\u00b0C, 49\u201350% de humedad. Todo catalogado. Todo controlado.<\/p>\n<p>Conservaci\u00f3n preventiva, curativa y restauraci\u00f3n: el trabajo silencioso que evita que el patrimonio se convierta en ruina.<\/p>\n<p>No es espectacular. Es imprescindible.<\/p>\n<p><strong>En s\u00edntesis<\/strong><\/p>\n<p>El MNAV no est\u00e1 cambiando de piel, est\u00e1 intentando moverse.<\/p>\n<p>Ahora queda lo m\u00e1s dif\u00edcil \u2014y donde muchos proyectos culturales tropiezan\u2014 que consiste en sostener en el tiempo lo que hoy suena convincente.<\/p>\n<p>Porque en cultura, anunciar es f\u00e1cil. Ejecutar, no tanto.<br \/>\nA por ello!<\/p>\n<\/div>\n<p>&nbsp;<\/p>\n<div style=\"width: 640px;\" class=\"wp-video\"><!--[if lt IE 9]><script>document.createElement('video');<\/script><![endif]-->\n<video class=\"wp-video-shortcode\" id=\"video-127117-1\" width=\"640\" height=\"360\" preload=\"metadata\" controls=\"controls\"><source type=\"video\/mp4\" src=\"https:\/\/danielbenoit.art\/wp-content\/uploads\/2026\/04\/27dfb68f058dca003e3e96ac9b21db42.mp4?_=1\" \/><a href=\"https:\/\/danielbenoit.art\/wp-content\/uploads\/2026\/04\/27dfb68f058dca003e3e96ac9b21db42.mp4\">https:\/\/danielbenoit.art\/wp-content\/uploads\/2026\/04\/27dfb68f058dca003e3e96ac9b21db42.mp4<\/a><\/video><\/div>\n<p>&nbsp;<\/p>\n<p>&nbsp;<\/p>\n<p>&nbsp;<\/p>\n<p>&nbsp;<\/p>\n","protected":false},"excerpt":{"rendered":"<p>Desayuno en MNAV<\/p>\n<p>Montevideo, Uruguay.<\/p>\n<p>El MNAV acelera su transformaci\u00f3n con una impronta m\u00e1s abierta, m\u00e1s conectado y m\u00e1s vivo<\/p>\n<p>En la ma\u00f1ana del martes 28 de abril 2026, el Museo Nacional de Artes Visuales reuni\u00f3 a periodistas y comunicadores para presentar su programa 2026. La instancia no fue un mero anuncio sino que fue una declaraci\u00f3n de intenciones.<\/p>\n<p>La directora Roxana Fabius encabez\u00f3 la conferencia, acompa\u00f1ada por la directora nacional de Cultura, Mar\u00eda Eugenia Vidal, y por Mart\u00edn Craciun, director del Instituto Nacional de Artes Visuales de la Direcci\u00f3n Nacional de Cultura del MEC.<\/p>\n<p>Tres voces alineadas en un mismo eje consistente en actualizar el rol del museo sin traicionar su peso hist\u00f3rico.<\/p>\n<p>Fundado en 1911 y con m\u00e1s de 7.000 obras, el MNAV no necesita presentaci\u00f3n. Lo que s\u00ed necesita \u2014y parece haber entendido\u2014 es movimiento.<\/p>\n","protected":false},"author":14,"featured_media":127118,"comment_status":"closed","ping_status":"closed","sticky":false,"template":"","format":"standard","meta":{"om_disable_all_campaigns":false,"ngg_post_thumbnail":0,"jnews-multi-image_gallery":[],"jnews_single_post":{"format":"standard","override":[{"template":"4","parallax":"1","layout":"right-sidebar","sidebar":"default-sidebar","second_sidebar":"default-sidebar","sticky_sidebar":"1","share_position":"bottom","share_float_style":"share-monocrhome","show_share_counter":"1","show_view_counter":"1","show_featured":"1","show_post_meta":"1","show_post_author":"1","show_post_author_image":"1","show_post_date":"1","post_date_format":"default","post_date_format_custom":"Y\/m\/d","show_post_category":"1","post_reading_time_wpm":"300","post_calculate_word_method":"str_word_count","zoom_button_out_step":"2","zoom_button_in_step":"3","show_post_tag":"1","show_prev_next_post":"1","show_popup_post":"1","show_comment_section":"1","number_popup_post":"1","show_author_box":"1","show_post_related":"0","show_inline_post_related":"0"}],"image_override":[{"single_post_thumbnail_size":"no-crop","single_post_gallery_size":"crop-500"}],"trending_post_position":"meta","trending_post_label":"Trending","sponsored_post_label":"Sponsored by","disable_ad":"0","subtitle":"El MNAV acelera su transformaci\u00f3n con una impronta m\u00e1s abierta, m\u00e1s conectado y m\u00e1s vivo"},"jnews_primary_category":[],"jnews_social_meta":{"fb_title":"El MNAV acelera su transformaci\u00f3n con una impronta m\u00e1s abierta, m\u00e1s conectado y m\u00e1s vivo por Daniel Benoit Cassou","twitter_title":"El MNAV acelera su transformaci\u00f3n con una impronta m\u00e1s abierta, m\u00e1s conectado y m\u00e1s vivo por Daniel Benoit Cassou","twitter_image":"127118","fb_image":"127118","fb_description":"La directora Roxana Fabius encabez\u00f3 la conferencia, acompa\u00f1ada por la directora nacional de Cultura, Mar\u00eda Eugenia Vidal, y por Mart\u00edn Craciun, director del Instituto Nacional de Artes Visuales de la Direcci\u00f3n Nacional de Cultura del MEC.","twitter_description":"La directora Roxana Fabius encabez\u00f3 la conferencia, acompa\u00f1ada por la directora nacional de Cultura, Mar\u00eda Eugenia Vidal, y por Mart\u00edn Craciun, director del Instituto Nacional de Artes Visuales de la Direcci\u00f3n Nacional de Cultura del MEC."},"jnews_override_counter":{"view_counter_number":"0","share_counter_number":"0","like_counter_number":"0","dislike_counter_number":"0"},"footnotes":""},"categories":[52],"tags":[26379,7390,375,247,24627],"class_list":["post-127117","post","type-post","status-publish","format-standard","has-post-thumbnail","hentry","category-artista","tag-maria-eugenia-vidal","tag-martin-craciun","tag-mnav","tag-museo-nacional-de-artes-visuales","tag-roxana-fabius"],"yoast_head":"<!-- This site is optimized with the Yoast SEO plugin v27.5 - https:\/\/yoast.com\/product\/yoast-seo-wordpress\/ -->\n<title>Desayuno en MNAV - Cooltivarte Portal<\/title>\n<meta name=\"description\" content=\"La directora Roxana Fabius encabez\u00f3 la conferencia, acompa\u00f1ada por la directora nacional de Cultura, Mar\u00eda Eugenia Vidal, y por Mart\u00edn Craciun, director del Instituto Nacional de Artes Visuales de la Direcci\u00f3n Nacional de Cultura del MEC.\" \/>\n<meta name=\"robots\" content=\"index, follow, max-snippet:-1, max-image-preview:large, max-video-preview:-1\" \/>\n<link rel=\"canonical\" href=\"https:\/\/cooltivarte.com\/portal\/desayuno-en-mnav\/\" \/>\n<meta property=\"og:locale\" content=\"es_ES\" \/>\n<meta property=\"og:type\" content=\"article\" \/>\n<meta property=\"og:title\" content=\"El MNAV acelera su transformaci\u00f3n con una impronta m\u00e1s abierta, m\u00e1s conectado y m\u00e1s vivo por Daniel Benoit Cassou\" \/>\n<meta property=\"og:description\" content=\"La directora Roxana Fabius encabez\u00f3 la conferencia, acompa\u00f1ada por la directora nacional de Cultura, Mar\u00eda Eugenia Vidal, y por Mart\u00edn Craciun, director del Instituto Nacional de Artes Visuales de la Direcci\u00f3n Nacional de Cultura del MEC.\" \/>\n<meta property=\"og:url\" content=\"https:\/\/cooltivarte.com\/portal\/desayuno-en-mnav\/\" \/>\n<meta property=\"og:site_name\" content=\"Cooltivarte Portal\" \/>\n<meta property=\"article:publisher\" content=\"https:\/\/www.facebook.com\/cooltivartecom\/\" \/>\n<meta property=\"article:author\" content=\"https:\/\/www.facebook.com\/daniel.benoit.3557?fref=ts\" \/>\n<meta property=\"article:published_time\" content=\"2026-04-30T00:16:14+00:00\" \/>\n<meta property=\"og:image\" content=\"https:\/\/cooltivarte.com\/portal\/wp-content\/uploads\/2026\/04\/Desayuno-en-MNAV.webp\" \/>\n\t<meta property=\"og:image:width\" content=\"1600\" \/>\n\t<meta property=\"og:image:height\" content=\"2133\" \/>\n\t<meta property=\"og:image:type\" content=\"image\/webp\" \/>\n<meta name=\"author\" content=\"Daniel Benoit Cassou\" \/>\n<meta name=\"twitter:card\" content=\"summary_large_image\" \/>\n<meta name=\"twitter:title\" content=\"El MNAV acelera su transformaci\u00f3n con una impronta m\u00e1s abierta, m\u00e1s conectado y m\u00e1s vivo por Daniel Benoit Cassou\" \/>\n<meta name=\"twitter:description\" content=\"La directora Roxana Fabius encabez\u00f3 la conferencia, acompa\u00f1ada por la directora nacional de Cultura, Mar\u00eda Eugenia Vidal, y por Mart\u00edn Craciun, director del Instituto Nacional de Artes Visuales de la Direcci\u00f3n Nacional de Cultura del MEC.\" \/>\n<meta name=\"twitter:image\" content=\"https:\/\/cooltivarte.com\/portal\/wp-content\/uploads\/2026\/04\/Desayuno-en-MNAV.webp\" \/>\n<meta name=\"twitter:creator\" content=\"@https:\/\/x.com\/obolocultural\" \/>\n<meta name=\"twitter:site\" content=\"@obolocultural\" \/>\n<meta name=\"twitter:label1\" content=\"Escrito por\" \/>\n\t<meta name=\"twitter:data1\" content=\"Daniel Benoit Cassou\" \/>\n\t<meta name=\"twitter:label2\" content=\"Tiempo de lectura\" \/>\n\t<meta name=\"twitter:data2\" content=\"3 minutos\" \/>\n<!-- \/ Yoast SEO plugin. -->","yoast_head_json":{"title":"Desayuno en MNAV - Cooltivarte Portal","description":"La directora Roxana Fabius encabez\u00f3 la conferencia, acompa\u00f1ada por la directora nacional de Cultura, Mar\u00eda Eugenia Vidal, y por Mart\u00edn Craciun, director del Instituto Nacional de Artes Visuales de la Direcci\u00f3n Nacional de Cultura del MEC.","robots":{"index":"index","follow":"follow","max-snippet":"max-snippet:-1","max-image-preview":"max-image-preview:large","max-video-preview":"max-video-preview:-1"},"canonical":"https:\/\/cooltivarte.com\/portal\/desayuno-en-mnav\/","og_locale":"es_ES","og_type":"article","og_title":"El MNAV acelera su transformaci\u00f3n con una impronta m\u00e1s abierta, m\u00e1s conectado y m\u00e1s vivo por Daniel Benoit Cassou","og_description":"La directora Roxana Fabius encabez\u00f3 la conferencia, acompa\u00f1ada por la directora nacional de Cultura, Mar\u00eda Eugenia Vidal, y por Mart\u00edn Craciun, director del Instituto Nacional de Artes Visuales de la Direcci\u00f3n Nacional de Cultura del MEC.","og_url":"https:\/\/cooltivarte.com\/portal\/desayuno-en-mnav\/","og_site_name":"Cooltivarte Portal","article_publisher":"https:\/\/www.facebook.com\/cooltivartecom\/","article_author":"https:\/\/www.facebook.com\/daniel.benoit.3557?fref=ts","article_published_time":"2026-04-30T00:16:14+00:00","og_image":[{"width":1600,"height":2133,"url":"https:\/\/cooltivarte.com\/portal\/wp-content\/uploads\/2026\/04\/Desayuno-en-MNAV.webp","type":"image\/webp"}],"author":"Daniel Benoit Cassou","twitter_card":"summary_large_image","twitter_title":"El MNAV acelera su transformaci\u00f3n con una impronta m\u00e1s abierta, m\u00e1s conectado y m\u00e1s vivo por Daniel Benoit Cassou","twitter_description":"La directora Roxana Fabius encabez\u00f3 la conferencia, acompa\u00f1ada por la directora nacional de Cultura, Mar\u00eda Eugenia Vidal, y por Mart\u00edn Craciun, director del Instituto Nacional de Artes Visuales de la Direcci\u00f3n Nacional de Cultura del MEC.","twitter_image":"https:\/\/cooltivarte.com\/portal\/wp-content\/uploads\/2026\/04\/Desayuno-en-MNAV.webp","twitter_creator":"@https:\/\/x.com\/obolocultural","twitter_site":"@obolocultural","twitter_misc":{"Escrito por":"Daniel Benoit Cassou","Tiempo de lectura":"3 minutos"},"schema":{"@context":"https:\/\/schema.org","@graph":[{"@type":"NewsArticle","@id":"https:\/\/cooltivarte.com\/portal\/desayuno-en-mnav\/#article","isPartOf":{"@id":"https:\/\/cooltivarte.com\/portal\/desayuno-en-mnav\/"},"author":{"name":"Daniel Benoit Cassou","@id":"https:\/\/cooltivarte.com\/portal\/#\/schema\/person\/175e2af38af164206375abd19e491b3f"},"headline":"Desayuno en MNAV","datePublished":"2026-04-30T00:16:14+00:00","mainEntityOfPage":{"@id":"https:\/\/cooltivarte.com\/portal\/desayuno-en-mnav\/"},"wordCount":630,"publisher":{"@id":"https:\/\/cooltivarte.com\/portal\/#organization"},"image":{"@id":"https:\/\/cooltivarte.com\/portal\/desayuno-en-mnav\/#primaryimage"},"thumbnailUrl":"https:\/\/cooltivarte.com\/portal\/wp-content\/uploads\/2026\/04\/Desayuno-en-MNAV.webp","keywords":["Mar\u00eda Eugenia Vidal","Mart\u00edn Craciun","mnav","Museo Nacional de Artes Visuales","Roxana Fabius"],"articleSection":["Arte"],"inLanguage":"es-AR"},{"@type":"WebPage","@id":"https:\/\/cooltivarte.com\/portal\/desayuno-en-mnav\/","url":"https:\/\/cooltivarte.com\/portal\/desayuno-en-mnav\/","name":"Desayuno en MNAV - Cooltivarte Portal","isPartOf":{"@id":"https:\/\/cooltivarte.com\/portal\/#website"},"primaryImageOfPage":{"@id":"https:\/\/cooltivarte.com\/portal\/desayuno-en-mnav\/#primaryimage"},"image":{"@id":"https:\/\/cooltivarte.com\/portal\/desayuno-en-mnav\/#primaryimage"},"thumbnailUrl":"https:\/\/cooltivarte.com\/portal\/wp-content\/uploads\/2026\/04\/Desayuno-en-MNAV.webp","datePublished":"2026-04-30T00:16:14+00:00","description":"La directora Roxana Fabius encabez\u00f3 la conferencia, acompa\u00f1ada por la directora nacional de Cultura, Mar\u00eda Eugenia Vidal, y por Mart\u00edn Craciun, director del Instituto Nacional de Artes Visuales de la Direcci\u00f3n Nacional de Cultura del MEC.","breadcrumb":{"@id":"https:\/\/cooltivarte.com\/portal\/desayuno-en-mnav\/#breadcrumb"},"inLanguage":"es-AR","potentialAction":[{"@type":"ReadAction","target":["https:\/\/cooltivarte.com\/portal\/desayuno-en-mnav\/"]}]},{"@type":"ImageObject","inLanguage":"es-AR","@id":"https:\/\/cooltivarte.com\/portal\/desayuno-en-mnav\/#primaryimage","url":"https:\/\/cooltivarte.com\/portal\/wp-content\/uploads\/2026\/04\/Desayuno-en-MNAV.webp","contentUrl":"https:\/\/cooltivarte.com\/portal\/wp-content\/uploads\/2026\/04\/Desayuno-en-MNAV.webp","width":1600,"height":2133,"caption":"El MNAV acelera su transformaci\u00f3n con una impronta m\u00e1s abierta, m\u00e1s conectado y m\u00e1s vivo por Daniel Benoit Cassou"},{"@type":"BreadcrumbList","@id":"https:\/\/cooltivarte.com\/portal\/desayuno-en-mnav\/#breadcrumb","itemListElement":[{"@type":"ListItem","position":1,"name":"Portada","item":"https:\/\/cooltivarte.com\/portal\/"},{"@type":"ListItem","position":2,"name":"Desayuno en MNAV"}]},{"@type":"WebSite","@id":"https:\/\/cooltivarte.com\/portal\/#website","url":"https:\/\/cooltivarte.com\/portal\/","name":"Cooltivarte Portal","description":"Arte, cultura y turismo para el mundo ...","publisher":{"@id":"https:\/\/cooltivarte.com\/portal\/#organization"},"potentialAction":[{"@type":"SearchAction","target":{"@type":"EntryPoint","urlTemplate":"https:\/\/cooltivarte.com\/portal\/?s={search_term_string}"},"query-input":{"@type":"PropertyValueSpecification","valueRequired":true,"valueName":"search_term_string"}}],"inLanguage":"es-AR"},{"@type":"Organization","@id":"https:\/\/cooltivarte.com\/portal\/#organization","name":"cooltivarte","url":"https:\/\/cooltivarte.com\/portal\/","logo":{"@type":"ImageObject","inLanguage":"es-AR","@id":"https:\/\/cooltivarte.com\/portal\/#\/schema\/logo\/image\/","url":"https:\/\/cooltivarte.com\/portal\/wp-content\/uploads\/2020\/04\/logo-cooltivarte-v2.png","contentUrl":"https:\/\/cooltivarte.com\/portal\/wp-content\/uploads\/2020\/04\/logo-cooltivarte-v2.png","width":851,"height":243,"caption":"cooltivarte"},"image":{"@id":"https:\/\/cooltivarte.com\/portal\/#\/schema\/logo\/image\/"},"sameAs":["https:\/\/www.facebook.com\/cooltivartecom\/","https:\/\/x.com\/obolocultural","https:\/\/www.instagram.com\/_cooltivarte_\/","https:\/\/www.linkedin.com\/company\/-bolocultural?reportsuccess=8zaNG1HwhPbAR9iQhZ5rfGeqz_vQFftHun0ZWU0Wy9vNemRJ8vtcKdJvzQfW8XagyOJSKg0XvfJ1dp","https:\/\/www.pinterest.com\/cooltivarte\/","https:\/\/cooltivarte.tumblr.com\/","https:\/\/www.tiktok.com\/@cooltivarte","https:\/\/www.youtube.com\/@PrensaCooltivarte"]},{"@type":"Person","@id":"https:\/\/cooltivarte.com\/portal\/#\/schema\/person\/175e2af38af164206375abd19e491b3f","name":"Daniel Benoit Cassou","image":{"@type":"ImageObject","inLanguage":"es-AR","@id":"https:\/\/cooltivarte.com\/portal\/wp-content\/uploads\/2022\/11\/daniel-benoit-120x120.jpg","url":"https:\/\/cooltivarte.com\/portal\/wp-content\/uploads\/2022\/11\/daniel-benoit-120x120.jpg","contentUrl":"https:\/\/cooltivarte.com\/portal\/wp-content\/uploads\/2022\/11\/daniel-benoit-120x120.jpg","caption":"Daniel Benoit Cassou"},"description":"Daniel Benoit - (Uruguay, 1961), es contador p\u00fablico de profesi\u00f3n. Hizo su formaci\u00f3n art\u00edstica en los talleres de Hugo Longa, Clever Lara y Lacy Duarte; escultura con Jos\u00e9 Pelayo y fotograf\u00eda con Enrique Abal, Oscar Bonilla y Roberto Schettini. Realiz\u00f3 cursos de formaci\u00f3n te\u00f3rica con Nelson Di Maggio, Alfredo Torres, Nelson Bali\u00f1o y Emma Sanguinetti, entre otros. Ha participado en muestras de fotografias, colectivas asi como individuales: 2007 \u2013 Facultad de Ciencias Econ\u00f3micas; Centro Cultural Lapido; Club de Golf; Fotogramas - Montevideo 2009 \u2013 Galer\u00eda de arte La Pasionaria \u2013 Club de Golf - Montevideo 2010 \u2013 A la Follie; Trattoria La Commedia; Club de Golf \u2013 Montevideo 2011 \u2013 Museo del Azulejo; Fotograma; Club de Golf \u2013 Montevideo; Bienal X \u2013 Salto 2012 \u2013 Espacio Innova \u2013 Punta del Este Es asiduo asistente a las principales bienales de arte: Venecia, Lyon, San Pablo, Cuba, Porto Alegre, Lima, as\u00ed como ferias de Basilea, Paris, Buenos Aires, entre otras. Es coleccionista de arte nacional, asesor de arte contempor\u00e1neo, escribe en sus blogs y es columnista de la revista de arte nacional \u201cCooltivarte\u201d desde el 2012, asi como de la revista \u201cArte\u201d del periodico \u201cEl Pais\u201d. Blog","sameAs":["https:\/\/danielbenoit.art\/","https:\/\/www.facebook.com\/daniel.benoit.3557?fref=ts","https:\/\/www.instagram.com\/danielbenoitcassou\/","https:\/\/www.linkedin.com\/in\/daniel-benoit-87890a39\/","https:\/\/www.pinterest.com\/cooltivarte","https:\/\/x.com\/https:\/\/x.com\/obolocultural","https:\/\/www.youtube.com\/@PrensaCooltivarte","https:\/\/www.tumblr.com\/blog\/cooltivarte"],"url":"https:\/\/cooltivarte.com\/portal\/author\/benoit\/"}]}},"_links":{"self":[{"href":"https:\/\/cooltivarte.com\/portal\/wp-json\/wp\/v2\/posts\/127117","targetHints":{"allow":["GET"]}}],"collection":[{"href":"https:\/\/cooltivarte.com\/portal\/wp-json\/wp\/v2\/posts"}],"about":[{"href":"https:\/\/cooltivarte.com\/portal\/wp-json\/wp\/v2\/types\/post"}],"author":[{"embeddable":true,"href":"https:\/\/cooltivarte.com\/portal\/wp-json\/wp\/v2\/users\/14"}],"replies":[{"embeddable":true,"href":"https:\/\/cooltivarte.com\/portal\/wp-json\/wp\/v2\/comments?post=127117"}],"version-history":[{"count":1,"href":"https:\/\/cooltivarte.com\/portal\/wp-json\/wp\/v2\/posts\/127117\/revisions"}],"predecessor-version":[{"id":127120,"href":"https:\/\/cooltivarte.com\/portal\/wp-json\/wp\/v2\/posts\/127117\/revisions\/127120"}],"wp:featuredmedia":[{"embeddable":true,"href":"https:\/\/cooltivarte.com\/portal\/wp-json\/wp\/v2\/media\/127118"}],"wp:attachment":[{"href":"https:\/\/cooltivarte.com\/portal\/wp-json\/wp\/v2\/media?parent=127117"}],"wp:term":[{"taxonomy":"category","embeddable":true,"href":"https:\/\/cooltivarte.com\/portal\/wp-json\/wp\/v2\/categories?post=127117"},{"taxonomy":"post_tag","embeddable":true,"href":"https:\/\/cooltivarte.com\/portal\/wp-json\/wp\/v2\/tags?post=127117"}],"curies":[{"name":"wp","href":"https:\/\/api.w.org\/{rel}","templated":true}]}}