{"id":127099,"date":"2026-04-24T19:28:39","date_gmt":"2026-04-24T22:28:39","guid":{"rendered":"https:\/\/cooltivarte.com\/portal\/?p=127099"},"modified":"2026-04-29T19:33:32","modified_gmt":"2026-04-29T22:33:32","slug":"magali-milkis-el-borde-del-lenguaje","status":"publish","type":"post","link":"https:\/\/cooltivarte.com\/portal\/magali-milkis-el-borde-del-lenguaje\/","title":{"rendered":"Magal\u00ed Milkis &#8211; El Borde del Lenguaje"},"content":{"rendered":"<figure id=\"attachment_127100\" aria-describedby=\"caption-attachment-127100\" style=\"width: 768px\" class=\"wp-caption aligncenter\"><img fetchpriority=\"high\" decoding=\"async\" class=\"wp-image-127100 size-large\" title=\"Magal\u00ed Milkis - El Borde del Lenguaje - sala de exposiciones de la Alianza Francesa por Daniel Benoit Cassou\" src=\"https:\/\/cooltivarte.com\/portal\/wp-content\/uploads\/2026\/04\/Magali-Milkis-768x1024.webp\" alt=\"Magal\u00ed Milkis - El Borde del Lenguaje - sala de exposiciones de la Alianza Francesa por Daniel Benoit Cassou\" width=\"768\" height=\"1024\" srcset=\"https:\/\/cooltivarte.com\/portal\/wp-content\/uploads\/2026\/04\/Magali-Milkis-768x1024.webp 768w, https:\/\/cooltivarte.com\/portal\/wp-content\/uploads\/2026\/04\/Magali-Milkis-225x300.webp 225w, https:\/\/cooltivarte.com\/portal\/wp-content\/uploads\/2026\/04\/Magali-Milkis-1152x1536.webp 1152w, https:\/\/cooltivarte.com\/portal\/wp-content\/uploads\/2026\/04\/Magali-Milkis-1536x2048.webp 1536w, https:\/\/cooltivarte.com\/portal\/wp-content\/uploads\/2026\/04\/Magali-Milkis.webp 1600w\" sizes=\"(max-width: 768px) 100vw, 768px\" \/><figcaption id=\"caption-attachment-127100\" class=\"wp-caption-text\">Magal\u00ed Milkis &#8211; Daniel Benoit Cassou<\/figcaption><\/figure>\n<p>&nbsp;<\/p>\n<p>&nbsp;<\/p>\n<div class=\"wp-block-group has-global-padding is-layout-constrained wp-block-group-is-layout-constrained\">\n<h3 class=\"wp-block-post-title\"><strong>Magal\u00ed Milkis<\/strong><\/h3>\n<\/div>\n<div class=\"entry-content wp-block-post-content has-global-padding is-layout-constrained wp-block-post-content-is-layout-constrained\">\n<p><strong>Montevideo, Uruguay.<\/strong><\/p>\n<p>Anoche se inaugur\u00f3 la muestra \u201c<strong><em>El Borde del Lenguaje<\/em><\/strong>\u201d de <a href=\"https:\/\/cooltivarte.com\/portal\/?s=Magal%C3%AD+Milkis\" target=\"_blank\" rel=\"noopener\"><strong>Magal\u00ed Milkis<\/strong><\/a> en la sala de exposiciones de la <a href=\"https:\/\/www.alianzafrancesa.edu.uy\/\" target=\"_blank\" rel=\"noopener\"><strong>Alianza Francesa<\/strong><\/a>.<\/p>\n<p>Nacida en Buenos Aires en 1979 y radicada desde hace algunos a\u00f1os en La Barra de Maldonado, Milkis presenta un cuerpo de obra atravesado por una insistencia: la b\u00fasqueda.<\/p>\n<p>No es una b\u00fasqueda elegante ni resuelta. Es, m\u00e1s bien, una deriva.<\/p>\n<p><strong>Del registro \u00edntimo a la pintura<\/strong><\/p>\n<p>El punto de partida no est\u00e1 en el lienzo. Est\u00e1 en peque\u00f1as hojas de papel. Apuntes, diagramas, palabras sueltas, signos que rozan lo ilegible. Funcionan como un diario \u00edntimo donde la artista no narra, sino que duda lo que es tambi\u00e9n valedero.<\/p>\n<p>Ah\u00ed aparece algo clave que la curadur\u00eda de Elisa Valerio acierta en se\u00f1alar que es el problema de la traducci\u00f3n.<\/p>\n<p>No hay traslado limpio entre esos papeles y las telas. Hay p\u00e9rdida. Hay ruido. Y justamente en ese margen \u2014en ese borde donde el lenguaje falla\u2014 es donde la obra empieza a existir.<\/p>\n<p><strong>El sistema, entre la grilla y el desborde<\/strong><\/p>\n<p>La pr\u00e1ctica de Milkis tiene algo de sistema que nunca termina de cerrarse. Parte de estructuras casi mec\u00e1nicas \u2014l\u00edneas, ret\u00edculas\u2014 que r\u00e1pidamente se aflojan.<\/p>\n<p>Lo que emerge no es orden, sino una tensi\u00f3n entre control y deriva.<\/p>\n<p>La curadur\u00eda habla de un comportamiento rizom\u00e1tico. Es pertinente puesto que no hay jerarqu\u00edas claras, no hay centro. Las formas se expanden, se repiten, se contaminan entre s\u00ed.<\/p>\n<p>Pero esa expansi\u00f3n no siempre logra sostener intensidad. A veces queda en el gesto.<\/p>\n<p><strong>El c\u00edrculo: insistencia y l\u00edmite<\/strong><\/p>\n<p>Hay una forma que vuelve una y otra vez: el c\u00edrculo.<\/p>\n<p>Funciona como contenedor, encierra, protege y delimita.<br \/>\nPuede leerse como \u00fatero, huevo, refugio. Pero tambi\u00e9n como l\u00edmite entre un adentro y un afuera que nunca terminan de estabilizarse.<\/p>\n<p>En las telas, esas circunferencias organizan el pensamiento. Son intentos de estructura frente a un fondo m\u00e1s org\u00e1nico, m\u00e1s inestable, donde la pintura se vuelve materia, casi magma.<\/p>\n<p>Ah\u00ed aparece uno de los aciertos que es la convivencia entre una l\u00ednea precisa y una pincelada m\u00e1s visceral.<\/p>\n<p>Los t\u00edtulos son una apertura en la densidad<\/p>\n<p>Si la pintura muchas veces se repliega sobre s\u00ed misma, los t\u00edtulos hacen lo contrario, abren.<\/p>\n<p>Milkis viene trabajando desde hace algunos a\u00f1os una serie de acr\u00edlicos que ahora decide reunir. En ellos, los t\u00edtulos no son un complemento, por el contrario son una fisura de sentido, una entrada posible.<\/p>\n<p>\u00bfDe qu\u00e9 color es el infinito espacial?<br \/>\nEl primer d\u00eda de cada una de mis vidas<br \/>\nA la sombra de la higuera\u2026<br \/>\nEleg\u00eda de un recuerdo imposible<br \/>\nAntes<br \/>\nRecuerdos de sigilos<br \/>\nEl primer d\u00eda del primer mes<\/p>\n<p>En un conjunto dominado por matices densos y oscuros, estos t\u00edtulos introducen una luz inesperada. No aclaran la obra \u2014no la explican\u2014, pero la tensan hacia otro lugar que es el de la evocaci\u00f3n, el tiempo, la memoria y cierta pulsi\u00f3n po\u00e9tica que la pintura, por momentos, no alcanza a sostener sola.<\/p>\n<p>Ah\u00ed hay un desplazamiento interesante donde el lenguaje verbal aparece donde el visual se vuelve opaco.<\/p>\n<p><strong>Entre lo dom\u00e9stico y lo simb\u00f3lico<\/strong><\/p>\n<p>Los elementos que habitan esos c\u00edrculos provienen de lo cotidiano. Restos diurnos. Fragmentos de experiencia.<\/p>\n<p>La curadur\u00eda los nombra como \u201crecuerdos a trav\u00e9s de la pintura\u201d. Es una buena lectura, aunque en obra todav\u00eda no siempre logran densidad simb\u00f3lica suficiente pues muchas veces permanecen en el umbral entre signo personal y c\u00f3digo cerrado.<\/p>\n<p>Ese es el riesgo del lenguaje \u00edntimo ya que si no se abre, queda encapsulado en s\u00ed mismo<\/p>\n<p><strong>Escala y decisi\u00f3n<\/strong><\/p>\n<p>En esta exposici\u00f3n hay un corrimiento importante que es la escala.<\/p>\n<p>Milkis se anima a ocupar superficies mayores. La sala respira mejor y la obra tambi\u00e9n. Pero el cambio de formato todav\u00eda est\u00e1 en proceso de asimilaci\u00f3n. No todas las piezas sostienen esa expansi\u00f3n con la misma fuerza.<\/p>\n<p>Hay momentos donde la pintura acompa\u00f1a. Y otros donde simplemente se agranda.<\/p>\n<p><strong>Una obra en tr\u00e1nsito<\/strong><\/p>\n<p>Hay algo claro: en Milkis no hay resoluci\u00f3n. Y eso no es un problema en s\u00ed mismo.<\/p>\n<p>Su trabajo se mueve como en un mar todav\u00eda agitado. No encuentra calma, pero avanza. Se sacude, se reorganiza, insiste.<\/p>\n<p>Ah\u00ed est\u00e1 su valor hoy, en la persistencia, no en la llegada<\/p>\n<p>Esta muestra no presenta una obra cerrada ni consolidada. Presenta un proceso.<\/p>\n<p>Y eso exige una lectura honesta donde lo que aparece es una artista que est\u00e1 construyendo un lenguaje propio, todav\u00eda inestable, todav\u00eda en fricci\u00f3n consigo misma.<\/p>\n<p>El tiempo \u2014y sobre todo la capacidad de profundizar en esa tensi\u00f3n entre sistema y desborde\u2014 dir\u00e1 si ese lenguaje se vuelve necesario o se diluye en su propio c\u00f3digo.<\/p>\n<p>Por ahora, Milkis invita a entrar en ese borde.<\/p>\n<p>Y no es un lugar c\u00f3modo. Pero es, al menos, un lugar real.<\/p>\n<\/div>\n<p>&nbsp;<\/p>\n<div style=\"width: 640px;\" class=\"wp-video\"><!--[if lt IE 9]><script>document.createElement('video');<\/script><![endif]-->\n<video class=\"wp-video-shortcode\" id=\"video-127099-1\" width=\"640\" height=\"360\" preload=\"metadata\" controls=\"controls\"><source type=\"video\/mp4\" src=\"https:\/\/danielbenoit.art\/wp-content\/uploads\/2026\/04\/348660e426b355a663733a439227a746.mp4?_=1\" \/><a href=\"https:\/\/danielbenoit.art\/wp-content\/uploads\/2026\/04\/348660e426b355a663733a439227a746.mp4\">https:\/\/danielbenoit.art\/wp-content\/uploads\/2026\/04\/348660e426b355a663733a439227a746.mp4<\/a><\/video><\/div>\n<p>&nbsp;<\/p>\n<p>&nbsp;<\/p>\n<p>&nbsp;<\/p>\n","protected":false},"excerpt":{"rendered":"<p>Magal\u00ed Milkis<\/p>\n<p>Montevideo, Uruguay.<\/p>\n<p>Anoche se inaugur\u00f3 la muestra \u201cEl Borde del Lenguaje\u201d de Magal\u00ed Milkis en la sala de exposiciones de la Alianza Francesa.<\/p>\n<p>Nacida en Buenos Aires en 1979 y radicada desde hace algunos a\u00f1os en La Barra de Maldonado, Milkis presenta un cuerpo de obra atravesado por una insistencia: la b\u00fasqueda.<\/p>\n<p>No es una b\u00fasqueda elegante ni resuelta. Es, m\u00e1s bien, una deriva.<\/p>\n<p>Del registro \u00edntimo a la pintura<\/p>\n<p>El punto de partida no est\u00e1 en el lienzo. Est\u00e1 en peque\u00f1as hojas de papel. Apuntes, diagramas, palabras sueltas, signos que rozan lo ilegible. Funcionan como un diario \u00edntimo donde la artista no narra, sino que duda lo que es tambi\u00e9n valedero.<\/p>\n<p>Ah\u00ed aparece algo clave que la curadur\u00eda de Elisa Valerio acierta en se\u00f1alar que es el problema de la traducci\u00f3n.<\/p>\n<p>No hay traslado limpio entre esos papeles y las telas. Hay p\u00e9rdida. Hay ruido. Y justamente en ese margen \u2014en ese borde donde el lenguaje falla\u2014 es donde la obra empieza a existir.<\/p>\n<p>El sistema, entre la grilla y el desborde<\/p>\n<p>La pr\u00e1ctica de Milkis tiene algo de sistema que nunca termina de cerrarse. Parte de estructuras casi mec\u00e1nicas \u2014l\u00edneas, ret\u00edculas\u2014 que r\u00e1pidamente se aflojan.<\/p>\n<p>Lo que emerge no es orden, sino una tensi\u00f3n entre control y deriva.<\/p>\n<p>La curadur\u00eda habla de un comportamiento rizom\u00e1tico. Es pertinente puesto que no hay jerarqu\u00edas claras, no hay centro. Las formas se expanden, se repiten, se contaminan entre s\u00ed.<\/p>\n<p>Pero esa expansi\u00f3n no siempre logra sostener intensidad. A veces queda en el gesto.<\/p>\n","protected":false},"author":14,"featured_media":127100,"comment_status":"closed","ping_status":"closed","sticky":false,"template":"","format":"standard","meta":{"om_disable_all_campaigns":false,"ngg_post_thumbnail":0,"jnews-multi-image_gallery":[],"jnews_single_post":{"format":"standard","override":[{"template":"4","parallax":"1","layout":"right-sidebar","sidebar":"default-sidebar","second_sidebar":"default-sidebar","sticky_sidebar":"1","share_position":"bottom","share_float_style":"share-monocrhome","show_share_counter":"1","show_view_counter":"1","show_featured":"1","show_post_meta":"1","show_post_author":"1","show_post_author_image":"1","show_post_date":"1","post_date_format":"default","post_date_format_custom":"Y\/m\/d","show_post_category":"1","post_reading_time_wpm":"300","post_calculate_word_method":"str_word_count","zoom_button_out_step":"2","zoom_button_in_step":"3","show_post_tag":"1","show_prev_next_post":"1","show_popup_post":"1","show_comment_section":"1","number_popup_post":"1","show_author_box":"1","show_post_related":"0","show_inline_post_related":"0"}],"image_override":[{"single_post_thumbnail_size":"no-crop","single_post_gallery_size":"crop-500"}],"trending_post_position":"meta","trending_post_label":"Trending","sponsored_post_label":"Sponsored by","disable_ad":"0","subtitle":"sala de exposiciones de la Alianza Francesa"},"jnews_primary_category":[],"jnews_social_meta":{"fb_title":"Magal\u00ed Milkis - El Borde del Lenguaje - sala de exposiciones de la Alianza Francesa por Daniel Benoit Cassou","twitter_title":"Magal\u00ed Milkis - El Borde del Lenguaje - sala de exposiciones de la Alianza Francesa por Daniel Benoit Cassou","twitter_image":"127100","fb_image":"127100","fb_description":"Nacida en Buenos Aires en 1979 y radicada desde hace algunos a\u00f1os en La Barra de Maldonado, Milkis presenta un cuerpo de obra atravesado por una insistencia: la b\u00fasqueda.","twitter_description":"Nacida en Buenos Aires en 1979 y radicada desde hace algunos a\u00f1os en La Barra de Maldonado, Milkis presenta un cuerpo de obra atravesado por una insistencia: la b\u00fasqueda."},"jnews_override_counter":{"view_counter_number":"0","share_counter_number":"0","like_counter_number":"0","dislike_counter_number":"0"},"footnotes":""},"categories":[52],"tags":[5360,26370,26371,472],"class_list":["post-127099","post","type-post","status-publish","format-standard","has-post-thumbnail","hentry","category-artista","tag-alianza-francesa","tag-el-borde-del-lenguaje","tag-magali-milkis","tag-sala-de-exposiciones"],"yoast_head":"<!-- This site is optimized with the Yoast SEO plugin v27.5 - https:\/\/yoast.com\/product\/yoast-seo-wordpress\/ -->\n<title>Magal\u00ed Milkis - El Borde del Lenguaje - Cooltivarte Portal<\/title>\n<meta name=\"description\" content=\"Nacida en Buenos Aires en 1979 y radicada desde hace algunos a\u00f1os en La Barra de Maldonado, Milkis presenta un cuerpo de obra atravesado por una insistencia: la b\u00fasqueda.\" \/>\n<meta name=\"robots\" content=\"index, follow, max-snippet:-1, max-image-preview:large, max-video-preview:-1\" \/>\n<link rel=\"canonical\" href=\"https:\/\/cooltivarte.com\/portal\/magali-milkis-el-borde-del-lenguaje\/\" \/>\n<meta property=\"og:locale\" content=\"es_ES\" \/>\n<meta property=\"og:type\" content=\"article\" \/>\n<meta property=\"og:title\" content=\"Magal\u00ed Milkis - El Borde del Lenguaje - sala de exposiciones de la Alianza Francesa por Daniel Benoit Cassou\" \/>\n<meta property=\"og:description\" content=\"Nacida en Buenos Aires en 1979 y radicada desde hace algunos a\u00f1os en La Barra de Maldonado, Milkis presenta un cuerpo de obra atravesado por una insistencia: la b\u00fasqueda.\" \/>\n<meta property=\"og:url\" content=\"https:\/\/cooltivarte.com\/portal\/magali-milkis-el-borde-del-lenguaje\/\" \/>\n<meta property=\"og:site_name\" content=\"Cooltivarte Portal\" \/>\n<meta property=\"article:publisher\" content=\"https:\/\/www.facebook.com\/cooltivartecom\/\" \/>\n<meta property=\"article:author\" content=\"https:\/\/www.facebook.com\/daniel.benoit.3557?fref=ts\" \/>\n<meta property=\"article:published_time\" content=\"2026-04-24T22:28:39+00:00\" \/>\n<meta property=\"article:modified_time\" content=\"2026-04-29T22:33:32+00:00\" \/>\n<meta property=\"og:image\" content=\"https:\/\/cooltivarte.com\/portal\/wp-content\/uploads\/2026\/04\/Magali-Milkis.webp\" \/>\n\t<meta property=\"og:image:width\" content=\"1600\" \/>\n\t<meta property=\"og:image:height\" content=\"2133\" \/>\n\t<meta property=\"og:image:type\" content=\"image\/webp\" \/>\n<meta name=\"author\" content=\"Daniel Benoit Cassou\" \/>\n<meta name=\"twitter:card\" content=\"summary_large_image\" \/>\n<meta name=\"twitter:title\" content=\"Magal\u00ed Milkis - El Borde del Lenguaje - sala de exposiciones de la Alianza Francesa por Daniel Benoit Cassou\" \/>\n<meta name=\"twitter:description\" content=\"Nacida en Buenos Aires en 1979 y radicada desde hace algunos a\u00f1os en La Barra de Maldonado, Milkis presenta un cuerpo de obra atravesado por una insistencia: la b\u00fasqueda.\" \/>\n<meta name=\"twitter:image\" content=\"https:\/\/cooltivarte.com\/portal\/wp-content\/uploads\/2026\/04\/Magali-Milkis.webp\" \/>\n<meta name=\"twitter:creator\" content=\"@https:\/\/x.com\/obolocultural\" \/>\n<meta name=\"twitter:site\" content=\"@obolocultural\" \/>\n<meta name=\"twitter:label1\" content=\"Escrito por\" \/>\n\t<meta name=\"twitter:data1\" content=\"Daniel Benoit Cassou\" \/>\n\t<meta name=\"twitter:label2\" content=\"Tiempo de lectura\" \/>\n\t<meta name=\"twitter:data2\" content=\"5 minutos\" \/>\n<!-- \/ Yoast SEO plugin. -->","yoast_head_json":{"title":"Magal\u00ed Milkis - El Borde del Lenguaje - Cooltivarte Portal","description":"Nacida en Buenos Aires en 1979 y radicada desde hace algunos a\u00f1os en La Barra de Maldonado, Milkis presenta un cuerpo de obra atravesado por una insistencia: la b\u00fasqueda.","robots":{"index":"index","follow":"follow","max-snippet":"max-snippet:-1","max-image-preview":"max-image-preview:large","max-video-preview":"max-video-preview:-1"},"canonical":"https:\/\/cooltivarte.com\/portal\/magali-milkis-el-borde-del-lenguaje\/","og_locale":"es_ES","og_type":"article","og_title":"Magal\u00ed Milkis - El Borde del Lenguaje - sala de exposiciones de la Alianza Francesa por Daniel Benoit Cassou","og_description":"Nacida en Buenos Aires en 1979 y radicada desde hace algunos a\u00f1os en La Barra de Maldonado, Milkis presenta un cuerpo de obra atravesado por una insistencia: la b\u00fasqueda.","og_url":"https:\/\/cooltivarte.com\/portal\/magali-milkis-el-borde-del-lenguaje\/","og_site_name":"Cooltivarte Portal","article_publisher":"https:\/\/www.facebook.com\/cooltivartecom\/","article_author":"https:\/\/www.facebook.com\/daniel.benoit.3557?fref=ts","article_published_time":"2026-04-24T22:28:39+00:00","article_modified_time":"2026-04-29T22:33:32+00:00","og_image":[{"width":1600,"height":2133,"url":"https:\/\/cooltivarte.com\/portal\/wp-content\/uploads\/2026\/04\/Magali-Milkis.webp","type":"image\/webp"}],"author":"Daniel Benoit Cassou","twitter_card":"summary_large_image","twitter_title":"Magal\u00ed Milkis - El Borde del Lenguaje - sala de exposiciones de la Alianza Francesa por Daniel Benoit Cassou","twitter_description":"Nacida en Buenos Aires en 1979 y radicada desde hace algunos a\u00f1os en La Barra de Maldonado, Milkis presenta un cuerpo de obra atravesado por una insistencia: la b\u00fasqueda.","twitter_image":"https:\/\/cooltivarte.com\/portal\/wp-content\/uploads\/2026\/04\/Magali-Milkis.webp","twitter_creator":"@https:\/\/x.com\/obolocultural","twitter_site":"@obolocultural","twitter_misc":{"Escrito por":"Daniel Benoit Cassou","Tiempo de lectura":"5 minutos"},"schema":{"@context":"https:\/\/schema.org","@graph":[{"@type":"NewsArticle","@id":"https:\/\/cooltivarte.com\/portal\/magali-milkis-el-borde-del-lenguaje\/#article","isPartOf":{"@id":"https:\/\/cooltivarte.com\/portal\/magali-milkis-el-borde-del-lenguaje\/"},"author":{"name":"Daniel Benoit Cassou","@id":"https:\/\/cooltivarte.com\/portal\/#\/schema\/person\/175e2af38af164206375abd19e491b3f"},"headline":"Magal\u00ed Milkis &#8211; El Borde del Lenguaje","datePublished":"2026-04-24T22:28:39+00:00","dateModified":"2026-04-29T22:33:32+00:00","mainEntityOfPage":{"@id":"https:\/\/cooltivarte.com\/portal\/magali-milkis-el-borde-del-lenguaje\/"},"wordCount":893,"publisher":{"@id":"https:\/\/cooltivarte.com\/portal\/#organization"},"image":{"@id":"https:\/\/cooltivarte.com\/portal\/magali-milkis-el-borde-del-lenguaje\/#primaryimage"},"thumbnailUrl":"https:\/\/cooltivarte.com\/portal\/wp-content\/uploads\/2026\/04\/Magali-Milkis.webp","keywords":["Alianza Francesa","El Borde del Lenguaje","Magal\u00ed Milkis","Sala de Exposiciones"],"articleSection":["Arte"],"inLanguage":"es-AR"},{"@type":"WebPage","@id":"https:\/\/cooltivarte.com\/portal\/magali-milkis-el-borde-del-lenguaje\/","url":"https:\/\/cooltivarte.com\/portal\/magali-milkis-el-borde-del-lenguaje\/","name":"Magal\u00ed Milkis - El Borde del Lenguaje - Cooltivarte Portal","isPartOf":{"@id":"https:\/\/cooltivarte.com\/portal\/#website"},"primaryImageOfPage":{"@id":"https:\/\/cooltivarte.com\/portal\/magali-milkis-el-borde-del-lenguaje\/#primaryimage"},"image":{"@id":"https:\/\/cooltivarte.com\/portal\/magali-milkis-el-borde-del-lenguaje\/#primaryimage"},"thumbnailUrl":"https:\/\/cooltivarte.com\/portal\/wp-content\/uploads\/2026\/04\/Magali-Milkis.webp","datePublished":"2026-04-24T22:28:39+00:00","dateModified":"2026-04-29T22:33:32+00:00","description":"Nacida en Buenos Aires en 1979 y radicada desde hace algunos a\u00f1os en La Barra de Maldonado, Milkis presenta un cuerpo de obra atravesado por una insistencia: la b\u00fasqueda.","breadcrumb":{"@id":"https:\/\/cooltivarte.com\/portal\/magali-milkis-el-borde-del-lenguaje\/#breadcrumb"},"inLanguage":"es-AR","potentialAction":[{"@type":"ReadAction","target":["https:\/\/cooltivarte.com\/portal\/magali-milkis-el-borde-del-lenguaje\/"]}]},{"@type":"ImageObject","inLanguage":"es-AR","@id":"https:\/\/cooltivarte.com\/portal\/magali-milkis-el-borde-del-lenguaje\/#primaryimage","url":"https:\/\/cooltivarte.com\/portal\/wp-content\/uploads\/2026\/04\/Magali-Milkis.webp","contentUrl":"https:\/\/cooltivarte.com\/portal\/wp-content\/uploads\/2026\/04\/Magali-Milkis.webp","width":1600,"height":2133,"caption":"Magal\u00ed Milkis - El Borde del Lenguaje - sala de exposiciones de la Alianza Francesa por Daniel Benoit Cassou"},{"@type":"BreadcrumbList","@id":"https:\/\/cooltivarte.com\/portal\/magali-milkis-el-borde-del-lenguaje\/#breadcrumb","itemListElement":[{"@type":"ListItem","position":1,"name":"Portada","item":"https:\/\/cooltivarte.com\/portal\/"},{"@type":"ListItem","position":2,"name":"Magal\u00ed Milkis &#8211; El Borde del Lenguaje"}]},{"@type":"WebSite","@id":"https:\/\/cooltivarte.com\/portal\/#website","url":"https:\/\/cooltivarte.com\/portal\/","name":"Cooltivarte Portal","description":"Arte, cultura y turismo para el mundo ...","publisher":{"@id":"https:\/\/cooltivarte.com\/portal\/#organization"},"potentialAction":[{"@type":"SearchAction","target":{"@type":"EntryPoint","urlTemplate":"https:\/\/cooltivarte.com\/portal\/?s={search_term_string}"},"query-input":{"@type":"PropertyValueSpecification","valueRequired":true,"valueName":"search_term_string"}}],"inLanguage":"es-AR"},{"@type":"Organization","@id":"https:\/\/cooltivarte.com\/portal\/#organization","name":"cooltivarte","url":"https:\/\/cooltivarte.com\/portal\/","logo":{"@type":"ImageObject","inLanguage":"es-AR","@id":"https:\/\/cooltivarte.com\/portal\/#\/schema\/logo\/image\/","url":"https:\/\/cooltivarte.com\/portal\/wp-content\/uploads\/2020\/04\/logo-cooltivarte-v2.png","contentUrl":"https:\/\/cooltivarte.com\/portal\/wp-content\/uploads\/2020\/04\/logo-cooltivarte-v2.png","width":851,"height":243,"caption":"cooltivarte"},"image":{"@id":"https:\/\/cooltivarte.com\/portal\/#\/schema\/logo\/image\/"},"sameAs":["https:\/\/www.facebook.com\/cooltivartecom\/","https:\/\/x.com\/obolocultural","https:\/\/www.instagram.com\/_cooltivarte_\/","https:\/\/www.linkedin.com\/company\/-bolocultural?reportsuccess=8zaNG1HwhPbAR9iQhZ5rfGeqz_vQFftHun0ZWU0Wy9vNemRJ8vtcKdJvzQfW8XagyOJSKg0XvfJ1dp","https:\/\/www.pinterest.com\/cooltivarte\/","https:\/\/cooltivarte.tumblr.com\/","https:\/\/www.tiktok.com\/@cooltivarte","https:\/\/www.youtube.com\/@PrensaCooltivarte"]},{"@type":"Person","@id":"https:\/\/cooltivarte.com\/portal\/#\/schema\/person\/175e2af38af164206375abd19e491b3f","name":"Daniel Benoit Cassou","image":{"@type":"ImageObject","inLanguage":"es-AR","@id":"https:\/\/cooltivarte.com\/portal\/wp-content\/uploads\/2022\/11\/daniel-benoit-120x120.jpg","url":"https:\/\/cooltivarte.com\/portal\/wp-content\/uploads\/2022\/11\/daniel-benoit-120x120.jpg","contentUrl":"https:\/\/cooltivarte.com\/portal\/wp-content\/uploads\/2022\/11\/daniel-benoit-120x120.jpg","caption":"Daniel Benoit Cassou"},"description":"Daniel Benoit - (Uruguay, 1961), es contador p\u00fablico de profesi\u00f3n. Hizo su formaci\u00f3n art\u00edstica en los talleres de Hugo Longa, Clever Lara y Lacy Duarte; escultura con Jos\u00e9 Pelayo y fotograf\u00eda con Enrique Abal, Oscar Bonilla y Roberto Schettini. Realiz\u00f3 cursos de formaci\u00f3n te\u00f3rica con Nelson Di Maggio, Alfredo Torres, Nelson Bali\u00f1o y Emma Sanguinetti, entre otros. Ha participado en muestras de fotografias, colectivas asi como individuales: 2007 \u2013 Facultad de Ciencias Econ\u00f3micas; Centro Cultural Lapido; Club de Golf; Fotogramas - Montevideo 2009 \u2013 Galer\u00eda de arte La Pasionaria \u2013 Club de Golf - Montevideo 2010 \u2013 A la Follie; Trattoria La Commedia; Club de Golf \u2013 Montevideo 2011 \u2013 Museo del Azulejo; Fotograma; Club de Golf \u2013 Montevideo; Bienal X \u2013 Salto 2012 \u2013 Espacio Innova \u2013 Punta del Este Es asiduo asistente a las principales bienales de arte: Venecia, Lyon, San Pablo, Cuba, Porto Alegre, Lima, as\u00ed como ferias de Basilea, Paris, Buenos Aires, entre otras. Es coleccionista de arte nacional, asesor de arte contempor\u00e1neo, escribe en sus blogs y es columnista de la revista de arte nacional \u201cCooltivarte\u201d desde el 2012, asi como de la revista \u201cArte\u201d del periodico \u201cEl Pais\u201d. Blog","sameAs":["https:\/\/danielbenoit.art\/","https:\/\/www.facebook.com\/daniel.benoit.3557?fref=ts","https:\/\/www.instagram.com\/danielbenoitcassou\/","https:\/\/www.linkedin.com\/in\/daniel-benoit-87890a39\/","https:\/\/www.pinterest.com\/cooltivarte","https:\/\/x.com\/https:\/\/x.com\/obolocultural","https:\/\/www.youtube.com\/@PrensaCooltivarte","https:\/\/www.tumblr.com\/blog\/cooltivarte"],"url":"https:\/\/cooltivarte.com\/portal\/author\/benoit\/"}]}},"_links":{"self":[{"href":"https:\/\/cooltivarte.com\/portal\/wp-json\/wp\/v2\/posts\/127099","targetHints":{"allow":["GET"]}}],"collection":[{"href":"https:\/\/cooltivarte.com\/portal\/wp-json\/wp\/v2\/posts"}],"about":[{"href":"https:\/\/cooltivarte.com\/portal\/wp-json\/wp\/v2\/types\/post"}],"author":[{"embeddable":true,"href":"https:\/\/cooltivarte.com\/portal\/wp-json\/wp\/v2\/users\/14"}],"replies":[{"embeddable":true,"href":"https:\/\/cooltivarte.com\/portal\/wp-json\/wp\/v2\/comments?post=127099"}],"version-history":[{"count":1,"href":"https:\/\/cooltivarte.com\/portal\/wp-json\/wp\/v2\/posts\/127099\/revisions"}],"predecessor-version":[{"id":127101,"href":"https:\/\/cooltivarte.com\/portal\/wp-json\/wp\/v2\/posts\/127099\/revisions\/127101"}],"wp:featuredmedia":[{"embeddable":true,"href":"https:\/\/cooltivarte.com\/portal\/wp-json\/wp\/v2\/media\/127100"}],"wp:attachment":[{"href":"https:\/\/cooltivarte.com\/portal\/wp-json\/wp\/v2\/media?parent=127099"}],"wp:term":[{"taxonomy":"category","embeddable":true,"href":"https:\/\/cooltivarte.com\/portal\/wp-json\/wp\/v2\/categories?post=127099"},{"taxonomy":"post_tag","embeddable":true,"href":"https:\/\/cooltivarte.com\/portal\/wp-json\/wp\/v2\/tags?post=127099"}],"curies":[{"name":"wp","href":"https:\/\/api.w.org\/{rel}","templated":true}]}}