{"id":127092,"date":"2026-04-29T14:44:09","date_gmt":"2026-04-29T17:44:09","guid":{"rendered":"https:\/\/cooltivarte.com\/portal\/?p=127092"},"modified":"2026-04-29T14:44:09","modified_gmt":"2026-04-29T17:44:09","slug":"abel-pintos-tour-abel-30-anos","status":"publish","type":"post","link":"https:\/\/cooltivarte.com\/portal\/abel-pintos-tour-abel-30-anos\/","title":{"rendered":"Abel Pintos &#8211; tour \u201cAbel 30 A\u00f1os\u201d"},"content":{"rendered":"<p><img fetchpriority=\"high\" decoding=\"async\" class=\"aligncenter wp-image-127093 size-full\" title=\"Abel Pintos - tour \u201cAbel 30 A\u00f1os\u201d Auditorio Nacional Adela Reta - 1 Y 2 DE AGOSTO 2026\" src=\"https:\/\/cooltivarte.com\/portal\/wp-content\/uploads\/2026\/04\/Abel-Pintos.jpg\" alt=\"Abel Pintos - tour \u201cAbel 30 A\u00f1os\u201d Auditorio Nacional Adela Reta - 1 Y 2 DE AGOSTO 2026\" width=\"750\" height=\"945\" srcset=\"https:\/\/cooltivarte.com\/portal\/wp-content\/uploads\/2026\/04\/Abel-Pintos.jpg 750w, https:\/\/cooltivarte.com\/portal\/wp-content\/uploads\/2026\/04\/Abel-Pintos-238x300.jpg 238w\" sizes=\"(max-width: 750px) 100vw, 750px\" \/><\/p>\n<p>&nbsp;<\/p>\n<h3><strong>Abel Pintos &#8211; tour \u201cAbel 30 A\u00f1os\u201d Auditorio Nacional Adela Reta &#8211; 1 Y 2 DE AGOSTO 2026<\/strong><\/h3>\n<p><a href=\"https:\/\/tickantel.com.uy\" target=\"_blank\" rel=\"noopener\">Entradas en venta<\/a><\/p>\n<p>Entradas disponibles desde:<br \/>\n5 de mayo, 12 h: Preventa exclusiva con tarjetas de cr\u00e9dito Santander<br \/>\n7 de mayo, 12h: Venta General<\/p>\n<p>&nbsp;<\/p>\n<p><a href=\"https:\/\/cooltivarte.com\/portal\/?s=Abel+Pintos\" target=\"_blank\" rel=\"noopener\"><strong>Abel Pintos<\/strong><\/a> vuelve a Uruguay en el marco del tour \u201cAbel 30 A\u00f1os\u201d, ofreciendo un concierto hist\u00f3rico con el que el artista celebrar sus primeras tres d\u00e9cadas con la m\u00fasica.<\/p>\n<p>Los d\u00edas 1 y 2 de agosto se presentar\u00e1 en el Auditorio Nacional Adela Reta, en Montevideo. Las entradas estar\u00e1n disponibles en www.tickantel.com.uy desde el 5 de mayo a las 12 h con una preventa exclusiva con tarjetas de cr\u00e9dito Santander. Mientras que la venta general quedar\u00e1 abierta desde el 7 de mayo a las 12 h.<\/p>\n<p>El tour \u201cAbel 30 A\u00f1os\u201d dio inicio para fines de 2025 en Argentina , donde recorri\u00f3 varias provincias y ciudades, todas con localidades agotadas, destac\u00e1ndose un gran cierre de a\u00f1o ante m\u00e1s de 20 mil personas en la Ciudad de Buenos Aires.<\/p>\n<p>Con este show, en el que realiza un recorrido por grandes \u00e9xitos desde sus inicios y hasta la actualidad, Abel vuelve a una propuesta masiva, donde todo es fiesta y celebraci\u00f3n.<\/p>\n<p>\u201cAbel 30 A\u00f1os\u201d marca un nuevo hito en su carrera que quedar\u00e1 guardado para siempre en la memoria y en el coraz\u00f3n no s\u00f3lo de cada uno de sus m\u00e1s fieles seguidores, sino tambi\u00e9n del propio Abel.<\/p>\n<p>&nbsp;<\/p>\n<p>&nbsp;<\/p>\n<p>&nbsp;<\/p>\n<p>&nbsp;<\/p>\n<p>&nbsp;<\/p>\n","protected":false},"excerpt":{"rendered":"<p>Abel Pintos &#8211; tour \u201cAbel 30 A\u00f1os\u201d Auditorio Nacional Adela Reta &#8211; 1 Y 2 DE AGOSTO 2026<\/p>\n<p>Entradas en venta<\/p>\n<p>Entradas disponibles desde:<br \/>\n5 de mayo, 12 h: Preventa exclusiva con tarjetas de cr\u00e9dito Santander<br \/>\n7 de mayo, 12h: Venta General<\/p>\n<p>Abel Pintos vuelve a Uruguay en el marco del tour \u201cAbel 30 A\u00f1os\u201d, ofreciendo un concierto hist\u00f3rico con el que el artista celebrar sus primeras tres d\u00e9cadas con la m\u00fasica.<\/p>\n<p>Los d\u00edas 1 y 2 de agosto se presentar\u00e1 en el Auditorio Nacional Adela Reta, en Montevideo. Las entradas estar\u00e1n disponibles en www.tickantel.com.uy desde el 5 de mayo a las 12 h con una preventa exclusiva con tarjetas de cr\u00e9dito Santander. Mientras que la venta general quedar\u00e1 abierta desde el 7 de mayo a las 12 h.<\/p>\n<p>El tour \u201cAbel 30 A\u00f1os\u201d dio inicio para fines de 2025 en Argentina , donde recorri\u00f3 varias provincias y ciudades, todas con localidades agotadas, destac\u00e1ndose un gran cierre de a\u00f1o ante m\u00e1s de 20 mil personas en la Ciudad de Buenos Aires.<\/p>\n<p>Con este show, en el que realiza un recorrido por grandes \u00e9xitos desde sus inicios y hasta la actualidad, Abel vuelve a una propuesta masiva, donde todo es fiesta y celebraci\u00f3n.<\/p>\n<p>\u201cAbel 30 A\u00f1os\u201d marca un nuevo hito en su carrera que quedar\u00e1 guardado para siempre en la memoria y en el coraz\u00f3n no s\u00f3lo de cada uno de sus m\u00e1s fieles seguidores, sino tambi\u00e9n del propio Abel.<\/p>\n","protected":false},"author":8,"featured_media":127093,"comment_status":"closed","ping_status":"closed","sticky":false,"template":"","format":"standard","meta":{"om_disable_all_campaigns":false,"ngg_post_thumbnail":0,"jnews-multi-image_gallery":[],"jnews_single_post":{"format":"standard","override":[{"template":"4","parallax":"1","layout":"right-sidebar","sidebar":"default-sidebar","second_sidebar":"default-sidebar","sticky_sidebar":"1","share_position":"bottom","share_float_style":"share-monocrhome","show_share_counter":"1","show_view_counter":"1","show_featured":"1","show_post_meta":"1","show_post_author":"1","show_post_author_image":"1","show_post_date":"1","post_date_format":"default","post_date_format_custom":"Y\/m\/d","show_post_category":"1","post_reading_time_wpm":"300","post_calculate_word_method":"str_word_count","zoom_button_out_step":"2","zoom_button_in_step":"3","show_post_tag":"1","show_prev_next_post":"1","show_popup_post":"1","show_comment_section":"1","number_popup_post":"1","show_author_box":"1","show_post_related":"0","show_inline_post_related":"0"}],"image_override":[{"single_post_thumbnail_size":"no-crop","single_post_gallery_size":"crop-500"}],"trending_post_position":"meta","trending_post_label":"Trending","sponsored_post_label":"Sponsored by","disable_ad":"0","subtitle":"Auditorio Nacional Adela Reta - 1 Y 2 DE AGOSTO 2026"},"jnews_primary_category":[],"jnews_social_meta":{"fb_description":"Abel Pintos vuelve a Uruguay en el marco del tour \u201cAbel 30 A\u00f1os\u201d, ofreciendo un concierto hist\u00f3rico con el que el artista celebrar sus primeras tres d\u00e9cadas con la m\u00fasica.","twitter_description":"Abel Pintos vuelve a Uruguay en el marco del tour \u201cAbel 30 A\u00f1os\u201d, ofreciendo un concierto hist\u00f3rico con el que el artista celebrar sus primeras tres d\u00e9cadas con la m\u00fasica.","twitter_image":"127093","fb_image":"127093","fb_title":"Abel Pintos - tour \u201cAbel 30 A\u00f1os\u201d Auditorio Nacional Adela Reta - 1 Y 2 DE AGOSTO 2026","twitter_title":"Abel Pintos - tour \u201cAbel 30 A\u00f1os\u201d Auditorio Nacional Adela Reta - 1 Y 2 DE AGOSTO 2026"},"jnews_override_counter":{"view_counter_number":"0","share_counter_number":"0","like_counter_number":"0","dislike_counter_number":"0"},"footnotes":""},"categories":[3394],"tags":[],"class_list":["post-127092","post","type-post","status-publish","format-standard","has-post-thumbnail","hentry","category-eventos"],"yoast_head":"<!-- This site is optimized with the Yoast SEO plugin v27.5 - https:\/\/yoast.com\/product\/yoast-seo-wordpress\/ -->\n<title>Abel Pintos - tour \u201cAbel 30 A\u00f1os\u201d - Cooltivarte Portal<\/title>\n<meta name=\"description\" content=\"Abel Pintos vuelve a Uruguay en el marco del tour \u201cAbel 30 A\u00f1os\u201d, ofreciendo un concierto hist\u00f3rico con el que el artista celebrar sus primeras tres d\u00e9cadas con la m\u00fasica.\" \/>\n<meta name=\"robots\" content=\"index, follow, max-snippet:-1, max-image-preview:large, max-video-preview:-1\" \/>\n<link rel=\"canonical\" href=\"https:\/\/cooltivarte.com\/portal\/abel-pintos-tour-abel-30-anos\/\" \/>\n<meta property=\"og:locale\" content=\"es_ES\" \/>\n<meta property=\"og:type\" content=\"article\" \/>\n<meta property=\"og:title\" content=\"Abel Pintos - tour \u201cAbel 30 A\u00f1os\u201d Auditorio Nacional Adela Reta - 1 Y 2 DE AGOSTO 2026\" \/>\n<meta property=\"og:description\" content=\"Abel Pintos vuelve a Uruguay en el marco del tour \u201cAbel 30 A\u00f1os\u201d, ofreciendo un concierto hist\u00f3rico con el que el artista celebrar sus primeras tres d\u00e9cadas con la m\u00fasica.\" \/>\n<meta property=\"og:url\" content=\"https:\/\/cooltivarte.com\/portal\/abel-pintos-tour-abel-30-anos\/\" \/>\n<meta property=\"og:site_name\" content=\"Cooltivarte Portal\" \/>\n<meta property=\"article:publisher\" content=\"https:\/\/www.facebook.com\/cooltivartecom\/\" \/>\n<meta property=\"article:author\" content=\"https:\/\/www.facebook.com\/cooltivartecom\" \/>\n<meta property=\"article:published_time\" content=\"2026-04-29T17:44:09+00:00\" \/>\n<meta property=\"og:image\" content=\"https:\/\/cooltivarte.com\/portal\/wp-content\/uploads\/2026\/04\/Abel-Pintos.jpg\" \/>\n\t<meta property=\"og:image:width\" content=\"750\" \/>\n\t<meta property=\"og:image:height\" content=\"945\" \/>\n\t<meta property=\"og:image:type\" content=\"image\/jpeg\" \/>\n<meta name=\"author\" content=\"Cooltivarte\" \/>\n<meta name=\"twitter:card\" content=\"summary_large_image\" \/>\n<meta name=\"twitter:title\" content=\"Abel Pintos - tour \u201cAbel 30 A\u00f1os\u201d Auditorio Nacional Adela Reta - 1 Y 2 DE AGOSTO 2026\" \/>\n<meta name=\"twitter:description\" content=\"Abel Pintos vuelve a Uruguay en el marco del tour \u201cAbel 30 A\u00f1os\u201d, ofreciendo un concierto hist\u00f3rico con el que el artista celebrar sus primeras tres d\u00e9cadas con la m\u00fasica.\" \/>\n<meta name=\"twitter:image\" content=\"https:\/\/cooltivarte.com\/portal\/wp-content\/uploads\/2026\/04\/Abel-Pintos.jpg\" \/>\n<meta name=\"twitter:creator\" content=\"@https:\/\/x.com\/obolocultural\" \/>\n<meta name=\"twitter:site\" content=\"@obolocultural\" \/>\n<meta name=\"twitter:label1\" content=\"Escrito por\" \/>\n\t<meta name=\"twitter:data1\" content=\"Cooltivarte\" \/>\n\t<meta name=\"twitter:label2\" content=\"Tiempo de lectura\" \/>\n\t<meta name=\"twitter:data2\" content=\"2 minutos\" \/>\n<!-- \/ Yoast SEO plugin. -->","yoast_head_json":{"title":"Abel Pintos - tour \u201cAbel 30 A\u00f1os\u201d - Cooltivarte Portal","description":"Abel Pintos vuelve a Uruguay en el marco del tour \u201cAbel 30 A\u00f1os\u201d, ofreciendo un concierto hist\u00f3rico con el que el artista celebrar sus primeras tres d\u00e9cadas con la m\u00fasica.","robots":{"index":"index","follow":"follow","max-snippet":"max-snippet:-1","max-image-preview":"max-image-preview:large","max-video-preview":"max-video-preview:-1"},"canonical":"https:\/\/cooltivarte.com\/portal\/abel-pintos-tour-abel-30-anos\/","og_locale":"es_ES","og_type":"article","og_title":"Abel Pintos - tour \u201cAbel 30 A\u00f1os\u201d Auditorio Nacional Adela Reta - 1 Y 2 DE AGOSTO 2026","og_description":"Abel Pintos vuelve a Uruguay en el marco del tour \u201cAbel 30 A\u00f1os\u201d, ofreciendo un concierto hist\u00f3rico con el que el artista celebrar sus primeras tres d\u00e9cadas con la m\u00fasica.","og_url":"https:\/\/cooltivarte.com\/portal\/abel-pintos-tour-abel-30-anos\/","og_site_name":"Cooltivarte Portal","article_publisher":"https:\/\/www.facebook.com\/cooltivartecom\/","article_author":"https:\/\/www.facebook.com\/cooltivartecom","article_published_time":"2026-04-29T17:44:09+00:00","og_image":[{"width":750,"height":945,"url":"https:\/\/cooltivarte.com\/portal\/wp-content\/uploads\/2026\/04\/Abel-Pintos.jpg","type":"image\/jpeg"}],"author":"Cooltivarte","twitter_card":"summary_large_image","twitter_title":"Abel Pintos - tour \u201cAbel 30 A\u00f1os\u201d Auditorio Nacional Adela Reta - 1 Y 2 DE AGOSTO 2026","twitter_description":"Abel Pintos vuelve a Uruguay en el marco del tour \u201cAbel 30 A\u00f1os\u201d, ofreciendo un concierto hist\u00f3rico con el que el artista celebrar sus primeras tres d\u00e9cadas con la m\u00fasica.","twitter_image":"https:\/\/cooltivarte.com\/portal\/wp-content\/uploads\/2026\/04\/Abel-Pintos.jpg","twitter_creator":"@https:\/\/x.com\/obolocultural","twitter_site":"@obolocultural","twitter_misc":{"Escrito por":"Cooltivarte","Tiempo de lectura":"2 minutos"},"schema":{"@context":"https:\/\/schema.org","@graph":[{"@type":"NewsArticle","@id":"https:\/\/cooltivarte.com\/portal\/abel-pintos-tour-abel-30-anos\/#article","isPartOf":{"@id":"https:\/\/cooltivarte.com\/portal\/abel-pintos-tour-abel-30-anos\/"},"author":{"name":"Cooltivarte","@id":"https:\/\/cooltivarte.com\/portal\/#\/schema\/person\/ec2a4f4e71b740d0c559c0ab9a157e19"},"headline":"Abel Pintos &#8211; tour \u201cAbel 30 A\u00f1os\u201d","datePublished":"2026-04-29T17:44:09+00:00","mainEntityOfPage":{"@id":"https:\/\/cooltivarte.com\/portal\/abel-pintos-tour-abel-30-anos\/"},"wordCount":256,"publisher":{"@id":"https:\/\/cooltivarte.com\/portal\/#organization"},"image":{"@id":"https:\/\/cooltivarte.com\/portal\/abel-pintos-tour-abel-30-anos\/#primaryimage"},"thumbnailUrl":"https:\/\/cooltivarte.com\/portal\/wp-content\/uploads\/2026\/04\/Abel-Pintos.jpg","articleSection":["Eventos"],"inLanguage":"es-AR"},{"@type":"WebPage","@id":"https:\/\/cooltivarte.com\/portal\/abel-pintos-tour-abel-30-anos\/","url":"https:\/\/cooltivarte.com\/portal\/abel-pintos-tour-abel-30-anos\/","name":"Abel Pintos - tour \u201cAbel 30 A\u00f1os\u201d - Cooltivarte Portal","isPartOf":{"@id":"https:\/\/cooltivarte.com\/portal\/#website"},"primaryImageOfPage":{"@id":"https:\/\/cooltivarte.com\/portal\/abel-pintos-tour-abel-30-anos\/#primaryimage"},"image":{"@id":"https:\/\/cooltivarte.com\/portal\/abel-pintos-tour-abel-30-anos\/#primaryimage"},"thumbnailUrl":"https:\/\/cooltivarte.com\/portal\/wp-content\/uploads\/2026\/04\/Abel-Pintos.jpg","datePublished":"2026-04-29T17:44:09+00:00","description":"Abel Pintos vuelve a Uruguay en el marco del tour \u201cAbel 30 A\u00f1os\u201d, ofreciendo un concierto hist\u00f3rico con el que el artista celebrar sus primeras tres d\u00e9cadas con la m\u00fasica.","breadcrumb":{"@id":"https:\/\/cooltivarte.com\/portal\/abel-pintos-tour-abel-30-anos\/#breadcrumb"},"inLanguage":"es-AR","potentialAction":[{"@type":"ReadAction","target":["https:\/\/cooltivarte.com\/portal\/abel-pintos-tour-abel-30-anos\/"]}]},{"@type":"ImageObject","inLanguage":"es-AR","@id":"https:\/\/cooltivarte.com\/portal\/abel-pintos-tour-abel-30-anos\/#primaryimage","url":"https:\/\/cooltivarte.com\/portal\/wp-content\/uploads\/2026\/04\/Abel-Pintos.jpg","contentUrl":"https:\/\/cooltivarte.com\/portal\/wp-content\/uploads\/2026\/04\/Abel-Pintos.jpg","width":750,"height":945,"caption":"Abel Pintos - tour \u201cAbel 30 A\u00f1os\u201d Auditorio Nacional Adela Reta - 1 Y 2 DE AGOSTO 2026"},{"@type":"BreadcrumbList","@id":"https:\/\/cooltivarte.com\/portal\/abel-pintos-tour-abel-30-anos\/#breadcrumb","itemListElement":[{"@type":"ListItem","position":1,"name":"Portada","item":"https:\/\/cooltivarte.com\/portal\/"},{"@type":"ListItem","position":2,"name":"Abel Pintos &#8211; tour \u201cAbel 30 A\u00f1os\u201d"}]},{"@type":"WebSite","@id":"https:\/\/cooltivarte.com\/portal\/#website","url":"https:\/\/cooltivarte.com\/portal\/","name":"Cooltivarte Portal","description":"Arte, cultura y turismo para el mundo ...","publisher":{"@id":"https:\/\/cooltivarte.com\/portal\/#organization"},"potentialAction":[{"@type":"SearchAction","target":{"@type":"EntryPoint","urlTemplate":"https:\/\/cooltivarte.com\/portal\/?s={search_term_string}"},"query-input":{"@type":"PropertyValueSpecification","valueRequired":true,"valueName":"search_term_string"}}],"inLanguage":"es-AR"},{"@type":"Organization","@id":"https:\/\/cooltivarte.com\/portal\/#organization","name":"cooltivarte","url":"https:\/\/cooltivarte.com\/portal\/","logo":{"@type":"ImageObject","inLanguage":"es-AR","@id":"https:\/\/cooltivarte.com\/portal\/#\/schema\/logo\/image\/","url":"https:\/\/cooltivarte.com\/portal\/wp-content\/uploads\/2020\/04\/logo-cooltivarte-v2.png","contentUrl":"https:\/\/cooltivarte.com\/portal\/wp-content\/uploads\/2020\/04\/logo-cooltivarte-v2.png","width":851,"height":243,"caption":"cooltivarte"},"image":{"@id":"https:\/\/cooltivarte.com\/portal\/#\/schema\/logo\/image\/"},"sameAs":["https:\/\/www.facebook.com\/cooltivartecom\/","https:\/\/x.com\/obolocultural","https:\/\/www.instagram.com\/_cooltivarte_\/","https:\/\/www.linkedin.com\/company\/-bolocultural?reportsuccess=8zaNG1HwhPbAR9iQhZ5rfGeqz_vQFftHun0ZWU0Wy9vNemRJ8vtcKdJvzQfW8XagyOJSKg0XvfJ1dp","https:\/\/www.pinterest.com\/cooltivarte\/","https:\/\/cooltivarte.tumblr.com\/","https:\/\/www.tiktok.com\/@cooltivarte","https:\/\/www.youtube.com\/@PrensaCooltivarte"]},{"@type":"Person","@id":"https:\/\/cooltivarte.com\/portal\/#\/schema\/person\/ec2a4f4e71b740d0c559c0ab9a157e19","name":"Cooltivarte","image":{"@type":"ImageObject","inLanguage":"es-AR","@id":"https:\/\/cooltivarte.com\/portal\/wp-content\/uploads\/2014\/05\/logo-cooltivarte-120x120.jpg","url":"https:\/\/cooltivarte.com\/portal\/wp-content\/uploads\/2014\/05\/logo-cooltivarte-120x120.jpg","contentUrl":"https:\/\/cooltivarte.com\/portal\/wp-content\/uploads\/2014\/05\/logo-cooltivarte-120x120.jpg","caption":"Cooltivarte"},"description":"Somos COOLTIVARTE.COM. Un portal digital dedicado a difundir el acontecer art\u00edstico y cultural del Uruguay. Estamos en la vuelta desde el a\u00f1o 2003, y como evoluci\u00f3n del bolet\u00edn Obolo Cultural, nos encontramos abocados a apoyar a los artistas nacionales brind\u00e1ndoles un espacio de difusi\u00f3n. Creemos en la idea de utilizar la potencialidad que hoy d\u00eda nos otorga la web, para que la cultura uruguaya y sus creadores dispongan de una din\u00e1mica ventana, que los ponga en contacto entre s\u00ed y con el mundo. Somos COOLTIVARTE.COM y pretendemos configurarnos como un portal din\u00e1mico, entretenido y atento a los nuevos emprendimientos, que busque siempre la interacci\u00f3n con los artistas.","sameAs":["http:\/\/www.cooltivarte.com","https:\/\/www.facebook.com\/cooltivartecom","https:\/\/www.instagram.com\/_cooltivarte_\/","https:\/\/www.linkedin.com\/company\/-bolocultural","https:\/\/www.pinterest.com\/cooltivarte\/","https:\/\/x.com\/https:\/\/x.com\/obolocultural","https:\/\/www.youtube.com\/@PrensaCooltivarte","https:\/\/www.tumblr.com\/blog\/cooltivarte"],"url":"https:\/\/cooltivarte.com\/portal\/author\/cooltivarte\/"}]}},"_links":{"self":[{"href":"https:\/\/cooltivarte.com\/portal\/wp-json\/wp\/v2\/posts\/127092","targetHints":{"allow":["GET"]}}],"collection":[{"href":"https:\/\/cooltivarte.com\/portal\/wp-json\/wp\/v2\/posts"}],"about":[{"href":"https:\/\/cooltivarte.com\/portal\/wp-json\/wp\/v2\/types\/post"}],"author":[{"embeddable":true,"href":"https:\/\/cooltivarte.com\/portal\/wp-json\/wp\/v2\/users\/8"}],"replies":[{"embeddable":true,"href":"https:\/\/cooltivarte.com\/portal\/wp-json\/wp\/v2\/comments?post=127092"}],"version-history":[{"count":1,"href":"https:\/\/cooltivarte.com\/portal\/wp-json\/wp\/v2\/posts\/127092\/revisions"}],"predecessor-version":[{"id":127094,"href":"https:\/\/cooltivarte.com\/portal\/wp-json\/wp\/v2\/posts\/127092\/revisions\/127094"}],"wp:featuredmedia":[{"embeddable":true,"href":"https:\/\/cooltivarte.com\/portal\/wp-json\/wp\/v2\/media\/127093"}],"wp:attachment":[{"href":"https:\/\/cooltivarte.com\/portal\/wp-json\/wp\/v2\/media?parent=127092"}],"wp:term":[{"taxonomy":"category","embeddable":true,"href":"https:\/\/cooltivarte.com\/portal\/wp-json\/wp\/v2\/categories?post=127092"},{"taxonomy":"post_tag","embeddable":true,"href":"https:\/\/cooltivarte.com\/portal\/wp-json\/wp\/v2\/tags?post=127092"}],"curies":[{"name":"wp","href":"https:\/\/api.w.org\/{rel}","templated":true}]}}