{"id":127054,"date":"2026-04-28T21:39:18","date_gmt":"2026-04-29T00:39:18","guid":{"rendered":"https:\/\/cooltivarte.com\/portal\/?p=127054"},"modified":"2026-04-28T21:39:18","modified_gmt":"2026-04-29T00:39:18","slug":"sandra-mihanovich-soy-lo-que-soy-40","status":"publish","type":"post","link":"https:\/\/cooltivarte.com\/portal\/sandra-mihanovich-soy-lo-que-soy-40\/","title":{"rendered":"Sandra Mihanovich &#8211; Soy lo que soy + 40"},"content":{"rendered":"<figure id=\"attachment_127055\" aria-describedby=\"caption-attachment-127055\" style=\"width: 768px\" class=\"wp-caption aligncenter\"><img fetchpriority=\"high\" decoding=\"async\" class=\"wp-image-127055 size-large\" title=\"Sandra Mihanovich - Soy lo que soy + 40 \u2013 Auditorio Adela Reta \u2013 Sodre por Mar\u00eda Jos\u00e9 Pieri\" src=\"https:\/\/cooltivarte.com\/portal\/wp-content\/uploads\/2026\/04\/Sandra-Mihanovich-768x1024.jpg\" alt=\"Sandra Mihanovich - Soy lo que soy + 40 \u2013 Auditorio Adela Reta \u2013 Sodre por Mar\u00eda Jos\u00e9 Pieri\" width=\"768\" height=\"1024\" srcset=\"https:\/\/cooltivarte.com\/portal\/wp-content\/uploads\/2026\/04\/Sandra-Mihanovich-768x1024.jpg 768w, https:\/\/cooltivarte.com\/portal\/wp-content\/uploads\/2026\/04\/Sandra-Mihanovich-225x300.jpg 225w, https:\/\/cooltivarte.com\/portal\/wp-content\/uploads\/2026\/04\/Sandra-Mihanovich-1152x1536.jpg 1152w, https:\/\/cooltivarte.com\/portal\/wp-content\/uploads\/2026\/04\/Sandra-Mihanovich-1536x2048.jpg 1536w, https:\/\/cooltivarte.com\/portal\/wp-content\/uploads\/2026\/04\/Sandra-Mihanovich-scaled.jpg 1920w\" sizes=\"(max-width: 768px) 100vw, 768px\" \/><figcaption id=\"caption-attachment-127055\" class=\"wp-caption-text\">Sandra Mihanovich &#8211; Soy lo que soy + 40 \u2013 Auditorio Adela Reta \u2013 Sodre por Mar\u00eda Jos\u00e9 Pieri<\/figcaption><\/figure>\n<p>&nbsp;<\/p>\n<h3><strong><a href=\"https:\/\/cooltivarte.com\/portal\/?s=Sandra+Mihanovich\" target=\"_blank\" rel=\"noopener\">Sandra Mihanovich<\/a> &#8211; Soy lo que soy +40 \u2013 Auditorio Adela Reta \u2013 Sodre<\/strong><\/h3>\n<p>&nbsp;<\/p>\n<p><span style=\"font-weight: 400;\">A sala llena, de un p\u00fablico mayormente adulto y femenino, se present\u00f3 puntualmente la artista argentina, para celebrar no s\u00f3lo el aniversario n\u00famero 40 de su disco <strong><a href=\"https:\/\/cooltivarte.com\/portal\/?s=Soy+lo+que+soy\" target=\"_blank\" rel=\"noopener\">Soy lo que soy<\/a><\/strong>. El programa de mano con la ic\u00f3nica tapa y el agregado del +40 nos remite autom\u00e1ticamente a aquella joven y desafiante int\u00e9rprete de principios de los anal\u00f3gicos a\u00f1os 80.<\/span><\/p>\n<p><span style=\"font-weight: 400;\">El tel\u00f3n se abre y vemos a la orquesta compuesta por ejecutantes locales, dirigida por <a href=\"https:\/\/cooltivarte.com\/portal\/?s=Leo+Sujatavich\" target=\"_blank\" rel=\"noopener\"><strong>Leo Sujatavich<\/strong><\/a> al piano, tocando una versi\u00f3n sinf\u00f3nica de Soy lo que soy, iluminados de rojo carmes\u00ed.<\/span><\/p>\n<p><span style=\"font-weight: 400;\">Luego de un instante de silencio, la banda dispuesta delante de la orquesta empieza a tocar, la gente ya empieza a aplaudir con el ritmo, y as\u00ed entra ella, con un vaporoso traje de blusa y pantal\u00f3n turquesa y un kimono floreado. Una reina recibiendo su ovaci\u00f3n.&nbsp;<\/span><\/p>\n<p><span style=\"font-weight: 400;\">\u201cQu\u00e9 hermoso es vivir de nuevo, mirando con ojos ni\u00f1os\u201d comienza a cantar, mientras se acomoda entre los monitores a piso (nada de aud\u00edfonos para ella). No termina de enunciar la \u00faltima palabra de Nacer de nuevo, y el p\u00fablico ya estalla en aplausos. Ella recibe la energ\u00eda, agradecida y sonriente, mientras finaliza la m\u00fasica entre aplausos y chiflidos de un p\u00fablico enfervorizado, y esto reci\u00e9n empieza. No la dejan ni decir buenas noches, que ya la interrumpen al grito de \u00a1Feliz cumplea\u00f1os! All\u00ed la banda, la orquesta y el p\u00fablico se unen en un improvisado \u201cqueloscumplasfeliz\u201d mientras le traen flores y un peque\u00f1o y delicado pastel, con una velita encendida que ella sopla, la gente festeja.<\/span><\/p>\n<p><span style=\"font-weight: 400;\">\u201cTodo esto es mucho m\u00e1s que un sue\u00f1o, much\u00edsimas gracias, \u00a1y encima es mi cumplea\u00f1os! El mejor regalo del mundo, la posibilidad de emocionarme con este p\u00fablico y esta orquesta extraordinaria (aplausos), con mi familia: mi hermano Vane (lo se\u00f1ala, se levanta del teclado), mi sobrina (en coros), m\u00e1s agradecimientos no puedo tener, estoy muy muy feliz aunque cumplo 69.\u201d \u00a1No importa nada! le gritan desde la platea.<\/span><\/p>\n<p><span style=\"font-weight: 400;\">Comienza la segunda canci\u00f3n Como el juez a la verdad (la que dice Te necesito), tambi\u00e9n del disco homenajeado. El p\u00fablico aplaude, corea, baila\u2026 realmente emociona las ganas que la gente le pone a su participaci\u00f3n, tanto que prenden las luces de platea al final, y Sandra nos dirige como a un coro, a capella; seguido de un aplauso cerrado, conmovedor. Ya hay gente parada en los palcos, moviendo los dos brazos en alto, y pr\u00e1cticamente no se volver\u00e1n a sentar.<\/span><\/p>\n<p><span style=\"font-weight: 400;\">Sigue Poner el cuerpo, del disco En el para\u00edso, de 1986. Una pista de que no s\u00f3lo estar\u00e1n los temas de Soy lo que soy, sino que este ser\u00e1 un repaso de algunos de los grandes hits de Mihanovich. Que son muchos.<\/span><\/p>\n<p><span style=\"font-weight: 400;\">\u201cEste es un disco muy especial, naci\u00f3 en un momento muy importante en Argentina, est\u00e1bamos recuperando la democracia, y hab\u00eda dos canciones que me atrev\u00ed a buscarles m\u00fasica. Una es de la uruguaya D\u00e9bora C\u00e9spedes, Nacer de nuevo, y la otra de la tambi\u00e9n uruguaya Adela Gleijer (aplausos), que con ella compart\u00edamos camerino en un canal de televisi\u00f3n, cuando me mostr\u00f3 este poema, y era la manera en que yo quer\u00eda decir lo que dice, refiri\u00e9ndose a Se metieron con todo.<\/span><\/p>\n<p><span style=\"font-weight: 400;\">Las canciones se escuchan con gran respeto, en un silencio sepulcral; y al final, un largo aplauso, especialmente al director y arreglador, al cual Sandra reverencia.<\/span><\/p>\n<p><span style=\"font-weight: 400;\">La orquesta comienza el siguiente tema con delicadeza, la artista espera en el centro del escenario para hacer Por qu\u00e9, tema de la comedia musical Cal\u00edgula, con un gran desempe\u00f1o vocal e interpretativo, es f\u00e1cil imaginarnos en la calle Corrientes. \u00a1Qu\u00e9 diosa! le gritan al final.<\/span><\/p>\n<p><span style=\"font-weight: 400;\">Sigue Prohibido prohibir, letra de <strong>Eladia Bl\u00e1zquez<\/strong> y Sandra celebra a \u201cla orquesta maravillosa que tenemos ac\u00e1\u201d, y aprovecha a presentar a los miembros de su banda.<\/span><\/p>\n<p><span style=\"font-weight: 400;\">El escenario se oscurece, piano y cuerdas comienzan para hacer Todo sin vos, originalmente de la comedia musical El loco de As\u00eds. Se suman vientos y la banda, una versi\u00f3n muy de los a\u00f1os 70.<\/span><\/p>\n<p><span style=\"font-weight: 400;\">\u201cEstas canciones un tanto especiales tienen que ver con comedias musicales. Esta es para dos personas, para quien quiera; Por qu\u00e9 de Cal\u00edgula de (Pepe) Cibri\u00e1n, me gust\u00f3 compartirla porque es mi cumplea\u00f1os, les cuento todo, es una infidencia\u201d (susurra, y la gente aplaude c\u00f3mplice).<\/span><\/p>\n<p><span style=\"font-weight: 400;\">Sigue Desnudar nuestros deseos, luego nos relata: \u201ceste a\u00f1o cumplo 50 a\u00f1os con la m\u00fasica, es un poco mucho. Todo lo he compartido con este caballero que est\u00e1 en el teclado y es mi hermano (aplausos). La m\u00fasica es muy fuerte en nuestra familia, Vane es el autor de Falta poco tiempo, la primera canci\u00f3n que cant\u00e9 profesionalmente\u201d, nos introduce, para hacer Vuelvo a estar con vos, \u201cuna de las canciones m\u00e1s lindas que escuch\u00e9\u201d, dedicada a su hermana Marita y acompa\u00f1ada por un gran trabajo de iluminaci\u00f3n. Se abrazan los hermanos, largamente, ante el hondo aplauso. \u201cQu\u00e9 cosa sos, eh. Qu\u00e9 cosa que es la m\u00fasica, qu\u00e9 maravilla ser canal, me hace muy feliz\u201d, nos confiesa mientras se enjuaga unas l\u00e1grimas con un pa\u00f1uelo, para continuar con Dame m\u00e1s, quiero m\u00e1s y cuando nota que la gente corea nos dice \u201cse ve que estudiaron, bien ah\u00ed.\u201d Al terminar reflexiona: \u201cEl mundo se est\u00e1 cayendo, cant\u00e1bamos hace 40 a\u00f1os, y lo seguimos diciendo. Tenemos que cuidarlo un poco.\u201d<\/span><\/p>\n<p><span style=\"font-weight: 400;\">Luego de Te tengo en casa conmigo la artista agradece al autor de la m\u00fasica:<strong> Leo Sujatovich<\/strong> al piano y tambi\u00e9n a las ejecutantes de oboe y clarinete; para seguir con el cl\u00e1sico Todo me recuerda a ti, que la gente corea despacito. Cuando se acerca al piano, se da cuenta que tuvo un error en la letra, lo reconoce, reengancha, se acerca al borde del escenario para hacer el estribillo con gran potencia, se le perdona todo. Ella agradece por la gentileza.<\/span><\/p>\n<p><span style=\"font-weight: 400;\">\u201cLa siguiente canci\u00f3n es un poco machista, luego me di cuenta\u201d, nos confiesa, parodiando a su padre que cantaba \u201ccontento\u201d con un ligero cambio de letra el bolero Una mujer. Mientras el p\u00fablico corea,la orquesta se transforma en Big Band, un lujo realmente. Tan as\u00ed que Mihanovich abandona el micr\u00f3fono y aplaude a sus m\u00fasicos, agradecida.<\/span><\/p>\n<p><span style=\"font-weight: 400;\">Tanto est\u00e1 disfrutando que cuando se percata cu\u00e1l es la siguiente canci\u00f3n, tiene que empezar de inmediato, con una exquisita versi\u00f3n en portugu\u00e9s de Como nuestros padres.<\/span><\/p>\n<p><span style=\"font-weight: 400;\">\u201cHoy me siento agradecida. Siento que uno de los mejores regalos, sino el mejor, es que alguien que amo y admiro profundamente, ha tenido la gentileza de estar esta noche ac\u00e1 con nosotros. Y es uno de mis regalos para ustedes: <a href=\"https:\/\/cooltivarte.com\/portal\/?s=Marilina+Ross\" target=\"_blank\" rel=\"noopener\"><strong>Marilina Ross<\/strong><\/a>.\u201d Se dan un abrazo, mientras la gente se prepara, sacando los celulares. La invitada se recuesta en un banco alto y se siente la emoci\u00f3n en el aire cuando juntas cantan Honrar la vida, nuevamente de Eladia Bl\u00e1zquez. Esa fragilidad f\u00edsica que nos transmite, junto al profundo significado de la canci\u00f3n, en el contexto pol\u00edtico de la vecina orilla; genera una emoci\u00f3n palpable, nos atraviesa. Qu\u00e9 vigencia, la pucha. Ambas cantan abrazadas, al final Marilina se incorpora, se llena de fuerza, interpretan mir\u00e1ndose primero a los ojos y luego juntas las dos, al p\u00fablico. Luego de la ovaci\u00f3n, Mihanovich sugiere que Ross tambi\u00e9n deber\u00eda venir a hacer un show a Montevideo, la gente la apoya. Se va y Sandra le pide al personal de escenario que deje cerca el banquito, que no se lo lleven.<\/span><\/p>\n<p><span style=\"font-weight: 400;\">Para aflojar la emoci\u00f3n, viene el rock de Es la vida que me alcanza, el p\u00fablico explota, todos en los palcos se levantan a bailar, al final nos hace cantar a todos, al ritmo de las palmas. Sandra est\u00e1 exultante, baila, aplaude, se sacude, es una m\u00e1quina de energ\u00eda sobre el escenario. \u201cLa vida est\u00e1 en otro disco\u201d, bromea entre risas. La gente sigue pidiendo a Marilina, la artista les mira sonriendo como diciendo \u201cqu\u00e9 impacientes, dejen seguir el show\u201d y sigue con Sola en m\u00ed, otra canci\u00f3n de musical, que intercala rock y balada.<\/span><\/p>\n<p><span style=\"font-weight: 400;\">\u201cAhora s\u00ed, falta una sola\u201d dice Sandra, refiri\u00e9ndose a la canci\u00f3n del disco que cumple 40 a\u00f1os. La gente abuchea, no quiere que el espect\u00e1culo termine. \u201cQuiero agradecer y nombrar a toda la gente que est\u00e1 haciendo que todo esto sea posible.\u201d Saca una lista impresa de varias hojas, y empieza a nombrar a todos los t\u00e9cnicos: luces, sonido, escenario, producci\u00f3n, prensa, catering\u2026 luego a uno por uno a todos los integrantes de la orquesta y de la banda. Tambi\u00e9n agradece a<strong> Mar\u00eda S\u00e1nchez<\/strong>, \u201cnuestra hermana, que fue bater\u00eda y productora en nuestro primer disco\u201d.<\/span><\/p>\n<p><span style=\"font-weight: 400;\">Se para en el centro del escenario para empezar a cantar Soy lo que soy junto al sonido de las cuerdas, mientras se disparan miles de pantallas celulares. Una gran cantidad de gente se empieza a parar del asiento, para bailar la potente versi\u00f3n. Mihanovich modifica la letra, ya no dice \u201cpara m\u00ed y para ellos\u201d, ahora es \u201cpara m\u00ed y para todos\u201d, se\u00f1alando a la platea y la tribuna, generando si es posible a\u00fan, m\u00e1s conexi\u00f3n con el p\u00fablico. Finaliza revoleando la melena, y recibe la ovaci\u00f3n de pie de todo el auditorio. Los integrantes de la orquesta se levantan a saludar, y Sandra aprovecha para nombrar y celebrar a otras personas que tambi\u00e9n cumplen a\u00f1os ese d\u00eda.&nbsp;<\/span><\/p>\n<p><span style=\"font-weight: 400;\">La gente pide otra y surge espont\u00e1neamente otro queloscumplasfeliz, que ella acompa\u00f1a, mientras la gente sigue gritando por Marilina y Puerto Pollensa.<\/span><\/p>\n<p><span style=\"font-weight: 400;\">Mihanovich nos tranquiliza con la canci\u00f3n de cuna La historia de nunca acabar, omitiendo como siempre la \u00faltima palabra, que la canta el p\u00fablico. \u201c\u00a1Qu\u00e9 osad\u00eda la m\u00eda! Pensaba que pod\u00eda decir cualquier cosa\u201d, nos confiesa, entre risas c\u00f3mplices.<\/span><\/p>\n<p><span style=\"font-weight: 400;\">\u201cTengo un hombre que me quiere hacer un regalo, y no me puedo negar porque es una voz incre\u00edble, y una persona incre\u00edble, que me quiere regalar una canci\u00f3n, aprovechando que est\u00e1 en Uruguay con su hija: <a href=\"https:\/\/cooltivarte.com\/portal\/?s=David+Leb%C3%B3n\" target=\"_blank\" rel=\"noopener\"><strong>David Leb\u00f3n<\/strong><\/a>\u201d. El cantante sube desde la platea, entre aplausos. Se dan un gran abrazo, luego tambi\u00e9n abraza a Leo y a Vane. Se le nota genuinamente conmovido, tiene que esperar a reponerse para tomar el micr\u00f3fono. \u201cEstoy muy emocionado\u201d, confiesa con la voz quebrada. \u201cLa conoc\u00ed en el 69, y desde ese d\u00eda, estoy enamorado de ella\u201d, dice antes de regalarnos Nos volveremos a encontrar, de su autor\u00eda junto junto a <a href=\"https:\/\/cooltivarte.com\/portal\/?s=Charly+Garc%C3%ADa\" target=\"_blank\" rel=\"noopener\"><strong>Charly Garc\u00eda<\/strong> <\/a>y<a href=\"https:\/\/cooltivarte.com\/portal\/?s=Pedro+Aznar\" target=\"_blank\" rel=\"noopener\"><strong> Pedro Aznar<\/strong><\/a> cuando eran <a href=\"https:\/\/cooltivarte.com\/portal\/?s=Ser%C3%BA+Gir%C3%A1n\" target=\"_blank\" rel=\"noopener\"><strong>Ser\u00fa Gir\u00e1n<\/strong><\/a>. Comienza con voz fr\u00e1gil, mir\u00e1ndola a los ojos, y por momentos logra la gran calidad vocal e interpretativa por la que todos lo recordamos. Al final se abrazan, agradece y abraza tambi\u00e9n a Marilina al costado del escenario, antes de volver a su lugar en la platea, arropado por el cari\u00f1o de la gente. Un muy valiente regalo.&nbsp;<\/span><\/p>\n<p><span style=\"font-weight: 400;\">\u00a1Puerto Pollensa! gritan por en\u00e9sima vez, \u201ccomplacemos pedidos\u201d contesta Marilina riendo. Suena la trompeta y el p\u00fablico alucina, sabe que es el final, ellas cantan abrazadas, mir\u00e1ndose a los ojos e interpretando como si fuera una vieja an\u00e9cdota, contada de a dos. La gente ovaciona de pie, Ross agradece al p\u00fablico y a la orquesta antes de retirarse.<\/span><\/p>\n<p><span style=\"font-weight: 400;\">\u201cEs una de las noches m\u00e1s felices de mi vida, el a\u00f1o que viene vuelvo a festejar los 70\u201d amenaza Sandra, y la gente le festeja. Nos despide con una alegre y amorosa versi\u00f3n en espa\u00f1ol de Mar\u00eda Mar\u00eda de <a href=\"https:\/\/cooltivarte.com\/portal\/?s=Milton+Nascimento\" target=\"_blank\" rel=\"noopener\"><strong>Milton Nascimento<\/strong><\/a>, canta con todo el p\u00fablico, obliga con un abrazo a saludar a la productora local: <strong>Virginia Bruzzone<\/strong>, y al final deja el micr\u00f3fono y saluda, muy conmovida. Comienza a bajar el tel\u00f3n, pero ella lo detiene, vuelve a agradecer a la orquesta y llama a su banda para hacer juntos una reverencia al borde del escenario.<\/span><\/p>\n<p><span style=\"font-weight: 400;\">El p\u00fablico se retira exultante, feliz, pip\u00f3n de tanta energ\u00eda, tanta nostalgia y tanto talento.&nbsp;<\/span><\/p>\n<p><span style=\"font-weight: 400;\">Un verdadero feliz cumplea\u00f1os para todos.<\/span><\/p>\n<p>&nbsp;<\/p>\n<p>&nbsp;<\/p>\n<div class=\"elementor-element elementor-element-3f393b49 e-flex e-con-boxed e-con e-parent e-lazyloaded\" data-id=\"3f393b49\" data-element_type=\"container\" data-e-type=\"container\" data-settings=\"{&quot;background_background&quot;:&quot;classic&quot;}\">\n<div class=\"e-con-inner\">\n<div class=\"elementor-element elementor-element-471c767f elementor-widget elementor-widget-heading\" data-id=\"471c767f\" data-element_type=\"widget\" data-e-type=\"widget\" data-widget_type=\"heading.default\">\n<p class=\"elementor-heading-title elementor-size-default\"><strong>Teclados, Arreglos y DIRECCI\u00d3N<\/strong><\/p>\n<\/div>\n<div class=\"elementor-element elementor-element-5db99f87 elementor-widget elementor-widget-text-editor\" data-id=\"5db99f87\" data-element_type=\"widget\" data-e-type=\"widget\" data-widget_type=\"text-editor.default\">\n<p><span class=\"fontstyle0\"><strong>Leo Sujatovich<\/strong><\/span><\/p>\n<\/div>\n<div class=\"elementor-element elementor-element-2e41dfb elementor-widget elementor-widget-text-editor\" data-id=\"2e41dfb\" data-element_type=\"widget\" data-e-type=\"widget\" data-widget_type=\"text-editor.default\">\n<p>Asistente: Luna Sujatovich&nbsp;<\/p>\n<\/div>\n<\/div>\n<\/div>\n<div class=\"elementor-element elementor-element-5ced6964 e-flex e-con-boxed e-con e-parent e-lazyloaded\" data-id=\"5ced6964\" data-element_type=\"container\" data-e-type=\"container\">\n<div class=\"e-con-inner\">\n<div class=\"elementor-element elementor-element-63e85eb1 elementor-widget elementor-widget-heading\" data-id=\"63e85eb1\" data-element_type=\"widget\" data-e-type=\"widget\" data-widget_type=\"heading.default\">\n<p class=\"elementor-heading-title elementor-size-default\"><strong>La Banda<\/strong><\/p>\n<\/div>\n<\/div>\n<\/div>\n<div class=\"elementor-element elementor-element-1a37a588 e-flex e-con-boxed e-con e-parent e-lazyloaded\" data-id=\"1a37a588\" data-element_type=\"container\" data-e-type=\"container\">\n<div class=\"e-con-inner\">\n<div class=\"elementor-element elementor-element-59ad3a0e e-con-full e-flex e-con e-child\" data-id=\"59ad3a0e\" data-element_type=\"container\" data-e-type=\"container\">\n<div class=\"elementor-element elementor-element-7ee362a6 elementor-widget elementor-widget-text-editor\" data-id=\"7ee362a6\" data-element_type=\"widget\" data-e-type=\"widget\" data-widget_type=\"text-editor.default\">\n<p><span class=\"fontstyle0\"><strong>Vane Mihanovich<\/strong>: Teclados, Voz, Coros<br \/>\n<strong>Sol Mihanovich<\/strong>: Guitarra, Voz, Coros<br \/>\n<\/span><span class=\"fontstyle0\"><strong>Nicol\u00e1s \u201cMu\u201d Sanchez<\/strong>: Guitarras<\/span><\/p>\n<\/div>\n<\/div>\n<div class=\"elementor-element elementor-element-25f92436 e-con-full e-flex e-con e-child\" data-id=\"25f92436\" data-element_type=\"container\" data-e-type=\"container\">\n<div class=\"elementor-element elementor-element-2cc68742 elementor-widget elementor-widget-text-editor\" data-id=\"2cc68742\" data-element_type=\"widget\" data-e-type=\"widget\" data-widget_type=\"text-editor.default\">\n<p><strong>Rodrigo Genni Gonz\u00e1lez<\/strong>: Bater\u00eda, Percusi\u00f3n<br \/>\n<strong>Matias Onzari<\/strong>: Bajo, Guitarra<br \/>\n<strong>Julian L\u00f3pez Di Muro<\/strong>: -Trompeta, Flugelhorn, Coros<\/p>\n<\/div>\n<\/div>\n<\/div>\n<\/div>\n<div class=\"elementor-element elementor-element-ff37bb2 e-flex e-con-boxed e-con e-parent e-lazyloaded\" data-id=\"ff37bb2\" data-element_type=\"container\" data-e-type=\"container\">\n<div class=\"e-con-inner\">\n<div class=\"elementor-element elementor-element-2110b7fe elementor-widget elementor-widget-heading\" data-id=\"2110b7fe\" data-element_type=\"widget\" data-e-type=\"widget\" data-widget_type=\"heading.default\">\n<p class=\"elementor-heading-title elementor-size-default\">CUERDAS<\/p>\n<\/div>\n<\/div>\n<\/div>\n<div class=\"elementor-element elementor-element-4a52f57a e-flex e-con-boxed e-con e-parent e-lazyloaded\" data-id=\"4a52f57a\" data-element_type=\"container\" data-e-type=\"container\">\n<div class=\"e-con-inner\">\n<div class=\"elementor-element elementor-element-283a914e e-con-full e-flex e-con e-child\" data-id=\"283a914e\" data-element_type=\"container\" data-e-type=\"container\">\n<div class=\"elementor-element elementor-element-5a5d08a2 elementor-widget elementor-widget-text-editor\" data-id=\"5a5d08a2\" data-element_type=\"widget\" data-e-type=\"widget\" data-widget_type=\"text-editor.default\">\n<p><strong>Matias Craciun<\/strong>: Viol\u00edn I<br \/>\n<strong>Milica Tri\u010dkovi\u0107<\/strong>: Viol\u00edn I<br \/>\n<strong>Alejandra Carrillo<\/strong>: Viol\u00edn I<br \/>\n<strong>Franco Locardi<\/strong>: Violin I <\/p>\n<p><strong><b>Rodrigo Riera<\/b><\/strong>:&nbsp;Violoncello&nbsp;<br \/>\n<b>Magela Suarez<\/b>:&nbsp;&nbsp;Violoncello&nbsp;<\/p>\n<\/div>\n<\/div>\n<div class=\"elementor-element elementor-element-e71b593 e-con-full e-flex e-con e-child\" data-id=\"e71b593\" data-element_type=\"container\" data-e-type=\"container\">\n<div class=\"elementor-element elementor-element-603e037a elementor-widget elementor-widget-text-editor\" data-id=\"603e037a\" data-element_type=\"widget\" data-e-type=\"widget\" data-widget_type=\"text-editor.default\">\n<p><strong><b>Clara Kruk<\/b><\/strong>:&nbsp;Viol\u00edn II<br \/>\n<b>Ausberto Rivas<\/b>:&nbsp;Violin II&nbsp;<\/p>\n<p><strong><b>Leticia Gambaro<\/b><\/strong>: Viola I<br \/>\n<strong><b>Lucia Touri\u00f1o<\/b><\/strong>: Viola I<br \/>\n<strong><b>Timoteo Mella<\/b><\/strong>: Viola II <\/p>\n<\/div>\n<\/div>\n<\/div>\n<\/div>\n<div class=\"elementor-element elementor-element-70827278 e-flex e-con-boxed e-con e-parent e-lazyloaded\" data-id=\"70827278\" data-element_type=\"container\" data-e-type=\"container\">\n<div class=\"e-con-inner\">\n<div class=\"elementor-element elementor-element-5614b17f elementor-widget elementor-widget-heading\" data-id=\"5614b17f\" data-element_type=\"widget\" data-e-type=\"widget\" data-widget_type=\"heading.default\">\n<p class=\"elementor-heading-title elementor-size-default\">maderas<\/p>\n<\/div>\n<\/div>\n<\/div>\n<div class=\"elementor-element elementor-element-2bf78fd8 e-flex e-con-boxed e-con e-parent e-lazyloaded\" data-id=\"2bf78fd8\" data-element_type=\"container\" data-e-type=\"container\">\n<div class=\"e-con-inner\">\n<div class=\"elementor-element elementor-element-661bea74 e-con-full e-flex e-con e-child\" data-id=\"661bea74\" data-element_type=\"container\" data-e-type=\"container\">\n<div class=\"elementor-element elementor-element-2b3ed037 elementor-widget elementor-widget-text-editor\" data-id=\"2b3ed037\" data-element_type=\"widget\" data-e-type=\"widget\" data-widget_type=\"text-editor.default\">\n<p><strong><b>Micaela Torello Bia<\/b>&nbsp;<\/strong>: Oboe <\/p>\n<\/div>\n<\/div>\n<div class=\"elementor-element elementor-element-1244b330 e-con-full e-flex e-con e-child\" data-id=\"1244b330\" data-element_type=\"container\" data-e-type=\"container\">\n<div class=\"elementor-element elementor-element-7084f94 elementor-widget elementor-widget-text-editor\" data-id=\"7084f94\" data-element_type=\"widget\" data-e-type=\"widget\" data-widget_type=\"text-editor.default\">\n<p><b>Selene Guti\u00e9rrez Garc\u00eda<\/b>: Clarinete <\/p>\n<\/div>\n<\/div>\n<\/div>\n<\/div>\n<div class=\"elementor-element elementor-element-7c198e3d e-flex e-con-boxed e-con e-parent e-lazyloaded\" data-id=\"7c198e3d\" data-element_type=\"container\" data-e-type=\"container\">\n<div class=\"e-con-inner\">\n<div class=\"elementor-element elementor-element-569d6fe7 elementor-widget elementor-widget-heading\" data-id=\"569d6fe7\" data-element_type=\"widget\" data-e-type=\"widget\" data-widget_type=\"heading.default\">\n<p class=\"elementor-heading-title elementor-size-default\">BRASS<\/p>\n<\/div>\n<\/div>\n<\/div>\n<div class=\"elementor-element elementor-element-33ac0075 e-flex e-con-boxed e-con e-parent e-lazyloaded\" data-id=\"33ac0075\" data-element_type=\"container\" data-e-type=\"container\">\n<div class=\"e-con-inner\">\n<div class=\"elementor-element elementor-element-34b13183 e-con-full e-flex e-con e-child\" data-id=\"34b13183\" data-element_type=\"container\" data-e-type=\"container\">\n<div class=\"elementor-element elementor-element-42c7022e elementor-widget elementor-widget-text-editor\" data-id=\"42c7022e\" data-element_type=\"widget\" data-e-type=\"widget\" data-widget_type=\"text-editor.default\">\n<p><b>Alejandra Genta Ruffo<\/b>: Saxo <\/p>\n<\/div>\n<\/div>\n<div class=\"elementor-element elementor-element-4f3c0eb5 e-con-full e-flex e-con e-child\" data-id=\"4f3c0eb5\" data-element_type=\"container\" data-e-type=\"container\">\n<div class=\"elementor-element elementor-element-1f42726 elementor-widget elementor-widget-text-editor\" data-id=\"1f42726\" data-element_type=\"widget\" data-e-type=\"widget\" data-widget_type=\"text-editor.default\">\n<p><b>Noelia Cuadro Saratsola<\/b>:&nbsp;Tromb\u00f3n <\/p>\n<\/div>\n<\/div>\n<\/div>\n<\/div>\n<div class=\"elementor-element elementor-element-5ae13cea e-flex e-con-boxed e-con e-parent e-lazyloaded\" data-id=\"5ae13cea\" data-element_type=\"container\" data-e-type=\"container\">\n<div class=\"e-con-inner\">\n<div class=\"elementor-element elementor-element-13d22382 elementor-widget elementor-widget-heading\" data-id=\"13d22382\" data-element_type=\"widget\" data-e-type=\"widget\" data-widget_type=\"heading.default\">\n<p class=\"elementor-heading-title elementor-size-default\">TEAM | #SLQS+ 4.0+<\/p>\n<\/div>\n<\/div>\n<\/div>\n<div class=\"elementor-element elementor-element-25377f8b e-flex e-con-boxed e-con e-parent e-lazyloaded\" data-id=\"25377f8b\" data-element_type=\"container\" data-e-type=\"container\">\n<div class=\"e-con-inner\">\n<div class=\"elementor-element elementor-element-69952005 e-con-full e-flex e-con e-child\" data-id=\"69952005\" data-element_type=\"container\" data-e-type=\"container\">\n<div class=\"elementor-element elementor-element-23737433 elementor-widget elementor-widget-text-editor\" data-id=\"23737433\" data-element_type=\"widget\" data-e-type=\"widget\" data-widget_type=\"text-editor.default\">\n<p><b>Miguel Lago<\/b>:&nbsp;Jefe T\u00e9cnico&nbsp;&nbsp;<br \/>\n<strong>Pablo Cardozo<\/strong>: Operador de Monitores&nbsp;F.O.H.<strong>&nbsp;<\/strong><br \/>\n<b>Sebasti\u00e1n Acosta<\/b>:&nbsp;Operador Monitores M.O.<br \/>\n<b>Abril Segalerba<\/b>:&nbsp;T\u00e9cnica de Microfon\u00eda \/ In Ears&nbsp;&nbsp;<br \/>\n<b>Patricio Tejedor<\/b>: Stage Assistant<br \/>\n<b>Mat\u00edas Tutino<\/b>&nbsp;\u2013 Stage Manager<\/p>\n<\/div>\n<\/div>\n<div class=\"elementor-element elementor-element-c246edb e-con-full e-flex e-con e-child\" data-id=\"c246edb\" data-element_type=\"container\" data-e-type=\"container\">\n<div class=\"elementor-element elementor-element-575295ee elementor-widget elementor-widget-text-editor\" data-id=\"575295ee\" data-element_type=\"widget\" data-e-type=\"widget\" data-widget_type=\"text-editor.default\">\n<p><strong>Cristina Rego&nbsp;<\/strong>para Kwobit Music \u2013 Redes Visuales<br \/>\n<strong>Daniel Capri<\/strong>: Vestuario Sandra Mihanovich<br \/>\n<strong>Mario Hern\u00e1ndez<\/strong>: Peinado para&nbsp;<em><strong>\u201cTerapia Peinados\u201d<br \/>\n<\/strong><\/em><strong>Guitarras Gracia&nbsp; \u2013&nbsp;<\/strong>Endorsement Sandra Mihanovich<\/p>\n<\/div>\n<\/div>\n<\/div>\n<\/div>\n<div class=\"elementor-element elementor-element-c92b2f6 e-flex e-con-boxed e-con e-parent e-lazyloaded\" data-id=\"c92b2f6\" data-element_type=\"container\" data-e-type=\"container\" data-settings=\"{&quot;background_background&quot;:&quot;classic&quot;}\">\n<div class=\"e-con-inner\">\n<div class=\"elementor-element elementor-element-838b726 elementor-widget elementor-widget-text-editor\" data-id=\"838b726\" data-element_type=\"widget\" data-e-type=\"widget\" data-widget_type=\"text-editor.default\">\n<p><span class=\"fontstyle0\">Producci\u00f3n General:&nbsp;<strong>Mar\u00eda S\u00e1nchez<br \/>\n<\/strong><\/span><br \/>\n<span class=\"fontstyle0\">Producci\u00f3n Art\u00edstica y Direcci\u00f3n General:&nbsp;<strong>Sandra Mihanovich<\/strong><\/span><\/p>\n<\/div>\n<\/div>\n<\/div>\n<div class=\"elementor-element elementor-element-5cacfe5c e-flex e-con-boxed e-con e-parent e-lazyloaded\" data-id=\"5cacfe5c\" data-element_type=\"container\" data-e-type=\"container\">\n<div class=\"e-con-inner\">\n<div class=\"elementor-element elementor-element-513955e elementor-widget elementor-widget-heading\" data-id=\"513955e\" data-element_type=\"widget\" data-e-type=\"widget\" data-widget_type=\"heading.default\">\n<p class=\"elementor-heading-title elementor-size-default\">TEAM URUGUAY | #SLQS+ 4.0+<\/p>\n<\/div>\n<\/div>\n<\/div>\n<div class=\"elementor-element elementor-element-706dbe51 e-flex e-con-boxed e-con e-parent e-lazyloaded\" data-id=\"706dbe51\" data-element_type=\"container\" data-e-type=\"container\">\n<div class=\"e-con-inner\">\n<div class=\"elementor-element elementor-element-2fe4ace0 elementor-widget elementor-widget-text-editor\" data-id=\"2fe4ace0\" data-element_type=\"widget\" data-e-type=\"widget\" data-widget_type=\"text-editor.default\">\n<p><b>Virginia Bruzzone<br \/>\n<\/b>&nbsp;vbruzzONE Producciones \u2013 Producci\u00f3n General<br \/>\n@vbruzz_one<\/p>\n<p><b>Cristian Calace<br \/>\n<\/b>Gracias&nbsp; Tibu Queridooooo!<br \/>\n@cristiancalace @delpezuy<\/p>\n<p><b>Sibyla&nbsp; Trabal<br \/>\n<\/b>&nbsp;Prensa y difusi\u00f3n \u2013 \u201cLa #1\u201d<br \/>\n@sibylatrabal<\/p>\n<p><b>Sala Rodendeau<\/b><br \/>\nEnsayos<br \/>\n@salarondeau<\/p>\n<p><b>Ana Gato<\/b><br \/>\nLog\u00edstica traslados<br \/>\n@anagato0965<\/p>\n<p><b>Glow<\/b><br \/>\nCatering<br \/>\n@glow_kika<\/p>\n<\/div>\n<\/div>\n<\/div>\n<p><a href=\"https:\/\/sandramihanovich.com\/soy-lo-que-soy-4-0\/\" target=\"_blank\" rel=\"noopener\">sandramihanovich.com<\/a><\/p>\n<p>&nbsp;<\/p>\n<p>&nbsp;<\/p>\n<p>&nbsp;<\/p>\n<p>&nbsp;<\/p>\n","protected":false},"excerpt":{"rendered":"<p>&nbsp; Sandra Mihanovich &#8211; Soy lo que soy +40 \u2013 Auditorio Adela Reta \u2013 Sodre &nbsp; A sala llena, de un p\u00fablico mayormente adulto y femenino, se present\u00f3 puntualmente la artista argentina, para celebrar no s\u00f3lo el aniversario n\u00famero 40 de su disco Soy lo que soy. El programa de mano con la ic\u00f3nica tapa [&hellip;]<\/p>\n","protected":false},"author":221,"featured_media":127055,"comment_status":"closed","ping_status":"closed","sticky":false,"template":"","format":"standard","meta":{"om_disable_all_campaigns":false,"ngg_post_thumbnail":0,"jnews-multi-image_gallery":[],"jnews_single_post":{"format":"standard","override":[{"template":"4","parallax":"1","layout":"right-sidebar","sidebar":"default-sidebar","second_sidebar":"default-sidebar","sticky_sidebar":"1","share_position":"bottom","share_float_style":"share-monocrhome","show_share_counter":"1","show_view_counter":"1","show_featured":"1","show_post_meta":"1","show_post_author":"1","show_post_author_image":"1","show_post_date":"1","post_date_format":"default","post_date_format_custom":"Y\/m\/d","show_post_category":"1","post_reading_time_wpm":"300","post_calculate_word_method":"str_word_count","zoom_button_out_step":"2","zoom_button_in_step":"3","show_post_tag":"1","show_prev_next_post":"1","show_popup_post":"1","show_comment_section":"1","number_popup_post":"1","show_author_box":"1","show_post_related":"0","show_inline_post_related":"0"}],"image_override":[{"single_post_thumbnail_size":"no-crop","single_post_gallery_size":"crop-500"}],"trending_post_position":"meta","trending_post_label":"Trending","sponsored_post_label":"Sponsored by","disable_ad":"0","subtitle":"Auditorio Adela Reta \u2013 Sodre"},"jnews_primary_category":[],"jnews_social_meta":{"fb_title":"Sandra Mihanovich - Soy lo que soy + 40 \u2013 Auditorio Adela Reta \u2013 Sodre por Mar\u00eda Jos\u00e9 Pieri","twitter_title":"Sandra Mihanovich - Soy lo que soy + 40 \u2013 Auditorio Adela Reta \u2013 Sodre por Mar\u00eda Jos\u00e9 Pieri","twitter_image":"127055","fb_image":"127055"},"jnews_override_counter":{"view_counter_number":"0","share_counter_number":"0","like_counter_number":"0","dislike_counter_number":"0"},"footnotes":""},"categories":[50],"tags":[26366,26367,4143,25153],"class_list":["post-127054","post","type-post","status-publish","format-standard","has-post-thumbnail","hentry","category-coberturas","tag-leo-sujatavich","tag-marilina-ross","tag-sandra-mihanovich","tag-soy-lo-que-soy"],"yoast_head":"<!-- This site is optimized with the Yoast SEO plugin v27.5 - https:\/\/yoast.com\/product\/yoast-seo-wordpress\/ -->\n<title>Sandra Mihanovich - Soy lo que soy + 40 - Cooltivarte Portal<\/title>\n<meta name=\"description\" content=\"COOLTIVARTE.COM es un portal digital colaborativo de actualizaci\u00f3n permanente dedicado a difundir el acontecer art\u00edstico y cultural, entrevista artistas, gestores y productores de las diferentes disciplinas del arte, y publicando art\u00edculos de reflexi\u00f3n de producci\u00f3n propia sobre los elementos culturales.\" \/>\n<meta name=\"robots\" content=\"index, follow, max-snippet:-1, max-image-preview:large, max-video-preview:-1\" \/>\n<link rel=\"canonical\" href=\"https:\/\/cooltivarte.com\/portal\/sandra-mihanovich-soy-lo-que-soy-40\/\" \/>\n<meta property=\"og:locale\" content=\"es_ES\" \/>\n<meta property=\"og:type\" content=\"article\" \/>\n<meta property=\"og:title\" content=\"Sandra Mihanovich - Soy lo que soy + 40 \u2013 Auditorio Adela Reta \u2013 Sodre por Mar\u00eda Jos\u00e9 Pieri\" \/>\n<meta property=\"og:description\" content=\"COOLTIVARTE.COM es un portal digital colaborativo de actualizaci\u00f3n permanente dedicado a difundir el acontecer art\u00edstico y cultural, entrevista artistas, gestores y productores de las diferentes disciplinas del arte, y publicando art\u00edculos de reflexi\u00f3n de producci\u00f3n propia sobre los elementos culturales.\" \/>\n<meta property=\"og:url\" content=\"https:\/\/cooltivarte.com\/portal\/sandra-mihanovich-soy-lo-que-soy-40\/\" \/>\n<meta property=\"og:site_name\" content=\"Cooltivarte Portal\" \/>\n<meta property=\"article:publisher\" content=\"https:\/\/www.facebook.com\/cooltivartecom\/\" \/>\n<meta property=\"article:author\" content=\"https:\/\/www.facebook.com\/maria.jose.pieri\" \/>\n<meta property=\"article:published_time\" content=\"2026-04-29T00:39:18+00:00\" \/>\n<meta property=\"og:image\" content=\"https:\/\/cooltivarte.com\/portal\/wp-content\/uploads\/2026\/04\/Sandra-Mihanovich-scaled.jpg\" \/>\n\t<meta property=\"og:image:width\" content=\"1920\" \/>\n\t<meta property=\"og:image:height\" content=\"2560\" \/>\n\t<meta property=\"og:image:type\" content=\"image\/jpeg\" \/>\n<meta name=\"author\" content=\"Mar\u00eda Jos\u00e9 Pieri\" \/>\n<meta name=\"twitter:card\" content=\"summary_large_image\" \/>\n<meta name=\"twitter:title\" content=\"Sandra Mihanovich - Soy lo que soy + 40 \u2013 Auditorio Adela Reta \u2013 Sodre por Mar\u00eda Jos\u00e9 Pieri\" \/>\n<meta name=\"twitter:image\" content=\"https:\/\/cooltivarte.com\/portal\/wp-content\/uploads\/2026\/04\/Sandra-Mihanovich-scaled.jpg\" \/>\n<meta name=\"twitter:creator\" content=\"@https:\/\/x.com\/majo70\" \/>\n<meta name=\"twitter:site\" content=\"@obolocultural\" \/>\n<meta name=\"twitter:label1\" content=\"Escrito por\" \/>\n\t<meta name=\"twitter:data1\" content=\"Mar\u00eda Jos\u00e9 Pieri\" \/>\n\t<meta name=\"twitter:label2\" content=\"Tiempo de lectura\" \/>\n\t<meta name=\"twitter:data2\" content=\"11 minutos\" \/>\n<!-- \/ Yoast SEO plugin. -->","yoast_head_json":{"title":"Sandra Mihanovich - Soy lo que soy + 40 - Cooltivarte Portal","description":"COOLTIVARTE.COM es un portal digital colaborativo de actualizaci\u00f3n permanente dedicado a difundir el acontecer art\u00edstico y cultural, entrevista artistas, gestores y productores de las diferentes disciplinas del arte, y publicando art\u00edculos de reflexi\u00f3n de producci\u00f3n propia sobre los elementos culturales.","robots":{"index":"index","follow":"follow","max-snippet":"max-snippet:-1","max-image-preview":"max-image-preview:large","max-video-preview":"max-video-preview:-1"},"canonical":"https:\/\/cooltivarte.com\/portal\/sandra-mihanovich-soy-lo-que-soy-40\/","og_locale":"es_ES","og_type":"article","og_title":"Sandra Mihanovich - Soy lo que soy + 40 \u2013 Auditorio Adela Reta \u2013 Sodre por Mar\u00eda Jos\u00e9 Pieri","og_description":"COOLTIVARTE.COM es un portal digital colaborativo de actualizaci\u00f3n permanente dedicado a difundir el acontecer art\u00edstico y cultural, entrevista artistas, gestores y productores de las diferentes disciplinas del arte, y publicando art\u00edculos de reflexi\u00f3n de producci\u00f3n propia sobre los elementos culturales.","og_url":"https:\/\/cooltivarte.com\/portal\/sandra-mihanovich-soy-lo-que-soy-40\/","og_site_name":"Cooltivarte Portal","article_publisher":"https:\/\/www.facebook.com\/cooltivartecom\/","article_author":"https:\/\/www.facebook.com\/maria.jose.pieri","article_published_time":"2026-04-29T00:39:18+00:00","og_image":[{"width":1920,"height":2560,"url":"https:\/\/cooltivarte.com\/portal\/wp-content\/uploads\/2026\/04\/Sandra-Mihanovich-scaled.jpg","type":"image\/jpeg"}],"author":"Mar\u00eda Jos\u00e9 Pieri","twitter_card":"summary_large_image","twitter_title":"Sandra Mihanovich - Soy lo que soy + 40 \u2013 Auditorio Adela Reta \u2013 Sodre por Mar\u00eda Jos\u00e9 Pieri","twitter_image":"https:\/\/cooltivarte.com\/portal\/wp-content\/uploads\/2026\/04\/Sandra-Mihanovich-scaled.jpg","twitter_creator":"@https:\/\/x.com\/majo70","twitter_site":"@obolocultural","twitter_misc":{"Escrito por":"Mar\u00eda Jos\u00e9 Pieri","Tiempo de lectura":"11 minutos"},"schema":{"@context":"https:\/\/schema.org","@graph":[{"@type":"NewsArticle","@id":"https:\/\/cooltivarte.com\/portal\/sandra-mihanovich-soy-lo-que-soy-40\/#article","isPartOf":{"@id":"https:\/\/cooltivarte.com\/portal\/sandra-mihanovich-soy-lo-que-soy-40\/"},"author":{"name":"Mar\u00eda Jos\u00e9 Pieri","@id":"https:\/\/cooltivarte.com\/portal\/#\/schema\/person\/06ef0e0148e87cc17ab57dd1c0ecab47"},"headline":"Sandra Mihanovich &#8211; Soy lo que soy + 40","datePublished":"2026-04-29T00:39:18+00:00","mainEntityOfPage":{"@id":"https:\/\/cooltivarte.com\/portal\/sandra-mihanovich-soy-lo-que-soy-40\/"},"wordCount":2419,"publisher":{"@id":"https:\/\/cooltivarte.com\/portal\/#organization"},"image":{"@id":"https:\/\/cooltivarte.com\/portal\/sandra-mihanovich-soy-lo-que-soy-40\/#primaryimage"},"thumbnailUrl":"https:\/\/cooltivarte.com\/portal\/wp-content\/uploads\/2026\/04\/Sandra-Mihanovich-scaled.jpg","keywords":["Leo Sujatavich","Marilina Ross","Sandra Mihanovich","Soy Lo Que Soy"],"articleSection":["Coberturas"],"inLanguage":"es-AR"},{"@type":"WebPage","@id":"https:\/\/cooltivarte.com\/portal\/sandra-mihanovich-soy-lo-que-soy-40\/","url":"https:\/\/cooltivarte.com\/portal\/sandra-mihanovich-soy-lo-que-soy-40\/","name":"Sandra Mihanovich - Soy lo que soy + 40 - Cooltivarte Portal","isPartOf":{"@id":"https:\/\/cooltivarte.com\/portal\/#website"},"primaryImageOfPage":{"@id":"https:\/\/cooltivarte.com\/portal\/sandra-mihanovich-soy-lo-que-soy-40\/#primaryimage"},"image":{"@id":"https:\/\/cooltivarte.com\/portal\/sandra-mihanovich-soy-lo-que-soy-40\/#primaryimage"},"thumbnailUrl":"https:\/\/cooltivarte.com\/portal\/wp-content\/uploads\/2026\/04\/Sandra-Mihanovich-scaled.jpg","datePublished":"2026-04-29T00:39:18+00:00","description":"COOLTIVARTE.COM es un portal digital colaborativo de actualizaci\u00f3n permanente dedicado a difundir el acontecer art\u00edstico y cultural, entrevista artistas, gestores y productores de las diferentes disciplinas del arte, y publicando art\u00edculos de reflexi\u00f3n de producci\u00f3n propia sobre los elementos culturales.","breadcrumb":{"@id":"https:\/\/cooltivarte.com\/portal\/sandra-mihanovich-soy-lo-que-soy-40\/#breadcrumb"},"inLanguage":"es-AR","potentialAction":[{"@type":"ReadAction","target":["https:\/\/cooltivarte.com\/portal\/sandra-mihanovich-soy-lo-que-soy-40\/"]}]},{"@type":"ImageObject","inLanguage":"es-AR","@id":"https:\/\/cooltivarte.com\/portal\/sandra-mihanovich-soy-lo-que-soy-40\/#primaryimage","url":"https:\/\/cooltivarte.com\/portal\/wp-content\/uploads\/2026\/04\/Sandra-Mihanovich-scaled.jpg","contentUrl":"https:\/\/cooltivarte.com\/portal\/wp-content\/uploads\/2026\/04\/Sandra-Mihanovich-scaled.jpg","width":1920,"height":2560,"caption":"Sandra Mihanovich - Soy lo que soy + 40 \u2013 Auditorio Adela Reta \u2013 Sodre por Mar\u00eda Jos\u00e9 Pieri"},{"@type":"BreadcrumbList","@id":"https:\/\/cooltivarte.com\/portal\/sandra-mihanovich-soy-lo-que-soy-40\/#breadcrumb","itemListElement":[{"@type":"ListItem","position":1,"name":"Portada","item":"https:\/\/cooltivarte.com\/portal\/"},{"@type":"ListItem","position":2,"name":"Sandra Mihanovich &#8211; Soy lo que soy + 40"}]},{"@type":"WebSite","@id":"https:\/\/cooltivarte.com\/portal\/#website","url":"https:\/\/cooltivarte.com\/portal\/","name":"Cooltivarte Portal","description":"Arte, cultura y turismo para el mundo ...","publisher":{"@id":"https:\/\/cooltivarte.com\/portal\/#organization"},"potentialAction":[{"@type":"SearchAction","target":{"@type":"EntryPoint","urlTemplate":"https:\/\/cooltivarte.com\/portal\/?s={search_term_string}"},"query-input":{"@type":"PropertyValueSpecification","valueRequired":true,"valueName":"search_term_string"}}],"inLanguage":"es-AR"},{"@type":"Organization","@id":"https:\/\/cooltivarte.com\/portal\/#organization","name":"cooltivarte","url":"https:\/\/cooltivarte.com\/portal\/","logo":{"@type":"ImageObject","inLanguage":"es-AR","@id":"https:\/\/cooltivarte.com\/portal\/#\/schema\/logo\/image\/","url":"https:\/\/cooltivarte.com\/portal\/wp-content\/uploads\/2020\/04\/logo-cooltivarte-v2.png","contentUrl":"https:\/\/cooltivarte.com\/portal\/wp-content\/uploads\/2020\/04\/logo-cooltivarte-v2.png","width":851,"height":243,"caption":"cooltivarte"},"image":{"@id":"https:\/\/cooltivarte.com\/portal\/#\/schema\/logo\/image\/"},"sameAs":["https:\/\/www.facebook.com\/cooltivartecom\/","https:\/\/x.com\/obolocultural","https:\/\/www.instagram.com\/_cooltivarte_\/","https:\/\/www.linkedin.com\/company\/-bolocultural?reportsuccess=8zaNG1HwhPbAR9iQhZ5rfGeqz_vQFftHun0ZWU0Wy9vNemRJ8vtcKdJvzQfW8XagyOJSKg0XvfJ1dp","https:\/\/www.pinterest.com\/cooltivarte\/","https:\/\/cooltivarte.tumblr.com\/","https:\/\/www.tiktok.com\/@cooltivarte","https:\/\/www.youtube.com\/@PrensaCooltivarte"]},{"@type":"Person","@id":"https:\/\/cooltivarte.com\/portal\/#\/schema\/person\/06ef0e0148e87cc17ab57dd1c0ecab47","name":"Mar\u00eda Jos\u00e9 Pieri","image":{"@type":"ImageObject","inLanguage":"es-AR","@id":"https:\/\/cooltivarte.com\/portal\/wp-content\/uploads\/2024\/07\/Majo-Pieri-120x120.jpeg","url":"https:\/\/cooltivarte.com\/portal\/wp-content\/uploads\/2024\/07\/Majo-Pieri-120x120.jpeg","contentUrl":"https:\/\/cooltivarte.com\/portal\/wp-content\/uploads\/2024\/07\/Majo-Pieri-120x120.jpeg","caption":"Mar\u00eda Jos\u00e9 Pieri"},"description":"UDELAR, CIENCIAS DE LA COMUNICACI\u00d3N Mujer y madre de adolescente, descubr\u00ed hace a\u00f1os el mundo de la producci\u00f3n teatral, en b\u00fasqueda de profundizar en conocimientos y herramientas para poder desarrollar m\u00e1s esa veta en presente y futuro.","sameAs":["https:\/\/cooltivarte.com\/portal\/author\/maria-jose-pieri\/","https:\/\/www.facebook.com\/maria.jose.pieri","https:\/\/www.instagram.com\/majo_p970\/","https:\/\/www.linkedin.com\/in\/maria-jose-pieri-5939a921\/","https:\/\/www.pinterest.com\/cooltivarte","https:\/\/x.com\/https:\/\/x.com\/majo70","https:\/\/www.youtube.com\/@PrensaCooltivarte","https:\/\/www.tumblr.com\/blog\/cooltivarte"],"url":"https:\/\/cooltivarte.com\/portal\/author\/maria-jose-pieri\/"}]}},"_links":{"self":[{"href":"https:\/\/cooltivarte.com\/portal\/wp-json\/wp\/v2\/posts\/127054","targetHints":{"allow":["GET"]}}],"collection":[{"href":"https:\/\/cooltivarte.com\/portal\/wp-json\/wp\/v2\/posts"}],"about":[{"href":"https:\/\/cooltivarte.com\/portal\/wp-json\/wp\/v2\/types\/post"}],"author":[{"embeddable":true,"href":"https:\/\/cooltivarte.com\/portal\/wp-json\/wp\/v2\/users\/221"}],"replies":[{"embeddable":true,"href":"https:\/\/cooltivarte.com\/portal\/wp-json\/wp\/v2\/comments?post=127054"}],"version-history":[{"count":1,"href":"https:\/\/cooltivarte.com\/portal\/wp-json\/wp\/v2\/posts\/127054\/revisions"}],"predecessor-version":[{"id":127058,"href":"https:\/\/cooltivarte.com\/portal\/wp-json\/wp\/v2\/posts\/127054\/revisions\/127058"}],"wp:featuredmedia":[{"embeddable":true,"href":"https:\/\/cooltivarte.com\/portal\/wp-json\/wp\/v2\/media\/127055"}],"wp:attachment":[{"href":"https:\/\/cooltivarte.com\/portal\/wp-json\/wp\/v2\/media?parent=127054"}],"wp:term":[{"taxonomy":"category","embeddable":true,"href":"https:\/\/cooltivarte.com\/portal\/wp-json\/wp\/v2\/categories?post=127054"},{"taxonomy":"post_tag","embeddable":true,"href":"https:\/\/cooltivarte.com\/portal\/wp-json\/wp\/v2\/tags?post=127054"}],"curies":[{"name":"wp","href":"https:\/\/api.w.org\/{rel}","templated":true}]}}