{"id":127047,"date":"2026-04-28T18:59:04","date_gmt":"2026-04-28T21:59:04","guid":{"rendered":"https:\/\/cooltivarte.com\/portal\/?p=127047"},"modified":"2026-04-28T19:00:48","modified_gmt":"2026-04-28T22:00:48","slug":"vivimos-en-una-sociedad-del-impulso","status":"publish","type":"post","link":"https:\/\/cooltivarte.com\/portal\/vivimos-en-una-sociedad-del-impulso\/","title":{"rendered":"Vivimos en una sociedad del impulso"},"content":{"rendered":"<p style=\"text-align: center;\"><iframe style=\"border: none; overflow: hidden;\" src=\"https:\/\/www.facebook.com\/plugins\/video.php?height=476&amp;href=https%3A%2F%2Fwww.facebook.com%2Freel%2F1621815509034964%2F&amp;show_text=false&amp;width=200&amp;t=0\" width=\"200\" height=\"476\" frameborder=\"0\" scrolling=\"no\" allowfullscreen=\"allowfullscreen\"><\/iframe><\/p>\n<p>&nbsp;<\/p>\n<p><a href=\"https:\/\/radio36.com.uy\/2026\/04\/27\/pablo-romero-vivimos-en-una-sociedad-del-impulso-hay-una-reaccion-de-explosion-inmediata\/\" target=\"_blank\" rel=\"noopener\">En Ma\u00f1anas de Radio<\/a> recibimos a <strong>Pablo Romero<\/strong>, profesor de filosof\u00eda y especialista en pol\u00edtica y gesti\u00f3n de la educaci\u00f3n para analizar y reflexionar sobre diferentes hechos que han marcada las \u00faltimas semanas, como son la aparici\u00f3n de amenazas o avisos de hechos de violencia en diferentes centros educativos.<\/p>\n<p>&nbsp;<\/p>\n<p><iframe src=\"https:\/\/archive.org\/embed\/2026-04-27-prof-pablo-romero-amenazas-de-tiroteos-en-liceos\" width=\"500\" height=\"30\" frameborder=\"0\" allowfullscreen=\"allowfullscreen\"><\/iframe><\/p>\n<p>&nbsp;<\/p>\n<p>Romero se\u00f1al\u00f3 que esta situaci\u00f3n genera mucha preocupaci\u00f3n como docentes y como padres y \u201c<em>refleja que vivimos en una sociedad del impulso, que en los adolescentes es m\u00e1s marcado<\/em>\u201d Indic\u00f3 que \u201c<em>cuando uno prende un informativo ve la violencia en el tr\u00e1nsito, c\u00f3mo se resuelven las diferencias de manera violenta, c\u00f3mo en los hogares se viven tambi\u00e9n hechos de violencia y esas cuestiones reflejan esa sociedad del impulso<\/em>\u201d.<\/p>\n<p>El docente agreg\u00f3 que en el caso de los adolescentes combinan otros componentes, ya que estas cuestiones generan miedo, un efecto masivo con poco esfuerzo, hay una b\u00fasqueda de un impacto inmediato que logra paralizar las instituciones, es noticia en los medios, los pol\u00edticos hablan del tema, hay una especie de poder moment\u00e1neo que logra incluso generar status de ese estudiante dentro de la escuela o liceo. Logra paralizar la instituci\u00f3n y uno que lo conoce desde adentro, sabe que ah\u00ed tambi\u00e9n hay una baja percepci\u00f3n del riesgo, no dimensionan las consecuencias legales ni las facetas emocionales que esto tiene\u201d.<\/p>\n<p>&nbsp;<\/p>\n<p>Ver publicaci\u00f3n original <a href=\"https:\/\/radio36.com.uy\/2026\/04\/27\/pablo-romero-vivimos-en-una-sociedad-del-impulso-hay-una-reaccion-de-explosion-inmediata\/\" target=\"_blank\" rel=\"noopener\">radio36.com.uy<\/a><\/p>\n<p>&nbsp;<\/p>\n<p>&nbsp;<\/p>\n<p>&nbsp;<\/p>\n","protected":false},"excerpt":{"rendered":"<p>&nbsp; En Ma\u00f1anas de Radio recibimos a Pablo Romero, profesor de filosof\u00eda y especialista en pol\u00edtica y gesti\u00f3n de la educaci\u00f3n para analizar y reflexionar sobre diferentes hechos que han marcada las \u00faltimas semanas, como son la aparici\u00f3n de amenazas o avisos de hechos de violencia en diferentes centros educativos. &nbsp; &nbsp; Romero se\u00f1al\u00f3 que [&hellip;]<\/p>\n","protected":false},"author":9,"featured_media":127048,"comment_status":"closed","ping_status":"closed","sticky":false,"template":"","format":"standard","meta":{"om_disable_all_campaigns":false,"ngg_post_thumbnail":0,"jnews-multi-image_gallery":[],"jnews_single_post":{"format":"standard","override":[{"template":"4","parallax":"1","layout":"right-sidebar","sidebar":"default-sidebar","second_sidebar":"default-sidebar","sticky_sidebar":"1","share_position":"bottom","share_float_style":"share-monocrhome","show_share_counter":"1","show_view_counter":"1","show_featured":"1","show_post_meta":"1","show_post_author":"1","show_post_author_image":"1","show_post_date":"1","post_date_format":"default","post_date_format_custom":"Y\/m\/d","show_post_category":"1","post_reading_time_wpm":"300","post_calculate_word_method":"str_word_count","zoom_button_out_step":"2","zoom_button_in_step":"3","show_post_tag":"1","show_prev_next_post":"1","show_popup_post":"1","show_comment_section":"1","number_popup_post":"1","show_author_box":"1","show_post_related":"0","show_inline_post_related":"0"}],"image_override":[{"single_post_thumbnail_size":"no-crop","single_post_gallery_size":"crop-500"}],"trending_post_position":"meta","trending_post_label":"Trending","sponsored_post_label":"Sponsored by","disable_ad":"0","subtitle":"hay una reacci\u00f3n de explosi\u00f3n inmediata"},"jnews_primary_category":[],"jnews_social_meta":{"fb_title":"Vivimos en una sociedad del impulso, hay una reacci\u00f3n de explosi\u00f3n inmediata por Pablo Romero","twitter_title":"Vivimos en una sociedad del impulso, hay una reacci\u00f3n de explosi\u00f3n inmediata por Pablo Romero","twitter_description":"En Ma\u00f1anas de Radio recibimos a Pablo Romero, profesor de filosof\u00eda y especialista en pol\u00edtica y gesti\u00f3n de la educaci\u00f3n para analizar y reflexionar sobre diferentes hechos que han marcada las \u00faltimas semanas, como son la aparici\u00f3n de amenazas o avisos de hechos de violencia en diferentes centros educativos.","fb_description":"En Ma\u00f1anas de Radio recibimos a Pablo Romero, profesor de filosof\u00eda y especialista en pol\u00edtica y gesti\u00f3n de la educaci\u00f3n para analizar y reflexionar sobre diferentes hechos que han marcada las \u00faltimas semanas, como son la aparici\u00f3n de amenazas o avisos de hechos de violencia en diferentes centros educativos.","fb_image":"127048","twitter_image":"127048"},"jnews_override_counter":{"view_counter_number":"0","share_counter_number":"0","like_counter_number":"0","dislike_counter_number":"0"},"footnotes":""},"categories":[3384],"tags":[445,4003,968,8907,86,623],"class_list":["post-127047","post","type-post","status-publish","format-standard","has-post-thumbnail","hentry","category-educacion","tag-educacion","tag-escuela","tag-filosofia","tag-liceo","tag-pablo-romero","tag-politica"],"yoast_head":"<!-- This site is optimized with the Yoast SEO plugin v27.5 - https:\/\/yoast.com\/product\/yoast-seo-wordpress\/ -->\n<title>Vivimos en una sociedad del impulso - Cooltivarte Portal<\/title>\n<meta name=\"description\" content=\"COOLTIVARTE.COM es un portal digital colaborativo de actualizaci\u00f3n permanente dedicado a difundir el acontecer art\u00edstico y cultural, entrevista artistas, gestores y productores de las diferentes disciplinas del arte, y publicando art\u00edculos de reflexi\u00f3n de producci\u00f3n propia sobre los elementos culturales.\" \/>\n<meta name=\"robots\" content=\"index, follow, max-snippet:-1, max-image-preview:large, max-video-preview:-1\" \/>\n<link rel=\"canonical\" href=\"https:\/\/cooltivarte.com\/portal\/vivimos-en-una-sociedad-del-impulso\/\" \/>\n<meta property=\"og:locale\" content=\"es_ES\" \/>\n<meta property=\"og:type\" content=\"article\" \/>\n<meta property=\"og:title\" content=\"Vivimos en una sociedad del impulso, hay una reacci\u00f3n de explosi\u00f3n inmediata por Pablo Romero\" \/>\n<meta property=\"og:description\" content=\"Romero se\u00f1al\u00f3 que esta situaci\u00f3n genera mucha preocupaci\u00f3n como docentes y como padres y \u201crefleja que vivimos en una sociedad del impulso, que en los adolescentes es m\u00e1s marcado\u201d\" \/>\n<meta property=\"og:url\" content=\"https:\/\/cooltivarte.com\/portal\/vivimos-en-una-sociedad-del-impulso\/\" \/>\n<meta property=\"og:site_name\" content=\"Cooltivarte Portal\" \/>\n<meta property=\"article:publisher\" content=\"https:\/\/www.facebook.com\/cooltivartecom\/\" \/>\n<meta property=\"article:author\" content=\"http:\/\/www.facebook.com\/pablorom777\" \/>\n<meta property=\"article:published_time\" content=\"2026-04-28T21:59:04+00:00\" \/>\n<meta property=\"article:modified_time\" content=\"2026-04-28T22:00:48+00:00\" \/>\n<meta property=\"og:image\" content=\"https:\/\/cooltivarte.com\/portal\/wp-content\/uploads\/2026\/04\/Pablo-Romero-Vivimos-en-una-sociedad-del-impulso.jpg\" \/>\n\t<meta property=\"og:image:width\" content=\"1645\" \/>\n\t<meta property=\"og:image:height\" content=\"892\" \/>\n\t<meta property=\"og:image:type\" content=\"image\/jpeg\" \/>\n<meta name=\"author\" content=\"Pablo Romero\" \/>\n<meta name=\"twitter:card\" content=\"summary_large_image\" \/>\n<meta name=\"twitter:title\" content=\"Vivimos en una sociedad del impulso, hay una reacci\u00f3n de explosi\u00f3n inmediata por Pablo Romero\" \/>\n<meta name=\"twitter:description\" content=\"Romero se\u00f1al\u00f3 que esta situaci\u00f3n genera mucha preocupaci\u00f3n como docentes y como padres y \u201crefleja que vivimos en una sociedad del impulso, que en los adolescentes es m\u00e1s marcado\u201d\" \/>\n<meta name=\"twitter:image\" content=\"https:\/\/cooltivarte.com\/portal\/wp-content\/uploads\/2026\/04\/Pablo-Romero-Vivimos-en-una-sociedad-del-impulso.jpg\" \/>\n<meta name=\"twitter:creator\" content=\"@https:\/\/twitter.com\/Pabloromero74\" \/>\n<meta name=\"twitter:site\" content=\"@obolocultural\" \/>\n<meta name=\"twitter:label1\" content=\"Escrito por\" \/>\n\t<meta name=\"twitter:data1\" content=\"Pablo Romero\" \/>\n\t<meta name=\"twitter:label2\" content=\"Tiempo de lectura\" \/>\n\t<meta name=\"twitter:data2\" content=\"2 minutos\" \/>\n<!-- \/ Yoast SEO plugin. -->","yoast_head_json":{"title":"Vivimos en una sociedad del impulso - Cooltivarte Portal","description":"COOLTIVARTE.COM es un portal digital colaborativo de actualizaci\u00f3n permanente dedicado a difundir el acontecer art\u00edstico y cultural, entrevista artistas, gestores y productores de las diferentes disciplinas del arte, y publicando art\u00edculos de reflexi\u00f3n de producci\u00f3n propia sobre los elementos culturales.","robots":{"index":"index","follow":"follow","max-snippet":"max-snippet:-1","max-image-preview":"max-image-preview:large","max-video-preview":"max-video-preview:-1"},"canonical":"https:\/\/cooltivarte.com\/portal\/vivimos-en-una-sociedad-del-impulso\/","og_locale":"es_ES","og_type":"article","og_title":"Vivimos en una sociedad del impulso, hay una reacci\u00f3n de explosi\u00f3n inmediata por Pablo Romero","og_description":"Romero se\u00f1al\u00f3 que esta situaci\u00f3n genera mucha preocupaci\u00f3n como docentes y como padres y \u201crefleja que vivimos en una sociedad del impulso, que en los adolescentes es m\u00e1s marcado\u201d","og_url":"https:\/\/cooltivarte.com\/portal\/vivimos-en-una-sociedad-del-impulso\/","og_site_name":"Cooltivarte Portal","article_publisher":"https:\/\/www.facebook.com\/cooltivartecom\/","article_author":"http:\/\/www.facebook.com\/pablorom777","article_published_time":"2026-04-28T21:59:04+00:00","article_modified_time":"2026-04-28T22:00:48+00:00","og_image":[{"width":1645,"height":892,"url":"https:\/\/cooltivarte.com\/portal\/wp-content\/uploads\/2026\/04\/Pablo-Romero-Vivimos-en-una-sociedad-del-impulso.jpg","type":"image\/jpeg"}],"author":"Pablo Romero","twitter_card":"summary_large_image","twitter_title":"Vivimos en una sociedad del impulso, hay una reacci\u00f3n de explosi\u00f3n inmediata por Pablo Romero","twitter_description":"Romero se\u00f1al\u00f3 que esta situaci\u00f3n genera mucha preocupaci\u00f3n como docentes y como padres y \u201crefleja que vivimos en una sociedad del impulso, que en los adolescentes es m\u00e1s marcado\u201d","twitter_image":"https:\/\/cooltivarte.com\/portal\/wp-content\/uploads\/2026\/04\/Pablo-Romero-Vivimos-en-una-sociedad-del-impulso.jpg","twitter_creator":"@https:\/\/twitter.com\/Pabloromero74","twitter_site":"@obolocultural","twitter_misc":{"Escrito por":"Pablo Romero","Tiempo de lectura":"2 minutos"},"schema":{"@context":"https:\/\/schema.org","@graph":[{"@type":"NewsArticle","@id":"https:\/\/cooltivarte.com\/portal\/vivimos-en-una-sociedad-del-impulso\/#article","isPartOf":{"@id":"https:\/\/cooltivarte.com\/portal\/vivimos-en-una-sociedad-del-impulso\/"},"author":{"name":"Pablo Romero","@id":"https:\/\/cooltivarte.com\/portal\/#\/schema\/person\/4142f96deaf5a27e4da3000f2d909698"},"headline":"Vivimos en una sociedad del impulso","datePublished":"2026-04-28T21:59:04+00:00","dateModified":"2026-04-28T22:00:48+00:00","mainEntityOfPage":{"@id":"https:\/\/cooltivarte.com\/portal\/vivimos-en-una-sociedad-del-impulso\/"},"wordCount":257,"publisher":{"@id":"https:\/\/cooltivarte.com\/portal\/#organization"},"image":{"@id":"https:\/\/cooltivarte.com\/portal\/vivimos-en-una-sociedad-del-impulso\/#primaryimage"},"thumbnailUrl":"https:\/\/cooltivarte.com\/portal\/wp-content\/uploads\/2026\/04\/Pablo-Romero-Vivimos-en-una-sociedad-del-impulso.jpg","keywords":["Educaci\u00f3n","escuela","Filosof\u00eda","liceo","pablo romero","Pol\u00edtica"],"articleSection":["Educaci\u00f3n"],"inLanguage":"es-AR"},{"@type":"WebPage","@id":"https:\/\/cooltivarte.com\/portal\/vivimos-en-una-sociedad-del-impulso\/","url":"https:\/\/cooltivarte.com\/portal\/vivimos-en-una-sociedad-del-impulso\/","name":"Vivimos en una sociedad del impulso - Cooltivarte Portal","isPartOf":{"@id":"https:\/\/cooltivarte.com\/portal\/#website"},"primaryImageOfPage":{"@id":"https:\/\/cooltivarte.com\/portal\/vivimos-en-una-sociedad-del-impulso\/#primaryimage"},"image":{"@id":"https:\/\/cooltivarte.com\/portal\/vivimos-en-una-sociedad-del-impulso\/#primaryimage"},"thumbnailUrl":"https:\/\/cooltivarte.com\/portal\/wp-content\/uploads\/2026\/04\/Pablo-Romero-Vivimos-en-una-sociedad-del-impulso.jpg","datePublished":"2026-04-28T21:59:04+00:00","dateModified":"2026-04-28T22:00:48+00:00","description":"COOLTIVARTE.COM es un portal digital colaborativo de actualizaci\u00f3n permanente dedicado a difundir el acontecer art\u00edstico y cultural, entrevista artistas, gestores y productores de las diferentes disciplinas del arte, y publicando art\u00edculos de reflexi\u00f3n de producci\u00f3n propia sobre los elementos culturales.","breadcrumb":{"@id":"https:\/\/cooltivarte.com\/portal\/vivimos-en-una-sociedad-del-impulso\/#breadcrumb"},"inLanguage":"es-AR","potentialAction":[{"@type":"ReadAction","target":["https:\/\/cooltivarte.com\/portal\/vivimos-en-una-sociedad-del-impulso\/"]}]},{"@type":"ImageObject","inLanguage":"es-AR","@id":"https:\/\/cooltivarte.com\/portal\/vivimos-en-una-sociedad-del-impulso\/#primaryimage","url":"https:\/\/cooltivarte.com\/portal\/wp-content\/uploads\/2026\/04\/Pablo-Romero-Vivimos-en-una-sociedad-del-impulso.jpg","contentUrl":"https:\/\/cooltivarte.com\/portal\/wp-content\/uploads\/2026\/04\/Pablo-Romero-Vivimos-en-una-sociedad-del-impulso.jpg","width":1645,"height":892,"caption":"Pablo Romero \u201cVivimos en una sociedad del impulso"},{"@type":"BreadcrumbList","@id":"https:\/\/cooltivarte.com\/portal\/vivimos-en-una-sociedad-del-impulso\/#breadcrumb","itemListElement":[{"@type":"ListItem","position":1,"name":"Portada","item":"https:\/\/cooltivarte.com\/portal\/"},{"@type":"ListItem","position":2,"name":"Vivimos en una sociedad del impulso"}]},{"@type":"WebSite","@id":"https:\/\/cooltivarte.com\/portal\/#website","url":"https:\/\/cooltivarte.com\/portal\/","name":"Cooltivarte Portal","description":"Arte, cultura y turismo para el mundo ...","publisher":{"@id":"https:\/\/cooltivarte.com\/portal\/#organization"},"potentialAction":[{"@type":"SearchAction","target":{"@type":"EntryPoint","urlTemplate":"https:\/\/cooltivarte.com\/portal\/?s={search_term_string}"},"query-input":{"@type":"PropertyValueSpecification","valueRequired":true,"valueName":"search_term_string"}}],"inLanguage":"es-AR"},{"@type":"Organization","@id":"https:\/\/cooltivarte.com\/portal\/#organization","name":"cooltivarte","url":"https:\/\/cooltivarte.com\/portal\/","logo":{"@type":"ImageObject","inLanguage":"es-AR","@id":"https:\/\/cooltivarte.com\/portal\/#\/schema\/logo\/image\/","url":"https:\/\/cooltivarte.com\/portal\/wp-content\/uploads\/2020\/04\/logo-cooltivarte-v2.png","contentUrl":"https:\/\/cooltivarte.com\/portal\/wp-content\/uploads\/2020\/04\/logo-cooltivarte-v2.png","width":851,"height":243,"caption":"cooltivarte"},"image":{"@id":"https:\/\/cooltivarte.com\/portal\/#\/schema\/logo\/image\/"},"sameAs":["https:\/\/www.facebook.com\/cooltivartecom\/","https:\/\/x.com\/obolocultural","https:\/\/www.instagram.com\/_cooltivarte_\/","https:\/\/www.linkedin.com\/company\/-bolocultural?reportsuccess=8zaNG1HwhPbAR9iQhZ5rfGeqz_vQFftHun0ZWU0Wy9vNemRJ8vtcKdJvzQfW8XagyOJSKg0XvfJ1dp","https:\/\/www.pinterest.com\/cooltivarte\/","https:\/\/cooltivarte.tumblr.com\/","https:\/\/www.tiktok.com\/@cooltivarte","https:\/\/www.youtube.com\/@PrensaCooltivarte"]},{"@type":"Person","@id":"https:\/\/cooltivarte.com\/portal\/#\/schema\/person\/4142f96deaf5a27e4da3000f2d909698","name":"Pablo Romero","image":{"@type":"ImageObject","inLanguage":"es-AR","@id":"https:\/\/cooltivarte.com\/portal\/wp-content\/uploads\/2014\/05\/pablo-romero-120x120.jpg","url":"https:\/\/cooltivarte.com\/portal\/wp-content\/uploads\/2014\/05\/pablo-romero-120x120.jpg","contentUrl":"https:\/\/cooltivarte.com\/portal\/wp-content\/uploads\/2014\/05\/pablo-romero-120x120.jpg","caption":"Pablo Romero"},"description":"Profesor de Filosof\u00eda (egresado del IPA) y posgraduado como Especialista en Pol\u00edtica y Gesti\u00f3n de la Educaci\u00f3n, es docente de \u00c9tica en Universidad CLAEH y de Filosof\u00eda en educaci\u00f3n secundaria. Autor de \"Sobre el sentido de educar\" (Ediciones B-Penguin Random House, 2021) y coautor de obras sobre el campo de la filosof\u00eda de la educaci\u00f3n, es expositor a nivel nacional e internacional sobre temas educativos. Se ha desempe\u00f1ado como docente de Argumentaci\u00f3n en la Universidad Cat\u00f3lica y realizado ciclos de columnas de filosof\u00eda en radio El Espectador y en el canal televisivo TV Ciudad.","sameAs":["http:\/\/pabloromero7.blogspot.com\/","http:\/\/www.facebook.com\/pablorom777","https:\/\/www.instagram.com\/pabloromero1974\/","https:\/\/www.linkedin.com\/in\/pablo-romero-garca-7b82989b\/","https:\/\/www.pinterest.com\/cooltivarte\/","https:\/\/x.com\/https:\/\/twitter.com\/Pabloromero74","https:\/\/www.youtube.com\/@PrensaCooltivarte","https:\/\/cooltivarte.tumblr.com\/"],"url":"https:\/\/cooltivarte.com\/portal\/author\/romero\/"}]}},"_links":{"self":[{"href":"https:\/\/cooltivarte.com\/portal\/wp-json\/wp\/v2\/posts\/127047","targetHints":{"allow":["GET"]}}],"collection":[{"href":"https:\/\/cooltivarte.com\/portal\/wp-json\/wp\/v2\/posts"}],"about":[{"href":"https:\/\/cooltivarte.com\/portal\/wp-json\/wp\/v2\/types\/post"}],"author":[{"embeddable":true,"href":"https:\/\/cooltivarte.com\/portal\/wp-json\/wp\/v2\/users\/9"}],"replies":[{"embeddable":true,"href":"https:\/\/cooltivarte.com\/portal\/wp-json\/wp\/v2\/comments?post=127047"}],"version-history":[{"count":2,"href":"https:\/\/cooltivarte.com\/portal\/wp-json\/wp\/v2\/posts\/127047\/revisions"}],"predecessor-version":[{"id":127051,"href":"https:\/\/cooltivarte.com\/portal\/wp-json\/wp\/v2\/posts\/127047\/revisions\/127051"}],"wp:featuredmedia":[{"embeddable":true,"href":"https:\/\/cooltivarte.com\/portal\/wp-json\/wp\/v2\/media\/127048"}],"wp:attachment":[{"href":"https:\/\/cooltivarte.com\/portal\/wp-json\/wp\/v2\/media?parent=127047"}],"wp:term":[{"taxonomy":"category","embeddable":true,"href":"https:\/\/cooltivarte.com\/portal\/wp-json\/wp\/v2\/categories?post=127047"},{"taxonomy":"post_tag","embeddable":true,"href":"https:\/\/cooltivarte.com\/portal\/wp-json\/wp\/v2\/tags?post=127047"}],"curies":[{"name":"wp","href":"https:\/\/api.w.org\/{rel}","templated":true}]}}